{"id":2467,"date":"2026-09-03T11:14:40","date_gmt":"2026-09-03T09:14:40","guid":{"rendered":"https:\/\/hoyre.no\/nordland\/?p=2467"},"modified":"2026-09-03T11:34:57","modified_gmt":"2026-09-03T09:34:57","slug":"lokalforeningenes-provenominasjon-til-fylkestingslisten","status":"publish","type":"post","link":"https:\/\/hoyre.no\/nordland\/aktuelt\/lokalforeningenes-provenominasjon-til-fylkestingslisten\/","title":{"rendered":"Lokalforeningenes pr\u00f8venominasjon til fylkestingslisten"},"content":{"rendered":"\n<p class=\"preamble\">Her publiseres resultatene av lokalforeningenes pr\u00f8venominasjon til Nordland H\u00f8yres fylkestingsliste for perioden 2027-2031.<\/p>\t\t\t<div class=\"post-meta wp-block teft-byline-wrapper\">\n\t\t\t\t<div class=\"top\">\n\t\t\t\t\t<div class=\"signature\">\n\t\t\t\t\t\t<div class=\"teft-byline\">\n\t\t\t\t\t\t\t\t\t\t\t\t\t\t<div>\n\t\t\t\t\t\t\t\t<h3>H\u00f8yres redaksjon<\/h3>\t\t\t\t\t\t\t\t\n\t\t\t\t\t\t\t\t\t\t\t\t\t\t\t\t\t<span class=\"date\">Sist oppdatert: 3. september 2026<\/span>\n\t\t\t\t\t\t\t\t\t\t\t\t\t\t\t\t\t\t\t\t\t\t\t\t\t<span class=\"reading-time\" itemprop=\"timeRequired\" content=\"PT3M\"><em>Ca. 3 minutter lesetid<\/em><\/span>\n\t\t\t\t\t\t\t\t\t\t\t\t\t\t\t<\/div>\n\t\t\t\t\t\t<\/div>\n\t\t\t\t\t<\/div>\n\t\t\t\t\t\t<div class=\"sharing\">\n\t\t<a class=\"share-button share-link copy-link\" data-copy=\"https:\/\/hoyre.no\/nordland\/aktuelt\/lokalforeningenes-provenominasjon-til-fylkestingslisten\/\" target=\"_blank\"><span class=\"screen-reader-text\">Del link<\/span><\/a>\n\t\t<a class=\"share-button share-twitter\" href=\"http:\/\/twitter.com\/share?text=Lokalforeningenes pr\u00f8venominasjon til fylkestingslisten&#038;url=https:\/\/hoyre.no\/nordland\/aktuelt\/lokalforeningenes-provenominasjon-til-fylkestingslisten\/&#038;hashtags=Hoyre\" target=\"_blank\"><span class=\"screen-reader-text\">Del p\u00e5 twitter<\/span><\/a>\n\t\t<a class=\"share-button share-facebook\" href=\"https:\/\/www.facebook.com\/sharer\/sharer.php?u=https:\/\/hoyre.no\/nordland\/aktuelt\/lokalforeningenes-provenominasjon-til-fylkestingslisten\/\" target=\"_blank\"><span class=\"screen-reader-text\">Del p\u00e5 facebook<\/span><\/a>\n\t<\/div>\n\t\t\t\t\t<\/div>\n\t\t\t<\/div>\n\n\t\t\t\n\n\n\n<figure class=\"wp-block-image size-full\"><img loading=\"lazy\" decoding=\"async\" width=\"1000\" height=\"1000\" src=\"https:\/\/hoyre.no\/content\/uploads\/sites\/9\/2022\/11\/Hoyres-logo.png\" alt=\"\" class=\"wp-image-842\" srcset=\"https:\/\/hoyre.no\/content\/uploads\/sites\/9\/2022\/11\/Hoyres-logo.png 1000w, https:\/\/hoyre.no\/content\/uploads\/sites\/9\/2022\/11\/Hoyres-logo-300x300.png 300w, https:\/\/hoyre.no\/content\/uploads\/sites\/9\/2022\/11\/Hoyres-logo-150x150.png 150w, https:\/\/hoyre.no\/content\/uploads\/sites\/9\/2022\/11\/Hoyres-logo-768x768.png 768w\" sizes=\"auto, (max-width: 1000px) 100vw, 1000px\" \/><\/figure>\n\n\n\n\n<p class=\"wp-block-paragraph\">Nordland H\u00f8yres nominasjonskomit\u00e9 har invitert kommuneforeningene til \u00e5 gjennomf\u00f8re pr\u00f8venominasjon med utgangspunkt i den alfabetiske kandidatlisten som ble offentliggjort i august.<\/p>\n\n\n\n<p class=\"wp-block-paragraph\">Hver forening rangerer kandidatene i prioritert rekkef\u00f8lge. Resultatene er r\u00e5dgivende og inng\u00e5r, sammen med resultatet fra uravstemningen, som en del av grunnlaget for nominasjonskomiteens videre arbeid.<\/p>\n\n\n\n<p class=\"wp-block-paragraph\">Pr\u00f8venominasjonen og uravstemningen gjennomf\u00f8res frem til <strong>6. september 2026<\/strong>. Resultatene fra kommuneforeningene publiseres fortl\u00f8pende nedenfor.<\/p>\n\n\n\n<p class=\"wp-block-paragraph\">Nominasjonskomiteens innstilling skal v\u00e6re klar senest <strong>24. oktober 2026<\/strong>. Den endelige fylkestingslisten vedtas av nominasjonsm\u00f8tet <strong>7. november 2026<\/strong>.<\/p>\n\n\n\n<div class=\"wp-block-buttons is-layout-flex wp-block-buttons-is-layout-flex\">\n<div class=\"wp-block-button\"><a class=\"wp-block-button__link wp-element-button\" href=\"https:\/\/hoyre.no\/nordland\/2254-2\/\">les mer om fylkestingsnominasjonen her<\/a><\/div>\n<\/div>\n\n\n\n<p class=\"wp-block-paragraph\"><strong>Resultatene av kommuneforeningenes r\u00e5dgivende pr\u00f8venominasjon<\/strong><br>*<em>publiseres alfabetisk etter foreningsnavn.<\/em><\/p>\n\n\n\n<figure class=\"wp-block-table\"><table><tbody><tr><td class=\"has-text-align-center\" data-align=\"center\" colspan=\"3\"><strong>Bod\u00f8 H\u00f8yre<\/strong><\/td><\/tr><tr><td class=\"has-text-align-center\" data-align=\"center\"><strong>Nr.<\/strong><\/td><td><strong>Navn:<\/strong><\/td><td><strong>Kommune:<\/strong><\/td><\/tr><tr><td class=\"has-text-align-center\" data-align=\"center\">1<\/td><td>Marianne Dobak Kvensj\u00f8<\/td><td>Narvik<\/td><\/tr><tr><td class=\"has-text-align-center\" data-align=\"center\">2<\/td><td>Jim Simonsen Jenssen<\/td><td>Bod\u00f8<\/td><\/tr><tr><td class=\"has-text-align-center\" data-align=\"center\">3<\/td><td>Anita Sollie<\/td><td>Rana<\/td><\/tr><tr><td class=\"has-text-align-center\" data-align=\"center\">4<\/td><td>Jesper Ovesen<\/td><td>N\u00f8ytral (UH)<\/td><\/tr><tr><td class=\"has-text-align-center\" data-align=\"center\">5<\/td><td>Bodil Bj\u00f8rnaali Brattli<\/td><td>Bod\u00f8<\/td><\/tr><tr><td class=\"has-text-align-center\" data-align=\"center\">6<\/td><td>Joakim Sennesvik<\/td><td>Bod\u00f8<\/td><\/tr><tr><td class=\"has-text-align-center\" data-align=\"center\">7<\/td><td>Stig Tore Skogsholm<\/td><td>Alstahaug<\/td><\/tr><tr><td class=\"has-text-align-center\" data-align=\"center\">8<\/td><td>Joachim Hjart\u00f8y<\/td><td>Rana<\/td><\/tr><tr><td class=\"has-text-align-center\" data-align=\"center\">9<\/td><td>Eivind Holst<\/td><td>V\u00e5gan<\/td><\/tr><tr><td class=\"has-text-align-center\" data-align=\"center\">10<\/td><td>Sandra Lorenze Vestnes<\/td><td>Bod\u00f8<\/td><\/tr><tr><td class=\"has-text-align-center\" data-align=\"center\">11<\/td><td>Lars Filip Paulsen<\/td><td>Hamar\u00f8y<\/td><\/tr><tr><td class=\"has-text-align-center\" data-align=\"center\">12<\/td><td>Jonny Finstad<\/td><td>Vestv\u00e5g\u00f8y<\/td><\/tr><tr><td class=\"has-text-align-center\" data-align=\"center\">13<\/td><td>Hans Petter Horsgaard<\/td><td>Bod\u00f8<\/td><\/tr><tr><td class=\"has-text-align-center\" data-align=\"center\">14<\/td><td>Beate B\u00f8 Nilsen<\/td><td>Sortland<\/td><\/tr><tr><td class=\"has-text-align-center\" data-align=\"center\">15<\/td><td>Malin Lynghaug<\/td><td>Vefsn<\/td><\/tr><tr><td class=\"has-text-align-center\" data-align=\"center\">16<\/td><td>Eli-Janne Larsen<\/td><td>V\u00e5gan<\/td><\/tr><tr><td class=\"has-text-align-center\" data-align=\"center\">17<\/td><td>Sture Pedersen<\/td><td>B\u00f8 i Vester\u00e5len<\/td><\/tr><tr><td class=\"has-text-align-center\" data-align=\"center\">18<\/td><td>Vidar Benjaminsen<\/td><td>V\u00e5gan<\/td><\/tr><\/tbody><\/table><\/figure>\n\n\n\n<figure class=\"wp-block-table\"><table><tbody><tr><td class=\"has-text-align-center\" data-align=\"center\" colspan=\"3\"><strong>Hadsel H\u00f8yre<\/strong><\/td><\/tr><tr><td class=\"has-text-align-center\" data-align=\"center\"><strong>Nr.<\/strong><\/td><td><strong>Navn:<\/strong><\/td><td><strong>Kommune:<\/strong><\/td><\/tr><tr><td class=\"has-text-align-center\" data-align=\"center\">1<\/td><td>Sture Pedersen<\/td><td>B\u00f8 I vester\u00e5len<\/td><\/tr><tr><td class=\"has-text-align-center\" data-align=\"center\">2<\/td><td>Beate B\u00f8 Nilsen<\/td><td>Sortland<\/td><\/tr><tr><td class=\"has-text-align-center\" data-align=\"center\">3<\/td><td>Jesper Ovesen<\/td><td>N\u00f8ytral (UH)<\/td><\/tr><tr><td class=\"has-text-align-center\" data-align=\"center\">4<\/td><td>Eivind Holst<\/td><td>V\u00e5gan<\/td><\/tr><tr><td class=\"has-text-align-center\" data-align=\"center\">5<\/td><td>Sandra Lorenze Vestnes<\/td><td>Bod\u00f8<\/td><\/tr><tr><td class=\"has-text-align-center\" data-align=\"center\">6<\/td><td>Vidar Benjaminsen<\/td><td>V\u00e5gan<\/td><\/tr><tr><td class=\"has-text-align-center\" data-align=\"center\">7<\/td><td>Marianne Dobak Kvensj\u00f8<\/td><td>Narvik<\/td><\/tr><tr><td class=\"has-text-align-center\" data-align=\"center\">8<\/td><td>Jonny Finstad<\/td><td>Vestv\u00e5g\u00f8y<\/td><\/tr><tr><td class=\"has-text-align-center\" data-align=\"center\">9<\/td><td>Einar Benjaminsen<\/td><td>Flakstad<\/td><\/tr><tr><td class=\"has-text-align-center\" data-align=\"center\">10<\/td><td>Stig Tore Skogsholm<\/td><td>Alstahaug<\/td><\/tr><tr><td class=\"has-text-align-center\" data-align=\"center\">11<\/td><td>Trine Remman<\/td><td>Narvik<\/td><\/tr><tr><td class=\"has-text-align-center\" data-align=\"center\">12<\/td><td>Anita Sollie<\/td><td>Rana<\/td><\/tr><tr><td class=\"has-text-align-center\" data-align=\"center\">13<\/td><td>Joakim Sennesvik<\/td><td>Bod\u00f8<\/td><\/tr><tr><td class=\"has-text-align-center\" data-align=\"center\">14<\/td><td>Kristian Dahl-Johansen<\/td><td>Vestv\u00e5g\u00f8y<\/td><\/tr><tr><td class=\"has-text-align-center\" data-align=\"center\">15<\/td><td>Lars Filip Paulsen<\/td><td>Hamar\u00f8y<\/td><\/tr><\/tbody><\/table><\/figure>\n\n\n\n<figure class=\"wp-block-table\"><table><tbody><tr><td class=\"has-text-align-center\" data-align=\"center\" colspan=\"3\"><strong>Mel\u00f8y H\u00f8yre<\/strong><\/td><\/tr><tr><td class=\"has-text-align-center\" data-align=\"center\"><strong>Nr.<\/strong><\/td><td><strong>Navn:<\/strong><\/td><td><strong>Kommune:<\/strong><\/td><\/tr><tr><td class=\"has-text-align-center\" data-align=\"center\">1<\/td><td>Marianne Dobak Kvensj\u00f8<\/td><td>Narvik<\/td><\/tr><tr><td class=\"has-text-align-center\" data-align=\"center\">2<\/td><td>Joakim Sennesvik<\/td><td>Bod\u00f8<\/td><\/tr><tr><td class=\"has-text-align-center\" data-align=\"center\">3<\/td><td>Beate B\u00f8 Nilsen<\/td><td>Sortland<\/td><\/tr><tr><td class=\"has-text-align-center\" data-align=\"center\">4<\/td><td>Stig Tore Skogsholm<\/td><td>Alstahaug<\/td><\/tr><tr><td class=\"has-text-align-center\" data-align=\"center\">5<\/td><td>Anita Sollie<\/td><td>Rana<\/td><\/tr><tr><td class=\"has-text-align-center\" data-align=\"center\">6<\/td><td>Eivind Holst<\/td><td>V\u00e5gan<\/td><\/tr><tr><td class=\"has-text-align-center\" data-align=\"center\">7<\/td><td>Sandra Lorenze Vestnes<\/td><td>Bod\u00f8<\/td><\/tr><tr><td class=\"has-text-align-center\" data-align=\"center\">8<\/td><td>Jim Simonsen Jenssen<\/td><td>Bod\u00f8<\/td><\/tr><tr><td class=\"has-text-align-center\" data-align=\"center\">9<\/td><td>Mari Pr\u00e6steng<\/td><td>Rana<\/td><\/tr><tr><td class=\"has-text-align-center\" data-align=\"center\">10<\/td><td>Odd Langvatn<\/td><td>Vefsen<\/td><\/tr><tr><td class=\"has-text-align-center\" data-align=\"center\">11<\/td><td>Isabella Emilie Storli<\/td><td>Bod\u00f8<\/td><\/tr><tr><td class=\"has-text-align-center\" data-align=\"center\">12<\/td><td>Sture Pedersen<\/td><td>B\u00f8 i Vester\u00e5len <\/td><\/tr><tr><td class=\"has-text-align-center\" data-align=\"center\">13<\/td><td>Eli-Janne Larsen<\/td><td>V\u00e5gan<\/td><\/tr><tr><td class=\"has-text-align-center\" data-align=\"center\">14<\/td><td>Lars Filip Paulsen<\/td><td>Hamar\u00f8y<\/td><\/tr><tr><td class=\"has-text-align-center\" data-align=\"center\">15<\/td><td>Vidar Benjaminsen<\/td><td>V\u00e5gan<\/td><\/tr><tr><td class=\"has-text-align-center\" data-align=\"center\">16<\/td><td>Ella \u00c5land<\/td><td>Vestv\u00e5g\u00f8y<\/td><\/tr><tr><td class=\"has-text-align-center\" data-align=\"center\">17<\/td><td>Jarle Vang<\/td><td>Alstahaug<\/td><\/tr><tr><td class=\"has-text-align-center\" data-align=\"center\">18<\/td><td>Malin Lynghaug<\/td><td>Vefsn<\/td><\/tr><tr><td class=\"has-text-align-center\" data-align=\"center\">19<\/td><td>Jesper Ovesen<\/td><td>N\u00f8ytral (UH)<\/td><\/tr><tr><td class=\"has-text-align-center\" data-align=\"center\">20<\/td><td>Trine Remman<\/td><td>Narvik<\/td><\/tr><\/tbody><\/table><\/figure>\n\n\n\n<figure class=\"wp-block-table\"><table><tbody><tr><td class=\"has-text-align-center\" data-align=\"center\" colspan=\"3\"><strong>Rana H\u00f8yre<\/strong><\/td><\/tr><tr><td class=\"has-text-align-center\" data-align=\"center\"><strong>Nr.<\/strong><\/td><td><strong>Navn:<\/strong><\/td><td><strong>Kommune:<\/strong><\/td><\/tr><tr><td class=\"has-text-align-center\" data-align=\"center\">1<\/td><td>Marianne Dobak Kvensj\u00f8<\/td><td>Narvik<\/td><\/tr><tr><td class=\"has-text-align-center\" data-align=\"center\">2<\/td><td>Jim Simonsen Jenssen<\/td><td>Bod\u00f8<\/td><\/tr><tr><td class=\"has-text-align-center\" data-align=\"center\">3<\/td><td>Anita Lill Sollie<\/td><td>Rana<\/td><\/tr><tr><td class=\"has-text-align-center\" data-align=\"center\">4<\/td><td>Joachim Hjart\u00f8y<\/td><td>Rana<\/td><\/tr><tr><td class=\"has-text-align-center\" data-align=\"center\">5<\/td><td>Jesper Ovesen<\/td><td>N\u00f8ytral (UH)<\/td><\/tr><tr><td class=\"has-text-align-center\" data-align=\"center\">6<\/td><td>Mari Pr\u00e6steng<\/td><td>Rana<\/td><\/tr><tr><td class=\"has-text-align-center\" data-align=\"center\">7<\/td><td>Trine Remman<\/td><td>Narvik<\/td><\/tr><tr><td class=\"has-text-align-center\" data-align=\"center\">8<\/td><td>Joakim Sennesvik<\/td><td>Bod\u00f8<\/td><\/tr><tr><td class=\"has-text-align-center\" data-align=\"center\">9<\/td><td>Bodil Bj\u00f8rnaali Brattli<\/td><td>Bod\u00f8<\/td><\/tr><tr><td class=\"has-text-align-center\" data-align=\"center\">10<\/td><td>Jonny Finstad<\/td><td>Vestv\u00e5g\u00f8y<\/td><\/tr><tr><td class=\"has-text-align-center\" data-align=\"center\">11<\/td><td>Beate B\u00f8 Nilsen<\/td><td>Sortland<\/td><\/tr><tr><td class=\"has-text-align-center\" data-align=\"center\">12<\/td><td>Stig Tore Skogsholm<\/td><td>Alstahaug<\/td><\/tr><tr><td class=\"has-text-align-center\" data-align=\"center\">13<\/td><td>Espen Viklem Eidum<\/td><td>Narvik<\/td><\/tr><tr><td class=\"has-text-align-center\" data-align=\"center\">14<\/td><td>Eivind Holst<\/td><td>V\u00e5gan<\/td><\/tr><tr><td class=\"has-text-align-center\" data-align=\"center\">15<\/td><td>Vidar Benjaminsen<\/td><td>V\u00e5gan<\/td><\/tr><tr><td class=\"has-text-align-center\" data-align=\"center\">16<\/td><td>Sandra Lorenze Vestnes<\/td><td>Bod\u00f8<\/td><\/tr><\/tbody><\/table><\/figure>\n\n\n\n<p class=\"wp-block-paragraph\"><sup><em>Nordland H\u00f8yres nominasjonsm\u00f8te g\u00e5r av stabelen l\u00f8rdag 7.november i Bod\u00f8 p\u00e5 Scandic Hotel Havet.<\/em><\/sup><\/p>\n\n\n<div class=\"tags\">\n\t\t<div class=\"wp-block-tag-cloud\">\n\t\t\t\t\t<a href=\"https:\/\/hoyre.no\/nordland\/aktuelt\/tag\/provenominasjon\/\" class=\"tag-cloud-link\">Pr\u00f8venominasjon<\/a>\n\t\t\t<\/div>\n\t<\/div>\n<div class=\"post-footer alignfull has-background block-editor-block-list__block\" data-align=full>\n\t<div class=\"post-footer-inner\">\n\t\t<h3>Relaterte artikler<\/h3>\n\t\t<div class=\"related-content\"><div class=\"is-card-hoyre\">\n\t<div class=\"teft-card hoyre-teft-card post-teft-card\">\n\t\t<a href=\"https:\/\/hoyre.no\/nordland\/aktuelt\/slik-far-du-stemmerett-ved-fylkestings-nominasjonen\/\" class=\"teft-card__primary-action\">\n\n\t\t\t\t\t<div class=\"teft-card__media teft-card__media--16-9\">\n\t\t\t\t\t\t<img loading=\"lazy\" decoding=\"async\" width=\"768\" height=\"432\" src=\"https:\/\/hoyre.no\/content\/uploads\/sites\/9\/2024\/09\/urnomn-768x432.jpg\" class=\"attachment-medium_large size-medium_large\" alt=\"\" srcset=\"https:\/\/hoyre.no\/content\/uploads\/sites\/9\/2024\/09\/urnomn-768x432.jpg 768w, https:\/\/hoyre.no\/content\/uploads\/sites\/9\/2024\/09\/urnomn-300x169.jpg 300w, https:\/\/hoyre.no\/content\/uploads\/sites\/9\/2024\/09\/urnomn-1024x577.jpg 1024w, https:\/\/hoyre.no\/content\/uploads\/sites\/9\/2024\/09\/urnomn-1536x865.jpg 1536w, https:\/\/hoyre.no\/content\/uploads\/sites\/9\/2024\/09\/urnomn.jpg 2048w\" sizes=\"auto, (max-width: 768px) 100vw, 768px\" \/>\t\t<\/div>\n\t\t\n\t\t\t<div class=\"teft-card__content-wrapper\">\n\t\t\t\t<div class=\"teft-card__secondary\">\n\t\t\t\t\t\n\t\t\t\t\t\t\t\t<div class=\"teft-card__meta\">\n\t\t\t\t\t\t\t\t\t<span class=\"post-date\">31. aug 2026<\/span>\n\n\t\t\t\t\t\t\t\t\t<span class=\"post-category\">Nominasjonsprosess 2027\/2031<\/span>\t\t\t\t\t\t\t\t<\/div>\n\t\t\t\t\t\t\t\t\t\t\t<\/div>\n\n\t\t\t\t<div class=\"teft-card__primary\">\n\t\t\t\t\t<h2 class=\"teft-card__title\">Slik f\u00e5r du stemmerett ved fylkestings-nominasjonen&nbsp;<span class=\"teft-card__primary-title-append\"><\/span><\/h2>\t\t\t\t<\/div>\n\t\t\t<\/div>\n\t\t<\/a>\n\t<\/div>\n\n\t<\/div><div class=\"is-card-hoyre\">\n\t<div class=\"teft-card hoyre-teft-card post-teft-card\">\n\t\t<a href=\"https:\/\/hoyre.no\/nordland\/aktuelt\/nordland-hoyres-alfabetiske-liste-over-valgvillige-kandidater-til-fylkestingsvalget-2027\/\" class=\"teft-card__primary-action\">\n\n\t\t\t\t\t<div class=\"teft-card__media teft-card__media--16-9\">\n\t\t\t\t\t\t<img loading=\"lazy\" decoding=\"async\" width=\"768\" height=\"402\" src=\"https:\/\/hoyre.no\/content\/uploads\/sites\/9\/2026\/08\/Add-a-heading-768x402.jpg\" class=\"attachment-medium_large size-medium_large\" alt=\"\" srcset=\"https:\/\/hoyre.no\/content\/uploads\/sites\/9\/2026\/08\/Add-a-heading-768x402.jpg 768w, https:\/\/hoyre.no\/content\/uploads\/sites\/9\/2026\/08\/Add-a-heading-300x157.jpg 300w, https:\/\/hoyre.no\/content\/uploads\/sites\/9\/2026\/08\/Add-a-heading-1024x536.jpg 1024w, https:\/\/hoyre.no\/content\/uploads\/sites\/9\/2026\/08\/Add-a-heading-1536x804.jpg 1536w, https:\/\/hoyre.no\/content\/uploads\/sites\/9\/2026\/08\/Add-a-heading-2048x1072.jpg 2048w\" sizes=\"auto, (max-width: 768px) 100vw, 768px\" \/>\t\t<\/div>\n\t\t\n\t\t\t<div class=\"teft-card__content-wrapper\">\n\t\t\t\t<div class=\"teft-card__secondary\">\n\t\t\t\t\t\n\t\t\t\t\t\t\t\t<div class=\"teft-card__meta\">\n\t\t\t\t\t\t\t\t\t<span class=\"post-date\">31. aug 2026<\/span>\n\n\t\t\t\t\t\t\t\t\t<span class=\"post-category\">Nominasjonsprosess 2027\/2031<\/span>\t\t\t\t\t\t\t\t<\/div>\n\t\t\t\t\t\t\t\t\t\t\t<\/div>\n\n\t\t\t\t<div class=\"teft-card__primary\">\n\t\t\t\t\t<h2 class=\"teft-card__title\">Nordland H\u00f8yres alfabetiske liste over valgvillige kandidater til Fylkestingsvalget 2027&nbsp;<span class=\"teft-card__primary-title-append\"><\/span><\/h2>\t\t\t\t<\/div>\n\t\t\t<\/div>\n\t\t<\/a>\n\t<\/div>\n\n\t<\/div><div class=\"is-card-hoyre\">\n\t<div class=\"teft-card hoyre-teft-card post-teft-card\">\n\t\t<a href=\"https:\/\/hoyre.no\/nordland\/aktuelt\/nominasjon-disse-onsker-gjenvalg-til-fylkestingslisten\/\" class=\"teft-card__primary-action\">\n\n\t\t\t\t\t<div class=\"teft-card__media teft-card__media--16-9\">\n\t\t\t\t\t\t<img loading=\"lazy\" decoding=\"async\" width=\"768\" height=\"512\" src=\"https:\/\/hoyre.no\/content\/uploads\/sites\/9\/2024\/03\/Hoyre-i-Nordland-fylkesting-2-1-768x512.jpg\" class=\"attachment-medium_large size-medium_large\" alt=\"\" srcset=\"https:\/\/hoyre.no\/content\/uploads\/sites\/9\/2024\/03\/Hoyre-i-Nordland-fylkesting-2-1-768x512.jpg 768w, https:\/\/hoyre.no\/content\/uploads\/sites\/9\/2024\/03\/Hoyre-i-Nordland-fylkesting-2-1-300x200.jpg 300w, https:\/\/hoyre.no\/content\/uploads\/sites\/9\/2024\/03\/Hoyre-i-Nordland-fylkesting-2-1-1024x683.jpg 1024w, https:\/\/hoyre.no\/content\/uploads\/sites\/9\/2024\/03\/Hoyre-i-Nordland-fylkesting-2-1-1536x1024.jpg 1536w, https:\/\/hoyre.no\/content\/uploads\/sites\/9\/2024\/03\/Hoyre-i-Nordland-fylkesting-2-1-2048x1365.jpg 2048w\" sizes=\"auto, (max-width: 768px) 100vw, 768px\" \/>\t\t<\/div>\n\t\t\n\t\t\t<div class=\"teft-card__content-wrapper\">\n\t\t\t\t<div class=\"teft-card__secondary\">\n\t\t\t\t\t\n\t\t\t\t\t\t\t\t<div class=\"teft-card__meta\">\n\t\t\t\t\t\t\t\t\t<span class=\"post-date\">15. mai 2026<\/span>\n\n\t\t\t\t\t\t\t\t\t<span class=\"post-category\">Nominasjonsprosess 2027\/2031<\/span>\t\t\t\t\t\t\t\t<\/div>\n\t\t\t\t\t\t\t\t\t\t\t<\/div>\n\n\t\t\t\t<div class=\"teft-card__primary\">\n\t\t\t\t\t<h2 class=\"teft-card__title\">Nominasjon &#8211; Disse \u00f8nsker gjenvalg til fylkestingslisten&nbsp;<span class=\"teft-card__primary-title-append\"><\/span><\/h2>\t\t\t\t<\/div>\n\t\t\t<\/div>\n\t\t<\/a>\n\t<\/div>\n\n\t<\/div><\/div>\t<\/div>\n<\/div>\n\n\n\n<p class=\"wp-block-paragraph\"><\/p>\n\n\n\n<p class=\"wp-block-paragraph\"><\/p>\n\n\n\n<p class=\"wp-block-paragraph\"><\/p>\n\n\n\n\t\t\t<div class=\"post-meta wp-block teft-byline-wrapper\">\n\t\t\t\t<div class=\"top\">\n\t\t\t\t\t<div class=\"signature\">\n\t\t\t\t\t\t<div class=\"teft-byline\">\n\t\t\t\t\t\t\t\t\t\t\t\t\t\t<div>\n\t\t\t\t\t\t\t\t<h3>H\u00f8yres redaksjon<\/h3>\t\t\t\t\t\t\t\t\n\t\t\t\t\t\t\t\t\t\t\t\t\t\t\t\t\t<span class=\"date\">Sist oppdatert: 20. mai 2026<\/span>\n\t\t\t\t\t\t\t\t\t\t\t\t\t\t\t\t\t\t\t\t\t\t\t\t\t<span class=\"reading-time\" itemprop=\"timeRequired\" content=\"PT3M\"><em>Ca. 3 minutter lesetid<\/em><\/span>\n\t\t\t\t\t\t\t\t\t\t\t\t\t\t\t<\/div>\n\t\t\t\t\t\t<\/div>\n\t\t\t\t\t<\/div>\n\t\t\t\t\t\t<div class=\"sharing\">\n\t\t<a class=\"share-button share-link copy-link\" data-copy=\"https:\/\/hoyre.no\/nordland\/aktuelt\/nominasjon-disse-onsker-gjenvalg-til-fylkestingslisten\/\" target=\"_blank\"><span class=\"screen-reader-text\">Del link<\/span><\/a>\n\t\t<a class=\"share-button share-twitter\" href=\"http:\/\/twitter.com\/share?text=Nominasjon &#8211; Disse \u00f8nsker gjenvalg til fylkestingslisten&#038;url=https:\/\/hoyre.no\/nordland\/aktuelt\/nominasjon-disse-onsker-gjenvalg-til-fylkestingslisten\/&#038;hashtags=Hoyre\" target=\"_blank\"><span class=\"screen-reader-text\">Del p\u00e5 twitter<\/span><\/a>\n\t\t<a class=\"share-button share-facebook\" href=\"https:\/\/www.facebook.com\/sharer\/sharer.php?u=https:\/\/hoyre.no\/nordland\/aktuelt\/nominasjon-disse-onsker-gjenvalg-til-fylkestingslisten\/\" target=\"_blank\"><span class=\"screen-reader-text\">Del p\u00e5 facebook<\/span><\/a>\n\t<\/div>\n\t\t\t\t\t<\/div>\n\t\t\t<\/div>\n\n\t\t\t\n\n\n\n\n<p class=\"wp-block-paragraph\"><\/p>\n\n\n<div class=\"tags\">\n\t<\/div>\n<div class=\"post-footer alignfull has-background block-editor-block-list__block\" data-align=full>\n\t<div class=\"post-footer-inner\">\n\t\t<h3>Relaterte artikler<\/h3>\n\t\t<div class=\"related-content\"><div class=\"is-card-hoyre\">\n\t<div class=\"teft-card hoyre-teft-card post-teft-card\">\n\t\t<a href=\"https:\/\/hoyre.no\/nordland\/aktuelt\/lokalforeningenes-provenominasjon-til-fylkestingslisten\/\" class=\"teft-card__primary-action\">\n\n\t\t\t<div class=\"teft-card__media teft-card__media--16-9 no-image\"><\/div>\n\t\t\t<div class=\"teft-card__content-wrapper\">\n\t\t\t\t<div class=\"teft-card__secondary\">\n\t\t\t\t\t\n\t\t\t\t\t\t\t\t<div class=\"teft-card__meta\">\n\t\t\t\t\t\t\t\t\t<span class=\"post-date\">3. sep 2026<\/span>\n\n\t\t\t\t\t\t\t\t\t<span class=\"post-category\">Nominasjonsprosess 2027\/2031<\/span>\t\t\t\t\t\t\t\t<\/div>\n\t\t\t\t\t\t\t\t\t\t\t<\/div>\n\n\t\t\t\t<div class=\"teft-card__primary\">\n\t\t\t\t\t<h2 class=\"teft-card__title\">Lokalforeningenes pr\u00f8venominasjon til fylkestingslisten&nbsp;<span class=\"teft-card__primary-title-append\"><\/span><\/h2>\t\t\t\t<\/div>\n\t\t\t<\/div>\n\t\t<\/a>\n\t<\/div>\n\n\t<\/div><div class=\"is-card-hoyre\">\n\t<div class=\"teft-card hoyre-teft-card post-teft-card\">\n\t\t<a href=\"https:\/\/hoyre.no\/nordland\/aktuelt\/slik-far-du-stemmerett-ved-fylkestings-nominasjonen\/\" class=\"teft-card__primary-action\">\n\n\t\t\t\t\t<div class=\"teft-card__media teft-card__media--16-9\">\n\t\t\t\t\t\t<img loading=\"lazy\" decoding=\"async\" width=\"768\" height=\"432\" src=\"https:\/\/hoyre.no\/content\/uploads\/sites\/9\/2024\/09\/urnomn-768x432.jpg\" class=\"attachment-medium_large size-medium_large\" alt=\"\" srcset=\"https:\/\/hoyre.no\/content\/uploads\/sites\/9\/2024\/09\/urnomn-768x432.jpg 768w, https:\/\/hoyre.no\/content\/uploads\/sites\/9\/2024\/09\/urnomn-300x169.jpg 300w, https:\/\/hoyre.no\/content\/uploads\/sites\/9\/2024\/09\/urnomn-1024x577.jpg 1024w, https:\/\/hoyre.no\/content\/uploads\/sites\/9\/2024\/09\/urnomn-1536x865.jpg 1536w, https:\/\/hoyre.no\/content\/uploads\/sites\/9\/2024\/09\/urnomn.jpg 2048w\" sizes=\"auto, (max-width: 768px) 100vw, 768px\" \/>\t\t<\/div>\n\t\t\n\t\t\t<div class=\"teft-card__content-wrapper\">\n\t\t\t\t<div class=\"teft-card__secondary\">\n\t\t\t\t\t\n\t\t\t\t\t\t\t\t<div class=\"teft-card__meta\">\n\t\t\t\t\t\t\t\t\t<span class=\"post-date\">31. aug 2026<\/span>\n\n\t\t\t\t\t\t\t\t\t<span class=\"post-category\">Nominasjonsprosess 2027\/2031<\/span>\t\t\t\t\t\t\t\t<\/div>\n\t\t\t\t\t\t\t\t\t\t\t<\/div>\n\n\t\t\t\t<div class=\"teft-card__primary\">\n\t\t\t\t\t<h2 class=\"teft-card__title\">Slik f\u00e5r du stemmerett ved fylkestings-nominasjonen&nbsp;<span class=\"teft-card__primary-title-append\"><\/span><\/h2>\t\t\t\t<\/div>\n\t\t\t<\/div>\n\t\t<\/a>\n\t<\/div>\n\n\t<\/div><div class=\"is-card-hoyre\">\n\t<div class=\"teft-card hoyre-teft-card post-teft-card\">\n\t\t<a href=\"https:\/\/hoyre.no\/nordland\/aktuelt\/nordland-hoyres-alfabetiske-liste-over-valgvillige-kandidater-til-fylkestingsvalget-2027\/\" class=\"teft-card__primary-action\">\n\n\t\t\t\t\t<div class=\"teft-card__media teft-card__media--16-9\">\n\t\t\t\t\t\t<img loading=\"lazy\" decoding=\"async\" width=\"768\" height=\"402\" src=\"https:\/\/hoyre.no\/content\/uploads\/sites\/9\/2026\/08\/Add-a-heading-768x402.jpg\" class=\"attachment-medium_large size-medium_large\" alt=\"\" srcset=\"https:\/\/hoyre.no\/content\/uploads\/sites\/9\/2026\/08\/Add-a-heading-768x402.jpg 768w, https:\/\/hoyre.no\/content\/uploads\/sites\/9\/2026\/08\/Add-a-heading-300x157.jpg 300w, https:\/\/hoyre.no\/content\/uploads\/sites\/9\/2026\/08\/Add-a-heading-1024x536.jpg 1024w, https:\/\/hoyre.no\/content\/uploads\/sites\/9\/2026\/08\/Add-a-heading-1536x804.jpg 1536w, https:\/\/hoyre.no\/content\/uploads\/sites\/9\/2026\/08\/Add-a-heading-2048x1072.jpg 2048w\" sizes=\"auto, (max-width: 768px) 100vw, 768px\" \/>\t\t<\/div>\n\t\t\n\t\t\t<div class=\"teft-card__content-wrapper\">\n\t\t\t\t<div class=\"teft-card__secondary\">\n\t\t\t\t\t\n\t\t\t\t\t\t\t\t<div class=\"teft-card__meta\">\n\t\t\t\t\t\t\t\t\t<span class=\"post-date\">31. aug 2026<\/span>\n\n\t\t\t\t\t\t\t\t\t<span class=\"post-category\">Nominasjonsprosess 2027\/2031<\/span>\t\t\t\t\t\t\t\t<\/div>\n\t\t\t\t\t\t\t\t\t\t\t<\/div>\n\n\t\t\t\t<div class=\"teft-card__primary\">\n\t\t\t\t\t<h2 class=\"teft-card__title\">Nordland H\u00f8yres alfabetiske liste over valgvillige kandidater til Fylkestingsvalget 2027&nbsp;<span class=\"teft-card__primary-title-append\"><\/span><\/h2>\t\t\t\t<\/div>\n\t\t\t<\/div>\n\t\t<\/a>\n\t<\/div>\n\n\t<\/div><\/div>\t<\/div>\n<\/div>\n","protected":false},"excerpt":{"rendered":"","protected":false},"author":486,"featured_media":0,"comment_status":"closed","ping_status":"closed","sticky":false,"template":"","format":"standard","meta":{"teft_cards_image_url":"","teft_cards_custom_pretitle":"","teft_cards_image_id":0,"teft_cards_image_focal_point_x":0,"teft_cards_image_focal_point_y":0,"teft_cards_title":"","teft_cards_excerpt":"","teft_show_chapters":false,"author_display_name":"","footnotes":""},"category":[31],"post_tag":[32],"hoyre-visibility":[],"article-type":[],"politician":[],"class_list":["post-2467","post","type-post","status-publish","format-standard","hentry","category-nominasjonsprosess-2027-2031","tag-provenominasjon"],"yoast_head":"<!-- This site is optimized with the Yoast SEO plugin v28.2 - https:\/\/yoast.com\/product\/yoast-seo-wordpress\/ -->\n<title>Lokalforeningenes pr\u00f8venominasjon til fylkestingslisten - Nordland H\u00f8yre<\/title>\n<meta name=\"robots\" content=\"index, follow, max-snippet:-1, max-image-preview:large, max-video-preview:-1\" \/>\n<link rel=\"canonical\" href=\"https:\/\/hoyre.no\/nordland\/aktuelt\/lokalforeningenes-provenominasjon-til-fylkestingslisten\/\" \/>\n<meta property=\"og:locale\" content=\"nb_NO\" \/>\n<meta property=\"og:type\" content=\"article\" \/>\n<meta property=\"og:title\" content=\"Lokalforeningenes pr\u00f8venominasjon til fylkestingslisten - Nordland H\u00f8yre\" \/>\n<meta property=\"og:url\" content=\"https:\/\/hoyre.no\/nordland\/aktuelt\/lokalforeningenes-provenominasjon-til-fylkestingslisten\/\" \/>\n<meta property=\"og:site_name\" content=\"Nordland H\u00f8yre\" \/>\n<meta property=\"article:published_time\" content=\"2026-09-03T09:14:40+00:00\" \/>\n<meta property=\"article:modified_time\" content=\"2026-09-03T09:34:57+00:00\" \/>\n<meta property=\"og:image\" content=\"https:\/\/hoyre.no\/content\/uploads\/sites\/9\/2026\/08\/Add-a-heading-1024x536.jpg\" \/>\n<meta name=\"author\" content=\"Trine Bjarmann-Simonsen\" \/>\n<meta name=\"twitter:card\" content=\"summary_large_image\" \/>\n<meta name=\"twitter:label1\" content=\"Skrevet av\" \/>\n\t<meta name=\"twitter:data1\" content=\"Trine Bjarmann-Simonsen\" \/>\n\t<meta name=\"twitter:label2\" content=\"Ansl. lesetid\" \/>\n\t<meta name=\"twitter:data2\" content=\"3 minutter\" \/>\n<script type=\"application\/ld+json\" class=\"yoast-schema-graph\">{\"@context\":\"https:\\\/\\\/schema.org\",\"@graph\":[{\"@type\":\"Article\",\"@id\":\"https:\\\/\\\/hoyre.no\\\/nordland\\\/aktuelt\\\/lokalforeningenes-provenominasjon-til-fylkestingslisten\\\/#article\",\"isPartOf\":{\"@id\":\"https:\\\/\\\/hoyre.no\\\/nordland\\\/aktuelt\\\/lokalforeningenes-provenominasjon-til-fylkestingslisten\\\/\"},\"author\":{\"name\":\"Trine Bjarmann-Simonsen\",\"@id\":\"https:\\\/\\\/hoyre.no\\\/nordland\\\/#\\\/schema\\\/person\\\/92ade4534463b949ac4576d990e2e90d\"},\"headline\":\"Lokalforeningenes pr\u00f8venominasjon til fylkestingslisten\",\"datePublished\":\"2026-09-03T09:14:40+00:00\",\"dateModified\":\"2026-09-03T09:34:57+00:00\",\"mainEntityOfPage\":{\"@id\":\"https:\\\/\\\/hoyre.no\\\/nordland\\\/aktuelt\\\/lokalforeningenes-provenominasjon-til-fylkestingslisten\\\/\"},\"wordCount\":444,\"image\":{\"@id\":\"https:\\\/\\\/hoyre.no\\\/nordland\\\/aktuelt\\\/lokalforeningenes-provenominasjon-til-fylkestingslisten\\\/#primaryimage\"},\"thumbnailUrl\":\"https:\\\/\\\/hoyre.no\\\/content\\\/uploads\\\/sites\\\/9\\\/2022\\\/11\\\/Hoyres-logo.png\",\"keywords\":[\"Pr\u00f8venominasjon\"],\"articleSection\":[\"Nominasjonsprosess 2027\\\/2031\"],\"inLanguage\":\"nb-NO\"},{\"@type\":\"NewsArticle\",\"@id\":\"https:\\\/\\\/hoyre.no\\\/nordland\\\/aktuelt\\\/lokalforeningenes-provenominasjon-til-fylkestingslisten\\\/\",\"url\":\"https:\\\/\\\/hoyre.no\\\/nordland\\\/aktuelt\\\/lokalforeningenes-provenominasjon-til-fylkestingslisten\\\/\",\"name\":\"Lokalforeningenes pr\u00f8venominasjon til fylkestingslisten - Nordland H\u00f8yre\",\"isPartOf\":{\"@id\":\"https:\\\/\\\/hoyre.no\\\/nordland\\\/#website\"},\"image\":{\"@id\":\"https:\\\/\\\/hoyre.no\\\/nordland\\\/aktuelt\\\/lokalforeningenes-provenominasjon-til-fylkestingslisten\\\/#primaryimage\"},\"thumbnailUrl\":\"https:\\\/\\\/hoyre.no\\\/content\\\/uploads\\\/sites\\\/9\\\/2022\\\/11\\\/Hoyres-logo.png\",\"datePublished\":\"2026-09-03T09:14:40+00:00\",\"dateModified\":\"2026-09-03T09:34:57+00:00\",\"author\":{\"@id\":\"https:\\\/\\\/hoyre.no\\\/nordland\\\/#\\\/schema\\\/person\\\/92ade4534463b949ac4576d990e2e90d\"},\"breadcrumb\":{\"@id\":\"https:\\\/\\\/hoyre.no\\\/nordland\\\/aktuelt\\\/lokalforeningenes-provenominasjon-til-fylkestingslisten\\\/#breadcrumb\"},\"inLanguage\":\"nb-NO\",\"potentialAction\":[{\"@type\":\"ReadAction\",\"target\":[\"https:\\\/\\\/hoyre.no\\\/nordland\\\/aktuelt\\\/lokalforeningenes-provenominasjon-til-fylkestingslisten\\\/\"]}]},{\"@type\":\"ImageObject\",\"inLanguage\":\"nb-NO\",\"@id\":\"https:\\\/\\\/hoyre.no\\\/nordland\\\/aktuelt\\\/lokalforeningenes-provenominasjon-til-fylkestingslisten\\\/#primaryimage\",\"url\":\"https:\\\/\\\/hoyre.no\\\/content\\\/uploads\\\/sites\\\/9\\\/2022\\\/11\\\/Hoyres-logo.png\",\"contentUrl\":\"https:\\\/\\\/hoyre.no\\\/content\\\/uploads\\\/sites\\\/9\\\/2022\\\/11\\\/Hoyres-logo.png\"},{\"@type\":\"BreadcrumbList\",\"@id\":\"https:\\\/\\\/hoyre.no\\\/nordland\\\/aktuelt\\\/lokalforeningenes-provenominasjon-til-fylkestingslisten\\\/#breadcrumb\",\"itemListElement\":[{\"@type\":\"ListItem\",\"position\":1,\"name\":\"Til hoyre.no\",\"item\":\"https:\\\/\\\/hoyre.no\"},{\"@type\":\"ListItem\",\"position\":2,\"name\":\"Hjem\",\"item\":\"https:\\\/\\\/hoyre.no\\\/nordland\\\/\"},{\"@type\":\"ListItem\",\"position\":3,\"name\":\"Lokalforeningenes pr\u00f8venominasjon til fylkestingslisten\"}]},{\"@type\":\"WebSite\",\"@id\":\"https:\\\/\\\/hoyre.no\\\/nordland\\\/#website\",\"url\":\"https:\\\/\\\/hoyre.no\\\/nordland\\\/\",\"name\":\"Nordland H\u00f8yre\",\"description\":\"Bare enda et H\u00f8yres nettsteder-nettsted\",\"inLanguage\":\"nb-NO\"},{\"@type\":\"Person\",\"@id\":\"https:\\\/\\\/hoyre.no\\\/nordland\\\/#\\\/schema\\\/person\\\/92ade4534463b949ac4576d990e2e90d\",\"name\":\"Trine Bjarmann-Simonsen\",\"image\":{\"@type\":\"ImageObject\",\"inLanguage\":\"nb-NO\",\"@id\":\"https:\\\/\\\/secure.gravatar.com\\\/avatar\\\/68c6b9d56fbc8433876d2a253b83217428d48efa386223a475b109d0ef4387e1?s=96&d=mm&r=g\",\"url\":\"https:\\\/\\\/secure.gravatar.com\\\/avatar\\\/68c6b9d56fbc8433876d2a253b83217428d48efa386223a475b109d0ef4387e1?s=96&d=mm&r=g\",\"contentUrl\":\"https:\\\/\\\/secure.gravatar.com\\\/avatar\\\/68c6b9d56fbc8433876d2a253b83217428d48efa386223a475b109d0ef4387e1?s=96&d=mm&r=g\",\"caption\":\"Trine Bjarmann-Simonsen\"},\"url\":\"https:\\\/\\\/hoyre.no\\\/nordland\\\/aktuelt\\\/author\\\/m51507242\\\/\"}]}<\/script>\n<!-- \/ Yoast SEO plugin. -->","yoast_head_json":{"title":"Lokalforeningenes pr\u00f8venominasjon til fylkestingslisten - Nordland H\u00f8yre","robots":{"index":"index","follow":"follow","max-snippet":"max-snippet:-1","max-image-preview":"max-image-preview:large","max-video-preview":"max-video-preview:-1"},"canonical":"https:\/\/hoyre.no\/nordland\/aktuelt\/lokalforeningenes-provenominasjon-til-fylkestingslisten\/","og_locale":"nb_NO","og_type":"article","og_title":"Lokalforeningenes pr\u00f8venominasjon til fylkestingslisten - Nordland H\u00f8yre","og_url":"https:\/\/hoyre.no\/nordland\/aktuelt\/lokalforeningenes-provenominasjon-til-fylkestingslisten\/","og_site_name":"Nordland H\u00f8yre","article_published_time":"2026-09-03T09:14:40+00:00","article_modified_time":"2026-09-03T09:34:57+00:00","og_image":[{"url":"https:\/\/hoyre.no\/content\/uploads\/sites\/9\/2026\/08\/Add-a-heading-1024x536.jpg","width":"","height":"","type":""}],"author":"Trine Bjarmann-Simonsen","twitter_card":"summary_large_image","twitter_misc":{"Skrevet av":"Trine Bjarmann-Simonsen","Ansl. lesetid":"3 minutter"},"schema":{"@context":"https:\/\/schema.org","@graph":[{"@type":"Article","@id":"https:\/\/hoyre.no\/nordland\/aktuelt\/lokalforeningenes-provenominasjon-til-fylkestingslisten\/#article","isPartOf":{"@id":"https:\/\/hoyre.no\/nordland\/aktuelt\/lokalforeningenes-provenominasjon-til-fylkestingslisten\/"},"author":{"name":"Trine Bjarmann-Simonsen","@id":"https:\/\/hoyre.no\/nordland\/#\/schema\/person\/92ade4534463b949ac4576d990e2e90d"},"headline":"Lokalforeningenes pr\u00f8venominasjon til fylkestingslisten","datePublished":"2026-09-03T09:14:40+00:00","dateModified":"2026-09-03T09:34:57+00:00","mainEntityOfPage":{"@id":"https:\/\/hoyre.no\/nordland\/aktuelt\/lokalforeningenes-provenominasjon-til-fylkestingslisten\/"},"wordCount":444,"image":{"@id":"https:\/\/hoyre.no\/nordland\/aktuelt\/lokalforeningenes-provenominasjon-til-fylkestingslisten\/#primaryimage"},"thumbnailUrl":"https:\/\/hoyre.no\/content\/uploads\/sites\/9\/2022\/11\/Hoyres-logo.png","keywords":["Pr\u00f8venominasjon"],"articleSection":["Nominasjonsprosess 2027\/2031"],"inLanguage":"nb-NO"},{"@type":"NewsArticle","@id":"https:\/\/hoyre.no\/nordland\/aktuelt\/lokalforeningenes-provenominasjon-til-fylkestingslisten\/","url":"https:\/\/hoyre.no\/nordland\/aktuelt\/lokalforeningenes-provenominasjon-til-fylkestingslisten\/","name":"Lokalforeningenes pr\u00f8venominasjon til fylkestingslisten - Nordland H\u00f8yre","isPartOf":{"@id":"https:\/\/hoyre.no\/nordland\/#website"},"image":{"@id":"https:\/\/hoyre.no\/nordland\/aktuelt\/lokalforeningenes-provenominasjon-til-fylkestingslisten\/#primaryimage"},"thumbnailUrl":"https:\/\/hoyre.no\/content\/uploads\/sites\/9\/2022\/11\/Hoyres-logo.png","datePublished":"2026-09-03T09:14:40+00:00","dateModified":"2026-09-03T09:34:57+00:00","author":{"@id":"https:\/\/hoyre.no\/nordland\/#\/schema\/person\/92ade4534463b949ac4576d990e2e90d"},"breadcrumb":{"@id":"https:\/\/hoyre.no\/nordland\/aktuelt\/lokalforeningenes-provenominasjon-til-fylkestingslisten\/#breadcrumb"},"inLanguage":"nb-NO","potentialAction":[{"@type":"ReadAction","target":["https:\/\/hoyre.no\/nordland\/aktuelt\/lokalforeningenes-provenominasjon-til-fylkestingslisten\/"]}]},{"@type":"ImageObject","inLanguage":"nb-NO","@id":"https:\/\/hoyre.no\/nordland\/aktuelt\/lokalforeningenes-provenominasjon-til-fylkestingslisten\/#primaryimage","url":"https:\/\/hoyre.no\/content\/uploads\/sites\/9\/2022\/11\/Hoyres-logo.png","contentUrl":"https:\/\/hoyre.no\/content\/uploads\/sites\/9\/2022\/11\/Hoyres-logo.png"},{"@type":"BreadcrumbList","@id":"https:\/\/hoyre.no\/nordland\/aktuelt\/lokalforeningenes-provenominasjon-til-fylkestingslisten\/#breadcrumb","itemListElement":[{"@type":"ListItem","position":1,"name":"Til hoyre.no","item":"https:\/\/hoyre.no"},{"@type":"ListItem","position":2,"name":"Hjem","item":"https:\/\/hoyre.no\/nordland\/"},{"@type":"ListItem","position":3,"name":"Lokalforeningenes pr\u00f8venominasjon til fylkestingslisten"}]},{"@type":"WebSite","@id":"https:\/\/hoyre.no\/nordland\/#website","url":"https:\/\/hoyre.no\/nordland\/","name":"Nordland H\u00f8yre","description":"Bare enda et H\u00f8yres nettsteder-nettsted","inLanguage":"nb-NO"},{"@type":"Person","@id":"https:\/\/hoyre.no\/nordland\/#\/schema\/person\/92ade4534463b949ac4576d990e2e90d","name":"Trine Bjarmann-Simonsen","image":{"@type":"ImageObject","inLanguage":"nb-NO","@id":"https:\/\/secure.gravatar.com\/avatar\/68c6b9d56fbc8433876d2a253b83217428d48efa386223a475b109d0ef4387e1?s=96&d=mm&r=g","url":"https:\/\/secure.gravatar.com\/avatar\/68c6b9d56fbc8433876d2a253b83217428d48efa386223a475b109d0ef4387e1?s=96&d=mm&r=g","contentUrl":"https:\/\/secure.gravatar.com\/avatar\/68c6b9d56fbc8433876d2a253b83217428d48efa386223a475b109d0ef4387e1?s=96&d=mm&r=g","caption":"Trine Bjarmann-Simonsen"},"url":"https:\/\/hoyre.no\/nordland\/aktuelt\/author\/m51507242\/"}]}},"distributor_meta":false,"distributor_terms":false,"distributor_media":false,"distributor_original_site_name":"Nordland H\u00f8yre","distributor_original_site_url":"https:\/\/hoyre.no\/nordland","push-errors":false,"_links":{"self":[{"href":"https:\/\/hoyre.no\/nordland\/wp-json\/wp\/v2\/posts\/2467","targetHints":{"allow":["GET"]}}],"collection":[{"href":"https:\/\/hoyre.no\/nordland\/wp-json\/wp\/v2\/posts"}],"about":[{"href":"https:\/\/hoyre.no\/nordland\/wp-json\/wp\/v2\/types\/post"}],"author":[{"embeddable":true,"href":"https:\/\/hoyre.no\/nordland\/wp-json\/wp\/v2\/users\/486"}],"replies":[{"embeddable":true,"href":"https:\/\/hoyre.no\/nordland\/wp-json\/wp\/v2\/comments?post=2467"}],"version-history":[{"count":10,"href":"https:\/\/hoyre.no\/nordland\/wp-json\/wp\/v2\/posts\/2467\/revisions"}],"predecessor-version":[{"id":2484,"href":"https:\/\/hoyre.no\/nordland\/wp-json\/wp\/v2\/posts\/2467\/revisions\/2484"}],"wp:attachment":[{"href":"https:\/\/hoyre.no\/nordland\/wp-json\/wp\/v2\/media?parent=2467"}],"wp:term":[{"taxonomy":"category","embeddable":true,"href":"https:\/\/hoyre.no\/nordland\/wp-json\/wp\/v2\/category?post=2467"},{"taxonomy":"post_tag","embeddable":true,"href":"https:\/\/hoyre.no\/nordland\/wp-json\/wp\/v2\/post_tag?post=2467"},{"taxonomy":"hoyre-visibility","embeddable":true,"href":"https:\/\/hoyre.no\/nordland\/wp-json\/wp\/v2\/hoyre-visibility?post=2467"},{"taxonomy":"article-type","embeddable":true,"href":"https:\/\/hoyre.no\/nordland\/wp-json\/wp\/v2\/article-type?post=2467"},{"taxonomy":"politician","embeddable":true,"href":"https:\/\/hoyre.no\/nordland\/wp-json\/wp\/v2\/politician?post=2467"}],"curies":[{"name":"wp","href":"https:\/\/api.w.org\/{rel}","templated":true}]}}