{"id":27,"date":"2018-05-21T22:00:00","date_gmt":"2018-05-21T20:00:00","guid":{"rendered":"https:\/\/hoyre.no\/nordland\/aktuelt\/ambulanseflytjenesten_er_viktig_for_oss_i_nord\/"},"modified":"2018-05-21T22:00:00","modified_gmt":"2018-05-21T20:00:00","slug":"ambulanseflytjenesten_er_viktig_for_oss_i_nord","status":"publish","type":"post","link":"https:\/\/hoyre.no\/nordland\/aktuelt\/ambulanseflytjenesten_er_viktig_for_oss_i_nord\/","title":{"rendered":"Ambulanseflytjenesten er viktig for oss i nord"},"content":{"rendered":"<p class=\"preamble\">Ambulanseflyene er en viktig del av helseberedskapen i Norge. Her i nord er denne tjenesten avgj\u00f8rende for at vi skal f\u00f8le oss trygge p\u00e5 \u00e5 f\u00e5 n\u00f8dvendig helsehjelp. Situasjonen som har oppst\u00e5tt er krevende, og tas p\u00e5 h\u00f8yeste alvor.<\/p>\t\t\t<div class=\"post-meta wp-block teft-byline-wrapper\">\n\t\t\t\t<div class=\"top\">\n\t\t\t\t\t<div class=\"signature\">\n\t\t\t\t\t\t<div class=\"teft-byline\">\n\t\t\t\t\t\t\t\t\t\t\t\t\t\t<div>\n\t\t\t\t\t\t\t\t<h3>H\u00f8yres redaksjon<\/h3>\t\t\t\t\t\t\t\t\n\t\t\t\t\t\t\t\t\t\t\t\t\t\t\t\t\t<span class=\"date\">Sist oppdatert: 21. mai 2018<\/span>\n\t\t\t\t\t\t\t\t\t\t\t\t\t\t\t\t\t\t\t\t\t\t\t\t\t<span class=\"reading-time\" itemprop=\"timeRequired\" content=\"PT4M\"><em>Ca. 4 minutter lesetid<\/em><\/span>\n\t\t\t\t\t\t\t\t\t\t\t\t\t\t\t<\/div>\n\t\t\t\t\t\t<\/div>\n\t\t\t\t\t<\/div>\n\t\t\t\t\t\t<div class=\"sharing\">\n\t\t<a class=\"share-button share-link copy-link\" data-copy=\"https:\/\/hoyre.no\/nordland\/aktuelt\/ambulanseflytjenesten_er_viktig_for_oss_i_nord\/\" target=\"_blank\"><span class=\"screen-reader-text\">Del link<\/span><\/a>\n\t\t<a class=\"share-button share-twitter\" href=\"http:\/\/twitter.com\/share?text=Ambulanseflytjenesten er viktig for oss i nord&#038;url=https:\/\/hoyre.no\/nordland\/aktuelt\/ambulanseflytjenesten_er_viktig_for_oss_i_nord\/&#038;hashtags=Hoyre\" target=\"_blank\"><span class=\"screen-reader-text\">Del p\u00e5 twitter<\/span><\/a>\n\t\t<a class=\"share-button share-facebook\" href=\"https:\/\/www.facebook.com\/sharer\/sharer.php?u=https:\/\/hoyre.no\/nordland\/aktuelt\/ambulanseflytjenesten_er_viktig_for_oss_i_nord\/\" target=\"_blank\"><span class=\"screen-reader-text\">Del p\u00e5 facebook<\/span><\/a>\n\t<\/div>\n\t\t\t\t\t<\/div>\n\t\t\t<\/div>\n\n\t\t\t<figure class=\"hoyre-image-wrapper\"><div class=\"hoyre-image\"><img loading=\"lazy\" decoding=\"async\" width=\"980\" height=\"551\" src=\"https:\/\/hoyre.no\/content\/uploads\/sites\/9\/2020\/11\/margunn_og_jonny_fot.jpg\" class=\"attachment-scaled size-scaled\" alt=\"\" style=\"object-position: 50% 50%\" srcset=\"https:\/\/hoyre.no\/content\/uploads\/sites\/9\/2020\/11\/margunn_og_jonny_fot.jpg 980w, https:\/\/hoyre.no\/content\/uploads\/sites\/9\/2020\/11\/margunn_og_jonny_fot-300x169.jpg 300w, https:\/\/hoyre.no\/content\/uploads\/sites\/9\/2020\/11\/margunn_og_jonny_fot-768x432.jpg 768w\" sizes=\"auto, (max-width: 980px) 100vw, 980px\" \/><\/div><\/figure><div id=\"hoyre-old-article-content-wrapper\"><p>  Vi, som stortingsrepresentanter fra nord og fra regjeringspartiet, har blitt kritisert for \u00e5 sitte stille i b\u00e5ten og ikke ta situasjonen p\u00e5 alvor. Det er feil. Vi, i lag med v\u00e5re kollegaer fra regjeringspartiene fra de nordlige fylkene har jobbet aktivt opp mot helseministeren og hatt tett dialog med departementet om utviklingen i situasjonen.<br \/><\/p><p>Det verserer en del misforst\u00e5elser og feil i saken, som dessverre har f\u00e5tt lov \u00e5 befeste seg som sannheter. Det er sterke r\u00f8ster i medier og deler av opposisjonen p\u00e5 Stortinget som \u00f8nsker \u00e5 annullere kontrakten med Babcock og forlenge dagens avtale med Lufttransport.  Kontrakten med Babcock er inng\u00e5tt p\u00e5 lovlig vis, og kan ikke reverseres uten betydelige kostnader og juridiske konsekvenser. \u00c5 forlenge avtalen med Lufttransport vil v\u00e6re ulovlig. Vi synes det vil v\u00e6re uklokt av Stortinget \u00e5 be helseministeren bryte lover Stortinget selv har vedtatt. Dersom det skjer risikerer vi \u00e5 sitte igjen uten et lovlig tjenestetilbud sommeren 2019. Det er ingen tjent med. Det m\u00e5 v\u00e6re lov \u00e5 sp\u00f8rre om disse r\u00f8stene virkelig vil forsvare \u00e5 bruke kanskje flere hundre millioner til opprydding etter kontraktsbrudd enn til helsetjenester for innbyggerne. <\/p><p>En annen feil er p\u00e5standen om at Babcock kommer til \u00e5 levere tjenester av d\u00e5rligere kvalitet. Babcocks tilbud kommer til \u00e5 gi befolkningen i Nord-Norge et bedre helsetilbud enn vi har i dag. Alle tilbudene som var med i konkurransen var av sv\u00e6rt h\u00f8y kvalitet. Det er riktig at Lufttransports tilbud scoret 0,49 poeng bedre enn Babcocks p\u00e5 en skala fra 1 til 10. Dette var derimot til en betydelig h\u00f8yere pris. Det blir likevel feil \u00e5 p\u00e5st\u00e5 at man sparer penger p\u00e5 \u00e5 velge tilbudet fra Babcock all den tid dette vil koste 100 millioner kroner mer \u00e5rlig, enn tilbudet vi har i dag. <\/p><p>N\u00e5r vi ogs\u00e5 tar med at med den nye leverand\u00f8ren s\u00e5 vil det fra 1. juli 2019 bli nye kortbanefly p\u00e5 alle baser med bedre navigasjonsutstyr og bedre sikkerhetsutstyr om bord. Tjenesten f\u00e5r et jetfly p\u00e5 Gardermoen som kan n\u00e5 Svalbard og Nord Norge med mye utstyr og flere leger og sykepleiere om bord. Jetflyet vil erstatte dagens propellfly p\u00e5 Gardermoen, og vil f\u00f8re til betydelig kortere responstid. Det settes ogs\u00e5 inn en besetning p\u00e5 bakvakt som kan hentes inn ved sykdom og frav\u00e6r. Bakvakt er nytt og gir tjenesten \u00f8kt tilgjengelighet og bedre beredskap. Babcocks tilbud er med andre ord en betydelig forbedring av tjenesten, fra hva det er i dag. <\/p><p>Luftfart har et sv\u00e6rt komplisert regelverk og er en komplisert sektor b\u00e5de teknisk og sikkerhetsmessig. Under sosialminister Tove Strand Gerhardsen (Ap) ble det bestemt at den operative delen av tjenesten \u2013 det \u00e5 drifte tjenestens helikoptre og fly skulle kj\u00f8pes inn med reell konkurranse. Siden 1988 har da disse tjenestene v\u00e6rt ute p\u00e5 anbud med gode resultater. \u00c5 drive luftfart krever en helt annen kompetanse enn det spesialisthelsetjenesten skal ha. Vi mener at helsetjenesten skal v\u00e6re gode p\u00e5 \u00e5 gi helsehjelp, og ikke p\u00e5 \u00e5 drifte et eget flyselskap. Dette har fungert siden 1988, da Arbeiderpartiet bestemte at driften av luftambulansetjenesten skulle settes ut p\u00e5 anbud. Dette har gitt oss en bedre tjeneste, og de private akt\u00f8rene har v\u00e6rt pionerer i utvikling og drift av luftambulansetjenestene i Norge. <\/p><p>Det er ingenting ved dagens situasjon som tilsier at Babcock ikke kan levere flyambulansetjenester i tr\u00e5d med kontrakten fra neste \u00e5r. Frem til 1. juli 2019 er det imidlertid Lufttransport AS som er ansvarlig for tjenesten og som skal bidra til at overgangen til ny leverand\u00f8r blir s\u00f8ml\u00f8s.<\/p><p>Situasjonen som oppsto i slutten av april, der ambulanseflyene i hele landet sto p\u00e5 bakken, kom etter at det ikke ble en l\u00f8sning i forhandlingene mellom Norsk flygerforbund og Babcock om overgang for pilotene til det nye selskapet. Det er positivt at Babcock og NHO n\u00e5 har kommet p\u00e5 banen med et nytt tilbud, som inneb\u00e6rer at alle pilotene f\u00e5r jobbtilbud, og at det er dialog mellom partene.<\/p><p>Vi h\u00e5per f\u00f8rst og fremst n\u00e5 at alle bidrar slik at vi f\u00e5r tilbake et trygt tjenestetilbud som best mulig ivaretar befolkningens trygghet, og at vi fremover kan ha en debatt p\u00e5 et faktabasert grunnlag. <\/p><p><br \/><\/p><\/div>\n<div class=\"tags\">\n\t<\/div>\n<div class=\"post-footer alignfull has-background block-editor-block-list__block\" data-align=full>\n\t<div class=\"post-footer-inner\">\n\t\t<h3>Relaterte artikler<\/h3>\n\t\t<div class=\"related-content\"><div class=\"is-card-hoyre\">\n\t<div class=\"teft-card hoyre-teft-card post-teft-card\">\n\t\t<a href=\"https:\/\/hoyre.no\/nordland\/aktuelt\/vi-onsker-dine-innspill\/\" class=\"teft-card__primary-action\">\n\n\t\t\t\t\t<div class=\"teft-card__media teft-card__media--16-9\">\n\t\t\t\t\t\t<img loading=\"lazy\" decoding=\"async\" width=\"768\" height=\"402\" src=\"https:\/\/hoyre.no\/content\/uploads\/sites\/9\/2026\/04\/Dokument-uten-navn-09.02.2026-1-1536x804-1-768x402.png\" class=\"attachment-medium_large size-medium_large\" alt=\"\" srcset=\"https:\/\/hoyre.no\/content\/uploads\/sites\/9\/2026\/04\/Dokument-uten-navn-09.02.2026-1-1536x804-1-768x402.png 768w, https:\/\/hoyre.no\/content\/uploads\/sites\/9\/2026\/04\/Dokument-uten-navn-09.02.2026-1-1536x804-1-300x157.png 300w, https:\/\/hoyre.no\/content\/uploads\/sites\/9\/2026\/04\/Dokument-uten-navn-09.02.2026-1-1536x804-1-1024x536.png 1024w, https:\/\/hoyre.no\/content\/uploads\/sites\/9\/2026\/04\/Dokument-uten-navn-09.02.2026-1-1536x804-1.png 1536w\" sizes=\"auto, (max-width: 768px) 100vw, 768px\" \/>\t\t<\/div>\n\t\t\n\t\t\t<div class=\"teft-card__content-wrapper\">\n\t\t\t\t<div class=\"teft-card__secondary\">\n\t\t\t\t\t\n\t\t\t\t\t\t\t\t<div class=\"teft-card__meta\">\n\t\t\t\t\t\t\t\t\t<span class=\"post-date\">15. apr 2026<\/span>\n\n\t\t\t\t\t\t\t\t\t<span class=\"post-category\">Nominasjonsprosess 2027\/2031<\/span>\t\t\t\t\t\t\t\t<\/div>\n\t\t\t\t\t\t\t\t\t\t\t<\/div>\n\n\t\t\t\t<div class=\"teft-card__primary\">\n\t\t\t\t\t<h2 class=\"teft-card__title\">Vi \u00f8nsker dine innspill!&nbsp;<span class=\"teft-card__primary-title-append\"><\/span><\/h2>\t\t\t\t<\/div>\n\t\t\t<\/div>\n\t\t<\/a>\n\t<\/div>\n\n\t<\/div><div class=\"is-card-hoyre\">\n\t<div class=\"teft-card hoyre-teft-card post-teft-card\">\n\t\t<a href=\"https:\/\/hoyre.no\/nordland\/aktuelt\/sjomatnaeringen-og-prosessindustrien\/\" class=\"teft-card__primary-action\">\n\n\t\t\t<div class=\"teft-card__media teft-card__media--16-9 no-image\"><\/div>\n\t\t\t<div class=\"teft-card__content-wrapper\">\n\t\t\t\t<div class=\"teft-card__secondary\">\n\t\t\t\t\t\n\t\t\t\t\t\t\t\t<div class=\"teft-card__meta\">\n\t\t\t\t\t\t\t\t\t<span class=\"post-date\">20. nov 2025<\/span>\n\n\t\t\t\t\t\t\t\t\t<span class=\"post-category\">Fylkes\u00e5rsm\u00f8te 2025<\/span>\t\t\t\t\t\t\t\t<\/div>\n\t\t\t\t\t\t\t\t\t\t\t<\/div>\n\n\t\t\t\t<div class=\"teft-card__primary\">\n\t\t\t\t\t<h2 class=\"teft-card__title\">Sj\u00f8matn\u00e6ringen og prosessindustrien&nbsp;<span class=\"teft-card__primary-title-append\"><\/span><\/h2>\t\t\t\t<\/div>\n\t\t\t<\/div>\n\t\t<\/a>\n\t<\/div>\n\n\t<\/div><div class=\"is-card-hoyre\">\n\t<div class=\"teft-card hoyre-teft-card post-teft-card\">\n\t\t<a href=\"https:\/\/hoyre.no\/nordland\/aktuelt\/okt-satsning-pa-havforskning\/\" class=\"teft-card__primary-action\">\n\n\t\t\t<div class=\"teft-card__media teft-card__media--16-9 no-image\"><\/div>\n\t\t\t<div class=\"teft-card__content-wrapper\">\n\t\t\t\t<div class=\"teft-card__secondary\">\n\t\t\t\t\t\n\t\t\t\t\t\t\t\t<div class=\"teft-card__meta\">\n\t\t\t\t\t\t\t\t\t<span class=\"post-date\">20. nov 2025<\/span>\n\n\t\t\t\t\t\t\t\t\t<span class=\"post-category\">Fylkes\u00e5rsm\u00f8te 2025<\/span>\t\t\t\t\t\t\t\t<\/div>\n\t\t\t\t\t\t\t\t\t\t\t<\/div>\n\n\t\t\t\t<div class=\"teft-card__primary\">\n\t\t\t\t\t<h2 class=\"teft-card__title\">\u00d8kt satsning p\u00e5 havforskning&nbsp;<span class=\"teft-card__primary-title-append\"><\/span><\/h2>\t\t\t\t<\/div>\n\t\t\t<\/div>\n\t\t<\/a>\n\t<\/div>\n\n\t<\/div><\/div>\t<\/div>\n<\/div>\n","protected":false},"excerpt":{"rendered":"","protected":false},"author":0,"featured_media":0,"comment_status":"closed","ping_status":"closed","sticky":false,"template":"","format":"standard","meta":{"teft_cards_image_url":"https:\/\/hoyre.no\/content\/uploads\/sites\/9\/2020\/11\/margunn_og_jonny_fot.jpg","teft_cards_custom_pretitle":"","teft_cards_image_id":26,"teft_cards_image_focal_point_x":0,"teft_cards_image_focal_point_y":0,"teft_cards_title":"","teft_cards_excerpt":"","teft_show_chapters":false,"author_display_name":"Stortingspolitikerne Margunn Ebbesen og Jonny Finstad, Nordland H\u00f8yre","footnotes":""},"category":[1],"post_tag":[],"hoyre-visibility":[],"article-type":[],"politician":[],"class_list":["post-27","post","type-post","status-publish","format-standard","hentry","category-ukategorisert"],"yoast_head":"<!-- This site is optimized with the Yoast SEO plugin v26.6 - https:\/\/yoast.com\/wordpress\/plugins\/seo\/ -->\n<title>Ambulanseflytjenesten er viktig for oss i nord - Nordland H\u00f8yre<\/title>\n<meta name=\"robots\" content=\"index, follow, max-snippet:-1, max-image-preview:large, max-video-preview:-1\" \/>\n<link rel=\"canonical\" href=\"https:\/\/hoyre.no\/nordland\/aktuelt\/ambulanseflytjenesten_er_viktig_for_oss_i_nord\/\" \/>\n<meta property=\"og:locale\" content=\"nb_NO\" \/>\n<meta property=\"og:type\" content=\"article\" \/>\n<meta property=\"og:title\" content=\"Ambulanseflytjenesten er viktig for oss i nord - Nordland H\u00f8yre\" \/>\n<meta property=\"og:url\" content=\"https:\/\/hoyre.no\/nordland\/aktuelt\/ambulanseflytjenesten_er_viktig_for_oss_i_nord\/\" \/>\n<meta property=\"og:site_name\" content=\"Nordland H\u00f8yre\" \/>\n<meta property=\"article:published_time\" content=\"2018-05-21T20:00:00+00:00\" \/>\n<meta property=\"og:image\" content=\"https:\/\/hoyre.no\/content\/uploads\/sites\/9\/2022\/11\/Hoyres-logo.png\" \/>\n\t<meta property=\"og:image:width\" content=\"1000\" \/>\n\t<meta property=\"og:image:height\" content=\"1000\" \/>\n\t<meta property=\"og:image:type\" content=\"image\/png\" \/>\n<meta name=\"twitter:card\" content=\"summary_large_image\" \/>\n<meta name=\"twitter:label1\" content=\"Ansl. lesetid\" \/>\n\t<meta name=\"twitter:data1\" content=\"4 minutter\" \/>\n<script type=\"application\/ld+json\" class=\"yoast-schema-graph\">{\"@context\":\"https:\/\/schema.org\",\"@graph\":[{\"@type\":\"NewsArticle\",\"@id\":\"https:\/\/hoyre.no\/nordland\/aktuelt\/ambulanseflytjenesten_er_viktig_for_oss_i_nord\/\",\"url\":\"https:\/\/hoyre.no\/nordland\/aktuelt\/ambulanseflytjenesten_er_viktig_for_oss_i_nord\/\",\"name\":\"Ambulanseflytjenesten er viktig for oss i nord - Nordland H\u00f8yre\",\"isPartOf\":{\"@id\":\"https:\/\/hoyre.no\/nordland\/#website\"},\"datePublished\":\"2018-05-21T20:00:00+00:00\",\"author\":{\"@id\":\"\"},\"breadcrumb\":{\"@id\":\"https:\/\/hoyre.no\/nordland\/aktuelt\/ambulanseflytjenesten_er_viktig_for_oss_i_nord\/#breadcrumb\"},\"inLanguage\":\"nb-NO\",\"potentialAction\":[{\"@type\":\"ReadAction\",\"target\":[\"https:\/\/hoyre.no\/nordland\/aktuelt\/ambulanseflytjenesten_er_viktig_for_oss_i_nord\/\"]}]},{\"@type\":\"BreadcrumbList\",\"@id\":\"https:\/\/hoyre.no\/nordland\/aktuelt\/ambulanseflytjenesten_er_viktig_for_oss_i_nord\/#breadcrumb\",\"itemListElement\":[{\"@type\":\"ListItem\",\"position\":1,\"name\":\"Til hoyre.no\",\"item\":\"https:\/\/hoyre.no\"},{\"@type\":\"ListItem\",\"position\":2,\"name\":\"Hjem\",\"item\":\"https:\/\/hoyre.no\/nordland\/\"},{\"@type\":\"ListItem\",\"position\":3,\"name\":\"Ambulanseflytjenesten er viktig for oss i nord\"}]},{\"@type\":\"WebSite\",\"@id\":\"https:\/\/hoyre.no\/nordland\/#website\",\"url\":\"https:\/\/hoyre.no\/nordland\/\",\"name\":\"Nordland H\u00f8yre\",\"description\":\"Bare enda et H\u00f8yres nettsteder-nettsted\",\"inLanguage\":\"nb-NO\"}]}<\/script>\n<!-- \/ Yoast SEO plugin. -->","yoast_head_json":{"title":"Ambulanseflytjenesten er viktig for oss i nord - Nordland H\u00f8yre","robots":{"index":"index","follow":"follow","max-snippet":"max-snippet:-1","max-image-preview":"max-image-preview:large","max-video-preview":"max-video-preview:-1"},"canonical":"https:\/\/hoyre.no\/nordland\/aktuelt\/ambulanseflytjenesten_er_viktig_for_oss_i_nord\/","og_locale":"nb_NO","og_type":"article","og_title":"Ambulanseflytjenesten er viktig for oss i nord - Nordland H\u00f8yre","og_url":"https:\/\/hoyre.no\/nordland\/aktuelt\/ambulanseflytjenesten_er_viktig_for_oss_i_nord\/","og_site_name":"Nordland H\u00f8yre","article_published_time":"2018-05-21T20:00:00+00:00","og_image":[{"width":1000,"height":1000,"url":"https:\/\/hoyre.no\/content\/uploads\/sites\/9\/2022\/11\/Hoyres-logo.png","type":"image\/png"}],"twitter_card":"summary_large_image","twitter_misc":{"Ansl. lesetid":"4 minutter"},"schema":{"@context":"https:\/\/schema.org","@graph":[{"@type":"NewsArticle","@id":"https:\/\/hoyre.no\/nordland\/aktuelt\/ambulanseflytjenesten_er_viktig_for_oss_i_nord\/","url":"https:\/\/hoyre.no\/nordland\/aktuelt\/ambulanseflytjenesten_er_viktig_for_oss_i_nord\/","name":"Ambulanseflytjenesten er viktig for oss i nord - Nordland H\u00f8yre","isPartOf":{"@id":"https:\/\/hoyre.no\/nordland\/#website"},"datePublished":"2018-05-21T20:00:00+00:00","author":{"@id":""},"breadcrumb":{"@id":"https:\/\/hoyre.no\/nordland\/aktuelt\/ambulanseflytjenesten_er_viktig_for_oss_i_nord\/#breadcrumb"},"inLanguage":"nb-NO","potentialAction":[{"@type":"ReadAction","target":["https:\/\/hoyre.no\/nordland\/aktuelt\/ambulanseflytjenesten_er_viktig_for_oss_i_nord\/"]}]},{"@type":"BreadcrumbList","@id":"https:\/\/hoyre.no\/nordland\/aktuelt\/ambulanseflytjenesten_er_viktig_for_oss_i_nord\/#breadcrumb","itemListElement":[{"@type":"ListItem","position":1,"name":"Til hoyre.no","item":"https:\/\/hoyre.no"},{"@type":"ListItem","position":2,"name":"Hjem","item":"https:\/\/hoyre.no\/nordland\/"},{"@type":"ListItem","position":3,"name":"Ambulanseflytjenesten er viktig for oss i nord"}]},{"@type":"WebSite","@id":"https:\/\/hoyre.no\/nordland\/#website","url":"https:\/\/hoyre.no\/nordland\/","name":"Nordland H\u00f8yre","description":"Bare enda et H\u00f8yres nettsteder-nettsted","inLanguage":"nb-NO"}]}},"distributor_meta":false,"distributor_terms":false,"distributor_media":false,"distributor_original_site_name":"Nordland H\u00f8yre","distributor_original_site_url":"https:\/\/hoyre.no\/nordland","push-errors":false,"_links":{"self":[{"href":"https:\/\/hoyre.no\/nordland\/wp-json\/wp\/v2\/posts\/27","targetHints":{"allow":["GET"]}}],"collection":[{"href":"https:\/\/hoyre.no\/nordland\/wp-json\/wp\/v2\/posts"}],"about":[{"href":"https:\/\/hoyre.no\/nordland\/wp-json\/wp\/v2\/types\/post"}],"replies":[{"embeddable":true,"href":"https:\/\/hoyre.no\/nordland\/wp-json\/wp\/v2\/comments?post=27"}],"version-history":[{"count":0,"href":"https:\/\/hoyre.no\/nordland\/wp-json\/wp\/v2\/posts\/27\/revisions"}],"wp:attachment":[{"href":"https:\/\/hoyre.no\/nordland\/wp-json\/wp\/v2\/media?parent=27"}],"wp:term":[{"taxonomy":"category","embeddable":true,"href":"https:\/\/hoyre.no\/nordland\/wp-json\/wp\/v2\/category?post=27"},{"taxonomy":"post_tag","embeddable":true,"href":"https:\/\/hoyre.no\/nordland\/wp-json\/wp\/v2\/post_tag?post=27"},{"taxonomy":"hoyre-visibility","embeddable":true,"href":"https:\/\/hoyre.no\/nordland\/wp-json\/wp\/v2\/hoyre-visibility?post=27"},{"taxonomy":"article-type","embeddable":true,"href":"https:\/\/hoyre.no\/nordland\/wp-json\/wp\/v2\/article-type?post=27"},{"taxonomy":"politician","embeddable":true,"href":"https:\/\/hoyre.no\/nordland\/wp-json\/wp\/v2\/politician?post=27"}],"curies":[{"name":"wp","href":"https:\/\/api.w.org\/{rel}","templated":true}]}}