{"id":275,"date":"2017-10-23T22:00:00","date_gmt":"2017-10-23T20:00:00","guid":{"rendered":"https:\/\/hoyre.no\/nordland\/aktuelt\/ny-ledelse-i-nordlan\/"},"modified":"2017-10-23T22:00:00","modified_gmt":"2017-10-23T20:00:00","slug":"ny-ledelse-i-nordlan","status":"publish","type":"post","link":"https:\/\/hoyre.no\/nordland\/aktuelt\/ny-ledelse-i-nordlan\/","title":{"rendered":"Ny ledelse i Nordland H\u00f8yre"},"content":{"rendered":"<p class=\"preamble\">Valgkomiteen har avgitt sin innstilling til \u00e5rsm\u00f8tet som skal velge ny ledelse. \u00c5rsm\u00f8tet er f\u00f8rste helgen i november i Bod\u00f8.<\/p>\t\t\t<div class=\"post-meta wp-block teft-byline-wrapper\">\n\t\t\t\t<div class=\"top\">\n\t\t\t\t\t<div class=\"signature\">\n\t\t\t\t\t\t<div class=\"teft-byline\">\n\t\t\t\t\t\t\t\t\t\t\t\t\t\t<div>\n\t\t\t\t\t\t\t\t<h3>H\u00f8yres redaksjon<\/h3>\t\t\t\t\t\t\t\t\n\t\t\t\t\t\t\t\t\t\t\t\t\t\t\t\t\t<span class=\"date\">Sist oppdatert: 23. oktober 2017<\/span>\n\t\t\t\t\t\t\t\t\t\t\t\t\t\t\t\t\t\t\t\t\t\t\t\t\t<span class=\"reading-time\" itemprop=\"timeRequired\" content=\"PT3M\"><em>Ca. 3 minutter lesetid<\/em><\/span>\n\t\t\t\t\t\t\t\t\t\t\t\t\t\t\t<\/div>\n\t\t\t\t\t\t<\/div>\n\t\t\t\t\t<\/div>\n\t\t\t\t\t\t<div class=\"sharing\">\n\t\t<a class=\"share-button share-link copy-link\" data-copy=\"https:\/\/hoyre.no\/nordland\/aktuelt\/ny-ledelse-i-nordlan\/\" target=\"_blank\"><span class=\"screen-reader-text\">Del link<\/span><\/a>\n\t\t<a class=\"share-button share-twitter\" href=\"http:\/\/twitter.com\/share?text=Ny ledelse i Nordland H\u00f8yre&#038;url=https:\/\/hoyre.no\/nordland\/aktuelt\/ny-ledelse-i-nordlan\/&#038;hashtags=Hoyre\" target=\"_blank\"><span class=\"screen-reader-text\">Del p\u00e5 twitter<\/span><\/a>\n\t\t<a class=\"share-button share-facebook\" href=\"https:\/\/www.facebook.com\/sharer\/sharer.php?u=https:\/\/hoyre.no\/nordland\/aktuelt\/ny-ledelse-i-nordlan\/\" target=\"_blank\"><span class=\"screen-reader-text\">Del p\u00e5 facebook<\/span><\/a>\n\t<\/div>\n\t\t\t\t\t<\/div>\n\t\t\t<\/div>\n\n\t\t\t<figure class=\"hoyre-image-wrapper\"><div class=\"hoyre-image\"><img loading=\"lazy\" decoding=\"async\" width=\"2048\" height=\"1465\" src=\"https:\/\/hoyre.no\/content\/uploads\/sites\/9\/2020\/11\/innstilling-bilde.jpg\" class=\"attachment-scaled size-scaled\" alt=\"\" style=\"object-position: 50% 50%\" srcset=\"https:\/\/hoyre.no\/content\/uploads\/sites\/9\/2020\/11\/innstilling-bilde.jpg 2048w, https:\/\/hoyre.no\/content\/uploads\/sites\/9\/2020\/11\/innstilling-bilde-300x215.jpg 300w, https:\/\/hoyre.no\/content\/uploads\/sites\/9\/2020\/11\/innstilling-bilde-1024x733.jpg 1024w, https:\/\/hoyre.no\/content\/uploads\/sites\/9\/2020\/11\/innstilling-bilde-768x549.jpg 768w, https:\/\/hoyre.no\/content\/uploads\/sites\/9\/2020\/11\/innstilling-bilde-1536x1099.jpg 1536w\" sizes=\"auto, (max-width: 2048px) 100vw, 2048px\" \/><\/div><\/figure><div id=\"hoyre-old-article-content-wrapper\"><p>\u00c5rsm\u00f8tet skal velge ny leder da Jonny Finstad, som er nyvalgt stortingsrepresentant, ikke \u00f8nsket gjenvalg. Finstad har ledet Nordland H\u00f8yre i to perioder, som inneholdt lokalvalget i 2015 og stortingsvalget 2017. Med seg p\u00e5 laget hadde han Grethe Monica Fj\u00e6rvoll og Kjell Joar Petersen-\u00d8verleir som nestledere. Petersen-\u00d8verleir \u00f8nsket ikke gjenvalg, mens Fj\u00e6rvoll stilte seg disponibel. I tillegg har Elizabeth Neergaard Blix v\u00e6rt kvinneforumsleder, men \u00f8nsker ikke gjenvalg. <br \/><\/p><p>Valgkomiteen har f\u00e5tt mange gode innspill p\u00e5 kandidater til Nordland H\u00f8yres n\u00f8kkelposisjoner. Komiteen har, s\u00e5 langt det har v\u00e6rt mulig, vektlagt geografi, kj\u00f8nn og erfaring. Valgkomiteen har best\u00e5tt av Christine Trones, Jim Simonsen Jensen, Marius Hansen og B\u00f8rge Larsen, sistnevnte som leder.<\/p><p>Valgkomiteens leder B\u00f8rge Larsen mener dette er godt lag for de to neste \u00e5rene mot et kommune- og fylkestingsvalg i 2019. M\u00e5let til Nordland H\u00f8yre er \u00e5 komme i posisjon i flere av fylkets kommuner, i tillegg gj\u00f8re et godt fylkestingsvalg.<\/p><p><b>Valgkomiteens leder, B\u00f8rge Larsen, mener komiteen har innstilt p\u00e5 et godt lag som kan v\u00e6re med p\u00e5 \u00e5 utvikle Nordland H\u00f8yre fremover. <\/b><\/p><p><b>Valgkomiteens innstilling og begrunnelse: <\/b><\/p><p>Grethe Monica Fj\u00e6rvoll er innstilt som ny leder. Hun er 51 \u00e5r, fra Bod\u00f8 og er gruppeleder for Bod\u00f8 H\u00f8yre. <\/p><p>&#8211; Fj\u00e6rvoll har bidratt til \u00e5 gj\u00f8re gode valg for H\u00f8yre i Bod\u00f8. S\u00e5 med henne mener valgkomiteen at Nordland H\u00f8yre vil f\u00e5 en leder som er tett p\u00e5 politikk. Hun har ogs\u00e5 et \u00e5rs erfaring som 1. nestleder i Nordland H\u00f8yre.<\/p><p>Svein Erik Kristiansen er innstilt som ny 1. nestleder. Han er 39 \u00e5r og ordf\u00f8rer i Evenes.<\/p><p>&#8211; Han kjenner Nordland som fylke godt og er n\u00e5 inne i sin andre periode som ordf\u00f8rer i Evenes. Kristiansen har tidligere jobbet for H\u00f8yre, han var kampanjer\u00e5dgiver for Nord-Norge i Stortingsvalget i 2013, s\u00e5 dette mener vi er et godt forslag.<\/p><p>Thomas Abildgaard Lehre er foresl\u00e5tt som ny 2.nestleder. Han er 35 \u00e5r, og er leder i Alstahaug H\u00f8yre. <\/p><p>&#8211; Abildgaard Lehre er kanskje for flere et nytt navn, men i Nordland H\u00f8yre er han kjent som en aktiv og engasjert politiker som vil v\u00e6re med \u00e5 drive organisasjonen og bygge lag frem mot 2019.<\/p><p>Elizabeth \u00c5sjord Sire er foresl\u00e5tt som ny kvinneforumseder. Hun er 21 \u00e5r og fra V\u00e5gan.<\/p><p>-Sire er Nordland H\u00f8yres f\u00f8rste vara til Stortinget, hun er kommunestyrerepresentant i V\u00e5gan, vara til fylkestinget og har jobbet for H\u00f8yre og Unge H\u00f8yre. Sires erfaring fra forskjellige deler av organisasjonen og hennes p\u00e5gangsmot blir uten tvil en ressurs for Nordland H\u00f8yre. <\/p><p><strong>Valgkomiteen innstiller p\u00e5 f\u00f8lgende utsendinger til H\u00f8yres Landsm\u00f8te f\u00f8rste helgen i april. Nordland H\u00f8yres \u00e5rsm\u00f8te skal velge 11 delegater.<\/strong><\/p><p>Velges:<\/p><ol start=\"1\" type=\"1\"><li>Leder Kvinneforum (velges av \u00e5rsm\u00f8tet)<\/li><li>Leder Unge H\u00f8yre (velges av \u00e5rsm\u00f8tet til Unge H\u00f8yre) <\/li><\/ol><ol start=\"3\" type=\"1\"><li>1.nestleder av Nordland H\u00f8yre (velges av \u00e5rsm\u00f8tet) <\/li><li>2.nestleder av Nordland H\u00f8yre (velges av \u00e5rsm\u00f8tet) <\/li><li>Liv Kristin Johnsen<\/li><li>Eivind Holst<\/li><li>Christine Trones<\/li><li>Jan Folke Sandnes<\/li><li>Jonni Solsvik<\/li><li>Daniel Bjarmann Simonsen<\/li><li>Roar Wessel Olsen<\/li><\/ol><p>Vara:<\/p><ol start=\"1\" type=\"1\"><li>Trine Remman<\/li><li>J\u00f8rn Klausen<\/li><li>Anita Solli<\/li><li>Hans Petter Horsgaard <\/li><li>Unge H\u00f8yre supplerer videre<\/li><\/ol><p>I tillegg m\u00f8ter disse som selvskrevne til H\u00f8yres Landsm\u00f8te: <\/p><ol start=\"1\" type=\"1\"><li>Leder av Nordland H\u00f8yre (velges av \u00e5rsm\u00f8tet)<\/li><li>Gruppeleder Kai Henriksen<\/li><li>Stortingsrepresentant Margunn Ebbesen<\/li><li>Stortingsrepresentant Jonny Finstad<\/li><\/ol><p><strong><em>For mer info kan valgkomiteens leder, B\u00f8rge Larsen, kontaktes p\u00e5 mob: 97141007<\/em><\/strong><\/p><p><br \/><\/p><\/div>\n<div class=\"tags\">\n\t<\/div>\n<div class=\"post-footer alignfull has-background block-editor-block-list__block\" data-align=full>\n\t<div class=\"post-footer-inner\">\n\t\t<h3>Relaterte artikler<\/h3>\n\t\t<div class=\"related-content\"><div class=\"is-card-hoyre\">\n\t<div class=\"teft-card hoyre-teft-card post-teft-card\">\n\t\t<a href=\"https:\/\/hoyre.no\/nordland\/aktuelt\/vi-onsker-dine-innspill\/\" class=\"teft-card__primary-action\">\n\n\t\t\t\t\t<div class=\"teft-card__media teft-card__media--16-9\">\n\t\t\t\t\t\t<img loading=\"lazy\" decoding=\"async\" width=\"768\" height=\"402\" src=\"https:\/\/hoyre.no\/content\/uploads\/sites\/9\/2026\/04\/Dokument-uten-navn-09.02.2026-1-1536x804-1-768x402.png\" class=\"attachment-medium_large size-medium_large\" alt=\"\" srcset=\"https:\/\/hoyre.no\/content\/uploads\/sites\/9\/2026\/04\/Dokument-uten-navn-09.02.2026-1-1536x804-1-768x402.png 768w, https:\/\/hoyre.no\/content\/uploads\/sites\/9\/2026\/04\/Dokument-uten-navn-09.02.2026-1-1536x804-1-300x157.png 300w, https:\/\/hoyre.no\/content\/uploads\/sites\/9\/2026\/04\/Dokument-uten-navn-09.02.2026-1-1536x804-1-1024x536.png 1024w, https:\/\/hoyre.no\/content\/uploads\/sites\/9\/2026\/04\/Dokument-uten-navn-09.02.2026-1-1536x804-1.png 1536w\" sizes=\"auto, (max-width: 768px) 100vw, 768px\" \/>\t\t<\/div>\n\t\t\n\t\t\t<div class=\"teft-card__content-wrapper\">\n\t\t\t\t<div class=\"teft-card__secondary\">\n\t\t\t\t\t\n\t\t\t\t\t\t\t\t<div class=\"teft-card__meta\">\n\t\t\t\t\t\t\t\t\t<span class=\"post-date\">15. apr 2026<\/span>\n\n\t\t\t\t\t\t\t\t\t<span class=\"post-category\">Nominasjonsprosess 2027\/2031<\/span>\t\t\t\t\t\t\t\t<\/div>\n\t\t\t\t\t\t\t\t\t\t\t<\/div>\n\n\t\t\t\t<div class=\"teft-card__primary\">\n\t\t\t\t\t<h2 class=\"teft-card__title\">Vi \u00f8nsker dine innspill!&nbsp;<span class=\"teft-card__primary-title-append\"><\/span><\/h2>\t\t\t\t<\/div>\n\t\t\t<\/div>\n\t\t<\/a>\n\t<\/div>\n\n\t<\/div><div class=\"is-card-hoyre\">\n\t<div class=\"teft-card hoyre-teft-card post-teft-card\">\n\t\t<a href=\"https:\/\/hoyre.no\/nordland\/aktuelt\/sjomatnaeringen-og-prosessindustrien\/\" class=\"teft-card__primary-action\">\n\n\t\t\t<div class=\"teft-card__media teft-card__media--16-9 no-image\"><\/div>\n\t\t\t<div class=\"teft-card__content-wrapper\">\n\t\t\t\t<div class=\"teft-card__secondary\">\n\t\t\t\t\t\n\t\t\t\t\t\t\t\t<div class=\"teft-card__meta\">\n\t\t\t\t\t\t\t\t\t<span class=\"post-date\">20. nov 2025<\/span>\n\n\t\t\t\t\t\t\t\t\t<span class=\"post-category\">Fylkes\u00e5rsm\u00f8te 2025<\/span>\t\t\t\t\t\t\t\t<\/div>\n\t\t\t\t\t\t\t\t\t\t\t<\/div>\n\n\t\t\t\t<div class=\"teft-card__primary\">\n\t\t\t\t\t<h2 class=\"teft-card__title\">Sj\u00f8matn\u00e6ringen og prosessindustrien&nbsp;<span class=\"teft-card__primary-title-append\"><\/span><\/h2>\t\t\t\t<\/div>\n\t\t\t<\/div>\n\t\t<\/a>\n\t<\/div>\n\n\t<\/div><div class=\"is-card-hoyre\">\n\t<div class=\"teft-card hoyre-teft-card post-teft-card\">\n\t\t<a href=\"https:\/\/hoyre.no\/nordland\/aktuelt\/okt-satsning-pa-havforskning\/\" class=\"teft-card__primary-action\">\n\n\t\t\t<div class=\"teft-card__media teft-card__media--16-9 no-image\"><\/div>\n\t\t\t<div class=\"teft-card__content-wrapper\">\n\t\t\t\t<div class=\"teft-card__secondary\">\n\t\t\t\t\t\n\t\t\t\t\t\t\t\t<div class=\"teft-card__meta\">\n\t\t\t\t\t\t\t\t\t<span class=\"post-date\">20. nov 2025<\/span>\n\n\t\t\t\t\t\t\t\t\t<span class=\"post-category\">Fylkes\u00e5rsm\u00f8te 2025<\/span>\t\t\t\t\t\t\t\t<\/div>\n\t\t\t\t\t\t\t\t\t\t\t<\/div>\n\n\t\t\t\t<div class=\"teft-card__primary\">\n\t\t\t\t\t<h2 class=\"teft-card__title\">\u00d8kt satsning p\u00e5 havforskning&nbsp;<span class=\"teft-card__primary-title-append\"><\/span><\/h2>\t\t\t\t<\/div>\n\t\t\t<\/div>\n\t\t<\/a>\n\t<\/div>\n\n\t<\/div><\/div>\t<\/div>\n<\/div>\n","protected":false},"excerpt":{"rendered":"","protected":false},"author":0,"featured_media":0,"comment_status":"closed","ping_status":"closed","sticky":false,"template":"","format":"standard","meta":{"teft_cards_image_url":"https:\/\/hoyre.no\/content\/uploads\/sites\/9\/2020\/11\/innstilling-bilde.jpg","teft_cards_custom_pretitle":"","teft_cards_image_id":274,"teft_cards_image_focal_point_x":0,"teft_cards_image_focal_point_y":0,"teft_cards_title":"","teft_cards_excerpt":"","teft_show_chapters":false,"author_display_name":"","footnotes":""},"category":[1],"post_tag":[],"hoyre-visibility":[],"article-type":[],"politician":[],"class_list":["post-275","post","type-post","status-publish","format-standard","hentry","category-ukategorisert"],"yoast_head":"<!-- This site is optimized with the Yoast SEO plugin v26.6 - https:\/\/yoast.com\/wordpress\/plugins\/seo\/ -->\n<title>Ny ledelse i Nordland H\u00f8yre - Nordland H\u00f8yre<\/title>\n<meta name=\"robots\" content=\"index, follow, max-snippet:-1, max-image-preview:large, max-video-preview:-1\" \/>\n<link rel=\"canonical\" href=\"https:\/\/hoyre.no\/nordland\/aktuelt\/ny-ledelse-i-nordlan\/\" \/>\n<meta property=\"og:locale\" content=\"nb_NO\" \/>\n<meta property=\"og:type\" content=\"article\" \/>\n<meta property=\"og:title\" content=\"Ny ledelse i Nordland H\u00f8yre - Nordland H\u00f8yre\" \/>\n<meta property=\"og:url\" content=\"https:\/\/hoyre.no\/nordland\/aktuelt\/ny-ledelse-i-nordlan\/\" \/>\n<meta property=\"og:site_name\" content=\"Nordland H\u00f8yre\" \/>\n<meta property=\"article:published_time\" content=\"2017-10-23T20:00:00+00:00\" \/>\n<meta property=\"og:image\" content=\"https:\/\/hoyre.no\/content\/uploads\/sites\/9\/2022\/11\/Hoyres-logo.png\" \/>\n\t<meta property=\"og:image:width\" content=\"1000\" \/>\n\t<meta property=\"og:image:height\" content=\"1000\" \/>\n\t<meta property=\"og:image:type\" content=\"image\/png\" \/>\n<meta name=\"twitter:card\" content=\"summary_large_image\" \/>\n<meta name=\"twitter:label1\" content=\"Ansl. lesetid\" \/>\n\t<meta name=\"twitter:data1\" content=\"3 minutter\" \/>\n<script type=\"application\/ld+json\" class=\"yoast-schema-graph\">{\"@context\":\"https:\/\/schema.org\",\"@graph\":[{\"@type\":\"NewsArticle\",\"@id\":\"https:\/\/hoyre.no\/nordland\/aktuelt\/ny-ledelse-i-nordlan\/\",\"url\":\"https:\/\/hoyre.no\/nordland\/aktuelt\/ny-ledelse-i-nordlan\/\",\"name\":\"Ny ledelse i Nordland H\u00f8yre - Nordland H\u00f8yre\",\"isPartOf\":{\"@id\":\"https:\/\/hoyre.no\/nordland\/#website\"},\"datePublished\":\"2017-10-23T20:00:00+00:00\",\"author\":{\"@id\":\"\"},\"breadcrumb\":{\"@id\":\"https:\/\/hoyre.no\/nordland\/aktuelt\/ny-ledelse-i-nordlan\/#breadcrumb\"},\"inLanguage\":\"nb-NO\",\"potentialAction\":[{\"@type\":\"ReadAction\",\"target\":[\"https:\/\/hoyre.no\/nordland\/aktuelt\/ny-ledelse-i-nordlan\/\"]}]},{\"@type\":\"BreadcrumbList\",\"@id\":\"https:\/\/hoyre.no\/nordland\/aktuelt\/ny-ledelse-i-nordlan\/#breadcrumb\",\"itemListElement\":[{\"@type\":\"ListItem\",\"position\":1,\"name\":\"Til hoyre.no\",\"item\":\"https:\/\/hoyre.no\"},{\"@type\":\"ListItem\",\"position\":2,\"name\":\"Hjem\",\"item\":\"https:\/\/hoyre.no\/nordland\/\"},{\"@type\":\"ListItem\",\"position\":3,\"name\":\"Ny ledelse i Nordland H\u00f8yre\"}]},{\"@type\":\"WebSite\",\"@id\":\"https:\/\/hoyre.no\/nordland\/#website\",\"url\":\"https:\/\/hoyre.no\/nordland\/\",\"name\":\"Nordland H\u00f8yre\",\"description\":\"Bare enda et H\u00f8yres nettsteder-nettsted\",\"inLanguage\":\"nb-NO\"}]}<\/script>\n<!-- \/ Yoast SEO plugin. -->","yoast_head_json":{"title":"Ny ledelse i Nordland H\u00f8yre - Nordland H\u00f8yre","robots":{"index":"index","follow":"follow","max-snippet":"max-snippet:-1","max-image-preview":"max-image-preview:large","max-video-preview":"max-video-preview:-1"},"canonical":"https:\/\/hoyre.no\/nordland\/aktuelt\/ny-ledelse-i-nordlan\/","og_locale":"nb_NO","og_type":"article","og_title":"Ny ledelse i Nordland H\u00f8yre - Nordland H\u00f8yre","og_url":"https:\/\/hoyre.no\/nordland\/aktuelt\/ny-ledelse-i-nordlan\/","og_site_name":"Nordland H\u00f8yre","article_published_time":"2017-10-23T20:00:00+00:00","og_image":[{"width":1000,"height":1000,"url":"https:\/\/hoyre.no\/content\/uploads\/sites\/9\/2022\/11\/Hoyres-logo.png","type":"image\/png"}],"twitter_card":"summary_large_image","twitter_misc":{"Ansl. lesetid":"3 minutter"},"schema":{"@context":"https:\/\/schema.org","@graph":[{"@type":"NewsArticle","@id":"https:\/\/hoyre.no\/nordland\/aktuelt\/ny-ledelse-i-nordlan\/","url":"https:\/\/hoyre.no\/nordland\/aktuelt\/ny-ledelse-i-nordlan\/","name":"Ny ledelse i Nordland H\u00f8yre - Nordland H\u00f8yre","isPartOf":{"@id":"https:\/\/hoyre.no\/nordland\/#website"},"datePublished":"2017-10-23T20:00:00+00:00","author":{"@id":""},"breadcrumb":{"@id":"https:\/\/hoyre.no\/nordland\/aktuelt\/ny-ledelse-i-nordlan\/#breadcrumb"},"inLanguage":"nb-NO","potentialAction":[{"@type":"ReadAction","target":["https:\/\/hoyre.no\/nordland\/aktuelt\/ny-ledelse-i-nordlan\/"]}]},{"@type":"BreadcrumbList","@id":"https:\/\/hoyre.no\/nordland\/aktuelt\/ny-ledelse-i-nordlan\/#breadcrumb","itemListElement":[{"@type":"ListItem","position":1,"name":"Til hoyre.no","item":"https:\/\/hoyre.no"},{"@type":"ListItem","position":2,"name":"Hjem","item":"https:\/\/hoyre.no\/nordland\/"},{"@type":"ListItem","position":3,"name":"Ny ledelse i Nordland H\u00f8yre"}]},{"@type":"WebSite","@id":"https:\/\/hoyre.no\/nordland\/#website","url":"https:\/\/hoyre.no\/nordland\/","name":"Nordland H\u00f8yre","description":"Bare enda et H\u00f8yres nettsteder-nettsted","inLanguage":"nb-NO"}]}},"distributor_meta":false,"distributor_terms":false,"distributor_media":false,"distributor_original_site_name":"Nordland H\u00f8yre","distributor_original_site_url":"https:\/\/hoyre.no\/nordland","push-errors":false,"_links":{"self":[{"href":"https:\/\/hoyre.no\/nordland\/wp-json\/wp\/v2\/posts\/275","targetHints":{"allow":["GET"]}}],"collection":[{"href":"https:\/\/hoyre.no\/nordland\/wp-json\/wp\/v2\/posts"}],"about":[{"href":"https:\/\/hoyre.no\/nordland\/wp-json\/wp\/v2\/types\/post"}],"replies":[{"embeddable":true,"href":"https:\/\/hoyre.no\/nordland\/wp-json\/wp\/v2\/comments?post=275"}],"version-history":[{"count":0,"href":"https:\/\/hoyre.no\/nordland\/wp-json\/wp\/v2\/posts\/275\/revisions"}],"wp:attachment":[{"href":"https:\/\/hoyre.no\/nordland\/wp-json\/wp\/v2\/media?parent=275"}],"wp:term":[{"taxonomy":"category","embeddable":true,"href":"https:\/\/hoyre.no\/nordland\/wp-json\/wp\/v2\/category?post=275"},{"taxonomy":"post_tag","embeddable":true,"href":"https:\/\/hoyre.no\/nordland\/wp-json\/wp\/v2\/post_tag?post=275"},{"taxonomy":"hoyre-visibility","embeddable":true,"href":"https:\/\/hoyre.no\/nordland\/wp-json\/wp\/v2\/hoyre-visibility?post=275"},{"taxonomy":"article-type","embeddable":true,"href":"https:\/\/hoyre.no\/nordland\/wp-json\/wp\/v2\/article-type?post=275"},{"taxonomy":"politician","embeddable":true,"href":"https:\/\/hoyre.no\/nordland\/wp-json\/wp\/v2\/politician?post=275"}],"curies":[{"name":"wp","href":"https:\/\/api.w.org\/{rel}","templated":true}]}}