{"id":302,"date":"2018-08-27T22:00:00","date_gmt":"2018-08-27T20:00:00","guid":{"rendered":"https:\/\/hoyre.no\/nordland\/aktuelt\/provenominasjon_til_fylkestingslisten_er_i_gang_3\/"},"modified":"2018-08-27T22:00:00","modified_gmt":"2018-08-27T20:00:00","slug":"provenominasjon_til_fylkestingslisten_er_i_gang_3","status":"publish","type":"post","link":"https:\/\/hoyre.no\/nordland\/aktuelt\/provenominasjon_til_fylkestingslisten_er_i_gang_3\/","title":{"rendered":"Pr\u00f8venominasjon til fylkestingslisten er i gang"},"content":{"rendered":"<p class=\"preamble\">Pr\u00f8venominasjon til Nordland H\u00f8yres fylkestingsliste har startet.<\/p><div id=\"hoyre-old-article-content-wrapper\"><p>  Nordland H\u00f8yre legger opp til en prosess hvor vi p\u00e5 best mulig m\u00e5te engasjerer hele partiorganisasjonen i valg av kandidater til fylkestingslisten i 2019.<\/p><p>Lokalforeningens stemmer er veldig viktige for nominasjonskomiteen. Vi har derfor lagt opp til f\u00f8lgende prosess:<\/p><ol><li>Innen 30.september legges det opp til pr\u00f8venominasjon i alle lokalforeningene i Nordland H\u00f8yre. <\/li><li>Pr\u00f8venominasjon blir en viktig pekepinne for nominasjonskomiteen. <\/li><li>Her kan lokalforeningene foresl\u00e5 alle som har stilt seg til disposisjon for partiet. 30. september klokken 23:59 er siste frist for innsendelse av pr\u00f8venominasjonsresultatet. <\/li><\/ol><ol type=\"a\"><li>Lokalforeningene kan ogs\u00e5 foresl\u00e5 kandidater som ikke er offentliggjort p\u00e5 Nordland H\u00f8yres hjemmesider. <\/li><li>Lokalpartiet som foresl\u00e5r disse kandidatene i sin pr\u00f8venominasjon m\u00e5 da ha f\u00e5tt bekreftet at aktuelle kandidater stiller seg til disposisjon.<\/li><li>N\u00e5r pr\u00f8venominasjonen er gjennomf\u00f8rt i lokalpartiet sendes resultatet til <a href=\"mailto:daniel.sordahl@hoyre.no\">daniel.sordahl@hoyre.no<\/a>.<\/li><li>Resultatene fra pr\u00f8venominasjonene vil fortl\u00f8pende bli offentliggjort p\u00e5 Nordland H\u00f8yres hjemmesider.<\/li><li>Mal for gjennomf\u00f8ring av pr\u00f8venominasjon ligger vedlagt denne e-posten. <\/li><\/ol><ol start=\"4\"><li>Nominasjonskomiteen ville offentliggj\u00f8re sin innstilling senest 19. oktober p\u00e5 Nordland H\u00f8yres hjemmeside. <\/li><li>Nominasjonsm\u00f8tet er 3.november i Bod\u00f8 p\u00e5 Radisson Blu.<\/li><\/ol><p>Kandidatpresentasjoner finner dere nederst p\u00e5 siden. <\/p><p>Hvis du har sp\u00f8rsm\u00e5l til nominasjonsprosessen i Nordland H\u00f8yre ta kontakt med leder av nominasjonskomiteen Christine Trones p\u00e5 <a href=\"mailto:Christine.Trones@hemnes.kommune.no\">Christine.Trones@hemnes.kommune.no<\/a> eller Daniel S\u00f8rdahl p\u00e5 H\u00f8yres Nord-Norge-Kontor, <a href=\"mailto:daniel.sordahl@hoyre.no\">daniel.sordahl@hoyre.no<\/a>.<\/p><p><br \/><\/p><p><strong>Alfabetisk kandidatliste: <\/strong><\/p><div><table border=\"0\" cellspacing=\"0\" cellpadding=\"0\" width=\"403\"><tbody><tr><td width=\"256\" valign=\"bottom\"><p><b>Navn<\/b><\/p><\/td><td width=\"79\" valign=\"bottom\"><p><b>Kommune<\/b><\/p><\/td><td width=\"68\" valign=\"bottom\"><p><b>F\u00f8dsels\u00e5r <\/b><\/p><\/td><\/tr><tr><td width=\"256\" valign=\"bottom\"><p>Arntzen, Lena<\/p><\/td><td width=\"79\" valign=\"bottom\"><p>Hadsel<\/p><\/td><td width=\"68\" valign=\"bottom\"><p>1976<\/p><\/td><\/tr><tr><td width=\"256\" valign=\"bottom\"><p>Aune-Fjelldal, Solveig<\/p><\/td><td width=\"79\" valign=\"bottom\"><p>Vefsn<\/p><\/td><td width=\"68\" valign=\"bottom\"><p>1965<\/p><\/td><\/tr><tr><td width=\"256\" valign=\"bottom\"><p>Bergh, Stian Hiis<\/p><\/td><td width=\"79\" valign=\"bottom\"><p>Bod\u00f8<\/p><\/td><td width=\"68\" valign=\"bottom\"><p>1984<\/p><\/td><\/tr><tr><td width=\"256\" valign=\"bottom\"><p>Bjarmann-Simonsen, Trine<\/p><\/td><td width=\"79\" valign=\"bottom\"><p>Bod\u00f8<\/p><\/td><td width=\"68\" valign=\"bottom\"><p>1989<\/p><\/td><\/tr><tr><td width=\"256\" valign=\"bottom\"><p>Blix, Elizabeth Neergaard<\/p><\/td><td width=\"79\" valign=\"bottom\"><p>Her\u00f8y<\/p><\/td><td width=\"68\" valign=\"bottom\"><p>1969<\/p><\/td><\/tr><tr><td width=\"256\" valign=\"bottom\"><p>Brattli, Bodil Irene Bj\u00f8rnaali<\/p><\/td><td width=\"79\" valign=\"bottom\"><p>Bod\u00f8<\/p><\/td><td width=\"68\" valign=\"bottom\"><p>1957<\/p><\/td><\/tr><tr><td width=\"256\" valign=\"bottom\"><p>B\u00f8hlerengen, Ole<\/p><\/td><td width=\"79\" valign=\"bottom\"><p>Saltdal<\/p><\/td><td width=\"68\" valign=\"bottom\"><p>1972<\/p><\/td><\/tr><tr><td width=\"256\" valign=\"bottom\"><p>Christiansen, Egil Trones<\/p><\/td><td width=\"79\" valign=\"bottom\"><p>Hemnes<\/p><\/td><td width=\"68\" valign=\"bottom\"><p>1999<\/p><\/td><\/tr><tr><td width=\"256\" valign=\"bottom\"><p>Clausen, J\u00f8rn Inge<\/p><\/td><td width=\"79\" valign=\"bottom\"><p>Vefsn<\/p><\/td><td width=\"68\" valign=\"bottom\"><p>1962<\/p><\/td><\/tr><tr><td width=\"256\" valign=\"bottom\"><p>Ellingsen, Grete<\/p><\/td><td width=\"79\" valign=\"bottom\"><p>Sortland <\/p><\/td><td width=\"68\" valign=\"bottom\"><p>1976<\/p><\/td><\/tr><tr><td width=\"256\" valign=\"bottom\"><p>Fj\u00f8rtoft, J\u00f8rgen Thommesen<\/p><\/td><td width=\"79\" valign=\"bottom\"><p>Bod\u00f8<\/p><\/td><td width=\"68\" valign=\"bottom\"><p>1992<\/p><\/td><\/tr><tr><td width=\"256\" valign=\"bottom\"><p>Hansen, Marius<\/p><\/td><td width=\"79\" valign=\"bottom\"><p>Bod\u00f8<\/p><\/td><td width=\"68\" valign=\"bottom\"><p>1986<\/p><\/td><\/tr><tr><td width=\"256\" valign=\"bottom\"><p>Haugli, Chris Eirik<\/p><\/td><td width=\"79\" valign=\"bottom\"><p>Hemnes<\/p><\/td><td width=\"68\" valign=\"bottom\"><p>1979<\/p><\/td><\/tr><tr><td width=\"256\" valign=\"bottom\"><p>Henriksen, Kai Henning<\/p><\/td><td width=\"79\" valign=\"bottom\"><p>Rana<\/p><\/td><td width=\"68\" valign=\"bottom\"><p>1959<\/p><\/td><\/tr><tr><td width=\"256\" valign=\"bottom\"><p>Horsgaard, Hans Petter <\/p><\/td><td width=\"79\" valign=\"bottom\"><p>Bod\u00f8<\/p><\/td><td width=\"68\" valign=\"bottom\"><p>1973<\/p><\/td><\/tr><tr><td width=\"256\" valign=\"bottom\"><p>Iversen, Vidar<\/p><\/td><td width=\"79\" valign=\"bottom\"><p>Vefsn<\/p><\/td><td width=\"68\" valign=\"bottom\"><p>1960<\/p><\/td><\/tr><tr><td width=\"256\" valign=\"bottom\"><p>Jenssen, Jim Simonsen<\/p><\/td><td width=\"79\" valign=\"bottom\"><p>Sortland <\/p><\/td><td width=\"68\" valign=\"bottom\"><p>1995<\/p><\/td><\/tr><tr><td width=\"256\" valign=\"bottom\"><p>Johansson, Jarl Stian<\/p><\/td><td width=\"79\" valign=\"bottom\"><p>Rana<\/p><\/td><td width=\"68\" valign=\"bottom\"><p>1971<\/p><\/td><\/tr><tr><td width=\"256\" valign=\"bottom\"><p>Kvensj\u00f8, Marianne Dobakk<\/p><\/td><td width=\"79\" valign=\"bottom\"><p>Narvik <\/p><\/td><td width=\"68\" valign=\"bottom\"><p>1980<\/p><\/td><\/tr><tr><td width=\"256\" valign=\"bottom\"><p>Langvatn, Odd<\/p><\/td><td width=\"79\" valign=\"bottom\"><p>Vefsn<\/p><\/td><td width=\"68\" valign=\"bottom\"><p>1963<\/p><\/td><\/tr><tr><td width=\"256\" valign=\"bottom\"><p>Laukholm, Kathrine<\/p><\/td><td width=\"79\" valign=\"bottom\"><p>Br\u00f8nn\u00f8y<\/p><\/td><td width=\"68\" valign=\"bottom\"><p>1961<\/p><\/td><\/tr><tr><td width=\"256\" valign=\"bottom\"><p>Lehre, Thomas Abildgaard <\/p><\/td><td width=\"79\" valign=\"bottom\"><p>Alstahaug<\/p><\/td><td width=\"68\" valign=\"bottom\"><p>1982<\/p><\/td><\/tr><tr><td width=\"256\" valign=\"bottom\"><p>Marthinussen, Anita Jonhill Elin Hegstad<\/p><\/td><td width=\"79\" valign=\"bottom\"><p>L\u00f8dingen<\/p><\/td><td width=\"68\" valign=\"bottom\"><p>1961<\/p><\/td><\/tr><tr><td width=\"256\" valign=\"bottom\"><p>Moe, Rune Andre<\/p><\/td><td width=\"79\" valign=\"bottom\"><p>Br\u00f8nn\u00f8y<\/p><\/td><td width=\"68\" valign=\"bottom\"><p>1975<\/p><\/td><\/tr><tr><td width=\"256\"><p>Nilsen, Beate B\u00f8 <\/p><\/td><td width=\"79\" valign=\"bottom\"><p>Sortland <\/p><\/td><td width=\"68\" valign=\"bottom\"><p>1965<\/p><\/td><\/tr><tr><td width=\"256\" valign=\"bottom\"><p>Olaussen, Pernille Kajander Frydendal<\/p><\/td><td width=\"79\" valign=\"bottom\"><p>Narvik<\/p><\/td><td width=\"68\" valign=\"bottom\"><p>1998<\/p><\/td><\/tr><tr><td width=\"256\" valign=\"bottom\"><p>Paulsen, Lars Filip<\/p><\/td><td width=\"79\" valign=\"bottom\"><p>Hammar\u00f8y <\/p><\/td><td width=\"68\" valign=\"bottom\"><p>1979<\/p><\/td><\/tr><tr><td width=\"256\" valign=\"bottom\"><p>Petersen-\u00d8verleir, Kjell-Joar <\/p><\/td><td width=\"79\" valign=\"bottom\"><p>Hemnes<\/p><\/td><td width=\"68\" valign=\"bottom\"><p>1968<\/p><\/td><\/tr><tr><td width=\"256\" valign=\"bottom\"><p>Remman, Morten<\/p><\/td><td width=\"79\" valign=\"bottom\"><p>Narvik<\/p><\/td><td width=\"68\" valign=\"bottom\"><p>1973<\/p><\/td><\/tr><tr><td width=\"256\" valign=\"bottom\"><p>Remman, Trine<\/p><\/td><td width=\"79\" valign=\"bottom\"><p>Narvik<\/p><\/td><td width=\"68\" valign=\"bottom\"><p>1980<\/p><\/td><\/tr><tr><td width=\"256\" valign=\"bottom\"><p>Sahl, Kjell Arne<\/p><\/td><td width=\"79\" valign=\"bottom\"><p>Mel\u00f8y<\/p><\/td><td width=\"68\" valign=\"bottom\"><p>1953<\/p><\/td><\/tr><tr><td width=\"256\" valign=\"bottom\"><p>Sandnes, Jan-Folke<\/p><\/td><td width=\"79\" valign=\"bottom\"><p>Hamar\u00f8y<\/p><\/td><td width=\"68\" valign=\"bottom\"><p>1956<\/p><\/td><\/tr><tr><td width=\"256\" valign=\"bottom\"><p>Sennesvik, Joakim<\/p><\/td><td width=\"79\" valign=\"bottom\"><p>Bod\u00f8<\/p><\/td><td width=\"68\" valign=\"bottom\"><p>1992<\/p><\/td><\/tr><tr><td width=\"256\" valign=\"bottom\"><p>Sire, Elizabeth \u00c5sjord<\/p><\/td><td width=\"79\" valign=\"bottom\"><p>V\u00e5gan<\/p><\/td><td width=\"68\" valign=\"bottom\"><p>1995<\/p><\/td><\/tr><tr><td width=\"256\" valign=\"bottom\"><p>Skjevik-Aasberg, Daniel<\/p><\/td><td width=\"79\" valign=\"bottom\"><p>Ballangen<\/p><\/td><td width=\"68\" valign=\"bottom\"><p>1994<\/p><\/td><\/tr><tr><td width=\"256\" valign=\"bottom\"><p>Skogsholm, Stig Tore<\/p><\/td><td width=\"79\" valign=\"bottom\"><p>Alstahaug<\/p><\/td><td width=\"68\" valign=\"bottom\"><p>1977<\/p><\/td><\/tr><tr><td width=\"256\" valign=\"bottom\"><p>Solbakken, Dina<\/p><\/td><td width=\"79\" valign=\"bottom\"><p>Vestv\u00e5g\u00f8y<\/p><\/td><td width=\"68\" valign=\"bottom\"><p>2000<\/p><\/td><\/tr><tr><td width=\"256\" valign=\"bottom\"><p>Solli, Anita Lill<\/p><\/td><td width=\"79\" valign=\"bottom\"><p>Rana<\/p><\/td><td width=\"68\" valign=\"bottom\"><p>1965<\/p><\/td><\/tr><tr><td width=\"256\" valign=\"bottom\"><p>\u00d8ren, Markus Johansen<\/p><\/td><td width=\"79\" valign=\"bottom\"><p>Hemnes<\/p><\/td><td width=\"68\" valign=\"bottom\"><p>2000<\/p><\/td><\/tr><\/tbody><\/table><\/div><p><\/p><p><br \/><\/p><\/div>\n<div class=\"tags\">\n\t<\/div>\n<div class=\"post-footer alignfull has-background block-editor-block-list__block\" data-align=full>\n\t<div class=\"post-footer-inner\">\n\t\t<h3>Relaterte artikler<\/h3>\n\t\t<div class=\"related-content\"><div class=\"is-card-hoyre\">\n\t<div class=\"teft-card hoyre-teft-card post-teft-card\">\n\t\t<a href=\"https:\/\/hoyre.no\/nordland\/aktuelt\/vi-onsker-dine-innspill\/\" class=\"teft-card__primary-action\">\n\n\t\t\t\t\t<div class=\"teft-card__media teft-card__media--16-9\">\n\t\t\t\t\t\t<img loading=\"lazy\" decoding=\"async\" width=\"768\" height=\"402\" src=\"https:\/\/hoyre.no\/content\/uploads\/sites\/9\/2026\/04\/Dokument-uten-navn-09.02.2026-1-1536x804-1-768x402.png\" class=\"attachment-medium_large size-medium_large\" alt=\"\" srcset=\"https:\/\/hoyre.no\/content\/uploads\/sites\/9\/2026\/04\/Dokument-uten-navn-09.02.2026-1-1536x804-1-768x402.png 768w, https:\/\/hoyre.no\/content\/uploads\/sites\/9\/2026\/04\/Dokument-uten-navn-09.02.2026-1-1536x804-1-300x157.png 300w, https:\/\/hoyre.no\/content\/uploads\/sites\/9\/2026\/04\/Dokument-uten-navn-09.02.2026-1-1536x804-1-1024x536.png 1024w, https:\/\/hoyre.no\/content\/uploads\/sites\/9\/2026\/04\/Dokument-uten-navn-09.02.2026-1-1536x804-1.png 1536w\" sizes=\"auto, (max-width: 768px) 100vw, 768px\" \/>\t\t<\/div>\n\t\t\n\t\t\t<div class=\"teft-card__content-wrapper\">\n\t\t\t\t<div class=\"teft-card__secondary\">\n\t\t\t\t\t\n\t\t\t\t\t\t\t\t<div class=\"teft-card__meta\">\n\t\t\t\t\t\t\t\t\t<span class=\"post-date\">15. apr 2026<\/span>\n\n\t\t\t\t\t\t\t\t\t<span class=\"post-category\">Nominasjonsprosess 2027\/2031<\/span>\t\t\t\t\t\t\t\t<\/div>\n\t\t\t\t\t\t\t\t\t\t\t<\/div>\n\n\t\t\t\t<div class=\"teft-card__primary\">\n\t\t\t\t\t<h2 class=\"teft-card__title\">Vi \u00f8nsker dine innspill!&nbsp;<span class=\"teft-card__primary-title-append\"><\/span><\/h2>\t\t\t\t<\/div>\n\t\t\t<\/div>\n\t\t<\/a>\n\t<\/div>\n\n\t<\/div><div class=\"is-card-hoyre\">\n\t<div class=\"teft-card hoyre-teft-card post-teft-card\">\n\t\t<a href=\"https:\/\/hoyre.no\/nordland\/aktuelt\/sjomatnaeringen-og-prosessindustrien\/\" class=\"teft-card__primary-action\">\n\n\t\t\t<div class=\"teft-card__media teft-card__media--16-9 no-image\"><\/div>\n\t\t\t<div class=\"teft-card__content-wrapper\">\n\t\t\t\t<div class=\"teft-card__secondary\">\n\t\t\t\t\t\n\t\t\t\t\t\t\t\t<div class=\"teft-card__meta\">\n\t\t\t\t\t\t\t\t\t<span class=\"post-date\">20. nov 2025<\/span>\n\n\t\t\t\t\t\t\t\t\t<span class=\"post-category\">Fylkes\u00e5rsm\u00f8te 2025<\/span>\t\t\t\t\t\t\t\t<\/div>\n\t\t\t\t\t\t\t\t\t\t\t<\/div>\n\n\t\t\t\t<div class=\"teft-card__primary\">\n\t\t\t\t\t<h2 class=\"teft-card__title\">Sj\u00f8matn\u00e6ringen og prosessindustrien&nbsp;<span class=\"teft-card__primary-title-append\"><\/span><\/h2>\t\t\t\t<\/div>\n\t\t\t<\/div>\n\t\t<\/a>\n\t<\/div>\n\n\t<\/div><div class=\"is-card-hoyre\">\n\t<div class=\"teft-card hoyre-teft-card post-teft-card\">\n\t\t<a href=\"https:\/\/hoyre.no\/nordland\/aktuelt\/okt-satsning-pa-havforskning\/\" class=\"teft-card__primary-action\">\n\n\t\t\t<div class=\"teft-card__media teft-card__media--16-9 no-image\"><\/div>\n\t\t\t<div class=\"teft-card__content-wrapper\">\n\t\t\t\t<div class=\"teft-card__secondary\">\n\t\t\t\t\t\n\t\t\t\t\t\t\t\t<div class=\"teft-card__meta\">\n\t\t\t\t\t\t\t\t\t<span class=\"post-date\">20. nov 2025<\/span>\n\n\t\t\t\t\t\t\t\t\t<span class=\"post-category\">Fylkes\u00e5rsm\u00f8te 2025<\/span>\t\t\t\t\t\t\t\t<\/div>\n\t\t\t\t\t\t\t\t\t\t\t<\/div>\n\n\t\t\t\t<div class=\"teft-card__primary\">\n\t\t\t\t\t<h2 class=\"teft-card__title\">\u00d8kt satsning p\u00e5 havforskning&nbsp;<span class=\"teft-card__primary-title-append\"><\/span><\/h2>\t\t\t\t<\/div>\n\t\t\t<\/div>\n\t\t<\/a>\n\t<\/div>\n\n\t<\/div><\/div>\t<\/div>\n<\/div>\n","protected":false},"excerpt":{"rendered":"","protected":false},"author":0,"featured_media":0,"comment_status":"closed","ping_status":"closed","sticky":false,"template":"","format":"standard","meta":{"teft_cards_image_url":"","teft_cards_custom_pretitle":"","teft_cards_image_id":0,"teft_cards_image_focal_point_x":0,"teft_cards_image_focal_point_y":0,"teft_cards_title":"","teft_cards_excerpt":"","teft_show_chapters":false,"author_display_name":"","footnotes":""},"category":[1],"post_tag":[],"hoyre-visibility":[],"article-type":[],"politician":[],"class_list":["post-302","post","type-post","status-publish","format-standard","hentry","category-ukategorisert"],"yoast_head":"<!-- This site is optimized with the Yoast SEO plugin v26.6 - https:\/\/yoast.com\/wordpress\/plugins\/seo\/ -->\n<title>Pr\u00f8venominasjon til fylkestingslisten er i gang - Nordland H\u00f8yre<\/title>\n<meta name=\"robots\" content=\"index, follow, max-snippet:-1, max-image-preview:large, max-video-preview:-1\" \/>\n<link rel=\"canonical\" href=\"https:\/\/hoyre.no\/nordland\/aktuelt\/provenominasjon_til_fylkestingslisten_er_i_gang_3\/\" \/>\n<meta property=\"og:locale\" content=\"nb_NO\" \/>\n<meta property=\"og:type\" content=\"article\" \/>\n<meta property=\"og:title\" content=\"Pr\u00f8venominasjon til fylkestingslisten er i gang - Nordland H\u00f8yre\" \/>\n<meta property=\"og:url\" content=\"https:\/\/hoyre.no\/nordland\/aktuelt\/provenominasjon_til_fylkestingslisten_er_i_gang_3\/\" \/>\n<meta property=\"og:site_name\" content=\"Nordland H\u00f8yre\" \/>\n<meta property=\"article:published_time\" content=\"2018-08-27T20:00:00+00:00\" \/>\n<meta property=\"og:image\" content=\"https:\/\/hoyre.no\/content\/uploads\/sites\/9\/2022\/11\/Hoyres-logo.png\" \/>\n\t<meta property=\"og:image:width\" content=\"1000\" \/>\n\t<meta property=\"og:image:height\" content=\"1000\" \/>\n\t<meta property=\"og:image:type\" content=\"image\/png\" \/>\n<meta name=\"twitter:card\" content=\"summary_large_image\" \/>\n<meta name=\"twitter:label1\" content=\"Ansl. lesetid\" \/>\n\t<meta name=\"twitter:data1\" content=\"2 minutter\" \/>\n<script type=\"application\/ld+json\" class=\"yoast-schema-graph\">{\"@context\":\"https:\/\/schema.org\",\"@graph\":[{\"@type\":\"NewsArticle\",\"@id\":\"https:\/\/hoyre.no\/nordland\/aktuelt\/provenominasjon_til_fylkestingslisten_er_i_gang_3\/\",\"url\":\"https:\/\/hoyre.no\/nordland\/aktuelt\/provenominasjon_til_fylkestingslisten_er_i_gang_3\/\",\"name\":\"Pr\u00f8venominasjon til fylkestingslisten er i gang - Nordland H\u00f8yre\",\"isPartOf\":{\"@id\":\"https:\/\/hoyre.no\/nordland\/#website\"},\"datePublished\":\"2018-08-27T20:00:00+00:00\",\"author\":{\"@id\":\"\"},\"breadcrumb\":{\"@id\":\"https:\/\/hoyre.no\/nordland\/aktuelt\/provenominasjon_til_fylkestingslisten_er_i_gang_3\/#breadcrumb\"},\"inLanguage\":\"nb-NO\",\"potentialAction\":[{\"@type\":\"ReadAction\",\"target\":[\"https:\/\/hoyre.no\/nordland\/aktuelt\/provenominasjon_til_fylkestingslisten_er_i_gang_3\/\"]}]},{\"@type\":\"BreadcrumbList\",\"@id\":\"https:\/\/hoyre.no\/nordland\/aktuelt\/provenominasjon_til_fylkestingslisten_er_i_gang_3\/#breadcrumb\",\"itemListElement\":[{\"@type\":\"ListItem\",\"position\":1,\"name\":\"Til hoyre.no\",\"item\":\"https:\/\/hoyre.no\"},{\"@type\":\"ListItem\",\"position\":2,\"name\":\"Hjem\",\"item\":\"https:\/\/hoyre.no\/nordland\/\"},{\"@type\":\"ListItem\",\"position\":3,\"name\":\"Pr\u00f8venominasjon til fylkestingslisten er i gang\"}]},{\"@type\":\"WebSite\",\"@id\":\"https:\/\/hoyre.no\/nordland\/#website\",\"url\":\"https:\/\/hoyre.no\/nordland\/\",\"name\":\"Nordland H\u00f8yre\",\"description\":\"Bare enda et H\u00f8yres nettsteder-nettsted\",\"inLanguage\":\"nb-NO\"}]}<\/script>\n<!-- \/ Yoast SEO plugin. -->","yoast_head_json":{"title":"Pr\u00f8venominasjon til fylkestingslisten er i gang - Nordland H\u00f8yre","robots":{"index":"index","follow":"follow","max-snippet":"max-snippet:-1","max-image-preview":"max-image-preview:large","max-video-preview":"max-video-preview:-1"},"canonical":"https:\/\/hoyre.no\/nordland\/aktuelt\/provenominasjon_til_fylkestingslisten_er_i_gang_3\/","og_locale":"nb_NO","og_type":"article","og_title":"Pr\u00f8venominasjon til fylkestingslisten er i gang - Nordland H\u00f8yre","og_url":"https:\/\/hoyre.no\/nordland\/aktuelt\/provenominasjon_til_fylkestingslisten_er_i_gang_3\/","og_site_name":"Nordland H\u00f8yre","article_published_time":"2018-08-27T20:00:00+00:00","og_image":[{"width":1000,"height":1000,"url":"https:\/\/hoyre.no\/content\/uploads\/sites\/9\/2022\/11\/Hoyres-logo.png","type":"image\/png"}],"twitter_card":"summary_large_image","twitter_misc":{"Ansl. lesetid":"2 minutter"},"schema":{"@context":"https:\/\/schema.org","@graph":[{"@type":"NewsArticle","@id":"https:\/\/hoyre.no\/nordland\/aktuelt\/provenominasjon_til_fylkestingslisten_er_i_gang_3\/","url":"https:\/\/hoyre.no\/nordland\/aktuelt\/provenominasjon_til_fylkestingslisten_er_i_gang_3\/","name":"Pr\u00f8venominasjon til fylkestingslisten er i gang - Nordland H\u00f8yre","isPartOf":{"@id":"https:\/\/hoyre.no\/nordland\/#website"},"datePublished":"2018-08-27T20:00:00+00:00","author":{"@id":""},"breadcrumb":{"@id":"https:\/\/hoyre.no\/nordland\/aktuelt\/provenominasjon_til_fylkestingslisten_er_i_gang_3\/#breadcrumb"},"inLanguage":"nb-NO","potentialAction":[{"@type":"ReadAction","target":["https:\/\/hoyre.no\/nordland\/aktuelt\/provenominasjon_til_fylkestingslisten_er_i_gang_3\/"]}]},{"@type":"BreadcrumbList","@id":"https:\/\/hoyre.no\/nordland\/aktuelt\/provenominasjon_til_fylkestingslisten_er_i_gang_3\/#breadcrumb","itemListElement":[{"@type":"ListItem","position":1,"name":"Til hoyre.no","item":"https:\/\/hoyre.no"},{"@type":"ListItem","position":2,"name":"Hjem","item":"https:\/\/hoyre.no\/nordland\/"},{"@type":"ListItem","position":3,"name":"Pr\u00f8venominasjon til fylkestingslisten er i gang"}]},{"@type":"WebSite","@id":"https:\/\/hoyre.no\/nordland\/#website","url":"https:\/\/hoyre.no\/nordland\/","name":"Nordland H\u00f8yre","description":"Bare enda et H\u00f8yres nettsteder-nettsted","inLanguage":"nb-NO"}]}},"distributor_meta":false,"distributor_terms":false,"distributor_media":false,"distributor_original_site_name":"Nordland H\u00f8yre","distributor_original_site_url":"https:\/\/hoyre.no\/nordland","push-errors":false,"_links":{"self":[{"href":"https:\/\/hoyre.no\/nordland\/wp-json\/wp\/v2\/posts\/302","targetHints":{"allow":["GET"]}}],"collection":[{"href":"https:\/\/hoyre.no\/nordland\/wp-json\/wp\/v2\/posts"}],"about":[{"href":"https:\/\/hoyre.no\/nordland\/wp-json\/wp\/v2\/types\/post"}],"replies":[{"embeddable":true,"href":"https:\/\/hoyre.no\/nordland\/wp-json\/wp\/v2\/comments?post=302"}],"version-history":[{"count":0,"href":"https:\/\/hoyre.no\/nordland\/wp-json\/wp\/v2\/posts\/302\/revisions"}],"wp:attachment":[{"href":"https:\/\/hoyre.no\/nordland\/wp-json\/wp\/v2\/media?parent=302"}],"wp:term":[{"taxonomy":"category","embeddable":true,"href":"https:\/\/hoyre.no\/nordland\/wp-json\/wp\/v2\/category?post=302"},{"taxonomy":"post_tag","embeddable":true,"href":"https:\/\/hoyre.no\/nordland\/wp-json\/wp\/v2\/post_tag?post=302"},{"taxonomy":"hoyre-visibility","embeddable":true,"href":"https:\/\/hoyre.no\/nordland\/wp-json\/wp\/v2\/hoyre-visibility?post=302"},{"taxonomy":"article-type","embeddable":true,"href":"https:\/\/hoyre.no\/nordland\/wp-json\/wp\/v2\/article-type?post=302"},{"taxonomy":"politician","embeddable":true,"href":"https:\/\/hoyre.no\/nordland\/wp-json\/wp\/v2\/politician?post=302"}],"curies":[{"name":"wp","href":"https:\/\/api.w.org\/{rel}","templated":true}]}}