{"id":304,"date":"2016-09-21T22:00:00","date_gmt":"2016-09-21T20:00:00","guid":{"rendered":"https:\/\/hoyre.no\/nordland\/aktuelt\/provenominasjoner-ti\/"},"modified":"2016-09-21T22:00:00","modified_gmt":"2016-09-21T20:00:00","slug":"provenominasjoner-ti","status":"publish","type":"post","link":"https:\/\/hoyre.no\/nordland\/aktuelt\/provenominasjoner-ti\/","title":{"rendered":"Pr\u00f8venominasjoner til Nordland H\u00f8yres stortingsvalgliste 2017"},"content":{"rendered":"<p class=\"preamble\">Her finner dere en oversikt over pr\u00f8venominasjonene. Saken oppdateres etter hvert som kommuneforeningene har sendt inn sine protokoller.<\/p>\t\t\t<div class=\"post-meta wp-block teft-byline-wrapper\">\n\t\t\t\t<div class=\"top\">\n\t\t\t\t\t<div class=\"signature\">\n\t\t\t\t\t\t<div class=\"teft-byline\">\n\t\t\t\t\t\t\t\t\t\t\t\t\t\t<div>\n\t\t\t\t\t\t\t\t<h3>H\u00f8yres redaksjon<\/h3>\t\t\t\t\t\t\t\t\n\t\t\t\t\t\t\t\t\t\t\t\t\t\t\t\t\t<span class=\"date\">Sist oppdatert: 21. september 2016<\/span>\n\t\t\t\t\t\t\t\t\t\t\t\t\t\t\t\t\t\t\t\t\t\t\t\t\t<span class=\"reading-time\" itemprop=\"timeRequired\" content=\"PT6M\"><em>Ca. 6 minutter lesetid<\/em><\/span>\n\t\t\t\t\t\t\t\t\t\t\t\t\t\t\t<\/div>\n\t\t\t\t\t\t<\/div>\n\t\t\t\t\t<\/div>\n\t\t\t\t\t\t<div class=\"sharing\">\n\t\t<a class=\"share-button share-link copy-link\" data-copy=\"https:\/\/hoyre.no\/nordland\/aktuelt\/provenominasjoner-ti\/\" target=\"_blank\"><span class=\"screen-reader-text\">Del link<\/span><\/a>\n\t\t<a class=\"share-button share-twitter\" href=\"http:\/\/twitter.com\/share?text=Pr\u00f8venominasjoner til Nordland H\u00f8yres stortingsvalgliste 2017&#038;url=https:\/\/hoyre.no\/nordland\/aktuelt\/provenominasjoner-ti\/&#038;hashtags=Hoyre\" target=\"_blank\"><span class=\"screen-reader-text\">Del p\u00e5 twitter<\/span><\/a>\n\t\t<a class=\"share-button share-facebook\" href=\"https:\/\/www.facebook.com\/sharer\/sharer.php?u=https:\/\/hoyre.no\/nordland\/aktuelt\/provenominasjoner-ti\/\" target=\"_blank\"><span class=\"screen-reader-text\">Del p\u00e5 facebook<\/span><\/a>\n\t<\/div>\n\t\t\t\t\t<\/div>\n\t\t\t<\/div>\n\n\t\t\t<figure class=\"hoyre-image-wrapper\"><div class=\"hoyre-image\"><img loading=\"lazy\" decoding=\"async\" width=\"2560\" height=\"1704\" src=\"https:\/\/hoyre.no\/content\/uploads\/sites\/9\/2020\/11\/stortinget-oslo-norw-scaled.jpg\" class=\"attachment-scaled size-scaled\" alt=\"\" style=\"object-position: 50% 50%\" srcset=\"https:\/\/hoyre.no\/content\/uploads\/sites\/9\/2020\/11\/stortinget-oslo-norw-scaled.jpg 2560w, https:\/\/hoyre.no\/content\/uploads\/sites\/9\/2020\/11\/stortinget-oslo-norw-300x200.jpg 300w, https:\/\/hoyre.no\/content\/uploads\/sites\/9\/2020\/11\/stortinget-oslo-norw-1024x681.jpg 1024w, https:\/\/hoyre.no\/content\/uploads\/sites\/9\/2020\/11\/stortinget-oslo-norw-768x511.jpg 768w, https:\/\/hoyre.no\/content\/uploads\/sites\/9\/2020\/11\/stortinget-oslo-norw-1536x1022.jpg 1536w, https:\/\/hoyre.no\/content\/uploads\/sites\/9\/2020\/11\/stortinget-oslo-norw-2048x1363.jpg 2048w\" sizes=\"auto, (max-width: 2560px) 100vw, 2560px\" \/><\/div><\/figure><div id=\"hoyre-old-article-content-wrapper\">Kommuneforeningene har frem til 1. oktober til \u00e5 komme med sine innspill til nominasjonskomiteen gjennom sine pr\u00f8venominasjoner. Kommuneforeningene st\u00e5r fritt til \u00e5 f\u00f8re opp nye kandidater.  <\/p><p><table border=\"0\" cellpadding=\"0\" cellspacing=\"0\" width=\"367\"><!--StartFragment--><colgroup><col width=\"80\" \/><col width=\"287\" \/><\/colgroup><tbody><tr height=\"19\"><td height=\"19\" colspan=\"2\" width=\"367\">Pr\u00f8venominasjon Nordland H\u00f8yres stortingsvalgliste 2017:<\/td><\/tr><tr height=\"19\"><td height=\"19\"><\/td><td><\/td><\/tr><tr height=\"19\"><td height=\"19\">Plass:<\/td><td>Navn:<\/td><\/tr><tr height=\"19\"><td height=\"19\"><\/td><td><\/td><\/tr><tr height=\"19\"><td height=\"19\" colspan=\"2\">Sortland H\u00f8yre 19. september:<\/td><\/tr><tr height=\"19\"><td height=\"19\">1<\/td><td>Beate B\u00f8 Nilsen<\/td><\/tr><tr height=\"19\"><td height=\"19\">2<\/td><td>Jardar Jensen<\/td><\/tr><tr height=\"19\"><td height=\"19\">3<\/td><td>Elisabeth Neerg\u00e5rd Blix<\/td><\/tr><tr height=\"19\"><td height=\"19\">4<\/td><td>Jim Simonsen Jensen<\/td><\/tr><tr height=\"19\"><td height=\"19\">5<\/td><td>Espen Rokka<\/td><\/tr><tr height=\"19\"><td height=\"19\">6<\/td><td>Agnete Tj\u00e6randsen<\/td><\/tr><tr height=\"19\"><td height=\"19\">7<\/td><td>Kai Henriksen<\/td><\/tr><tr height=\"19\"><td height=\"19\">8<\/td><td>Anita Marthinussen<\/td><\/tr><tr height=\"19\"><td height=\"19\">9<\/td><td>Anne-Rita Nicklasson<\/td><\/tr><tr height=\"19\"><td height=\"19\">10<\/td><td>Roar W. Olsen<\/td><\/tr><tr height=\"19\"><td height=\"19\">11<\/td><td>Marte Presteng<\/td><\/tr><tr height=\"19\"><td height=\"19\">12<\/td><td>Daniel Skjevik-Aasberg<\/td><\/tr><tr height=\"19\"><td height=\"19\">13<\/td><td>J\u00f8rn Clausen<\/td><\/tr><tr height=\"19\"><td height=\"19\">14<\/td><td><\/td><\/tr><tr height=\"19\"><td height=\"19\">15<\/td><td><\/td><\/tr><tr height=\"19\"><td height=\"19\"><\/td><td><\/td><\/tr><tr height=\"19\"><td height=\"19\" colspan=\"2\">Alstahaug H\u00f8yre, 19. september<\/td><\/tr><tr height=\"19\"><td height=\"19\">1<\/td><td>Margunn Ebbesen<\/td><\/tr><tr height=\"19\"><td height=\"19\">2<\/td><td>Jardar Jensen<\/td><\/tr><tr height=\"19\"><td height=\"19\">3<\/td><td>Elizabeth \u00c5sjord Sira<\/td><\/tr><tr height=\"19\"><td height=\"19\">4<\/td><td>Elisabeth Neerg\u00e5rd Blix<\/td><\/tr><tr height=\"19\"><td height=\"19\">5<\/td><td>Stig Tore Skogsholm<\/td><\/tr><tr height=\"19\"><td height=\"19\">6<\/td><td>Jonny Finstad<\/td><\/tr><tr height=\"19\"><td height=\"19\">7<\/td><td>Daniel Skjevik-Aasberg<\/td><\/tr><tr height=\"19\"><td height=\"19\">8<\/td><td>Marte Pr\u00e6steng<\/td><\/tr><tr height=\"19\"><td height=\"19\">9<\/td><td>Hans Petter Horsgaard<\/td><\/tr><tr height=\"19\"><td height=\"19\">10<\/td><td>Kai Henriksen<\/td><\/tr><tr height=\"19\"><td height=\"19\">11<\/td><td>Anne-Rita Nicklasson<\/td><\/tr><tr height=\"19\"><td height=\"19\">12<\/td><td>J\u00f8rn Clausen<\/td><\/tr><tr height=\"19\"><td height=\"19\">13<\/td><td>Anita Marthinussen<\/td><\/tr><tr height=\"19\"><td height=\"19\">14<\/td><td>Beate B\u00f8 Nilsen<\/td><\/tr><tr height=\"19\"><td height=\"19\">15<\/td><td>Agnete Tj\u00e6randsen<\/td><\/tr><tr height=\"19\"><td height=\"19\"><\/td><td><\/td><\/tr><tr height=\"19\"><td height=\"19\" colspan=\"2\">Gildesk\u00e5l H\u00f8yre, 19. september<\/td><\/tr><tr height=\"19\"><td height=\"19\">1<\/td><td>Odd Emil Ingebrigtsen<\/td><\/tr><tr height=\"19\"><td height=\"19\">2<\/td><td>Margunn Ebbesen<\/td><\/tr><tr height=\"19\"><td height=\"19\">3<\/td><td>Grete Ellingsen<\/td><\/tr><tr height=\"19\"><td height=\"19\">4<\/td><td>Jonny Finstad<\/td><\/tr><tr height=\"19\"><td height=\"19\">5<\/td><td>Frode Staurset<\/td><\/tr><tr height=\"19\"><td height=\"19\">6<\/td><td>Beate B\u00f8 Nilsen<\/td><\/tr><tr height=\"19\"><td height=\"19\">7<\/td><td>Hans Petter Horsg\u00e5rd<\/td><\/tr><tr height=\"19\"><td height=\"19\">8<\/td><td>Elizabeth \u00c5sjord Sire<\/td><\/tr><tr height=\"19\"><td height=\"19\">9<\/td><td>J\u00f8rgen T. Fj\u00f8rtoft<\/td><\/tr><tr height=\"19\"><td height=\"19\">10<\/td><td>Kai Henriksen<\/td><\/tr><tr height=\"19\"><td height=\"19\">11<\/td><td>Marte P<\/td><\/tr><tr height=\"19\"><td height=\"19\">12<\/td><td>Anita Marthinussen<\/td><\/tr><tr height=\"19\"><td height=\"19\">13<\/td><td>Agnete Tj\u00e6randsen<\/td><\/tr><tr height=\"19\"><td height=\"19\">14<\/td><td><\/td><\/tr><tr height=\"19\"><td height=\"19\">15<\/td><td><\/td><\/tr><tr height=\"19\"><td height=\"19\"><\/td><td><\/td><\/tr><tr height=\"19\"><td height=\"19\" colspan=\"2\">Br\u00f8nn\u00f8y H\u00f8yre, 20 september<\/td><\/tr><tr height=\"19\"><td height=\"19\">1<\/td><td>Margunn Ebbesen<\/td><\/tr><tr height=\"19\"><td height=\"19\">2<\/td><td>Jonny Finstad<\/td><\/tr><tr height=\"19\"><td height=\"19\">3<\/td><td>Daniel Skjevik-Aasberg<\/td><\/tr><tr height=\"19\"><td height=\"19\">4<\/td><td>Odd Emil Ingebrigtsen<\/td><\/tr><tr height=\"19\"><td height=\"19\">5<\/td><td>Elizabeth Asjord Sire<\/td><\/tr><tr height=\"19\"><td height=\"19\">6<\/td><td>Anita Marthinussen<\/td><\/tr><tr height=\"19\"><td height=\"19\">7<\/td><td>Elisabeth Nergaard Blix<\/td><\/tr><tr height=\"19\"><td height=\"19\">8<\/td><td>Roar Wessel Olsen<\/td><\/tr><tr height=\"19\"><td height=\"19\">9<\/td><td>Espen Rokkan<\/td><\/tr><tr height=\"19\"><td height=\"19\">10<\/td><td>Marte Pr\u00e6steng<\/td><\/tr><tr height=\"19\"><td height=\"19\">11<\/td><td>Agnete Tj\u00e6randsen<\/td><\/tr><tr height=\"19\"><td height=\"19\">12<\/td><td>Stig Tore Skogsholm<\/td><\/tr><tr height=\"19\"><td height=\"19\">13<\/td><td>J\u00f8rgen T. Fj\u00f8rtoft<\/td><\/tr><tr height=\"19\"><td height=\"19\">14<\/td><td>J\u00f8rn Clausen<\/td><\/tr><tr height=\"19\"><td height=\"19\">15<\/td><td>Oscar Ovid<\/td><\/tr><tr height=\"19\"><td height=\"19\"><\/td><td><\/td><\/tr><tr height=\"19\"><td height=\"19\" colspan=\"2\">Rana H\u00f8yre, 26. september<\/td><\/tr><tr height=\"19\"><td height=\"19\">1<\/td><td>Anita Sollie<\/td><\/tr><tr height=\"19\"><td height=\"19\">2<\/td><td>Odd Emil Ingerigtsen<\/td><\/tr><tr height=\"19\"><td height=\"19\">3<\/td><td>Margunn Ebbesen<\/td><\/tr><tr height=\"19\"><td height=\"19\">4<\/td><td>Jonny Finstad<\/td><\/tr><tr height=\"19\"><td height=\"19\">5<\/td><td>Elizabeth \u00c5. Sire<\/td><\/tr><tr height=\"19\"><td height=\"19\">6<\/td><td>Marte Pr\u00e6steng<\/td><\/tr><tr height=\"19\"><td height=\"19\">7<\/td><td>Agnete Tj\u00e6randsen<\/td><\/tr><tr height=\"19\"><td height=\"19\">8<\/td><td>Beate B\u00f8 Nilsen<\/td><\/tr><tr height=\"19\"><td height=\"19\">9<\/td><td>Daniel Skjevik-Aasberg<\/td><\/tr><tr height=\"19\"><td height=\"19\">10<\/td><td>Jardar Jensen<\/td><\/tr><tr height=\"19\"><td height=\"19\">11<\/td><td>Espen Haaland<\/td><\/tr><tr height=\"19\"><td height=\"19\">12<\/td><td>Roar Wessel Olsen<\/td><\/tr><tr height=\"19\"><td height=\"19\">13<\/td><td>Hans Olav Fj\u00e6rvoll<\/td><\/tr><tr height=\"19\"><td height=\"19\">14<\/td><td>Anita Marthinussen<\/td><\/tr><tr height=\"19\"><td height=\"19\">15<\/td><td>Espen Rokkan<\/td><\/tr><tr height=\"19\"><td height=\"19\"><\/td><td><\/td><\/tr><tr height=\"19\"><td height=\"19\" colspan=\"2\">Hamar\u00f8y H\u00f8yre, 26. september<\/td><\/tr><tr height=\"19\"><td height=\"19\">1<\/td><td>Margunn Ebbesen<\/td><\/tr><tr height=\"19\"><td height=\"19\">2<\/td><td>Odd Emil Ingebrigtsen<\/td><\/tr><tr height=\"19\"><td height=\"19\">3<\/td><td>Elizabeth \u00c5. Sire<\/td><\/tr><tr height=\"19\"><td height=\"19\">4<\/td><td>Jonny Finstad<\/td><\/tr><tr height=\"19\"><td height=\"19\">5<\/td><td>Elisabeth Nergaard Blix<\/td><\/tr><tr height=\"19\"><td height=\"19\">6<\/td><td>Kai Henriksen<\/td><\/tr><tr height=\"19\"><td height=\"19\">7<\/td><td>Hans Petter Horsgaard<\/td><\/tr><tr height=\"19\"><td height=\"19\">8<\/td><td>Angnete Tj\u00e6randsen<\/td><\/tr><tr height=\"19\"><td height=\"19\">9<\/td><td>Jardar Jensen<\/td><\/tr><tr height=\"19\"><td height=\"19\">10<\/td><td>Beate B\u00e6 Nilsen<\/td><\/tr><tr height=\"19\"><td height=\"19\">11<\/td><td>Daniel Skjevik-Aasberg<\/td><\/tr><tr height=\"19\"><td height=\"19\">12<\/td><td>Anita Marthinussen<\/td><\/tr><tr height=\"19\"><td height=\"19\">13<\/td><td>J\u00f8rgen T. Fj\u00f8rtoft<\/td><\/tr><tr height=\"19\"><td height=\"19\">14<\/td><td>Anne-Rita Nicklasson<\/td><\/tr><tr height=\"19\"><td height=\"19\">15<\/td><td>Roar Wessel Olsen<\/td><\/tr><tr height=\"19\"><td height=\"19\"><\/td><td><\/td><\/tr><tr height=\"19\"><td height=\"19\" colspan=\"2\">Evenes H\u00f8yre, 27. september<\/td><\/tr><tr height=\"19\"><td height=\"19\">1<\/td><td>Margunn Ebbesen<\/td><\/tr><tr height=\"19\"><td height=\"19\">2<\/td><td>Daniel Skjevik-Aasberg<\/td><\/tr><tr height=\"19\"><td height=\"19\">3<\/td><td>Jonny Finstad<\/td><\/tr><tr height=\"19\"><td height=\"19\">4<\/td><td>Agnete Tj\u00e6randsen<\/td><\/tr><tr height=\"19\"><td height=\"19\">5<\/td><td>Elizabeth \u00c5. Sire<\/td><\/tr><tr height=\"19\"><td height=\"19\">6<\/td><td>Roar Wessel Olsen<\/td><\/tr><tr height=\"19\"><td height=\"19\">7<\/td><td>Marte Pr\u00e6steng<\/td><\/tr><tr height=\"19\"><td height=\"19\">8<\/td><td>Jardar Jensen<\/td><\/tr><tr height=\"19\"><td height=\"19\">9<\/td><td>Espen Rokkan<\/td><\/tr><tr height=\"19\"><td height=\"19\">10<\/td><td>Anita Marthinussen<\/td><\/tr><tr height=\"19\"><td height=\"19\">11<\/td><td>J\u00f8rn Clausen<\/td><\/tr><tr height=\"19\"><td height=\"19\">12<\/td><td>Jim Simonsen Jensen<\/td><\/tr><tr height=\"19\"><td height=\"19\">13<\/td><td>Elisabeth Neergaard Blix<\/td><\/tr><tr height=\"19\"><td height=\"19\">14<\/td><td>J\u00f8rgen Fj\u00f8rtoft<\/td><\/tr><tr height=\"19\"><td height=\"19\">15<\/td><td>Beate B\u00f8 Nilsen<\/td><\/tr><tr height=\"19\"><td height=\"19\" colspan=\"2\">Vefsn H\u00f8yre, 27. september<\/td><\/tr><tr height=\"19\"><td height=\"19\">1<\/td><td>Margunn Ebbesen<\/td><\/tr><tr height=\"19\"><td height=\"19\">2<\/td><td>Jonny Finstad<\/td><\/tr><tr height=\"19\"><td height=\"19\">3<\/td><td>Hans Petter Horsgaard<\/td><\/tr><tr height=\"19\"><td height=\"19\">4<\/td><td>Elizabeth \u00c5. Sire<\/td><\/tr><tr height=\"19\"><td height=\"19\">5<\/td><td>J\u00f8rn Clausen<\/td><\/tr><tr height=\"19\"><td height=\"19\">6<\/td><td>Jardar Jensen<\/td><\/tr><tr height=\"19\"><td height=\"19\">7<\/td><td>Beate B\u00f8 Nilsen<\/td><\/tr><tr height=\"19\"><td height=\"19\">8<\/td><td>Elisabeth Nergaard Blix<\/td><\/tr><tr height=\"19\"><td height=\"19\">9<\/td><td>Daniel Skjevik-Aasberg<\/td><\/tr><tr height=\"19\"><td height=\"19\">10<\/td><td>Anita Marthinussen<\/td><\/tr><tr height=\"19\"><td height=\"19\">11<\/td><td>Stig Tore Skogsholm<\/td><\/tr><tr height=\"19\"><td height=\"19\">12<\/td><td>Marte Pr\u00e6steng<\/td><\/tr><tr height=\"19\"><td height=\"19\">13<\/td><td>Espen Rokkan<\/td><\/tr><tr height=\"19\"><td height=\"19\">14<\/td><td>Anne-Rita Nicklasson<\/td><\/tr><tr height=\"19\"><td height=\"19\">15<\/td><td>J\u00f8rgen T. Fj\u00f8rtoft<\/td><\/tr><tr height=\"19\"><td height=\"19\" colspan=\"2\">S\u00f8rfold H\u00f8yre, 25. september<\/td><\/tr><tr height=\"19\"><td height=\"19\">1<\/td><td>Margunn Ebbesen<\/td><\/tr><tr height=\"19\"><td height=\"19\">2<\/td><td>Odd Emil Ingebrigtsen<\/td><\/tr><tr height=\"19\"><td height=\"19\">3<\/td><td>Jonny Finstad<\/td><\/tr><tr height=\"19\"><td height=\"19\">4<\/td><td>Hans Petter Horsgaard<\/td><\/tr><tr height=\"19\"><td height=\"19\">5<\/td><td>Beate B\u00f8 Nilsen<\/td><\/tr><tr height=\"19\"><td height=\"19\">6<\/td><td>Jim Simonsen Jensen<\/td><\/tr><tr height=\"19\"><td height=\"19\">7<\/td><td>Elizabeth \u00c5. Sire<\/td><\/tr><tr height=\"19\"><td height=\"19\">8<\/td><td>Roar Wessel Olsen<\/td><\/tr><tr height=\"19\"><td height=\"19\" colspan=\"2\">Nordland Unge H\u00f8yre, 21. september<\/td><\/tr><tr height=\"19\"><td height=\"19\">1<\/td><td>Odd Emil Ingebrigtsen<\/td><\/tr><tr height=\"19\"><td height=\"19\">2<\/td><td>Elizabeth \u00c5. Sire<\/td><\/tr><tr height=\"19\"><td height=\"19\">3<\/td><td>Margunn Ebbesen<\/td><\/tr><tr height=\"19\"><td height=\"19\">4<\/td><td>Jonny Finstad<\/td><\/tr><tr height=\"19\"><td height=\"19\">5<\/td><td>J\u00f8rgen Fj\u00f8rtoft<\/td><\/tr><tr height=\"19\"><td height=\"19\">6<\/td><td>Marte Pr\u00e6steng<\/td><\/tr><tr height=\"19\"><td height=\"19\">7<\/td><td>Daniel Skjevik-Aasberg<\/td><\/tr><tr height=\"19\"><td height=\"19\">8<\/td><td>Jim Simonsen Jensen<\/td><\/tr><tr height=\"19\"><td height=\"19\">9<\/td><td>Agnete Tj\u00e6randsen<\/td><\/tr><tr height=\"19\"><td height=\"19\">10<\/td><td>Anita Marthinussen<\/td><\/tr><tr height=\"19\"><td height=\"19\" colspan=\"2\">Bod\u00f8 H\u00f8yre, 28. september<\/td><\/tr><tr height=\"19\"><td height=\"19\">1<\/td><td>Odd Emil Ingebrigtsen<\/td><\/tr><tr height=\"19\"><td height=\"19\">2<\/td><td>Margunn Ebbesen<\/td><\/tr><tr height=\"19\"><td height=\"19\">3<\/td><td>Anita Solli<\/td><\/tr><tr height=\"19\"><td height=\"19\">4<\/td><td>Elizabeth \u00c5. Sire<\/td><\/tr><tr height=\"19\"><td height=\"19\">5<\/td><td>Agnete Tj\u00e6randsen<\/td><\/tr><tr height=\"19\"><td height=\"19\">6<\/td><td>Jonny Finstad<\/td><\/tr><tr height=\"19\"><td height=\"19\">7<\/td><td>Stig Tore Skogsholm<\/td><\/tr><tr height=\"19\"><td height=\"19\">8<\/td><td>Beate B\u00f8 Nilsen<\/td><\/tr><tr height=\"19\"><td height=\"19\">9<\/td><td>J\u00f8rgen T. Fj\u00f8rtoft<\/td><\/tr><tr height=\"19\"><td height=\"19\">10<\/td><td>Hans Petter Horsgaard<\/td><\/tr><tr height=\"19\"><td height=\"19\">11<\/td><td>Hans Olav C Fj\u00e6rvoll<\/td><\/tr><tr height=\"19\"><td height=\"19\">12<\/td><td>Daniel Skjevik-Aasberg<\/td><\/tr><tr height=\"19\"><td height=\"19\">13<\/td><td>J\u00f8rn Clausen<\/td><\/tr><tr height=\"19\"><td height=\"19\">14<\/td><td>Jim Simonsen Jensen<\/td><\/tr><tr height=\"19\"><td height=\"19\">15<\/td><td>Espen Rokkan<\/td><\/tr><tr height=\"19\"><td height=\"19\" colspan=\"2\">V\u00e5gan H\u00f8yre, 29.september<\/td><\/tr><tr height=\"19\"><td height=\"19\">1<\/td><td>Margunn Ebbesen<\/td><\/tr><tr height=\"19\"><td height=\"19\">2<\/td><td>Odd Emil Ingebrigtsen<\/td><\/tr><tr height=\"19\"><td height=\"19\">3<\/td><td>Elizabeth \u00c5. Sire<\/td><\/tr><tr height=\"19\"><td height=\"19\">4<\/td><td>Espen Rokkan<\/td><\/tr><tr height=\"19\"><td height=\"19\">5<\/td><td>Beate B\u00f8 Nilsen<\/td><\/tr><tr height=\"19\"><td height=\"19\">6<\/td><td>Jonny Finstad<\/td><\/tr><tr height=\"19\"><td height=\"19\">7<\/td><td>Anita Marthinussen<\/td><\/tr><tr height=\"19\"><td height=\"19\">8<\/td><td>Stig Tore Skogsholm<\/td><\/tr><tr height=\"19\"><td height=\"19\">9<\/td><td>Anita Sollie<\/td><\/tr><tr height=\"19\"><td height=\"19\">10<\/td><td>J\u00f8rgen T. Fj\u00f8rtoft<\/td><\/tr><tr height=\"19\"><td height=\"19\">11<\/td><td>Elisabeth Neergaard Blix<\/td><\/tr><tr height=\"19\"><td height=\"19\">12<\/td><td>Jardar Jensen<\/td><\/tr><tr height=\"19\"><td height=\"19\">13<\/td><td>Anne-Rita Nicklasson<\/td><\/tr><tr height=\"19\"><td height=\"19\">14<\/td><td>Jan Simonsen Jenssen<\/td><\/tr><tr height=\"19\"><td height=\"19\">15<\/td><td>Sture Pedersen<\/td><\/tr><tr height=\"19\"><td height=\"19\" colspan=\"2\">Narvik H\u00f8yre, 29.september<\/td><\/tr><tr height=\"19\"><td height=\"19\">1<\/td><td>Margunn Ebbesen<\/td><\/tr><tr height=\"19\"><td height=\"19\">2<\/td><td>Jonny Finstad<\/td><\/tr><tr height=\"19\"><td height=\"19\">3<\/td><td>Daniel Skjevik-Aasberg<\/td><\/tr><tr height=\"19\"><td height=\"19\">4<\/td><td>Elizabeth \u00c5. Sire<\/td><\/tr><tr height=\"19\"><td height=\"19\">5<\/td><td>Jardar Jensen<\/td><\/tr><tr height=\"19\"><td height=\"19\">6<\/td><td>Anita Marthinussen<\/td><\/tr><tr height=\"19\"><td height=\"19\">7<\/td><td>Agnete Tj\u00e6randsen<\/td><\/tr><tr height=\"19\"><td height=\"19\">8<\/td><td>J\u00f8rn Clausen<\/td><\/tr><tr height=\"19\"><td height=\"19\">9<\/td><td>Marte Pr\u00e6steng<\/td><\/tr><tr height=\"19\"><td height=\"19\">10<\/td><td>Jim Simonsen Jensen<\/td><\/tr><tr height=\"19\"><td height=\"19\">11<\/td><td>Elisabeth Neerg\u00e5rd Blix<\/td><\/tr><tr height=\"19\"><td height=\"19\">12<\/td><td>Espen Rokkan<\/td><\/tr><tr height=\"19\"><td height=\"19\">13<\/td><td>Frode Staurset<\/td><\/tr><tr height=\"19\"><td height=\"19\">14<\/td><td>Stig Tore Skogsholm<\/td><\/tr><tr height=\"19\"><td height=\"19\" colspan=\"2\">Ballangen H\u00f8yre, 29.september<\/td><\/tr><tr height=\"19\"><td height=\"19\">1<\/td><td>Margunn Ebbesen<\/td><\/tr><tr height=\"19\"><td height=\"19\">2<\/td><td>Daniel Skjevik-Aasberg<\/td><\/tr><tr height=\"19\"><td height=\"19\">3<\/td><td>Jonny Finstad<\/td><\/tr><tr height=\"19\"><td height=\"19\">4<\/td><td>Marte Pr\u00e6steng<\/td><\/tr><tr height=\"19\"><td height=\"19\">5<\/td><td>Roar Wessel Olsen<\/td><\/tr><tr height=\"19\"><td height=\"19\">6<\/td><td>Jardar Jensen<\/td><\/tr><tr height=\"19\"><td height=\"19\">7<\/td><td>Anita Marthinussen<\/td><\/tr><tr height=\"19\"><td height=\"19\">8<\/td><td>Elizabeth \u00c5. Sire<\/td><\/tr><tr height=\"19\"><td height=\"19\">9<\/td><td>J\u00f8rgen T. Fj\u00f8rtoft<\/td><\/tr><tr height=\"19\"><td height=\"19\">10<\/td><td>Elisabeth Neergaard Blix<\/td><\/tr><tr height=\"19\"><td height=\"19\">11<\/td><td>Jim Simonsen Jensen<\/td><\/tr><tr height=\"19\"><td height=\"19\">12<\/td><td>J\u00f8rn Clausen<\/td><\/tr><tr height=\"19\"><td height=\"19\">13<\/td><td>Agnete Tj\u00e6randsen<\/td><\/tr><tr height=\"19\"><td height=\"19\">14<\/td><td>Espen Rokkan<\/td><\/tr><tr height=\"19\"><td height=\"19\">15<\/td><td>Stig Tore Skogsholm<\/td><\/tr><tr height=\"19\"><td height=\"19\" colspan=\"2\">Tjeldsund H\u00f8yre, 29.september<\/td><\/tr><tr height=\"19\"><td height=\"19\">1<\/td><td>Margunn Ebbesen<\/td><\/tr><tr height=\"19\"><td height=\"19\">2<\/td><td>Daniel Skjevik-Aasberg<\/td><\/tr><tr height=\"19\"><td height=\"19\">3<\/td><td>Jonny Finstad<\/td><\/tr><tr height=\"19\"><td height=\"19\">4<\/td><td>Agnete Tj\u00e6randsen<\/td><\/tr><tr height=\"19\"><td height=\"19\">5<\/td><td>Elizabeth \u00c5. Sire<\/td><\/tr><tr height=\"19\"><td height=\"19\">6<\/td><td>Roar Wessel Olsen<\/td><\/tr><tr height=\"19\"><td height=\"19\">7<\/td><td>Marte Pr\u00e6steng<\/td><\/tr><tr height=\"19\"><td height=\"19\">8<\/td><td>Jardar Jensen<\/td><\/tr><tr height=\"19\"><td height=\"19\">9<\/td><td>Espen Rokkan<\/td><\/tr><tr height=\"19\"><td height=\"19\">10<\/td><td>Anita Marthinussen<\/td><\/tr><tr height=\"19\"><td height=\"19\">11<\/td><td>J\u00f8rn Clausen<\/td><\/tr><tr height=\"19\"><td height=\"19\">12<\/td><td>Jim Simonsen Jensen<\/td><\/tr><tr height=\"19\"><td height=\"19\">13<\/td><td>Elisbeth Neergaard Blix<\/td><\/tr><tr height=\"19\"><td height=\"19\">14<\/td><td>J\u00f8rgen Fj\u00f8rtoft<\/td><\/tr><tr height=\"19\"><td height=\"19\">15<\/td><td>Beate B\u00f8 Nilsen<\/td><\/tr><tr height=\"19\"><td height=\"19\" colspan=\"2\" width=\"367\">And\u00f8y H\u00f8yre, 30. speptember<\/td><\/tr><tr height=\"19\"><td height=\"19\">1<\/td><td>Odd Emil Ingebrigtsen<\/td><\/tr><tr height=\"19\"><td height=\"19\">2<\/td><td>Anita Sollie<\/td><\/tr><tr height=\"19\"><td height=\"19\">3<\/td><td>Sture Pedersen<\/td><\/tr><tr height=\"19\"><td height=\"19\">4<\/td><td>Beate B\u00f8 Nilsen<\/td><\/tr><tr height=\"19\"><td height=\"19\">5<\/td><td>Jim Simonsen Jensen<\/td><\/tr><tr height=\"19\"><td height=\"19\">6<\/td><td>Espen Rokkan<\/td><\/tr><tr height=\"19\"><td height=\"19\">7<\/td><td>Anita Mathinussen<\/td><\/tr><tr height=\"19\"><td height=\"19\">8<\/td><td>Marte Pr\u00e6steng<\/td><\/tr><tr height=\"19\"><td height=\"19\">9<\/td><td>Roar Wessel Olsen<\/td><\/tr><tr height=\"19\"><td height=\"19\">10<\/td><td>Elizabeth \u00c5. Sire<\/td><\/tr><tr height=\"19\"><td height=\"19\">11<\/td><td>Frode Staurset<\/td><\/tr><tr height=\"19\"><td height=\"19\">12<\/td><td>Yngve Laukslett<\/td><\/tr><tr height=\"19\"><td height=\"19\">13<\/td><td>Elizabeth \u00c5. Sire<\/td><\/tr><tr height=\"19\"><td height=\"19\">14<\/td><td>Daniel Skjevik-Aasberg<\/td><\/tr><tr height=\"19\"><td height=\"19\">15<\/td><td>S. Asperheim <\/td><\/tr><\/tbody><\/table><table border=\"0\" cellpadding=\"0\" cellspacing=\"0\" width=\"354\"><!--StartFragment--><colgroup><col width=\"80\" \/><col width=\"274\" \/><\/colgroup><tbody><tr height=\"20\"><td height=\"20\" colspan=\"2\" width=\"354\">Vestv\u00e5g\u00f8y H\u00f8yre, 29.september<\/td><\/tr><tr height=\"20\"><td height=\"20\">1<\/td><td>Margunn Ebbesen<\/td><\/tr><tr height=\"20\"><td height=\"20\">2<\/td><td>Jonny Finstad<\/td><\/tr><tr height=\"20\"><td height=\"20\">3<\/td><td>Daniel Skjevik-Aasberg<\/td><\/tr><tr height=\"20\"><td height=\"20\">4<\/td><td>Elizabeth \u00c5. Sire<\/td><\/tr><tr height=\"20\"><td height=\"20\">5<\/td><td>Odd Emil Ingebrigtsen<\/td><\/tr><tr height=\"20\"><td height=\"20\">6<\/td><td>Anita Sollie<\/td><\/tr><tr height=\"20\"><td height=\"20\">7<\/td><td>Agnete Tj\u00e6randsen<\/td><\/tr><tr height=\"20\"><td height=\"20\">8<\/td><td>Beate B\u00f8 Nilsen<\/td><\/tr><tr height=\"20\"><td height=\"20\">9<\/td><td>J\u00f8rn Clausen<\/td><\/tr><tr height=\"20\"><td height=\"20\">10<\/td><td>J\u00f8rgen Fj\u00f8rtoft<\/td><\/tr><tr height=\"20\"><td height=\"20\">11<\/td><td>Elisabeth Neergaard Blix<\/td><\/tr><tr height=\"20\"><td height=\"20\">12<\/td><td>Anita Marthinussen<\/td><\/tr><tr height=\"20\"><td height=\"20\">13<\/td><td>B\u00f8rge Larsen<\/td><\/tr><tr height=\"20\"><td height=\"20\">14<\/td><td>Espen Rokkan<\/td><\/tr><tr height=\"20\"><td height=\"20\">15<\/td><td>Hans Petter Horsgaard<\/td><\/tr><!--EndFragment--><\/tbody><\/table><table border=\"0\" cellpadding=\"0\" cellspacing=\"0\" width=\"367\"><!--StartFragment--><colgroup><col width=\"80\" \/><col width=\"287\" \/><\/colgroup><tbody><tr height=\"19\"><td height=\"19\" colspan=\"2\" width=\"367\">Hemnes H\u00f8yre 5. oktober<\/td><\/tr><tr height=\"19\"><td height=\"19\">1<\/td><td>Margunn Ebbesen<\/td><\/tr><tr height=\"19\"><td height=\"19\">2<\/td><td>Odd Emil Ingebrigtsen<\/td><\/tr><tr height=\"19\"><td height=\"19\">3<\/td><td>Elizabeth \u00c5sjord Sire<\/td><\/tr><tr height=\"19\"><td height=\"19\">4<\/td><td>Jonny Finstad<\/td><\/tr><tr height=\"19\"><td height=\"19\">5<\/td><td>Marte Pr\u00e6steng<\/td><\/tr><tr height=\"19\"><td height=\"19\">6<\/td><td>J\u00f8rgen Fj\u00f8rtoft<\/td><\/tr><tr height=\"19\"><td height=\"19\">7<\/td><td>Grete Ellingsen<\/td><\/tr><tr height=\"19\"><td height=\"19\">8<\/td><td>Stig Tore Skogsholm<\/td><\/tr><tr height=\"19\"><td height=\"19\">9<\/td><td>Agnete Tj\u00e6randsen<\/td><\/tr><tr height=\"19\"><td height=\"19\">10<\/td><td>Jardar Jensen<\/td><\/tr><tr height=\"19\"><td height=\"19\">11<\/td><td>Anita Sollie<\/td><\/tr><tr height=\"19\"><td height=\"19\">12<\/td><td>Hans Petter Horsgaard<\/td><\/tr><tr height=\"19\"><td height=\"19\">13<\/td><td>Anita Marthinussen<\/td><\/tr><tr height=\"19\"><td height=\"19\" colspan=\"2\">L\u00f8dingen H\u00f8yre 22.september <\/td><\/tr><tr height=\"19\"><td height=\"19\">1<\/td><td>Margunn Ebbesen<\/td><\/tr><tr height=\"19\"><td height=\"19\">2<\/td><td>Jardar Jensen<\/td><\/tr><tr height=\"19\"><td height=\"19\">3<\/td><td>Agnete Tj\u00e6randsen<\/td><\/tr><tr height=\"19\"><td height=\"19\">4<\/td><td>Jonny Finstad<\/td><\/tr><tr height=\"19\"><td height=\"19\">5<\/td><td>Anita Marthinussen<\/td><\/tr><tr height=\"19\"><td height=\"19\">6<\/td><td>Frode Staurset<\/td><\/tr><tr height=\"19\"><td height=\"19\">7<\/td><td>Elisabeth N. Blix<\/td><\/tr><tr height=\"19\"><td height=\"19\">8<\/td><td>Elizabeth \u00c5. Sire<\/td><\/tr><tr height=\"19\"><td height=\"19\">9<\/td><td>Roar Wessel Olsen<\/td><\/tr><tr height=\"19\"><td height=\"19\">10<\/td><td>Anne-Rita Nicklasson<\/td><\/tr><tr height=\"19\"><td height=\"19\">11<\/td><td>Julian Aspheim<\/td><\/tr><tr height=\"19\"><td height=\"19\">12<\/td><td>Beate B\u00f8 Nilsen<\/td><\/tr><tr height=\"19\"><td height=\"19\">13<\/td><td>Daniel Skjevik-Aasberg<\/td><\/tr><tr height=\"19\"><td height=\"19\">14<\/td><td>Jim Simonsen Jensen<\/td><\/tr><tr height=\"19\"><td height=\"19\">15<\/td><td>Hans Petter Horsgaard<\/td><\/tr><!--EndFragment--><\/tbody><\/table><br \/><\/div>\n<div class=\"tags\">\n\t<\/div>\n<div class=\"post-footer alignfull has-background block-editor-block-list__block\" data-align=full>\n\t<div class=\"post-footer-inner\">\n\t\t<h3>Relaterte artikler<\/h3>\n\t\t<div class=\"related-content\"><div class=\"is-card-hoyre\">\n\t<div class=\"teft-card hoyre-teft-card post-teft-card\">\n\t\t<a href=\"https:\/\/hoyre.no\/nordland\/aktuelt\/vi-onsker-dine-innspill\/\" class=\"teft-card__primary-action\">\n\n\t\t\t\t\t<div class=\"teft-card__media teft-card__media--16-9\">\n\t\t\t\t\t\t<img loading=\"lazy\" decoding=\"async\" width=\"768\" height=\"402\" src=\"https:\/\/hoyre.no\/content\/uploads\/sites\/9\/2026\/04\/Dokument-uten-navn-09.02.2026-1-1536x804-1-768x402.png\" class=\"attachment-medium_large size-medium_large\" alt=\"\" srcset=\"https:\/\/hoyre.no\/content\/uploads\/sites\/9\/2026\/04\/Dokument-uten-navn-09.02.2026-1-1536x804-1-768x402.png 768w, https:\/\/hoyre.no\/content\/uploads\/sites\/9\/2026\/04\/Dokument-uten-navn-09.02.2026-1-1536x804-1-300x157.png 300w, https:\/\/hoyre.no\/content\/uploads\/sites\/9\/2026\/04\/Dokument-uten-navn-09.02.2026-1-1536x804-1-1024x536.png 1024w, https:\/\/hoyre.no\/content\/uploads\/sites\/9\/2026\/04\/Dokument-uten-navn-09.02.2026-1-1536x804-1.png 1536w\" sizes=\"auto, (max-width: 768px) 100vw, 768px\" \/>\t\t<\/div>\n\t\t\n\t\t\t<div class=\"teft-card__content-wrapper\">\n\t\t\t\t<div class=\"teft-card__secondary\">\n\t\t\t\t\t\n\t\t\t\t\t\t\t\t<div class=\"teft-card__meta\">\n\t\t\t\t\t\t\t\t\t<span class=\"post-date\">15. apr 2026<\/span>\n\n\t\t\t\t\t\t\t\t\t<span class=\"post-category\">Nominasjonsprosess 2027\/2031<\/span>\t\t\t\t\t\t\t\t<\/div>\n\t\t\t\t\t\t\t\t\t\t\t<\/div>\n\n\t\t\t\t<div class=\"teft-card__primary\">\n\t\t\t\t\t<h2 class=\"teft-card__title\">Vi \u00f8nsker dine innspill!&nbsp;<span class=\"teft-card__primary-title-append\"><\/span><\/h2>\t\t\t\t<\/div>\n\t\t\t<\/div>\n\t\t<\/a>\n\t<\/div>\n\n\t<\/div><div class=\"is-card-hoyre\">\n\t<div class=\"teft-card hoyre-teft-card post-teft-card\">\n\t\t<a href=\"https:\/\/hoyre.no\/nordland\/aktuelt\/sjomatnaeringen-og-prosessindustrien\/\" class=\"teft-card__primary-action\">\n\n\t\t\t<div class=\"teft-card__media teft-card__media--16-9 no-image\"><\/div>\n\t\t\t<div class=\"teft-card__content-wrapper\">\n\t\t\t\t<div class=\"teft-card__secondary\">\n\t\t\t\t\t\n\t\t\t\t\t\t\t\t<div class=\"teft-card__meta\">\n\t\t\t\t\t\t\t\t\t<span class=\"post-date\">20. nov 2025<\/span>\n\n\t\t\t\t\t\t\t\t\t<span class=\"post-category\">Fylkes\u00e5rsm\u00f8te 2025<\/span>\t\t\t\t\t\t\t\t<\/div>\n\t\t\t\t\t\t\t\t\t\t\t<\/div>\n\n\t\t\t\t<div class=\"teft-card__primary\">\n\t\t\t\t\t<h2 class=\"teft-card__title\">Sj\u00f8matn\u00e6ringen og prosessindustrien&nbsp;<span class=\"teft-card__primary-title-append\"><\/span><\/h2>\t\t\t\t<\/div>\n\t\t\t<\/div>\n\t\t<\/a>\n\t<\/div>\n\n\t<\/div><div class=\"is-card-hoyre\">\n\t<div class=\"teft-card hoyre-teft-card post-teft-card\">\n\t\t<a href=\"https:\/\/hoyre.no\/nordland\/aktuelt\/okt-satsning-pa-havforskning\/\" class=\"teft-card__primary-action\">\n\n\t\t\t<div class=\"teft-card__media teft-card__media--16-9 no-image\"><\/div>\n\t\t\t<div class=\"teft-card__content-wrapper\">\n\t\t\t\t<div class=\"teft-card__secondary\">\n\t\t\t\t\t\n\t\t\t\t\t\t\t\t<div class=\"teft-card__meta\">\n\t\t\t\t\t\t\t\t\t<span class=\"post-date\">20. nov 2025<\/span>\n\n\t\t\t\t\t\t\t\t\t<span class=\"post-category\">Fylkes\u00e5rsm\u00f8te 2025<\/span>\t\t\t\t\t\t\t\t<\/div>\n\t\t\t\t\t\t\t\t\t\t\t<\/div>\n\n\t\t\t\t<div class=\"teft-card__primary\">\n\t\t\t\t\t<h2 class=\"teft-card__title\">\u00d8kt satsning p\u00e5 havforskning&nbsp;<span class=\"teft-card__primary-title-append\"><\/span><\/h2>\t\t\t\t<\/div>\n\t\t\t<\/div>\n\t\t<\/a>\n\t<\/div>\n\n\t<\/div><\/div>\t<\/div>\n<\/div>\n","protected":false},"excerpt":{"rendered":"","protected":false},"author":0,"featured_media":0,"comment_status":"closed","ping_status":"closed","sticky":false,"template":"","format":"standard","meta":{"teft_cards_image_url":"https:\/\/hoyre.no\/content\/uploads\/sites\/9\/2020\/11\/stortinget-oslo-norw-scaled.jpg","teft_cards_custom_pretitle":"","teft_cards_image_id":303,"teft_cards_image_focal_point_x":0,"teft_cards_image_focal_point_y":0,"teft_cards_title":"","teft_cards_excerpt":"","teft_show_chapters":false,"author_display_name":"","footnotes":""},"category":[1],"post_tag":[],"hoyre-visibility":[],"article-type":[],"politician":[],"class_list":["post-304","post","type-post","status-publish","format-standard","hentry","category-ukategorisert"],"yoast_head":"<!-- This site is optimized with the Yoast SEO plugin v26.6 - https:\/\/yoast.com\/wordpress\/plugins\/seo\/ -->\n<title>Pr\u00f8venominasjoner til Nordland H\u00f8yres stortingsvalgliste 2017 - Nordland H\u00f8yre<\/title>\n<meta name=\"robots\" content=\"index, follow, max-snippet:-1, max-image-preview:large, max-video-preview:-1\" \/>\n<link rel=\"canonical\" href=\"https:\/\/hoyre.no\/nordland\/aktuelt\/provenominasjoner-ti\/\" \/>\n<meta property=\"og:locale\" content=\"nb_NO\" \/>\n<meta property=\"og:type\" content=\"article\" \/>\n<meta property=\"og:title\" content=\"Pr\u00f8venominasjoner til Nordland H\u00f8yres stortingsvalgliste 2017 - Nordland H\u00f8yre\" \/>\n<meta property=\"og:url\" content=\"https:\/\/hoyre.no\/nordland\/aktuelt\/provenominasjoner-ti\/\" \/>\n<meta property=\"og:site_name\" content=\"Nordland H\u00f8yre\" \/>\n<meta property=\"article:published_time\" content=\"2016-09-21T20:00:00+00:00\" \/>\n<meta property=\"og:image\" content=\"https:\/\/hoyre.no\/content\/uploads\/sites\/9\/2022\/11\/Hoyres-logo.png\" \/>\n\t<meta property=\"og:image:width\" content=\"1000\" \/>\n\t<meta property=\"og:image:height\" content=\"1000\" \/>\n\t<meta property=\"og:image:type\" content=\"image\/png\" \/>\n<meta name=\"twitter:card\" content=\"summary_large_image\" \/>\n<meta name=\"twitter:label1\" content=\"Ansl. lesetid\" \/>\n\t<meta name=\"twitter:data1\" content=\"4 minutter\" \/>\n<script type=\"application\/ld+json\" class=\"yoast-schema-graph\">{\"@context\":\"https:\/\/schema.org\",\"@graph\":[{\"@type\":\"NewsArticle\",\"@id\":\"https:\/\/hoyre.no\/nordland\/aktuelt\/provenominasjoner-ti\/\",\"url\":\"https:\/\/hoyre.no\/nordland\/aktuelt\/provenominasjoner-ti\/\",\"name\":\"Pr\u00f8venominasjoner til Nordland H\u00f8yres stortingsvalgliste 2017 - Nordland H\u00f8yre\",\"isPartOf\":{\"@id\":\"https:\/\/hoyre.no\/nordland\/#website\"},\"datePublished\":\"2016-09-21T20:00:00+00:00\",\"author\":{\"@id\":\"\"},\"breadcrumb\":{\"@id\":\"https:\/\/hoyre.no\/nordland\/aktuelt\/provenominasjoner-ti\/#breadcrumb\"},\"inLanguage\":\"nb-NO\",\"potentialAction\":[{\"@type\":\"ReadAction\",\"target\":[\"https:\/\/hoyre.no\/nordland\/aktuelt\/provenominasjoner-ti\/\"]}]},{\"@type\":\"BreadcrumbList\",\"@id\":\"https:\/\/hoyre.no\/nordland\/aktuelt\/provenominasjoner-ti\/#breadcrumb\",\"itemListElement\":[{\"@type\":\"ListItem\",\"position\":1,\"name\":\"Til hoyre.no\",\"item\":\"https:\/\/hoyre.no\"},{\"@type\":\"ListItem\",\"position\":2,\"name\":\"Hjem\",\"item\":\"https:\/\/hoyre.no\/nordland\/\"},{\"@type\":\"ListItem\",\"position\":3,\"name\":\"Pr\u00f8venominasjoner til Nordland H\u00f8yres stortingsvalgliste 2017\"}]},{\"@type\":\"WebSite\",\"@id\":\"https:\/\/hoyre.no\/nordland\/#website\",\"url\":\"https:\/\/hoyre.no\/nordland\/\",\"name\":\"Nordland H\u00f8yre\",\"description\":\"Bare enda et H\u00f8yres nettsteder-nettsted\",\"inLanguage\":\"nb-NO\"}]}<\/script>\n<!-- \/ Yoast SEO plugin. -->","yoast_head_json":{"title":"Pr\u00f8venominasjoner til Nordland H\u00f8yres stortingsvalgliste 2017 - Nordland H\u00f8yre","robots":{"index":"index","follow":"follow","max-snippet":"max-snippet:-1","max-image-preview":"max-image-preview:large","max-video-preview":"max-video-preview:-1"},"canonical":"https:\/\/hoyre.no\/nordland\/aktuelt\/provenominasjoner-ti\/","og_locale":"nb_NO","og_type":"article","og_title":"Pr\u00f8venominasjoner til Nordland H\u00f8yres stortingsvalgliste 2017 - Nordland H\u00f8yre","og_url":"https:\/\/hoyre.no\/nordland\/aktuelt\/provenominasjoner-ti\/","og_site_name":"Nordland H\u00f8yre","article_published_time":"2016-09-21T20:00:00+00:00","og_image":[{"width":1000,"height":1000,"url":"https:\/\/hoyre.no\/content\/uploads\/sites\/9\/2022\/11\/Hoyres-logo.png","type":"image\/png"}],"twitter_card":"summary_large_image","twitter_misc":{"Ansl. lesetid":"4 minutter"},"schema":{"@context":"https:\/\/schema.org","@graph":[{"@type":"NewsArticle","@id":"https:\/\/hoyre.no\/nordland\/aktuelt\/provenominasjoner-ti\/","url":"https:\/\/hoyre.no\/nordland\/aktuelt\/provenominasjoner-ti\/","name":"Pr\u00f8venominasjoner til Nordland H\u00f8yres stortingsvalgliste 2017 - Nordland H\u00f8yre","isPartOf":{"@id":"https:\/\/hoyre.no\/nordland\/#website"},"datePublished":"2016-09-21T20:00:00+00:00","author":{"@id":""},"breadcrumb":{"@id":"https:\/\/hoyre.no\/nordland\/aktuelt\/provenominasjoner-ti\/#breadcrumb"},"inLanguage":"nb-NO","potentialAction":[{"@type":"ReadAction","target":["https:\/\/hoyre.no\/nordland\/aktuelt\/provenominasjoner-ti\/"]}]},{"@type":"BreadcrumbList","@id":"https:\/\/hoyre.no\/nordland\/aktuelt\/provenominasjoner-ti\/#breadcrumb","itemListElement":[{"@type":"ListItem","position":1,"name":"Til hoyre.no","item":"https:\/\/hoyre.no"},{"@type":"ListItem","position":2,"name":"Hjem","item":"https:\/\/hoyre.no\/nordland\/"},{"@type":"ListItem","position":3,"name":"Pr\u00f8venominasjoner til Nordland H\u00f8yres stortingsvalgliste 2017"}]},{"@type":"WebSite","@id":"https:\/\/hoyre.no\/nordland\/#website","url":"https:\/\/hoyre.no\/nordland\/","name":"Nordland H\u00f8yre","description":"Bare enda et H\u00f8yres nettsteder-nettsted","inLanguage":"nb-NO"}]}},"distributor_meta":false,"distributor_terms":false,"distributor_media":false,"distributor_original_site_name":"Nordland H\u00f8yre","distributor_original_site_url":"https:\/\/hoyre.no\/nordland","push-errors":false,"_links":{"self":[{"href":"https:\/\/hoyre.no\/nordland\/wp-json\/wp\/v2\/posts\/304","targetHints":{"allow":["GET"]}}],"collection":[{"href":"https:\/\/hoyre.no\/nordland\/wp-json\/wp\/v2\/posts"}],"about":[{"href":"https:\/\/hoyre.no\/nordland\/wp-json\/wp\/v2\/types\/post"}],"replies":[{"embeddable":true,"href":"https:\/\/hoyre.no\/nordland\/wp-json\/wp\/v2\/comments?post=304"}],"version-history":[{"count":0,"href":"https:\/\/hoyre.no\/nordland\/wp-json\/wp\/v2\/posts\/304\/revisions"}],"wp:attachment":[{"href":"https:\/\/hoyre.no\/nordland\/wp-json\/wp\/v2\/media?parent=304"}],"wp:term":[{"taxonomy":"category","embeddable":true,"href":"https:\/\/hoyre.no\/nordland\/wp-json\/wp\/v2\/category?post=304"},{"taxonomy":"post_tag","embeddable":true,"href":"https:\/\/hoyre.no\/nordland\/wp-json\/wp\/v2\/post_tag?post=304"},{"taxonomy":"hoyre-visibility","embeddable":true,"href":"https:\/\/hoyre.no\/nordland\/wp-json\/wp\/v2\/hoyre-visibility?post=304"},{"taxonomy":"article-type","embeddable":true,"href":"https:\/\/hoyre.no\/nordland\/wp-json\/wp\/v2\/article-type?post=304"},{"taxonomy":"politician","embeddable":true,"href":"https:\/\/hoyre.no\/nordland\/wp-json\/wp\/v2\/politician?post=304"}],"curies":[{"name":"wp","href":"https:\/\/api.w.org\/{rel}","templated":true}]}}