{"id":376,"date":"2019-10-17T22:00:00","date_gmt":"2019-10-17T20:00:00","guid":{"rendered":"https:\/\/hoyre.no\/nordland\/aktuelt\/valgkomiteens_innstilling_til_arsmote\/"},"modified":"2019-10-17T22:00:00","modified_gmt":"2019-10-17T20:00:00","slug":"valgkomiteens_innstilling_til_arsmote","status":"publish","type":"post","link":"https:\/\/hoyre.no\/nordland\/aktuelt\/valgkomiteens_innstilling_til_arsmote\/","title":{"rendered":"Valgkomiteens innstilling til \u00e5rsm\u00f8te"},"content":{"rendered":"<p class=\"preamble\">I tillegg til ny ledelse skal det p\u00e5 \u00e5rsm\u00f8te f\u00f8rste helgen i november velges utsendinger til H\u00f8yres Landsm\u00f8te 2020.<\/p><div id=\"hoyre-old-article-content-wrapper\"><p><strong>Valgkomiteens innstilling p\u00e5 ny fylkesledelse, alle for 2 \u00e5r:<\/strong><\/p><p>Ny fylkesleder: Ole Henrik Hjart\u00f8y, Bod\u00f8<\/p><p>Ny 1.nestleder: Trine Remman, Narvik<\/p><p>Gjenvalg: Thomas Abildgaard Lehre, Alstahaug<\/p><p>Kvinneforumsleder: Diana Johnsen, Bod\u00f8<\/p><p><br \/><\/p><p><b>Innstilling p\u00e5 valg av delegater til H\u00f8yres landsm\u00f8tet 27. \u2014 29. mars 2020:<\/b><\/p><ol><li>Trine Remman, 1. nestleder, Narvik<\/li><li>Leder Nordland UH<\/li><li>Sture Pedersen, B\u00f8<\/li><li>Bj\u00f8rn Magne Pedersen, Gildesk\u00e5l<\/li><li>Lena Arntzen, Hadsel<\/li><li>Eivind Holst, V\u00e5gan<\/li><li>Joakim Sennesvik, Bod\u00f8<\/li><li>Ronny Borge, Fauske<\/li><li>Anita Sollie, Rana<\/li><li>Trine Sivertsen Hjortdal, D\u00f8nna<\/li><\/ol><p><b><\/b><\/p><p><b>Vara: <\/b><\/p><ol><li>Jim Simonsen Jenssen, Sortland<\/li><li>Thomas Abildgaard Lehre, Alstahaug<\/li><li>Christine Trones, Hemnes<\/li><li>Sten Robert Hansen, S\u00f8rfold<\/li><li>Mette Bj\u00f8rnvik, Mel\u00f8y<\/li><li>Marthe Hov Jacobsen, Sortland<\/li><li>Johann Martin Kr\u00fcger, UH<\/li><li>Lars Vestnes, Bod\u00f8<\/li><li>Jardar Jensen, Evenes<\/li><li>Ann-Rita M\u00e5rstad, Sortland<\/li><li>Isabella Storli, UH<\/li><li>Matz Abrahamsen, And\u00f8y<\/li><\/ol><p><b>Direktevalgtfylkesstyremedlem:<\/b><\/p><p>Innstilling p\u00e5 direktevalgt fylkesstyremedlem (etter Daniel Bjarmann-Simonsen trakk seg): <\/p><p>Bente Anita Sol\u00e5s, Vestv\u00e5g\u00f8y, velges for 1 \u00e5r<\/p><p><strong>Valgkomiteen har best\u00e5tt av:<\/strong><\/p><p>Kai Henriksen, leder<\/p><p>Joakim Sennesvik, nestleder<\/p><p>Bente Anita Sol\u00e5s<\/p><p>Elisabeth Nergaard Blix<\/p><p>Jim Simonsen Jenssen<\/p><p>Lena Arntzen<\/p><p>For mer informasjon kontakt valgkomiteens leder Kai Henriksen mob: 97583816<br \/><\/p><\/div>\n<div class=\"tags\">\n\t<\/div>\n<div class=\"post-footer alignfull has-background block-editor-block-list__block\" data-align=full>\n\t<div class=\"post-footer-inner\">\n\t\t<h3>Relaterte artikler<\/h3>\n\t\t<div class=\"related-content\"><div class=\"is-card-hoyre\">\n\t<div class=\"teft-card hoyre-teft-card post-teft-card\">\n\t\t<a href=\"https:\/\/hoyre.no\/nordland\/aktuelt\/vi-onsker-dine-innspill\/\" class=\"teft-card__primary-action\">\n\n\t\t\t\t\t<div class=\"teft-card__media teft-card__media--16-9\">\n\t\t\t\t\t\t<img loading=\"lazy\" decoding=\"async\" width=\"768\" height=\"402\" src=\"https:\/\/hoyre.no\/content\/uploads\/sites\/9\/2026\/04\/Dokument-uten-navn-09.02.2026-1-1536x804-1-768x402.png\" class=\"attachment-medium_large size-medium_large\" alt=\"\" srcset=\"https:\/\/hoyre.no\/content\/uploads\/sites\/9\/2026\/04\/Dokument-uten-navn-09.02.2026-1-1536x804-1-768x402.png 768w, https:\/\/hoyre.no\/content\/uploads\/sites\/9\/2026\/04\/Dokument-uten-navn-09.02.2026-1-1536x804-1-300x157.png 300w, https:\/\/hoyre.no\/content\/uploads\/sites\/9\/2026\/04\/Dokument-uten-navn-09.02.2026-1-1536x804-1-1024x536.png 1024w, https:\/\/hoyre.no\/content\/uploads\/sites\/9\/2026\/04\/Dokument-uten-navn-09.02.2026-1-1536x804-1.png 1536w\" sizes=\"auto, (max-width: 768px) 100vw, 768px\" \/>\t\t<\/div>\n\t\t\n\t\t\t<div class=\"teft-card__content-wrapper\">\n\t\t\t\t<div class=\"teft-card__secondary\">\n\t\t\t\t\t\n\t\t\t\t\t\t\t\t<div class=\"teft-card__meta\">\n\t\t\t\t\t\t\t\t\t<span class=\"post-date\">15. apr 2026<\/span>\n\n\t\t\t\t\t\t\t\t\t<span class=\"post-category\">Nominasjonsprosess 2027\/2031<\/span>\t\t\t\t\t\t\t\t<\/div>\n\t\t\t\t\t\t\t\t\t\t\t<\/div>\n\n\t\t\t\t<div class=\"teft-card__primary\">\n\t\t\t\t\t<h2 class=\"teft-card__title\">Vi \u00f8nsker dine innspill!&nbsp;<span class=\"teft-card__primary-title-append\"><\/span><\/h2>\t\t\t\t<\/div>\n\t\t\t<\/div>\n\t\t<\/a>\n\t<\/div>\n\n\t<\/div><div class=\"is-card-hoyre\">\n\t<div class=\"teft-card hoyre-teft-card post-teft-card\">\n\t\t<a href=\"https:\/\/hoyre.no\/nordland\/aktuelt\/sjomatnaeringen-og-prosessindustrien\/\" class=\"teft-card__primary-action\">\n\n\t\t\t<div class=\"teft-card__media teft-card__media--16-9 no-image\"><\/div>\n\t\t\t<div class=\"teft-card__content-wrapper\">\n\t\t\t\t<div class=\"teft-card__secondary\">\n\t\t\t\t\t\n\t\t\t\t\t\t\t\t<div class=\"teft-card__meta\">\n\t\t\t\t\t\t\t\t\t<span class=\"post-date\">20. nov 2025<\/span>\n\n\t\t\t\t\t\t\t\t\t<span class=\"post-category\">Fylkes\u00e5rsm\u00f8te 2025<\/span>\t\t\t\t\t\t\t\t<\/div>\n\t\t\t\t\t\t\t\t\t\t\t<\/div>\n\n\t\t\t\t<div class=\"teft-card__primary\">\n\t\t\t\t\t<h2 class=\"teft-card__title\">Sj\u00f8matn\u00e6ringen og prosessindustrien&nbsp;<span class=\"teft-card__primary-title-append\"><\/span><\/h2>\t\t\t\t<\/div>\n\t\t\t<\/div>\n\t\t<\/a>\n\t<\/div>\n\n\t<\/div><div class=\"is-card-hoyre\">\n\t<div class=\"teft-card hoyre-teft-card post-teft-card\">\n\t\t<a href=\"https:\/\/hoyre.no\/nordland\/aktuelt\/okt-satsning-pa-havforskning\/\" class=\"teft-card__primary-action\">\n\n\t\t\t<div class=\"teft-card__media teft-card__media--16-9 no-image\"><\/div>\n\t\t\t<div class=\"teft-card__content-wrapper\">\n\t\t\t\t<div class=\"teft-card__secondary\">\n\t\t\t\t\t\n\t\t\t\t\t\t\t\t<div class=\"teft-card__meta\">\n\t\t\t\t\t\t\t\t\t<span class=\"post-date\">20. nov 2025<\/span>\n\n\t\t\t\t\t\t\t\t\t<span class=\"post-category\">Fylkes\u00e5rsm\u00f8te 2025<\/span>\t\t\t\t\t\t\t\t<\/div>\n\t\t\t\t\t\t\t\t\t\t\t<\/div>\n\n\t\t\t\t<div class=\"teft-card__primary\">\n\t\t\t\t\t<h2 class=\"teft-card__title\">\u00d8kt satsning p\u00e5 havforskning&nbsp;<span class=\"teft-card__primary-title-append\"><\/span><\/h2>\t\t\t\t<\/div>\n\t\t\t<\/div>\n\t\t<\/a>\n\t<\/div>\n\n\t<\/div><\/div>\t<\/div>\n<\/div>\n","protected":false},"excerpt":{"rendered":"","protected":false},"author":0,"featured_media":0,"comment_status":"closed","ping_status":"closed","sticky":false,"template":"","format":"standard","meta":{"teft_cards_image_url":"","teft_cards_custom_pretitle":"","teft_cards_image_id":0,"teft_cards_image_focal_point_x":0,"teft_cards_image_focal_point_y":0,"teft_cards_title":"","teft_cards_excerpt":"","teft_show_chapters":false,"author_display_name":"","footnotes":""},"category":[1],"post_tag":[],"hoyre-visibility":[],"article-type":[],"politician":[],"class_list":["post-376","post","type-post","status-publish","format-standard","hentry","category-ukategorisert"],"yoast_head":"<!-- This site is optimized with the Yoast SEO plugin v26.6 - https:\/\/yoast.com\/wordpress\/plugins\/seo\/ -->\n<title>Valgkomiteens innstilling til \u00e5rsm\u00f8te - Nordland H\u00f8yre<\/title>\n<meta name=\"robots\" content=\"index, follow, max-snippet:-1, max-image-preview:large, max-video-preview:-1\" \/>\n<link rel=\"canonical\" href=\"https:\/\/hoyre.no\/nordland\/aktuelt\/valgkomiteens_innstilling_til_arsmote\/\" \/>\n<meta property=\"og:locale\" content=\"nb_NO\" \/>\n<meta property=\"og:type\" content=\"article\" \/>\n<meta property=\"og:title\" content=\"Valgkomiteens innstilling til \u00e5rsm\u00f8te - Nordland H\u00f8yre\" \/>\n<meta property=\"og:url\" content=\"https:\/\/hoyre.no\/nordland\/aktuelt\/valgkomiteens_innstilling_til_arsmote\/\" \/>\n<meta property=\"og:site_name\" content=\"Nordland H\u00f8yre\" \/>\n<meta property=\"article:published_time\" content=\"2019-10-17T20:00:00+00:00\" \/>\n<meta property=\"og:image\" content=\"https:\/\/hoyre.no\/content\/uploads\/sites\/9\/2022\/11\/Hoyres-logo.png\" \/>\n\t<meta property=\"og:image:width\" content=\"1000\" \/>\n\t<meta property=\"og:image:height\" content=\"1000\" \/>\n\t<meta property=\"og:image:type\" content=\"image\/png\" \/>\n<meta name=\"twitter:card\" content=\"summary_large_image\" \/>\n<meta name=\"twitter:label1\" content=\"Ansl. lesetid\" \/>\n\t<meta name=\"twitter:data1\" content=\"1 minutt\" \/>\n<script type=\"application\/ld+json\" class=\"yoast-schema-graph\">{\"@context\":\"https:\/\/schema.org\",\"@graph\":[{\"@type\":\"NewsArticle\",\"@id\":\"https:\/\/hoyre.no\/nordland\/aktuelt\/valgkomiteens_innstilling_til_arsmote\/\",\"url\":\"https:\/\/hoyre.no\/nordland\/aktuelt\/valgkomiteens_innstilling_til_arsmote\/\",\"name\":\"Valgkomiteens innstilling til \u00e5rsm\u00f8te - Nordland H\u00f8yre\",\"isPartOf\":{\"@id\":\"https:\/\/hoyre.no\/nordland\/#website\"},\"datePublished\":\"2019-10-17T20:00:00+00:00\",\"author\":{\"@id\":\"\"},\"breadcrumb\":{\"@id\":\"https:\/\/hoyre.no\/nordland\/aktuelt\/valgkomiteens_innstilling_til_arsmote\/#breadcrumb\"},\"inLanguage\":\"nb-NO\",\"potentialAction\":[{\"@type\":\"ReadAction\",\"target\":[\"https:\/\/hoyre.no\/nordland\/aktuelt\/valgkomiteens_innstilling_til_arsmote\/\"]}]},{\"@type\":\"BreadcrumbList\",\"@id\":\"https:\/\/hoyre.no\/nordland\/aktuelt\/valgkomiteens_innstilling_til_arsmote\/#breadcrumb\",\"itemListElement\":[{\"@type\":\"ListItem\",\"position\":1,\"name\":\"Til hoyre.no\",\"item\":\"https:\/\/hoyre.no\"},{\"@type\":\"ListItem\",\"position\":2,\"name\":\"Hjem\",\"item\":\"https:\/\/hoyre.no\/nordland\/\"},{\"@type\":\"ListItem\",\"position\":3,\"name\":\"Valgkomiteens innstilling til \u00e5rsm\u00f8te\"}]},{\"@type\":\"WebSite\",\"@id\":\"https:\/\/hoyre.no\/nordland\/#website\",\"url\":\"https:\/\/hoyre.no\/nordland\/\",\"name\":\"Nordland H\u00f8yre\",\"description\":\"Bare enda et H\u00f8yres nettsteder-nettsted\",\"inLanguage\":\"nb-NO\"}]}<\/script>\n<!-- \/ Yoast SEO plugin. -->","yoast_head_json":{"title":"Valgkomiteens innstilling til \u00e5rsm\u00f8te - Nordland H\u00f8yre","robots":{"index":"index","follow":"follow","max-snippet":"max-snippet:-1","max-image-preview":"max-image-preview:large","max-video-preview":"max-video-preview:-1"},"canonical":"https:\/\/hoyre.no\/nordland\/aktuelt\/valgkomiteens_innstilling_til_arsmote\/","og_locale":"nb_NO","og_type":"article","og_title":"Valgkomiteens innstilling til \u00e5rsm\u00f8te - Nordland H\u00f8yre","og_url":"https:\/\/hoyre.no\/nordland\/aktuelt\/valgkomiteens_innstilling_til_arsmote\/","og_site_name":"Nordland H\u00f8yre","article_published_time":"2019-10-17T20:00:00+00:00","og_image":[{"width":1000,"height":1000,"url":"https:\/\/hoyre.no\/content\/uploads\/sites\/9\/2022\/11\/Hoyres-logo.png","type":"image\/png"}],"twitter_card":"summary_large_image","twitter_misc":{"Ansl. lesetid":"1 minutt"},"schema":{"@context":"https:\/\/schema.org","@graph":[{"@type":"NewsArticle","@id":"https:\/\/hoyre.no\/nordland\/aktuelt\/valgkomiteens_innstilling_til_arsmote\/","url":"https:\/\/hoyre.no\/nordland\/aktuelt\/valgkomiteens_innstilling_til_arsmote\/","name":"Valgkomiteens innstilling til \u00e5rsm\u00f8te - Nordland H\u00f8yre","isPartOf":{"@id":"https:\/\/hoyre.no\/nordland\/#website"},"datePublished":"2019-10-17T20:00:00+00:00","author":{"@id":""},"breadcrumb":{"@id":"https:\/\/hoyre.no\/nordland\/aktuelt\/valgkomiteens_innstilling_til_arsmote\/#breadcrumb"},"inLanguage":"nb-NO","potentialAction":[{"@type":"ReadAction","target":["https:\/\/hoyre.no\/nordland\/aktuelt\/valgkomiteens_innstilling_til_arsmote\/"]}]},{"@type":"BreadcrumbList","@id":"https:\/\/hoyre.no\/nordland\/aktuelt\/valgkomiteens_innstilling_til_arsmote\/#breadcrumb","itemListElement":[{"@type":"ListItem","position":1,"name":"Til hoyre.no","item":"https:\/\/hoyre.no"},{"@type":"ListItem","position":2,"name":"Hjem","item":"https:\/\/hoyre.no\/nordland\/"},{"@type":"ListItem","position":3,"name":"Valgkomiteens innstilling til \u00e5rsm\u00f8te"}]},{"@type":"WebSite","@id":"https:\/\/hoyre.no\/nordland\/#website","url":"https:\/\/hoyre.no\/nordland\/","name":"Nordland H\u00f8yre","description":"Bare enda et H\u00f8yres nettsteder-nettsted","inLanguage":"nb-NO"}]}},"distributor_meta":false,"distributor_terms":false,"distributor_media":false,"distributor_original_site_name":"Nordland H\u00f8yre","distributor_original_site_url":"https:\/\/hoyre.no\/nordland","push-errors":false,"_links":{"self":[{"href":"https:\/\/hoyre.no\/nordland\/wp-json\/wp\/v2\/posts\/376","targetHints":{"allow":["GET"]}}],"collection":[{"href":"https:\/\/hoyre.no\/nordland\/wp-json\/wp\/v2\/posts"}],"about":[{"href":"https:\/\/hoyre.no\/nordland\/wp-json\/wp\/v2\/types\/post"}],"replies":[{"embeddable":true,"href":"https:\/\/hoyre.no\/nordland\/wp-json\/wp\/v2\/comments?post=376"}],"version-history":[{"count":0,"href":"https:\/\/hoyre.no\/nordland\/wp-json\/wp\/v2\/posts\/376\/revisions"}],"wp:attachment":[{"href":"https:\/\/hoyre.no\/nordland\/wp-json\/wp\/v2\/media?parent=376"}],"wp:term":[{"taxonomy":"category","embeddable":true,"href":"https:\/\/hoyre.no\/nordland\/wp-json\/wp\/v2\/category?post=376"},{"taxonomy":"post_tag","embeddable":true,"href":"https:\/\/hoyre.no\/nordland\/wp-json\/wp\/v2\/post_tag?post=376"},{"taxonomy":"hoyre-visibility","embeddable":true,"href":"https:\/\/hoyre.no\/nordland\/wp-json\/wp\/v2\/hoyre-visibility?post=376"},{"taxonomy":"article-type","embeddable":true,"href":"https:\/\/hoyre.no\/nordland\/wp-json\/wp\/v2\/article-type?post=376"},{"taxonomy":"politician","embeddable":true,"href":"https:\/\/hoyre.no\/nordland\/wp-json\/wp\/v2\/politician?post=376"}],"curies":[{"name":"wp","href":"https:\/\/api.w.org\/{rel}","templated":true}]}}