{"id":378,"date":"2017-09-24T22:00:00","date_gmt":"2017-09-24T20:00:00","guid":{"rendered":"https:\/\/hoyre.no\/nordland\/aktuelt\/valgseier-og-bortfor\/"},"modified":"2017-09-24T22:00:00","modified_gmt":"2017-09-24T20:00:00","slug":"valgseier-og-bortfor","status":"publish","type":"post","link":"https:\/\/hoyre.no\/nordland\/aktuelt\/valgseier-og-bortfor\/","title":{"rendered":"Valgseier og bortforklaringer i Nordland"},"content":{"rendered":"<p class=\"preamble\">Valg handler f\u00f8rst og fremst om politikk og resultat. N\u00e5r en sittende regjering vinner et valg er det ikke s\u00e5 veldig vanskelig \u00e5 finne forklaringen. Velgerne ser at det g\u00e5r bedre enn noensinne i Nordland og i Nord-Norge. Velgerne har sett at statsminister Erna kjenner Nord-Norge godt og vet hva som beh\u00f8ves. De vil ha mer av den politikken som virker, den som gir vekst og optimisme i nord.<\/p>\t\t\t<div class=\"post-meta wp-block teft-byline-wrapper\">\n\t\t\t\t<div class=\"top\">\n\t\t\t\t\t<div class=\"signature\">\n\t\t\t\t\t\t<div class=\"teft-byline\">\n\t\t\t\t\t\t\t\t\t\t\t\t\t\t<div>\n\t\t\t\t\t\t\t\t<h3>H\u00f8yres redaksjon<\/h3>\t\t\t\t\t\t\t\t\n\t\t\t\t\t\t\t\t\t\t\t\t\t\t\t\t\t<span class=\"date\">Sist oppdatert: 24. september 2017<\/span>\n\t\t\t\t\t\t\t\t\t\t\t\t\t\t\t\t\t\t\t\t\t\t\t\t\t<span class=\"reading-time\" itemprop=\"timeRequired\" content=\"PT5M\"><em>Ca. 5 minutter lesetid<\/em><\/span>\n\t\t\t\t\t\t\t\t\t\t\t\t\t\t\t<\/div>\n\t\t\t\t\t\t<\/div>\n\t\t\t\t\t<\/div>\n\t\t\t\t\t\t<div class=\"sharing\">\n\t\t<a class=\"share-button share-link copy-link\" data-copy=\"https:\/\/hoyre.no\/nordland\/aktuelt\/valgseier-og-bortfor\/\" target=\"_blank\"><span class=\"screen-reader-text\">Del link<\/span><\/a>\n\t\t<a class=\"share-button share-twitter\" href=\"http:\/\/twitter.com\/share?text=Valgseier og bortforklaringer i Nordland&#038;url=https:\/\/hoyre.no\/nordland\/aktuelt\/valgseier-og-bortfor\/&#038;hashtags=Hoyre\" target=\"_blank\"><span class=\"screen-reader-text\">Del p\u00e5 twitter<\/span><\/a>\n\t\t<a class=\"share-button share-facebook\" href=\"https:\/\/www.facebook.com\/sharer\/sharer.php?u=https:\/\/hoyre.no\/nordland\/aktuelt\/valgseier-og-bortfor\/\" target=\"_blank\"><span class=\"screen-reader-text\">Del p\u00e5 facebook<\/span><\/a>\n\t<\/div>\n\t\t\t\t\t<\/div>\n\t\t\t<\/div>\n\n\t\t\t<figure class=\"hoyre-image-wrapper\"><div class=\"hoyre-image\"><img loading=\"lazy\" decoding=\"async\" width=\"1000\" height=\"667\" src=\"https:\/\/hoyre.no\/content\/uploads\/sites\/9\/2020\/11\/valgvakenordland.jpg\" class=\"attachment-scaled size-scaled\" alt=\"\" style=\"object-position: 50% 50%\" srcset=\"https:\/\/hoyre.no\/content\/uploads\/sites\/9\/2020\/11\/valgvakenordland.jpg 1000w, https:\/\/hoyre.no\/content\/uploads\/sites\/9\/2020\/11\/valgvakenordland-300x200.jpg 300w, https:\/\/hoyre.no\/content\/uploads\/sites\/9\/2020\/11\/valgvakenordland-768x512.jpg 768w\" sizes=\"auto, (max-width: 1000px) 100vw, 1000px\" \/><\/div><\/figure><div id=\"hoyre-old-article-content-wrapper\"><p> Jubelen og ansiktsuttrykkene p\u00e5 Nordlandspartienes valgvake p\u00e5 Stormen i Bod\u00f8 ga liten tvil om hvem som vant og hvem som tapte stortingsvalget i Nordland. B\u00e5de H\u00f8yres jubelbr\u00f8l og Ap`s skuffelse kom helt spontant. Senterpartiet turte ikke slippe jubelen l\u00f8s siden fremgangen gikk utover Ap.<\/p><p><br \/> Det skrives kronikker og kommentarer i aviser og det fremmes teorier i sosiale medier om at partiene som vant egentlig ikke vant likevel &#8211; fordi noen egentlig gikk tilbake og ikke frem. Det hevdes til og med at resultatet var en seier for venstresiden. <\/p><p>Mye av dette skyldes nok skuffelse og at det tar tid \u00e5 ford\u00f8ye et nederlag, ogs\u00e5 fra avis og media\u2013 kommentatorene i Nordland. Noe skyldes ogs\u00e5 at noen er d\u00e5rlige tapere, men det g\u00e5r over. <\/p><p>Det er ogs\u00e5 verdt \u00e5 merke seg at media i Nord Norge gjennom valgkampen valgte \u00e5 bruke meningsm\u00e5linger fra kun et byr\u00e5 \u2013 Infact. Et byr\u00e5 som konsekvent m\u00e5ler H og Frp lavere enn andre byr\u00e5er. Derfor ble ogs\u00e5 tilh\u00f8rende medieoppslag og analyser fra kommentariet i valgkampen mer negativ mot regjeringspartiene enn den faktiske oppslutningen tilsa. <\/p><p> Samtidig er det viktig \u00e5 passe p\u00e5 at ikke un\u00f8yaktigheter, myter og direkte usannheter om valgresultatet f\u00e5r fotfeste. <\/p><p>Der er greit \u00e5 rydde litt i hva som skjedde og ikke skjedd ved valget. <\/p><p><b>P\u00e5stand 1: &laquo;De borgerlige vant egentlig ikke valget fordi de gikk tilbake&raquo;.<\/b><\/p><p> Nei, det stemmer ikke. Dette er som \u00e5 v\u00e6re i cupfinalen to \u00e5r p\u00e5 rad mot samme motstander, der du etter \u00e5 hva vunnet 3-0 i finalen f\u00f8rste gangen bare vinner 2-0 i finalen \u00e5ret etter. Ja det er et litt d\u00e5rligere resultat, men du har ikke tapt.  H\u00f8yre har nesten 300 000 flere velgere n\u00e5 enn i 2009. Arbeiderpartiet har omkring 150 000 f\u00e6rre velgere n\u00e5 enn i 2009. Og s\u00e5 m\u00e5 vi huske p\u00e5 at det borgerlige mandatflertallet p\u00e5 88-80 ved dette valget er h\u00f8yere enn det r\u00f8dgr\u00f8nne flertallet i b\u00e5de 2005 og 2009. <\/p><p><b>P\u00e5stand 2 : &laquo;De r\u00f8dgr\u00f8nne fikk egentlig flest stemmer ved valget&raquo;<\/b><\/p><p> Nei, det stemmer heller ikke. N\u00e5 var det riktignok slik i b\u00e5de 2005 og 2009 at de borgerlige partiene som kom inn p\u00e5 Stortinget hadde flere stemmer bak seg enn de r\u00f8dgr\u00f8nne. Problemet er at for \u00e5 komme frem til dette m\u00e5 man regne med MDGs stemmer, et parti som selv sier de er helt blokkuavhengige. De har over 94 000 stemmer og trekker man fra disse stemmene er det en relativt klar borgerlig stemmeovervekt. <\/p><p><b>P\u00e5stand 3: &laquo;Det har v\u00e6rt en venstredreining blant velgerne&raquo;<\/b><\/p><p> Nei, det har f\u00f8rst og fremst v\u00e6rt en dreining internt p\u00e5 r\u00f8dgr\u00f8nn side fra Arbeiderpartiet til Senterpartiet, som er enda st\u00f8rre i Nordland. Dette er ikke noen venstredreining. Det var en kraftig styrking av borgerlig side ved valget i 2013. Dette har holdt seg i 2017, selv om alle fire partiene g\u00e5r litt tilbake. Internt p\u00e5 r\u00f8dgr\u00f8nn side er det derimot store endringer. De viktigste er at AP faller ytterligere 3,5 prosentpoeng etter \u00e5 ha falt 4,5 prosentpoeng i 2013. Senterpartiet \u00f8ker med 4,8 prosentpoeng.  S\u00e5 kan man sikkert diskutere hvorfor Ap falt mest i Nordland fylke- Selv om de var det eneste partiet som hadde toppkandidat fra det befolknings- tyngste omr\u00e5det, nemlig Bod\u00f8\/Salten? <\/p><p> N\u00e5 har SV styrket seg med to prosentpoeng og gj\u00f8r et brukbart valg, som gjerne kommer n\u00e5r AP gj\u00f8r d\u00e5rlige valg og lekker i flere retninger samtidig. Da blir nettoeffekten en svekket og ikke en styrket venstreside. <\/p><p> Konklusjonen er at vi ikke m\u00e5 lete etter kompliserte forklaringer n\u00e5r de enkle forklaringene er bedre. Valg handler f\u00f8rst og fremst om politikk og resultat.  N\u00e5r en sittende regjering vinner et valg er det ikke s\u00e5 veldig vanskelig \u00e5 finne forklaringen. Vester\u00e5len har i en mannsalder v\u00e6rt et av Nordland H\u00f8yres fremste valgkretser, men hvor beslutningen om And\u00f8ya flystasjon nesten utslettet H\u00f8yre i deler av Vester\u00e5len. Til tross for dette gj\u00f8r Nordland H\u00f8yre sitt nest- beste valg i moderne tid, g\u00e5r kun ned med marginale 1% og opprettholder sine 2 mandater &#8211; mens Ap i Nordland halveres og st\u00e5r igjen med 2 mandater. Ap har markert seg i nord med svartmaling og nedsnakking som ikke stemmer med virkeligheten. Velgerne har gitt sin dom, de ser at det g\u00e5r bedre enn noensinne i Nordland og i Nord-Norge. Velgerne har sett at statsminister Erna kjenner Nord-Norge godt og vet hva som beh\u00f8ves. De vil ha mer av den politikken som virker, den som gir vekst og optimisme i nord-  alts\u00e5 den politikken som regjeringen har gjennomf\u00f8rt. <\/p><p><br \/><\/p><\/div>\n<div class=\"tags\">\n\t<\/div>\n<div class=\"post-footer alignfull has-background block-editor-block-list__block\" data-align=full>\n\t<div class=\"post-footer-inner\">\n\t\t<h3>Relaterte artikler<\/h3>\n\t\t<div class=\"related-content\"><div class=\"is-card-hoyre\">\n\t<div class=\"teft-card hoyre-teft-card post-teft-card\">\n\t\t<a href=\"https:\/\/hoyre.no\/nordland\/aktuelt\/vi-onsker-dine-innspill\/\" class=\"teft-card__primary-action\">\n\n\t\t\t\t\t<div class=\"teft-card__media teft-card__media--16-9\">\n\t\t\t\t\t\t<img loading=\"lazy\" decoding=\"async\" width=\"768\" height=\"402\" src=\"https:\/\/hoyre.no\/content\/uploads\/sites\/9\/2026\/04\/Dokument-uten-navn-09.02.2026-1-1536x804-1-768x402.png\" class=\"attachment-medium_large size-medium_large\" alt=\"\" srcset=\"https:\/\/hoyre.no\/content\/uploads\/sites\/9\/2026\/04\/Dokument-uten-navn-09.02.2026-1-1536x804-1-768x402.png 768w, https:\/\/hoyre.no\/content\/uploads\/sites\/9\/2026\/04\/Dokument-uten-navn-09.02.2026-1-1536x804-1-300x157.png 300w, https:\/\/hoyre.no\/content\/uploads\/sites\/9\/2026\/04\/Dokument-uten-navn-09.02.2026-1-1536x804-1-1024x536.png 1024w, https:\/\/hoyre.no\/content\/uploads\/sites\/9\/2026\/04\/Dokument-uten-navn-09.02.2026-1-1536x804-1.png 1536w\" sizes=\"auto, (max-width: 768px) 100vw, 768px\" \/>\t\t<\/div>\n\t\t\n\t\t\t<div class=\"teft-card__content-wrapper\">\n\t\t\t\t<div class=\"teft-card__secondary\">\n\t\t\t\t\t\n\t\t\t\t\t\t\t\t<div class=\"teft-card__meta\">\n\t\t\t\t\t\t\t\t\t<span class=\"post-date\">15. apr 2026<\/span>\n\n\t\t\t\t\t\t\t\t\t<span class=\"post-category\">Nominasjonsprosess 2027\/2031<\/span>\t\t\t\t\t\t\t\t<\/div>\n\t\t\t\t\t\t\t\t\t\t\t<\/div>\n\n\t\t\t\t<div class=\"teft-card__primary\">\n\t\t\t\t\t<h2 class=\"teft-card__title\">Vi \u00f8nsker dine innspill!&nbsp;<span class=\"teft-card__primary-title-append\"><\/span><\/h2>\t\t\t\t<\/div>\n\t\t\t<\/div>\n\t\t<\/a>\n\t<\/div>\n\n\t<\/div><div class=\"is-card-hoyre\">\n\t<div class=\"teft-card hoyre-teft-card post-teft-card\">\n\t\t<a href=\"https:\/\/hoyre.no\/nordland\/aktuelt\/sjomatnaeringen-og-prosessindustrien\/\" class=\"teft-card__primary-action\">\n\n\t\t\t<div class=\"teft-card__media teft-card__media--16-9 no-image\"><\/div>\n\t\t\t<div class=\"teft-card__content-wrapper\">\n\t\t\t\t<div class=\"teft-card__secondary\">\n\t\t\t\t\t\n\t\t\t\t\t\t\t\t<div class=\"teft-card__meta\">\n\t\t\t\t\t\t\t\t\t<span class=\"post-date\">20. nov 2025<\/span>\n\n\t\t\t\t\t\t\t\t\t<span class=\"post-category\">Fylkes\u00e5rsm\u00f8te 2025<\/span>\t\t\t\t\t\t\t\t<\/div>\n\t\t\t\t\t\t\t\t\t\t\t<\/div>\n\n\t\t\t\t<div class=\"teft-card__primary\">\n\t\t\t\t\t<h2 class=\"teft-card__title\">Sj\u00f8matn\u00e6ringen og prosessindustrien&nbsp;<span class=\"teft-card__primary-title-append\"><\/span><\/h2>\t\t\t\t<\/div>\n\t\t\t<\/div>\n\t\t<\/a>\n\t<\/div>\n\n\t<\/div><div class=\"is-card-hoyre\">\n\t<div class=\"teft-card hoyre-teft-card post-teft-card\">\n\t\t<a href=\"https:\/\/hoyre.no\/nordland\/aktuelt\/okt-satsning-pa-havforskning\/\" class=\"teft-card__primary-action\">\n\n\t\t\t<div class=\"teft-card__media teft-card__media--16-9 no-image\"><\/div>\n\t\t\t<div class=\"teft-card__content-wrapper\">\n\t\t\t\t<div class=\"teft-card__secondary\">\n\t\t\t\t\t\n\t\t\t\t\t\t\t\t<div class=\"teft-card__meta\">\n\t\t\t\t\t\t\t\t\t<span class=\"post-date\">20. nov 2025<\/span>\n\n\t\t\t\t\t\t\t\t\t<span class=\"post-category\">Fylkes\u00e5rsm\u00f8te 2025<\/span>\t\t\t\t\t\t\t\t<\/div>\n\t\t\t\t\t\t\t\t\t\t\t<\/div>\n\n\t\t\t\t<div class=\"teft-card__primary\">\n\t\t\t\t\t<h2 class=\"teft-card__title\">\u00d8kt satsning p\u00e5 havforskning&nbsp;<span class=\"teft-card__primary-title-append\"><\/span><\/h2>\t\t\t\t<\/div>\n\t\t\t<\/div>\n\t\t<\/a>\n\t<\/div>\n\n\t<\/div><\/div>\t<\/div>\n<\/div>\n","protected":false},"excerpt":{"rendered":"","protected":false},"author":0,"featured_media":0,"comment_status":"closed","ping_status":"closed","sticky":false,"template":"","format":"standard","meta":{"teft_cards_image_url":"https:\/\/hoyre.no\/content\/uploads\/sites\/9\/2020\/11\/valgvakenordland.jpg","teft_cards_custom_pretitle":"","teft_cards_image_id":377,"teft_cards_image_focal_point_x":0,"teft_cards_image_focal_point_y":0,"teft_cards_title":"","teft_cards_excerpt":"","teft_show_chapters":false,"author_display_name":"Jonny Finstad, Leder Nordland H\u00f8yre og Margunn Ebbesen, Stortingsrepresentant","footnotes":""},"category":[1],"post_tag":[],"hoyre-visibility":[],"article-type":[],"politician":[],"class_list":["post-378","post","type-post","status-publish","format-standard","hentry","category-ukategorisert"],"yoast_head":"<!-- This site is optimized with the Yoast SEO plugin v26.6 - https:\/\/yoast.com\/wordpress\/plugins\/seo\/ -->\n<title>Valgseier og bortforklaringer i Nordland - Nordland H\u00f8yre<\/title>\n<meta name=\"robots\" content=\"index, follow, max-snippet:-1, max-image-preview:large, max-video-preview:-1\" \/>\n<link rel=\"canonical\" href=\"https:\/\/hoyre.no\/nordland\/aktuelt\/valgseier-og-bortfor\/\" \/>\n<meta property=\"og:locale\" content=\"nb_NO\" \/>\n<meta property=\"og:type\" content=\"article\" \/>\n<meta property=\"og:title\" content=\"Valgseier og bortforklaringer i Nordland - Nordland H\u00f8yre\" \/>\n<meta property=\"og:url\" content=\"https:\/\/hoyre.no\/nordland\/aktuelt\/valgseier-og-bortfor\/\" \/>\n<meta property=\"og:site_name\" content=\"Nordland H\u00f8yre\" \/>\n<meta property=\"article:published_time\" content=\"2017-09-24T20:00:00+00:00\" \/>\n<meta property=\"og:image\" content=\"https:\/\/hoyre.no\/content\/uploads\/sites\/9\/2022\/11\/Hoyres-logo.png\" \/>\n\t<meta property=\"og:image:width\" content=\"1000\" \/>\n\t<meta property=\"og:image:height\" content=\"1000\" \/>\n\t<meta property=\"og:image:type\" content=\"image\/png\" \/>\n<meta name=\"twitter:card\" content=\"summary_large_image\" \/>\n<meta name=\"twitter:label1\" content=\"Ansl. lesetid\" \/>\n\t<meta name=\"twitter:data1\" content=\"4 minutter\" \/>\n<script type=\"application\/ld+json\" class=\"yoast-schema-graph\">{\"@context\":\"https:\/\/schema.org\",\"@graph\":[{\"@type\":\"NewsArticle\",\"@id\":\"https:\/\/hoyre.no\/nordland\/aktuelt\/valgseier-og-bortfor\/\",\"url\":\"https:\/\/hoyre.no\/nordland\/aktuelt\/valgseier-og-bortfor\/\",\"name\":\"Valgseier og bortforklaringer i Nordland - Nordland H\u00f8yre\",\"isPartOf\":{\"@id\":\"https:\/\/hoyre.no\/nordland\/#website\"},\"datePublished\":\"2017-09-24T20:00:00+00:00\",\"author\":{\"@id\":\"\"},\"breadcrumb\":{\"@id\":\"https:\/\/hoyre.no\/nordland\/aktuelt\/valgseier-og-bortfor\/#breadcrumb\"},\"inLanguage\":\"nb-NO\",\"potentialAction\":[{\"@type\":\"ReadAction\",\"target\":[\"https:\/\/hoyre.no\/nordland\/aktuelt\/valgseier-og-bortfor\/\"]}]},{\"@type\":\"BreadcrumbList\",\"@id\":\"https:\/\/hoyre.no\/nordland\/aktuelt\/valgseier-og-bortfor\/#breadcrumb\",\"itemListElement\":[{\"@type\":\"ListItem\",\"position\":1,\"name\":\"Til hoyre.no\",\"item\":\"https:\/\/hoyre.no\"},{\"@type\":\"ListItem\",\"position\":2,\"name\":\"Hjem\",\"item\":\"https:\/\/hoyre.no\/nordland\/\"},{\"@type\":\"ListItem\",\"position\":3,\"name\":\"Valgseier og bortforklaringer i Nordland\"}]},{\"@type\":\"WebSite\",\"@id\":\"https:\/\/hoyre.no\/nordland\/#website\",\"url\":\"https:\/\/hoyre.no\/nordland\/\",\"name\":\"Nordland H\u00f8yre\",\"description\":\"Bare enda et H\u00f8yres nettsteder-nettsted\",\"inLanguage\":\"nb-NO\"}]}<\/script>\n<!-- \/ Yoast SEO plugin. -->","yoast_head_json":{"title":"Valgseier og bortforklaringer i Nordland - Nordland H\u00f8yre","robots":{"index":"index","follow":"follow","max-snippet":"max-snippet:-1","max-image-preview":"max-image-preview:large","max-video-preview":"max-video-preview:-1"},"canonical":"https:\/\/hoyre.no\/nordland\/aktuelt\/valgseier-og-bortfor\/","og_locale":"nb_NO","og_type":"article","og_title":"Valgseier og bortforklaringer i Nordland - Nordland H\u00f8yre","og_url":"https:\/\/hoyre.no\/nordland\/aktuelt\/valgseier-og-bortfor\/","og_site_name":"Nordland H\u00f8yre","article_published_time":"2017-09-24T20:00:00+00:00","og_image":[{"width":1000,"height":1000,"url":"https:\/\/hoyre.no\/content\/uploads\/sites\/9\/2022\/11\/Hoyres-logo.png","type":"image\/png"}],"twitter_card":"summary_large_image","twitter_misc":{"Ansl. lesetid":"4 minutter"},"schema":{"@context":"https:\/\/schema.org","@graph":[{"@type":"NewsArticle","@id":"https:\/\/hoyre.no\/nordland\/aktuelt\/valgseier-og-bortfor\/","url":"https:\/\/hoyre.no\/nordland\/aktuelt\/valgseier-og-bortfor\/","name":"Valgseier og bortforklaringer i Nordland - Nordland H\u00f8yre","isPartOf":{"@id":"https:\/\/hoyre.no\/nordland\/#website"},"datePublished":"2017-09-24T20:00:00+00:00","author":{"@id":""},"breadcrumb":{"@id":"https:\/\/hoyre.no\/nordland\/aktuelt\/valgseier-og-bortfor\/#breadcrumb"},"inLanguage":"nb-NO","potentialAction":[{"@type":"ReadAction","target":["https:\/\/hoyre.no\/nordland\/aktuelt\/valgseier-og-bortfor\/"]}]},{"@type":"BreadcrumbList","@id":"https:\/\/hoyre.no\/nordland\/aktuelt\/valgseier-og-bortfor\/#breadcrumb","itemListElement":[{"@type":"ListItem","position":1,"name":"Til hoyre.no","item":"https:\/\/hoyre.no"},{"@type":"ListItem","position":2,"name":"Hjem","item":"https:\/\/hoyre.no\/nordland\/"},{"@type":"ListItem","position":3,"name":"Valgseier og bortforklaringer i Nordland"}]},{"@type":"WebSite","@id":"https:\/\/hoyre.no\/nordland\/#website","url":"https:\/\/hoyre.no\/nordland\/","name":"Nordland H\u00f8yre","description":"Bare enda et H\u00f8yres nettsteder-nettsted","inLanguage":"nb-NO"}]}},"distributor_meta":false,"distributor_terms":false,"distributor_media":false,"distributor_original_site_name":"Nordland H\u00f8yre","distributor_original_site_url":"https:\/\/hoyre.no\/nordland","push-errors":false,"_links":{"self":[{"href":"https:\/\/hoyre.no\/nordland\/wp-json\/wp\/v2\/posts\/378","targetHints":{"allow":["GET"]}}],"collection":[{"href":"https:\/\/hoyre.no\/nordland\/wp-json\/wp\/v2\/posts"}],"about":[{"href":"https:\/\/hoyre.no\/nordland\/wp-json\/wp\/v2\/types\/post"}],"replies":[{"embeddable":true,"href":"https:\/\/hoyre.no\/nordland\/wp-json\/wp\/v2\/comments?post=378"}],"version-history":[{"count":0,"href":"https:\/\/hoyre.no\/nordland\/wp-json\/wp\/v2\/posts\/378\/revisions"}],"wp:attachment":[{"href":"https:\/\/hoyre.no\/nordland\/wp-json\/wp\/v2\/media?parent=378"}],"wp:term":[{"taxonomy":"category","embeddable":true,"href":"https:\/\/hoyre.no\/nordland\/wp-json\/wp\/v2\/category?post=378"},{"taxonomy":"post_tag","embeddable":true,"href":"https:\/\/hoyre.no\/nordland\/wp-json\/wp\/v2\/post_tag?post=378"},{"taxonomy":"hoyre-visibility","embeddable":true,"href":"https:\/\/hoyre.no\/nordland\/wp-json\/wp\/v2\/hoyre-visibility?post=378"},{"taxonomy":"article-type","embeddable":true,"href":"https:\/\/hoyre.no\/nordland\/wp-json\/wp\/v2\/article-type?post=378"},{"taxonomy":"politician","embeddable":true,"href":"https:\/\/hoyre.no\/nordland\/wp-json\/wp\/v2\/politician?post=378"}],"curies":[{"name":"wp","href":"https:\/\/api.w.org\/{rel}","templated":true}]}}