{"id":386,"date":"2016-10-20T22:00:00","date_gmt":"2016-10-20T20:00:00","guid":{"rendered":"https:\/\/hoyre.no\/nordland\/aktuelt\/verneinteressene-ma\/"},"modified":"2016-10-20T22:00:00","modified_gmt":"2016-10-20T20:00:00","slug":"verneinteressene-ma","status":"publish","type":"post","link":"https:\/\/hoyre.no\/nordland\/aktuelt\/verneinteressene-ma\/","title":{"rendered":"Verneinteressene m\u00e5 ikke bli for sterke"},"content":{"rendered":"<p class=\"preamble\">Klimadebatten er viktig, men et varig vern er ikke veien \u00e5 g\u00e5. Verneinteressene av LoVeSe har forsterket seg og kommer til \u00e5 bre om seg om dette f\u00e5r fortsette.Nordland H\u00f8yre \u00f8nsker fart i debatten om livet i kystsonen. Vi m\u00e5 se n\u00e6ringene under ett, oppdrett, mineral, vannkraft, fiske, olje\/gass og ikke minst reiseliv.<\/p>\t\t\t<div class=\"post-meta wp-block teft-byline-wrapper\">\n\t\t\t\t<div class=\"top\">\n\t\t\t\t\t<div class=\"signature\">\n\t\t\t\t\t\t<div class=\"teft-byline\">\n\t\t\t\t\t\t\t\t\t\t\t\t\t\t<div>\n\t\t\t\t\t\t\t\t<h3>H\u00f8yres redaksjon<\/h3>\t\t\t\t\t\t\t\t\n\t\t\t\t\t\t\t\t\t\t\t\t\t\t\t\t\t<span class=\"date\">Sist oppdatert: 20. oktober 2016<\/span>\n\t\t\t\t\t\t\t\t\t\t\t\t\t\t\t\t\t\t\t\t\t\t\t\t\t<span class=\"reading-time\" itemprop=\"timeRequired\" content=\"PT3M\"><em>Ca. 3 minutter lesetid<\/em><\/span>\n\t\t\t\t\t\t\t\t\t\t\t\t\t\t\t<\/div>\n\t\t\t\t\t\t<\/div>\n\t\t\t\t\t<\/div>\n\t\t\t\t\t\t<div class=\"sharing\">\n\t\t<a class=\"share-button share-link copy-link\" data-copy=\"https:\/\/hoyre.no\/nordland\/aktuelt\/verneinteressene-ma\/\" target=\"_blank\"><span class=\"screen-reader-text\">Del link<\/span><\/a>\n\t\t<a class=\"share-button share-twitter\" href=\"http:\/\/twitter.com\/share?text=Verneinteressene m\u00e5 ikke bli for sterke&#038;url=https:\/\/hoyre.no\/nordland\/aktuelt\/verneinteressene-ma\/&#038;hashtags=Hoyre\" target=\"_blank\"><span class=\"screen-reader-text\">Del p\u00e5 twitter<\/span><\/a>\n\t\t<a class=\"share-button share-facebook\" href=\"https:\/\/www.facebook.com\/sharer\/sharer.php?u=https:\/\/hoyre.no\/nordland\/aktuelt\/verneinteressene-ma\/\" target=\"_blank\"><span class=\"screen-reader-text\">Del p\u00e5 facebook<\/span><\/a>\n\t<\/div>\n\t\t\t\t\t<\/div>\n\t\t\t<\/div>\n\n\t\t\t<figure class=\"hoyre-image-wrapper\"><div class=\"hoyre-image\"><img loading=\"lazy\" decoding=\"async\" width=\"980\" height=\"514\" src=\"https:\/\/hoyre.no\/content\/uploads\/sites\/9\/2020\/11\/lofoten-og-vesterale.jpg\" class=\"attachment-scaled size-scaled\" alt=\"\" style=\"object-position: 50% 50%\" srcset=\"https:\/\/hoyre.no\/content\/uploads\/sites\/9\/2020\/11\/lofoten-og-vesterale.jpg 980w, https:\/\/hoyre.no\/content\/uploads\/sites\/9\/2020\/11\/lofoten-og-vesterale-300x157.jpg 300w, https:\/\/hoyre.no\/content\/uploads\/sites\/9\/2020\/11\/lofoten-og-vesterale-768x403.jpg 768w\" sizes=\"auto, (max-width: 980px) 100vw, 980px\" \/><\/div><\/figure><div id=\"hoyre-old-article-content-wrapper\"><p> Nordland H\u00f8yre \u00f8nsker fart i debatten om livet i kystsonen. Vi m\u00e5 se n\u00e6ringene under ett, oppdrett, mineral, vannkraft, fiske, olje\/gass og ikke minst reiseliv. <br \/><\/p><p>Det er grunn til bekymring fordi Arbeiderpartiet er taus etter at Fagforbundet nylig signaliserte at man ville foresl\u00e5 varig petroleumsvern for Lofoten, Vester\u00e5len og Senja p\u00e5 LO-kongressen. Dette ble fulgt opp av AUF som gjentok at man ikke \u00f8nsker konsekvensutredning for de nevnte omr\u00e5dene.<\/p><p><strong>H\u00f8yre \u00f8nsker konsekvensutredning<\/strong><\/p><p>Arbeiderpartiet er utsatt for hardt press, det samme er H\u00f8yre. H\u00f8yre er krystallklar p\u00e5 at vi skal ha alle forhold belyst f\u00f8r vi tar en beslutning. H\u00f8yre vil ikke g\u00e5 p\u00e5 akkord med naturen. Hvis olje og gass kan skade havet, fisken eller p\u00e5 annet vis truer forhold som knyttes til v\u00e5rt n\u00e6rmilj\u00f8, skal vi heller ikke drive ut disse ressursene. Det er derfor vi \u00f8nsker kunnskap om hvordan vi p\u00e5 b\u00e6rekraftig vis kan drive oppdrett, mineralutvinning, vannkraft, fiskerier, reiseliv og olje\/gass i fremtida slik at vi fortsatt kan ha noe \u00e5 dele. <\/p><p><strong>Samhandling av ulike interesser<\/strong><\/p><p>Gjennom en konsekvensutredning vil vi f\u00e5 avklart dette. Vi vil f\u00f8rst og fremst f\u00e5 en faktabasert tiln\u00e6rming der vi i sterkere grad griper om realitetene. Etter min mening har debatten v\u00e6rt altfor f\u00f8lelsesladet der frykten for et forringet omr\u00e5de overskygger alt annet. Vi m\u00e5 se oppdrett, mineral, vannkraft, fiske, olje\/gass samlet, for det er resurser vi har, og vi m\u00e5 f\u00e5 anledning til \u00e5 utvikle og skape vekst innen disse n\u00e6ringene. Samhandling mellom fisk og petroleum fungerer utmerket i Finnmark og p\u00e5 kysten av Vestlandet. <\/p><p><strong>Varig vern er ikke veien<\/strong><\/p><p>Klimadebatten er viktig, men et varig vern er ikke veien \u00e5 g\u00e5. Verneinteressene av LoVeSe har forsterket seg og kommer til \u00e5 bre om seg om dette f\u00e5r fortsette. Forsking og utvikling er kommet langt, og den er p\u00e5 langt n\u00e6r over. Norge har en milj\u00f8vennlig olje- og gass utvinning i forhold til mange andre land. Og ny teknologi kommer til \u00e5 gj\u00f8re oss i stand til \u00e5 utvinne enda mer milj\u00f8vennlig i fremtiden. Behovet for energi er \u00f8kende og mange mennesker har ikke samme tilgang som oss. Vi m\u00e5 v\u00e6re med p\u00e5 bidra til \u00e5 \u00f8ke levestandarden, ogs\u00e5 utenfor v\u00e5r region og v\u00e5rt land. <\/p><p><strong>Norge kan vise vei<\/strong><\/p><p>Olje\/ gass-sp\u00f8rsm\u00e5let hos oss blitt et symbol p\u00e5 klimam\u00e5let, og der f\u00f8lelsesargumentene har n\u00e5dd frem. Jeg har en fremtidstro for at Nord-Norge skal f\u00e5 en st\u00f8rre del av verdiskapningen ogs\u00e5 innen olje og gass nettopp fordi vi kan bidra til \u00f8ke tilgangen til energi p\u00e5 en milj\u00f8messig og fornuftig m\u00e5te. Jeg har tro p\u00e5 at norsk petroleumsn\u00e6ring kan bidra til \u00e5 l\u00f8se en av v\u00e5r tids st\u00f8rste utfordring, klimautfordringen. Norge kan med sine teknologimilj\u00f8er og \u00f8konomiske ressurser vise veien til lavutslippssamfunnet.<\/p><p><br \/><\/p><\/div>\n<div class=\"tags\">\n\t<\/div>\n<div class=\"post-footer alignfull has-background block-editor-block-list__block\" data-align=full>\n\t<div class=\"post-footer-inner\">\n\t\t<h3>Relaterte artikler<\/h3>\n\t\t<div class=\"related-content\"><div class=\"is-card-hoyre\">\n\t<div class=\"teft-card hoyre-teft-card post-teft-card\">\n\t\t<a href=\"https:\/\/hoyre.no\/nordland\/aktuelt\/vi-onsker-dine-innspill\/\" class=\"teft-card__primary-action\">\n\n\t\t\t\t\t<div class=\"teft-card__media teft-card__media--16-9\">\n\t\t\t\t\t\t<img loading=\"lazy\" decoding=\"async\" width=\"768\" height=\"402\" src=\"https:\/\/hoyre.no\/content\/uploads\/sites\/9\/2026\/04\/Dokument-uten-navn-09.02.2026-1-1536x804-1-768x402.png\" class=\"attachment-medium_large size-medium_large\" alt=\"\" srcset=\"https:\/\/hoyre.no\/content\/uploads\/sites\/9\/2026\/04\/Dokument-uten-navn-09.02.2026-1-1536x804-1-768x402.png 768w, https:\/\/hoyre.no\/content\/uploads\/sites\/9\/2026\/04\/Dokument-uten-navn-09.02.2026-1-1536x804-1-300x157.png 300w, https:\/\/hoyre.no\/content\/uploads\/sites\/9\/2026\/04\/Dokument-uten-navn-09.02.2026-1-1536x804-1-1024x536.png 1024w, https:\/\/hoyre.no\/content\/uploads\/sites\/9\/2026\/04\/Dokument-uten-navn-09.02.2026-1-1536x804-1.png 1536w\" sizes=\"auto, (max-width: 768px) 100vw, 768px\" \/>\t\t<\/div>\n\t\t\n\t\t\t<div class=\"teft-card__content-wrapper\">\n\t\t\t\t<div class=\"teft-card__secondary\">\n\t\t\t\t\t\n\t\t\t\t\t\t\t\t<div class=\"teft-card__meta\">\n\t\t\t\t\t\t\t\t\t<span class=\"post-date\">15. apr 2026<\/span>\n\n\t\t\t\t\t\t\t\t\t<span class=\"post-category\">Nominasjonsprosess 2027\/2031<\/span>\t\t\t\t\t\t\t\t<\/div>\n\t\t\t\t\t\t\t\t\t\t\t<\/div>\n\n\t\t\t\t<div class=\"teft-card__primary\">\n\t\t\t\t\t<h2 class=\"teft-card__title\">Vi \u00f8nsker dine innspill!&nbsp;<span class=\"teft-card__primary-title-append\"><\/span><\/h2>\t\t\t\t<\/div>\n\t\t\t<\/div>\n\t\t<\/a>\n\t<\/div>\n\n\t<\/div><div class=\"is-card-hoyre\">\n\t<div class=\"teft-card hoyre-teft-card post-teft-card\">\n\t\t<a href=\"https:\/\/hoyre.no\/nordland\/aktuelt\/sjomatnaeringen-og-prosessindustrien\/\" class=\"teft-card__primary-action\">\n\n\t\t\t<div class=\"teft-card__media teft-card__media--16-9 no-image\"><\/div>\n\t\t\t<div class=\"teft-card__content-wrapper\">\n\t\t\t\t<div class=\"teft-card__secondary\">\n\t\t\t\t\t\n\t\t\t\t\t\t\t\t<div class=\"teft-card__meta\">\n\t\t\t\t\t\t\t\t\t<span class=\"post-date\">20. nov 2025<\/span>\n\n\t\t\t\t\t\t\t\t\t<span class=\"post-category\">Fylkes\u00e5rsm\u00f8te 2025<\/span>\t\t\t\t\t\t\t\t<\/div>\n\t\t\t\t\t\t\t\t\t\t\t<\/div>\n\n\t\t\t\t<div class=\"teft-card__primary\">\n\t\t\t\t\t<h2 class=\"teft-card__title\">Sj\u00f8matn\u00e6ringen og prosessindustrien&nbsp;<span class=\"teft-card__primary-title-append\"><\/span><\/h2>\t\t\t\t<\/div>\n\t\t\t<\/div>\n\t\t<\/a>\n\t<\/div>\n\n\t<\/div><div class=\"is-card-hoyre\">\n\t<div class=\"teft-card hoyre-teft-card post-teft-card\">\n\t\t<a href=\"https:\/\/hoyre.no\/nordland\/aktuelt\/okt-satsning-pa-havforskning\/\" class=\"teft-card__primary-action\">\n\n\t\t\t<div class=\"teft-card__media teft-card__media--16-9 no-image\"><\/div>\n\t\t\t<div class=\"teft-card__content-wrapper\">\n\t\t\t\t<div class=\"teft-card__secondary\">\n\t\t\t\t\t\n\t\t\t\t\t\t\t\t<div class=\"teft-card__meta\">\n\t\t\t\t\t\t\t\t\t<span class=\"post-date\">20. nov 2025<\/span>\n\n\t\t\t\t\t\t\t\t\t<span class=\"post-category\">Fylkes\u00e5rsm\u00f8te 2025<\/span>\t\t\t\t\t\t\t\t<\/div>\n\t\t\t\t\t\t\t\t\t\t\t<\/div>\n\n\t\t\t\t<div class=\"teft-card__primary\">\n\t\t\t\t\t<h2 class=\"teft-card__title\">\u00d8kt satsning p\u00e5 havforskning&nbsp;<span class=\"teft-card__primary-title-append\"><\/span><\/h2>\t\t\t\t<\/div>\n\t\t\t<\/div>\n\t\t<\/a>\n\t<\/div>\n\n\t<\/div><\/div>\t<\/div>\n<\/div>\n","protected":false},"excerpt":{"rendered":"","protected":false},"author":0,"featured_media":0,"comment_status":"closed","ping_status":"closed","sticky":false,"template":"","format":"standard","meta":{"teft_cards_image_url":"https:\/\/hoyre.no\/content\/uploads\/sites\/9\/2020\/11\/lofoten-og-vesterale.jpg","teft_cards_custom_pretitle":"","teft_cards_image_id":385,"teft_cards_image_focal_point_x":0,"teft_cards_image_focal_point_y":0,"teft_cards_title":"","teft_cards_excerpt":"","teft_show_chapters":false,"author_display_name":"Av: Jonny Finstad, fylkesleder Nordland H\u00f8yre","footnotes":""},"category":[1],"post_tag":[],"hoyre-visibility":[],"article-type":[],"politician":[],"class_list":["post-386","post","type-post","status-publish","format-standard","hentry","category-ukategorisert"],"yoast_head":"<!-- This site is optimized with the Yoast SEO plugin v26.6 - https:\/\/yoast.com\/wordpress\/plugins\/seo\/ -->\n<title>Verneinteressene m\u00e5 ikke bli for sterke - Nordland H\u00f8yre<\/title>\n<meta name=\"robots\" content=\"index, follow, max-snippet:-1, max-image-preview:large, max-video-preview:-1\" \/>\n<link rel=\"canonical\" href=\"https:\/\/hoyre.no\/nordland\/aktuelt\/verneinteressene-ma\/\" \/>\n<meta property=\"og:locale\" content=\"nb_NO\" \/>\n<meta property=\"og:type\" content=\"article\" \/>\n<meta property=\"og:title\" content=\"Verneinteressene m\u00e5 ikke bli for sterke - Nordland H\u00f8yre\" \/>\n<meta property=\"og:url\" content=\"https:\/\/hoyre.no\/nordland\/aktuelt\/verneinteressene-ma\/\" \/>\n<meta property=\"og:site_name\" content=\"Nordland H\u00f8yre\" \/>\n<meta property=\"article:published_time\" content=\"2016-10-20T20:00:00+00:00\" \/>\n<meta property=\"og:image\" content=\"https:\/\/hoyre.no\/content\/uploads\/sites\/9\/2022\/11\/Hoyres-logo.png\" \/>\n\t<meta property=\"og:image:width\" content=\"1000\" \/>\n\t<meta property=\"og:image:height\" content=\"1000\" \/>\n\t<meta property=\"og:image:type\" content=\"image\/png\" \/>\n<meta name=\"twitter:card\" content=\"summary_large_image\" \/>\n<meta name=\"twitter:label1\" content=\"Ansl. lesetid\" \/>\n\t<meta name=\"twitter:data1\" content=\"3 minutter\" \/>\n<script type=\"application\/ld+json\" class=\"yoast-schema-graph\">{\"@context\":\"https:\/\/schema.org\",\"@graph\":[{\"@type\":\"NewsArticle\",\"@id\":\"https:\/\/hoyre.no\/nordland\/aktuelt\/verneinteressene-ma\/\",\"url\":\"https:\/\/hoyre.no\/nordland\/aktuelt\/verneinteressene-ma\/\",\"name\":\"Verneinteressene m\u00e5 ikke bli for sterke - Nordland H\u00f8yre\",\"isPartOf\":{\"@id\":\"https:\/\/hoyre.no\/nordland\/#website\"},\"datePublished\":\"2016-10-20T20:00:00+00:00\",\"author\":{\"@id\":\"\"},\"breadcrumb\":{\"@id\":\"https:\/\/hoyre.no\/nordland\/aktuelt\/verneinteressene-ma\/#breadcrumb\"},\"inLanguage\":\"nb-NO\",\"potentialAction\":[{\"@type\":\"ReadAction\",\"target\":[\"https:\/\/hoyre.no\/nordland\/aktuelt\/verneinteressene-ma\/\"]}]},{\"@type\":\"BreadcrumbList\",\"@id\":\"https:\/\/hoyre.no\/nordland\/aktuelt\/verneinteressene-ma\/#breadcrumb\",\"itemListElement\":[{\"@type\":\"ListItem\",\"position\":1,\"name\":\"Til hoyre.no\",\"item\":\"https:\/\/hoyre.no\"},{\"@type\":\"ListItem\",\"position\":2,\"name\":\"Hjem\",\"item\":\"https:\/\/hoyre.no\/nordland\/\"},{\"@type\":\"ListItem\",\"position\":3,\"name\":\"Verneinteressene m\u00e5 ikke bli for sterke\"}]},{\"@type\":\"WebSite\",\"@id\":\"https:\/\/hoyre.no\/nordland\/#website\",\"url\":\"https:\/\/hoyre.no\/nordland\/\",\"name\":\"Nordland H\u00f8yre\",\"description\":\"Bare enda et H\u00f8yres nettsteder-nettsted\",\"inLanguage\":\"nb-NO\"}]}<\/script>\n<!-- \/ Yoast SEO plugin. -->","yoast_head_json":{"title":"Verneinteressene m\u00e5 ikke bli for sterke - Nordland H\u00f8yre","robots":{"index":"index","follow":"follow","max-snippet":"max-snippet:-1","max-image-preview":"max-image-preview:large","max-video-preview":"max-video-preview:-1"},"canonical":"https:\/\/hoyre.no\/nordland\/aktuelt\/verneinteressene-ma\/","og_locale":"nb_NO","og_type":"article","og_title":"Verneinteressene m\u00e5 ikke bli for sterke - Nordland H\u00f8yre","og_url":"https:\/\/hoyre.no\/nordland\/aktuelt\/verneinteressene-ma\/","og_site_name":"Nordland H\u00f8yre","article_published_time":"2016-10-20T20:00:00+00:00","og_image":[{"width":1000,"height":1000,"url":"https:\/\/hoyre.no\/content\/uploads\/sites\/9\/2022\/11\/Hoyres-logo.png","type":"image\/png"}],"twitter_card":"summary_large_image","twitter_misc":{"Ansl. lesetid":"3 minutter"},"schema":{"@context":"https:\/\/schema.org","@graph":[{"@type":"NewsArticle","@id":"https:\/\/hoyre.no\/nordland\/aktuelt\/verneinteressene-ma\/","url":"https:\/\/hoyre.no\/nordland\/aktuelt\/verneinteressene-ma\/","name":"Verneinteressene m\u00e5 ikke bli for sterke - Nordland H\u00f8yre","isPartOf":{"@id":"https:\/\/hoyre.no\/nordland\/#website"},"datePublished":"2016-10-20T20:00:00+00:00","author":{"@id":""},"breadcrumb":{"@id":"https:\/\/hoyre.no\/nordland\/aktuelt\/verneinteressene-ma\/#breadcrumb"},"inLanguage":"nb-NO","potentialAction":[{"@type":"ReadAction","target":["https:\/\/hoyre.no\/nordland\/aktuelt\/verneinteressene-ma\/"]}]},{"@type":"BreadcrumbList","@id":"https:\/\/hoyre.no\/nordland\/aktuelt\/verneinteressene-ma\/#breadcrumb","itemListElement":[{"@type":"ListItem","position":1,"name":"Til hoyre.no","item":"https:\/\/hoyre.no"},{"@type":"ListItem","position":2,"name":"Hjem","item":"https:\/\/hoyre.no\/nordland\/"},{"@type":"ListItem","position":3,"name":"Verneinteressene m\u00e5 ikke bli for sterke"}]},{"@type":"WebSite","@id":"https:\/\/hoyre.no\/nordland\/#website","url":"https:\/\/hoyre.no\/nordland\/","name":"Nordland H\u00f8yre","description":"Bare enda et H\u00f8yres nettsteder-nettsted","inLanguage":"nb-NO"}]}},"distributor_meta":false,"distributor_terms":false,"distributor_media":false,"distributor_original_site_name":"Nordland H\u00f8yre","distributor_original_site_url":"https:\/\/hoyre.no\/nordland","push-errors":false,"_links":{"self":[{"href":"https:\/\/hoyre.no\/nordland\/wp-json\/wp\/v2\/posts\/386","targetHints":{"allow":["GET"]}}],"collection":[{"href":"https:\/\/hoyre.no\/nordland\/wp-json\/wp\/v2\/posts"}],"about":[{"href":"https:\/\/hoyre.no\/nordland\/wp-json\/wp\/v2\/types\/post"}],"replies":[{"embeddable":true,"href":"https:\/\/hoyre.no\/nordland\/wp-json\/wp\/v2\/comments?post=386"}],"version-history":[{"count":0,"href":"https:\/\/hoyre.no\/nordland\/wp-json\/wp\/v2\/posts\/386\/revisions"}],"wp:attachment":[{"href":"https:\/\/hoyre.no\/nordland\/wp-json\/wp\/v2\/media?parent=386"}],"wp:term":[{"taxonomy":"category","embeddable":true,"href":"https:\/\/hoyre.no\/nordland\/wp-json\/wp\/v2\/category?post=386"},{"taxonomy":"post_tag","embeddable":true,"href":"https:\/\/hoyre.no\/nordland\/wp-json\/wp\/v2\/post_tag?post=386"},{"taxonomy":"hoyre-visibility","embeddable":true,"href":"https:\/\/hoyre.no\/nordland\/wp-json\/wp\/v2\/hoyre-visibility?post=386"},{"taxonomy":"article-type","embeddable":true,"href":"https:\/\/hoyre.no\/nordland\/wp-json\/wp\/v2\/article-type?post=386"},{"taxonomy":"politician","embeddable":true,"href":"https:\/\/hoyre.no\/nordland\/wp-json\/wp\/v2\/politician?post=386"}],"curies":[{"name":"wp","href":"https:\/\/api.w.org\/{rel}","templated":true}]}}