{"id":456,"date":"2021-01-25T13:23:13","date_gmt":"2021-01-25T12:23:13","guid":{"rendered":"https:\/\/hoyre.no\/nordland\/?p=456"},"modified":"2021-01-25T13:23:13","modified_gmt":"2021-01-25T12:23:13","slug":"nordland-er-fortellingen-om-landet-vart","status":"publish","type":"post","link":"https:\/\/hoyre.no\/nordland\/aktuelt\/nordland-er-fortellingen-om-landet-vart\/","title":{"rendered":"Nordland er fortellingen om landet v\u00e5rt"},"content":{"rendered":"\n<p class=\"preamble\">Nordland er rik p\u00e5 ressurser som verden trenger mer av i fremtiden. Framtidsutsiktene handler likevel mest om folkene. H\u00f8yres politiske l\u00f8sninger handler om \u00e5 skape et livsgrunnlag i fylket sammen, og hvordan vi kan bli flere.<\/p>\t\t\t<div class=\"post-meta wp-block teft-byline-wrapper\">\n\t\t\t\t<div class=\"top\">\n\t\t\t\t\t<div class=\"signature\">\n\t\t\t\t\t\t<div class=\"teft-byline\">\n\t\t\t\t\t\t\t\t\t\t\t\t\t\t<div>\n\t\t\t\t\t\t\t\t<h3>H\u00f8yres redaksjon<\/h3>\t\t\t\t\t\t\t\t\n\t\t\t\t\t\t\t\t\t\t\t\t\t\t\t\t\t<span class=\"date\">Sist oppdatert: 25. januar 2021<\/span>\n\t\t\t\t\t\t\t\t\t\t\t\t\t\t\t\t\t\t\t\t\t\t\t\t\t<span class=\"reading-time\" itemprop=\"timeRequired\" content=\"PT4M\"><em>Ca. 4 minutter lesetid<\/em><\/span>\n\t\t\t\t\t\t\t\t\t\t\t\t\t\t\t<\/div>\n\t\t\t\t\t\t<\/div>\n\t\t\t\t\t<\/div>\n\t\t\t\t\t\t<div class=\"sharing\">\n\t\t<a class=\"share-button share-link copy-link\" data-copy=\"https:\/\/hoyre.no\/nordland\/aktuelt\/nordland-er-fortellingen-om-landet-vart\/\" target=\"_blank\"><span class=\"screen-reader-text\">Del link<\/span><\/a>\n\t\t<a class=\"share-button share-twitter\" href=\"http:\/\/twitter.com\/share?text=Nordland er fortellingen om landet v\u00e5rt&#038;url=https:\/\/hoyre.no\/nordland\/aktuelt\/nordland-er-fortellingen-om-landet-vart\/&#038;hashtags=Hoyre\" target=\"_blank\"><span class=\"screen-reader-text\">Del p\u00e5 twitter<\/span><\/a>\n\t\t<a class=\"share-button share-facebook\" href=\"https:\/\/www.facebook.com\/sharer\/sharer.php?u=https:\/\/hoyre.no\/nordland\/aktuelt\/nordland-er-fortellingen-om-landet-vart\/\" target=\"_blank\"><span class=\"screen-reader-text\">Del p\u00e5 facebook<\/span><\/a>\n\t<\/div>\n\t\t\t\t\t<\/div>\n\t\t\t<\/div>\n\n\t\t\t<figure class=\"hoyre-image-wrapper\"><div class=\"hoyre-image\"><img loading=\"lazy\" decoding=\"async\" width=\"1326\" height=\"715\" src=\"https:\/\/hoyre.no\/content\/uploads\/sites\/9\/2021\/01\/BLT-Erna.jpg\" class=\"attachment-scaled size-scaled\" alt=\"\" style=\"object-position: 50% 50%\" srcset=\"https:\/\/hoyre.no\/content\/uploads\/sites\/9\/2021\/01\/BLT-Erna.jpg 1326w, https:\/\/hoyre.no\/content\/uploads\/sites\/9\/2021\/01\/BLT-Erna-300x162.jpg 300w, https:\/\/hoyre.no\/content\/uploads\/sites\/9\/2021\/01\/BLT-Erna-1024x552.jpg 1024w, https:\/\/hoyre.no\/content\/uploads\/sites\/9\/2021\/01\/BLT-Erna-768x414.jpg 768w\" sizes=\"auto, (max-width: 1326px) 100vw, 1326px\" \/><\/div><figcaption class=\"caption\">B\u00e5rd Ludvig Thorheim, f\u00f8rstekandidat til Stortinget for Nordland H\u00f8yre, og\u00a0Erna Solberg, statsminister.<\/figcaption><\/figure>\n\n\n\n\n<p>Nordland er i dag et av v\u00e5re fire st\u00f8rste eksportfylker og har flere bein \u00e5 st\u00e5 p\u00e5. Selv med korona er arbeidsledigheten her lavere enn i resten av landet og l\u00f8nnsomheten i n\u00e6ringslivet h\u00f8yere. Det har v\u00e6rt viktig for H\u00f8yre i regjering \u00e5 st\u00f8tte opp om en verdiskaping som bidrar stort i nasjonal\u00f8konomien. Derfor har vi investert tungt i veibygging i fylket, b\u00e5de E6 og andre strekninger. Vi har bygget ut bredb\u00e5nd, og forpliktet oss til nye store utbygginger som H\u00e5logalandsveien, flyplasser og fiskerihavner.<\/p>\n\n\n\n<p>Valget av hydrogenferger i Vestfjorden handler om \u00e5 satse p\u00e5 et nytt industrieventyr i Nordland, med de muligheter som s\u00e6rlig finnes i Glomfjord. I Mo i Rana planlegges det for en batterifabrikk med over 2000 arbeidsplasser ved fullskala produksjon. Det er bra. 13% av alle private jobber i fylket er innen sj\u00f8mat.<\/p>\n\n\n\n<p>For \u00e5 st\u00f8tte opp om disse n\u00e6ringene, vil vi ikke vike en tomme i \u00e5 forsvare E\u00d8S-avtalen. Disse jobbene er utsatt for en sterk internasjonal konkurranse. Markedsadgangen er avgj\u00f8rende for om det g\u00e5r rundt. Senterpartiets krav om \u00e5 trekke Norge ut av E\u00d8S vil v\u00e6re krise for Nordland. Det finnes ikke noe alternativ til E\u00d8S som gir en bedre eller i n\u00e6rheten av like god markedstilgang.<\/p>\n\n\n\n<p>Fra 1820-tallet og et stykke inn p\u00e5 1900-tallet opplevde Nord-Norge en sterkere befolkningsvekst enn i resten av landet. Folk flyttet til s\u00f8rfra og fra Finland. Den st\u00f8rste bekymringen for folk og n\u00e6ringsliv i Nordland i dag, er befolkningsutviklingen.<\/p>\n\n\n\n<p>Rapporter den siste tiden kaster lys over utfordringen. Folk har siden 1960-tallet flyttet fra mindre steder til st\u00f8rre steder. P\u00e5 toppen av dette sl\u00e5r eldreb\u00f8lgen sterkere inn i de minste distriktskommunene over hele landet.<\/p>\n\n\n\n<p>Det er mange gode ideer til hvordan det kan bli mer attraktivt \u00e5 bo i Nordland. De skal vi vurdere n\u00f8ye. Det er samtidig grunnleggende at folk har en givende og godt betalt jobb der man bor, og gode utdanningsmuligheter. Det kommer f\u00f8rst. Derfor handler H\u00f8yres distriktspolitikk om \u00e5 skape mer i distriktene \u2013 ikke \u00e5 skatte mer i distriktene. For \u00e5 skape flere av fremtidens jobber har vi i Nordomr\u00e5demeldingen lansert et offentlig-privat investeringsfond for landsdelen og \u00f8kt forskningsinnsatsen i n\u00e6ringslivet.<\/p>\n\n\n\n<p>Livet handler samtidig ikke bare om hva vi skal leve av. Men ogs\u00e5 hva vi skal leve for. Og at vi har trygghet i gode offentlige tjenester n\u00e5r vi trenger det. Derfor er det positivt \u00e5 se at andelen som fullf\u00f8rer videreg\u00e5ende utdanning har steget til 72,4 prosent i Nordland. I Narvik bygges nytt sykehus og p\u00e5 Helgeland er en sykehusstruktur landet.<\/p>\n\n\n\n<p>Det offentlige m\u00e5 hele tiden fornye seg og tilpasse seg de utfordringene som utviklingen bringer. Politireformen og kommunesammensl\u00e5inger har v\u00e6rt n\u00f8dvendig for \u00e5 gi bedre tjenester til folk flest. Politiet skal v\u00e6re kompetent til \u00e5 forebygge og etterforske alvorlig kriminalitet. Nylig har Nordland politidistrikt ansatt 21 nye politifolk og vi har n\u00e5dd m\u00e5let om 2 politi pr 1000 innbyggere i hele Norge. Det er et historisk l\u00f8ft for trygghet i hverdagen v\u00e5r.<\/p>\n\n\n\n<p>Livet handler ogs\u00e5 om de stolte \u00f8yeblikkene. Selv en Brann-supporter, og hele Norge, lot seg fascinere av at Bod\u00f8 Glimt slo de fleste rekorder i eliteserien og ble f\u00f8rste nordnorske seriemester. Og k\u00e5ringen av Bod\u00f8 som Europeisk kulturhovedstad i 2024. Satsingen p\u00e5 verdensledende romindustri p\u00e5 And\u00f8ya. Og s\u00f8knaden om alpin-VM i Narvik.<\/p>\n\n\n\n<p>Med Nordlands posisjon er det knapt noen region i Europa som er bedre rustet for fremtiden. Den viktigste ressursen er likevel folkene. Vi m\u00e5 evne \u00e5 se lokale utfordringer og muligheter opp mot et internasjonalt bilde og nye utviklingstrekk. Med blikket rettet mot fremtidens muligheter, og en aktiv stat med p\u00e5 laget, kan Nordland ogs\u00e5 snu utviklingen til en positiv befolkningstrend.<\/p>\n\n\n<div class=\"tags\">\n\t<\/div>\n<div class=\"post-footer alignfull has-background block-editor-block-list__block\" data-align=full>\n\t<div class=\"post-footer-inner\">\n\t\t<h3>Relaterte artikler<\/h3>\n\t\t<div class=\"related-content\"><div class=\"is-card-hoyre\">\n\t<div class=\"teft-card hoyre-teft-card post-teft-card\">\n\t\t<a href=\"https:\/\/hoyre.no\/nordland\/aktuelt\/vi-onsker-dine-innspill\/\" class=\"teft-card__primary-action\">\n\n\t\t\t\t\t<div class=\"teft-card__media teft-card__media--16-9\">\n\t\t\t\t\t\t<img loading=\"lazy\" decoding=\"async\" width=\"768\" height=\"402\" src=\"https:\/\/hoyre.no\/content\/uploads\/sites\/9\/2026\/04\/Dokument-uten-navn-09.02.2026-1-1536x804-1-768x402.png\" class=\"attachment-medium_large size-medium_large\" alt=\"\" srcset=\"https:\/\/hoyre.no\/content\/uploads\/sites\/9\/2026\/04\/Dokument-uten-navn-09.02.2026-1-1536x804-1-768x402.png 768w, https:\/\/hoyre.no\/content\/uploads\/sites\/9\/2026\/04\/Dokument-uten-navn-09.02.2026-1-1536x804-1-300x157.png 300w, https:\/\/hoyre.no\/content\/uploads\/sites\/9\/2026\/04\/Dokument-uten-navn-09.02.2026-1-1536x804-1-1024x536.png 1024w, https:\/\/hoyre.no\/content\/uploads\/sites\/9\/2026\/04\/Dokument-uten-navn-09.02.2026-1-1536x804-1.png 1536w\" sizes=\"auto, (max-width: 768px) 100vw, 768px\" \/>\t\t<\/div>\n\t\t\n\t\t\t<div class=\"teft-card__content-wrapper\">\n\t\t\t\t<div class=\"teft-card__secondary\">\n\t\t\t\t\t\n\t\t\t\t\t\t\t\t<div class=\"teft-card__meta\">\n\t\t\t\t\t\t\t\t\t<span class=\"post-date\">15. apr 2026<\/span>\n\n\t\t\t\t\t\t\t\t\t<span class=\"post-category\">Nominasjonsprosess 2027\/2031<\/span>\t\t\t\t\t\t\t\t<\/div>\n\t\t\t\t\t\t\t\t\t\t\t<\/div>\n\n\t\t\t\t<div class=\"teft-card__primary\">\n\t\t\t\t\t<h2 class=\"teft-card__title\">Vi \u00f8nsker dine innspill!&nbsp;<span class=\"teft-card__primary-title-append\"><\/span><\/h2>\t\t\t\t<\/div>\n\t\t\t<\/div>\n\t\t<\/a>\n\t<\/div>\n\n\t<\/div><div class=\"is-card-hoyre\">\n\t<div class=\"teft-card hoyre-teft-card post-teft-card\">\n\t\t<a href=\"https:\/\/hoyre.no\/nordland\/aktuelt\/sjomatnaeringen-og-prosessindustrien\/\" class=\"teft-card__primary-action\">\n\n\t\t\t<div class=\"teft-card__media teft-card__media--16-9 no-image\"><\/div>\n\t\t\t<div class=\"teft-card__content-wrapper\">\n\t\t\t\t<div class=\"teft-card__secondary\">\n\t\t\t\t\t\n\t\t\t\t\t\t\t\t<div class=\"teft-card__meta\">\n\t\t\t\t\t\t\t\t\t<span class=\"post-date\">20. nov 2025<\/span>\n\n\t\t\t\t\t\t\t\t\t<span class=\"post-category\">Fylkes\u00e5rsm\u00f8te 2025<\/span>\t\t\t\t\t\t\t\t<\/div>\n\t\t\t\t\t\t\t\t\t\t\t<\/div>\n\n\t\t\t\t<div class=\"teft-card__primary\">\n\t\t\t\t\t<h2 class=\"teft-card__title\">Sj\u00f8matn\u00e6ringen og prosessindustrien&nbsp;<span class=\"teft-card__primary-title-append\"><\/span><\/h2>\t\t\t\t<\/div>\n\t\t\t<\/div>\n\t\t<\/a>\n\t<\/div>\n\n\t<\/div><div class=\"is-card-hoyre\">\n\t<div class=\"teft-card hoyre-teft-card post-teft-card\">\n\t\t<a href=\"https:\/\/hoyre.no\/nordland\/aktuelt\/okt-satsning-pa-havforskning\/\" class=\"teft-card__primary-action\">\n\n\t\t\t<div class=\"teft-card__media teft-card__media--16-9 no-image\"><\/div>\n\t\t\t<div class=\"teft-card__content-wrapper\">\n\t\t\t\t<div class=\"teft-card__secondary\">\n\t\t\t\t\t\n\t\t\t\t\t\t\t\t<div class=\"teft-card__meta\">\n\t\t\t\t\t\t\t\t\t<span class=\"post-date\">20. nov 2025<\/span>\n\n\t\t\t\t\t\t\t\t\t<span class=\"post-category\">Fylkes\u00e5rsm\u00f8te 2025<\/span>\t\t\t\t\t\t\t\t<\/div>\n\t\t\t\t\t\t\t\t\t\t\t<\/div>\n\n\t\t\t\t<div class=\"teft-card__primary\">\n\t\t\t\t\t<h2 class=\"teft-card__title\">\u00d8kt satsning p\u00e5 havforskning&nbsp;<span class=\"teft-card__primary-title-append\"><\/span><\/h2>\t\t\t\t<\/div>\n\t\t\t<\/div>\n\t\t<\/a>\n\t<\/div>\n\n\t<\/div><\/div>\t<\/div>\n<\/div>\n","protected":false},"excerpt":{"rendered":"","protected":false},"author":448,"featured_media":0,"comment_status":"closed","ping_status":"closed","sticky":false,"template":"","format":"standard","meta":{"teft_cards_image_url":"","teft_cards_custom_pretitle":"","teft_cards_image_id":457,"teft_cards_image_focal_point_x":0.5,"teft_cards_image_focal_point_y":0.5,"teft_cards_title":"","teft_cards_excerpt":"","teft_show_chapters":false,"author_display_name":"","footnotes":""},"category":[1],"post_tag":[],"hoyre-visibility":[],"article-type":[],"politician":[],"class_list":["post-456","post","type-post","status-publish","format-standard","hentry","category-ukategorisert"],"yoast_head":"<!-- This site is optimized with the Yoast SEO plugin v26.6 - https:\/\/yoast.com\/wordpress\/plugins\/seo\/ -->\n<title>Nordland er fortellingen om landet v\u00e5rt - Nordland H\u00f8yre<\/title>\n<meta name=\"robots\" content=\"index, follow, max-snippet:-1, max-image-preview:large, max-video-preview:-1\" \/>\n<link rel=\"canonical\" href=\"https:\/\/hoyre.no\/nordland\/aktuelt\/nordland-er-fortellingen-om-landet-vart\/\" \/>\n<meta property=\"og:locale\" content=\"nb_NO\" \/>\n<meta property=\"og:type\" content=\"article\" \/>\n<meta property=\"og:title\" content=\"Nordland er fortellingen om landet v\u00e5rt - Nordland H\u00f8yre\" \/>\n<meta property=\"og:url\" content=\"https:\/\/hoyre.no\/nordland\/aktuelt\/nordland-er-fortellingen-om-landet-vart\/\" \/>\n<meta property=\"og:site_name\" content=\"Nordland H\u00f8yre\" \/>\n<meta property=\"article:published_time\" content=\"2021-01-25T12:23:13+00:00\" \/>\n<meta property=\"og:image\" content=\"https:\/\/hoyre.no\/content\/uploads\/sites\/9\/2022\/11\/Hoyres-logo.png\" \/>\n\t<meta property=\"og:image:width\" content=\"1000\" \/>\n\t<meta property=\"og:image:height\" content=\"1000\" \/>\n\t<meta property=\"og:image:type\" content=\"image\/png\" \/>\n<meta name=\"author\" content=\"Joakim Sennesvik\" \/>\n<meta name=\"twitter:card\" content=\"summary_large_image\" \/>\n<meta name=\"twitter:label1\" content=\"Skrevet av\" \/>\n\t<meta name=\"twitter:data1\" content=\"Joakim Sennesvik\" \/>\n\t<meta name=\"twitter:label2\" content=\"Ansl. lesetid\" \/>\n\t<meta name=\"twitter:data2\" content=\"3 minutter\" \/>\n<script type=\"application\/ld+json\" class=\"yoast-schema-graph\">{\"@context\":\"https:\/\/schema.org\",\"@graph\":[{\"@type\":\"NewsArticle\",\"@id\":\"https:\/\/hoyre.no\/nordland\/aktuelt\/nordland-er-fortellingen-om-landet-vart\/\",\"url\":\"https:\/\/hoyre.no\/nordland\/aktuelt\/nordland-er-fortellingen-om-landet-vart\/\",\"name\":\"Nordland er fortellingen om landet v\u00e5rt - Nordland H\u00f8yre\",\"isPartOf\":{\"@id\":\"https:\/\/hoyre.no\/nordland\/#website\"},\"datePublished\":\"2021-01-25T12:23:13+00:00\",\"author\":{\"@id\":\"https:\/\/hoyre.no\/nordland\/#\/schema\/person\/1f8e1c4403c3915de592a4f085e90dff\"},\"breadcrumb\":{\"@id\":\"https:\/\/hoyre.no\/nordland\/aktuelt\/nordland-er-fortellingen-om-landet-vart\/#breadcrumb\"},\"inLanguage\":\"nb-NO\",\"potentialAction\":[{\"@type\":\"ReadAction\",\"target\":[\"https:\/\/hoyre.no\/nordland\/aktuelt\/nordland-er-fortellingen-om-landet-vart\/\"]}]},{\"@type\":\"BreadcrumbList\",\"@id\":\"https:\/\/hoyre.no\/nordland\/aktuelt\/nordland-er-fortellingen-om-landet-vart\/#breadcrumb\",\"itemListElement\":[{\"@type\":\"ListItem\",\"position\":1,\"name\":\"Til hoyre.no\",\"item\":\"https:\/\/hoyre.no\"},{\"@type\":\"ListItem\",\"position\":2,\"name\":\"Hjem\",\"item\":\"https:\/\/hoyre.no\/nordland\/\"},{\"@type\":\"ListItem\",\"position\":3,\"name\":\"Nordland er fortellingen om landet v\u00e5rt\"}]},{\"@type\":\"WebSite\",\"@id\":\"https:\/\/hoyre.no\/nordland\/#website\",\"url\":\"https:\/\/hoyre.no\/nordland\/\",\"name\":\"Nordland H\u00f8yre\",\"description\":\"Bare enda et H\u00f8yres nettsteder-nettsted\",\"inLanguage\":\"nb-NO\"},{\"@type\":\"Person\",\"@id\":\"https:\/\/hoyre.no\/nordland\/#\/schema\/person\/1f8e1c4403c3915de592a4f085e90dff\",\"name\":\"Joakim Sennesvik\",\"image\":{\"@type\":\"ImageObject\",\"inLanguage\":\"nb-NO\",\"@id\":\"https:\/\/hoyre.no\/nordland\/#\/schema\/person\/image\/\",\"url\":\"https:\/\/secure.gravatar.com\/avatar\/bf9cc3e7e5afe2762e5d04cd2ea7347c8b706349c8d253bbf60dd51ba58ec51b?s=96&d=mm&r=g\",\"contentUrl\":\"https:\/\/secure.gravatar.com\/avatar\/bf9cc3e7e5afe2762e5d04cd2ea7347c8b706349c8d253bbf60dd51ba58ec51b?s=96&d=mm&r=g\",\"caption\":\"Joakim Sennesvik\"},\"url\":\"https:\/\/hoyre.no\/nordland\/aktuelt\/author\/m50416700\/\"}]}<\/script>\n<!-- \/ Yoast SEO plugin. -->","yoast_head_json":{"title":"Nordland er fortellingen om landet v\u00e5rt - Nordland H\u00f8yre","robots":{"index":"index","follow":"follow","max-snippet":"max-snippet:-1","max-image-preview":"max-image-preview:large","max-video-preview":"max-video-preview:-1"},"canonical":"https:\/\/hoyre.no\/nordland\/aktuelt\/nordland-er-fortellingen-om-landet-vart\/","og_locale":"nb_NO","og_type":"article","og_title":"Nordland er fortellingen om landet v\u00e5rt - Nordland H\u00f8yre","og_url":"https:\/\/hoyre.no\/nordland\/aktuelt\/nordland-er-fortellingen-om-landet-vart\/","og_site_name":"Nordland H\u00f8yre","article_published_time":"2021-01-25T12:23:13+00:00","og_image":[{"width":1000,"height":1000,"url":"https:\/\/hoyre.no\/content\/uploads\/sites\/9\/2022\/11\/Hoyres-logo.png","type":"image\/png"}],"author":"Joakim Sennesvik","twitter_card":"summary_large_image","twitter_misc":{"Skrevet av":"Joakim Sennesvik","Ansl. lesetid":"3 minutter"},"schema":{"@context":"https:\/\/schema.org","@graph":[{"@type":"NewsArticle","@id":"https:\/\/hoyre.no\/nordland\/aktuelt\/nordland-er-fortellingen-om-landet-vart\/","url":"https:\/\/hoyre.no\/nordland\/aktuelt\/nordland-er-fortellingen-om-landet-vart\/","name":"Nordland er fortellingen om landet v\u00e5rt - Nordland H\u00f8yre","isPartOf":{"@id":"https:\/\/hoyre.no\/nordland\/#website"},"datePublished":"2021-01-25T12:23:13+00:00","author":{"@id":"https:\/\/hoyre.no\/nordland\/#\/schema\/person\/1f8e1c4403c3915de592a4f085e90dff"},"breadcrumb":{"@id":"https:\/\/hoyre.no\/nordland\/aktuelt\/nordland-er-fortellingen-om-landet-vart\/#breadcrumb"},"inLanguage":"nb-NO","potentialAction":[{"@type":"ReadAction","target":["https:\/\/hoyre.no\/nordland\/aktuelt\/nordland-er-fortellingen-om-landet-vart\/"]}]},{"@type":"BreadcrumbList","@id":"https:\/\/hoyre.no\/nordland\/aktuelt\/nordland-er-fortellingen-om-landet-vart\/#breadcrumb","itemListElement":[{"@type":"ListItem","position":1,"name":"Til hoyre.no","item":"https:\/\/hoyre.no"},{"@type":"ListItem","position":2,"name":"Hjem","item":"https:\/\/hoyre.no\/nordland\/"},{"@type":"ListItem","position":3,"name":"Nordland er fortellingen om landet v\u00e5rt"}]},{"@type":"WebSite","@id":"https:\/\/hoyre.no\/nordland\/#website","url":"https:\/\/hoyre.no\/nordland\/","name":"Nordland H\u00f8yre","description":"Bare enda et H\u00f8yres nettsteder-nettsted","inLanguage":"nb-NO"},{"@type":"Person","@id":"https:\/\/hoyre.no\/nordland\/#\/schema\/person\/1f8e1c4403c3915de592a4f085e90dff","name":"Joakim Sennesvik","image":{"@type":"ImageObject","inLanguage":"nb-NO","@id":"https:\/\/hoyre.no\/nordland\/#\/schema\/person\/image\/","url":"https:\/\/secure.gravatar.com\/avatar\/bf9cc3e7e5afe2762e5d04cd2ea7347c8b706349c8d253bbf60dd51ba58ec51b?s=96&d=mm&r=g","contentUrl":"https:\/\/secure.gravatar.com\/avatar\/bf9cc3e7e5afe2762e5d04cd2ea7347c8b706349c8d253bbf60dd51ba58ec51b?s=96&d=mm&r=g","caption":"Joakim Sennesvik"},"url":"https:\/\/hoyre.no\/nordland\/aktuelt\/author\/m50416700\/"}]}},"distributor_meta":false,"distributor_terms":false,"distributor_media":false,"distributor_original_site_name":"Nordland H\u00f8yre","distributor_original_site_url":"https:\/\/hoyre.no\/nordland","push-errors":false,"_links":{"self":[{"href":"https:\/\/hoyre.no\/nordland\/wp-json\/wp\/v2\/posts\/456","targetHints":{"allow":["GET"]}}],"collection":[{"href":"https:\/\/hoyre.no\/nordland\/wp-json\/wp\/v2\/posts"}],"about":[{"href":"https:\/\/hoyre.no\/nordland\/wp-json\/wp\/v2\/types\/post"}],"author":[{"embeddable":true,"href":"https:\/\/hoyre.no\/nordland\/wp-json\/wp\/v2\/users\/448"}],"replies":[{"embeddable":true,"href":"https:\/\/hoyre.no\/nordland\/wp-json\/wp\/v2\/comments?post=456"}],"version-history":[{"count":1,"href":"https:\/\/hoyre.no\/nordland\/wp-json\/wp\/v2\/posts\/456\/revisions"}],"predecessor-version":[{"id":458,"href":"https:\/\/hoyre.no\/nordland\/wp-json\/wp\/v2\/posts\/456\/revisions\/458"}],"wp:attachment":[{"href":"https:\/\/hoyre.no\/nordland\/wp-json\/wp\/v2\/media?parent=456"}],"wp:term":[{"taxonomy":"category","embeddable":true,"href":"https:\/\/hoyre.no\/nordland\/wp-json\/wp\/v2\/category?post=456"},{"taxonomy":"post_tag","embeddable":true,"href":"https:\/\/hoyre.no\/nordland\/wp-json\/wp\/v2\/post_tag?post=456"},{"taxonomy":"hoyre-visibility","embeddable":true,"href":"https:\/\/hoyre.no\/nordland\/wp-json\/wp\/v2\/hoyre-visibility?post=456"},{"taxonomy":"article-type","embeddable":true,"href":"https:\/\/hoyre.no\/nordland\/wp-json\/wp\/v2\/article-type?post=456"},{"taxonomy":"politician","embeddable":true,"href":"https:\/\/hoyre.no\/nordland\/wp-json\/wp\/v2\/politician?post=456"}],"curies":[{"name":"wp","href":"https:\/\/api.w.org\/{rel}","templated":true}]}}