{"id":526,"date":"2021-06-04T09:00:50","date_gmt":"2021-06-04T07:00:50","guid":{"rendered":"https:\/\/hoyre.no\/nordland\/?p=526"},"modified":"2021-06-04T09:00:51","modified_gmt":"2021-06-04T07:00:51","slug":"vi-skal-fa-fart-pa-norge","status":"publish","type":"post","link":"https:\/\/hoyre.no\/nordland\/aktuelt\/vi-skal-fa-fart-pa-norge\/","title":{"rendered":"Vi skal f\u00e5 fart p\u00e5 Norge!"},"content":{"rendered":"\n<p class=\"preamble\"><br>Vi m\u00e5 f\u00e5 fart p\u00e5 Norge. Vi skal ut av krisa og inn i framtida. Det betyr \u00e5 skape flere jobber, og f\u00e5 fler i jobb. Helsek\u00f8ene skal ned og kunnskapshullene i skolen tettes. Vi skal endelig se fremover<\/p>\t\t\t<div class=\"post-meta wp-block teft-byline-wrapper\">\n\t\t\t\t<div class=\"top\">\n\t\t\t\t\t<div class=\"signature\">\n\t\t\t\t\t\t<div class=\"teft-byline\">\n\t\t\t\t\t\t\t\t\t\t\t\t\t\t<div>\n\t\t\t\t\t\t\t\t<h3>H\u00f8yres redaksjon<\/h3>\t\t\t\t\t\t\t\t\n\t\t\t\t\t\t\t\t\t\t\t\t\t\t\t\t\t<span class=\"date\">Sist oppdatert: 4. juni 2021<\/span>\n\t\t\t\t\t\t\t\t\t\t\t\t\t\t\t\t\t\t\t\t\t\t\t\t\t<span class=\"reading-time\" itemprop=\"timeRequired\" content=\"PT2M\"><em>Ca. 2 minutter lesetid<\/em><\/span>\n\t\t\t\t\t\t\t\t\t\t\t\t\t\t\t<\/div>\n\t\t\t\t\t\t<\/div>\n\t\t\t\t\t<\/div>\n\t\t\t\t\t\t<div class=\"sharing\">\n\t\t<a class=\"share-button share-link copy-link\" data-copy=\"https:\/\/hoyre.no\/nordland\/aktuelt\/vi-skal-fa-fart-pa-norge\/\" target=\"_blank\"><span class=\"screen-reader-text\">Del link<\/span><\/a>\n\t\t<a class=\"share-button share-twitter\" href=\"http:\/\/twitter.com\/share?text=Vi skal f\u00e5 fart p\u00e5 Norge!&#038;url=https:\/\/hoyre.no\/nordland\/aktuelt\/vi-skal-fa-fart-pa-norge\/&#038;hashtags=Hoyre\" target=\"_blank\"><span class=\"screen-reader-text\">Del p\u00e5 twitter<\/span><\/a>\n\t\t<a class=\"share-button share-facebook\" href=\"https:\/\/www.facebook.com\/sharer\/sharer.php?u=https:\/\/hoyre.no\/nordland\/aktuelt\/vi-skal-fa-fart-pa-norge\/\" target=\"_blank\"><span class=\"screen-reader-text\">Del p\u00e5 facebook<\/span><\/a>\n\t<\/div>\n\t\t\t\t\t<\/div>\n\t\t\t<\/div>\n\n\t\t\t<figure class=\"hoyre-image-wrapper\"><div class=\"hoyre-image\"><img loading=\"lazy\" decoding=\"async\" width=\"2500\" height=\"1664\" src=\"https:\/\/hoyre.no\/content\/uploads\/sites\/9\/2021\/06\/Bilde-Bard-Ludvig-Thorheim-og-Marianne-dobak-Kvensjo--scaled.jpg\" class=\"attachment-scaled size-scaled\" alt=\"\" style=\"object-position: 50% 50%\" srcset=\"https:\/\/hoyre.no\/content\/uploads\/sites\/9\/2021\/06\/Bilde-Bard-Ludvig-Thorheim-og-Marianne-dobak-Kvensjo--scaled.jpg 2500w, https:\/\/hoyre.no\/content\/uploads\/sites\/9\/2021\/06\/Bilde-Bard-Ludvig-Thorheim-og-Marianne-dobak-Kvensjo--300x200.jpg 300w, https:\/\/hoyre.no\/content\/uploads\/sites\/9\/2021\/06\/Bilde-Bard-Ludvig-Thorheim-og-Marianne-dobak-Kvensjo--1024x682.jpg 1024w, https:\/\/hoyre.no\/content\/uploads\/sites\/9\/2021\/06\/Bilde-Bard-Ludvig-Thorheim-og-Marianne-dobak-Kvensjo--768x511.jpg 768w, https:\/\/hoyre.no\/content\/uploads\/sites\/9\/2021\/06\/Bilde-Bard-Ludvig-Thorheim-og-Marianne-dobak-Kvensjo--1536x1022.jpg 1536w, https:\/\/hoyre.no\/content\/uploads\/sites\/9\/2021\/06\/Bilde-Bard-Ludvig-Thorheim-og-Marianne-dobak-Kvensjo--2048x1363.jpg 2048w\" sizes=\"auto, (max-width: 2500px) 100vw, 2500px\" \/><\/div><figcaption class=\"caption\">Marianne Dobak Kvensj\u00f8 og B\u00e5rd Ludvig Thorheim.<\/figcaption><\/figure>\n\n\n\n\n<p>&laquo;Hvis jeg var statsminister ville smitten v\u00e6rt lavere&raquo;, har noen sagt. Vel, den p\u00e5standen f\u00e5r vi ikke etterpr\u00f8vd. Det som er sikkert er at Norge har kommet sv\u00e6rt godt gjennom korona-pandemien sammenlignet med et hvilket som helst land.&nbsp;<\/p>\n\n\n\n<p>Vi har tatt vare p\u00e5 liv og helse, beskyttet de som trenger det mest. \u00d8konomisk sett er det knapt noe land som har klart seg bedre. Og vi har en statsminister som har valgt \u00e5 ikke triumfere, men ydmykt innr\u00f8mmet at ja, det er ting vi kunne gjort bedre. Det er lederskap.<\/p>\n\n\n\n<p>Det er en befriende f\u00f8lelse at samfunnet gradvis \u00e5pnes og vaksinasjonen skyter fart. Det gir kriblende fremtidsoptimisme og n\u00e6rmest festivalstemning. Det er sv\u00e6rt positivt at antallet helt arbeidsledige n\u00e5 er under 100 000. Men vi m\u00e5 ikke tillate at en st\u00f8rre arbeidsledighet f\u00e5r bite seg fast.&nbsp;&nbsp;<\/p>\n\n\n\n<p>Derfor m\u00e5 vi skape flere l\u00f8nnsomme arbeidsplasser raskt. Vi m\u00e5 hjelpe reiselivsn\u00e6ringa med \u00e5 reise seg igjen. Ja, vi skal skattlegge luksusvillaer med formuesskatt. Men i motsetning til venstresiden, vil vi ikke skattlegge fiskeren som investerer i eget fart\u00f8y eller familiebedriften som investerer i et turistanlegg. Vi kan ikke, og skal ikke, skattlegge jobbskaping! Vi skal sikre at jobbene er trygge og stabile. Derfor vil det v\u00e6re katastrofalt \u00e5 lefle med E\u00d8S-avtalen n\u00e5r 84% av Nord-Norges eksport g\u00e5r til E\u00d8S-omr\u00e5det.&nbsp;<\/p>\n\n\n\n<p>Barn og unge er v\u00e5r viktigste ressurs. Korona har gitt utfordringer for elevenes l\u00e6ring, og etter korona m\u00e5 vi tette kunnskapshullene. Valget st\u00e5r mellom H\u00f8yres skolepolitikk&nbsp;hvor vi skaffer oss kunnskap om elevenes ferdigheter for best \u00e5 kunne hjelpe den enkelte til l\u00e6ring, mestring og trygghet i skolehverdagen. Vi har l\u00f8ftet l\u00e6rerens kompetanse og status.&nbsp;Venstresiden vil dessverre tilbake til 70-tallet hvor skolen var et sted \u00e5 v\u00e6re, ikke et sted \u00e5 l\u00e6re.&nbsp;<\/p>\n\n\n\n<p>Helsevesenet har v\u00e6rt overbelastet under korona. Pandemien har kommet p\u00e5 toppen av alt annet. N\u00e5 m\u00e5 vi f\u00e5 helsek\u00f8ene ned. N\u00e5r vi er p\u00e5 v\u00e5rt mest s\u00e5rbare i livet og trenger helsehjelp skal vi som pasienter ha medbestemmelse over den behandlingen vi f\u00e5r. Pasienten skal st\u00e5 i sentrum, ikke systemet.&nbsp;&nbsp;<\/p>\n\n\n\n<p>N\u00e5 skal vi se fremover. Vi skal f\u00e5 fart p\u00e5 Norge. Komme oss ut av krisa og omfavne fremtiden.<\/p>\n\n\n<div class=\"tags\">\n\t<\/div>\n<div class=\"post-footer alignfull has-background block-editor-block-list__block\" data-align=full>\n\t<div class=\"post-footer-inner\">\n\t\t<h3>Relaterte artikler<\/h3>\n\t\t<div class=\"related-content\"><div class=\"is-card-hoyre\">\n\t<div class=\"teft-card hoyre-teft-card post-teft-card\">\n\t\t<a href=\"https:\/\/hoyre.no\/nordland\/aktuelt\/vi-onsker-dine-innspill\/\" class=\"teft-card__primary-action\">\n\n\t\t\t\t\t<div class=\"teft-card__media teft-card__media--16-9\">\n\t\t\t\t\t\t<img loading=\"lazy\" decoding=\"async\" width=\"768\" height=\"402\" src=\"https:\/\/hoyre.no\/content\/uploads\/sites\/9\/2026\/04\/Dokument-uten-navn-09.02.2026-1-1536x804-1-768x402.png\" class=\"attachment-medium_large size-medium_large\" alt=\"\" srcset=\"https:\/\/hoyre.no\/content\/uploads\/sites\/9\/2026\/04\/Dokument-uten-navn-09.02.2026-1-1536x804-1-768x402.png 768w, https:\/\/hoyre.no\/content\/uploads\/sites\/9\/2026\/04\/Dokument-uten-navn-09.02.2026-1-1536x804-1-300x157.png 300w, https:\/\/hoyre.no\/content\/uploads\/sites\/9\/2026\/04\/Dokument-uten-navn-09.02.2026-1-1536x804-1-1024x536.png 1024w, https:\/\/hoyre.no\/content\/uploads\/sites\/9\/2026\/04\/Dokument-uten-navn-09.02.2026-1-1536x804-1.png 1536w\" sizes=\"auto, (max-width: 768px) 100vw, 768px\" \/>\t\t<\/div>\n\t\t\n\t\t\t<div class=\"teft-card__content-wrapper\">\n\t\t\t\t<div class=\"teft-card__secondary\">\n\t\t\t\t\t\n\t\t\t\t\t\t\t\t<div class=\"teft-card__meta\">\n\t\t\t\t\t\t\t\t\t<span class=\"post-date\">15. apr 2026<\/span>\n\n\t\t\t\t\t\t\t\t\t<span class=\"post-category\">Nominasjonsprosess 2027\/2031<\/span>\t\t\t\t\t\t\t\t<\/div>\n\t\t\t\t\t\t\t\t\t\t\t<\/div>\n\n\t\t\t\t<div class=\"teft-card__primary\">\n\t\t\t\t\t<h2 class=\"teft-card__title\">Vi \u00f8nsker dine innspill!&nbsp;<span class=\"teft-card__primary-title-append\"><\/span><\/h2>\t\t\t\t<\/div>\n\t\t\t<\/div>\n\t\t<\/a>\n\t<\/div>\n\n\t<\/div><div class=\"is-card-hoyre\">\n\t<div class=\"teft-card hoyre-teft-card post-teft-card\">\n\t\t<a href=\"https:\/\/hoyre.no\/nordland\/aktuelt\/sjomatnaeringen-og-prosessindustrien\/\" class=\"teft-card__primary-action\">\n\n\t\t\t<div class=\"teft-card__media teft-card__media--16-9 no-image\"><\/div>\n\t\t\t<div class=\"teft-card__content-wrapper\">\n\t\t\t\t<div class=\"teft-card__secondary\">\n\t\t\t\t\t\n\t\t\t\t\t\t\t\t<div class=\"teft-card__meta\">\n\t\t\t\t\t\t\t\t\t<span class=\"post-date\">20. nov 2025<\/span>\n\n\t\t\t\t\t\t\t\t\t<span class=\"post-category\">Fylkes\u00e5rsm\u00f8te 2025<\/span>\t\t\t\t\t\t\t\t<\/div>\n\t\t\t\t\t\t\t\t\t\t\t<\/div>\n\n\t\t\t\t<div class=\"teft-card__primary\">\n\t\t\t\t\t<h2 class=\"teft-card__title\">Sj\u00f8matn\u00e6ringen og prosessindustrien&nbsp;<span class=\"teft-card__primary-title-append\"><\/span><\/h2>\t\t\t\t<\/div>\n\t\t\t<\/div>\n\t\t<\/a>\n\t<\/div>\n\n\t<\/div><div class=\"is-card-hoyre\">\n\t<div class=\"teft-card hoyre-teft-card post-teft-card\">\n\t\t<a href=\"https:\/\/hoyre.no\/nordland\/aktuelt\/okt-satsning-pa-havforskning\/\" class=\"teft-card__primary-action\">\n\n\t\t\t<div class=\"teft-card__media teft-card__media--16-9 no-image\"><\/div>\n\t\t\t<div class=\"teft-card__content-wrapper\">\n\t\t\t\t<div class=\"teft-card__secondary\">\n\t\t\t\t\t\n\t\t\t\t\t\t\t\t<div class=\"teft-card__meta\">\n\t\t\t\t\t\t\t\t\t<span class=\"post-date\">20. nov 2025<\/span>\n\n\t\t\t\t\t\t\t\t\t<span class=\"post-category\">Fylkes\u00e5rsm\u00f8te 2025<\/span>\t\t\t\t\t\t\t\t<\/div>\n\t\t\t\t\t\t\t\t\t\t\t<\/div>\n\n\t\t\t\t<div class=\"teft-card__primary\">\n\t\t\t\t\t<h2 class=\"teft-card__title\">\u00d8kt satsning p\u00e5 havforskning&nbsp;<span class=\"teft-card__primary-title-append\"><\/span><\/h2>\t\t\t\t<\/div>\n\t\t\t<\/div>\n\t\t<\/a>\n\t<\/div>\n\n\t<\/div><\/div>\t<\/div>\n<\/div>\n","protected":false},"excerpt":{"rendered":"","protected":false},"author":448,"featured_media":0,"comment_status":"closed","ping_status":"closed","sticky":false,"template":"","format":"standard","meta":{"teft_cards_image_url":"","teft_cards_custom_pretitle":"","teft_cards_image_id":527,"teft_cards_image_focal_point_x":0.5,"teft_cards_image_focal_point_y":0.5,"teft_cards_title":"","teft_cards_excerpt":"","teft_show_chapters":false,"author_display_name":"","footnotes":""},"category":[1],"post_tag":[],"hoyre-visibility":[],"article-type":[],"politician":[],"class_list":["post-526","post","type-post","status-publish","format-standard","hentry","category-ukategorisert"],"yoast_head":"<!-- This site is optimized with the Yoast SEO plugin v26.6 - https:\/\/yoast.com\/wordpress\/plugins\/seo\/ -->\n<title>Vi skal f\u00e5 fart p\u00e5 Norge! - Nordland H\u00f8yre<\/title>\n<meta name=\"robots\" content=\"index, follow, max-snippet:-1, max-image-preview:large, max-video-preview:-1\" \/>\n<link rel=\"canonical\" href=\"https:\/\/hoyre.no\/nordland\/aktuelt\/vi-skal-fa-fart-pa-norge\/\" \/>\n<meta property=\"og:locale\" content=\"nb_NO\" \/>\n<meta property=\"og:type\" content=\"article\" \/>\n<meta property=\"og:title\" content=\"Vi skal f\u00e5 fart p\u00e5 Norge! - Nordland H\u00f8yre\" \/>\n<meta property=\"og:url\" content=\"https:\/\/hoyre.no\/nordland\/aktuelt\/vi-skal-fa-fart-pa-norge\/\" \/>\n<meta property=\"og:site_name\" content=\"Nordland H\u00f8yre\" \/>\n<meta property=\"article:published_time\" content=\"2021-06-04T07:00:50+00:00\" \/>\n<meta property=\"article:modified_time\" content=\"2021-06-04T07:00:51+00:00\" \/>\n<meta property=\"og:image\" content=\"https:\/\/hoyre.no\/content\/uploads\/sites\/9\/2022\/11\/Hoyres-logo.png\" \/>\n\t<meta property=\"og:image:width\" content=\"1000\" \/>\n\t<meta property=\"og:image:height\" content=\"1000\" \/>\n\t<meta property=\"og:image:type\" content=\"image\/png\" \/>\n<meta name=\"author\" content=\"Joakim Sennesvik\" \/>\n<meta name=\"twitter:card\" content=\"summary_large_image\" \/>\n<meta name=\"twitter:label1\" content=\"Skrevet av\" \/>\n\t<meta name=\"twitter:data1\" content=\"Joakim Sennesvik\" \/>\n\t<meta name=\"twitter:label2\" content=\"Ansl. lesetid\" \/>\n\t<meta name=\"twitter:data2\" content=\"2 minutter\" \/>\n<script type=\"application\/ld+json\" class=\"yoast-schema-graph\">{\"@context\":\"https:\/\/schema.org\",\"@graph\":[{\"@type\":\"NewsArticle\",\"@id\":\"https:\/\/hoyre.no\/nordland\/aktuelt\/vi-skal-fa-fart-pa-norge\/\",\"url\":\"https:\/\/hoyre.no\/nordland\/aktuelt\/vi-skal-fa-fart-pa-norge\/\",\"name\":\"Vi skal f\u00e5 fart p\u00e5 Norge! - Nordland H\u00f8yre\",\"isPartOf\":{\"@id\":\"https:\/\/hoyre.no\/nordland\/#website\"},\"datePublished\":\"2021-06-04T07:00:50+00:00\",\"dateModified\":\"2021-06-04T07:00:51+00:00\",\"author\":{\"@id\":\"https:\/\/hoyre.no\/nordland\/#\/schema\/person\/1f8e1c4403c3915de592a4f085e90dff\"},\"breadcrumb\":{\"@id\":\"https:\/\/hoyre.no\/nordland\/aktuelt\/vi-skal-fa-fart-pa-norge\/#breadcrumb\"},\"inLanguage\":\"nb-NO\",\"potentialAction\":[{\"@type\":\"ReadAction\",\"target\":[\"https:\/\/hoyre.no\/nordland\/aktuelt\/vi-skal-fa-fart-pa-norge\/\"]}]},{\"@type\":\"BreadcrumbList\",\"@id\":\"https:\/\/hoyre.no\/nordland\/aktuelt\/vi-skal-fa-fart-pa-norge\/#breadcrumb\",\"itemListElement\":[{\"@type\":\"ListItem\",\"position\":1,\"name\":\"Til hoyre.no\",\"item\":\"https:\/\/hoyre.no\"},{\"@type\":\"ListItem\",\"position\":2,\"name\":\"Hjem\",\"item\":\"https:\/\/hoyre.no\/nordland\/\"},{\"@type\":\"ListItem\",\"position\":3,\"name\":\"Vi skal f\u00e5 fart p\u00e5 Norge!\"}]},{\"@type\":\"WebSite\",\"@id\":\"https:\/\/hoyre.no\/nordland\/#website\",\"url\":\"https:\/\/hoyre.no\/nordland\/\",\"name\":\"Nordland H\u00f8yre\",\"description\":\"Bare enda et H\u00f8yres nettsteder-nettsted\",\"inLanguage\":\"nb-NO\"},{\"@type\":\"Person\",\"@id\":\"https:\/\/hoyre.no\/nordland\/#\/schema\/person\/1f8e1c4403c3915de592a4f085e90dff\",\"name\":\"Joakim Sennesvik\",\"image\":{\"@type\":\"ImageObject\",\"inLanguage\":\"nb-NO\",\"@id\":\"https:\/\/hoyre.no\/nordland\/#\/schema\/person\/image\/\",\"url\":\"https:\/\/secure.gravatar.com\/avatar\/bf9cc3e7e5afe2762e5d04cd2ea7347c8b706349c8d253bbf60dd51ba58ec51b?s=96&d=mm&r=g\",\"contentUrl\":\"https:\/\/secure.gravatar.com\/avatar\/bf9cc3e7e5afe2762e5d04cd2ea7347c8b706349c8d253bbf60dd51ba58ec51b?s=96&d=mm&r=g\",\"caption\":\"Joakim Sennesvik\"},\"url\":\"https:\/\/hoyre.no\/nordland\/aktuelt\/author\/m50416700\/\"}]}<\/script>\n<!-- \/ Yoast SEO plugin. -->","yoast_head_json":{"title":"Vi skal f\u00e5 fart p\u00e5 Norge! - Nordland H\u00f8yre","robots":{"index":"index","follow":"follow","max-snippet":"max-snippet:-1","max-image-preview":"max-image-preview:large","max-video-preview":"max-video-preview:-1"},"canonical":"https:\/\/hoyre.no\/nordland\/aktuelt\/vi-skal-fa-fart-pa-norge\/","og_locale":"nb_NO","og_type":"article","og_title":"Vi skal f\u00e5 fart p\u00e5 Norge! - Nordland H\u00f8yre","og_url":"https:\/\/hoyre.no\/nordland\/aktuelt\/vi-skal-fa-fart-pa-norge\/","og_site_name":"Nordland H\u00f8yre","article_published_time":"2021-06-04T07:00:50+00:00","article_modified_time":"2021-06-04T07:00:51+00:00","og_image":[{"width":1000,"height":1000,"url":"https:\/\/hoyre.no\/content\/uploads\/sites\/9\/2022\/11\/Hoyres-logo.png","type":"image\/png"}],"author":"Joakim Sennesvik","twitter_card":"summary_large_image","twitter_misc":{"Skrevet av":"Joakim Sennesvik","Ansl. lesetid":"2 minutter"},"schema":{"@context":"https:\/\/schema.org","@graph":[{"@type":"NewsArticle","@id":"https:\/\/hoyre.no\/nordland\/aktuelt\/vi-skal-fa-fart-pa-norge\/","url":"https:\/\/hoyre.no\/nordland\/aktuelt\/vi-skal-fa-fart-pa-norge\/","name":"Vi skal f\u00e5 fart p\u00e5 Norge! - Nordland H\u00f8yre","isPartOf":{"@id":"https:\/\/hoyre.no\/nordland\/#website"},"datePublished":"2021-06-04T07:00:50+00:00","dateModified":"2021-06-04T07:00:51+00:00","author":{"@id":"https:\/\/hoyre.no\/nordland\/#\/schema\/person\/1f8e1c4403c3915de592a4f085e90dff"},"breadcrumb":{"@id":"https:\/\/hoyre.no\/nordland\/aktuelt\/vi-skal-fa-fart-pa-norge\/#breadcrumb"},"inLanguage":"nb-NO","potentialAction":[{"@type":"ReadAction","target":["https:\/\/hoyre.no\/nordland\/aktuelt\/vi-skal-fa-fart-pa-norge\/"]}]},{"@type":"BreadcrumbList","@id":"https:\/\/hoyre.no\/nordland\/aktuelt\/vi-skal-fa-fart-pa-norge\/#breadcrumb","itemListElement":[{"@type":"ListItem","position":1,"name":"Til hoyre.no","item":"https:\/\/hoyre.no"},{"@type":"ListItem","position":2,"name":"Hjem","item":"https:\/\/hoyre.no\/nordland\/"},{"@type":"ListItem","position":3,"name":"Vi skal f\u00e5 fart p\u00e5 Norge!"}]},{"@type":"WebSite","@id":"https:\/\/hoyre.no\/nordland\/#website","url":"https:\/\/hoyre.no\/nordland\/","name":"Nordland H\u00f8yre","description":"Bare enda et H\u00f8yres nettsteder-nettsted","inLanguage":"nb-NO"},{"@type":"Person","@id":"https:\/\/hoyre.no\/nordland\/#\/schema\/person\/1f8e1c4403c3915de592a4f085e90dff","name":"Joakim Sennesvik","image":{"@type":"ImageObject","inLanguage":"nb-NO","@id":"https:\/\/hoyre.no\/nordland\/#\/schema\/person\/image\/","url":"https:\/\/secure.gravatar.com\/avatar\/bf9cc3e7e5afe2762e5d04cd2ea7347c8b706349c8d253bbf60dd51ba58ec51b?s=96&d=mm&r=g","contentUrl":"https:\/\/secure.gravatar.com\/avatar\/bf9cc3e7e5afe2762e5d04cd2ea7347c8b706349c8d253bbf60dd51ba58ec51b?s=96&d=mm&r=g","caption":"Joakim Sennesvik"},"url":"https:\/\/hoyre.no\/nordland\/aktuelt\/author\/m50416700\/"}]}},"distributor_meta":false,"distributor_terms":false,"distributor_media":false,"distributor_original_site_name":"Nordland H\u00f8yre","distributor_original_site_url":"https:\/\/hoyre.no\/nordland","push-errors":false,"_links":{"self":[{"href":"https:\/\/hoyre.no\/nordland\/wp-json\/wp\/v2\/posts\/526","targetHints":{"allow":["GET"]}}],"collection":[{"href":"https:\/\/hoyre.no\/nordland\/wp-json\/wp\/v2\/posts"}],"about":[{"href":"https:\/\/hoyre.no\/nordland\/wp-json\/wp\/v2\/types\/post"}],"author":[{"embeddable":true,"href":"https:\/\/hoyre.no\/nordland\/wp-json\/wp\/v2\/users\/448"}],"replies":[{"embeddable":true,"href":"https:\/\/hoyre.no\/nordland\/wp-json\/wp\/v2\/comments?post=526"}],"version-history":[{"count":1,"href":"https:\/\/hoyre.no\/nordland\/wp-json\/wp\/v2\/posts\/526\/revisions"}],"predecessor-version":[{"id":528,"href":"https:\/\/hoyre.no\/nordland\/wp-json\/wp\/v2\/posts\/526\/revisions\/528"}],"wp:attachment":[{"href":"https:\/\/hoyre.no\/nordland\/wp-json\/wp\/v2\/media?parent=526"}],"wp:term":[{"taxonomy":"category","embeddable":true,"href":"https:\/\/hoyre.no\/nordland\/wp-json\/wp\/v2\/category?post=526"},{"taxonomy":"post_tag","embeddable":true,"href":"https:\/\/hoyre.no\/nordland\/wp-json\/wp\/v2\/post_tag?post=526"},{"taxonomy":"hoyre-visibility","embeddable":true,"href":"https:\/\/hoyre.no\/nordland\/wp-json\/wp\/v2\/hoyre-visibility?post=526"},{"taxonomy":"article-type","embeddable":true,"href":"https:\/\/hoyre.no\/nordland\/wp-json\/wp\/v2\/article-type?post=526"},{"taxonomy":"politician","embeddable":true,"href":"https:\/\/hoyre.no\/nordland\/wp-json\/wp\/v2\/politician?post=526"}],"curies":[{"name":"wp","href":"https:\/\/api.w.org\/{rel}","templated":true}]}}