{"id":563,"date":"2021-07-09T13:26:06","date_gmt":"2021-07-09T11:26:06","guid":{"rendered":"https:\/\/hoyre.no\/nordland\/?p=563"},"modified":"2021-07-09T14:25:54","modified_gmt":"2021-07-09T12:25:54","slug":"vi-forventer-at-vi-i-vesteralen-far-god-nok-informasjon-og-ei-likebehandling-av-regioner-i-nordland","status":"publish","type":"post","link":"https:\/\/hoyre.no\/nordland\/aktuelt\/vi-forventer-at-vi-i-vesteralen-far-god-nok-informasjon-og-ei-likebehandling-av-regioner-i-nordland\/","title":{"rendered":"Vi forventer at vi i Vester\u00e5len f\u00e5r god nok informasjon og ei likebehandling av regioner i Nordland"},"content":{"rendered":"\n<p class=\"preamble\">Det d\u00e5rlige flybusstilbudet og mangelen p\u00e5 informasjon om avganger m\u00e5 ikke bagatelliseres ut i ei koronaforklaring<\/p>\t\t\t<div class=\"post-meta wp-block teft-byline-wrapper\">\n\t\t\t\t<div class=\"top\">\n\t\t\t\t\t<div class=\"signature\">\n\t\t\t\t\t\t<div class=\"teft-byline\">\n\t\t\t\t\t\t\t\t\t\t\t\t\t\t<div>\n\t\t\t\t\t\t\t\t<h3>H\u00f8yres redaksjon<\/h3>\t\t\t\t\t\t\t\t\n\t\t\t\t\t\t\t\t\t\t\t\t\t\t\t\t\t<span class=\"date\">Sist oppdatert: 9. juli 2021<\/span>\n\t\t\t\t\t\t\t\t\t\t\t\t\t\t\t\t\t\t\t\t\t\t\t\t\t<span class=\"reading-time\" itemprop=\"timeRequired\" content=\"PT3M\"><em>Ca. 3 minutter lesetid<\/em><\/span>\n\t\t\t\t\t\t\t\t\t\t\t\t\t\t\t<\/div>\n\t\t\t\t\t\t<\/div>\n\t\t\t\t\t<\/div>\n\t\t\t\t\t\t<div class=\"sharing\">\n\t\t<a class=\"share-button share-link copy-link\" data-copy=\"https:\/\/hoyre.no\/nordland\/aktuelt\/vi-forventer-at-vi-i-vesteralen-far-god-nok-informasjon-og-ei-likebehandling-av-regioner-i-nordland\/\" target=\"_blank\"><span class=\"screen-reader-text\">Del link<\/span><\/a>\n\t\t<a class=\"share-button share-twitter\" href=\"http:\/\/twitter.com\/share?text=Vi forventer at vi i Vester\u00e5len f\u00e5r god nok informasjon og ei likebehandling av regioner i Nordland&#038;url=https:\/\/hoyre.no\/nordland\/aktuelt\/vi-forventer-at-vi-i-vesteralen-far-god-nok-informasjon-og-ei-likebehandling-av-regioner-i-nordland\/&#038;hashtags=Hoyre\" target=\"_blank\"><span class=\"screen-reader-text\">Del p\u00e5 twitter<\/span><\/a>\n\t\t<a class=\"share-button share-facebook\" href=\"https:\/\/www.facebook.com\/sharer\/sharer.php?u=https:\/\/hoyre.no\/nordland\/aktuelt\/vi-forventer-at-vi-i-vesteralen-far-god-nok-informasjon-og-ei-likebehandling-av-regioner-i-nordland\/\" target=\"_blank\"><span class=\"screen-reader-text\">Del p\u00e5 facebook<\/span><\/a>\n\t<\/div>\n\t\t\t\t\t<\/div>\n\t\t\t<\/div>\n\n\t\t\t<figure class=\"hoyre-image-wrapper\"><div class=\"hoyre-image\"><img loading=\"lazy\" decoding=\"async\" width=\"953\" height=\"729\" src=\"https:\/\/hoyre.no\/content\/uploads\/sites\/9\/2021\/07\/2020-09-10-15_31_53.9160200.jpg\" class=\"attachment-scaled size-scaled\" alt=\"\" style=\"object-position: 50% 50%\" srcset=\"https:\/\/hoyre.no\/content\/uploads\/sites\/9\/2021\/07\/2020-09-10-15_31_53.9160200.jpg 953w, https:\/\/hoyre.no\/content\/uploads\/sites\/9\/2021\/07\/2020-09-10-15_31_53.9160200-300x229.jpg 300w, https:\/\/hoyre.no\/content\/uploads\/sites\/9\/2021\/07\/2020-09-10-15_31_53.9160200-768x587.jpg 768w\" sizes=\"auto, (max-width: 953px) 100vw, 953px\" \/><\/div><figcaption class=\"caption\"> Sture Pedersen, Ordf\u00f8rer i B\u00f8 kommune (H\u00f8yre), Lena Arntzen, stortingskandidat (5.plass) for Nordland H\u00f8yre<\/figcaption><\/figure>\n\n\n\n\n<p>Det d\u00e5rlige flybusstilbudet og mangelen p\u00e5 informasjon om avganger m\u00e5 ikke bagatelliseres ut i ei koronaforklaring.<\/p>\n\n\n\n<p>Vi ser at Nordland fylkeskommune i dag er ute og peker p\u00e5 korona, og det m\u00e5 de gjerne gj\u00f8re. Fakta er at l\u00f8yvet som ble gitt Boreal fra Nordland fylkeskommune er datert oktober 2020, og gjeldende fra 1. januar 2021. Det vil si at b\u00e5de Boreal og Nordland fylkeskommune m\u00e5 forventes \u00e5 v\u00e6re godt kjent med b\u00e5de korona og usikkerhetene som har v\u00e6rt i kj\u00f8lvannet av pandemien. Et l\u00f8yve er et fylkeskommunalt gode som tildeles en konkret akt\u00f8r og det er fra v\u00e5rt perspektiv skattebetalernes rett \u00e5 f\u00e5 kjennskap til hva dette l\u00f8yvet gir av tilbud, og dessverre i dette tilfellet, hva det ikke gir av tilbud.<\/p>\n\n\n\n<p>Bakdelen med \u00e5 informere om tilbud og avganger er at det forplikter. Vi forst\u00e5r ut fra artikkel p\u00e5 vol.no at Tide valgte \u00e5 planlegge og informere for minimum 3 mnd frem i tid i Lofoten, og at Boreal valgte \u00e5 ikke gj\u00f8re det samme i Vester\u00e5len. Avgangene er endret og deretter gjort utilgjengelig for de reisende og befolkningen. P\u00e5 den m\u00e5ten har man unng\u00e5tt \u00e5 forplikte seg overfor reisende, og man har gjort reiseplanlegginga mer krevende. Hvem avgjorde at denne strategien var ok? Reisende til\/fra Vester\u00e5len har brukt mye tid p\u00e5 unders\u00f8kelser og googling av buss, reiseplanlegging, og de har hatt ei usikkerhet hengende over seg; G\u00e5r flybussen?<\/p>\n\n\n\n<p>Forskriften som regulerer Boreals l\u00f8yve \u00e5pner for at fylkeskommunen kan p\u00e5legge Boreal \u00e5 drifte enkelte ruter dersom behovet tilsier det, og det \u00e5pnes for at fylkeskommunen da m\u00e5 dekke det eventuelle tapet Boreal m\u00e5tte ha som f\u00f8lge av dette kravet. Dette er en av mulighetene man har og ei mulighet som regjeringa til sammenligning har benyttet p\u00e5 Skagen ved kj\u00f8p av minimumstilbud p\u00e5 kritiske avganger. Forskriften har ogs\u00e5 flere formuleringer som skal sikre innbyggere og reisende forutsigbarhet. Blant annet sier forskriften at forslag om endring av ruteplan skal sendes l\u00f8yvemyndigheten (som er Nordland fylkeskommune) senest 4 m\u00e5neder f\u00f8r endringen skal tre i kraft. Det kan godt hende at dette er gjort, men det er ikke kommunisert ut.<\/p>\n\n\n\n<p>Vi lurer p\u00e5 om Nordland fylkeskommune har gjort seg tanker om den \u00e5penbare forskjellsbehandlingen av Lofoten kontra Vester\u00e5len som man her er vitne til. Dessverre en ikke ukjent problemstilling for Vester\u00e5len n\u00e5r det kommer til samferdsel.<\/p>\n\n\n\n<p>Det er fylkeskommunen som sitter med makta her og som deler ut l\u00f8yver. De m\u00e5 ogs\u00e5 stille krav. Vi forventer ikke at man skal opprettholde en hel rekke ul\u00f8nnsomme avganger. Selskaper som drives kommersielt m\u00e5 tjene penger, og ogs\u00e5 reisende vil m\u00e5tte akseptere at antallet flybusser blir noe redusert under en pandemi, men her kan som sagt Boreal kompenseres \u00f8konomisk fra Nordland fylkeskommune slik at man har et offentlig tilgjengelig og ikke minst, kjent minimumstilbud. <\/p>\n\n\n\n<p>Det vi forventer er at vi i Vester\u00e5len f\u00e5r et fast antall flybussavganger, ei forutsigbarhet, god nok informasjon og ei likebehandling av regioner i Nordland. En god start kan v\u00e6re \u00e5 forplikte seg til \u00e5 f\u00f8lge samme standard som i Lofoten. Det er et minimum av ambisjonsniv\u00e5. <\/p>\n\n\n\n<p><em>Lena Arntzen, stortingskandidat (5.plass) for Nordland H\u00f8yre Sture Pedersen, Ordf\u00f8rer i B\u00f8 kommune (H\u00f8yre)<\/em><\/p>\n\n\n<div class=\"tags\">\n\t<\/div>\n<div class=\"post-footer alignfull has-background block-editor-block-list__block\" data-align=full>\n\t<div class=\"post-footer-inner\">\n\t\t<h3>Relaterte artikler<\/h3>\n\t\t<div class=\"related-content\"><div class=\"is-card-hoyre\">\n\t<div class=\"teft-card hoyre-teft-card post-teft-card\">\n\t\t<a href=\"https:\/\/hoyre.no\/nordland\/aktuelt\/vi-onsker-dine-innspill\/\" class=\"teft-card__primary-action\">\n\n\t\t\t\t\t<div class=\"teft-card__media teft-card__media--16-9\">\n\t\t\t\t\t\t<img loading=\"lazy\" decoding=\"async\" width=\"768\" height=\"402\" src=\"https:\/\/hoyre.no\/content\/uploads\/sites\/9\/2026\/04\/Dokument-uten-navn-09.02.2026-1-1536x804-1-768x402.png\" class=\"attachment-medium_large size-medium_large\" alt=\"\" srcset=\"https:\/\/hoyre.no\/content\/uploads\/sites\/9\/2026\/04\/Dokument-uten-navn-09.02.2026-1-1536x804-1-768x402.png 768w, https:\/\/hoyre.no\/content\/uploads\/sites\/9\/2026\/04\/Dokument-uten-navn-09.02.2026-1-1536x804-1-300x157.png 300w, https:\/\/hoyre.no\/content\/uploads\/sites\/9\/2026\/04\/Dokument-uten-navn-09.02.2026-1-1536x804-1-1024x536.png 1024w, https:\/\/hoyre.no\/content\/uploads\/sites\/9\/2026\/04\/Dokument-uten-navn-09.02.2026-1-1536x804-1.png 1536w\" sizes=\"auto, (max-width: 768px) 100vw, 768px\" \/>\t\t<\/div>\n\t\t\n\t\t\t<div class=\"teft-card__content-wrapper\">\n\t\t\t\t<div class=\"teft-card__secondary\">\n\t\t\t\t\t\n\t\t\t\t\t\t\t\t<div class=\"teft-card__meta\">\n\t\t\t\t\t\t\t\t\t<span class=\"post-date\">15. apr 2026<\/span>\n\n\t\t\t\t\t\t\t\t\t<span class=\"post-category\">Nominasjonsprosess 2027\/2031<\/span>\t\t\t\t\t\t\t\t<\/div>\n\t\t\t\t\t\t\t\t\t\t\t<\/div>\n\n\t\t\t\t<div class=\"teft-card__primary\">\n\t\t\t\t\t<h2 class=\"teft-card__title\">Vi \u00f8nsker dine innspill!&nbsp;<span class=\"teft-card__primary-title-append\"><\/span><\/h2>\t\t\t\t<\/div>\n\t\t\t<\/div>\n\t\t<\/a>\n\t<\/div>\n\n\t<\/div><div class=\"is-card-hoyre\">\n\t<div class=\"teft-card hoyre-teft-card post-teft-card\">\n\t\t<a href=\"https:\/\/hoyre.no\/nordland\/aktuelt\/sjomatnaeringen-og-prosessindustrien\/\" class=\"teft-card__primary-action\">\n\n\t\t\t<div class=\"teft-card__media teft-card__media--16-9 no-image\"><\/div>\n\t\t\t<div class=\"teft-card__content-wrapper\">\n\t\t\t\t<div class=\"teft-card__secondary\">\n\t\t\t\t\t\n\t\t\t\t\t\t\t\t<div class=\"teft-card__meta\">\n\t\t\t\t\t\t\t\t\t<span class=\"post-date\">20. nov 2025<\/span>\n\n\t\t\t\t\t\t\t\t\t<span class=\"post-category\">Fylkes\u00e5rsm\u00f8te 2025<\/span>\t\t\t\t\t\t\t\t<\/div>\n\t\t\t\t\t\t\t\t\t\t\t<\/div>\n\n\t\t\t\t<div class=\"teft-card__primary\">\n\t\t\t\t\t<h2 class=\"teft-card__title\">Sj\u00f8matn\u00e6ringen og prosessindustrien&nbsp;<span class=\"teft-card__primary-title-append\"><\/span><\/h2>\t\t\t\t<\/div>\n\t\t\t<\/div>\n\t\t<\/a>\n\t<\/div>\n\n\t<\/div><div class=\"is-card-hoyre\">\n\t<div class=\"teft-card hoyre-teft-card post-teft-card\">\n\t\t<a href=\"https:\/\/hoyre.no\/nordland\/aktuelt\/okt-satsning-pa-havforskning\/\" class=\"teft-card__primary-action\">\n\n\t\t\t<div class=\"teft-card__media teft-card__media--16-9 no-image\"><\/div>\n\t\t\t<div class=\"teft-card__content-wrapper\">\n\t\t\t\t<div class=\"teft-card__secondary\">\n\t\t\t\t\t\n\t\t\t\t\t\t\t\t<div class=\"teft-card__meta\">\n\t\t\t\t\t\t\t\t\t<span class=\"post-date\">20. nov 2025<\/span>\n\n\t\t\t\t\t\t\t\t\t<span class=\"post-category\">Fylkes\u00e5rsm\u00f8te 2025<\/span>\t\t\t\t\t\t\t\t<\/div>\n\t\t\t\t\t\t\t\t\t\t\t<\/div>\n\n\t\t\t\t<div class=\"teft-card__primary\">\n\t\t\t\t\t<h2 class=\"teft-card__title\">\u00d8kt satsning p\u00e5 havforskning&nbsp;<span class=\"teft-card__primary-title-append\"><\/span><\/h2>\t\t\t\t<\/div>\n\t\t\t<\/div>\n\t\t<\/a>\n\t<\/div>\n\n\t<\/div><\/div>\t<\/div>\n<\/div>\n","protected":false},"excerpt":{"rendered":"","protected":false},"author":3547,"featured_media":0,"comment_status":"closed","ping_status":"closed","sticky":false,"template":"","format":"standard","meta":{"teft_cards_image_url":"","teft_cards_custom_pretitle":"","teft_cards_image_id":564,"teft_cards_image_focal_point_x":0.5,"teft_cards_image_focal_point_y":0.5,"teft_cards_title":"","teft_cards_excerpt":"","teft_show_chapters":false,"author_display_name":"Lena Arntzen, Sture Pedersen","footnotes":""},"category":[1],"post_tag":[],"hoyre-visibility":[],"article-type":[],"politician":[],"class_list":["post-563","post","type-post","status-publish","format-standard","hentry","category-ukategorisert"],"yoast_head":"<!-- This site is optimized with the Yoast SEO plugin v26.6 - https:\/\/yoast.com\/wordpress\/plugins\/seo\/ -->\n<title>Vi forventer at vi i Vester\u00e5len f\u00e5r god nok informasjon og ei likebehandling av regioner i Nordland - Nordland H\u00f8yre<\/title>\n<meta name=\"robots\" content=\"index, follow, max-snippet:-1, max-image-preview:large, max-video-preview:-1\" \/>\n<link rel=\"canonical\" href=\"https:\/\/hoyre.no\/nordland\/aktuelt\/vi-forventer-at-vi-i-vesteralen-far-god-nok-informasjon-og-ei-likebehandling-av-regioner-i-nordland\/\" \/>\n<meta property=\"og:locale\" content=\"nb_NO\" \/>\n<meta property=\"og:type\" content=\"article\" \/>\n<meta property=\"og:title\" content=\"Vi forventer at vi i Vester\u00e5len f\u00e5r god nok informasjon og ei likebehandling av regioner i Nordland - Nordland H\u00f8yre\" \/>\n<meta property=\"og:url\" content=\"https:\/\/hoyre.no\/nordland\/aktuelt\/vi-forventer-at-vi-i-vesteralen-far-god-nok-informasjon-og-ei-likebehandling-av-regioner-i-nordland\/\" \/>\n<meta property=\"og:site_name\" content=\"Nordland H\u00f8yre\" \/>\n<meta property=\"article:published_time\" content=\"2021-07-09T11:26:06+00:00\" \/>\n<meta property=\"article:modified_time\" content=\"2021-07-09T12:25:54+00:00\" \/>\n<meta property=\"og:image\" content=\"https:\/\/hoyre.no\/content\/uploads\/sites\/9\/2022\/11\/Hoyres-logo.png\" \/>\n\t<meta property=\"og:image:width\" content=\"1000\" \/>\n\t<meta property=\"og:image:height\" content=\"1000\" \/>\n\t<meta property=\"og:image:type\" content=\"image\/png\" \/>\n<meta name=\"author\" content=\"Isabella Emilie Pigini Storli\" \/>\n<meta name=\"twitter:card\" content=\"summary_large_image\" \/>\n<meta name=\"twitter:label1\" content=\"Skrevet av\" \/>\n\t<meta name=\"twitter:data1\" content=\"Isabella Emilie Pigini Storli\" \/>\n\t<meta name=\"twitter:label2\" content=\"Ansl. lesetid\" \/>\n\t<meta name=\"twitter:data2\" content=\"3 minutter\" \/>\n<script type=\"application\/ld+json\" class=\"yoast-schema-graph\">{\"@context\":\"https:\/\/schema.org\",\"@graph\":[{\"@type\":\"NewsArticle\",\"@id\":\"https:\/\/hoyre.no\/nordland\/aktuelt\/vi-forventer-at-vi-i-vesteralen-far-god-nok-informasjon-og-ei-likebehandling-av-regioner-i-nordland\/\",\"url\":\"https:\/\/hoyre.no\/nordland\/aktuelt\/vi-forventer-at-vi-i-vesteralen-far-god-nok-informasjon-og-ei-likebehandling-av-regioner-i-nordland\/\",\"name\":\"Vi forventer at vi i Vester\u00e5len f\u00e5r god nok informasjon og ei likebehandling av regioner i Nordland - Nordland H\u00f8yre\",\"isPartOf\":{\"@id\":\"https:\/\/hoyre.no\/nordland\/#website\"},\"datePublished\":\"2021-07-09T11:26:06+00:00\",\"dateModified\":\"2021-07-09T12:25:54+00:00\",\"author\":{\"@id\":\"https:\/\/hoyre.no\/nordland\/#\/schema\/person\/6f4581f8cbce8649b11dffce4d355a20\"},\"breadcrumb\":{\"@id\":\"https:\/\/hoyre.no\/nordland\/aktuelt\/vi-forventer-at-vi-i-vesteralen-far-god-nok-informasjon-og-ei-likebehandling-av-regioner-i-nordland\/#breadcrumb\"},\"inLanguage\":\"nb-NO\",\"potentialAction\":[{\"@type\":\"ReadAction\",\"target\":[\"https:\/\/hoyre.no\/nordland\/aktuelt\/vi-forventer-at-vi-i-vesteralen-far-god-nok-informasjon-og-ei-likebehandling-av-regioner-i-nordland\/\"]}]},{\"@type\":\"BreadcrumbList\",\"@id\":\"https:\/\/hoyre.no\/nordland\/aktuelt\/vi-forventer-at-vi-i-vesteralen-far-god-nok-informasjon-og-ei-likebehandling-av-regioner-i-nordland\/#breadcrumb\",\"itemListElement\":[{\"@type\":\"ListItem\",\"position\":1,\"name\":\"Til hoyre.no\",\"item\":\"https:\/\/hoyre.no\"},{\"@type\":\"ListItem\",\"position\":2,\"name\":\"Hjem\",\"item\":\"https:\/\/hoyre.no\/nordland\/\"},{\"@type\":\"ListItem\",\"position\":3,\"name\":\"Vi forventer at vi i Vester\u00e5len f\u00e5r god nok informasjon og ei likebehandling av regioner i Nordland\"}]},{\"@type\":\"WebSite\",\"@id\":\"https:\/\/hoyre.no\/nordland\/#website\",\"url\":\"https:\/\/hoyre.no\/nordland\/\",\"name\":\"Nordland H\u00f8yre\",\"description\":\"Bare enda et H\u00f8yres nettsteder-nettsted\",\"inLanguage\":\"nb-NO\"},{\"@type\":\"Person\",\"@id\":\"https:\/\/hoyre.no\/nordland\/#\/schema\/person\/6f4581f8cbce8649b11dffce4d355a20\",\"name\":\"Isabella Emilie Pigini Storli\",\"image\":{\"@type\":\"ImageObject\",\"inLanguage\":\"nb-NO\",\"@id\":\"https:\/\/hoyre.no\/nordland\/#\/schema\/person\/image\/\",\"url\":\"https:\/\/secure.gravatar.com\/avatar\/08adee43a03700ba785bdbd90482e1f29963f7da76a6456741cc4ace550c4fe2?s=96&d=mm&r=g\",\"contentUrl\":\"https:\/\/secure.gravatar.com\/avatar\/08adee43a03700ba785bdbd90482e1f29963f7da76a6456741cc4ace550c4fe2?s=96&d=mm&r=g\",\"caption\":\"Isabella Emilie Pigini Storli\"},\"url\":\"https:\/\/hoyre.no\/nordland\/aktuelt\/author\/m52026796\/\"}]}<\/script>\n<!-- \/ Yoast SEO plugin. -->","yoast_head_json":{"title":"Vi forventer at vi i Vester\u00e5len f\u00e5r god nok informasjon og ei likebehandling av regioner i Nordland - Nordland H\u00f8yre","robots":{"index":"index","follow":"follow","max-snippet":"max-snippet:-1","max-image-preview":"max-image-preview:large","max-video-preview":"max-video-preview:-1"},"canonical":"https:\/\/hoyre.no\/nordland\/aktuelt\/vi-forventer-at-vi-i-vesteralen-far-god-nok-informasjon-og-ei-likebehandling-av-regioner-i-nordland\/","og_locale":"nb_NO","og_type":"article","og_title":"Vi forventer at vi i Vester\u00e5len f\u00e5r god nok informasjon og ei likebehandling av regioner i Nordland - Nordland H\u00f8yre","og_url":"https:\/\/hoyre.no\/nordland\/aktuelt\/vi-forventer-at-vi-i-vesteralen-far-god-nok-informasjon-og-ei-likebehandling-av-regioner-i-nordland\/","og_site_name":"Nordland H\u00f8yre","article_published_time":"2021-07-09T11:26:06+00:00","article_modified_time":"2021-07-09T12:25:54+00:00","og_image":[{"width":1000,"height":1000,"url":"https:\/\/hoyre.no\/content\/uploads\/sites\/9\/2022\/11\/Hoyres-logo.png","type":"image\/png"}],"author":"Isabella Emilie Pigini Storli","twitter_card":"summary_large_image","twitter_misc":{"Skrevet av":"Isabella Emilie Pigini Storli","Ansl. lesetid":"3 minutter"},"schema":{"@context":"https:\/\/schema.org","@graph":[{"@type":"NewsArticle","@id":"https:\/\/hoyre.no\/nordland\/aktuelt\/vi-forventer-at-vi-i-vesteralen-far-god-nok-informasjon-og-ei-likebehandling-av-regioner-i-nordland\/","url":"https:\/\/hoyre.no\/nordland\/aktuelt\/vi-forventer-at-vi-i-vesteralen-far-god-nok-informasjon-og-ei-likebehandling-av-regioner-i-nordland\/","name":"Vi forventer at vi i Vester\u00e5len f\u00e5r god nok informasjon og ei likebehandling av regioner i Nordland - Nordland H\u00f8yre","isPartOf":{"@id":"https:\/\/hoyre.no\/nordland\/#website"},"datePublished":"2021-07-09T11:26:06+00:00","dateModified":"2021-07-09T12:25:54+00:00","author":{"@id":"https:\/\/hoyre.no\/nordland\/#\/schema\/person\/6f4581f8cbce8649b11dffce4d355a20"},"breadcrumb":{"@id":"https:\/\/hoyre.no\/nordland\/aktuelt\/vi-forventer-at-vi-i-vesteralen-far-god-nok-informasjon-og-ei-likebehandling-av-regioner-i-nordland\/#breadcrumb"},"inLanguage":"nb-NO","potentialAction":[{"@type":"ReadAction","target":["https:\/\/hoyre.no\/nordland\/aktuelt\/vi-forventer-at-vi-i-vesteralen-far-god-nok-informasjon-og-ei-likebehandling-av-regioner-i-nordland\/"]}]},{"@type":"BreadcrumbList","@id":"https:\/\/hoyre.no\/nordland\/aktuelt\/vi-forventer-at-vi-i-vesteralen-far-god-nok-informasjon-og-ei-likebehandling-av-regioner-i-nordland\/#breadcrumb","itemListElement":[{"@type":"ListItem","position":1,"name":"Til hoyre.no","item":"https:\/\/hoyre.no"},{"@type":"ListItem","position":2,"name":"Hjem","item":"https:\/\/hoyre.no\/nordland\/"},{"@type":"ListItem","position":3,"name":"Vi forventer at vi i Vester\u00e5len f\u00e5r god nok informasjon og ei likebehandling av regioner i Nordland"}]},{"@type":"WebSite","@id":"https:\/\/hoyre.no\/nordland\/#website","url":"https:\/\/hoyre.no\/nordland\/","name":"Nordland H\u00f8yre","description":"Bare enda et H\u00f8yres nettsteder-nettsted","inLanguage":"nb-NO"},{"@type":"Person","@id":"https:\/\/hoyre.no\/nordland\/#\/schema\/person\/6f4581f8cbce8649b11dffce4d355a20","name":"Isabella Emilie Pigini Storli","image":{"@type":"ImageObject","inLanguage":"nb-NO","@id":"https:\/\/hoyre.no\/nordland\/#\/schema\/person\/image\/","url":"https:\/\/secure.gravatar.com\/avatar\/08adee43a03700ba785bdbd90482e1f29963f7da76a6456741cc4ace550c4fe2?s=96&d=mm&r=g","contentUrl":"https:\/\/secure.gravatar.com\/avatar\/08adee43a03700ba785bdbd90482e1f29963f7da76a6456741cc4ace550c4fe2?s=96&d=mm&r=g","caption":"Isabella Emilie Pigini Storli"},"url":"https:\/\/hoyre.no\/nordland\/aktuelt\/author\/m52026796\/"}]}},"distributor_meta":false,"distributor_terms":false,"distributor_media":false,"distributor_original_site_name":"Nordland H\u00f8yre","distributor_original_site_url":"https:\/\/hoyre.no\/nordland","push-errors":false,"_links":{"self":[{"href":"https:\/\/hoyre.no\/nordland\/wp-json\/wp\/v2\/posts\/563","targetHints":{"allow":["GET"]}}],"collection":[{"href":"https:\/\/hoyre.no\/nordland\/wp-json\/wp\/v2\/posts"}],"about":[{"href":"https:\/\/hoyre.no\/nordland\/wp-json\/wp\/v2\/types\/post"}],"author":[{"embeddable":true,"href":"https:\/\/hoyre.no\/nordland\/wp-json\/wp\/v2\/users\/3547"}],"replies":[{"embeddable":true,"href":"https:\/\/hoyre.no\/nordland\/wp-json\/wp\/v2\/comments?post=563"}],"version-history":[{"count":2,"href":"https:\/\/hoyre.no\/nordland\/wp-json\/wp\/v2\/posts\/563\/revisions"}],"predecessor-version":[{"id":566,"href":"https:\/\/hoyre.no\/nordland\/wp-json\/wp\/v2\/posts\/563\/revisions\/566"}],"wp:attachment":[{"href":"https:\/\/hoyre.no\/nordland\/wp-json\/wp\/v2\/media?parent=563"}],"wp:term":[{"taxonomy":"category","embeddable":true,"href":"https:\/\/hoyre.no\/nordland\/wp-json\/wp\/v2\/category?post=563"},{"taxonomy":"post_tag","embeddable":true,"href":"https:\/\/hoyre.no\/nordland\/wp-json\/wp\/v2\/post_tag?post=563"},{"taxonomy":"hoyre-visibility","embeddable":true,"href":"https:\/\/hoyre.no\/nordland\/wp-json\/wp\/v2\/hoyre-visibility?post=563"},{"taxonomy":"article-type","embeddable":true,"href":"https:\/\/hoyre.no\/nordland\/wp-json\/wp\/v2\/article-type?post=563"},{"taxonomy":"politician","embeddable":true,"href":"https:\/\/hoyre.no\/nordland\/wp-json\/wp\/v2\/politician?post=563"}],"curies":[{"name":"wp","href":"https:\/\/api.w.org\/{rel}","templated":true}]}}