{"id":577,"date":"2021-07-21T12:26:57","date_gmt":"2021-07-21T10:26:57","guid":{"rendered":"https:\/\/hoyre.no\/nordland\/?p=577"},"modified":"2021-07-21T12:26:57","modified_gmt":"2021-07-21T10:26:57","slug":"det-skal-alltid-lonne-seg-a-jobbe","status":"publish","type":"post","link":"https:\/\/hoyre.no\/nordland\/aktuelt\/det-skal-alltid-lonne-seg-a-jobbe\/","title":{"rendered":"Det skal alltid l\u00f8nne seg \u00e5 jobbe!"},"content":{"rendered":"\n<p class=\"preamble\">Finansminister Jan Tore Sanner og f\u00f8rstekandidat for Nordland B\u00e5rd Ludvig Thorheim skriver om arbeid.<\/p>\t\t\t<div class=\"post-meta wp-block teft-byline-wrapper\">\n\t\t\t\t<div class=\"top\">\n\t\t\t\t\t<div class=\"signature\">\n\t\t\t\t\t\t<div class=\"teft-byline\">\n\t\t\t\t\t\t\t\t\t\t\t\t\t\t<div>\n\t\t\t\t\t\t\t\t<h3>H\u00f8yres redaksjon<\/h3>\t\t\t\t\t\t\t\t\n\t\t\t\t\t\t\t\t\t\t\t\t\t\t\t\t\t<span class=\"date\">Sist oppdatert: 21. juli 2021<\/span>\n\t\t\t\t\t\t\t\t\t\t\t\t\t\t\t\t\t\t\t\t\t\t\t\t\t<span class=\"reading-time\" itemprop=\"timeRequired\" content=\"PT2M\"><em>Ca. 2 minutter lesetid<\/em><\/span>\n\t\t\t\t\t\t\t\t\t\t\t\t\t\t\t<\/div>\n\t\t\t\t\t\t<\/div>\n\t\t\t\t\t<\/div>\n\t\t\t\t\t\t<div class=\"sharing\">\n\t\t<a class=\"share-button share-link copy-link\" data-copy=\"https:\/\/hoyre.no\/nordland\/aktuelt\/det-skal-alltid-lonne-seg-a-jobbe\/\" target=\"_blank\"><span class=\"screen-reader-text\">Del link<\/span><\/a>\n\t\t<a class=\"share-button share-twitter\" href=\"http:\/\/twitter.com\/share?text=Det skal alltid l\u00f8nne seg \u00e5 jobbe!&#038;url=https:\/\/hoyre.no\/nordland\/aktuelt\/det-skal-alltid-lonne-seg-a-jobbe\/&#038;hashtags=Hoyre\" target=\"_blank\"><span class=\"screen-reader-text\">Del p\u00e5 twitter<\/span><\/a>\n\t\t<a class=\"share-button share-facebook\" href=\"https:\/\/www.facebook.com\/sharer\/sharer.php?u=https:\/\/hoyre.no\/nordland\/aktuelt\/det-skal-alltid-lonne-seg-a-jobbe\/\" target=\"_blank\"><span class=\"screen-reader-text\">Del p\u00e5 facebook<\/span><\/a>\n\t<\/div>\n\t\t\t\t\t<\/div>\n\t\t\t<\/div>\n\n\t\t\t<figure class=\"hoyre-image-wrapper\"><div class=\"hoyre-image\"><img loading=\"lazy\" decoding=\"async\" width=\"1920\" height=\"1080\" src=\"https:\/\/hoyre.no\/content\/uploads\/sites\/9\/2021\/07\/Copy-of-Morgenaksjon.png\" class=\"attachment-scaled size-scaled\" alt=\"\" style=\"object-position: 56.99999999999999% 45%\" srcset=\"https:\/\/hoyre.no\/content\/uploads\/sites\/9\/2021\/07\/Copy-of-Morgenaksjon.png 1920w, https:\/\/hoyre.no\/content\/uploads\/sites\/9\/2021\/07\/Copy-of-Morgenaksjon-300x169.png 300w, https:\/\/hoyre.no\/content\/uploads\/sites\/9\/2021\/07\/Copy-of-Morgenaksjon-1024x576.png 1024w, https:\/\/hoyre.no\/content\/uploads\/sites\/9\/2021\/07\/Copy-of-Morgenaksjon-768x432.png 768w, https:\/\/hoyre.no\/content\/uploads\/sites\/9\/2021\/07\/Copy-of-Morgenaksjon-1536x864.png 1536w\" sizes=\"auto, (max-width: 1920px) 100vw, 1920px\" \/><\/div><figcaption class=\"caption\">Finansminister Jan Tore Sanner og f\u00f8rstekandidat B\u00e5rd Ludvig Thorheim<\/figcaption><\/figure>\n\n\n\n\n<p><strong><em>\u2013 Dersom en 25-\u00e5ring kommer seg inn i arbeidslivet vil hen kunne ha 40 \u00e5r som yrkesaktiv, skriver Jan Tore Sanner\u00a0og B\u00e5rd Ludvig Thorheim.<\/em><\/strong><\/p>\n\n\n\n<p>H\u00f8yre vil innf\u00f8re et jobbskattefradrag for unge slik at de med lave og middels inntekter sitter igjen med mer av sine egne penger. Med v\u00e5rt forslag vil arbeidstakere under 30 \u00e5r kunne f\u00e5 en skattelette p\u00e5 over 5.000 kroner i \u00e5ret.\u00a0<\/p>\n\n\n\n<p>De siste 20 \u00e5rene har flere unge f\u00e5tt en tyngre vei inn i arbeidslivet. I 2019 mottok \u00e9n av ti unge penger til livsopphold fra Nav. Skal vi f\u00e5 flere unge inn i arbeidslivet m\u00e5 vi hele tiden tenke nytt og samtidig forsterke de tiltakene vi vet fungerer. Derfor vil vi i neste periode videref\u00f8re aktivitetsplikten for unge sosialhjelpsmottakere og frav\u00e6rsgrensen som bidrar til at flere fullf\u00f8rer videreg\u00e5ende skole. Det er viktig at barn og ungdom f\u00f8lges tett opp i skolen og p\u00e5 vei ut i arbeidslivet. I tillegg vil H\u00f8yre gj\u00f8re det mer l\u00f8nnsomt \u00e5 jobbe gjennom \u00e5 innf\u00f8re et jobbskattefradrag for unge. Med et slikt jobbskattefradrag vil 21.467 unge i alderen 17- 29 \u00e5r i Nordland f\u00e5 en merkbar skattelette og sitte igjen med mer av pengene de har tjent \u00a0<\/p>\n\n\n\n<p>Med regjeringens forslag til jobbskattefradrag vil de under 30 \u00e5r som tjener mellom 150.000 og 300.000 kroner sitte igjen med om lag 5.000 mer i \u00e5ret enn i dag. Fradraget er i tillegg s\u00e6rlig gunstig for de som er p\u00e5 trygd, men som kan jobbe litt. For H\u00f8yre er det viktig at det alltid l\u00f8nner seg \u00e5 jobbe, og det er ikke s\u00e6rlig motiverende \u00e5 jobbe hvis staten beholder opp mot syv av de neste ti kronene du tjener. Med dette forslaget reduserer vi skatten for de som vil pr\u00f8ve seg i arbeidslivet. \u00a0<\/p>\n\n\n\n<p>Det er godt dokumentert at et jobbskattefradrag kan bidra til at flere deltar i arbeidslivet. Vi har foresl\u00e5tt \u00e5 m\u00e5lrette det mot unge, fordi gevinsten ved at noen g\u00e5r fra trygd til arbeid er spesielt stor for unge, b\u00e5de for den enkelte og for samfunnet. Dersom en 25-\u00e5ring kommer seg inn i arbeidslivet vil han eller hun kunne ha 40 \u00e5r som yrkesaktiv.\u00a0<\/p>\n\n\n\n<p>Mens venstresiden vil \u00f8ke skattene for de som skaper jobber, vil vi senke skattene for de som jobber. En skattelette rettet inn mot unge i starten av yrkeslivet med relativt lave inntekter er rett og slett et skattepolitisk kinderegg: Det gir lavtl\u00f8nte, unge i etableringsfasen mer \u00e5 rutte med, og vil i tillegg bidra til flere i arbeidslivet og mindre ulikhet.<\/p>\n\n\n<div class=\"tags\">\n\t<\/div>\n<div class=\"post-footer alignfull has-background block-editor-block-list__block\" data-align=full>\n\t<div class=\"post-footer-inner\">\n\t\t<h3>Relaterte artikler<\/h3>\n\t\t<div class=\"related-content\"><div class=\"is-card-hoyre\">\n\t<div class=\"teft-card hoyre-teft-card post-teft-card\">\n\t\t<a href=\"https:\/\/hoyre.no\/nordland\/aktuelt\/vi-onsker-dine-innspill\/\" class=\"teft-card__primary-action\">\n\n\t\t\t\t\t<div class=\"teft-card__media teft-card__media--16-9\">\n\t\t\t\t\t\t<img loading=\"lazy\" decoding=\"async\" width=\"768\" height=\"402\" src=\"https:\/\/hoyre.no\/content\/uploads\/sites\/9\/2026\/04\/Dokument-uten-navn-09.02.2026-1-1536x804-1-768x402.png\" class=\"attachment-medium_large size-medium_large\" alt=\"\" srcset=\"https:\/\/hoyre.no\/content\/uploads\/sites\/9\/2026\/04\/Dokument-uten-navn-09.02.2026-1-1536x804-1-768x402.png 768w, https:\/\/hoyre.no\/content\/uploads\/sites\/9\/2026\/04\/Dokument-uten-navn-09.02.2026-1-1536x804-1-300x157.png 300w, https:\/\/hoyre.no\/content\/uploads\/sites\/9\/2026\/04\/Dokument-uten-navn-09.02.2026-1-1536x804-1-1024x536.png 1024w, https:\/\/hoyre.no\/content\/uploads\/sites\/9\/2026\/04\/Dokument-uten-navn-09.02.2026-1-1536x804-1.png 1536w\" sizes=\"auto, (max-width: 768px) 100vw, 768px\" \/>\t\t<\/div>\n\t\t\n\t\t\t<div class=\"teft-card__content-wrapper\">\n\t\t\t\t<div class=\"teft-card__secondary\">\n\t\t\t\t\t\n\t\t\t\t\t\t\t\t<div class=\"teft-card__meta\">\n\t\t\t\t\t\t\t\t\t<span class=\"post-date\">15. apr 2026<\/span>\n\n\t\t\t\t\t\t\t\t\t<span class=\"post-category\">Nominasjonsprosess 2027\/2031<\/span>\t\t\t\t\t\t\t\t<\/div>\n\t\t\t\t\t\t\t\t\t\t\t<\/div>\n\n\t\t\t\t<div class=\"teft-card__primary\">\n\t\t\t\t\t<h2 class=\"teft-card__title\">Vi \u00f8nsker dine innspill!&nbsp;<span class=\"teft-card__primary-title-append\"><\/span><\/h2>\t\t\t\t<\/div>\n\t\t\t<\/div>\n\t\t<\/a>\n\t<\/div>\n\n\t<\/div><div class=\"is-card-hoyre\">\n\t<div class=\"teft-card hoyre-teft-card post-teft-card\">\n\t\t<a href=\"https:\/\/hoyre.no\/nordland\/aktuelt\/sjomatnaeringen-og-prosessindustrien\/\" class=\"teft-card__primary-action\">\n\n\t\t\t<div class=\"teft-card__media teft-card__media--16-9 no-image\"><\/div>\n\t\t\t<div class=\"teft-card__content-wrapper\">\n\t\t\t\t<div class=\"teft-card__secondary\">\n\t\t\t\t\t\n\t\t\t\t\t\t\t\t<div class=\"teft-card__meta\">\n\t\t\t\t\t\t\t\t\t<span class=\"post-date\">20. nov 2025<\/span>\n\n\t\t\t\t\t\t\t\t\t<span class=\"post-category\">Fylkes\u00e5rsm\u00f8te 2025<\/span>\t\t\t\t\t\t\t\t<\/div>\n\t\t\t\t\t\t\t\t\t\t\t<\/div>\n\n\t\t\t\t<div class=\"teft-card__primary\">\n\t\t\t\t\t<h2 class=\"teft-card__title\">Sj\u00f8matn\u00e6ringen og prosessindustrien&nbsp;<span class=\"teft-card__primary-title-append\"><\/span><\/h2>\t\t\t\t<\/div>\n\t\t\t<\/div>\n\t\t<\/a>\n\t<\/div>\n\n\t<\/div><div class=\"is-card-hoyre\">\n\t<div class=\"teft-card hoyre-teft-card post-teft-card\">\n\t\t<a href=\"https:\/\/hoyre.no\/nordland\/aktuelt\/okt-satsning-pa-havforskning\/\" class=\"teft-card__primary-action\">\n\n\t\t\t<div class=\"teft-card__media teft-card__media--16-9 no-image\"><\/div>\n\t\t\t<div class=\"teft-card__content-wrapper\">\n\t\t\t\t<div class=\"teft-card__secondary\">\n\t\t\t\t\t\n\t\t\t\t\t\t\t\t<div class=\"teft-card__meta\">\n\t\t\t\t\t\t\t\t\t<span class=\"post-date\">20. nov 2025<\/span>\n\n\t\t\t\t\t\t\t\t\t<span class=\"post-category\">Fylkes\u00e5rsm\u00f8te 2025<\/span>\t\t\t\t\t\t\t\t<\/div>\n\t\t\t\t\t\t\t\t\t\t\t<\/div>\n\n\t\t\t\t<div class=\"teft-card__primary\">\n\t\t\t\t\t<h2 class=\"teft-card__title\">\u00d8kt satsning p\u00e5 havforskning&nbsp;<span class=\"teft-card__primary-title-append\"><\/span><\/h2>\t\t\t\t<\/div>\n\t\t\t<\/div>\n\t\t<\/a>\n\t<\/div>\n\n\t<\/div><\/div>\t<\/div>\n<\/div>\n","protected":false},"excerpt":{"rendered":"","protected":false},"author":3547,"featured_media":0,"comment_status":"closed","ping_status":"closed","sticky":false,"template":"","format":"standard","meta":{"teft_cards_image_url":"","teft_cards_custom_pretitle":"","teft_cards_image_id":578,"teft_cards_image_focal_point_x":0.5,"teft_cards_image_focal_point_y":0.5,"teft_cards_title":"","teft_cards_excerpt":"","teft_show_chapters":false,"author_display_name":"","footnotes":""},"category":[1],"post_tag":[],"hoyre-visibility":[],"article-type":[],"politician":[],"class_list":["post-577","post","type-post","status-publish","format-standard","hentry","category-ukategorisert"],"yoast_head":"<!-- This site is optimized with the Yoast SEO plugin v26.6 - https:\/\/yoast.com\/wordpress\/plugins\/seo\/ -->\n<title>Det skal alltid l\u00f8nne seg \u00e5 jobbe! - Nordland H\u00f8yre<\/title>\n<meta name=\"robots\" content=\"index, follow, max-snippet:-1, max-image-preview:large, max-video-preview:-1\" \/>\n<link rel=\"canonical\" href=\"https:\/\/hoyre.no\/nordland\/aktuelt\/det-skal-alltid-lonne-seg-a-jobbe\/\" \/>\n<meta property=\"og:locale\" content=\"nb_NO\" \/>\n<meta property=\"og:type\" content=\"article\" \/>\n<meta property=\"og:title\" content=\"Det skal alltid l\u00f8nne seg \u00e5 jobbe! - Nordland H\u00f8yre\" \/>\n<meta property=\"og:url\" content=\"https:\/\/hoyre.no\/nordland\/aktuelt\/det-skal-alltid-lonne-seg-a-jobbe\/\" \/>\n<meta property=\"og:site_name\" content=\"Nordland H\u00f8yre\" \/>\n<meta property=\"article:published_time\" content=\"2021-07-21T10:26:57+00:00\" \/>\n<meta property=\"og:image\" content=\"https:\/\/hoyre.no\/content\/uploads\/sites\/9\/2022\/11\/Hoyres-logo.png\" \/>\n\t<meta property=\"og:image:width\" content=\"1000\" \/>\n\t<meta property=\"og:image:height\" content=\"1000\" \/>\n\t<meta property=\"og:image:type\" content=\"image\/png\" \/>\n<meta name=\"author\" content=\"Isabella Emilie Pigini Storli\" \/>\n<meta name=\"twitter:card\" content=\"summary_large_image\" \/>\n<meta name=\"twitter:label1\" content=\"Skrevet av\" \/>\n\t<meta name=\"twitter:data1\" content=\"Isabella Emilie Pigini Storli\" \/>\n\t<meta name=\"twitter:label2\" content=\"Ansl. lesetid\" \/>\n\t<meta name=\"twitter:data2\" content=\"2 minutter\" \/>\n<script type=\"application\/ld+json\" class=\"yoast-schema-graph\">{\"@context\":\"https:\/\/schema.org\",\"@graph\":[{\"@type\":\"NewsArticle\",\"@id\":\"https:\/\/hoyre.no\/nordland\/aktuelt\/det-skal-alltid-lonne-seg-a-jobbe\/\",\"url\":\"https:\/\/hoyre.no\/nordland\/aktuelt\/det-skal-alltid-lonne-seg-a-jobbe\/\",\"name\":\"Det skal alltid l\u00f8nne seg \u00e5 jobbe! - Nordland H\u00f8yre\",\"isPartOf\":{\"@id\":\"https:\/\/hoyre.no\/nordland\/#website\"},\"datePublished\":\"2021-07-21T10:26:57+00:00\",\"author\":{\"@id\":\"https:\/\/hoyre.no\/nordland\/#\/schema\/person\/6f4581f8cbce8649b11dffce4d355a20\"},\"breadcrumb\":{\"@id\":\"https:\/\/hoyre.no\/nordland\/aktuelt\/det-skal-alltid-lonne-seg-a-jobbe\/#breadcrumb\"},\"inLanguage\":\"nb-NO\",\"potentialAction\":[{\"@type\":\"ReadAction\",\"target\":[\"https:\/\/hoyre.no\/nordland\/aktuelt\/det-skal-alltid-lonne-seg-a-jobbe\/\"]}]},{\"@type\":\"BreadcrumbList\",\"@id\":\"https:\/\/hoyre.no\/nordland\/aktuelt\/det-skal-alltid-lonne-seg-a-jobbe\/#breadcrumb\",\"itemListElement\":[{\"@type\":\"ListItem\",\"position\":1,\"name\":\"Til hoyre.no\",\"item\":\"https:\/\/hoyre.no\"},{\"@type\":\"ListItem\",\"position\":2,\"name\":\"Hjem\",\"item\":\"https:\/\/hoyre.no\/nordland\/\"},{\"@type\":\"ListItem\",\"position\":3,\"name\":\"Det skal alltid l\u00f8nne seg \u00e5 jobbe!\"}]},{\"@type\":\"WebSite\",\"@id\":\"https:\/\/hoyre.no\/nordland\/#website\",\"url\":\"https:\/\/hoyre.no\/nordland\/\",\"name\":\"Nordland H\u00f8yre\",\"description\":\"Bare enda et H\u00f8yres nettsteder-nettsted\",\"inLanguage\":\"nb-NO\"},{\"@type\":\"Person\",\"@id\":\"https:\/\/hoyre.no\/nordland\/#\/schema\/person\/6f4581f8cbce8649b11dffce4d355a20\",\"name\":\"Isabella Emilie Pigini Storli\",\"image\":{\"@type\":\"ImageObject\",\"inLanguage\":\"nb-NO\",\"@id\":\"https:\/\/hoyre.no\/nordland\/#\/schema\/person\/image\/\",\"url\":\"https:\/\/secure.gravatar.com\/avatar\/08adee43a03700ba785bdbd90482e1f29963f7da76a6456741cc4ace550c4fe2?s=96&d=mm&r=g\",\"contentUrl\":\"https:\/\/secure.gravatar.com\/avatar\/08adee43a03700ba785bdbd90482e1f29963f7da76a6456741cc4ace550c4fe2?s=96&d=mm&r=g\",\"caption\":\"Isabella Emilie Pigini Storli\"},\"url\":\"https:\/\/hoyre.no\/nordland\/aktuelt\/author\/m52026796\/\"}]}<\/script>\n<!-- \/ Yoast SEO plugin. -->","yoast_head_json":{"title":"Det skal alltid l\u00f8nne seg \u00e5 jobbe! - Nordland H\u00f8yre","robots":{"index":"index","follow":"follow","max-snippet":"max-snippet:-1","max-image-preview":"max-image-preview:large","max-video-preview":"max-video-preview:-1"},"canonical":"https:\/\/hoyre.no\/nordland\/aktuelt\/det-skal-alltid-lonne-seg-a-jobbe\/","og_locale":"nb_NO","og_type":"article","og_title":"Det skal alltid l\u00f8nne seg \u00e5 jobbe! - Nordland H\u00f8yre","og_url":"https:\/\/hoyre.no\/nordland\/aktuelt\/det-skal-alltid-lonne-seg-a-jobbe\/","og_site_name":"Nordland H\u00f8yre","article_published_time":"2021-07-21T10:26:57+00:00","og_image":[{"width":1000,"height":1000,"url":"https:\/\/hoyre.no\/content\/uploads\/sites\/9\/2022\/11\/Hoyres-logo.png","type":"image\/png"}],"author":"Isabella Emilie Pigini Storli","twitter_card":"summary_large_image","twitter_misc":{"Skrevet av":"Isabella Emilie Pigini Storli","Ansl. lesetid":"2 minutter"},"schema":{"@context":"https:\/\/schema.org","@graph":[{"@type":"NewsArticle","@id":"https:\/\/hoyre.no\/nordland\/aktuelt\/det-skal-alltid-lonne-seg-a-jobbe\/","url":"https:\/\/hoyre.no\/nordland\/aktuelt\/det-skal-alltid-lonne-seg-a-jobbe\/","name":"Det skal alltid l\u00f8nne seg \u00e5 jobbe! - Nordland H\u00f8yre","isPartOf":{"@id":"https:\/\/hoyre.no\/nordland\/#website"},"datePublished":"2021-07-21T10:26:57+00:00","author":{"@id":"https:\/\/hoyre.no\/nordland\/#\/schema\/person\/6f4581f8cbce8649b11dffce4d355a20"},"breadcrumb":{"@id":"https:\/\/hoyre.no\/nordland\/aktuelt\/det-skal-alltid-lonne-seg-a-jobbe\/#breadcrumb"},"inLanguage":"nb-NO","potentialAction":[{"@type":"ReadAction","target":["https:\/\/hoyre.no\/nordland\/aktuelt\/det-skal-alltid-lonne-seg-a-jobbe\/"]}]},{"@type":"BreadcrumbList","@id":"https:\/\/hoyre.no\/nordland\/aktuelt\/det-skal-alltid-lonne-seg-a-jobbe\/#breadcrumb","itemListElement":[{"@type":"ListItem","position":1,"name":"Til hoyre.no","item":"https:\/\/hoyre.no"},{"@type":"ListItem","position":2,"name":"Hjem","item":"https:\/\/hoyre.no\/nordland\/"},{"@type":"ListItem","position":3,"name":"Det skal alltid l\u00f8nne seg \u00e5 jobbe!"}]},{"@type":"WebSite","@id":"https:\/\/hoyre.no\/nordland\/#website","url":"https:\/\/hoyre.no\/nordland\/","name":"Nordland H\u00f8yre","description":"Bare enda et H\u00f8yres nettsteder-nettsted","inLanguage":"nb-NO"},{"@type":"Person","@id":"https:\/\/hoyre.no\/nordland\/#\/schema\/person\/6f4581f8cbce8649b11dffce4d355a20","name":"Isabella Emilie Pigini Storli","image":{"@type":"ImageObject","inLanguage":"nb-NO","@id":"https:\/\/hoyre.no\/nordland\/#\/schema\/person\/image\/","url":"https:\/\/secure.gravatar.com\/avatar\/08adee43a03700ba785bdbd90482e1f29963f7da76a6456741cc4ace550c4fe2?s=96&d=mm&r=g","contentUrl":"https:\/\/secure.gravatar.com\/avatar\/08adee43a03700ba785bdbd90482e1f29963f7da76a6456741cc4ace550c4fe2?s=96&d=mm&r=g","caption":"Isabella Emilie Pigini Storli"},"url":"https:\/\/hoyre.no\/nordland\/aktuelt\/author\/m52026796\/"}]}},"distributor_meta":false,"distributor_terms":false,"distributor_media":false,"distributor_original_site_name":"Nordland H\u00f8yre","distributor_original_site_url":"https:\/\/hoyre.no\/nordland","push-errors":false,"_links":{"self":[{"href":"https:\/\/hoyre.no\/nordland\/wp-json\/wp\/v2\/posts\/577","targetHints":{"allow":["GET"]}}],"collection":[{"href":"https:\/\/hoyre.no\/nordland\/wp-json\/wp\/v2\/posts"}],"about":[{"href":"https:\/\/hoyre.no\/nordland\/wp-json\/wp\/v2\/types\/post"}],"author":[{"embeddable":true,"href":"https:\/\/hoyre.no\/nordland\/wp-json\/wp\/v2\/users\/3547"}],"replies":[{"embeddable":true,"href":"https:\/\/hoyre.no\/nordland\/wp-json\/wp\/v2\/comments?post=577"}],"version-history":[{"count":1,"href":"https:\/\/hoyre.no\/nordland\/wp-json\/wp\/v2\/posts\/577\/revisions"}],"predecessor-version":[{"id":579,"href":"https:\/\/hoyre.no\/nordland\/wp-json\/wp\/v2\/posts\/577\/revisions\/579"}],"wp:attachment":[{"href":"https:\/\/hoyre.no\/nordland\/wp-json\/wp\/v2\/media?parent=577"}],"wp:term":[{"taxonomy":"category","embeddable":true,"href":"https:\/\/hoyre.no\/nordland\/wp-json\/wp\/v2\/category?post=577"},{"taxonomy":"post_tag","embeddable":true,"href":"https:\/\/hoyre.no\/nordland\/wp-json\/wp\/v2\/post_tag?post=577"},{"taxonomy":"hoyre-visibility","embeddable":true,"href":"https:\/\/hoyre.no\/nordland\/wp-json\/wp\/v2\/hoyre-visibility?post=577"},{"taxonomy":"article-type","embeddable":true,"href":"https:\/\/hoyre.no\/nordland\/wp-json\/wp\/v2\/article-type?post=577"},{"taxonomy":"politician","embeddable":true,"href":"https:\/\/hoyre.no\/nordland\/wp-json\/wp\/v2\/politician?post=577"}],"curies":[{"name":"wp","href":"https:\/\/api.w.org\/{rel}","templated":true}]}}