{"id":58,"date":"2017-08-27T22:00:00","date_gmt":"2017-08-27T20:00:00","guid":{"rendered":"https:\/\/hoyre.no\/nordland\/aktuelt\/det-blomstrer-i-nord\/"},"modified":"2017-08-27T22:00:00","modified_gmt":"2017-08-27T20:00:00","slug":"det-blomstrer-i-nord","status":"publish","type":"post","link":"https:\/\/hoyre.no\/nordland\/aktuelt\/det-blomstrer-i-nord\/","title":{"rendered":"Nordland og Nord-Norge v\u00e6re \u00abp\u00e5 banen\u00bb."},"content":{"rendered":"<p class=\"preamble\">Ellers blir vi overkj\u00f8rt av andre landsdeler og milj\u00f8er som griper de muligheter som til enhver tid oppst\u00e5r i samfunnet. Bakstrevere og pessimister har aldri skapt en eneste arbeidsplass. I valgkampens hete er det ikke alle som makter hverken \u00e5 se eller tenke positivt.<\/p>\t\t\t<div class=\"post-meta wp-block teft-byline-wrapper\">\n\t\t\t\t<div class=\"top\">\n\t\t\t\t\t<div class=\"signature\">\n\t\t\t\t\t\t<div class=\"teft-byline\">\n\t\t\t\t\t\t\t\t\t\t\t\t\t\t<div>\n\t\t\t\t\t\t\t\t<h3>H\u00f8yres redaksjon<\/h3>\t\t\t\t\t\t\t\t\n\t\t\t\t\t\t\t\t\t\t\t\t\t\t\t\t\t<span class=\"date\">Sist oppdatert: 27. august 2017<\/span>\n\t\t\t\t\t\t\t\t\t\t\t\t\t\t\t\t\t\t\t\t\t\t\t\t\t<span class=\"reading-time\" itemprop=\"timeRequired\" content=\"PT3M\"><em>Ca. 3 minutter lesetid<\/em><\/span>\n\t\t\t\t\t\t\t\t\t\t\t\t\t\t\t<\/div>\n\t\t\t\t\t\t<\/div>\n\t\t\t\t\t<\/div>\n\t\t\t\t\t\t<div class=\"sharing\">\n\t\t<a class=\"share-button share-link copy-link\" data-copy=\"https:\/\/hoyre.no\/nordland\/aktuelt\/det-blomstrer-i-nord\/\" target=\"_blank\"><span class=\"screen-reader-text\">Del link<\/span><\/a>\n\t\t<a class=\"share-button share-twitter\" href=\"http:\/\/twitter.com\/share?text=Nordland og Nord-Norge v\u00e6re \u00abp\u00e5 banen\u00bb.&#038;url=https:\/\/hoyre.no\/nordland\/aktuelt\/det-blomstrer-i-nord\/&#038;hashtags=Hoyre\" target=\"_blank\"><span class=\"screen-reader-text\">Del p\u00e5 twitter<\/span><\/a>\n\t\t<a class=\"share-button share-facebook\" href=\"https:\/\/www.facebook.com\/sharer\/sharer.php?u=https:\/\/hoyre.no\/nordland\/aktuelt\/det-blomstrer-i-nord\/\" target=\"_blank\"><span class=\"screen-reader-text\">Del p\u00e5 facebook<\/span><\/a>\n\t<\/div>\n\t\t\t\t\t<\/div>\n\t\t\t<\/div>\n\n\t\t\t<figure class=\"hoyre-image-wrapper\"><div class=\"hoyre-image\"><img loading=\"lazy\" decoding=\"async\" width=\"1080\" height=\"717\" src=\"https:\/\/hoyre.no\/content\/uploads\/sites\/9\/2020\/11\/soren-voie.jpg\" class=\"attachment-scaled size-scaled\" alt=\"\" style=\"object-position: 50% 50%\" srcset=\"https:\/\/hoyre.no\/content\/uploads\/sites\/9\/2020\/11\/soren-voie.jpg 1080w, https:\/\/hoyre.no\/content\/uploads\/sites\/9\/2020\/11\/soren-voie-300x199.jpg 300w, https:\/\/hoyre.no\/content\/uploads\/sites\/9\/2020\/11\/soren-voie-1024x680.jpg 1024w, https:\/\/hoyre.no\/content\/uploads\/sites\/9\/2020\/11\/soren-voie-768x510.jpg 768w\" sizes=\"auto, (max-width: 1080px) 100vw, 1080px\" \/><\/div><\/figure><div id=\"hoyre-old-article-content-wrapper\"><p> Alle piler peker oppover i Nordland, og fylket \u00abg\u00e5r s\u00e5 det suser\u00bb.  Man skulle tro at hele befolkningen, n\u00e6ringslivet og alle politiske partier gleder seg over denne positive utvikling og meget hyggelige tilstand i Nordlands n\u00e6ringsliv og kommuner. <\/p><p>Men i valgkampens hete er det ikke alle som makter hverken \u00e5 se eller tenke positivt.  Tvert imot.  Maken til elendighetsbeskrivelser, fiendebilder og nedsnakking av distriktene (det meste av Nordland er distrikt), som den politiske venstresiden bedriver, s\u00e6rlig Senterpartiet, er det lenge siden vi har sett i noen valgkamp.  I iveren etter \u00e5 svartmale politiske motstandere bidrar Senterpartiet til \u00e5 \u00absl\u00e5 av lyset\u00bb i mange nordlandske bygdesamfunn.<\/p><p>Jeg har brukt det meste av mitt voksne liv til \u00e5 arbeide for vekst og utvikling i Nordlands langstrakte fylke, og klamret meg fast i Nordland med Vestv\u00e5g\u00f8y som bosted, til tross for en rekke fristende tilbud fra andre deler av landet.  Jeg kjenner meg overhodet ikke igjen i den elendighetsbeskrivelsen og stakkarsliggj\u00f8ring av oss Nordlendinger som Sp pr\u00f8ver \u00e5 f\u00e5 velgerne til \u00e5 tro p\u00e5.  Hvordan vil Sp f\u00e5 nyutdannede ungdommer og ressurspersoner til \u00e5 flytte til Nordlands distriktskommuner, dersom alt er bare elendighet? <\/p><p>Det er forunderlig at ikke Sp ser den optimismen som r\u00e5der i fylket og landsdelen.  Arbeidsledigheten er p\u00e5 laveste niv\u00e5, veksten \u00f8ker, det skapes nye jobber, det bygges nye veier, det utdannes flott ungdom til fremtidens kunnskapssamfunn, og det settes stadig nye eksportrekorder fra fylket.  Selv innenfor Sp`s kjernesaker, prim\u00e6rn\u00e6ringene landbruk og fiske, g\u00e5r det bedre enn p\u00e5 mange ti\u00e5r.  Nedgang er snudd til optimisme og vekst.  Yrkesut\u00f8verne tjener bedre enn p\u00e5 lenge, og flere ungdommer vil satse p\u00e5 b\u00e5de fiske og jordbruk.<\/p><p>Norges befolkning tilpasser seg raskt nye muligheter, og tar del i b\u00e5de kunnskapsutvikling og teknologiske fremskritt i samfunnet.  Politikken m\u00e5 derfor stadig raskere tilpasse seg de samfunnsendringer og trender som sl\u00e5r inn med full tynge, blant annet gjennom politiske reformer. <\/p><p>Her m\u00e5 ogs\u00e5 Nordland og Nord Norge v\u00e6re \u00abp\u00e5 banen\u00bb.  Ellers blir vi overkj\u00f8rt av andre landsdeler og milj\u00f8er som griper de muligheter som til enhver tid oppst\u00e5r i samfunnet.  Bakstrevere og pessimister har aldri skapt en eneste arbeidsplass.  \u00c5 bruke krefter p\u00e5 \u00e5 st\u00e5 med ryggen mot utviklingen, og fremstille oss som \u00f8nsker \u00e5 bo i og utvikle distrikts-Norge som s\u00e6ringer med behov for s\u00e6rlige st\u00f8tteordninger tjener ingen hensikt.  Det bare medf\u00f8rer stigmatisering og tilbakegang.<\/p><p>Med min relativt lange og brede erfaringer fra b\u00e5de politikk, offentlig virksomhet og privat n\u00e6ringsliv kan jeg knapt se at Nordland noen gang f\u00f8r har st\u00e5tt overfor st\u00f8rre utviklingsmuligheter.  Det er jo ogs\u00e5 hyggelig \u00e5 registrere at veksten i Nordland pr tiden er st\u00f8rre enn i andre deler av landet.  Det er industrifylket, energifylket, reiselivsfylket, fiskerifylket, oppdrettsfylket og matfylket Nordland som har fremtidens ressurser og muligheter. Da m\u00e5 vi i en politisk opphetet valgkamp ikke nedsnakke \u2013 men FREMSNAKKE \u2013 fylket.<\/p><p>En regjering avhengig av st\u00f8tte fra SV, R\u00f8dt og Mdg er neppe det som gavner Nordland.  Overdrevent vern, redusert vegbygging og utvikling av \u00f8vrig infrastruktur, og redusert vekstkraft i Nordland kan bli resultatet dersom disse partiene kommer i vippeposisjon. <\/p><p>En fortsatt H\u00f8yreledet regjering vil v\u00e6re garantist for fortsatt positiv vekst og utvikling i hele Nordland.<\/p><p><br \/><\/p><\/div>\n<div class=\"tags\">\n\t<\/div>\n<div class=\"post-footer alignfull has-background block-editor-block-list__block\" data-align=full>\n\t<div class=\"post-footer-inner\">\n\t\t<h3>Relaterte artikler<\/h3>\n\t\t<div class=\"related-content\"><div class=\"is-card-hoyre\">\n\t<div class=\"teft-card hoyre-teft-card post-teft-card\">\n\t\t<a href=\"https:\/\/hoyre.no\/nordland\/aktuelt\/vi-onsker-dine-innspill\/\" class=\"teft-card__primary-action\">\n\n\t\t\t\t\t<div class=\"teft-card__media teft-card__media--16-9\">\n\t\t\t\t\t\t<img loading=\"lazy\" decoding=\"async\" width=\"768\" height=\"402\" src=\"https:\/\/hoyre.no\/content\/uploads\/sites\/9\/2026\/04\/Dokument-uten-navn-09.02.2026-1-1536x804-1-768x402.png\" class=\"attachment-medium_large size-medium_large\" alt=\"\" srcset=\"https:\/\/hoyre.no\/content\/uploads\/sites\/9\/2026\/04\/Dokument-uten-navn-09.02.2026-1-1536x804-1-768x402.png 768w, https:\/\/hoyre.no\/content\/uploads\/sites\/9\/2026\/04\/Dokument-uten-navn-09.02.2026-1-1536x804-1-300x157.png 300w, https:\/\/hoyre.no\/content\/uploads\/sites\/9\/2026\/04\/Dokument-uten-navn-09.02.2026-1-1536x804-1-1024x536.png 1024w, https:\/\/hoyre.no\/content\/uploads\/sites\/9\/2026\/04\/Dokument-uten-navn-09.02.2026-1-1536x804-1.png 1536w\" sizes=\"auto, (max-width: 768px) 100vw, 768px\" \/>\t\t<\/div>\n\t\t\n\t\t\t<div class=\"teft-card__content-wrapper\">\n\t\t\t\t<div class=\"teft-card__secondary\">\n\t\t\t\t\t\n\t\t\t\t\t\t\t\t<div class=\"teft-card__meta\">\n\t\t\t\t\t\t\t\t\t<span class=\"post-date\">15. apr 2026<\/span>\n\n\t\t\t\t\t\t\t\t\t<span class=\"post-category\">Nominasjonsprosess 2027\/2031<\/span>\t\t\t\t\t\t\t\t<\/div>\n\t\t\t\t\t\t\t\t\t\t\t<\/div>\n\n\t\t\t\t<div class=\"teft-card__primary\">\n\t\t\t\t\t<h2 class=\"teft-card__title\">Vi \u00f8nsker dine innspill!&nbsp;<span class=\"teft-card__primary-title-append\"><\/span><\/h2>\t\t\t\t<\/div>\n\t\t\t<\/div>\n\t\t<\/a>\n\t<\/div>\n\n\t<\/div><div class=\"is-card-hoyre\">\n\t<div class=\"teft-card hoyre-teft-card post-teft-card\">\n\t\t<a href=\"https:\/\/hoyre.no\/nordland\/aktuelt\/sjomatnaeringen-og-prosessindustrien\/\" class=\"teft-card__primary-action\">\n\n\t\t\t<div class=\"teft-card__media teft-card__media--16-9 no-image\"><\/div>\n\t\t\t<div class=\"teft-card__content-wrapper\">\n\t\t\t\t<div class=\"teft-card__secondary\">\n\t\t\t\t\t\n\t\t\t\t\t\t\t\t<div class=\"teft-card__meta\">\n\t\t\t\t\t\t\t\t\t<span class=\"post-date\">20. nov 2025<\/span>\n\n\t\t\t\t\t\t\t\t\t<span class=\"post-category\">Fylkes\u00e5rsm\u00f8te 2025<\/span>\t\t\t\t\t\t\t\t<\/div>\n\t\t\t\t\t\t\t\t\t\t\t<\/div>\n\n\t\t\t\t<div class=\"teft-card__primary\">\n\t\t\t\t\t<h2 class=\"teft-card__title\">Sj\u00f8matn\u00e6ringen og prosessindustrien&nbsp;<span class=\"teft-card__primary-title-append\"><\/span><\/h2>\t\t\t\t<\/div>\n\t\t\t<\/div>\n\t\t<\/a>\n\t<\/div>\n\n\t<\/div><div class=\"is-card-hoyre\">\n\t<div class=\"teft-card hoyre-teft-card post-teft-card\">\n\t\t<a href=\"https:\/\/hoyre.no\/nordland\/aktuelt\/okt-satsning-pa-havforskning\/\" class=\"teft-card__primary-action\">\n\n\t\t\t<div class=\"teft-card__media teft-card__media--16-9 no-image\"><\/div>\n\t\t\t<div class=\"teft-card__content-wrapper\">\n\t\t\t\t<div class=\"teft-card__secondary\">\n\t\t\t\t\t\n\t\t\t\t\t\t\t\t<div class=\"teft-card__meta\">\n\t\t\t\t\t\t\t\t\t<span class=\"post-date\">20. nov 2025<\/span>\n\n\t\t\t\t\t\t\t\t\t<span class=\"post-category\">Fylkes\u00e5rsm\u00f8te 2025<\/span>\t\t\t\t\t\t\t\t<\/div>\n\t\t\t\t\t\t\t\t\t\t\t<\/div>\n\n\t\t\t\t<div class=\"teft-card__primary\">\n\t\t\t\t\t<h2 class=\"teft-card__title\">\u00d8kt satsning p\u00e5 havforskning&nbsp;<span class=\"teft-card__primary-title-append\"><\/span><\/h2>\t\t\t\t<\/div>\n\t\t\t<\/div>\n\t\t<\/a>\n\t<\/div>\n\n\t<\/div><\/div>\t<\/div>\n<\/div>\n","protected":false},"excerpt":{"rendered":"","protected":false},"author":0,"featured_media":0,"comment_status":"closed","ping_status":"closed","sticky":false,"template":"","format":"standard","meta":{"teft_cards_image_url":"https:\/\/hoyre.no\/content\/uploads\/sites\/9\/2020\/11\/soren-voie.jpg","teft_cards_custom_pretitle":"","teft_cards_image_id":57,"teft_cards_image_focal_point_x":0,"teft_cards_image_focal_point_y":0,"teft_cards_title":"","teft_cards_excerpt":"","teft_show_chapters":false,"author_display_name":"S\u00f8ren Fredrik Voie, tidligere Stortingsrepresentant for Nordland H\u00f8yre","footnotes":""},"category":[1],"post_tag":[],"hoyre-visibility":[],"article-type":[],"politician":[],"class_list":["post-58","post","type-post","status-publish","format-standard","hentry","category-ukategorisert"],"yoast_head":"<!-- This site is optimized with the Yoast SEO plugin v26.6 - https:\/\/yoast.com\/wordpress\/plugins\/seo\/ -->\n<title>Nordland og Nord-Norge v\u00e6re \u00abp\u00e5 banen\u00bb. - Nordland H\u00f8yre<\/title>\n<meta name=\"robots\" content=\"index, follow, max-snippet:-1, max-image-preview:large, max-video-preview:-1\" \/>\n<link rel=\"canonical\" href=\"https:\/\/hoyre.no\/nordland\/aktuelt\/det-blomstrer-i-nord\/\" \/>\n<meta property=\"og:locale\" content=\"nb_NO\" \/>\n<meta property=\"og:type\" content=\"article\" \/>\n<meta property=\"og:title\" content=\"Nordland og Nord-Norge v\u00e6re \u00abp\u00e5 banen\u00bb. - Nordland H\u00f8yre\" \/>\n<meta property=\"og:url\" content=\"https:\/\/hoyre.no\/nordland\/aktuelt\/det-blomstrer-i-nord\/\" \/>\n<meta property=\"og:site_name\" content=\"Nordland H\u00f8yre\" \/>\n<meta property=\"article:published_time\" content=\"2017-08-27T20:00:00+00:00\" \/>\n<meta property=\"og:image\" content=\"https:\/\/hoyre.no\/content\/uploads\/sites\/9\/2022\/11\/Hoyres-logo.png\" \/>\n\t<meta property=\"og:image:width\" content=\"1000\" \/>\n\t<meta property=\"og:image:height\" content=\"1000\" \/>\n\t<meta property=\"og:image:type\" content=\"image\/png\" \/>\n<meta name=\"twitter:card\" content=\"summary_large_image\" \/>\n<meta name=\"twitter:label1\" content=\"Ansl. lesetid\" \/>\n\t<meta name=\"twitter:data1\" content=\"3 minutter\" \/>\n<script type=\"application\/ld+json\" class=\"yoast-schema-graph\">{\"@context\":\"https:\/\/schema.org\",\"@graph\":[{\"@type\":\"NewsArticle\",\"@id\":\"https:\/\/hoyre.no\/nordland\/aktuelt\/det-blomstrer-i-nord\/\",\"url\":\"https:\/\/hoyre.no\/nordland\/aktuelt\/det-blomstrer-i-nord\/\",\"name\":\"Nordland og Nord-Norge v\u00e6re \u00abp\u00e5 banen\u00bb. - Nordland H\u00f8yre\",\"isPartOf\":{\"@id\":\"https:\/\/hoyre.no\/nordland\/#website\"},\"datePublished\":\"2017-08-27T20:00:00+00:00\",\"author\":{\"@id\":\"\"},\"breadcrumb\":{\"@id\":\"https:\/\/hoyre.no\/nordland\/aktuelt\/det-blomstrer-i-nord\/#breadcrumb\"},\"inLanguage\":\"nb-NO\",\"potentialAction\":[{\"@type\":\"ReadAction\",\"target\":[\"https:\/\/hoyre.no\/nordland\/aktuelt\/det-blomstrer-i-nord\/\"]}]},{\"@type\":\"BreadcrumbList\",\"@id\":\"https:\/\/hoyre.no\/nordland\/aktuelt\/det-blomstrer-i-nord\/#breadcrumb\",\"itemListElement\":[{\"@type\":\"ListItem\",\"position\":1,\"name\":\"Til hoyre.no\",\"item\":\"https:\/\/hoyre.no\"},{\"@type\":\"ListItem\",\"position\":2,\"name\":\"Hjem\",\"item\":\"https:\/\/hoyre.no\/nordland\/\"},{\"@type\":\"ListItem\",\"position\":3,\"name\":\"Nordland og Nord-Norge v\u00e6re \u00abp\u00e5 banen\u00bb.\"}]},{\"@type\":\"WebSite\",\"@id\":\"https:\/\/hoyre.no\/nordland\/#website\",\"url\":\"https:\/\/hoyre.no\/nordland\/\",\"name\":\"Nordland H\u00f8yre\",\"description\":\"Bare enda et H\u00f8yres nettsteder-nettsted\",\"inLanguage\":\"nb-NO\"}]}<\/script>\n<!-- \/ Yoast SEO plugin. -->","yoast_head_json":{"title":"Nordland og Nord-Norge v\u00e6re \u00abp\u00e5 banen\u00bb. - Nordland H\u00f8yre","robots":{"index":"index","follow":"follow","max-snippet":"max-snippet:-1","max-image-preview":"max-image-preview:large","max-video-preview":"max-video-preview:-1"},"canonical":"https:\/\/hoyre.no\/nordland\/aktuelt\/det-blomstrer-i-nord\/","og_locale":"nb_NO","og_type":"article","og_title":"Nordland og Nord-Norge v\u00e6re \u00abp\u00e5 banen\u00bb. - Nordland H\u00f8yre","og_url":"https:\/\/hoyre.no\/nordland\/aktuelt\/det-blomstrer-i-nord\/","og_site_name":"Nordland H\u00f8yre","article_published_time":"2017-08-27T20:00:00+00:00","og_image":[{"width":1000,"height":1000,"url":"https:\/\/hoyre.no\/content\/uploads\/sites\/9\/2022\/11\/Hoyres-logo.png","type":"image\/png"}],"twitter_card":"summary_large_image","twitter_misc":{"Ansl. lesetid":"3 minutter"},"schema":{"@context":"https:\/\/schema.org","@graph":[{"@type":"NewsArticle","@id":"https:\/\/hoyre.no\/nordland\/aktuelt\/det-blomstrer-i-nord\/","url":"https:\/\/hoyre.no\/nordland\/aktuelt\/det-blomstrer-i-nord\/","name":"Nordland og Nord-Norge v\u00e6re \u00abp\u00e5 banen\u00bb. - Nordland H\u00f8yre","isPartOf":{"@id":"https:\/\/hoyre.no\/nordland\/#website"},"datePublished":"2017-08-27T20:00:00+00:00","author":{"@id":""},"breadcrumb":{"@id":"https:\/\/hoyre.no\/nordland\/aktuelt\/det-blomstrer-i-nord\/#breadcrumb"},"inLanguage":"nb-NO","potentialAction":[{"@type":"ReadAction","target":["https:\/\/hoyre.no\/nordland\/aktuelt\/det-blomstrer-i-nord\/"]}]},{"@type":"BreadcrumbList","@id":"https:\/\/hoyre.no\/nordland\/aktuelt\/det-blomstrer-i-nord\/#breadcrumb","itemListElement":[{"@type":"ListItem","position":1,"name":"Til hoyre.no","item":"https:\/\/hoyre.no"},{"@type":"ListItem","position":2,"name":"Hjem","item":"https:\/\/hoyre.no\/nordland\/"},{"@type":"ListItem","position":3,"name":"Nordland og Nord-Norge v\u00e6re \u00abp\u00e5 banen\u00bb."}]},{"@type":"WebSite","@id":"https:\/\/hoyre.no\/nordland\/#website","url":"https:\/\/hoyre.no\/nordland\/","name":"Nordland H\u00f8yre","description":"Bare enda et H\u00f8yres nettsteder-nettsted","inLanguage":"nb-NO"}]}},"distributor_meta":false,"distributor_terms":false,"distributor_media":false,"distributor_original_site_name":"Nordland H\u00f8yre","distributor_original_site_url":"https:\/\/hoyre.no\/nordland","push-errors":false,"_links":{"self":[{"href":"https:\/\/hoyre.no\/nordland\/wp-json\/wp\/v2\/posts\/58","targetHints":{"allow":["GET"]}}],"collection":[{"href":"https:\/\/hoyre.no\/nordland\/wp-json\/wp\/v2\/posts"}],"about":[{"href":"https:\/\/hoyre.no\/nordland\/wp-json\/wp\/v2\/types\/post"}],"replies":[{"embeddable":true,"href":"https:\/\/hoyre.no\/nordland\/wp-json\/wp\/v2\/comments?post=58"}],"version-history":[{"count":0,"href":"https:\/\/hoyre.no\/nordland\/wp-json\/wp\/v2\/posts\/58\/revisions"}],"wp:attachment":[{"href":"https:\/\/hoyre.no\/nordland\/wp-json\/wp\/v2\/media?parent=58"}],"wp:term":[{"taxonomy":"category","embeddable":true,"href":"https:\/\/hoyre.no\/nordland\/wp-json\/wp\/v2\/category?post=58"},{"taxonomy":"post_tag","embeddable":true,"href":"https:\/\/hoyre.no\/nordland\/wp-json\/wp\/v2\/post_tag?post=58"},{"taxonomy":"hoyre-visibility","embeddable":true,"href":"https:\/\/hoyre.no\/nordland\/wp-json\/wp\/v2\/hoyre-visibility?post=58"},{"taxonomy":"article-type","embeddable":true,"href":"https:\/\/hoyre.no\/nordland\/wp-json\/wp\/v2\/article-type?post=58"},{"taxonomy":"politician","embeddable":true,"href":"https:\/\/hoyre.no\/nordland\/wp-json\/wp\/v2\/politician?post=58"}],"curies":[{"name":"wp","href":"https:\/\/api.w.org\/{rel}","templated":true}]}}