{"id":610,"date":"2021-08-04T17:26:43","date_gmt":"2021-08-04T15:26:43","guid":{"rendered":"https:\/\/hoyre.no\/nordland\/?p=610"},"modified":"2021-08-04T17:26:43","modified_gmt":"2021-08-04T15:26:43","slug":"statsministeren-far-omvisning-pa-fiskebol","status":"publish","type":"post","link":"https:\/\/hoyre.no\/nordland\/aktuelt\/statsministeren-far-omvisning-pa-fiskebol\/","title":{"rendered":"Statsministeren f\u00e5r omvisning p\u00e5 Fiskeb\u00f8l"},"content":{"rendered":"\n<p class=\"preamble\">Juni ble det offisielt avgjort at regjeringen skal investere rundt 300 millioner kroner i et senter p\u00e5 Fiskeb\u00f8l i Vester\u00e5len for testing, \u00f8ving og teknologiutvikling for bekjempelse av akutt forurensning. Testsenteret skal etableres av Kystverket, som har ansvaret for statens beredskap mot akutt forurensning.<\/p>\t\t\t<div class=\"post-meta wp-block teft-byline-wrapper\">\n\t\t\t\t<div class=\"top\">\n\t\t\t\t\t<div class=\"signature\">\n\t\t\t\t\t\t<div class=\"teft-byline\">\n\t\t\t\t\t\t\t\t\t\t\t\t\t\t<div>\n\t\t\t\t\t\t\t\t<h3>H\u00f8yres redaksjon<\/h3>\t\t\t\t\t\t\t\t\n\t\t\t\t\t\t\t\t\t\t\t\t\t\t\t\t\t<span class=\"date\">Sist oppdatert: 4. august 2021<\/span>\n\t\t\t\t\t\t\t\t\t\t\t\t\t\t\t\t\t\t\t\t\t\t\t\t\t<span class=\"reading-time\" itemprop=\"timeRequired\" content=\"PT2M\"><em>Ca. 2 minutter lesetid<\/em><\/span>\n\t\t\t\t\t\t\t\t\t\t\t\t\t\t\t<\/div>\n\t\t\t\t\t\t<\/div>\n\t\t\t\t\t<\/div>\n\t\t\t\t\t\t<div class=\"sharing\">\n\t\t<a class=\"share-button share-link copy-link\" data-copy=\"https:\/\/hoyre.no\/nordland\/aktuelt\/statsministeren-far-omvisning-pa-fiskebol\/\" target=\"_blank\"><span class=\"screen-reader-text\">Del link<\/span><\/a>\n\t\t<a class=\"share-button share-twitter\" href=\"http:\/\/twitter.com\/share?text=Statsministeren f\u00e5r omvisning p\u00e5 Fiskeb\u00f8l&#038;url=https:\/\/hoyre.no\/nordland\/aktuelt\/statsministeren-far-omvisning-pa-fiskebol\/&#038;hashtags=Hoyre\" target=\"_blank\"><span class=\"screen-reader-text\">Del p\u00e5 twitter<\/span><\/a>\n\t\t<a class=\"share-button share-facebook\" href=\"https:\/\/www.facebook.com\/sharer\/sharer.php?u=https:\/\/hoyre.no\/nordland\/aktuelt\/statsministeren-far-omvisning-pa-fiskebol\/\" target=\"_blank\"><span class=\"screen-reader-text\">Del p\u00e5 facebook<\/span><\/a>\n\t<\/div>\n\t\t\t\t\t<\/div>\n\t\t\t<\/div>\n\n\t\t\t<figure class=\"hoyre-image-wrapper\"><div class=\"hoyre-image\"><img loading=\"lazy\" decoding=\"async\" width=\"1380\" height=\"1384\" src=\"https:\/\/hoyre.no\/content\/uploads\/sites\/9\/2021\/08\/ernasolberg2_portrett.jpg\" class=\"attachment-scaled size-scaled\" alt=\"\" style=\"object-position: 56.00000000000001% 24%\" srcset=\"https:\/\/hoyre.no\/content\/uploads\/sites\/9\/2021\/08\/ernasolberg2_portrett.jpg 1380w, https:\/\/hoyre.no\/content\/uploads\/sites\/9\/2021\/08\/ernasolberg2_portrett-300x300.jpg 300w, https:\/\/hoyre.no\/content\/uploads\/sites\/9\/2021\/08\/ernasolberg2_portrett-1021x1024.jpg 1021w, https:\/\/hoyre.no\/content\/uploads\/sites\/9\/2021\/08\/ernasolberg2_portrett-150x150.jpg 150w, https:\/\/hoyre.no\/content\/uploads\/sites\/9\/2021\/08\/ernasolberg2_portrett-768x770.jpg 768w\" sizes=\"auto, (max-width: 1380px) 100vw, 1380px\" \/><\/div><figcaption class=\"caption\">Erna Solberg bes\u00f8ker Fiskeb\u00f8l f\u00f8rstkommende fredag.<\/figcaption><\/figure>\n\n\n\n\n<p>Regjeringen er opptatt av \u00e5 styrke arbeidet med \u00e5 hindre eller redusere skade p\u00e5 naturmilj\u00f8et, s\u00e6rlig i s\u00e5rbare arktiske omr\u00e5der. Vi venter en \u00f8kning i skipstrafikk og annen aktivitet langs kysten i nord. Det er s\u00e5rbare milj\u00f8verdier i omr\u00e5dene som m\u00e5 beskyttes og senteret vil bygge opp under Havpanelets ambisjon om rene og rike hav.<\/p>\n\n\n\n<p>Senteret p\u00e5 Fiskeb\u00f8l vil benyttes til blant annet \u00e5 teste ut teknologi, pr\u00f8ve ut materiell og legge til rette for \u00f8ving for de som skal ut og rydde i utfordrende v\u00e6rforhold n\u00e5r en hendelse inntreffer.<\/p>\n\n\n\n<p>F\u00f8rstkommende fredag kommer statsministeren for \u00e5 ta omr\u00e5det n\u00e6rmere i \u00f8yesyn.<\/p>\n\n\n\n<p>&#8216;Regjeringen innfrir n\u00e5 l\u00f8ftet om \u00e5 satse p\u00e5 oljevern og marin milj\u00f8beredskap p\u00e5 Fiskeb\u00f8l, og vi er tilfredse med \u00e5 ha gitt Kystverket i oppdrag \u00e5 etablere dette senteret som vil gi Fiskeb\u00f8l og regionen Lofoten og Vester\u00e5len h\u00f8ykompetansearbeidsplasser innenfor et viktig og fremtidsrettet fagfelt&#8217;, sier Erna Solberg i en kommentar.<\/p>\n\n\n\n<p>Kystverket vil gi statsministeren en omvisning i omr\u00e5det hvor testsenteret skal bygges, og vil orientere om fremdrift og hvordan arbeidet rundt etableringen av senteret legges opp.<\/p>\n\n\n\n<p>B\u00e5rd Ludvig Thorheim, Nordland H\u00f8yres f\u00f8rstekandidat til Stortingsvalget deltar ogs\u00e5 p\u00e5 omvisningen. Det er viktig for meg \u00e5 f\u00f8lge regionens utvikling og testfasilitetene p\u00e5 Fiskeb\u00f8l har jeg hatt et forhold til og jobbet med lenge, blant annet i forbindelse med arbeidet med regjeringens nordomr\u00e5demelding, sier Thorheim.<\/p>\n\n\n\n<figure class=\"wp-block-image\"><img loading=\"lazy\" decoding=\"async\" width=\"1024\" height=\"768\" src=\"https:\/\/hoyre.no\/content\/uploads\/sites\/9\/2021\/08\/222239720_10225645035170148_1988299229954586285_n-1024x768.jpg\" alt=\"\" class=\"wp-image-612\" srcset=\"https:\/\/hoyre.no\/content\/uploads\/sites\/9\/2021\/08\/222239720_10225645035170148_1988299229954586285_n-1024x768.jpg 1024w, https:\/\/hoyre.no\/content\/uploads\/sites\/9\/2021\/08\/222239720_10225645035170148_1988299229954586285_n-300x225.jpg 300w, https:\/\/hoyre.no\/content\/uploads\/sites\/9\/2021\/08\/222239720_10225645035170148_1988299229954586285_n-768x576.jpg 768w, https:\/\/hoyre.no\/content\/uploads\/sites\/9\/2021\/08\/222239720_10225645035170148_1988299229954586285_n-1536x1152.jpg 1536w, https:\/\/hoyre.no\/content\/uploads\/sites\/9\/2021\/08\/222239720_10225645035170148_1988299229954586285_n.jpg 2048w\" sizes=\"auto, (max-width: 1024px) 100vw, 1024px\" \/><figcaption>Lena Arntzen, nestleder i Hadsel H\u00f8yre og B\u00e5rd Ludvig Thorheim, 1. kandidat til stortinget for Nordland H\u00f8yre.<\/figcaption><\/figure>\n\n\n\n<p>&#8216;Vi er veldig tilfreds med at statsministeren kommer og f\u00e5r presentert planene for testfasilitetene som skal bygges p\u00e5 Fiskeb\u00f8l og at vi f\u00e5r vist frem omr\u00e5det. Dette er jo noe vi har jobbet for, og n\u00e5 har regjeringen landet p\u00e5 en avgj\u00f8relse om st\u00f8rrelsen p\u00e5 senteret. Fiskeb\u00f8l er et n\u00e6ringsomr\u00e5de med stort potensiale og senteret blir et viktig tilskudd&#8217;, sier Lena Arntzen, stortingskandidat for Nordland H\u00f8yre og nestleder i H\u00f8yres lokalforening i Hadsel.<\/p>\n\n\n<div class=\"tags\">\n\t<\/div>\n<div class=\"post-footer alignfull has-background block-editor-block-list__block\" data-align=full>\n\t<div class=\"post-footer-inner\">\n\t\t<h3>Relaterte artikler<\/h3>\n\t\t<div class=\"related-content\"><div class=\"is-card-hoyre\">\n\t<div class=\"teft-card hoyre-teft-card post-teft-card\">\n\t\t<a href=\"https:\/\/hoyre.no\/nordland\/aktuelt\/vi-onsker-dine-innspill\/\" class=\"teft-card__primary-action\">\n\n\t\t\t\t\t<div class=\"teft-card__media teft-card__media--16-9\">\n\t\t\t\t\t\t<img loading=\"lazy\" decoding=\"async\" width=\"768\" height=\"402\" src=\"https:\/\/hoyre.no\/content\/uploads\/sites\/9\/2026\/04\/Dokument-uten-navn-09.02.2026-1-1536x804-1-768x402.png\" class=\"attachment-medium_large size-medium_large\" alt=\"\" srcset=\"https:\/\/hoyre.no\/content\/uploads\/sites\/9\/2026\/04\/Dokument-uten-navn-09.02.2026-1-1536x804-1-768x402.png 768w, https:\/\/hoyre.no\/content\/uploads\/sites\/9\/2026\/04\/Dokument-uten-navn-09.02.2026-1-1536x804-1-300x157.png 300w, https:\/\/hoyre.no\/content\/uploads\/sites\/9\/2026\/04\/Dokument-uten-navn-09.02.2026-1-1536x804-1-1024x536.png 1024w, https:\/\/hoyre.no\/content\/uploads\/sites\/9\/2026\/04\/Dokument-uten-navn-09.02.2026-1-1536x804-1.png 1536w\" sizes=\"auto, (max-width: 768px) 100vw, 768px\" \/>\t\t<\/div>\n\t\t\n\t\t\t<div class=\"teft-card__content-wrapper\">\n\t\t\t\t<div class=\"teft-card__secondary\">\n\t\t\t\t\t\n\t\t\t\t\t\t\t\t<div class=\"teft-card__meta\">\n\t\t\t\t\t\t\t\t\t<span class=\"post-date\">15. apr 2026<\/span>\n\n\t\t\t\t\t\t\t\t\t<span class=\"post-category\">Nominasjonsprosess 2027\/2031<\/span>\t\t\t\t\t\t\t\t<\/div>\n\t\t\t\t\t\t\t\t\t\t\t<\/div>\n\n\t\t\t\t<div class=\"teft-card__primary\">\n\t\t\t\t\t<h2 class=\"teft-card__title\">Vi \u00f8nsker dine innspill!&nbsp;<span class=\"teft-card__primary-title-append\"><\/span><\/h2>\t\t\t\t<\/div>\n\t\t\t<\/div>\n\t\t<\/a>\n\t<\/div>\n\n\t<\/div><div class=\"is-card-hoyre\">\n\t<div class=\"teft-card hoyre-teft-card post-teft-card\">\n\t\t<a href=\"https:\/\/hoyre.no\/nordland\/aktuelt\/sjomatnaeringen-og-prosessindustrien\/\" class=\"teft-card__primary-action\">\n\n\t\t\t<div class=\"teft-card__media teft-card__media--16-9 no-image\"><\/div>\n\t\t\t<div class=\"teft-card__content-wrapper\">\n\t\t\t\t<div class=\"teft-card__secondary\">\n\t\t\t\t\t\n\t\t\t\t\t\t\t\t<div class=\"teft-card__meta\">\n\t\t\t\t\t\t\t\t\t<span class=\"post-date\">20. nov 2025<\/span>\n\n\t\t\t\t\t\t\t\t\t<span class=\"post-category\">Fylkes\u00e5rsm\u00f8te 2025<\/span>\t\t\t\t\t\t\t\t<\/div>\n\t\t\t\t\t\t\t\t\t\t\t<\/div>\n\n\t\t\t\t<div class=\"teft-card__primary\">\n\t\t\t\t\t<h2 class=\"teft-card__title\">Sj\u00f8matn\u00e6ringen og prosessindustrien&nbsp;<span class=\"teft-card__primary-title-append\"><\/span><\/h2>\t\t\t\t<\/div>\n\t\t\t<\/div>\n\t\t<\/a>\n\t<\/div>\n\n\t<\/div><div class=\"is-card-hoyre\">\n\t<div class=\"teft-card hoyre-teft-card post-teft-card\">\n\t\t<a href=\"https:\/\/hoyre.no\/nordland\/aktuelt\/okt-satsning-pa-havforskning\/\" class=\"teft-card__primary-action\">\n\n\t\t\t<div class=\"teft-card__media teft-card__media--16-9 no-image\"><\/div>\n\t\t\t<div class=\"teft-card__content-wrapper\">\n\t\t\t\t<div class=\"teft-card__secondary\">\n\t\t\t\t\t\n\t\t\t\t\t\t\t\t<div class=\"teft-card__meta\">\n\t\t\t\t\t\t\t\t\t<span class=\"post-date\">20. nov 2025<\/span>\n\n\t\t\t\t\t\t\t\t\t<span class=\"post-category\">Fylkes\u00e5rsm\u00f8te 2025<\/span>\t\t\t\t\t\t\t\t<\/div>\n\t\t\t\t\t\t\t\t\t\t\t<\/div>\n\n\t\t\t\t<div class=\"teft-card__primary\">\n\t\t\t\t\t<h2 class=\"teft-card__title\">\u00d8kt satsning p\u00e5 havforskning&nbsp;<span class=\"teft-card__primary-title-append\"><\/span><\/h2>\t\t\t\t<\/div>\n\t\t\t<\/div>\n\t\t<\/a>\n\t<\/div>\n\n\t<\/div><\/div>\t<\/div>\n<\/div>\n","protected":false},"excerpt":{"rendered":"","protected":false},"author":448,"featured_media":0,"comment_status":"closed","ping_status":"closed","sticky":false,"template":"","format":"standard","meta":{"teft_cards_image_url":"","teft_cards_custom_pretitle":"","teft_cards_image_id":611,"teft_cards_image_focal_point_x":0.5,"teft_cards_image_focal_point_y":0.5,"teft_cards_title":"","teft_cards_excerpt":"","teft_show_chapters":false,"author_display_name":"","footnotes":""},"category":[1],"post_tag":[],"hoyre-visibility":[],"article-type":[],"politician":[],"class_list":["post-610","post","type-post","status-publish","format-standard","hentry","category-ukategorisert"],"yoast_head":"<!-- This site is optimized with the Yoast SEO plugin v26.6 - https:\/\/yoast.com\/wordpress\/plugins\/seo\/ -->\n<title>Statsministeren f\u00e5r omvisning p\u00e5 Fiskeb\u00f8l - Nordland H\u00f8yre<\/title>\n<meta name=\"robots\" content=\"index, follow, max-snippet:-1, max-image-preview:large, max-video-preview:-1\" \/>\n<link rel=\"canonical\" href=\"https:\/\/hoyre.no\/nordland\/aktuelt\/statsministeren-far-omvisning-pa-fiskebol\/\" \/>\n<meta property=\"og:locale\" content=\"nb_NO\" \/>\n<meta property=\"og:type\" content=\"article\" \/>\n<meta property=\"og:title\" content=\"Statsministeren f\u00e5r omvisning p\u00e5 Fiskeb\u00f8l - Nordland H\u00f8yre\" \/>\n<meta property=\"og:url\" content=\"https:\/\/hoyre.no\/nordland\/aktuelt\/statsministeren-far-omvisning-pa-fiskebol\/\" \/>\n<meta property=\"og:site_name\" content=\"Nordland H\u00f8yre\" \/>\n<meta property=\"article:published_time\" content=\"2021-08-04T15:26:43+00:00\" \/>\n<meta property=\"og:image\" content=\"https:\/\/hoyre.no\/content\/uploads\/sites\/9\/2021\/08\/222239720_10225645035170148_1988299229954586285_n-1024x768.jpg\" \/>\n<meta name=\"author\" content=\"Joakim Sennesvik\" \/>\n<meta name=\"twitter:card\" content=\"summary_large_image\" \/>\n<meta name=\"twitter:label1\" content=\"Skrevet av\" \/>\n\t<meta name=\"twitter:data1\" content=\"Joakim Sennesvik\" \/>\n\t<meta name=\"twitter:label2\" content=\"Ansl. lesetid\" \/>\n\t<meta name=\"twitter:data2\" content=\"2 minutter\" \/>\n<script type=\"application\/ld+json\" class=\"yoast-schema-graph\">{\"@context\":\"https:\/\/schema.org\",\"@graph\":[{\"@type\":\"NewsArticle\",\"@id\":\"https:\/\/hoyre.no\/nordland\/aktuelt\/statsministeren-far-omvisning-pa-fiskebol\/\",\"url\":\"https:\/\/hoyre.no\/nordland\/aktuelt\/statsministeren-far-omvisning-pa-fiskebol\/\",\"name\":\"Statsministeren f\u00e5r omvisning p\u00e5 Fiskeb\u00f8l - Nordland H\u00f8yre\",\"isPartOf\":{\"@id\":\"https:\/\/hoyre.no\/nordland\/#website\"},\"image\":{\"@id\":\"https:\/\/hoyre.no\/nordland\/aktuelt\/statsministeren-far-omvisning-pa-fiskebol\/#primaryimage\"},\"thumbnailUrl\":\"https:\/\/hoyre.no\/content\/uploads\/sites\/9\/2021\/08\/222239720_10225645035170148_1988299229954586285_n-1024x768.jpg\",\"datePublished\":\"2021-08-04T15:26:43+00:00\",\"author\":{\"@id\":\"https:\/\/hoyre.no\/nordland\/#\/schema\/person\/1f8e1c4403c3915de592a4f085e90dff\"},\"breadcrumb\":{\"@id\":\"https:\/\/hoyre.no\/nordland\/aktuelt\/statsministeren-far-omvisning-pa-fiskebol\/#breadcrumb\"},\"inLanguage\":\"nb-NO\",\"potentialAction\":[{\"@type\":\"ReadAction\",\"target\":[\"https:\/\/hoyre.no\/nordland\/aktuelt\/statsministeren-far-omvisning-pa-fiskebol\/\"]}]},{\"@type\":\"ImageObject\",\"inLanguage\":\"nb-NO\",\"@id\":\"https:\/\/hoyre.no\/nordland\/aktuelt\/statsministeren-far-omvisning-pa-fiskebol\/#primaryimage\",\"url\":\"https:\/\/hoyre.no\/content\/uploads\/sites\/9\/2021\/08\/222239720_10225645035170148_1988299229954586285_n-1024x768.jpg\",\"contentUrl\":\"https:\/\/hoyre.no\/content\/uploads\/sites\/9\/2021\/08\/222239720_10225645035170148_1988299229954586285_n-1024x768.jpg\"},{\"@type\":\"BreadcrumbList\",\"@id\":\"https:\/\/hoyre.no\/nordland\/aktuelt\/statsministeren-far-omvisning-pa-fiskebol\/#breadcrumb\",\"itemListElement\":[{\"@type\":\"ListItem\",\"position\":1,\"name\":\"Til hoyre.no\",\"item\":\"https:\/\/hoyre.no\"},{\"@type\":\"ListItem\",\"position\":2,\"name\":\"Hjem\",\"item\":\"https:\/\/hoyre.no\/nordland\/\"},{\"@type\":\"ListItem\",\"position\":3,\"name\":\"Statsministeren f\u00e5r omvisning p\u00e5 Fiskeb\u00f8l\"}]},{\"@type\":\"WebSite\",\"@id\":\"https:\/\/hoyre.no\/nordland\/#website\",\"url\":\"https:\/\/hoyre.no\/nordland\/\",\"name\":\"Nordland H\u00f8yre\",\"description\":\"Bare enda et H\u00f8yres nettsteder-nettsted\",\"inLanguage\":\"nb-NO\"},{\"@type\":\"Person\",\"@id\":\"https:\/\/hoyre.no\/nordland\/#\/schema\/person\/1f8e1c4403c3915de592a4f085e90dff\",\"name\":\"Joakim Sennesvik\",\"image\":{\"@type\":\"ImageObject\",\"inLanguage\":\"nb-NO\",\"@id\":\"https:\/\/hoyre.no\/nordland\/#\/schema\/person\/image\/\",\"url\":\"https:\/\/secure.gravatar.com\/avatar\/bf9cc3e7e5afe2762e5d04cd2ea7347c8b706349c8d253bbf60dd51ba58ec51b?s=96&d=mm&r=g\",\"contentUrl\":\"https:\/\/secure.gravatar.com\/avatar\/bf9cc3e7e5afe2762e5d04cd2ea7347c8b706349c8d253bbf60dd51ba58ec51b?s=96&d=mm&r=g\",\"caption\":\"Joakim Sennesvik\"},\"url\":\"https:\/\/hoyre.no\/nordland\/aktuelt\/author\/m50416700\/\"}]}<\/script>\n<!-- \/ Yoast SEO plugin. -->","yoast_head_json":{"title":"Statsministeren f\u00e5r omvisning p\u00e5 Fiskeb\u00f8l - Nordland H\u00f8yre","robots":{"index":"index","follow":"follow","max-snippet":"max-snippet:-1","max-image-preview":"max-image-preview:large","max-video-preview":"max-video-preview:-1"},"canonical":"https:\/\/hoyre.no\/nordland\/aktuelt\/statsministeren-far-omvisning-pa-fiskebol\/","og_locale":"nb_NO","og_type":"article","og_title":"Statsministeren f\u00e5r omvisning p\u00e5 Fiskeb\u00f8l - Nordland H\u00f8yre","og_url":"https:\/\/hoyre.no\/nordland\/aktuelt\/statsministeren-far-omvisning-pa-fiskebol\/","og_site_name":"Nordland H\u00f8yre","article_published_time":"2021-08-04T15:26:43+00:00","og_image":[{"url":"https:\/\/hoyre.no\/content\/uploads\/sites\/9\/2021\/08\/222239720_10225645035170148_1988299229954586285_n-1024x768.jpg","type":"","width":"","height":""}],"author":"Joakim Sennesvik","twitter_card":"summary_large_image","twitter_misc":{"Skrevet av":"Joakim Sennesvik","Ansl. lesetid":"2 minutter"},"schema":{"@context":"https:\/\/schema.org","@graph":[{"@type":"NewsArticle","@id":"https:\/\/hoyre.no\/nordland\/aktuelt\/statsministeren-far-omvisning-pa-fiskebol\/","url":"https:\/\/hoyre.no\/nordland\/aktuelt\/statsministeren-far-omvisning-pa-fiskebol\/","name":"Statsministeren f\u00e5r omvisning p\u00e5 Fiskeb\u00f8l - Nordland H\u00f8yre","isPartOf":{"@id":"https:\/\/hoyre.no\/nordland\/#website"},"image":{"@id":"https:\/\/hoyre.no\/nordland\/aktuelt\/statsministeren-far-omvisning-pa-fiskebol\/#primaryimage"},"thumbnailUrl":"https:\/\/hoyre.no\/content\/uploads\/sites\/9\/2021\/08\/222239720_10225645035170148_1988299229954586285_n-1024x768.jpg","datePublished":"2021-08-04T15:26:43+00:00","author":{"@id":"https:\/\/hoyre.no\/nordland\/#\/schema\/person\/1f8e1c4403c3915de592a4f085e90dff"},"breadcrumb":{"@id":"https:\/\/hoyre.no\/nordland\/aktuelt\/statsministeren-far-omvisning-pa-fiskebol\/#breadcrumb"},"inLanguage":"nb-NO","potentialAction":[{"@type":"ReadAction","target":["https:\/\/hoyre.no\/nordland\/aktuelt\/statsministeren-far-omvisning-pa-fiskebol\/"]}]},{"@type":"ImageObject","inLanguage":"nb-NO","@id":"https:\/\/hoyre.no\/nordland\/aktuelt\/statsministeren-far-omvisning-pa-fiskebol\/#primaryimage","url":"https:\/\/hoyre.no\/content\/uploads\/sites\/9\/2021\/08\/222239720_10225645035170148_1988299229954586285_n-1024x768.jpg","contentUrl":"https:\/\/hoyre.no\/content\/uploads\/sites\/9\/2021\/08\/222239720_10225645035170148_1988299229954586285_n-1024x768.jpg"},{"@type":"BreadcrumbList","@id":"https:\/\/hoyre.no\/nordland\/aktuelt\/statsministeren-far-omvisning-pa-fiskebol\/#breadcrumb","itemListElement":[{"@type":"ListItem","position":1,"name":"Til hoyre.no","item":"https:\/\/hoyre.no"},{"@type":"ListItem","position":2,"name":"Hjem","item":"https:\/\/hoyre.no\/nordland\/"},{"@type":"ListItem","position":3,"name":"Statsministeren f\u00e5r omvisning p\u00e5 Fiskeb\u00f8l"}]},{"@type":"WebSite","@id":"https:\/\/hoyre.no\/nordland\/#website","url":"https:\/\/hoyre.no\/nordland\/","name":"Nordland H\u00f8yre","description":"Bare enda et H\u00f8yres nettsteder-nettsted","inLanguage":"nb-NO"},{"@type":"Person","@id":"https:\/\/hoyre.no\/nordland\/#\/schema\/person\/1f8e1c4403c3915de592a4f085e90dff","name":"Joakim Sennesvik","image":{"@type":"ImageObject","inLanguage":"nb-NO","@id":"https:\/\/hoyre.no\/nordland\/#\/schema\/person\/image\/","url":"https:\/\/secure.gravatar.com\/avatar\/bf9cc3e7e5afe2762e5d04cd2ea7347c8b706349c8d253bbf60dd51ba58ec51b?s=96&d=mm&r=g","contentUrl":"https:\/\/secure.gravatar.com\/avatar\/bf9cc3e7e5afe2762e5d04cd2ea7347c8b706349c8d253bbf60dd51ba58ec51b?s=96&d=mm&r=g","caption":"Joakim Sennesvik"},"url":"https:\/\/hoyre.no\/nordland\/aktuelt\/author\/m50416700\/"}]}},"distributor_meta":false,"distributor_terms":false,"distributor_media":false,"distributor_original_site_name":"Nordland H\u00f8yre","distributor_original_site_url":"https:\/\/hoyre.no\/nordland","push-errors":false,"_links":{"self":[{"href":"https:\/\/hoyre.no\/nordland\/wp-json\/wp\/v2\/posts\/610","targetHints":{"allow":["GET"]}}],"collection":[{"href":"https:\/\/hoyre.no\/nordland\/wp-json\/wp\/v2\/posts"}],"about":[{"href":"https:\/\/hoyre.no\/nordland\/wp-json\/wp\/v2\/types\/post"}],"author":[{"embeddable":true,"href":"https:\/\/hoyre.no\/nordland\/wp-json\/wp\/v2\/users\/448"}],"replies":[{"embeddable":true,"href":"https:\/\/hoyre.no\/nordland\/wp-json\/wp\/v2\/comments?post=610"}],"version-history":[{"count":1,"href":"https:\/\/hoyre.no\/nordland\/wp-json\/wp\/v2\/posts\/610\/revisions"}],"predecessor-version":[{"id":613,"href":"https:\/\/hoyre.no\/nordland\/wp-json\/wp\/v2\/posts\/610\/revisions\/613"}],"wp:attachment":[{"href":"https:\/\/hoyre.no\/nordland\/wp-json\/wp\/v2\/media?parent=610"}],"wp:term":[{"taxonomy":"category","embeddable":true,"href":"https:\/\/hoyre.no\/nordland\/wp-json\/wp\/v2\/category?post=610"},{"taxonomy":"post_tag","embeddable":true,"href":"https:\/\/hoyre.no\/nordland\/wp-json\/wp\/v2\/post_tag?post=610"},{"taxonomy":"hoyre-visibility","embeddable":true,"href":"https:\/\/hoyre.no\/nordland\/wp-json\/wp\/v2\/hoyre-visibility?post=610"},{"taxonomy":"article-type","embeddable":true,"href":"https:\/\/hoyre.no\/nordland\/wp-json\/wp\/v2\/article-type?post=610"},{"taxonomy":"politician","embeddable":true,"href":"https:\/\/hoyre.no\/nordland\/wp-json\/wp\/v2\/politician?post=610"}],"curies":[{"name":"wp","href":"https:\/\/api.w.org\/{rel}","templated":true}]}}