{"id":647,"date":"2021-11-11T14:49:40","date_gmt":"2021-11-11T13:49:40","guid":{"rendered":"https:\/\/hoyre.no\/nordland\/?p=647"},"modified":"2021-11-11T14:49:40","modified_gmt":"2021-11-11T13:49:40","slug":"fiskerihavner-i-nordland-ma-prioriteres","status":"publish","type":"post","link":"https:\/\/hoyre.no\/nordland\/aktuelt\/fiskerihavner-i-nordland-ma-prioriteres\/","title":{"rendered":"Fiskerihavner i Nordland m\u00e5 prioriteres"},"content":{"rendered":"\n<p class=\"preamble\">Resolusjon vedtatt av Nordland H\u00f8yres fylkes\u00e5rsm\u00f8te 6.-7. november 2021.<\/p>\t\t\t<div class=\"post-meta wp-block teft-byline-wrapper\">\n\t\t\t\t<div class=\"top\">\n\t\t\t\t\t<div class=\"signature\">\n\t\t\t\t\t\t<div class=\"teft-byline\">\n\t\t\t\t\t\t\t\t\t\t\t\t\t\t<div>\n\t\t\t\t\t\t\t\t<h3>H\u00f8yres redaksjon<\/h3>\t\t\t\t\t\t\t\t\n\t\t\t\t\t\t\t\t\t\t\t\t\t\t\t\t\t<span class=\"date\">Sist oppdatert: 11. november 2021<\/span>\n\t\t\t\t\t\t\t\t\t\t\t\t\t\t\t\t\t\t\t\t\t\t\t\t\t<span class=\"reading-time\" itemprop=\"timeRequired\" content=\"PT2M\"><em>Ca. 2 minutter lesetid<\/em><\/span>\n\t\t\t\t\t\t\t\t\t\t\t\t\t\t\t<\/div>\n\t\t\t\t\t\t<\/div>\n\t\t\t\t\t<\/div>\n\t\t\t\t\t\t<div class=\"sharing\">\n\t\t<a class=\"share-button share-link copy-link\" data-copy=\"https:\/\/hoyre.no\/nordland\/aktuelt\/fiskerihavner-i-nordland-ma-prioriteres\/\" target=\"_blank\"><span class=\"screen-reader-text\">Del link<\/span><\/a>\n\t\t<a class=\"share-button share-twitter\" href=\"http:\/\/twitter.com\/share?text=Fiskerihavner i Nordland m\u00e5 prioriteres&#038;url=https:\/\/hoyre.no\/nordland\/aktuelt\/fiskerihavner-i-nordland-ma-prioriteres\/&#038;hashtags=Hoyre\" target=\"_blank\"><span class=\"screen-reader-text\">Del p\u00e5 twitter<\/span><\/a>\n\t\t<a class=\"share-button share-facebook\" href=\"https:\/\/www.facebook.com\/sharer\/sharer.php?u=https:\/\/hoyre.no\/nordland\/aktuelt\/fiskerihavner-i-nordland-ma-prioriteres\/\" target=\"_blank\"><span class=\"screen-reader-text\">Del p\u00e5 facebook<\/span><\/a>\n\t<\/div>\n\t\t\t\t\t<\/div>\n\t\t\t<\/div>\n\n\t\t\t<figure class=\"hoyre-image-wrapper\"><div class=\"hoyre-image\"><img loading=\"lazy\" decoding=\"async\" width=\"2500\" height=\"1673\" src=\"https:\/\/hoyre.no\/content\/uploads\/sites\/9\/2021\/11\/lofoten_2017_A_106-1-scaled.jpg\" class=\"attachment-scaled size-scaled\" alt=\"\" style=\"object-position: 50% 50%\" srcset=\"https:\/\/hoyre.no\/content\/uploads\/sites\/9\/2021\/11\/lofoten_2017_A_106-1-scaled.jpg 2500w, https:\/\/hoyre.no\/content\/uploads\/sites\/9\/2021\/11\/lofoten_2017_A_106-1-300x201.jpg 300w, https:\/\/hoyre.no\/content\/uploads\/sites\/9\/2021\/11\/lofoten_2017_A_106-1-1024x685.jpg 1024w, https:\/\/hoyre.no\/content\/uploads\/sites\/9\/2021\/11\/lofoten_2017_A_106-1-768x514.jpg 768w, https:\/\/hoyre.no\/content\/uploads\/sites\/9\/2021\/11\/lofoten_2017_A_106-1-1536x1028.jpg 1536w, https:\/\/hoyre.no\/content\/uploads\/sites\/9\/2021\/11\/lofoten_2017_A_106-1-2048x1370.jpg 2048w\" sizes=\"auto, (max-width: 2500px) 100vw, 2500px\" \/><\/div><\/figure>\n\n\n\n\n<p>Fiskerihavnenes betydning for sj\u00f8matn\u00e6ringen og kystsamfunnene er stor. Havnene knytter aktiviteten p\u00e5 sj\u00f8 og land sammen og de offentlige fiskerihavnene er en kritisk viktig infrastruktur for n\u00e6ringsut\u00f8velse. De gir n\u00e6ringsadgang og er samferdselsinfrastruktur tilsvarende offentlig tilgjengelig vegnett, flyplasser, jernbane og telenett.<\/p>\n\n\n\n<p>Overtakelse av fiskerihavner som nytt ansvarsomr\u00e5de utfordrer fylkeskommunen til \u00e5 prioritere tiltak p\u00e5 en slik m\u00e5te at de b\u00e5de styrker samfunn med et vekstpotensial, men ogs\u00e5 favner bredt og gagner flest mulig. Tidligere har utvikling av havner, moloer og mudring v\u00e6rt finansiert av Kystverket. De siste \u00e5rene er dette arbeidet stoppet opp da ansvar og finansiering ikke er avklart.<\/p>\n\n\n\n<p>Innseilingsforholdene og farleden til V\u00e6r\u00f8y er av en slik karakter at den ansees for \u00e5 v\u00e6re forbundet med h\u00f8y risiko. En rekke fart\u00f8y har grunnst\u00f8tt Ifm. innseilingen med den f\u00f8lge at V\u00e6r\u00f8y n\u00e5 er i ferd med \u00e5 miste en rekke anl\u00f8p med helt n\u00f8dvendig leveranse av r\u00e5stoff til industrien i kommunen. En av landets st\u00f8rste og viktigste fiskerikommuner er havnet i en akutt vanskelig situasjon.<\/p>\n\n\n\n<p>Solberg-regjeringen prioriterte i Nasjonal transportplan V\u00e6r\u00f8y og R\u00f8st havn i f\u00f8rste periode, i tillegg til Andenes havn i Vester\u00e5len. I Kystverkets planer viser det seg n\u00e5 at utbedringen av V\u00e6r\u00f8y havn ikke er tenkt p\u00e5begynt f\u00f8r 2026. Nylig grunnst\u00f8tte nok et fart\u00f8y ved innseilingen til V\u00e6r\u00f8y. Pga h\u00f8y risiko for b\u00e5ter og mannskap ifm. innseilingen til V\u00e6r\u00f8y er n\u00e6ringsliv og kommunen havnet i en akutt vanskelig situasjon.<\/p>\n\n\n\n<p>Ved at flere fart\u00f8yer n\u00e5 ser seg n\u00f8dt til \u00e5 seile forbi V\u00e6r\u00f8y g\u00e5r \u00f8ysamfunnet glipp av store mengder r\u00e5stoff som er basis for det meste av aktiviteten i fiskerikommunen. Store investeringer i nye foredlingsanlegg er satt p\u00e5 vent. \u00d8ysamfunnet st\u00e5r for en verdiskapning pr innbygger som ligger helt i landstoppen. Situasjonen tilsier og krever omg\u00e5ende politisk handling, f\u00f8r de praktiske og \u00f8konomiske konsekvenser gir varige skader for V\u00e6r\u00f8y. Derfor er det en forventning i kommunen at det tas grep n\u00e5 og at en oppstartsbevilgning kommer p\u00e5 plass senest i revidert nasjonalbudsjett for 2022. Ved utbedring av fiskerihavnene m\u00e5 det legges godt til rette for landstr\u00f8m. Fiskerihavnene p\u00e5 V\u00e6r\u00f8y, R\u00f8st og Ballstad i Lofoten, og Andenes i Vester\u00e5len er grunnsteiner i Nordlands kystsamfunn og verdiskaping. Havneutbyggingene vil styrke sj\u00f8matfylket Nordland.<\/p>\n\n\n\n<p>Nordland h\u00f8yre vil<br>\u2022 At fiskerihavnene i Nordland gis vedlikehold- og oppstartsbevilgninger allerede i 2022\/23.<\/p>\n\n\n<div class=\"tags\">\n\t<\/div>\n<div class=\"post-footer alignfull has-background block-editor-block-list__block\" data-align=full>\n\t<div class=\"post-footer-inner\">\n\t\t<h3>Relaterte artikler<\/h3>\n\t\t<div class=\"related-content\"><div class=\"is-card-hoyre\">\n\t<div class=\"teft-card hoyre-teft-card post-teft-card\">\n\t\t<a href=\"https:\/\/hoyre.no\/nordland\/aktuelt\/vi-onsker-dine-innspill\/\" class=\"teft-card__primary-action\">\n\n\t\t\t\t\t<div class=\"teft-card__media teft-card__media--16-9\">\n\t\t\t\t\t\t<img loading=\"lazy\" decoding=\"async\" width=\"768\" height=\"402\" src=\"https:\/\/hoyre.no\/content\/uploads\/sites\/9\/2026\/04\/Dokument-uten-navn-09.02.2026-1-1536x804-1-768x402.png\" class=\"attachment-medium_large size-medium_large\" alt=\"\" srcset=\"https:\/\/hoyre.no\/content\/uploads\/sites\/9\/2026\/04\/Dokument-uten-navn-09.02.2026-1-1536x804-1-768x402.png 768w, https:\/\/hoyre.no\/content\/uploads\/sites\/9\/2026\/04\/Dokument-uten-navn-09.02.2026-1-1536x804-1-300x157.png 300w, https:\/\/hoyre.no\/content\/uploads\/sites\/9\/2026\/04\/Dokument-uten-navn-09.02.2026-1-1536x804-1-1024x536.png 1024w, https:\/\/hoyre.no\/content\/uploads\/sites\/9\/2026\/04\/Dokument-uten-navn-09.02.2026-1-1536x804-1.png 1536w\" sizes=\"auto, (max-width: 768px) 100vw, 768px\" \/>\t\t<\/div>\n\t\t\n\t\t\t<div class=\"teft-card__content-wrapper\">\n\t\t\t\t<div class=\"teft-card__secondary\">\n\t\t\t\t\t\n\t\t\t\t\t\t\t\t<div class=\"teft-card__meta\">\n\t\t\t\t\t\t\t\t\t<span class=\"post-date\">15. apr 2026<\/span>\n\n\t\t\t\t\t\t\t\t\t<span class=\"post-category\">Nominasjonsprosess 2027\/2031<\/span>\t\t\t\t\t\t\t\t<\/div>\n\t\t\t\t\t\t\t\t\t\t\t<\/div>\n\n\t\t\t\t<div class=\"teft-card__primary\">\n\t\t\t\t\t<h2 class=\"teft-card__title\">Vi \u00f8nsker dine innspill!&nbsp;<span class=\"teft-card__primary-title-append\"><\/span><\/h2>\t\t\t\t<\/div>\n\t\t\t<\/div>\n\t\t<\/a>\n\t<\/div>\n\n\t<\/div><div class=\"is-card-hoyre\">\n\t<div class=\"teft-card hoyre-teft-card post-teft-card\">\n\t\t<a href=\"https:\/\/hoyre.no\/nordland\/aktuelt\/sjomatnaeringen-og-prosessindustrien\/\" class=\"teft-card__primary-action\">\n\n\t\t\t<div class=\"teft-card__media teft-card__media--16-9 no-image\"><\/div>\n\t\t\t<div class=\"teft-card__content-wrapper\">\n\t\t\t\t<div class=\"teft-card__secondary\">\n\t\t\t\t\t\n\t\t\t\t\t\t\t\t<div class=\"teft-card__meta\">\n\t\t\t\t\t\t\t\t\t<span class=\"post-date\">20. nov 2025<\/span>\n\n\t\t\t\t\t\t\t\t\t<span class=\"post-category\">Fylkes\u00e5rsm\u00f8te 2025<\/span>\t\t\t\t\t\t\t\t<\/div>\n\t\t\t\t\t\t\t\t\t\t\t<\/div>\n\n\t\t\t\t<div class=\"teft-card__primary\">\n\t\t\t\t\t<h2 class=\"teft-card__title\">Sj\u00f8matn\u00e6ringen og prosessindustrien&nbsp;<span class=\"teft-card__primary-title-append\"><\/span><\/h2>\t\t\t\t<\/div>\n\t\t\t<\/div>\n\t\t<\/a>\n\t<\/div>\n\n\t<\/div><div class=\"is-card-hoyre\">\n\t<div class=\"teft-card hoyre-teft-card post-teft-card\">\n\t\t<a href=\"https:\/\/hoyre.no\/nordland\/aktuelt\/okt-satsning-pa-havforskning\/\" class=\"teft-card__primary-action\">\n\n\t\t\t<div class=\"teft-card__media teft-card__media--16-9 no-image\"><\/div>\n\t\t\t<div class=\"teft-card__content-wrapper\">\n\t\t\t\t<div class=\"teft-card__secondary\">\n\t\t\t\t\t\n\t\t\t\t\t\t\t\t<div class=\"teft-card__meta\">\n\t\t\t\t\t\t\t\t\t<span class=\"post-date\">20. nov 2025<\/span>\n\n\t\t\t\t\t\t\t\t\t<span class=\"post-category\">Fylkes\u00e5rsm\u00f8te 2025<\/span>\t\t\t\t\t\t\t\t<\/div>\n\t\t\t\t\t\t\t\t\t\t\t<\/div>\n\n\t\t\t\t<div class=\"teft-card__primary\">\n\t\t\t\t\t<h2 class=\"teft-card__title\">\u00d8kt satsning p\u00e5 havforskning&nbsp;<span class=\"teft-card__primary-title-append\"><\/span><\/h2>\t\t\t\t<\/div>\n\t\t\t<\/div>\n\t\t<\/a>\n\t<\/div>\n\n\t<\/div><\/div>\t<\/div>\n<\/div>\n","protected":false},"excerpt":{"rendered":"","protected":false},"author":448,"featured_media":0,"comment_status":"closed","ping_status":"closed","sticky":false,"template":"","format":"standard","meta":{"teft_cards_image_url":"","teft_cards_custom_pretitle":"","teft_cards_image_id":648,"teft_cards_image_focal_point_x":0.5,"teft_cards_image_focal_point_y":0.5,"teft_cards_title":"","teft_cards_excerpt":"","teft_show_chapters":false,"author_display_name":"","footnotes":""},"category":[1],"post_tag":[],"hoyre-visibility":[],"article-type":[],"politician":[],"class_list":["post-647","post","type-post","status-publish","format-standard","hentry","category-ukategorisert"],"yoast_head":"<!-- This site is optimized with the Yoast SEO plugin v26.6 - https:\/\/yoast.com\/wordpress\/plugins\/seo\/ -->\n<title>Fiskerihavner i Nordland m\u00e5 prioriteres - Nordland H\u00f8yre<\/title>\n<meta name=\"robots\" content=\"index, follow, max-snippet:-1, max-image-preview:large, max-video-preview:-1\" \/>\n<link rel=\"canonical\" href=\"https:\/\/hoyre.no\/nordland\/aktuelt\/fiskerihavner-i-nordland-ma-prioriteres\/\" \/>\n<meta property=\"og:locale\" content=\"nb_NO\" \/>\n<meta property=\"og:type\" content=\"article\" \/>\n<meta property=\"og:title\" content=\"Fiskerihavner i Nordland m\u00e5 prioriteres - Nordland H\u00f8yre\" \/>\n<meta property=\"og:url\" content=\"https:\/\/hoyre.no\/nordland\/aktuelt\/fiskerihavner-i-nordland-ma-prioriteres\/\" \/>\n<meta property=\"og:site_name\" content=\"Nordland H\u00f8yre\" \/>\n<meta property=\"article:published_time\" content=\"2021-11-11T13:49:40+00:00\" \/>\n<meta property=\"og:image\" content=\"https:\/\/hoyre.no\/content\/uploads\/sites\/9\/2022\/11\/Hoyres-logo.png\" \/>\n\t<meta property=\"og:image:width\" content=\"1000\" \/>\n\t<meta property=\"og:image:height\" content=\"1000\" \/>\n\t<meta property=\"og:image:type\" content=\"image\/png\" \/>\n<meta name=\"author\" content=\"Joakim Sennesvik\" \/>\n<meta name=\"twitter:card\" content=\"summary_large_image\" \/>\n<meta name=\"twitter:label1\" content=\"Skrevet av\" \/>\n\t<meta name=\"twitter:data1\" content=\"Joakim Sennesvik\" \/>\n\t<meta name=\"twitter:label2\" content=\"Ansl. lesetid\" \/>\n\t<meta name=\"twitter:data2\" content=\"2 minutter\" \/>\n<script type=\"application\/ld+json\" class=\"yoast-schema-graph\">{\"@context\":\"https:\/\/schema.org\",\"@graph\":[{\"@type\":\"NewsArticle\",\"@id\":\"https:\/\/hoyre.no\/nordland\/aktuelt\/fiskerihavner-i-nordland-ma-prioriteres\/\",\"url\":\"https:\/\/hoyre.no\/nordland\/aktuelt\/fiskerihavner-i-nordland-ma-prioriteres\/\",\"name\":\"Fiskerihavner i Nordland m\u00e5 prioriteres - Nordland H\u00f8yre\",\"isPartOf\":{\"@id\":\"https:\/\/hoyre.no\/nordland\/#website\"},\"datePublished\":\"2021-11-11T13:49:40+00:00\",\"author\":{\"@id\":\"https:\/\/hoyre.no\/nordland\/#\/schema\/person\/1f8e1c4403c3915de592a4f085e90dff\"},\"breadcrumb\":{\"@id\":\"https:\/\/hoyre.no\/nordland\/aktuelt\/fiskerihavner-i-nordland-ma-prioriteres\/#breadcrumb\"},\"inLanguage\":\"nb-NO\",\"potentialAction\":[{\"@type\":\"ReadAction\",\"target\":[\"https:\/\/hoyre.no\/nordland\/aktuelt\/fiskerihavner-i-nordland-ma-prioriteres\/\"]}]},{\"@type\":\"BreadcrumbList\",\"@id\":\"https:\/\/hoyre.no\/nordland\/aktuelt\/fiskerihavner-i-nordland-ma-prioriteres\/#breadcrumb\",\"itemListElement\":[{\"@type\":\"ListItem\",\"position\":1,\"name\":\"Til hoyre.no\",\"item\":\"https:\/\/hoyre.no\"},{\"@type\":\"ListItem\",\"position\":2,\"name\":\"Hjem\",\"item\":\"https:\/\/hoyre.no\/nordland\/\"},{\"@type\":\"ListItem\",\"position\":3,\"name\":\"Fiskerihavner i Nordland m\u00e5 prioriteres\"}]},{\"@type\":\"WebSite\",\"@id\":\"https:\/\/hoyre.no\/nordland\/#website\",\"url\":\"https:\/\/hoyre.no\/nordland\/\",\"name\":\"Nordland H\u00f8yre\",\"description\":\"Bare enda et H\u00f8yres nettsteder-nettsted\",\"inLanguage\":\"nb-NO\"},{\"@type\":\"Person\",\"@id\":\"https:\/\/hoyre.no\/nordland\/#\/schema\/person\/1f8e1c4403c3915de592a4f085e90dff\",\"name\":\"Joakim Sennesvik\",\"image\":{\"@type\":\"ImageObject\",\"inLanguage\":\"nb-NO\",\"@id\":\"https:\/\/hoyre.no\/nordland\/#\/schema\/person\/image\/\",\"url\":\"https:\/\/secure.gravatar.com\/avatar\/bf9cc3e7e5afe2762e5d04cd2ea7347c8b706349c8d253bbf60dd51ba58ec51b?s=96&d=mm&r=g\",\"contentUrl\":\"https:\/\/secure.gravatar.com\/avatar\/bf9cc3e7e5afe2762e5d04cd2ea7347c8b706349c8d253bbf60dd51ba58ec51b?s=96&d=mm&r=g\",\"caption\":\"Joakim Sennesvik\"},\"url\":\"https:\/\/hoyre.no\/nordland\/aktuelt\/author\/m50416700\/\"}]}<\/script>\n<!-- \/ Yoast SEO plugin. -->","yoast_head_json":{"title":"Fiskerihavner i Nordland m\u00e5 prioriteres - Nordland H\u00f8yre","robots":{"index":"index","follow":"follow","max-snippet":"max-snippet:-1","max-image-preview":"max-image-preview:large","max-video-preview":"max-video-preview:-1"},"canonical":"https:\/\/hoyre.no\/nordland\/aktuelt\/fiskerihavner-i-nordland-ma-prioriteres\/","og_locale":"nb_NO","og_type":"article","og_title":"Fiskerihavner i Nordland m\u00e5 prioriteres - Nordland H\u00f8yre","og_url":"https:\/\/hoyre.no\/nordland\/aktuelt\/fiskerihavner-i-nordland-ma-prioriteres\/","og_site_name":"Nordland H\u00f8yre","article_published_time":"2021-11-11T13:49:40+00:00","og_image":[{"width":1000,"height":1000,"url":"https:\/\/hoyre.no\/content\/uploads\/sites\/9\/2022\/11\/Hoyres-logo.png","type":"image\/png"}],"author":"Joakim Sennesvik","twitter_card":"summary_large_image","twitter_misc":{"Skrevet av":"Joakim Sennesvik","Ansl. lesetid":"2 minutter"},"schema":{"@context":"https:\/\/schema.org","@graph":[{"@type":"NewsArticle","@id":"https:\/\/hoyre.no\/nordland\/aktuelt\/fiskerihavner-i-nordland-ma-prioriteres\/","url":"https:\/\/hoyre.no\/nordland\/aktuelt\/fiskerihavner-i-nordland-ma-prioriteres\/","name":"Fiskerihavner i Nordland m\u00e5 prioriteres - Nordland H\u00f8yre","isPartOf":{"@id":"https:\/\/hoyre.no\/nordland\/#website"},"datePublished":"2021-11-11T13:49:40+00:00","author":{"@id":"https:\/\/hoyre.no\/nordland\/#\/schema\/person\/1f8e1c4403c3915de592a4f085e90dff"},"breadcrumb":{"@id":"https:\/\/hoyre.no\/nordland\/aktuelt\/fiskerihavner-i-nordland-ma-prioriteres\/#breadcrumb"},"inLanguage":"nb-NO","potentialAction":[{"@type":"ReadAction","target":["https:\/\/hoyre.no\/nordland\/aktuelt\/fiskerihavner-i-nordland-ma-prioriteres\/"]}]},{"@type":"BreadcrumbList","@id":"https:\/\/hoyre.no\/nordland\/aktuelt\/fiskerihavner-i-nordland-ma-prioriteres\/#breadcrumb","itemListElement":[{"@type":"ListItem","position":1,"name":"Til hoyre.no","item":"https:\/\/hoyre.no"},{"@type":"ListItem","position":2,"name":"Hjem","item":"https:\/\/hoyre.no\/nordland\/"},{"@type":"ListItem","position":3,"name":"Fiskerihavner i Nordland m\u00e5 prioriteres"}]},{"@type":"WebSite","@id":"https:\/\/hoyre.no\/nordland\/#website","url":"https:\/\/hoyre.no\/nordland\/","name":"Nordland H\u00f8yre","description":"Bare enda et H\u00f8yres nettsteder-nettsted","inLanguage":"nb-NO"},{"@type":"Person","@id":"https:\/\/hoyre.no\/nordland\/#\/schema\/person\/1f8e1c4403c3915de592a4f085e90dff","name":"Joakim Sennesvik","image":{"@type":"ImageObject","inLanguage":"nb-NO","@id":"https:\/\/hoyre.no\/nordland\/#\/schema\/person\/image\/","url":"https:\/\/secure.gravatar.com\/avatar\/bf9cc3e7e5afe2762e5d04cd2ea7347c8b706349c8d253bbf60dd51ba58ec51b?s=96&d=mm&r=g","contentUrl":"https:\/\/secure.gravatar.com\/avatar\/bf9cc3e7e5afe2762e5d04cd2ea7347c8b706349c8d253bbf60dd51ba58ec51b?s=96&d=mm&r=g","caption":"Joakim Sennesvik"},"url":"https:\/\/hoyre.no\/nordland\/aktuelt\/author\/m50416700\/"}]}},"distributor_meta":false,"distributor_terms":false,"distributor_media":false,"distributor_original_site_name":"Nordland H\u00f8yre","distributor_original_site_url":"https:\/\/hoyre.no\/nordland","push-errors":false,"_links":{"self":[{"href":"https:\/\/hoyre.no\/nordland\/wp-json\/wp\/v2\/posts\/647","targetHints":{"allow":["GET"]}}],"collection":[{"href":"https:\/\/hoyre.no\/nordland\/wp-json\/wp\/v2\/posts"}],"about":[{"href":"https:\/\/hoyre.no\/nordland\/wp-json\/wp\/v2\/types\/post"}],"author":[{"embeddable":true,"href":"https:\/\/hoyre.no\/nordland\/wp-json\/wp\/v2\/users\/448"}],"replies":[{"embeddable":true,"href":"https:\/\/hoyre.no\/nordland\/wp-json\/wp\/v2\/comments?post=647"}],"version-history":[{"count":1,"href":"https:\/\/hoyre.no\/nordland\/wp-json\/wp\/v2\/posts\/647\/revisions"}],"predecessor-version":[{"id":649,"href":"https:\/\/hoyre.no\/nordland\/wp-json\/wp\/v2\/posts\/647\/revisions\/649"}],"wp:attachment":[{"href":"https:\/\/hoyre.no\/nordland\/wp-json\/wp\/v2\/media?parent=647"}],"wp:term":[{"taxonomy":"category","embeddable":true,"href":"https:\/\/hoyre.no\/nordland\/wp-json\/wp\/v2\/category?post=647"},{"taxonomy":"post_tag","embeddable":true,"href":"https:\/\/hoyre.no\/nordland\/wp-json\/wp\/v2\/post_tag?post=647"},{"taxonomy":"hoyre-visibility","embeddable":true,"href":"https:\/\/hoyre.no\/nordland\/wp-json\/wp\/v2\/hoyre-visibility?post=647"},{"taxonomy":"article-type","embeddable":true,"href":"https:\/\/hoyre.no\/nordland\/wp-json\/wp\/v2\/article-type?post=647"},{"taxonomy":"politician","embeddable":true,"href":"https:\/\/hoyre.no\/nordland\/wp-json\/wp\/v2\/politician?post=647"}],"curies":[{"name":"wp","href":"https:\/\/api.w.org\/{rel}","templated":true}]}}