{"id":672,"date":"2022-04-28T12:30:24","date_gmt":"2022-04-28T10:30:24","guid":{"rendered":"https:\/\/hoyre.no\/nordland\/?p=672"},"modified":"2022-07-01T16:07:39","modified_gmt":"2022-07-01T14:07:39","slug":"alt-om-nordland-hoyres-nominasjonsprosess","status":"publish","type":"post","link":"https:\/\/hoyre.no\/nordland\/aktuelt\/alt-om-nordland-hoyres-nominasjonsprosess\/","title":{"rendered":"Alt om Nordland H\u00f8yres nominasjonsprosess"},"content":{"rendered":"\n<p class=\"preamble\">Det n\u00e6rmer seg valg, nedenfor kan du se hvordan nominasjonskomiteen til Nordland H\u00f8yre jobber.<\/p>\n\n\n\n\n<figure class=\"wp-block-table\"><table><tbody><tr><td>Dato<\/td><td>Sted<\/td><td>Sak<\/td><td>Frist<\/td><td>Ansvar<\/td><\/tr><tr><td>22.mars<\/td><td>Teams<\/td><td>Konstituerende m\u00f8te. Vedta datoplan<\/td><td>&nbsp;<\/td><td>Nominasjonskomiteen<\/td><\/tr><tr><td>Mars<\/td><td>&nbsp;<\/td><td>Sittende representanter og vararep tilskrives med sp\u00f8rsm\u00e5l om de \u00f8nsker gjenvalg.<\/td><td>Svarfrist innen .1mai<\/td><td>Komiteleder\/ sekretariatet<\/td><\/tr><tr><td>April<\/td><td>&nbsp;<\/td><td>Sende ut anmodning til foreningene og sideorganisasjonene om \u00e5 avholde medlemsm\u00f8te for \u00e5 utarbeide navneforslag til valglisten. Navneforslag skal v\u00e6re i alfabetisk rekkef\u00f8lge, uprioritert og ikke inneholde mer enn halvparten av navn fra egen kommune.<\/td><td>Svarfrist innen 1.mai<\/td><td>Komiteleder og Fylkessekret\u00e6r\/ regionr\u00e5dgiver<\/td><\/tr><tr><td>April<\/td><td>&nbsp;<\/td><td>Sende ut elektronisk brev til alle medlemmer med oppfordring til \u00e5 komme med navneforslag til valglisten.<\/td><td>Svarfrist innen 1.mai<\/td><td>Komiteleder\/ sekretariatet<\/td><\/tr><tr><td>April<\/td><td>&nbsp;<\/td><td>Offentlig oppfordring om \u00e5 komme med navneforslag til listen via nettsider.<\/td><td>Svarfrist innen 1.mai<\/td><td>Komiteleder\/ sekretariatet<\/td><\/tr><tr><td>Mai<\/td><td>&nbsp;<\/td><td>Sittende representanter og vararepresentanters svar gj\u00f8res kjent for medlemmer og p\u00e5 Nordland H\u00f8yres nettside m.m.<\/td><td>Etter 1.mai<\/td><td>Fylkessekret\u00e6r<\/td><\/tr><tr><td>18.Mai<\/td><td>Teams<\/td><td>Nominasjonskomiteen arbeider selv frem forslag p\u00e5 aktuelle kandidater.<\/td><td>Mai-oktober<\/td><td>Nominasjonskomiteen<\/td><\/tr><tr><td>Mai<\/td><td>&nbsp;<\/td><td>Alfabetisk navneliste over foresl\u00e5tte og standard kandidatavtale sendes ut til foresl\u00e5tte med sp\u00f8rsm\u00e5l om de \u00f8nsker \u00e5 st\u00e5 som listekandidat eller ikke<\/td><td>Mai<\/td><td>Fylkessekret\u00e6r<\/td><\/tr><tr><td>Juni<\/td><td>&nbsp;<\/td><td>Aktuelle kandidater fyller ut kandidatpresentasjon<\/td><td>&nbsp;<\/td><td>Den enkelte kandidat<\/td><\/tr><tr><td>Juli<\/td><td>&nbsp;<\/td><td>Informasjon om valgbare kandidater sendes til nominasjonskomiteen og lokalforeningene.<\/td><td>Juli<\/td><td>Fylkessekret\u00e6r<\/td><\/tr><tr><td>August<\/td><td>&nbsp;<\/td><td>Pr\u00f8venominasjon<\/td><td>28.august<\/td><td>Lokalforeningene<\/td><\/tr><tr><td>15.August<\/td><td>&nbsp;<\/td><td>Elektronisk r\u00e5dgivende urnominasjon<\/td><td>28.august<\/td><td>Sekretariatet<\/td><\/tr><tr><td>Uke.34<br><br><br><br><br><\/td><td>&nbsp;<\/td><td>Resultatet fra r\u00e5dgivende pr\u00f8venominasjon og urnominasjon gj\u00f8res kjent for medlemmer p\u00e5 Nordland H\u00f8yres nettside.<\/td><td>Etter 28.august<\/td><td>Regionr\u00e5dgiveren<\/td><\/tr><tr><td><\/td><td><\/td><td><\/td><td><\/td><td><\/td><\/tr><tr><td>29.august<\/td><td>teams<\/td><td>Nominasjonskomitem\u00f8te: &nbsp;Gjennomgang av pr\u00f8ve- og urnominasjonen. Lage en plan for gjennomf\u00f8ring av kandidatintervju<\/td><td>&nbsp;<\/td><td>Nominasjonskomiteen<\/td><\/tr><tr><td>September\/ oktober<\/td><td>&nbsp;<\/td><td>Intervjuer med aktuelle kandidater gjennomf\u00f8res.<\/td><td>September<\/td><td>Leder av nominasjonskomiteen<\/td><\/tr><tr><td>11.oktober<\/td><td>Fysisk<\/td><td>Nominasjonskomitem\u00f8te: Endelig prioritert liste, nominasjonskomiteens innstilling, utarbeides p\u00e5 bakgrunn av egne vurderinger og resultatene fra r\u00e5dgivende pr\u00f8venominasjon og urnominasjon.<\/td><td>&nbsp;<\/td><td>Nominasjonskomiteen<\/td><\/tr><tr><td>Oktober<\/td><td>&nbsp;<\/td><td>Alle kandidater undertegner kandidatavtale<\/td><td>F\u00f8r nominasjons- m\u00f8tet<\/td><td>Leder av nominasjonskomiteen<\/td><\/tr><tr><td><em>Vanligvis samtidig med utsendelse av innkalling til nominasjonsm\u00f8tet<\/em><\/td><td>&nbsp;<\/td><td>Nominasjonskomiteens innstilling offentliggj\u00f8res og legges ut p\u00e5 Nordland H\u00f8yres nettside og SoMe, sendes til listekandidatene, foreningene og sideorganisasjonene.<\/td><td>Senest 22.oktober<\/td><td>Komiteleder og fylkessekret\u00e6r<\/td><\/tr><tr><td>05.november<\/td><td>&nbsp;<\/td><td>Nominasjonsm\u00f8te<\/td><td>&nbsp;<\/td><td>Fylkesleder\/ fylkessekret\u00e6r<\/td><\/tr><tr><td>November &#8211; 31.03.23 kl. 12.00<\/td><td>&nbsp;<\/td><td>Tillitsvalgte for listen er kontaktpersoner overfor myndighetene og s\u00f8rger for at valglisten blir innlevert, stemplet og godkjent av valgstyret for Nordland fylkeskommune innen fristen.<\/td><td>Innen 31. mars 2023 kl. 12.00<\/td><td>Tillitsvalgte for listen\/ fylkessekret\u00e6r<\/td><\/tr><\/tbody><\/table><\/figure>\n\n\n\n<p class=\"wp-block-paragraph\">Nominasjonskomiteen i Nordland H\u00f8yre 2022 best\u00e5r av:<\/p>\n\n\n\n<p class=\"wp-block-paragraph\">Leder: B\u00f8rge Larsen<\/p>\n\n\n\n<p class=\"wp-block-paragraph\">Nestleder: Grethe Fj\u00e6rvoll<\/p>\n\n\n\n<p class=\"wp-block-paragraph\">Medlem: Espen Haaland<\/p>\n\n\n\n<p class=\"wp-block-paragraph\">Medlem: Gitte \u00d8g\u00e5rd<\/p>\n\n\n\n<p class=\"wp-block-paragraph\">Medlem: Roar Wessel Olsen<\/p>\n\n\n\n<p class=\"wp-block-paragraph\">Medlem: Wenche Vanje-Remlo<\/p>\n\n\n\n<p class=\"wp-block-paragraph\">Medlem: Stig S\u00f8rra<\/p>\n\n\n<div class=\"tags\">\n\t<\/div>\n<div class=\"post-footer alignfull has-background block-editor-block-list__block\" data-align=full>\n\t<div class=\"post-footer-inner\">\n\t\t<h3>Relaterte artikler<\/h3>\n\t\t<div class=\"related-content\"><div class=\"is-card-hoyre\">\n\t<div class=\"teft-card hoyre-teft-card post-teft-card\">\n\t\t<a href=\"https:\/\/hoyre.no\/nordland\/aktuelt\/slik-far-du-stemmerett-ved-fylkestings-nominasjonen\/\" class=\"teft-card__primary-action\">\n\n\t\t\t\t\t<div class=\"teft-card__media teft-card__media--16-9\">\n\t\t\t\t\t\t<img loading=\"lazy\" decoding=\"async\" width=\"768\" height=\"432\" src=\"https:\/\/hoyre.no\/content\/uploads\/sites\/9\/2024\/09\/urnomn-768x432.jpg\" class=\"attachment-medium_large size-medium_large\" alt=\"\" srcset=\"https:\/\/hoyre.no\/content\/uploads\/sites\/9\/2024\/09\/urnomn-768x432.jpg 768w, https:\/\/hoyre.no\/content\/uploads\/sites\/9\/2024\/09\/urnomn-300x169.jpg 300w, https:\/\/hoyre.no\/content\/uploads\/sites\/9\/2024\/09\/urnomn-1024x577.jpg 1024w, https:\/\/hoyre.no\/content\/uploads\/sites\/9\/2024\/09\/urnomn-1536x865.jpg 1536w, https:\/\/hoyre.no\/content\/uploads\/sites\/9\/2024\/09\/urnomn.jpg 2048w\" sizes=\"auto, (max-width: 768px) 100vw, 768px\" \/>\t\t<\/div>\n\t\t\n\t\t\t<div class=\"teft-card__content-wrapper\">\n\t\t\t\t<div class=\"teft-card__secondary\">\n\t\t\t\t\t\n\t\t\t\t\t\t\t\t<div class=\"teft-card__meta\">\n\t\t\t\t\t\t\t\t\t<span class=\"post-date\">31. aug 2026<\/span>\n\n\t\t\t\t\t\t\t\t\t<span class=\"post-category\">Nominasjonsprosess 2027\/2031<\/span>\t\t\t\t\t\t\t\t<\/div>\n\t\t\t\t\t\t\t\t\t\t\t<\/div>\n\n\t\t\t\t<div class=\"teft-card__primary\">\n\t\t\t\t\t<h2 class=\"teft-card__title\">Slik f\u00e5r du stemmerett ved fylkestings-nominasjonen&nbsp;<span class=\"teft-card__primary-title-append\"><\/span><\/h2>\t\t\t\t<\/div>\n\t\t\t<\/div>\n\t\t<\/a>\n\t<\/div>\n\n\t<\/div><div class=\"is-card-hoyre\">\n\t<div class=\"teft-card hoyre-teft-card post-teft-card\">\n\t\t<a href=\"https:\/\/hoyre.no\/nordland\/aktuelt\/nordland-hoyres-alfabetiske-liste-over-valgvillige-kandidater-til-fylkestingsvalget-2027\/\" class=\"teft-card__primary-action\">\n\n\t\t\t\t\t<div class=\"teft-card__media teft-card__media--16-9\">\n\t\t\t\t\t\t<img loading=\"lazy\" decoding=\"async\" width=\"768\" height=\"402\" src=\"https:\/\/hoyre.no\/content\/uploads\/sites\/9\/2026\/08\/Add-a-heading-768x402.jpg\" class=\"attachment-medium_large size-medium_large\" alt=\"\" srcset=\"https:\/\/hoyre.no\/content\/uploads\/sites\/9\/2026\/08\/Add-a-heading-768x402.jpg 768w, https:\/\/hoyre.no\/content\/uploads\/sites\/9\/2026\/08\/Add-a-heading-300x157.jpg 300w, https:\/\/hoyre.no\/content\/uploads\/sites\/9\/2026\/08\/Add-a-heading-1024x536.jpg 1024w, https:\/\/hoyre.no\/content\/uploads\/sites\/9\/2026\/08\/Add-a-heading-1536x804.jpg 1536w, https:\/\/hoyre.no\/content\/uploads\/sites\/9\/2026\/08\/Add-a-heading-2048x1072.jpg 2048w\" sizes=\"auto, (max-width: 768px) 100vw, 768px\" \/>\t\t<\/div>\n\t\t\n\t\t\t<div class=\"teft-card__content-wrapper\">\n\t\t\t\t<div class=\"teft-card__secondary\">\n\t\t\t\t\t\n\t\t\t\t\t\t\t\t<div class=\"teft-card__meta\">\n\t\t\t\t\t\t\t\t\t<span class=\"post-date\">31. aug 2026<\/span>\n\n\t\t\t\t\t\t\t\t\t<span class=\"post-category\">Nominasjonsprosess 2027\/2031<\/span>\t\t\t\t\t\t\t\t<\/div>\n\t\t\t\t\t\t\t\t\t\t\t<\/div>\n\n\t\t\t\t<div class=\"teft-card__primary\">\n\t\t\t\t\t<h2 class=\"teft-card__title\">Nordland H\u00f8yres alfabetiske liste over valgvillige kandidater til Fylkestingsvalget 2027&nbsp;<span class=\"teft-card__primary-title-append\"><\/span><\/h2>\t\t\t\t<\/div>\n\t\t\t<\/div>\n\t\t<\/a>\n\t<\/div>\n\n\t<\/div><div class=\"is-card-hoyre\">\n\t<div class=\"teft-card hoyre-teft-card post-teft-card\">\n\t\t<a href=\"https:\/\/hoyre.no\/nordland\/aktuelt\/nominasjon-disse-onsker-gjenvalg-til-fylkestingslisten\/\" class=\"teft-card__primary-action\">\n\n\t\t\t\t\t<div class=\"teft-card__media teft-card__media--16-9\">\n\t\t\t\t\t\t<img loading=\"lazy\" decoding=\"async\" width=\"768\" height=\"512\" src=\"https:\/\/hoyre.no\/content\/uploads\/sites\/9\/2024\/03\/Hoyre-i-Nordland-fylkesting-2-1-768x512.jpg\" class=\"attachment-medium_large size-medium_large\" alt=\"\" srcset=\"https:\/\/hoyre.no\/content\/uploads\/sites\/9\/2024\/03\/Hoyre-i-Nordland-fylkesting-2-1-768x512.jpg 768w, https:\/\/hoyre.no\/content\/uploads\/sites\/9\/2024\/03\/Hoyre-i-Nordland-fylkesting-2-1-300x200.jpg 300w, https:\/\/hoyre.no\/content\/uploads\/sites\/9\/2024\/03\/Hoyre-i-Nordland-fylkesting-2-1-1024x683.jpg 1024w, https:\/\/hoyre.no\/content\/uploads\/sites\/9\/2024\/03\/Hoyre-i-Nordland-fylkesting-2-1-1536x1024.jpg 1536w, https:\/\/hoyre.no\/content\/uploads\/sites\/9\/2024\/03\/Hoyre-i-Nordland-fylkesting-2-1-2048x1365.jpg 2048w\" sizes=\"auto, (max-width: 768px) 100vw, 768px\" \/>\t\t<\/div>\n\t\t\n\t\t\t<div class=\"teft-card__content-wrapper\">\n\t\t\t\t<div class=\"teft-card__secondary\">\n\t\t\t\t\t\n\t\t\t\t\t\t\t\t<div class=\"teft-card__meta\">\n\t\t\t\t\t\t\t\t\t<span class=\"post-date\">15. mai 2026<\/span>\n\n\t\t\t\t\t\t\t\t\t<span class=\"post-category\">Nominasjonsprosess 2027\/2031<\/span>\t\t\t\t\t\t\t\t<\/div>\n\t\t\t\t\t\t\t\t\t\t\t<\/div>\n\n\t\t\t\t<div class=\"teft-card__primary\">\n\t\t\t\t\t<h2 class=\"teft-card__title\">Nominasjon &#8211; Disse \u00f8nsker gjenvalg til fylkestingslisten&nbsp;<span class=\"teft-card__primary-title-append\"><\/span><\/h2>\t\t\t\t<\/div>\n\t\t\t<\/div>\n\t\t<\/a>\n\t<\/div>\n\n\t<\/div><\/div>\t<\/div>\n<\/div>\n","protected":false},"excerpt":{"rendered":"","protected":false},"author":3547,"featured_media":0,"comment_status":"closed","ping_status":"closed","sticky":false,"template":"","format":"standard","meta":{"teft_cards_image_url":"","teft_cards_custom_pretitle":"","teft_cards_image_id":0,"teft_cards_image_focal_point_x":0,"teft_cards_image_focal_point_y":0,"teft_cards_title":"","teft_cards_excerpt":"","teft_show_chapters":false,"author_display_name":"","footnotes":""},"category":[1],"post_tag":[],"hoyre-visibility":[],"article-type":[],"politician":[],"class_list":["post-672","post","type-post","status-publish","format-standard","hentry","category-ukategorisert"],"yoast_head":"<!-- This site is optimized with the Yoast SEO plugin v28.2 - https:\/\/yoast.com\/product\/yoast-seo-wordpress\/ -->\n<title>Alt om Nordland H\u00f8yres nominasjonsprosess - Nordland H\u00f8yre<\/title>\n<meta name=\"robots\" content=\"index, follow, max-snippet:-1, max-image-preview:large, max-video-preview:-1\" \/>\n<link rel=\"canonical\" href=\"https:\/\/hoyre.no\/nordland\/aktuelt\/alt-om-nordland-hoyres-nominasjonsprosess\/\" \/>\n<meta property=\"og:locale\" content=\"nb_NO\" \/>\n<meta property=\"og:type\" content=\"article\" \/>\n<meta property=\"og:title\" content=\"Alt om Nordland H\u00f8yres nominasjonsprosess - Nordland H\u00f8yre\" \/>\n<meta property=\"og:url\" content=\"https:\/\/hoyre.no\/nordland\/aktuelt\/alt-om-nordland-hoyres-nominasjonsprosess\/\" \/>\n<meta property=\"og:site_name\" content=\"Nordland H\u00f8yre\" \/>\n<meta property=\"article:published_time\" content=\"2022-04-28T10:30:24+00:00\" \/>\n<meta property=\"article:modified_time\" content=\"2022-07-01T14:07:39+00:00\" \/>\n<meta property=\"og:image\" content=\"https:\/\/hoyre.no\/content\/uploads\/sites\/9\/2024\/03\/Hoyre-i-Nordland-fylkesting-2-1-1024x683.jpg\" \/>\n<meta name=\"author\" content=\"Isabella Emilie Pigini Storli\" \/>\n<meta name=\"twitter:card\" content=\"summary_large_image\" \/>\n<meta name=\"twitter:label1\" content=\"Skrevet av\" \/>\n\t<meta name=\"twitter:data1\" content=\"Isabella Emilie Pigini Storli\" \/>\n\t<meta name=\"twitter:label2\" content=\"Ansl. lesetid\" \/>\n\t<meta name=\"twitter:data2\" content=\"3 minutter\" \/>\n<script type=\"application\/ld+json\" class=\"yoast-schema-graph\">{\"@context\":\"https:\\\/\\\/schema.org\",\"@graph\":[{\"@type\":\"Article\",\"@id\":\"https:\\\/\\\/hoyre.no\\\/nordland\\\/aktuelt\\\/alt-om-nordland-hoyres-nominasjonsprosess\\\/#article\",\"isPartOf\":{\"@id\":\"https:\\\/\\\/hoyre.no\\\/nordland\\\/aktuelt\\\/alt-om-nordland-hoyres-nominasjonsprosess\\\/\"},\"author\":{\"name\":\"Isabella Emilie Pigini Storli\",\"@id\":\"https:\\\/\\\/hoyre.no\\\/nordland\\\/#\\\/schema\\\/person\\\/6f4581f8cbce8649b11dffce4d355a20\"},\"headline\":\"Alt om Nordland H\u00f8yres nominasjonsprosess\",\"datePublished\":\"2022-04-28T10:30:24+00:00\",\"dateModified\":\"2022-07-01T14:07:39+00:00\",\"mainEntityOfPage\":{\"@id\":\"https:\\\/\\\/hoyre.no\\\/nordland\\\/aktuelt\\\/alt-om-nordland-hoyres-nominasjonsprosess\\\/\"},\"wordCount\":460,\"inLanguage\":\"nb-NO\"},{\"@type\":\"NewsArticle\",\"@id\":\"https:\\\/\\\/hoyre.no\\\/nordland\\\/aktuelt\\\/alt-om-nordland-hoyres-nominasjonsprosess\\\/\",\"url\":\"https:\\\/\\\/hoyre.no\\\/nordland\\\/aktuelt\\\/alt-om-nordland-hoyres-nominasjonsprosess\\\/\",\"name\":\"Alt om Nordland H\u00f8yres nominasjonsprosess - Nordland H\u00f8yre\",\"isPartOf\":{\"@id\":\"https:\\\/\\\/hoyre.no\\\/nordland\\\/#website\"},\"datePublished\":\"2022-04-28T10:30:24+00:00\",\"dateModified\":\"2022-07-01T14:07:39+00:00\",\"author\":{\"@id\":\"https:\\\/\\\/hoyre.no\\\/nordland\\\/#\\\/schema\\\/person\\\/6f4581f8cbce8649b11dffce4d355a20\"},\"breadcrumb\":{\"@id\":\"https:\\\/\\\/hoyre.no\\\/nordland\\\/aktuelt\\\/alt-om-nordland-hoyres-nominasjonsprosess\\\/#breadcrumb\"},\"inLanguage\":\"nb-NO\",\"potentialAction\":[{\"@type\":\"ReadAction\",\"target\":[\"https:\\\/\\\/hoyre.no\\\/nordland\\\/aktuelt\\\/alt-om-nordland-hoyres-nominasjonsprosess\\\/\"]}]},{\"@type\":\"BreadcrumbList\",\"@id\":\"https:\\\/\\\/hoyre.no\\\/nordland\\\/aktuelt\\\/alt-om-nordland-hoyres-nominasjonsprosess\\\/#breadcrumb\",\"itemListElement\":[{\"@type\":\"ListItem\",\"position\":1,\"name\":\"Til hoyre.no\",\"item\":\"https:\\\/\\\/hoyre.no\"},{\"@type\":\"ListItem\",\"position\":2,\"name\":\"Hjem\",\"item\":\"https:\\\/\\\/hoyre.no\\\/nordland\\\/\"},{\"@type\":\"ListItem\",\"position\":3,\"name\":\"Alt om Nordland H\u00f8yres nominasjonsprosess\"}]},{\"@type\":\"WebSite\",\"@id\":\"https:\\\/\\\/hoyre.no\\\/nordland\\\/#website\",\"url\":\"https:\\\/\\\/hoyre.no\\\/nordland\\\/\",\"name\":\"Nordland H\u00f8yre\",\"description\":\"Bare enda et H\u00f8yres nettsteder-nettsted\",\"inLanguage\":\"nb-NO\"},{\"@type\":\"Person\",\"@id\":\"https:\\\/\\\/hoyre.no\\\/nordland\\\/#\\\/schema\\\/person\\\/6f4581f8cbce8649b11dffce4d355a20\",\"name\":\"Isabella Emilie Pigini Storli\",\"image\":{\"@type\":\"ImageObject\",\"inLanguage\":\"nb-NO\",\"@id\":\"https:\\\/\\\/secure.gravatar.com\\\/avatar\\\/beecc8b982e31852db9c3a35b9876e79cf1ca01c01e2c2824e6c0f6e531ebbf9?s=96&d=mm&r=g\",\"url\":\"https:\\\/\\\/secure.gravatar.com\\\/avatar\\\/beecc8b982e31852db9c3a35b9876e79cf1ca01c01e2c2824e6c0f6e531ebbf9?s=96&d=mm&r=g\",\"contentUrl\":\"https:\\\/\\\/secure.gravatar.com\\\/avatar\\\/beecc8b982e31852db9c3a35b9876e79cf1ca01c01e2c2824e6c0f6e531ebbf9?s=96&d=mm&r=g\",\"caption\":\"Isabella Emilie Pigini Storli\"},\"url\":\"https:\\\/\\\/hoyre.no\\\/nordland\\\/aktuelt\\\/author\\\/m52026796\\\/\"}]}<\/script>\n<!-- \/ Yoast SEO plugin. -->","yoast_head_json":{"title":"Alt om Nordland H\u00f8yres nominasjonsprosess - Nordland H\u00f8yre","robots":{"index":"index","follow":"follow","max-snippet":"max-snippet:-1","max-image-preview":"max-image-preview:large","max-video-preview":"max-video-preview:-1"},"canonical":"https:\/\/hoyre.no\/nordland\/aktuelt\/alt-om-nordland-hoyres-nominasjonsprosess\/","og_locale":"nb_NO","og_type":"article","og_title":"Alt om Nordland H\u00f8yres nominasjonsprosess - Nordland H\u00f8yre","og_url":"https:\/\/hoyre.no\/nordland\/aktuelt\/alt-om-nordland-hoyres-nominasjonsprosess\/","og_site_name":"Nordland H\u00f8yre","article_published_time":"2022-04-28T10:30:24+00:00","article_modified_time":"2022-07-01T14:07:39+00:00","og_image":[{"url":"https:\/\/hoyre.no\/content\/uploads\/sites\/9\/2024\/03\/Hoyre-i-Nordland-fylkesting-2-1-1024x683.jpg","width":"","height":"","type":""}],"author":"Isabella Emilie Pigini Storli","twitter_card":"summary_large_image","twitter_misc":{"Skrevet av":"Isabella Emilie Pigini Storli","Ansl. lesetid":"3 minutter"},"schema":{"@context":"https:\/\/schema.org","@graph":[{"@type":"Article","@id":"https:\/\/hoyre.no\/nordland\/aktuelt\/alt-om-nordland-hoyres-nominasjonsprosess\/#article","isPartOf":{"@id":"https:\/\/hoyre.no\/nordland\/aktuelt\/alt-om-nordland-hoyres-nominasjonsprosess\/"},"author":{"name":"Isabella Emilie Pigini Storli","@id":"https:\/\/hoyre.no\/nordland\/#\/schema\/person\/6f4581f8cbce8649b11dffce4d355a20"},"headline":"Alt om Nordland H\u00f8yres nominasjonsprosess","datePublished":"2022-04-28T10:30:24+00:00","dateModified":"2022-07-01T14:07:39+00:00","mainEntityOfPage":{"@id":"https:\/\/hoyre.no\/nordland\/aktuelt\/alt-om-nordland-hoyres-nominasjonsprosess\/"},"wordCount":460,"inLanguage":"nb-NO"},{"@type":"NewsArticle","@id":"https:\/\/hoyre.no\/nordland\/aktuelt\/alt-om-nordland-hoyres-nominasjonsprosess\/","url":"https:\/\/hoyre.no\/nordland\/aktuelt\/alt-om-nordland-hoyres-nominasjonsprosess\/","name":"Alt om Nordland H\u00f8yres nominasjonsprosess - Nordland H\u00f8yre","isPartOf":{"@id":"https:\/\/hoyre.no\/nordland\/#website"},"datePublished":"2022-04-28T10:30:24+00:00","dateModified":"2022-07-01T14:07:39+00:00","author":{"@id":"https:\/\/hoyre.no\/nordland\/#\/schema\/person\/6f4581f8cbce8649b11dffce4d355a20"},"breadcrumb":{"@id":"https:\/\/hoyre.no\/nordland\/aktuelt\/alt-om-nordland-hoyres-nominasjonsprosess\/#breadcrumb"},"inLanguage":"nb-NO","potentialAction":[{"@type":"ReadAction","target":["https:\/\/hoyre.no\/nordland\/aktuelt\/alt-om-nordland-hoyres-nominasjonsprosess\/"]}]},{"@type":"BreadcrumbList","@id":"https:\/\/hoyre.no\/nordland\/aktuelt\/alt-om-nordland-hoyres-nominasjonsprosess\/#breadcrumb","itemListElement":[{"@type":"ListItem","position":1,"name":"Til hoyre.no","item":"https:\/\/hoyre.no"},{"@type":"ListItem","position":2,"name":"Hjem","item":"https:\/\/hoyre.no\/nordland\/"},{"@type":"ListItem","position":3,"name":"Alt om Nordland H\u00f8yres nominasjonsprosess"}]},{"@type":"WebSite","@id":"https:\/\/hoyre.no\/nordland\/#website","url":"https:\/\/hoyre.no\/nordland\/","name":"Nordland H\u00f8yre","description":"Bare enda et H\u00f8yres nettsteder-nettsted","inLanguage":"nb-NO"},{"@type":"Person","@id":"https:\/\/hoyre.no\/nordland\/#\/schema\/person\/6f4581f8cbce8649b11dffce4d355a20","name":"Isabella Emilie Pigini Storli","image":{"@type":"ImageObject","inLanguage":"nb-NO","@id":"https:\/\/secure.gravatar.com\/avatar\/beecc8b982e31852db9c3a35b9876e79cf1ca01c01e2c2824e6c0f6e531ebbf9?s=96&d=mm&r=g","url":"https:\/\/secure.gravatar.com\/avatar\/beecc8b982e31852db9c3a35b9876e79cf1ca01c01e2c2824e6c0f6e531ebbf9?s=96&d=mm&r=g","contentUrl":"https:\/\/secure.gravatar.com\/avatar\/beecc8b982e31852db9c3a35b9876e79cf1ca01c01e2c2824e6c0f6e531ebbf9?s=96&d=mm&r=g","caption":"Isabella Emilie Pigini Storli"},"url":"https:\/\/hoyre.no\/nordland\/aktuelt\/author\/m52026796\/"}]}},"distributor_meta":false,"distributor_terms":false,"distributor_media":false,"distributor_original_site_name":"Nordland H\u00f8yre","distributor_original_site_url":"https:\/\/hoyre.no\/nordland","push-errors":false,"_links":{"self":[{"href":"https:\/\/hoyre.no\/nordland\/wp-json\/wp\/v2\/posts\/672","targetHints":{"allow":["GET"]}}],"collection":[{"href":"https:\/\/hoyre.no\/nordland\/wp-json\/wp\/v2\/posts"}],"about":[{"href":"https:\/\/hoyre.no\/nordland\/wp-json\/wp\/v2\/types\/post"}],"author":[{"embeddable":true,"href":"https:\/\/hoyre.no\/nordland\/wp-json\/wp\/v2\/users\/3547"}],"replies":[{"embeddable":true,"href":"https:\/\/hoyre.no\/nordland\/wp-json\/wp\/v2\/comments?post=672"}],"version-history":[{"count":3,"href":"https:\/\/hoyre.no\/nordland\/wp-json\/wp\/v2\/posts\/672\/revisions"}],"predecessor-version":[{"id":689,"href":"https:\/\/hoyre.no\/nordland\/wp-json\/wp\/v2\/posts\/672\/revisions\/689"}],"wp:attachment":[{"href":"https:\/\/hoyre.no\/nordland\/wp-json\/wp\/v2\/media?parent=672"}],"wp:term":[{"taxonomy":"category","embeddable":true,"href":"https:\/\/hoyre.no\/nordland\/wp-json\/wp\/v2\/category?post=672"},{"taxonomy":"post_tag","embeddable":true,"href":"https:\/\/hoyre.no\/nordland\/wp-json\/wp\/v2\/post_tag?post=672"},{"taxonomy":"hoyre-visibility","embeddable":true,"href":"https:\/\/hoyre.no\/nordland\/wp-json\/wp\/v2\/hoyre-visibility?post=672"},{"taxonomy":"article-type","embeddable":true,"href":"https:\/\/hoyre.no\/nordland\/wp-json\/wp\/v2\/article-type?post=672"},{"taxonomy":"politician","embeddable":true,"href":"https:\/\/hoyre.no\/nordland\/wp-json\/wp\/v2\/politician?post=672"}],"curies":[{"name":"wp","href":"https:\/\/api.w.org\/{rel}","templated":true}]}}