{"id":839,"date":"2022-11-16T10:53:39","date_gmt":"2022-11-16T09:53:39","guid":{"rendered":"https:\/\/hoyre.no\/nordland\/?p=839"},"modified":"2022-11-16T10:53:40","modified_gmt":"2022-11-16T09:53:40","slug":"et-havbruksfiendtlig-fylkesrad-i-nordland-det-er-na-i-ferd-med-a-utvikle-seg-ei-krise-i-denne-del-av-sjomatnaeringa","status":"publish","type":"post","link":"https:\/\/hoyre.no\/nordland\/aktuelt\/et-havbruksfiendtlig-fylkesrad-i-nordland-det-er-na-i-ferd-med-a-utvikle-seg-ei-krise-i-denne-del-av-sjomatnaeringa\/","title":{"rendered":"Et havbruksfiendtlig fylkesr\u00e5d i Nordland &#8211; Det er n\u00e5 i ferd med \u00e5 utvikle seg ei krise i denne del av sj\u00f8matn\u00e6ringa"},"content":{"rendered":"\n<p class=\"preamble\">Nordland H\u00f8yre mener at man m\u00e5 gi laksearbeidere trygghet f\u00f8r jul og at regjeringen m\u00e5 snu og endre forslaget om \u00e5 basere grunnrenteskatten p\u00e5 markedsprisene, for \u00e5 sikre at det er mulig \u00e5 inng\u00e5 fastpriskontrakter.<\/p>\t\t\t<div class=\"post-meta wp-block teft-byline-wrapper\">\n\t\t\t\t<div class=\"top\">\n\t\t\t\t\t<div class=\"signature\">\n\t\t\t\t\t\t<div class=\"teft-byline\">\n\t\t\t\t\t\t\t\t\t\t\t\t\t\t<div>\n\t\t\t\t\t\t\t\t<h3>H\u00f8yres redaksjon<\/h3>\t\t\t\t\t\t\t\t\n\t\t\t\t\t\t\t\t\t\t\t\t\t\t\t\t\t<span class=\"date\">Sist oppdatert: 16. november 2022<\/span>\n\t\t\t\t\t\t\t\t\t\t\t\t\t\t\t\t\t\t\t\t\t\t\t\t\t<span class=\"reading-time\" itemprop=\"timeRequired\" content=\"PT4M\"><em>Ca. 4 minutter lesetid<\/em><\/span>\n\t\t\t\t\t\t\t\t\t\t\t\t\t\t\t<\/div>\n\t\t\t\t\t\t<\/div>\n\t\t\t\t\t<\/div>\n\t\t\t\t\t\t<div class=\"sharing\">\n\t\t<a class=\"share-button share-link copy-link\" data-copy=\"https:\/\/hoyre.no\/nordland\/aktuelt\/et-havbruksfiendtlig-fylkesrad-i-nordland-det-er-na-i-ferd-med-a-utvikle-seg-ei-krise-i-denne-del-av-sjomatnaeringa\/\" target=\"_blank\"><span class=\"screen-reader-text\">Del link<\/span><\/a>\n\t\t<a class=\"share-button share-twitter\" href=\"http:\/\/twitter.com\/share?text=Et havbruksfiendtlig fylkesr\u00e5d i Nordland &#8211; Det er n\u00e5 i ferd med \u00e5 utvikle seg ei krise i denne del av sj\u00f8matn\u00e6ringa&#038;url=https:\/\/hoyre.no\/nordland\/aktuelt\/et-havbruksfiendtlig-fylkesrad-i-nordland-det-er-na-i-ferd-med-a-utvikle-seg-ei-krise-i-denne-del-av-sjomatnaeringa\/&#038;hashtags=Hoyre\" target=\"_blank\"><span class=\"screen-reader-text\">Del p\u00e5 twitter<\/span><\/a>\n\t\t<a class=\"share-button share-facebook\" href=\"https:\/\/www.facebook.com\/sharer\/sharer.php?u=https:\/\/hoyre.no\/nordland\/aktuelt\/et-havbruksfiendtlig-fylkesrad-i-nordland-det-er-na-i-ferd-med-a-utvikle-seg-ei-krise-i-denne-del-av-sjomatnaeringa\/\" target=\"_blank\"><span class=\"screen-reader-text\">Del p\u00e5 facebook<\/span><\/a>\n\t<\/div>\n\t\t\t\t\t<\/div>\n\t\t\t<\/div>\n\n\t\t\t<figure class=\"hoyre-image-wrapper\"><div class=\"hoyre-image\"><img loading=\"lazy\" decoding=\"async\" width=\"1333\" height=\"2000\" src=\"https:\/\/hoyre.no\/content\/uploads\/sites\/9\/2022\/11\/BeateBC3B8Nilsen_003.jpeg\" class=\"attachment-scaled size-scaled\" alt=\"\" style=\"object-position: 50% 50%\" srcset=\"https:\/\/hoyre.no\/content\/uploads\/sites\/9\/2022\/11\/BeateBC3B8Nilsen_003.jpeg 1333w, https:\/\/hoyre.no\/content\/uploads\/sites\/9\/2022\/11\/BeateBC3B8Nilsen_003-200x300.jpeg 200w, https:\/\/hoyre.no\/content\/uploads\/sites\/9\/2022\/11\/BeateBC3B8Nilsen_003-682x1024.jpeg 682w, https:\/\/hoyre.no\/content\/uploads\/sites\/9\/2022\/11\/BeateBC3B8Nilsen_003-768x1152.jpeg 768w, https:\/\/hoyre.no\/content\/uploads\/sites\/9\/2022\/11\/BeateBC3B8Nilsen_003-1024x1536.jpeg 1024w\" sizes=\"auto, (max-width: 1333px) 100vw, 1333px\" \/><\/div><\/figure>\n\n\n\n\n<p>Nordland er sammen med Vestland det st\u00f8rste oppdrettsfylket i Norge. Da er det med vantro Nordland H\u00f8yre ser at fylkesr\u00e5det i Nordland, best\u00e5ende av Arbeiderpartiet, Senterpartiet, Sosialistisk Venstreparti og Kristelig folkeparti, er med p\u00e5 \u00e5 rasere havbruksn\u00e6ringen gjennom \u00e5 st\u00f8tte St\u00f8re-regjeringens forslag til grunnrenteskatt p\u00e5 havbruk. Nordland H\u00f8yre mener at man m\u00e5 gi laksearbeidere trygghet f\u00f8r jul og at regjeringen m\u00e5 snu og endre forslaget om \u00e5 basere grunnrenteskatten p\u00e5 markedsprisene, for \u00e5 sikre at det er mulig \u00e5 inng\u00e5 fastpriskontrakter.<\/p>\n\n\n\n<p>Fylkesr\u00e5det sier at de \u00f8nsker \u00e5 finjustere skatten for havbruksn\u00e6ringen uten at de sier hvordan. Hvem mottar s\u00e5 inntektene fra grunnrentebeskatning? Regjeringen har hele tiden betrygget at pengene skal tilbake til oppdrettskommuner og -fylker. Derfor var overraskelsen stor da Dagbladet kunne 15.11.22 grunngi at Oslo ville kunne f\u00e5 190 millioner av lakseskattemillionene. Hvor er logikken i dette, fylkesr\u00e5det i Nordland? Oslo har ingen ulemper med lakseoppdrett eller vindkraft. Pengene som en grunnrentebeskatning gir staten, b\u00f8r ikke viderefordeles til kommuner som Oslo!<\/p>\n\n\n\n<p>Kortversjonen er at det er elendig politisk h\u00e5ndverk, sannsynligvis med en dytt i ryggen fra Finansdepartementet. Det er ikke alltid at en skrivepultsteori i Finansdepartementet stemmer med virkeligheten i distrikts-Norge. Regjeringen er i ferd med \u00e5 \u00f8delegge n\u00e6ringen de \u00f8nsker \u00e5 skattlegge. Det er en grov beskyldning at oppdrettsbedrifter permitterer folk som del av et politisk spill. Det ville st\u00e5 Vedum til \u00e6re om han tar noen skritt tilbake og anerkjenner at forslaget om normpris har f\u00e5tt utilsiktede konsekvenser, og ikke lar det g\u00e5 prestisje i \u00e5 \u00f8delegge viktige distriktsarbeidsplasser. De har et s\u00e5 sterkt skattepress at det skaper uro omkring havbruksn\u00e6ringens videre fremtid. Havbruksn\u00e6ringen skal med den st\u00f8rste selvf\u00f8lgelighet skatte, men man m\u00e5 se p\u00e5 den totale beskatningen og ikke minst \u00f8kningen det siste \u00e5ret; grunnrentebeskatning, produksjonsbeskatning, \u00f8kt formuesbeskatning, \u00f8kt utbyttebeskatning m.m. Havbrukssektoren i Norge har kansellert, utsatt eller nedskalert prosjekter for over 35 milliarder kroner siden regjeringen foreslo \u00e5 tredoble skatten p\u00e5 sektoren. I bakgrunnene st\u00e5r en hel leverand\u00f8rn\u00e6ring som rammes hardt. Samtidig er det g\u00e5tt ut permitteringsvarsler for 1.281 distriktsarbeidsplasser i havbruksn\u00e6ringen.<\/p>\n\n\n\n<p>Det er helt utrolig at vi har en finansminister Vedum som sier at videreforedling av laks ikke skal omfattet av grunnrenteskatten. Svaret vitner om en regjering som ikke ser viktige sammenhenger i n\u00e6ringen de skal overskatte. Ved fastsettelse av grunnrenteinntekten, alts\u00e5 skattegrunnlaget for beregning av grunnrenteskatten, skal det i regjeringens modell beregnes en brutto inntekt fra salg av fisk. For \u00f8rret og regnbue\u00f8rret foresl\u00e5s det \u00e5 benytte faktiske priser, mens det for laks foresl\u00e5s \u00e5 benytte en normpris (Nasdaq-priser). Dette f\u00f8rer til at selskapet skattlegges med bakgrunn i en teoretisk inntekt og ikke den inntekten som faktisk oppn\u00e5s ved salg av fisken. Laksen har ulik kvalitet til ulik pris. Dermed kan kiloprisen for laks variere vesentlig ut fra kvalitet og st\u00f8rrelse. Ingen t\u00f8r \u00e5 inng\u00e5 fastpriskontrakter i dette markedet, fordi akt\u00f8rene risikerer \u00e5 m\u00e5tte skatte av inntekter de ikke f\u00e5r. Det tvinger n\u00e6ringen over i et spotmarked som gj\u00f8r at langsiktige fastprisavtaler ryker, og det er det som skjer n\u00e5. Man vil derfor risikere at skattegrunnlaget blir liggende vesentlig over reell oppn\u00e5dd pris.<\/p>\n\n\n\n<p>En vesentlig del av laksen blir solgt som bearbeida produkt i dagligvarehandelen (ca. 40\u201350 pst.), og dette krev kontrakter. I mellomtiden ser det europeiske markedet etter andre steder \u00e5 kj\u00f8pe laks f.eks. Chile, eventuelt andre proteinkilder, slik som kylling. Grunnrenteskatte-forslaget har n\u00e5 gjort at kontrakts-markedet for neste \u00e5r er borte. Sv\u00e6rt f\u00e5 t\u00f8rr \u00e5 inng\u00e5 slike kontrakter. Dette er ikke bare \u00f8deleggende for ettersp\u00f8rsel av laks neste \u00e5r, men riv \u00f2g grunnen under arbeidsplasser som er knyttet til bearbeidingsindustrien langs kysten.<\/p>\n\n\n\n<p>Det er n\u00e5 i ferd med \u00e5 utvikle seg ei krise i denne del av sj\u00f8matn\u00e6ringa, og det er avgj\u00f8rende at det n\u00e5 blir lagt til rette for at det igjen kan bli inng\u00e5tt slike kontrakter. Og dette m\u00e5 skje s\u00e5 raskt som r\u00e5d. Det er i 4. kvartal n\u00e6ringa vil inng\u00e5 kontrakter for neste \u00e5r.<\/p>\n\n\n\n<p>Beate B\u00f8 Nilsen, gruppeleder for H\u00f8yres fylkestingsgruppe i Nordland<\/p>\n\n\n<div class=\"tags\">\n\t<\/div>\n<div class=\"post-footer alignfull has-background block-editor-block-list__block\" data-align=full>\n\t<div class=\"post-footer-inner\">\n\t\t<h3>Relaterte artikler<\/h3>\n\t\t<div class=\"related-content\"><div class=\"is-card-hoyre\">\n\t<div class=\"teft-card hoyre-teft-card post-teft-card\">\n\t\t<a href=\"https:\/\/hoyre.no\/nordland\/aktuelt\/vi-onsker-dine-innspill\/\" class=\"teft-card__primary-action\">\n\n\t\t\t\t\t<div class=\"teft-card__media teft-card__media--16-9\">\n\t\t\t\t\t\t<img loading=\"lazy\" decoding=\"async\" width=\"768\" height=\"402\" src=\"https:\/\/hoyre.no\/content\/uploads\/sites\/9\/2026\/04\/Dokument-uten-navn-09.02.2026-1-1536x804-1-768x402.png\" class=\"attachment-medium_large size-medium_large\" alt=\"\" srcset=\"https:\/\/hoyre.no\/content\/uploads\/sites\/9\/2026\/04\/Dokument-uten-navn-09.02.2026-1-1536x804-1-768x402.png 768w, https:\/\/hoyre.no\/content\/uploads\/sites\/9\/2026\/04\/Dokument-uten-navn-09.02.2026-1-1536x804-1-300x157.png 300w, https:\/\/hoyre.no\/content\/uploads\/sites\/9\/2026\/04\/Dokument-uten-navn-09.02.2026-1-1536x804-1-1024x536.png 1024w, https:\/\/hoyre.no\/content\/uploads\/sites\/9\/2026\/04\/Dokument-uten-navn-09.02.2026-1-1536x804-1.png 1536w\" sizes=\"auto, (max-width: 768px) 100vw, 768px\" \/>\t\t<\/div>\n\t\t\n\t\t\t<div class=\"teft-card__content-wrapper\">\n\t\t\t\t<div class=\"teft-card__secondary\">\n\t\t\t\t\t\n\t\t\t\t\t\t\t\t<div class=\"teft-card__meta\">\n\t\t\t\t\t\t\t\t\t<span class=\"post-date\">15. apr 2026<\/span>\n\n\t\t\t\t\t\t\t\t\t<span class=\"post-category\">Nominasjonsprosess 2027\/2031<\/span>\t\t\t\t\t\t\t\t<\/div>\n\t\t\t\t\t\t\t\t\t\t\t<\/div>\n\n\t\t\t\t<div class=\"teft-card__primary\">\n\t\t\t\t\t<h2 class=\"teft-card__title\">Vi \u00f8nsker dine innspill!&nbsp;<span class=\"teft-card__primary-title-append\"><\/span><\/h2>\t\t\t\t<\/div>\n\t\t\t<\/div>\n\t\t<\/a>\n\t<\/div>\n\n\t<\/div><div class=\"is-card-hoyre\">\n\t<div class=\"teft-card hoyre-teft-card post-teft-card\">\n\t\t<a href=\"https:\/\/hoyre.no\/nordland\/aktuelt\/sjomatnaeringen-og-prosessindustrien\/\" class=\"teft-card__primary-action\">\n\n\t\t\t<div class=\"teft-card__media teft-card__media--16-9 no-image\"><\/div>\n\t\t\t<div class=\"teft-card__content-wrapper\">\n\t\t\t\t<div class=\"teft-card__secondary\">\n\t\t\t\t\t\n\t\t\t\t\t\t\t\t<div class=\"teft-card__meta\">\n\t\t\t\t\t\t\t\t\t<span class=\"post-date\">20. nov 2025<\/span>\n\n\t\t\t\t\t\t\t\t\t<span class=\"post-category\">Fylkes\u00e5rsm\u00f8te 2025<\/span>\t\t\t\t\t\t\t\t<\/div>\n\t\t\t\t\t\t\t\t\t\t\t<\/div>\n\n\t\t\t\t<div class=\"teft-card__primary\">\n\t\t\t\t\t<h2 class=\"teft-card__title\">Sj\u00f8matn\u00e6ringen og prosessindustrien&nbsp;<span class=\"teft-card__primary-title-append\"><\/span><\/h2>\t\t\t\t<\/div>\n\t\t\t<\/div>\n\t\t<\/a>\n\t<\/div>\n\n\t<\/div><div class=\"is-card-hoyre\">\n\t<div class=\"teft-card hoyre-teft-card post-teft-card\">\n\t\t<a href=\"https:\/\/hoyre.no\/nordland\/aktuelt\/okt-satsning-pa-havforskning\/\" class=\"teft-card__primary-action\">\n\n\t\t\t<div class=\"teft-card__media teft-card__media--16-9 no-image\"><\/div>\n\t\t\t<div class=\"teft-card__content-wrapper\">\n\t\t\t\t<div class=\"teft-card__secondary\">\n\t\t\t\t\t\n\t\t\t\t\t\t\t\t<div class=\"teft-card__meta\">\n\t\t\t\t\t\t\t\t\t<span class=\"post-date\">20. nov 2025<\/span>\n\n\t\t\t\t\t\t\t\t\t<span class=\"post-category\">Fylkes\u00e5rsm\u00f8te 2025<\/span>\t\t\t\t\t\t\t\t<\/div>\n\t\t\t\t\t\t\t\t\t\t\t<\/div>\n\n\t\t\t\t<div class=\"teft-card__primary\">\n\t\t\t\t\t<h2 class=\"teft-card__title\">\u00d8kt satsning p\u00e5 havforskning&nbsp;<span class=\"teft-card__primary-title-append\"><\/span><\/h2>\t\t\t\t<\/div>\n\t\t\t<\/div>\n\t\t<\/a>\n\t<\/div>\n\n\t<\/div><\/div>\t<\/div>\n<\/div>\n","protected":false},"excerpt":{"rendered":"","protected":false},"author":3547,"featured_media":0,"comment_status":"closed","ping_status":"closed","sticky":false,"template":"","format":"standard","meta":{"teft_cards_image_url":"","teft_cards_custom_pretitle":"","teft_cards_image_id":648,"teft_cards_image_focal_point_x":0.5,"teft_cards_image_focal_point_y":0.5,"teft_cards_title":"","teft_cards_excerpt":"","teft_show_chapters":false,"author_display_name":"","footnotes":""},"category":[1],"post_tag":[],"hoyre-visibility":[],"article-type":[],"politician":[],"class_list":["post-839","post","type-post","status-publish","format-standard","hentry","category-ukategorisert"],"yoast_head":"<!-- This site is optimized with the Yoast SEO plugin v26.6 - https:\/\/yoast.com\/wordpress\/plugins\/seo\/ -->\n<title>Et havbruksfiendtlig fylkesr\u00e5d i Nordland - Det er n\u00e5 i ferd med \u00e5 utvikle seg ei krise i denne del av sj\u00f8matn\u00e6ringa - Nordland H\u00f8yre<\/title>\n<meta name=\"robots\" content=\"index, follow, max-snippet:-1, max-image-preview:large, max-video-preview:-1\" \/>\n<link rel=\"canonical\" href=\"https:\/\/hoyre.no\/nordland\/aktuelt\/et-havbruksfiendtlig-fylkesrad-i-nordland-det-er-na-i-ferd-med-a-utvikle-seg-ei-krise-i-denne-del-av-sjomatnaeringa\/\" \/>\n<meta property=\"og:locale\" content=\"nb_NO\" \/>\n<meta property=\"og:type\" content=\"article\" \/>\n<meta property=\"og:title\" content=\"Et havbruksfiendtlig fylkesr\u00e5d i Nordland - Det er n\u00e5 i ferd med \u00e5 utvikle seg ei krise i denne del av sj\u00f8matn\u00e6ringa - Nordland H\u00f8yre\" \/>\n<meta property=\"og:url\" content=\"https:\/\/hoyre.no\/nordland\/aktuelt\/et-havbruksfiendtlig-fylkesrad-i-nordland-det-er-na-i-ferd-med-a-utvikle-seg-ei-krise-i-denne-del-av-sjomatnaeringa\/\" \/>\n<meta property=\"og:site_name\" content=\"Nordland H\u00f8yre\" \/>\n<meta property=\"article:published_time\" content=\"2022-11-16T09:53:39+00:00\" \/>\n<meta property=\"article:modified_time\" content=\"2022-11-16T09:53:40+00:00\" \/>\n<meta property=\"og:image\" content=\"https:\/\/hoyre.no\/content\/uploads\/sites\/9\/2022\/11\/Hoyres-logo.png\" \/>\n\t<meta property=\"og:image:width\" content=\"1000\" \/>\n\t<meta property=\"og:image:height\" content=\"1000\" \/>\n\t<meta property=\"og:image:type\" content=\"image\/png\" \/>\n<meta name=\"author\" content=\"Isabella Emilie Pigini Storli\" \/>\n<meta name=\"twitter:card\" content=\"summary_large_image\" \/>\n<meta name=\"twitter:label1\" content=\"Skrevet av\" \/>\n\t<meta name=\"twitter:data1\" content=\"Isabella Emilie Pigini Storli\" \/>\n\t<meta name=\"twitter:label2\" content=\"Ansl. lesetid\" \/>\n\t<meta name=\"twitter:data2\" content=\"4 minutter\" \/>\n<script type=\"application\/ld+json\" class=\"yoast-schema-graph\">{\"@context\":\"https:\/\/schema.org\",\"@graph\":[{\"@type\":\"NewsArticle\",\"@id\":\"https:\/\/hoyre.no\/nordland\/aktuelt\/et-havbruksfiendtlig-fylkesrad-i-nordland-det-er-na-i-ferd-med-a-utvikle-seg-ei-krise-i-denne-del-av-sjomatnaeringa\/\",\"url\":\"https:\/\/hoyre.no\/nordland\/aktuelt\/et-havbruksfiendtlig-fylkesrad-i-nordland-det-er-na-i-ferd-med-a-utvikle-seg-ei-krise-i-denne-del-av-sjomatnaeringa\/\",\"name\":\"Et havbruksfiendtlig fylkesr\u00e5d i Nordland - Det er n\u00e5 i ferd med \u00e5 utvikle seg ei krise i denne del av sj\u00f8matn\u00e6ringa - Nordland H\u00f8yre\",\"isPartOf\":{\"@id\":\"https:\/\/hoyre.no\/nordland\/#website\"},\"datePublished\":\"2022-11-16T09:53:39+00:00\",\"dateModified\":\"2022-11-16T09:53:40+00:00\",\"author\":{\"@id\":\"https:\/\/hoyre.no\/nordland\/#\/schema\/person\/6f4581f8cbce8649b11dffce4d355a20\"},\"breadcrumb\":{\"@id\":\"https:\/\/hoyre.no\/nordland\/aktuelt\/et-havbruksfiendtlig-fylkesrad-i-nordland-det-er-na-i-ferd-med-a-utvikle-seg-ei-krise-i-denne-del-av-sjomatnaeringa\/#breadcrumb\"},\"inLanguage\":\"nb-NO\",\"potentialAction\":[{\"@type\":\"ReadAction\",\"target\":[\"https:\/\/hoyre.no\/nordland\/aktuelt\/et-havbruksfiendtlig-fylkesrad-i-nordland-det-er-na-i-ferd-med-a-utvikle-seg-ei-krise-i-denne-del-av-sjomatnaeringa\/\"]}]},{\"@type\":\"BreadcrumbList\",\"@id\":\"https:\/\/hoyre.no\/nordland\/aktuelt\/et-havbruksfiendtlig-fylkesrad-i-nordland-det-er-na-i-ferd-med-a-utvikle-seg-ei-krise-i-denne-del-av-sjomatnaeringa\/#breadcrumb\",\"itemListElement\":[{\"@type\":\"ListItem\",\"position\":1,\"name\":\"Til hoyre.no\",\"item\":\"https:\/\/hoyre.no\"},{\"@type\":\"ListItem\",\"position\":2,\"name\":\"Hjem\",\"item\":\"https:\/\/hoyre.no\/nordland\/\"},{\"@type\":\"ListItem\",\"position\":3,\"name\":\"Et havbruksfiendtlig fylkesr\u00e5d i Nordland &#8211; Det er n\u00e5 i ferd med \u00e5 utvikle seg ei krise i denne del av sj\u00f8matn\u00e6ringa\"}]},{\"@type\":\"WebSite\",\"@id\":\"https:\/\/hoyre.no\/nordland\/#website\",\"url\":\"https:\/\/hoyre.no\/nordland\/\",\"name\":\"Nordland H\u00f8yre\",\"description\":\"Bare enda et H\u00f8yres nettsteder-nettsted\",\"inLanguage\":\"nb-NO\"},{\"@type\":\"Person\",\"@id\":\"https:\/\/hoyre.no\/nordland\/#\/schema\/person\/6f4581f8cbce8649b11dffce4d355a20\",\"name\":\"Isabella Emilie Pigini Storli\",\"image\":{\"@type\":\"ImageObject\",\"inLanguage\":\"nb-NO\",\"@id\":\"https:\/\/hoyre.no\/nordland\/#\/schema\/person\/image\/\",\"url\":\"https:\/\/secure.gravatar.com\/avatar\/08adee43a03700ba785bdbd90482e1f29963f7da76a6456741cc4ace550c4fe2?s=96&d=mm&r=g\",\"contentUrl\":\"https:\/\/secure.gravatar.com\/avatar\/08adee43a03700ba785bdbd90482e1f29963f7da76a6456741cc4ace550c4fe2?s=96&d=mm&r=g\",\"caption\":\"Isabella Emilie Pigini Storli\"},\"url\":\"https:\/\/hoyre.no\/nordland\/aktuelt\/author\/m52026796\/\"}]}<\/script>\n<!-- \/ Yoast SEO plugin. -->","yoast_head_json":{"title":"Et havbruksfiendtlig fylkesr\u00e5d i Nordland - Det er n\u00e5 i ferd med \u00e5 utvikle seg ei krise i denne del av sj\u00f8matn\u00e6ringa - Nordland H\u00f8yre","robots":{"index":"index","follow":"follow","max-snippet":"max-snippet:-1","max-image-preview":"max-image-preview:large","max-video-preview":"max-video-preview:-1"},"canonical":"https:\/\/hoyre.no\/nordland\/aktuelt\/et-havbruksfiendtlig-fylkesrad-i-nordland-det-er-na-i-ferd-med-a-utvikle-seg-ei-krise-i-denne-del-av-sjomatnaeringa\/","og_locale":"nb_NO","og_type":"article","og_title":"Et havbruksfiendtlig fylkesr\u00e5d i Nordland - Det er n\u00e5 i ferd med \u00e5 utvikle seg ei krise i denne del av sj\u00f8matn\u00e6ringa - Nordland H\u00f8yre","og_url":"https:\/\/hoyre.no\/nordland\/aktuelt\/et-havbruksfiendtlig-fylkesrad-i-nordland-det-er-na-i-ferd-med-a-utvikle-seg-ei-krise-i-denne-del-av-sjomatnaeringa\/","og_site_name":"Nordland H\u00f8yre","article_published_time":"2022-11-16T09:53:39+00:00","article_modified_time":"2022-11-16T09:53:40+00:00","og_image":[{"width":1000,"height":1000,"url":"https:\/\/hoyre.no\/content\/uploads\/sites\/9\/2022\/11\/Hoyres-logo.png","type":"image\/png"}],"author":"Isabella Emilie Pigini Storli","twitter_card":"summary_large_image","twitter_misc":{"Skrevet av":"Isabella Emilie Pigini Storli","Ansl. lesetid":"4 minutter"},"schema":{"@context":"https:\/\/schema.org","@graph":[{"@type":"NewsArticle","@id":"https:\/\/hoyre.no\/nordland\/aktuelt\/et-havbruksfiendtlig-fylkesrad-i-nordland-det-er-na-i-ferd-med-a-utvikle-seg-ei-krise-i-denne-del-av-sjomatnaeringa\/","url":"https:\/\/hoyre.no\/nordland\/aktuelt\/et-havbruksfiendtlig-fylkesrad-i-nordland-det-er-na-i-ferd-med-a-utvikle-seg-ei-krise-i-denne-del-av-sjomatnaeringa\/","name":"Et havbruksfiendtlig fylkesr\u00e5d i Nordland - Det er n\u00e5 i ferd med \u00e5 utvikle seg ei krise i denne del av sj\u00f8matn\u00e6ringa - Nordland H\u00f8yre","isPartOf":{"@id":"https:\/\/hoyre.no\/nordland\/#website"},"datePublished":"2022-11-16T09:53:39+00:00","dateModified":"2022-11-16T09:53:40+00:00","author":{"@id":"https:\/\/hoyre.no\/nordland\/#\/schema\/person\/6f4581f8cbce8649b11dffce4d355a20"},"breadcrumb":{"@id":"https:\/\/hoyre.no\/nordland\/aktuelt\/et-havbruksfiendtlig-fylkesrad-i-nordland-det-er-na-i-ferd-med-a-utvikle-seg-ei-krise-i-denne-del-av-sjomatnaeringa\/#breadcrumb"},"inLanguage":"nb-NO","potentialAction":[{"@type":"ReadAction","target":["https:\/\/hoyre.no\/nordland\/aktuelt\/et-havbruksfiendtlig-fylkesrad-i-nordland-det-er-na-i-ferd-med-a-utvikle-seg-ei-krise-i-denne-del-av-sjomatnaeringa\/"]}]},{"@type":"BreadcrumbList","@id":"https:\/\/hoyre.no\/nordland\/aktuelt\/et-havbruksfiendtlig-fylkesrad-i-nordland-det-er-na-i-ferd-med-a-utvikle-seg-ei-krise-i-denne-del-av-sjomatnaeringa\/#breadcrumb","itemListElement":[{"@type":"ListItem","position":1,"name":"Til hoyre.no","item":"https:\/\/hoyre.no"},{"@type":"ListItem","position":2,"name":"Hjem","item":"https:\/\/hoyre.no\/nordland\/"},{"@type":"ListItem","position":3,"name":"Et havbruksfiendtlig fylkesr\u00e5d i Nordland &#8211; Det er n\u00e5 i ferd med \u00e5 utvikle seg ei krise i denne del av sj\u00f8matn\u00e6ringa"}]},{"@type":"WebSite","@id":"https:\/\/hoyre.no\/nordland\/#website","url":"https:\/\/hoyre.no\/nordland\/","name":"Nordland H\u00f8yre","description":"Bare enda et H\u00f8yres nettsteder-nettsted","inLanguage":"nb-NO"},{"@type":"Person","@id":"https:\/\/hoyre.no\/nordland\/#\/schema\/person\/6f4581f8cbce8649b11dffce4d355a20","name":"Isabella Emilie Pigini Storli","image":{"@type":"ImageObject","inLanguage":"nb-NO","@id":"https:\/\/hoyre.no\/nordland\/#\/schema\/person\/image\/","url":"https:\/\/secure.gravatar.com\/avatar\/08adee43a03700ba785bdbd90482e1f29963f7da76a6456741cc4ace550c4fe2?s=96&d=mm&r=g","contentUrl":"https:\/\/secure.gravatar.com\/avatar\/08adee43a03700ba785bdbd90482e1f29963f7da76a6456741cc4ace550c4fe2?s=96&d=mm&r=g","caption":"Isabella Emilie Pigini Storli"},"url":"https:\/\/hoyre.no\/nordland\/aktuelt\/author\/m52026796\/"}]}},"distributor_meta":false,"distributor_terms":false,"distributor_media":false,"distributor_original_site_name":"Nordland H\u00f8yre","distributor_original_site_url":"https:\/\/hoyre.no\/nordland","push-errors":false,"_links":{"self":[{"href":"https:\/\/hoyre.no\/nordland\/wp-json\/wp\/v2\/posts\/839","targetHints":{"allow":["GET"]}}],"collection":[{"href":"https:\/\/hoyre.no\/nordland\/wp-json\/wp\/v2\/posts"}],"about":[{"href":"https:\/\/hoyre.no\/nordland\/wp-json\/wp\/v2\/types\/post"}],"author":[{"embeddable":true,"href":"https:\/\/hoyre.no\/nordland\/wp-json\/wp\/v2\/users\/3547"}],"replies":[{"embeddable":true,"href":"https:\/\/hoyre.no\/nordland\/wp-json\/wp\/v2\/comments?post=839"}],"version-history":[{"count":1,"href":"https:\/\/hoyre.no\/nordland\/wp-json\/wp\/v2\/posts\/839\/revisions"}],"predecessor-version":[{"id":841,"href":"https:\/\/hoyre.no\/nordland\/wp-json\/wp\/v2\/posts\/839\/revisions\/841"}],"wp:attachment":[{"href":"https:\/\/hoyre.no\/nordland\/wp-json\/wp\/v2\/media?parent=839"}],"wp:term":[{"taxonomy":"category","embeddable":true,"href":"https:\/\/hoyre.no\/nordland\/wp-json\/wp\/v2\/category?post=839"},{"taxonomy":"post_tag","embeddable":true,"href":"https:\/\/hoyre.no\/nordland\/wp-json\/wp\/v2\/post_tag?post=839"},{"taxonomy":"hoyre-visibility","embeddable":true,"href":"https:\/\/hoyre.no\/nordland\/wp-json\/wp\/v2\/hoyre-visibility?post=839"},{"taxonomy":"article-type","embeddable":true,"href":"https:\/\/hoyre.no\/nordland\/wp-json\/wp\/v2\/article-type?post=839"},{"taxonomy":"politician","embeddable":true,"href":"https:\/\/hoyre.no\/nordland\/wp-json\/wp\/v2\/politician?post=839"}],"curies":[{"name":"wp","href":"https:\/\/api.w.org\/{rel}","templated":true}]}}