{"id":103,"date":"2024-10-17T13:23:03","date_gmt":"2024-10-17T11:23:03","guid":{"rendered":"https:\/\/hoyre.no\/nordstrand\/?p=103"},"modified":"2024-10-17T13:25:18","modified_gmt":"2024-10-17T11:25:18","slug":"nyheter-nordstrandhoyre","status":"publish","type":"post","link":"https:\/\/hoyre.no\/nordstrand\/aktuelt\/nyheter-nordstrandhoyre\/","title":{"rendered":"H\u00f8yre prioriterer det viktigste f\u00f8rst"},"content":{"rendered":"\n<p class=\"preamble\">I dette innlegget svarer Knut Falchenberg p\u00e5 MDGs kritikk av byr\u00e5dets budsjettforslag.<\/p>\t\t\t<div class=\"post-meta wp-block teft-byline-wrapper\">\n\t\t\t\t<div class=\"top\">\n\t\t\t\t\t<div class=\"signature\">\n\t\t\t\t\t\t<div class=\"teft-byline\">\n\t\t\t\t\t\t\t\t\t\t\t\t\t\t<div>\n\t\t\t\t\t\t\t\t<h3>H\u00f8yres redaksjon<\/h3>\t\t\t\t\t\t\t\t\n\t\t\t\t\t\t\t\t\t\t\t\t\t\t\t\t\t<span class=\"date\">Sist oppdatert: 17. oktober 2024<\/span>\n\t\t\t\t\t\t\t\t\t\t\t\t\t\t\t\t\t\t\t\t\t\t\t\t\t<span class=\"reading-time\" itemprop=\"timeRequired\" content=\"PT3M\"><em>Ca. 3 minutter lesetid<\/em><\/span>\n\t\t\t\t\t\t\t\t\t\t\t\t\t\t\t<\/div>\n\t\t\t\t\t\t<\/div>\n\t\t\t\t\t<\/div>\n\t\t\t\t\t\t<div class=\"sharing\">\n\t\t<a class=\"share-button share-link copy-link\" data-copy=\"https:\/\/hoyre.no\/nordstrand\/aktuelt\/nyheter-nordstrandhoyre\/\" target=\"_blank\"><span class=\"screen-reader-text\">Del link<\/span><\/a>\n\t\t<a class=\"share-button share-twitter\" href=\"http:\/\/twitter.com\/share?text=H\u00f8yre prioriterer det viktigste f\u00f8rst&#038;url=https:\/\/hoyre.no\/nordstrand\/aktuelt\/nyheter-nordstrandhoyre\/&#038;hashtags=Hoyre\" target=\"_blank\"><span class=\"screen-reader-text\">Del p\u00e5 twitter<\/span><\/a>\n\t\t<a class=\"share-button share-facebook\" href=\"https:\/\/www.facebook.com\/sharer\/sharer.php?u=https:\/\/hoyre.no\/nordstrand\/aktuelt\/nyheter-nordstrandhoyre\/\" target=\"_blank\"><span class=\"screen-reader-text\">Del p\u00e5 facebook<\/span><\/a>\n\t<\/div>\n\t\t\t\t\t<\/div>\n\t\t\t<\/div>\n\n\t\t\t<figure class=\"hoyre-image-wrapper\"><div class=\"hoyre-image\"><img loading=\"lazy\" decoding=\"async\" width=\"2000\" height=\"1523\" src=\"https:\/\/hoyre.no\/content\/uploads\/sites\/423\/2024\/10\/00044aa0-0586-4cf6-a94e-2b53803e5eb5.jpg\" class=\"attachment-scaled size-scaled\" alt=\"\" style=\"object-position: 50% 50%\" srcset=\"https:\/\/hoyre.no\/content\/uploads\/sites\/423\/2024\/10\/00044aa0-0586-4cf6-a94e-2b53803e5eb5.jpg 2000w, https:\/\/hoyre.no\/content\/uploads\/sites\/423\/2024\/10\/00044aa0-0586-4cf6-a94e-2b53803e5eb5-300x228.jpg 300w, https:\/\/hoyre.no\/content\/uploads\/sites\/423\/2024\/10\/00044aa0-0586-4cf6-a94e-2b53803e5eb5-1024x780.jpg 1024w, https:\/\/hoyre.no\/content\/uploads\/sites\/423\/2024\/10\/00044aa0-0586-4cf6-a94e-2b53803e5eb5-768x585.jpg 768w, https:\/\/hoyre.no\/content\/uploads\/sites\/423\/2024\/10\/00044aa0-0586-4cf6-a94e-2b53803e5eb5-1536x1170.jpg 1536w\" sizes=\"auto, (max-width: 2000px) 100vw, 2000px\" \/><\/div><figcaption class=\"caption\">&#8211; Kommunen kan driftes b\u00e5de smartere og bedre. Vi i bydel Nordstrand skal selvsagt v\u00e6re med p\u00e5 dugnaden!, skriver H\u00f8yres leder i Nordstrand bydelsutvalg, Knut Falchenberg.\u00a0<strong>Foto: <\/strong>Kristin Trosvik\/Nordstrands Blad<\/figcaption><\/figure>\n\n\n\n\n<p>Selv om den \u00f8konomiske situasjonen i Oslo er sv\u00e6rt krevende, har byr\u00e5det funnet rom for viktige satsninger i budsjettforslaget. Vi prioriterer barn og unge, klima og milj\u00f8 og din og min privat\u00f8konomi.<\/p>\n\n\n\n<p>I et&nbsp;<a href=\"https:\/\/www.noblad.no\/na-vet-vi-hva-vi-far-med-hoyre-byradet\/o\/5-56-864968\">leserinnlegg<\/a>&nbsp;i avisen, viser Nordstrand MDGs nestleder sv\u00e6rt lav forst\u00e5else for den \u00f8konomiske krisen Oslo kommune n\u00e5 st\u00e5r i. P\u00e5 grunn av St\u00f8re-regjeringens endringer i inntektssystemet for kommunene, vil Oslo tape cirka 600 millioner kroner hvert eneste \u00e5r. Selv om vi trolig f\u00e5r noe tilbake i statsbudsjettet for neste \u00e5r, er situasjonen dramatisk.<\/p>\n\n\n\n<p>I tillegg kom H\u00f8yre og Venstre til alt annet enn dekket bord da vi overtok styringen av byen i fjor. Vi overtok en vesentlig h\u00f8yere gjeld og et negativt driftsresultat p\u00e5 hele 1,2 milliarder kroner. MDGs p\u00e5stand om at det forrige byr\u00e5det hadde bedre kontroll p\u00e5 kommune\u00f8konomien, faller derfor p\u00e5 sin egen urimelighet.<\/p>\n\n\n\n<p>Vi er n\u00f8dt til \u00e5 effektivisere og omstille oss for \u00e5 klare dette, og det kommer til \u00e5 bli t\u00f8ft for hele kommunen, ogs\u00e5 v\u00e5r bydel. I stedet for \u00e5 sm\u00f8re pengene tynt utover, har byr\u00e5det prioritert det viktigste f\u00f8rst i budsjettforslaget. Jeg er glad for at man har funnet rom til flere viktige satsninger, p\u00e5 tross av den sv\u00e6rt krevende \u00f8konomiske situasjonen.<\/p>\n\n\n\n<p>Den fremste prioriteringen til byr\u00e5det er \u00e5 forhindre at barn og unge faller utenfor. Derfor satses det blant annet stort p\u00e5 idrett. I v\u00e5r egen bydel er det for eksempel satt av henholdsvis 21,2 og 11,4 millioner kroner i 2025 og 2026 til \u00e5 rehabilitere Slore\u00e5sen alpinanlegg. Dette er en solid oppgradering som vil sikre videre drift av anlegget i \u00e5rene fremover.<\/p>\n\n\n\n<p>Byr\u00e5det prioriterer ogs\u00e5 klima og milj\u00f8 h\u00f8yt i budsjettet. Vi trapper opp innsatsen for \u00e5 n\u00e5 klimam\u00e5lene, gj\u00f8r byen gr\u00f8nnere og s\u00f8rger for at det alltid l\u00f8nner seg \u00e5 ta klimavennlige valg \u2013 blant annet ved \u00e5 opprettholde reduserte priser p\u00e5 m\u00e5nedskort.<\/p>\n\n\n\n<p>Til slutt prioriterer byr\u00e5det at folk skal f\u00e5 beholde mer av sine egne penger. Det trengs i en tid der mange har f\u00e5tt d\u00e5rligere r\u00e5d p\u00e5 grunn av h\u00f8yere renter og prisstigningen.<\/p>\n\n\n\n<p>Selv om kommunen har f\u00e5tt mer krevende \u00f8konomi, mener H\u00f8yre at det ikke er rett \u00e5 sende regningen til Oslos innbyggere. Kommunen kan driftes b\u00e5de smartere og bedre, og det legger byr\u00e5det opp til i sitt budsjettforslag.<\/p>\n\n\n\n<p>Vi i Bydel Nordstrand skal selvsagt v\u00e6re med p\u00e5 dugnaden!<\/p>\n\n\n\n<p><strong>Skrevet av: <\/strong><\/p>\n\n\n\n<ul class=\"wp-block-list\">\n<li>Knut Falchenberg, leder i Nordstrand bydelsutvalg (H\u00f8yre)<\/li>\n<\/ul>\n\n\n<div class=\"tags\">\n\t\t<div class=\"wp-block-tag-cloud\">\n\t\t\t\t\t<a href=\"https:\/\/hoyre.no\/nordstrand\/aktuelt\/tag\/innlegg\/\" class=\"tag-cloud-link\">Innlegg<\/a>\n\t\t\t\t\t<a href=\"https:\/\/hoyre.no\/nordstrand\/aktuelt\/tag\/nyheter\/\" class=\"tag-cloud-link\">Nyheter<\/a>\n\t\t\t<\/div>\n\t<\/div>\n<div class=\"post-footer alignfull has-background block-editor-block-list__block\" data-align=full>\n\t<div class=\"post-footer-inner\">\n\t\t<h3>Relaterte artikler<\/h3>\n\t\t<div class=\"related-content\"><div class=\"is-card-hoyre\">\n\t<div class=\"teft-card hoyre-teft-card post-teft-card\">\n\t\t<a href=\"https:\/\/hoyre.no\/nordstrand\/aktuelt\/ny-politisk-plattform-for-bydel-nordstrand\/\" class=\"teft-card__primary-action\">\n\n\t\t\t<div class=\"teft-card__media teft-card__media--16-9 no-image\"><\/div>\n\t\t\t<div class=\"teft-card__content-wrapper\">\n\t\t\t\t<div class=\"teft-card__secondary\">\n\t\t\t\t\t\n\t\t\t\t\t\t\t\t<div class=\"teft-card__meta\">\n\t\t\t\t\t\t\t\t\t<span class=\"post-date\">23. okt 2023<\/span>\n\n\t\t\t\t\t\t\t\t\t<span class=\"post-category\">Ukategorisert<\/span>\t\t\t\t\t\t\t\t<\/div>\n\t\t\t\t\t\t\t\t\t\t\t<\/div>\n\n\t\t\t\t<div class=\"teft-card__primary\">\n\t\t\t\t\t<h2 class=\"teft-card__title\">Ny politisk plattform for Bydel Nordstrand&nbsp;<span class=\"teft-card__primary-title-append\"><\/span><\/h2>\t\t\t\t<\/div>\n\t\t\t<\/div>\n\t\t<\/a>\n\t<\/div>\n\n\t<\/div><div class=\"is-card-hoyre\">\n\t<div class=\"teft-card hoyre-teft-card post-teft-card\">\n\t\t<a href=\"https:\/\/hoyre.no\/nordstrand\/aktuelt\/bydelsprogrammet-2023-27\/\" class=\"teft-card__primary-action\">\n\n\t\t\t<div class=\"teft-card__media teft-card__media--16-9 no-image\"><\/div>\n\t\t\t<div class=\"teft-card__content-wrapper\">\n\t\t\t\t<div class=\"teft-card__secondary\">\n\t\t\t\t\t\n\t\t\t\t\t\t\t\t<div class=\"teft-card__meta\">\n\t\t\t\t\t\t\t\t\t<span class=\"post-date\">3. jul 2023<\/span>\n\n\t\t\t\t\t\t\t\t\t\t\t\t\t\t\t\t\t<\/div>\n\t\t\t\t\t\t\t\t\t\t\t<\/div>\n\n\t\t\t\t<div class=\"teft-card__primary\">\n\t\t\t\t\t<h2 class=\"teft-card__title\">Nordstrand H\u00f8yres bydelsprogram 2023-27&nbsp;<span class=\"teft-card__primary-title-append\"><\/span><\/h2>\t\t\t\t<\/div>\n\t\t\t<\/div>\n\t\t<\/a>\n\t<\/div>\n\n\t<\/div><div class=\"is-card-hoyre\">\n\t<div class=\"teft-card hoyre-teft-card post-teft-card\">\n\t\t<a href=\"https:\/\/hoyre.no\/nordstrand\/aktuelt\/medlemsmote-med-ola-svenneby\/\" class=\"teft-card__primary-action\">\n\n\t\t\t<div class=\"teft-card__media teft-card__media--16-9 no-image\"><\/div>\n\t\t\t<div class=\"teft-card__content-wrapper\">\n\t\t\t\t<div class=\"teft-card__secondary\">\n\t\t\t\t\t\n\t\t\t\t\t\t\t\t<div class=\"teft-card__meta\">\n\t\t\t\t\t\t\t\t\t<span class=\"post-date\">26. feb 2026<\/span>\n\n\t\t\t\t\t\t\t\t\t\t\t\t\t\t\t\t\t<\/div>\n\t\t\t\t\t\t\t\t\t\t\t<\/div>\n\n\t\t\t\t<div class=\"teft-card__primary\">\n\t\t\t\t\t<h2 class=\"teft-card__title\">Medlemsm\u00f8te med Ola Svenneby&nbsp;<span class=\"teft-card__primary-title-append\"><\/span><\/h2>\t\t\t\t<\/div>\n\t\t\t<\/div>\n\t\t<\/a>\n\t<\/div>\n\n\t<\/div><\/div>\t<\/div>\n<\/div>\n","protected":false},"excerpt":{"rendered":"","protected":false},"author":38912,"featured_media":0,"comment_status":"closed","ping_status":"closed","sticky":false,"template":"","format":"standard","meta":{"teft_cards_image_url":"","teft_cards_custom_pretitle":"","teft_cards_image_id":104,"teft_cards_image_focal_point_x":0.5,"teft_cards_image_focal_point_y":0.5,"teft_cards_title":"","teft_cards_excerpt":"","teft_show_chapters":false,"author_display_name":"","footnotes":""},"category":[1],"post_tag":[11,10],"hoyre-visibility":[],"article-type":[],"politician":[],"class_list":["post-103","post","type-post","status-publish","format-standard","hentry","category-ukategorisert","tag-innlegg","tag-nyheter"],"yoast_head":"<!-- This site is optimized with the Yoast SEO plugin v26.6 - https:\/\/yoast.com\/wordpress\/plugins\/seo\/ -->\n<title>H\u00f8yre prioriterer det viktigste f\u00f8rst - Nordstrand H\u00f8yre<\/title>\n<meta name=\"description\" content=\"Vi i bydel Nordstrand skal selvsagt v\u00e6re med p\u00e5 dugnaden!, skriver H\u00f8yres leder i Nordstrand bydelsutvalg, Knut Falchenberg.\" \/>\n<meta name=\"robots\" content=\"index, follow, max-snippet:-1, max-image-preview:large, max-video-preview:-1\" \/>\n<link rel=\"canonical\" href=\"https:\/\/hoyre.no\/nordstrand\/aktuelt\/nyheter-nordstrandhoyre\/\" \/>\n<meta property=\"og:locale\" content=\"nb_NO\" \/>\n<meta property=\"og:type\" content=\"article\" \/>\n<meta property=\"og:title\" content=\"H\u00f8yre prioriterer det viktigste f\u00f8rst - Nordstrand H\u00f8yre\" \/>\n<meta property=\"og:description\" content=\"Vi i bydel Nordstrand skal selvsagt v\u00e6re med p\u00e5 dugnaden!, skriver H\u00f8yres leder i Nordstrand bydelsutvalg, Knut Falchenberg.\" \/>\n<meta property=\"og:url\" content=\"https:\/\/hoyre.no\/nordstrand\/aktuelt\/nyheter-nordstrandhoyre\/\" \/>\n<meta property=\"og:site_name\" content=\"Nordstrand H\u00f8yre\" \/>\n<meta property=\"article:published_time\" content=\"2024-10-17T11:23:03+00:00\" \/>\n<meta property=\"article:modified_time\" content=\"2024-10-17T11:25:18+00:00\" \/>\n<meta property=\"og:image\" content=\"https:\/\/hoyre.no\/content\/uploads\/sites\/423\/2022\/11\/Hoyres-logo.png\" \/>\n\t<meta property=\"og:image:width\" content=\"1000\" \/>\n\t<meta property=\"og:image:height\" content=\"1000\" \/>\n\t<meta property=\"og:image:type\" content=\"image\/png\" \/>\n<meta name=\"author\" content=\"Thea Thomassen\" \/>\n<meta name=\"twitter:card\" content=\"summary_large_image\" \/>\n<meta name=\"twitter:label1\" content=\"Skrevet av\" \/>\n\t<meta name=\"twitter:data1\" content=\"Thea Thomassen\" \/>\n\t<meta name=\"twitter:label2\" content=\"Ansl. lesetid\" \/>\n\t<meta name=\"twitter:data2\" content=\"3 minutter\" \/>\n<script type=\"application\/ld+json\" class=\"yoast-schema-graph\">{\"@context\":\"https:\/\/schema.org\",\"@graph\":[{\"@type\":\"NewsArticle\",\"@id\":\"https:\/\/hoyre.no\/nordstrand\/aktuelt\/nyheter-nordstrandhoyre\/\",\"url\":\"https:\/\/hoyre.no\/nordstrand\/aktuelt\/nyheter-nordstrandhoyre\/\",\"name\":\"H\u00f8yre prioriterer det viktigste f\u00f8rst - Nordstrand H\u00f8yre\",\"isPartOf\":{\"@id\":\"https:\/\/hoyre.no\/nordstrand\/#website\"},\"datePublished\":\"2024-10-17T11:23:03+00:00\",\"dateModified\":\"2024-10-17T11:25:18+00:00\",\"author\":{\"@id\":\"https:\/\/hoyre.no\/nordstrand\/#\/schema\/person\/d534b05b8899bd67a406de850d10ebca\"},\"description\":\"Vi i bydel Nordstrand skal selvsagt v\u00e6re med p\u00e5 dugnaden!, skriver H\u00f8yres leder i Nordstrand bydelsutvalg, Knut Falchenberg.\",\"breadcrumb\":{\"@id\":\"https:\/\/hoyre.no\/nordstrand\/aktuelt\/nyheter-nordstrandhoyre\/#breadcrumb\"},\"inLanguage\":\"nb-NO\",\"potentialAction\":[{\"@type\":\"ReadAction\",\"target\":[\"https:\/\/hoyre.no\/nordstrand\/aktuelt\/nyheter-nordstrandhoyre\/\"]}]},{\"@type\":\"BreadcrumbList\",\"@id\":\"https:\/\/hoyre.no\/nordstrand\/aktuelt\/nyheter-nordstrandhoyre\/#breadcrumb\",\"itemListElement\":[{\"@type\":\"ListItem\",\"position\":1,\"name\":\"Til hoyre.no\",\"item\":\"https:\/\/hoyre.no\"},{\"@type\":\"ListItem\",\"position\":2,\"name\":\"Hjem\",\"item\":\"https:\/\/hoyre.no\/nordstrand\/\"},{\"@type\":\"ListItem\",\"position\":3,\"name\":\"H\u00f8yre prioriterer det viktigste f\u00f8rst\"}]},{\"@type\":\"WebSite\",\"@id\":\"https:\/\/hoyre.no\/nordstrand\/#website\",\"url\":\"https:\/\/hoyre.no\/nordstrand\/\",\"name\":\"Nordstrand H\u00f8yre\",\"description\":\"Bare enda et H\u00f8yres nettsteder-nettsted\",\"inLanguage\":\"nb-NO\"},{\"@type\":\"Person\",\"@id\":\"https:\/\/hoyre.no\/nordstrand\/#\/schema\/person\/d534b05b8899bd67a406de850d10ebca\",\"name\":\"Thea Thomassen\",\"image\":{\"@type\":\"ImageObject\",\"inLanguage\":\"nb-NO\",\"@id\":\"https:\/\/hoyre.no\/nordstrand\/#\/schema\/person\/image\/\",\"url\":\"https:\/\/secure.gravatar.com\/avatar\/1aa2eb350992b0c3b6d98ae330f4671423fa9edfade751802235ff24d73aca83?s=96&d=mm&r=g\",\"contentUrl\":\"https:\/\/secure.gravatar.com\/avatar\/1aa2eb350992b0c3b6d98ae330f4671423fa9edfade751802235ff24d73aca83?s=96&d=mm&r=g\",\"caption\":\"Thea Thomassen\"},\"url\":\"https:\/\/hoyre.no\/nordstrand\/aktuelt\/author\/m52185865\/\"}]}<\/script>\n<!-- \/ Yoast SEO plugin. -->","yoast_head_json":{"title":"H\u00f8yre prioriterer det viktigste f\u00f8rst - Nordstrand H\u00f8yre","description":"Vi i bydel Nordstrand skal selvsagt v\u00e6re med p\u00e5 dugnaden!, skriver H\u00f8yres leder i Nordstrand bydelsutvalg, Knut Falchenberg.","robots":{"index":"index","follow":"follow","max-snippet":"max-snippet:-1","max-image-preview":"max-image-preview:large","max-video-preview":"max-video-preview:-1"},"canonical":"https:\/\/hoyre.no\/nordstrand\/aktuelt\/nyheter-nordstrandhoyre\/","og_locale":"nb_NO","og_type":"article","og_title":"H\u00f8yre prioriterer det viktigste f\u00f8rst - Nordstrand H\u00f8yre","og_description":"Vi i bydel Nordstrand skal selvsagt v\u00e6re med p\u00e5 dugnaden!, skriver H\u00f8yres leder i Nordstrand bydelsutvalg, Knut Falchenberg.","og_url":"https:\/\/hoyre.no\/nordstrand\/aktuelt\/nyheter-nordstrandhoyre\/","og_site_name":"Nordstrand H\u00f8yre","article_published_time":"2024-10-17T11:23:03+00:00","article_modified_time":"2024-10-17T11:25:18+00:00","og_image":[{"width":1000,"height":1000,"url":"https:\/\/hoyre.no\/content\/uploads\/sites\/423\/2022\/11\/Hoyres-logo.png","type":"image\/png"}],"author":"Thea Thomassen","twitter_card":"summary_large_image","twitter_misc":{"Skrevet av":"Thea Thomassen","Ansl. lesetid":"3 minutter"},"schema":{"@context":"https:\/\/schema.org","@graph":[{"@type":"NewsArticle","@id":"https:\/\/hoyre.no\/nordstrand\/aktuelt\/nyheter-nordstrandhoyre\/","url":"https:\/\/hoyre.no\/nordstrand\/aktuelt\/nyheter-nordstrandhoyre\/","name":"H\u00f8yre prioriterer det viktigste f\u00f8rst - Nordstrand H\u00f8yre","isPartOf":{"@id":"https:\/\/hoyre.no\/nordstrand\/#website"},"datePublished":"2024-10-17T11:23:03+00:00","dateModified":"2024-10-17T11:25:18+00:00","author":{"@id":"https:\/\/hoyre.no\/nordstrand\/#\/schema\/person\/d534b05b8899bd67a406de850d10ebca"},"description":"Vi i bydel Nordstrand skal selvsagt v\u00e6re med p\u00e5 dugnaden!, skriver H\u00f8yres leder i Nordstrand bydelsutvalg, Knut Falchenberg.","breadcrumb":{"@id":"https:\/\/hoyre.no\/nordstrand\/aktuelt\/nyheter-nordstrandhoyre\/#breadcrumb"},"inLanguage":"nb-NO","potentialAction":[{"@type":"ReadAction","target":["https:\/\/hoyre.no\/nordstrand\/aktuelt\/nyheter-nordstrandhoyre\/"]}]},{"@type":"BreadcrumbList","@id":"https:\/\/hoyre.no\/nordstrand\/aktuelt\/nyheter-nordstrandhoyre\/#breadcrumb","itemListElement":[{"@type":"ListItem","position":1,"name":"Til hoyre.no","item":"https:\/\/hoyre.no"},{"@type":"ListItem","position":2,"name":"Hjem","item":"https:\/\/hoyre.no\/nordstrand\/"},{"@type":"ListItem","position":3,"name":"H\u00f8yre prioriterer det viktigste f\u00f8rst"}]},{"@type":"WebSite","@id":"https:\/\/hoyre.no\/nordstrand\/#website","url":"https:\/\/hoyre.no\/nordstrand\/","name":"Nordstrand H\u00f8yre","description":"Bare enda et H\u00f8yres nettsteder-nettsted","inLanguage":"nb-NO"},{"@type":"Person","@id":"https:\/\/hoyre.no\/nordstrand\/#\/schema\/person\/d534b05b8899bd67a406de850d10ebca","name":"Thea Thomassen","image":{"@type":"ImageObject","inLanguage":"nb-NO","@id":"https:\/\/hoyre.no\/nordstrand\/#\/schema\/person\/image\/","url":"https:\/\/secure.gravatar.com\/avatar\/1aa2eb350992b0c3b6d98ae330f4671423fa9edfade751802235ff24d73aca83?s=96&d=mm&r=g","contentUrl":"https:\/\/secure.gravatar.com\/avatar\/1aa2eb350992b0c3b6d98ae330f4671423fa9edfade751802235ff24d73aca83?s=96&d=mm&r=g","caption":"Thea Thomassen"},"url":"https:\/\/hoyre.no\/nordstrand\/aktuelt\/author\/m52185865\/"}]}},"distributor_meta":false,"distributor_terms":false,"distributor_media":false,"distributor_original_site_name":"Nordstrand H\u00f8yre","distributor_original_site_url":"https:\/\/hoyre.no\/nordstrand","push-errors":false,"_links":{"self":[{"href":"https:\/\/hoyre.no\/nordstrand\/wp-json\/wp\/v2\/posts\/103","targetHints":{"allow":["GET"]}}],"collection":[{"href":"https:\/\/hoyre.no\/nordstrand\/wp-json\/wp\/v2\/posts"}],"about":[{"href":"https:\/\/hoyre.no\/nordstrand\/wp-json\/wp\/v2\/types\/post"}],"author":[{"embeddable":true,"href":"https:\/\/hoyre.no\/nordstrand\/wp-json\/wp\/v2\/users\/38912"}],"replies":[{"embeddable":true,"href":"https:\/\/hoyre.no\/nordstrand\/wp-json\/wp\/v2\/comments?post=103"}],"version-history":[{"count":1,"href":"https:\/\/hoyre.no\/nordstrand\/wp-json\/wp\/v2\/posts\/103\/revisions"}],"predecessor-version":[{"id":106,"href":"https:\/\/hoyre.no\/nordstrand\/wp-json\/wp\/v2\/posts\/103\/revisions\/106"}],"wp:attachment":[{"href":"https:\/\/hoyre.no\/nordstrand\/wp-json\/wp\/v2\/media?parent=103"}],"wp:term":[{"taxonomy":"category","embeddable":true,"href":"https:\/\/hoyre.no\/nordstrand\/wp-json\/wp\/v2\/category?post=103"},{"taxonomy":"post_tag","embeddable":true,"href":"https:\/\/hoyre.no\/nordstrand\/wp-json\/wp\/v2\/post_tag?post=103"},{"taxonomy":"hoyre-visibility","embeddable":true,"href":"https:\/\/hoyre.no\/nordstrand\/wp-json\/wp\/v2\/hoyre-visibility?post=103"},{"taxonomy":"article-type","embeddable":true,"href":"https:\/\/hoyre.no\/nordstrand\/wp-json\/wp\/v2\/article-type?post=103"},{"taxonomy":"politician","embeddable":true,"href":"https:\/\/hoyre.no\/nordstrand\/wp-json\/wp\/v2\/politician?post=103"}],"curies":[{"name":"wp","href":"https:\/\/api.w.org\/{rel}","templated":true}]}}