{"id":125,"date":"2026-02-26T15:25:56","date_gmt":"2026-02-26T14:25:56","guid":{"rendered":"https:\/\/hoyre.no\/nordstrand\/?p=125"},"modified":"2026-02-26T15:25:56","modified_gmt":"2026-02-26T14:25:56","slug":"medlemsmote-med-ola-svenneby","status":"publish","type":"post","link":"https:\/\/hoyre.no\/nordstrand\/aktuelt\/medlemsmote-med-ola-svenneby\/","title":{"rendered":"Medlemsm\u00f8te med Ola Svenneby"},"content":{"rendered":"\n<p class=\"preamble\">Onsdag 11. mars 2026 kl. 19-20:30<\/p>\t\t\t<div class=\"post-meta wp-block teft-byline-wrapper\">\n\t\t\t\t<div class=\"top\">\n\t\t\t\t\t<div class=\"signature\">\n\t\t\t\t\t\t<div class=\"teft-byline\">\n\t\t\t\t\t\t\t\t\t\t\t\t\t\t<div>\n\t\t\t\t\t\t\t\t<h3>H\u00f8yres redaksjon<\/h3>\t\t\t\t\t\t\t\t\n\t\t\t\t\t\t\t\t\t\t\t\t\t\t\t\t\t<span class=\"date\">Sist oppdatert: 26. februar 2026<\/span>\n\t\t\t\t\t\t\t\t\t\t\t\t\t\t\t\t\t\t\t\t\t\t\t\t\t<span class=\"reading-time\" itemprop=\"timeRequired\" content=\"PT1M\"><em>Ca. 1 minutter lesetid<\/em><\/span>\n\t\t\t\t\t\t\t\t\t\t\t\t\t\t\t<\/div>\n\t\t\t\t\t\t<\/div>\n\t\t\t\t\t<\/div>\n\t\t\t\t\t\t<div class=\"sharing\">\n\t\t<a class=\"share-button share-link copy-link\" data-copy=\"https:\/\/hoyre.no\/nordstrand\/aktuelt\/medlemsmote-med-ola-svenneby\/\" target=\"_blank\"><span class=\"screen-reader-text\">Del link<\/span><\/a>\n\t\t<a class=\"share-button share-twitter\" href=\"http:\/\/twitter.com\/share?text=Medlemsm\u00f8te med Ola Svenneby&#038;url=https:\/\/hoyre.no\/nordstrand\/aktuelt\/medlemsmote-med-ola-svenneby\/&#038;hashtags=Hoyre\" target=\"_blank\"><span class=\"screen-reader-text\">Del p\u00e5 twitter<\/span><\/a>\n\t\t<a class=\"share-button share-facebook\" href=\"https:\/\/www.facebook.com\/sharer\/sharer.php?u=https:\/\/hoyre.no\/nordstrand\/aktuelt\/medlemsmote-med-ola-svenneby\/\" target=\"_blank\"><span class=\"screen-reader-text\">Del p\u00e5 facebook<\/span><\/a>\n\t<\/div>\n\t\t\t\t\t<\/div>\n\t\t\t<\/div>\n\n\t\t\t<figure class=\"hoyre-image-wrapper\"><div class=\"hoyre-image\"><img loading=\"lazy\" decoding=\"async\" width=\"1695\" height=\"864\" src=\"https:\/\/hoyre.no\/content\/uploads\/sites\/423\/2026\/02\/Ola-wide.jpg\" class=\"attachment-scaled size-scaled\" alt=\"\" style=\"object-position: 50% 50%\" srcset=\"https:\/\/hoyre.no\/content\/uploads\/sites\/423\/2026\/02\/Ola-wide.jpg 1695w, https:\/\/hoyre.no\/content\/uploads\/sites\/423\/2026\/02\/Ola-wide-300x153.jpg 300w, https:\/\/hoyre.no\/content\/uploads\/sites\/423\/2026\/02\/Ola-wide-1024x522.jpg 1024w, https:\/\/hoyre.no\/content\/uploads\/sites\/423\/2026\/02\/Ola-wide-768x391.jpg 768w, https:\/\/hoyre.no\/content\/uploads\/sites\/423\/2026\/02\/Ola-wide-1536x783.jpg 1536w\" sizes=\"auto, (max-width: 1695px) 100vw, 1695px\" \/><\/div><figcaption class=\"caption\">Ola Svenneby er ny nestleder i H\u00f8yre<\/figcaption><\/figure>\n\n\n\n\n<p>Nordstrand H\u00f8yre har gleden av \u00e5 invitere til medlemsm\u00f8te med partiets nye nestleder Ola Svenneby.<\/p>\n\n\n\n<p>N\u00e5 kan vi nettopp f\u00e5tt den f\u00f8rste meningsm\u00e5lingen p\u00e5 lenge der partiet ser 20-tallet i oppslutning, og dette gir grunn til optimisme.<br>V\u00e5r nye ledelse er i gang med arbeidet med \u00e5 fornye partiet etter h\u00f8stens valg. Vi er s\u00e5 heldige \u00e5 f\u00e5 bes\u00f8k av H\u00f8yres nye nestleder Ola Svenneby, som vil snakke om hvordan H\u00f8yre igjen skal bli det ledende partiet p\u00e5 borgerlig side &#8211; hvordan vi skal gjenvinne regjeringsmakten i 2029.<\/p>\n\n\n\n<p>Det vil bli anledning til \u00e5 stille sp\u00f8rsm\u00e5l og komme med innspill!<\/p>\n\n\n\n<p>M\u00f8tet finner sted p\u00e5 Bydelshuset i Langb\u00f8lgen 1 p\u00e5 Lambertseter. M\u00f8t presis.<\/p>\n\n\n\n<p><\/p>\n\n\n<div class=\"tags\">\n\t<\/div>\n<div class=\"post-footer alignfull has-background block-editor-block-list__block\" data-align=full>\n\t<div class=\"post-footer-inner\">\n\t\t<h3>Relaterte artikler<\/h3>\n\t\t<div class=\"related-content\"><div class=\"is-card-hoyre\">\n\t<div class=\"teft-card hoyre-teft-card post-teft-card\">\n\t\t<a href=\"https:\/\/hoyre.no\/nordstrand\/aktuelt\/ny-politisk-plattform-for-bydel-nordstrand\/\" class=\"teft-card__primary-action\">\n\n\t\t\t<div class=\"teft-card__media teft-card__media--16-9 no-image\"><\/div>\n\t\t\t<div class=\"teft-card__content-wrapper\">\n\t\t\t\t<div class=\"teft-card__secondary\">\n\t\t\t\t\t\n\t\t\t\t\t\t\t\t<div class=\"teft-card__meta\">\n\t\t\t\t\t\t\t\t\t<span class=\"post-date\">23. okt 2023<\/span>\n\n\t\t\t\t\t\t\t\t\t<span class=\"post-category\">Ukategorisert<\/span>\t\t\t\t\t\t\t\t<\/div>\n\t\t\t\t\t\t\t\t\t\t\t<\/div>\n\n\t\t\t\t<div class=\"teft-card__primary\">\n\t\t\t\t\t<h2 class=\"teft-card__title\">Ny politisk plattform for Bydel Nordstrand&nbsp;<span class=\"teft-card__primary-title-append\"><\/span><\/h2>\t\t\t\t<\/div>\n\t\t\t<\/div>\n\t\t<\/a>\n\t<\/div>\n\n\t<\/div><div class=\"is-card-hoyre\">\n\t<div class=\"teft-card hoyre-teft-card post-teft-card\">\n\t\t<a href=\"https:\/\/hoyre.no\/nordstrand\/aktuelt\/bydelsprogrammet-2023-27\/\" class=\"teft-card__primary-action\">\n\n\t\t\t<div class=\"teft-card__media teft-card__media--16-9 no-image\"><\/div>\n\t\t\t<div class=\"teft-card__content-wrapper\">\n\t\t\t\t<div class=\"teft-card__secondary\">\n\t\t\t\t\t\n\t\t\t\t\t\t\t\t<div class=\"teft-card__meta\">\n\t\t\t\t\t\t\t\t\t<span class=\"post-date\">3. jul 2023<\/span>\n\n\t\t\t\t\t\t\t\t\t\t\t\t\t\t\t\t\t<\/div>\n\t\t\t\t\t\t\t\t\t\t\t<\/div>\n\n\t\t\t\t<div class=\"teft-card__primary\">\n\t\t\t\t\t<h2 class=\"teft-card__title\">Nordstrand H\u00f8yres bydelsprogram 2023-27&nbsp;<span class=\"teft-card__primary-title-append\"><\/span><\/h2>\t\t\t\t<\/div>\n\t\t\t<\/div>\n\t\t<\/a>\n\t<\/div>\n\n\t<\/div><div class=\"is-card-hoyre\">\n\t<div class=\"teft-card hoyre-teft-card post-teft-card\">\n\t\t<a href=\"https:\/\/hoyre.no\/nordstrand\/aktuelt\/nyheter-nordstrandhoyre\/\" class=\"teft-card__primary-action\">\n\n\t\t\t\t\t<div class=\"teft-card__media teft-card__media--16-9\">\n\t\t\t\t\t\t<img loading=\"lazy\" decoding=\"async\" width=\"768\" height=\"585\" src=\"https:\/\/hoyre.no\/content\/uploads\/sites\/423\/2024\/10\/00044aa0-0586-4cf6-a94e-2b53803e5eb5-768x585.jpg\" class=\"attachment-medium_large size-medium_large\" alt=\"\" srcset=\"https:\/\/hoyre.no\/content\/uploads\/sites\/423\/2024\/10\/00044aa0-0586-4cf6-a94e-2b53803e5eb5-768x585.jpg 768w, https:\/\/hoyre.no\/content\/uploads\/sites\/423\/2024\/10\/00044aa0-0586-4cf6-a94e-2b53803e5eb5-300x228.jpg 300w, https:\/\/hoyre.no\/content\/uploads\/sites\/423\/2024\/10\/00044aa0-0586-4cf6-a94e-2b53803e5eb5-1024x780.jpg 1024w, https:\/\/hoyre.no\/content\/uploads\/sites\/423\/2024\/10\/00044aa0-0586-4cf6-a94e-2b53803e5eb5-1536x1170.jpg 1536w, https:\/\/hoyre.no\/content\/uploads\/sites\/423\/2024\/10\/00044aa0-0586-4cf6-a94e-2b53803e5eb5.jpg 2000w\" sizes=\"auto, (max-width: 768px) 100vw, 768px\" \/>\t\t<\/div>\n\t\t\n\t\t\t<div class=\"teft-card__content-wrapper\">\n\t\t\t\t<div class=\"teft-card__secondary\">\n\t\t\t\t\t\n\t\t\t\t\t\t\t\t<div class=\"teft-card__meta\">\n\t\t\t\t\t\t\t\t\t<span class=\"post-date\">17. okt 2024<\/span>\n\n\t\t\t\t\t\t\t\t\t\t\t\t\t\t\t\t\t<\/div>\n\t\t\t\t\t\t\t\t\t\t\t<\/div>\n\n\t\t\t\t<div class=\"teft-card__primary\">\n\t\t\t\t\t<h2 class=\"teft-card__title\">H\u00f8yre prioriterer det viktigste f\u00f8rst&nbsp;<span class=\"teft-card__primary-title-append\"><\/span><\/h2>\t\t\t\t<\/div>\n\t\t\t<\/div>\n\t\t<\/a>\n\t<\/div>\n\n\t<\/div><\/div>\t<\/div>\n<\/div>\n","protected":false},"excerpt":{"rendered":"","protected":false},"author":9448,"featured_media":0,"comment_status":"closed","ping_status":"closed","sticky":false,"template":"","format":"standard","meta":{"teft_cards_image_url":"","teft_cards_custom_pretitle":"","teft_cards_image_id":0,"teft_cards_image_focal_point_x":0,"teft_cards_image_focal_point_y":0,"teft_cards_title":"","teft_cards_excerpt":"","teft_show_chapters":false,"author_display_name":"","footnotes":""},"category":[1],"post_tag":[],"hoyre-visibility":[],"article-type":[],"politician":[],"class_list":["post-125","post","type-post","status-publish","format-standard","hentry","category-ukategorisert"],"yoast_head":"<!-- This site is optimized with the Yoast SEO plugin v26.6 - https:\/\/yoast.com\/wordpress\/plugins\/seo\/ -->\n<title>Medlemsm\u00f8te med Ola Svenneby - Nordstrand H\u00f8yre<\/title>\n<meta name=\"robots\" content=\"index, follow, max-snippet:-1, max-image-preview:large, max-video-preview:-1\" \/>\n<link rel=\"canonical\" href=\"https:\/\/hoyre.no\/nordstrand\/aktuelt\/medlemsmote-med-ola-svenneby\/\" \/>\n<meta property=\"og:locale\" content=\"nb_NO\" \/>\n<meta property=\"og:type\" content=\"article\" \/>\n<meta property=\"og:title\" content=\"Medlemsm\u00f8te med Ola Svenneby - Nordstrand H\u00f8yre\" \/>\n<meta property=\"og:url\" content=\"https:\/\/hoyre.no\/nordstrand\/aktuelt\/medlemsmote-med-ola-svenneby\/\" \/>\n<meta property=\"og:site_name\" content=\"Nordstrand H\u00f8yre\" \/>\n<meta property=\"article:published_time\" content=\"2026-02-26T14:25:56+00:00\" \/>\n<meta property=\"og:image\" content=\"https:\/\/hoyre.no\/content\/uploads\/sites\/423\/2022\/11\/Hoyres-logo.png\" \/>\n\t<meta property=\"og:image:width\" content=\"1000\" \/>\n\t<meta property=\"og:image:height\" content=\"1000\" \/>\n\t<meta property=\"og:image:type\" content=\"image\/png\" \/>\n<meta name=\"author\" content=\"Tor Petter Gulbrandsen\" \/>\n<meta name=\"twitter:card\" content=\"summary_large_image\" \/>\n<meta name=\"twitter:label1\" content=\"Skrevet av\" \/>\n\t<meta name=\"twitter:data1\" content=\"Tor Petter Gulbrandsen\" \/>\n\t<meta name=\"twitter:label2\" content=\"Ansl. lesetid\" \/>\n\t<meta name=\"twitter:data2\" content=\"1 minutt\" \/>\n<script type=\"application\/ld+json\" class=\"yoast-schema-graph\">{\"@context\":\"https:\/\/schema.org\",\"@graph\":[{\"@type\":\"NewsArticle\",\"@id\":\"https:\/\/hoyre.no\/nordstrand\/aktuelt\/medlemsmote-med-ola-svenneby\/\",\"url\":\"https:\/\/hoyre.no\/nordstrand\/aktuelt\/medlemsmote-med-ola-svenneby\/\",\"name\":\"Medlemsm\u00f8te med Ola Svenneby - Nordstrand H\u00f8yre\",\"isPartOf\":{\"@id\":\"https:\/\/hoyre.no\/nordstrand\/#website\"},\"datePublished\":\"2026-02-26T14:25:56+00:00\",\"author\":{\"@id\":\"https:\/\/hoyre.no\/nordstrand\/#\/schema\/person\/b748e5226c81bc0063e66ca71d9d9f53\"},\"breadcrumb\":{\"@id\":\"https:\/\/hoyre.no\/nordstrand\/aktuelt\/medlemsmote-med-ola-svenneby\/#breadcrumb\"},\"inLanguage\":\"nb-NO\",\"potentialAction\":[{\"@type\":\"ReadAction\",\"target\":[\"https:\/\/hoyre.no\/nordstrand\/aktuelt\/medlemsmote-med-ola-svenneby\/\"]}]},{\"@type\":\"BreadcrumbList\",\"@id\":\"https:\/\/hoyre.no\/nordstrand\/aktuelt\/medlemsmote-med-ola-svenneby\/#breadcrumb\",\"itemListElement\":[{\"@type\":\"ListItem\",\"position\":1,\"name\":\"Til hoyre.no\",\"item\":\"https:\/\/hoyre.no\"},{\"@type\":\"ListItem\",\"position\":2,\"name\":\"Hjem\",\"item\":\"https:\/\/hoyre.no\/nordstrand\/\"},{\"@type\":\"ListItem\",\"position\":3,\"name\":\"Medlemsm\u00f8te med Ola Svenneby\"}]},{\"@type\":\"WebSite\",\"@id\":\"https:\/\/hoyre.no\/nordstrand\/#website\",\"url\":\"https:\/\/hoyre.no\/nordstrand\/\",\"name\":\"Nordstrand H\u00f8yre\",\"description\":\"Bare enda et H\u00f8yres nettsteder-nettsted\",\"inLanguage\":\"nb-NO\"},{\"@type\":\"Person\",\"@id\":\"https:\/\/hoyre.no\/nordstrand\/#\/schema\/person\/b748e5226c81bc0063e66ca71d9d9f53\",\"name\":\"Tor Petter Gulbrandsen\",\"image\":{\"@type\":\"ImageObject\",\"inLanguage\":\"nb-NO\",\"@id\":\"https:\/\/hoyre.no\/nordstrand\/#\/schema\/person\/image\/\",\"url\":\"https:\/\/secure.gravatar.com\/avatar\/059f4d459e1aaad3e28719525df4a5dda5f185b27ecdcee9e68f8cc669f3c195?s=96&d=mm&r=g\",\"contentUrl\":\"https:\/\/secure.gravatar.com\/avatar\/059f4d459e1aaad3e28719525df4a5dda5f185b27ecdcee9e68f8cc669f3c195?s=96&d=mm&r=g\",\"caption\":\"Tor Petter Gulbrandsen\"},\"url\":\"https:\/\/hoyre.no\/nordstrand\/aktuelt\/author\/m50791854\/\"}]}<\/script>\n<!-- \/ Yoast SEO plugin. -->","yoast_head_json":{"title":"Medlemsm\u00f8te med Ola Svenneby - Nordstrand H\u00f8yre","robots":{"index":"index","follow":"follow","max-snippet":"max-snippet:-1","max-image-preview":"max-image-preview:large","max-video-preview":"max-video-preview:-1"},"canonical":"https:\/\/hoyre.no\/nordstrand\/aktuelt\/medlemsmote-med-ola-svenneby\/","og_locale":"nb_NO","og_type":"article","og_title":"Medlemsm\u00f8te med Ola Svenneby - Nordstrand H\u00f8yre","og_url":"https:\/\/hoyre.no\/nordstrand\/aktuelt\/medlemsmote-med-ola-svenneby\/","og_site_name":"Nordstrand H\u00f8yre","article_published_time":"2026-02-26T14:25:56+00:00","og_image":[{"width":1000,"height":1000,"url":"https:\/\/hoyre.no\/content\/uploads\/sites\/423\/2022\/11\/Hoyres-logo.png","type":"image\/png"}],"author":"Tor Petter Gulbrandsen","twitter_card":"summary_large_image","twitter_misc":{"Skrevet av":"Tor Petter Gulbrandsen","Ansl. lesetid":"1 minutt"},"schema":{"@context":"https:\/\/schema.org","@graph":[{"@type":"NewsArticle","@id":"https:\/\/hoyre.no\/nordstrand\/aktuelt\/medlemsmote-med-ola-svenneby\/","url":"https:\/\/hoyre.no\/nordstrand\/aktuelt\/medlemsmote-med-ola-svenneby\/","name":"Medlemsm\u00f8te med Ola Svenneby - Nordstrand H\u00f8yre","isPartOf":{"@id":"https:\/\/hoyre.no\/nordstrand\/#website"},"datePublished":"2026-02-26T14:25:56+00:00","author":{"@id":"https:\/\/hoyre.no\/nordstrand\/#\/schema\/person\/b748e5226c81bc0063e66ca71d9d9f53"},"breadcrumb":{"@id":"https:\/\/hoyre.no\/nordstrand\/aktuelt\/medlemsmote-med-ola-svenneby\/#breadcrumb"},"inLanguage":"nb-NO","potentialAction":[{"@type":"ReadAction","target":["https:\/\/hoyre.no\/nordstrand\/aktuelt\/medlemsmote-med-ola-svenneby\/"]}]},{"@type":"BreadcrumbList","@id":"https:\/\/hoyre.no\/nordstrand\/aktuelt\/medlemsmote-med-ola-svenneby\/#breadcrumb","itemListElement":[{"@type":"ListItem","position":1,"name":"Til hoyre.no","item":"https:\/\/hoyre.no"},{"@type":"ListItem","position":2,"name":"Hjem","item":"https:\/\/hoyre.no\/nordstrand\/"},{"@type":"ListItem","position":3,"name":"Medlemsm\u00f8te med Ola Svenneby"}]},{"@type":"WebSite","@id":"https:\/\/hoyre.no\/nordstrand\/#website","url":"https:\/\/hoyre.no\/nordstrand\/","name":"Nordstrand H\u00f8yre","description":"Bare enda et H\u00f8yres nettsteder-nettsted","inLanguage":"nb-NO"},{"@type":"Person","@id":"https:\/\/hoyre.no\/nordstrand\/#\/schema\/person\/b748e5226c81bc0063e66ca71d9d9f53","name":"Tor Petter Gulbrandsen","image":{"@type":"ImageObject","inLanguage":"nb-NO","@id":"https:\/\/hoyre.no\/nordstrand\/#\/schema\/person\/image\/","url":"https:\/\/secure.gravatar.com\/avatar\/059f4d459e1aaad3e28719525df4a5dda5f185b27ecdcee9e68f8cc669f3c195?s=96&d=mm&r=g","contentUrl":"https:\/\/secure.gravatar.com\/avatar\/059f4d459e1aaad3e28719525df4a5dda5f185b27ecdcee9e68f8cc669f3c195?s=96&d=mm&r=g","caption":"Tor Petter Gulbrandsen"},"url":"https:\/\/hoyre.no\/nordstrand\/aktuelt\/author\/m50791854\/"}]}},"distributor_meta":false,"distributor_terms":false,"distributor_media":false,"distributor_original_site_name":"Nordstrand H\u00f8yre","distributor_original_site_url":"https:\/\/hoyre.no\/nordstrand","push-errors":false,"_links":{"self":[{"href":"https:\/\/hoyre.no\/nordstrand\/wp-json\/wp\/v2\/posts\/125","targetHints":{"allow":["GET"]}}],"collection":[{"href":"https:\/\/hoyre.no\/nordstrand\/wp-json\/wp\/v2\/posts"}],"about":[{"href":"https:\/\/hoyre.no\/nordstrand\/wp-json\/wp\/v2\/types\/post"}],"author":[{"embeddable":true,"href":"https:\/\/hoyre.no\/nordstrand\/wp-json\/wp\/v2\/users\/9448"}],"replies":[{"embeddable":true,"href":"https:\/\/hoyre.no\/nordstrand\/wp-json\/wp\/v2\/comments?post=125"}],"version-history":[{"count":1,"href":"https:\/\/hoyre.no\/nordstrand\/wp-json\/wp\/v2\/posts\/125\/revisions"}],"predecessor-version":[{"id":127,"href":"https:\/\/hoyre.no\/nordstrand\/wp-json\/wp\/v2\/posts\/125\/revisions\/127"}],"wp:attachment":[{"href":"https:\/\/hoyre.no\/nordstrand\/wp-json\/wp\/v2\/media?parent=125"}],"wp:term":[{"taxonomy":"category","embeddable":true,"href":"https:\/\/hoyre.no\/nordstrand\/wp-json\/wp\/v2\/category?post=125"},{"taxonomy":"post_tag","embeddable":true,"href":"https:\/\/hoyre.no\/nordstrand\/wp-json\/wp\/v2\/post_tag?post=125"},{"taxonomy":"hoyre-visibility","embeddable":true,"href":"https:\/\/hoyre.no\/nordstrand\/wp-json\/wp\/v2\/hoyre-visibility?post=125"},{"taxonomy":"article-type","embeddable":true,"href":"https:\/\/hoyre.no\/nordstrand\/wp-json\/wp\/v2\/article-type?post=125"},{"taxonomy":"politician","embeddable":true,"href":"https:\/\/hoyre.no\/nordstrand\/wp-json\/wp\/v2\/politician?post=125"}],"curies":[{"name":"wp","href":"https:\/\/api.w.org\/{rel}","templated":true}]}}