{"id":74,"date":"2023-10-23T12:19:42","date_gmt":"2023-10-23T10:19:42","guid":{"rendered":"https:\/\/hoyre.no\/nordstrand\/?p=74"},"modified":"2023-10-23T12:24:24","modified_gmt":"2023-10-23T10:24:24","slug":"ny-politisk-plattform-for-bydel-nordstrand","status":"publish","type":"post","link":"https:\/\/hoyre.no\/nordstrand\/aktuelt\/ny-politisk-plattform-for-bydel-nordstrand\/","title":{"rendered":"Ny politisk plattform for Bydel Nordstrand"},"content":{"rendered":"\n<p class=\"preamble\">H\u00f8yre, Venstre og Fremskrittspartiet er enige om en felles politisk plattform for arbeidet i Bydelsutvalget i perioden 2023 &#8211; 27. <br><\/p>\t\t\t<div class=\"post-meta wp-block teft-byline-wrapper\">\n\t\t\t\t<div class=\"top\">\n\t\t\t\t\t<div class=\"signature\">\n\t\t\t\t\t\t<div class=\"teft-byline\">\n\t\t\t\t\t\t\t\t\t\t\t\t\t\t<div>\n\t\t\t\t\t\t\t\t<h3>H\u00f8yres redaksjon<\/h3>\t\t\t\t\t\t\t\t\n\t\t\t\t\t\t\t\t\t\t\t\t\t\t\t\t\t<span class=\"date\">Sist oppdatert: 23. oktober 2023<\/span>\n\t\t\t\t\t\t\t\t\t\t\t\t\t\t\t\t\t\t\t\t\t\t\t\t\t<span class=\"reading-time\" itemprop=\"timeRequired\" content=\"PT1M\"><em>Ca. 1 minutter lesetid<\/em><\/span>\n\t\t\t\t\t\t\t\t\t\t\t\t\t\t\t<\/div>\n\t\t\t\t\t\t<\/div>\n\t\t\t\t\t<\/div>\n\t\t\t\t\t\t<div class=\"sharing\">\n\t\t<a class=\"share-button share-link copy-link\" data-copy=\"https:\/\/hoyre.no\/nordstrand\/aktuelt\/ny-politisk-plattform-for-bydel-nordstrand\/\" target=\"_blank\"><span class=\"screen-reader-text\">Del link<\/span><\/a>\n\t\t<a class=\"share-button share-twitter\" href=\"http:\/\/twitter.com\/share?text=Ny politisk plattform for Bydel Nordstrand&#038;url=https:\/\/hoyre.no\/nordstrand\/aktuelt\/ny-politisk-plattform-for-bydel-nordstrand\/&#038;hashtags=Hoyre\" target=\"_blank\"><span class=\"screen-reader-text\">Del p\u00e5 twitter<\/span><\/a>\n\t\t<a class=\"share-button share-facebook\" href=\"https:\/\/www.facebook.com\/sharer\/sharer.php?u=https:\/\/hoyre.no\/nordstrand\/aktuelt\/ny-politisk-plattform-for-bydel-nordstrand\/\" target=\"_blank\"><span class=\"screen-reader-text\">Del p\u00e5 facebook<\/span><\/a>\n\t<\/div>\n\t\t\t\t\t<\/div>\n\t\t\t<\/div>\n\n\t\t\t<figure class=\"hoyre-image-wrapper\"><div class=\"hoyre-image\"><img loading=\"lazy\" decoding=\"async\" width=\"2500\" height=\"1130\" src=\"https:\/\/hoyre.no\/content\/uploads\/sites\/423\/2023\/10\/IMG_0469-scaled.jpg\" class=\"attachment-scaled size-scaled\" alt=\"\" style=\"object-position: 50% 50%\" srcset=\"https:\/\/hoyre.no\/content\/uploads\/sites\/423\/2023\/10\/IMG_0469-scaled.jpg 2500w, https:\/\/hoyre.no\/content\/uploads\/sites\/423\/2023\/10\/IMG_0469-300x136.jpg 300w, https:\/\/hoyre.no\/content\/uploads\/sites\/423\/2023\/10\/IMG_0469-1024x463.jpg 1024w, https:\/\/hoyre.no\/content\/uploads\/sites\/423\/2023\/10\/IMG_0469-768x347.jpg 768w, https:\/\/hoyre.no\/content\/uploads\/sites\/423\/2023\/10\/IMG_0469-1536x694.jpg 1536w, https:\/\/hoyre.no\/content\/uploads\/sites\/423\/2023\/10\/IMG_0469-2048x926.jpg 2048w\" sizes=\"auto, (max-width: 2500px) 100vw, 2500px\" \/><\/div><figcaption class=\"caption\">(f.v.) Gruppeleder Steinar Wulfsberg-Gamre (H), Gruppeleder Ida Fuglevik Dahler (V), BU-leder Knut Falchenberg (H) og Gruppeleder Nils Dal (Frp).\u00a0<\/figcaption><\/figure>\n\n\n\n<div class=\"wp-block-columns is-layout-flex wp-container-core-columns-is-layout-9d6595d7 wp-block-columns-is-layout-flex\">\n<div class=\"wp-block-column is-layout-flow wp-block-column-is-layout-flow\" style=\"flex-basis:100%\">\n<div class=\"wp-block-media-text alignwide has-media-on-the-right is-stacked-on-mobile is-image-fill\" style=\"grid-template-columns:auto 39%\"><div class=\"wp-block-media-text__content\">\n<p class=\"has-text-align-left\">H\u00f8yre, Venstre og Frp i Bydel Nordstrand har de siste ukene jobbet med en politisk plattform til bydelsutvalget. Her er de 25 punktene partiene har blitt enige om \u00e5 prioritere i den neste 4-\u00e5rsperioden.<\/p>\n\n\n\n<p>Av posisjoner f\u00e5r H\u00f8yre BU-lederen, Venstre f\u00e5r nestlederen, mens H\u00f8yre for ledervervet i de tre komiteene i bydelsutvalget. <\/p>\n\n\n\n<p>Lenke til politisk plattform:<\/p>\n\n\n\n<p><a href=\"https:\/\/hoyre.no\/content\/uploads\/sites\/423\/2023\/10\/Politisk-plattform-Nordstrand-Bydelsutvalg-2023-27-HVF.pdf\">https:\/\/hoyre.no\/content\/uploads\/sites\/423\/2023\/10\/Politisk-plattform-Nordstrand-Bydelsutvalg-2023-27-HVF.pdf<\/a><\/p>\n<\/div><figure class=\"wp-block-media-text__media\" style=\"background-image:url('https:\/\/hoyre.no\/content\/uploads\/sites\/423\/2023\/10\/IMG_0474-rotated.jpg');background-position:50% 50%\"><img loading=\"lazy\" decoding=\"async\" width=\"480\" height=\"640\" src=\"https:\/\/hoyre.no\/content\/uploads\/sites\/423\/2023\/10\/IMG_0474-rotated.jpg\" alt=\"\" class=\"wp-image-78 size-full\" srcset=\"https:\/\/hoyre.no\/content\/uploads\/sites\/423\/2023\/10\/IMG_0474-rotated.jpg 480w, https:\/\/hoyre.no\/content\/uploads\/sites\/423\/2023\/10\/IMG_0474-225x300.jpg 225w\" sizes=\"auto, (max-width: 480px) 100vw, 480px\" \/><\/figure><\/div>\n\n\n\n<div class=\"tags\">\n\t\t<div class=\"wp-block-tag-cloud\">\n\t\t\t\t\t<a href=\"https:\/\/hoyre.no\/nordstrand\/aktuelt\/tag\/avtale\/\" class=\"tag-cloud-link\">avtale<\/a>\n\t\t\t\t\t<a href=\"https:\/\/hoyre.no\/nordstrand\/aktuelt\/tag\/bydelsutvalget\/\" class=\"tag-cloud-link\">bydelsutvalget<\/a>\n\t\t\t\t\t<a href=\"https:\/\/hoyre.no\/nordstrand\/aktuelt\/tag\/nordstrand\/\" class=\"tag-cloud-link\">Nordstrand<\/a>\n\t\t\t\t\t<a href=\"https:\/\/hoyre.no\/nordstrand\/aktuelt\/tag\/program\/\" class=\"tag-cloud-link\">program<\/a>\n\t\t\t<\/div>\n\t<\/div>\n<div class=\"post-footer alignfull has-background block-editor-block-list__block\" data-align=full>\n\t<div class=\"post-footer-inner\">\n\t\t<h3>Relaterte artikler<\/h3>\n\t\t<div class=\"related-content\"><div class=\"is-card-hoyre\">\n\t<div class=\"teft-card hoyre-teft-card post-teft-card\">\n\t\t<a href=\"https:\/\/hoyre.no\/nordstrand\/aktuelt\/bydelsprogrammet-2023-27\/\" class=\"teft-card__primary-action\">\n\n\t\t\t<div class=\"teft-card__media teft-card__media--16-9 no-image\"><\/div>\n\t\t\t<div class=\"teft-card__content-wrapper\">\n\t\t\t\t<div class=\"teft-card__secondary\">\n\t\t\t\t\t\n\t\t\t\t\t\t\t\t<div class=\"teft-card__meta\">\n\t\t\t\t\t\t\t\t\t<span class=\"post-date\">3. jul 2023<\/span>\n\n\t\t\t\t\t\t\t\t\t\t\t\t\t\t\t\t\t<\/div>\n\t\t\t\t\t\t\t\t\t\t\t<\/div>\n\n\t\t\t\t<div class=\"teft-card__primary\">\n\t\t\t\t\t<h2 class=\"teft-card__title\">Nordstrand H\u00f8yres bydelsprogram 2023-27&nbsp;<span class=\"teft-card__primary-title-append\"><\/span><\/h2>\t\t\t\t<\/div>\n\t\t\t<\/div>\n\t\t<\/a>\n\t<\/div>\n\n\t<\/div><div class=\"is-card-hoyre\">\n\t<div class=\"teft-card hoyre-teft-card post-teft-card\">\n\t\t<a href=\"https:\/\/hoyre.no\/nordstrand\/aktuelt\/medlemsmote-med-ola-svenneby\/\" class=\"teft-card__primary-action\">\n\n\t\t\t<div class=\"teft-card__media teft-card__media--16-9 no-image\"><\/div>\n\t\t\t<div class=\"teft-card__content-wrapper\">\n\t\t\t\t<div class=\"teft-card__secondary\">\n\t\t\t\t\t\n\t\t\t\t\t\t\t\t<div class=\"teft-card__meta\">\n\t\t\t\t\t\t\t\t\t<span class=\"post-date\">26. feb 2026<\/span>\n\n\t\t\t\t\t\t\t\t\t\t\t\t\t\t\t\t\t<\/div>\n\t\t\t\t\t\t\t\t\t\t\t<\/div>\n\n\t\t\t\t<div class=\"teft-card__primary\">\n\t\t\t\t\t<h2 class=\"teft-card__title\">Medlemsm\u00f8te med Ola Svenneby&nbsp;<span class=\"teft-card__primary-title-append\"><\/span><\/h2>\t\t\t\t<\/div>\n\t\t\t<\/div>\n\t\t<\/a>\n\t<\/div>\n\n\t<\/div><div class=\"is-card-hoyre\">\n\t<div class=\"teft-card hoyre-teft-card post-teft-card\">\n\t\t<a href=\"https:\/\/hoyre.no\/nordstrand\/aktuelt\/nyheter-nordstrandhoyre\/\" class=\"teft-card__primary-action\">\n\n\t\t\t\t\t<div class=\"teft-card__media teft-card__media--16-9\">\n\t\t\t\t\t\t<img loading=\"lazy\" decoding=\"async\" width=\"768\" height=\"585\" src=\"https:\/\/hoyre.no\/content\/uploads\/sites\/423\/2024\/10\/00044aa0-0586-4cf6-a94e-2b53803e5eb5-768x585.jpg\" class=\"attachment-medium_large size-medium_large\" alt=\"\" srcset=\"https:\/\/hoyre.no\/content\/uploads\/sites\/423\/2024\/10\/00044aa0-0586-4cf6-a94e-2b53803e5eb5-768x585.jpg 768w, https:\/\/hoyre.no\/content\/uploads\/sites\/423\/2024\/10\/00044aa0-0586-4cf6-a94e-2b53803e5eb5-300x228.jpg 300w, https:\/\/hoyre.no\/content\/uploads\/sites\/423\/2024\/10\/00044aa0-0586-4cf6-a94e-2b53803e5eb5-1024x780.jpg 1024w, https:\/\/hoyre.no\/content\/uploads\/sites\/423\/2024\/10\/00044aa0-0586-4cf6-a94e-2b53803e5eb5-1536x1170.jpg 1536w, https:\/\/hoyre.no\/content\/uploads\/sites\/423\/2024\/10\/00044aa0-0586-4cf6-a94e-2b53803e5eb5.jpg 2000w\" sizes=\"auto, (max-width: 768px) 100vw, 768px\" \/>\t\t<\/div>\n\t\t\n\t\t\t<div class=\"teft-card__content-wrapper\">\n\t\t\t\t<div class=\"teft-card__secondary\">\n\t\t\t\t\t\n\t\t\t\t\t\t\t\t<div class=\"teft-card__meta\">\n\t\t\t\t\t\t\t\t\t<span class=\"post-date\">17. okt 2024<\/span>\n\n\t\t\t\t\t\t\t\t\t\t\t\t\t\t\t\t\t<\/div>\n\t\t\t\t\t\t\t\t\t\t\t<\/div>\n\n\t\t\t\t<div class=\"teft-card__primary\">\n\t\t\t\t\t<h2 class=\"teft-card__title\">H\u00f8yre prioriterer det viktigste f\u00f8rst&nbsp;<span class=\"teft-card__primary-title-append\"><\/span><\/h2>\t\t\t\t<\/div>\n\t\t\t<\/div>\n\t\t<\/a>\n\t<\/div>\n\n\t<\/div><\/div>\t<\/div>\n<\/div>\n<\/div>\n<\/div>\n\n\n\n<div class=\"wp-block-media-text is-stacked-on-mobile is-image-fill\"><figure class=\"wp-block-media-text__media\"><\/figure><div class=\"wp-block-media-text__content\">\n<p><\/p>\n<\/div><\/div>\n","protected":false},"excerpt":{"rendered":"<p>H\u00f8yre, Venstre og Frp i Bydel Nordstrand har de siste ukene jobbet med en politisk plattform til bydelsutvalget. Her er de 25 punktene partiene har blitt enige om \u00e5 prioritere i den neste 4-\u00e5rsperioden. Av posisjoner f\u00e5r H\u00f8yre BU-lederen, Venstre f\u00e5r nestlederen, mens H\u00f8yre for ledervervet i de tre komiteene i bydelsutvalget. Lenke til politisk [&hellip;]<\/p>\n","protected":false},"author":176,"featured_media":0,"comment_status":"closed","ping_status":"closed","sticky":true,"template":"","format":"standard","meta":{"teft_cards_image_url":"","teft_cards_custom_pretitle":"","teft_cards_image_id":0,"teft_cards_image_focal_point_x":0,"teft_cards_image_focal_point_y":0,"teft_cards_title":"","teft_cards_excerpt":"","teft_show_chapters":false,"author_display_name":"","footnotes":""},"category":[1],"post_tag":[8,7,6,5],"hoyre-visibility":[],"article-type":[],"politician":[],"class_list":["post-74","post","type-post","status-publish","format-standard","hentry","category-ukategorisert","tag-avtale","tag-bydelsutvalget","tag-nordstrand","tag-program"],"yoast_head":"<!-- This site is optimized with the Yoast SEO plugin v26.6 - https:\/\/yoast.com\/wordpress\/plugins\/seo\/ -->\n<title>Ny politisk plattform for Bydel Nordstrand - Nordstrand H\u00f8yre<\/title>\n<meta name=\"robots\" content=\"index, follow, max-snippet:-1, max-image-preview:large, max-video-preview:-1\" \/>\n<link rel=\"canonical\" href=\"https:\/\/hoyre.no\/nordstrand\/aktuelt\/ny-politisk-plattform-for-bydel-nordstrand\/\" \/>\n<meta property=\"og:locale\" content=\"nb_NO\" \/>\n<meta property=\"og:type\" content=\"article\" \/>\n<meta property=\"og:title\" content=\"Ny politisk plattform for Bydel Nordstrand - Nordstrand H\u00f8yre\" \/>\n<meta property=\"og:description\" content=\"H\u00f8yre, Venstre og Frp i Bydel Nordstrand har de siste ukene jobbet med en politisk plattform til bydelsutvalget. Her er de 25 punktene partiene har blitt enige om \u00e5 prioritere i den neste 4-\u00e5rsperioden. Av posisjoner f\u00e5r H\u00f8yre BU-lederen, Venstre f\u00e5r nestlederen, mens H\u00f8yre for ledervervet i de tre komiteene i bydelsutvalget. Lenke til politisk [&hellip;]\" \/>\n<meta property=\"og:url\" content=\"https:\/\/hoyre.no\/nordstrand\/aktuelt\/ny-politisk-plattform-for-bydel-nordstrand\/\" \/>\n<meta property=\"og:site_name\" content=\"Nordstrand H\u00f8yre\" \/>\n<meta property=\"article:published_time\" content=\"2023-10-23T10:19:42+00:00\" \/>\n<meta property=\"article:modified_time\" content=\"2023-10-23T10:24:24+00:00\" \/>\n<meta property=\"og:image\" content=\"https:\/\/hoyre.no\/content\/uploads\/sites\/423\/2023\/10\/IMG_0474-rotated.jpg\" \/>\n<meta name=\"author\" content=\"Steinar Wulfsberg-Gamre\" \/>\n<meta name=\"twitter:card\" content=\"summary_large_image\" \/>\n<meta name=\"twitter:label1\" content=\"Skrevet av\" \/>\n\t<meta name=\"twitter:data1\" content=\"Steinar Wulfsberg-Gamre\" \/>\n\t<meta name=\"twitter:label2\" content=\"Ansl. lesetid\" \/>\n\t<meta name=\"twitter:data2\" content=\"1 minutt\" \/>\n<script type=\"application\/ld+json\" class=\"yoast-schema-graph\">{\"@context\":\"https:\/\/schema.org\",\"@graph\":[{\"@type\":\"NewsArticle\",\"@id\":\"https:\/\/hoyre.no\/nordstrand\/aktuelt\/ny-politisk-plattform-for-bydel-nordstrand\/\",\"url\":\"https:\/\/hoyre.no\/nordstrand\/aktuelt\/ny-politisk-plattform-for-bydel-nordstrand\/\",\"name\":\"Ny politisk plattform for Bydel Nordstrand - Nordstrand H\u00f8yre\",\"isPartOf\":{\"@id\":\"https:\/\/hoyre.no\/nordstrand\/#website\"},\"image\":{\"@id\":\"https:\/\/hoyre.no\/nordstrand\/aktuelt\/ny-politisk-plattform-for-bydel-nordstrand\/#primaryimage\"},\"thumbnailUrl\":\"https:\/\/hoyre.no\/content\/uploads\/sites\/423\/2023\/10\/IMG_0474-rotated.jpg\",\"datePublished\":\"2023-10-23T10:19:42+00:00\",\"dateModified\":\"2023-10-23T10:24:24+00:00\",\"author\":{\"@id\":\"https:\/\/hoyre.no\/nordstrand\/#\/schema\/person\/c9f1fb11717251db38842a7f05b2f91b\"},\"breadcrumb\":{\"@id\":\"https:\/\/hoyre.no\/nordstrand\/aktuelt\/ny-politisk-plattform-for-bydel-nordstrand\/#breadcrumb\"},\"inLanguage\":\"nb-NO\",\"potentialAction\":[{\"@type\":\"ReadAction\",\"target\":[\"https:\/\/hoyre.no\/nordstrand\/aktuelt\/ny-politisk-plattform-for-bydel-nordstrand\/\"]}]},{\"@type\":\"ImageObject\",\"inLanguage\":\"nb-NO\",\"@id\":\"https:\/\/hoyre.no\/nordstrand\/aktuelt\/ny-politisk-plattform-for-bydel-nordstrand\/#primaryimage\",\"url\":\"https:\/\/hoyre.no\/content\/uploads\/sites\/423\/2023\/10\/IMG_0474-rotated.jpg\",\"contentUrl\":\"https:\/\/hoyre.no\/content\/uploads\/sites\/423\/2023\/10\/IMG_0474-rotated.jpg\"},{\"@type\":\"BreadcrumbList\",\"@id\":\"https:\/\/hoyre.no\/nordstrand\/aktuelt\/ny-politisk-plattform-for-bydel-nordstrand\/#breadcrumb\",\"itemListElement\":[{\"@type\":\"ListItem\",\"position\":1,\"name\":\"Til hoyre.no\",\"item\":\"https:\/\/hoyre.no\"},{\"@type\":\"ListItem\",\"position\":2,\"name\":\"Hjem\",\"item\":\"https:\/\/hoyre.no\/nordstrand\/\"},{\"@type\":\"ListItem\",\"position\":3,\"name\":\"Ny politisk plattform for Bydel Nordstrand\"}]},{\"@type\":\"WebSite\",\"@id\":\"https:\/\/hoyre.no\/nordstrand\/#website\",\"url\":\"https:\/\/hoyre.no\/nordstrand\/\",\"name\":\"Nordstrand H\u00f8yre\",\"description\":\"Bare enda et H\u00f8yres nettsteder-nettsted\",\"inLanguage\":\"nb-NO\"},{\"@type\":\"Person\",\"@id\":\"https:\/\/hoyre.no\/nordstrand\/#\/schema\/person\/c9f1fb11717251db38842a7f05b2f91b\",\"name\":\"Steinar Wulfsberg-Gamre\",\"image\":{\"@type\":\"ImageObject\",\"inLanguage\":\"nb-NO\",\"@id\":\"https:\/\/hoyre.no\/nordstrand\/#\/schema\/person\/image\/\",\"url\":\"https:\/\/secure.gravatar.com\/avatar\/de90a7a5fa8e33a1fff18265eeb15379fbd6bcb7b8040eff28de16c71e97c4a8?s=96&d=mm&r=g\",\"contentUrl\":\"https:\/\/secure.gravatar.com\/avatar\/de90a7a5fa8e33a1fff18265eeb15379fbd6bcb7b8040eff28de16c71e97c4a8?s=96&d=mm&r=g\",\"caption\":\"Steinar Wulfsberg-Gamre\"},\"url\":\"https:\/\/hoyre.no\/nordstrand\/aktuelt\/author\/m11986114\/\"}]}<\/script>\n<!-- \/ Yoast SEO plugin. -->","yoast_head_json":{"title":"Ny politisk plattform for Bydel Nordstrand - Nordstrand H\u00f8yre","robots":{"index":"index","follow":"follow","max-snippet":"max-snippet:-1","max-image-preview":"max-image-preview:large","max-video-preview":"max-video-preview:-1"},"canonical":"https:\/\/hoyre.no\/nordstrand\/aktuelt\/ny-politisk-plattform-for-bydel-nordstrand\/","og_locale":"nb_NO","og_type":"article","og_title":"Ny politisk plattform for Bydel Nordstrand - Nordstrand H\u00f8yre","og_description":"H\u00f8yre, Venstre og Frp i Bydel Nordstrand har de siste ukene jobbet med en politisk plattform til bydelsutvalget. Her er de 25 punktene partiene har blitt enige om \u00e5 prioritere i den neste 4-\u00e5rsperioden. Av posisjoner f\u00e5r H\u00f8yre BU-lederen, Venstre f\u00e5r nestlederen, mens H\u00f8yre for ledervervet i de tre komiteene i bydelsutvalget. Lenke til politisk [&hellip;]","og_url":"https:\/\/hoyre.no\/nordstrand\/aktuelt\/ny-politisk-plattform-for-bydel-nordstrand\/","og_site_name":"Nordstrand H\u00f8yre","article_published_time":"2023-10-23T10:19:42+00:00","article_modified_time":"2023-10-23T10:24:24+00:00","og_image":[{"url":"https:\/\/hoyre.no\/content\/uploads\/sites\/423\/2023\/10\/IMG_0474-rotated.jpg","type":"","width":"","height":""}],"author":"Steinar Wulfsberg-Gamre","twitter_card":"summary_large_image","twitter_misc":{"Skrevet av":"Steinar Wulfsberg-Gamre","Ansl. lesetid":"1 minutt"},"schema":{"@context":"https:\/\/schema.org","@graph":[{"@type":"NewsArticle","@id":"https:\/\/hoyre.no\/nordstrand\/aktuelt\/ny-politisk-plattform-for-bydel-nordstrand\/","url":"https:\/\/hoyre.no\/nordstrand\/aktuelt\/ny-politisk-plattform-for-bydel-nordstrand\/","name":"Ny politisk plattform for Bydel Nordstrand - Nordstrand H\u00f8yre","isPartOf":{"@id":"https:\/\/hoyre.no\/nordstrand\/#website"},"image":{"@id":"https:\/\/hoyre.no\/nordstrand\/aktuelt\/ny-politisk-plattform-for-bydel-nordstrand\/#primaryimage"},"thumbnailUrl":"https:\/\/hoyre.no\/content\/uploads\/sites\/423\/2023\/10\/IMG_0474-rotated.jpg","datePublished":"2023-10-23T10:19:42+00:00","dateModified":"2023-10-23T10:24:24+00:00","author":{"@id":"https:\/\/hoyre.no\/nordstrand\/#\/schema\/person\/c9f1fb11717251db38842a7f05b2f91b"},"breadcrumb":{"@id":"https:\/\/hoyre.no\/nordstrand\/aktuelt\/ny-politisk-plattform-for-bydel-nordstrand\/#breadcrumb"},"inLanguage":"nb-NO","potentialAction":[{"@type":"ReadAction","target":["https:\/\/hoyre.no\/nordstrand\/aktuelt\/ny-politisk-plattform-for-bydel-nordstrand\/"]}]},{"@type":"ImageObject","inLanguage":"nb-NO","@id":"https:\/\/hoyre.no\/nordstrand\/aktuelt\/ny-politisk-plattform-for-bydel-nordstrand\/#primaryimage","url":"https:\/\/hoyre.no\/content\/uploads\/sites\/423\/2023\/10\/IMG_0474-rotated.jpg","contentUrl":"https:\/\/hoyre.no\/content\/uploads\/sites\/423\/2023\/10\/IMG_0474-rotated.jpg"},{"@type":"BreadcrumbList","@id":"https:\/\/hoyre.no\/nordstrand\/aktuelt\/ny-politisk-plattform-for-bydel-nordstrand\/#breadcrumb","itemListElement":[{"@type":"ListItem","position":1,"name":"Til hoyre.no","item":"https:\/\/hoyre.no"},{"@type":"ListItem","position":2,"name":"Hjem","item":"https:\/\/hoyre.no\/nordstrand\/"},{"@type":"ListItem","position":3,"name":"Ny politisk plattform for Bydel Nordstrand"}]},{"@type":"WebSite","@id":"https:\/\/hoyre.no\/nordstrand\/#website","url":"https:\/\/hoyre.no\/nordstrand\/","name":"Nordstrand H\u00f8yre","description":"Bare enda et H\u00f8yres nettsteder-nettsted","inLanguage":"nb-NO"},{"@type":"Person","@id":"https:\/\/hoyre.no\/nordstrand\/#\/schema\/person\/c9f1fb11717251db38842a7f05b2f91b","name":"Steinar Wulfsberg-Gamre","image":{"@type":"ImageObject","inLanguage":"nb-NO","@id":"https:\/\/hoyre.no\/nordstrand\/#\/schema\/person\/image\/","url":"https:\/\/secure.gravatar.com\/avatar\/de90a7a5fa8e33a1fff18265eeb15379fbd6bcb7b8040eff28de16c71e97c4a8?s=96&d=mm&r=g","contentUrl":"https:\/\/secure.gravatar.com\/avatar\/de90a7a5fa8e33a1fff18265eeb15379fbd6bcb7b8040eff28de16c71e97c4a8?s=96&d=mm&r=g","caption":"Steinar Wulfsberg-Gamre"},"url":"https:\/\/hoyre.no\/nordstrand\/aktuelt\/author\/m11986114\/"}]}},"distributor_meta":false,"distributor_terms":false,"distributor_media":false,"distributor_original_site_name":"Nordstrand H\u00f8yre","distributor_original_site_url":"https:\/\/hoyre.no\/nordstrand","push-errors":false,"_links":{"self":[{"href":"https:\/\/hoyre.no\/nordstrand\/wp-json\/wp\/v2\/posts\/74","targetHints":{"allow":["GET"]}}],"collection":[{"href":"https:\/\/hoyre.no\/nordstrand\/wp-json\/wp\/v2\/posts"}],"about":[{"href":"https:\/\/hoyre.no\/nordstrand\/wp-json\/wp\/v2\/types\/post"}],"author":[{"embeddable":true,"href":"https:\/\/hoyre.no\/nordstrand\/wp-json\/wp\/v2\/users\/176"}],"replies":[{"embeddable":true,"href":"https:\/\/hoyre.no\/nordstrand\/wp-json\/wp\/v2\/comments?post=74"}],"version-history":[{"count":2,"href":"https:\/\/hoyre.no\/nordstrand\/wp-json\/wp\/v2\/posts\/74\/revisions"}],"predecessor-version":[{"id":79,"href":"https:\/\/hoyre.no\/nordstrand\/wp-json\/wp\/v2\/posts\/74\/revisions\/79"}],"wp:attachment":[{"href":"https:\/\/hoyre.no\/nordstrand\/wp-json\/wp\/v2\/media?parent=74"}],"wp:term":[{"taxonomy":"category","embeddable":true,"href":"https:\/\/hoyre.no\/nordstrand\/wp-json\/wp\/v2\/category?post=74"},{"taxonomy":"post_tag","embeddable":true,"href":"https:\/\/hoyre.no\/nordstrand\/wp-json\/wp\/v2\/post_tag?post=74"},{"taxonomy":"hoyre-visibility","embeddable":true,"href":"https:\/\/hoyre.no\/nordstrand\/wp-json\/wp\/v2\/hoyre-visibility?post=74"},{"taxonomy":"article-type","embeddable":true,"href":"https:\/\/hoyre.no\/nordstrand\/wp-json\/wp\/v2\/article-type?post=74"},{"taxonomy":"politician","embeddable":true,"href":"https:\/\/hoyre.no\/nordstrand\/wp-json\/wp\/v2\/politician?post=74"}],"curies":[{"name":"wp","href":"https:\/\/api.w.org\/{rel}","templated":true}]}}