{"id":16,"date":"2018-10-22T22:00:00","date_gmt":"2018-10-22T20:00:00","guid":{"rendered":"https:\/\/hoyre.no\/notodden\/aktuelt\/nominasjonskomiteens_innstilling_er_klar\/"},"modified":"2018-10-22T22:00:00","modified_gmt":"2018-10-22T20:00:00","slug":"nominasjonskomiteens_innstilling_er_klar","status":"publish","type":"post","link":"https:\/\/hoyre.no\/notodden\/aktuelt\/nominasjonskomiteens_innstilling_er_klar\/","title":{"rendered":"Nominasjonskomiteens innstilling til kommunevalget 2019 er klar"},"content":{"rendered":"<p class=\"preamble\">Nominasjonskomiteen i Notodden H\u00f8yre har best\u00e5tt av:Roger Heimdal, Hans \u00d8degaard, Andreas Bakke. Karin Foller\u00e5s var med i komiteen da vi innstilte Tonje Harbek Brokke som ordf\u00f8rerkandidat. Tonje ble enstemmig valgt til partiets ordf\u00f8rerkandidat i nominasjonsm\u00f8tet i juni.En samlet nominasjonskomite offentliggj\u00f8r n\u00e5 den fulle innstillingen til kommunevalgliste for nominasjonsm\u00f8tet som skal avholdes5.november. Vi har hatt fokus p\u00e5 \u00e5 vise kontinuitet og samtidig slippe nye medlemmer opp og frem p\u00e5 lista.V\u00e5r innstilling best\u00e5r av 28 kandidater, fordelt p\u00e5 12 kvinner og 16 menn der gjennomsnittsalder er 42 \u00e5r.10 av kandidatene er helt nyenavn p\u00e5 lista.Vedlagt f\u00f8lger komiteens innstilling, samt kandidatavtale som skal v\u00e6re underskrevet og returnert innen nominasjonsm\u00f8tetsstart 5. november. De etiske retningslinjene til H\u00f8yre er ogs\u00e5 vedlagt. For \u00f8vrig ber vi alle sette seg inn i H\u00f8yres vedtekter og lover som dere finner p\u00e5 \u00abmitt h\u00f8yre\u00bb.<\/p>\t\t\t<div class=\"post-meta wp-block teft-byline-wrapper\">\n\t\t\t\t<div class=\"top\">\n\t\t\t\t\t<div class=\"signature\">\n\t\t\t\t\t\t<div class=\"teft-byline\">\n\t\t\t\t\t\t\t\t\t\t\t\t\t\t<div>\n\t\t\t\t\t\t\t\t<h3>H\u00f8yres redaksjon<\/h3>\t\t\t\t\t\t\t\t\n\t\t\t\t\t\t\t\t\t\t\t\t\t\t\t\t\t<span class=\"date\">Sist oppdatert: 22. oktober 2018<\/span>\n\t\t\t\t\t\t\t\t\t\t\t\t\t\t\t\t\t\t\t\t\t\t\t\t\t<span class=\"reading-time\" itemprop=\"timeRequired\" content=\"PT2M\"><em>Ca. 2 minutter lesetid<\/em><\/span>\n\t\t\t\t\t\t\t\t\t\t\t\t\t\t\t<\/div>\n\t\t\t\t\t\t<\/div>\n\t\t\t\t\t<\/div>\n\t\t\t\t\t\t<div class=\"sharing\">\n\t\t<a class=\"share-button share-link copy-link\" data-copy=\"https:\/\/hoyre.no\/notodden\/aktuelt\/nominasjonskomiteens_innstilling_er_klar\/\" target=\"_blank\"><span class=\"screen-reader-text\">Del link<\/span><\/a>\n\t\t<a class=\"share-button share-twitter\" href=\"http:\/\/twitter.com\/share?text=Nominasjonskomiteens innstilling til kommunevalget 2019 er klar&#038;url=https:\/\/hoyre.no\/notodden\/aktuelt\/nominasjonskomiteens_innstilling_er_klar\/&#038;hashtags=Hoyre\" target=\"_blank\"><span class=\"screen-reader-text\">Del p\u00e5 twitter<\/span><\/a>\n\t\t<a class=\"share-button share-facebook\" href=\"https:\/\/www.facebook.com\/sharer\/sharer.php?u=https:\/\/hoyre.no\/notodden\/aktuelt\/nominasjonskomiteens_innstilling_er_klar\/\" target=\"_blank\"><span class=\"screen-reader-text\">Del p\u00e5 facebook<\/span><\/a>\n\t<\/div>\n\t\t\t\t\t<\/div>\n\t\t\t<\/div>\n\n\t\t\t<figure class=\"hoyre-image-wrapper\"><div class=\"hoyre-image\"><img loading=\"lazy\" decoding=\"async\" width=\"1280\" height=\"960\" src=\"https:\/\/hoyre.no\/content\/uploads\/sites\/361\/2020\/11\/5a7b17e6_b88d_4171_8.jpg\" class=\"attachment-scaled size-scaled\" alt=\"\" style=\"object-position: 50% 50%\" srcset=\"https:\/\/hoyre.no\/content\/uploads\/sites\/361\/2020\/11\/5a7b17e6_b88d_4171_8.jpg 1280w, https:\/\/hoyre.no\/content\/uploads\/sites\/361\/2020\/11\/5a7b17e6_b88d_4171_8-300x225.jpg 300w, https:\/\/hoyre.no\/content\/uploads\/sites\/361\/2020\/11\/5a7b17e6_b88d_4171_8-1024x768.jpg 1024w, https:\/\/hoyre.no\/content\/uploads\/sites\/361\/2020\/11\/5a7b17e6_b88d_4171_8-768x576.jpg 768w\" sizes=\"auto, (max-width: 1280px) 100vw, 1280px\" \/><\/div><\/figure><div id=\"hoyre-old-article-content-wrapper\"><div><br \/><\/div><div>1 Tonje Harbek Brokke <\/div><div>2 Per Christian Voss <\/div><div>3 Veslem\u00f8y W\u00e5le <\/div><div>4 J\u00f8rn Christensen <\/div><div>5 Ellen Kittilsen <\/div><div>6 Thomas Chr. Tinne <\/div><div>7 Lene Juul Fr\u00f8myhr <\/div><div>8 Ole Krogh Espensen <\/div><div>9 Katrine Sandsdalen Lia <\/div><div>10 Thomas \u00c5mot <\/div><div>11 Liv Mette Vatne Tveiten <\/div><div>12 Kjetil Grotb\u00e6k Moen <\/div><div>13 Linda Halvorsen <\/div><div>14 Elyas Samir Neameh <\/div><div>15 Nina T. Christensen Jensen <\/div><div>16 Tor Sveinung Simones <\/div><div>19 Tone Juul Fr\u00f8myhr <\/div><div>18 Svend Stokker <\/div><div>17 Ida Asland <\/div><div>20 Jostein Mork <\/div><div>21 Laila Glittenberg Moen <\/div><div>22 Odd Arne Thorbj\u00f8rnsen <\/div><div>23 H\u00e5vard Haukvik <\/div><div>24 Jacob Andreas S\u00f8reide <\/div><div>25 Arvid Moen <\/div><div>26 Hans Olav Gjestrud <\/div><div>27 Eirik Juul Fr\u00f8myhr <\/div><div>28 Camilla Hoff Johnsen<\/div><p><br \/><\/p><\/div>\n<div class=\"tags\">\n\t<\/div>\n<div class=\"post-footer alignfull has-background block-editor-block-list__block\" data-align=full>\n\t<div class=\"post-footer-inner\">\n\t\t<h3>Relaterte artikler<\/h3>\n\t\t<div class=\"related-content\"><div class=\"is-card-hoyre\">\n\t<div class=\"teft-card hoyre-teft-card post-teft-card\">\n\t\t<a href=\"https:\/\/hoyre.no\/notodden\/aktuelt\/ungdom-og-rus\/\" class=\"teft-card__primary-action\">\n\n\t\t\t\t\t<div class=\"teft-card__media teft-card__media--16-9\">\n\t\t\t\t\t\t<img loading=\"lazy\" decoding=\"async\" width=\"768\" height=\"402\" src=\"https:\/\/hoyre.no\/content\/uploads\/sites\/361\/2024\/01\/Ungdom-og-rus-nett-768x402.png\" class=\"attachment-medium_large size-medium_large\" alt=\"\" srcset=\"https:\/\/hoyre.no\/content\/uploads\/sites\/361\/2024\/01\/Ungdom-og-rus-nett-768x402.png 768w, https:\/\/hoyre.no\/content\/uploads\/sites\/361\/2024\/01\/Ungdom-og-rus-nett-300x157.png 300w, https:\/\/hoyre.no\/content\/uploads\/sites\/361\/2024\/01\/Ungdom-og-rus-nett-1024x536.png 1024w, https:\/\/hoyre.no\/content\/uploads\/sites\/361\/2024\/01\/Ungdom-og-rus-nett-1536x804.png 1536w, https:\/\/hoyre.no\/content\/uploads\/sites\/361\/2024\/01\/Ungdom-og-rus-nett.png 1920w\" sizes=\"auto, (max-width: 768px) 100vw, 768px\" \/>\t\t<\/div>\n\t\t\n\t\t\t<div class=\"teft-card__content-wrapper\">\n\t\t\t\t<div class=\"teft-card__secondary\">\n\t\t\t\t\t\n\t\t\t\t\t\t\t\t<div class=\"teft-card__meta\">\n\t\t\t\t\t\t\t\t\t<span class=\"post-date\">30. jan 2024<\/span>\n\n\t\t\t\t\t\t\t\t\t\t\t\t\t\t\t\t\t<\/div>\n\t\t\t\t\t\t\t\t\t\t\t<\/div>\n\n\t\t\t\t<div class=\"teft-card__primary\">\n\t\t\t\t\t<h2 class=\"teft-card__title\">Ungdom og rus&nbsp;<span class=\"teft-card__primary-title-append\"><\/span><\/h2>\t\t\t\t<\/div>\n\t\t\t<\/div>\n\t\t<\/a>\n\t<\/div>\n\n\t<\/div><div class=\"is-card-hoyre\">\n\t<div class=\"teft-card hoyre-teft-card post-teft-card\">\n\t\t<a href=\"https:\/\/hoyre.no\/notodden\/aktuelt\/anne-mette-gangsoy-er-hoyres-ordforerkandidat\/\" class=\"teft-card__primary-action\">\n\n\t\t\t\t\t<div class=\"teft-card__media teft-card__media--16-9\">\n\t\t\t\t\t\t<img loading=\"lazy\" decoding=\"async\" width=\"768\" height=\"1024\" src=\"https:\/\/hoyre.no\/content\/uploads\/sites\/361\/2022\/06\/Notodden-768x1024.jpg\" class=\"attachment-medium_large size-medium_large\" alt=\"Bilder av Anne Mette\" srcset=\"https:\/\/hoyre.no\/content\/uploads\/sites\/361\/2022\/06\/Notodden-768x1024.jpg 768w, https:\/\/hoyre.no\/content\/uploads\/sites\/361\/2022\/06\/Notodden-225x300.jpg 225w, https:\/\/hoyre.no\/content\/uploads\/sites\/361\/2022\/06\/Notodden-1152x1536.jpg 1152w, https:\/\/hoyre.no\/content\/uploads\/sites\/361\/2022\/06\/Notodden-1536x2048.jpg 1536w, https:\/\/hoyre.no\/content\/uploads\/sites\/361\/2022\/06\/Notodden-scaled.jpg 1875w\" sizes=\"auto, (max-width: 768px) 100vw, 768px\" \/>\t\t<\/div>\n\t\t\n\t\t\t<div class=\"teft-card__content-wrapper\">\n\t\t\t\t<div class=\"teft-card__secondary\">\n\t\t\t\t\t\n\t\t\t\t\t\t\t\t<div class=\"teft-card__meta\">\n\t\t\t\t\t\t\t\t\t<span class=\"post-date\">30. jun 2022<\/span>\n\n\t\t\t\t\t\t\t\t\t\t\t\t\t\t\t\t\t<\/div>\n\t\t\t\t\t\t\t\t\t\t\t<\/div>\n\n\t\t\t\t<div class=\"teft-card__primary\">\n\t\t\t\t\t<h2 class=\"teft-card__title\">Anne Mette Gangs\u00f8y er H\u00f8yres ordf\u00f8rerkandidat&nbsp;<span class=\"teft-card__primary-title-append\"><\/span><\/h2>\t\t\t\t<\/div>\n\t\t\t<\/div>\n\t\t<\/a>\n\t<\/div>\n\n\t<\/div><div class=\"is-card-hoyre\">\n\t<div class=\"teft-card hoyre-teft-card post-teft-card\">\n\t\t<a href=\"https:\/\/hoyre.no\/notodden\/aktuelt\/notodden-hoyre-avholder-nominasjonsmote-onsdag-29-juni\/\" class=\"teft-card__primary-action\">\n\n\t\t\t\t\t<div class=\"teft-card__media teft-card__media--16-9\">\n\t\t\t\t\t\t<img loading=\"lazy\" decoding=\"async\" width=\"768\" height=\"1024\" src=\"https:\/\/hoyre.no\/content\/uploads\/sites\/361\/2022\/06\/Anne-Mette-768x1024.jpg\" class=\"attachment-medium_large size-medium_large\" alt=\"\" srcset=\"https:\/\/hoyre.no\/content\/uploads\/sites\/361\/2022\/06\/Anne-Mette-768x1024.jpg 768w, https:\/\/hoyre.no\/content\/uploads\/sites\/361\/2022\/06\/Anne-Mette-225x300.jpg 225w, https:\/\/hoyre.no\/content\/uploads\/sites\/361\/2022\/06\/Anne-Mette-1152x1536.jpg 1152w, https:\/\/hoyre.no\/content\/uploads\/sites\/361\/2022\/06\/Anne-Mette-1536x2048.jpg 1536w, https:\/\/hoyre.no\/content\/uploads\/sites\/361\/2022\/06\/Anne-Mette-scaled.jpg 1875w\" sizes=\"auto, (max-width: 768px) 100vw, 768px\" \/>\t\t<\/div>\n\t\t\n\t\t\t<div class=\"teft-card__content-wrapper\">\n\t\t\t\t<div class=\"teft-card__secondary\">\n\t\t\t\t\t\n\t\t\t\t\t\t\t\t<div class=\"teft-card__meta\">\n\t\t\t\t\t\t\t\t\t<span class=\"post-date\">24. jun 2022<\/span>\n\n\t\t\t\t\t\t\t\t\t\t\t\t\t\t\t\t\t<\/div>\n\t\t\t\t\t\t\t\t\t\t\t<\/div>\n\n\t\t\t\t<div class=\"teft-card__primary\">\n\t\t\t\t\t<h2 class=\"teft-card__title\">Notodden H\u00f8yre avholder nominasjonsm\u00f8te onsdag 29 juni.&nbsp;<span class=\"teft-card__primary-title-append\"><\/span><\/h2>\t\t\t\t<\/div>\n\t\t\t<\/div>\n\t\t<\/a>\n\t<\/div>\n\n\t<\/div><\/div>\t<\/div>\n<\/div>\n","protected":false},"excerpt":{"rendered":"","protected":false},"author":0,"featured_media":0,"comment_status":"closed","ping_status":"closed","sticky":false,"template":"","format":"standard","meta":{"teft_cards_image_url":"https:\/\/hoyre.no\/content\/uploads\/sites\/361\/2020\/11\/5a7b17e6_b88d_4171_8.jpg","teft_cards_custom_pretitle":"","teft_cards_image_id":15,"teft_cards_image_focal_point_x":0,"teft_cards_image_focal_point_y":0,"teft_cards_title":"","teft_cards_excerpt":"","teft_show_chapters":false,"author_display_name":"Roger Ivar Heimdal","footnotes":""},"category":[1],"post_tag":[],"hoyre-visibility":[],"article-type":[],"politician":[],"class_list":["post-16","post","type-post","status-publish","format-standard","hentry","category-ukategorisert"],"yoast_head":"<!-- This site is optimized with the Yoast SEO plugin v26.6 - https:\/\/yoast.com\/wordpress\/plugins\/seo\/ -->\n<title>Nominasjonskomiteens innstilling til kommunevalget 2019 er klar - Notodden H\u00f8yre<\/title>\n<meta name=\"robots\" content=\"index, follow, max-snippet:-1, max-image-preview:large, max-video-preview:-1\" \/>\n<link rel=\"canonical\" href=\"https:\/\/hoyre.no\/notodden\/aktuelt\/nominasjonskomiteens_innstilling_er_klar\/\" \/>\n<meta property=\"og:locale\" content=\"nb_NO\" \/>\n<meta property=\"og:type\" content=\"article\" \/>\n<meta property=\"og:title\" content=\"Nominasjonskomiteens innstilling til kommunevalget 2019 er klar - Notodden H\u00f8yre\" \/>\n<meta property=\"og:url\" content=\"https:\/\/hoyre.no\/notodden\/aktuelt\/nominasjonskomiteens_innstilling_er_klar\/\" \/>\n<meta property=\"og:site_name\" content=\"Notodden H\u00f8yre\" \/>\n<meta property=\"article:published_time\" content=\"2018-10-22T20:00:00+00:00\" \/>\n<meta property=\"og:image\" content=\"https:\/\/hoyre.no\/content\/uploads\/sites\/361\/2022\/01\/TonjeBrokke-1-1024x683.jpg\" \/>\n<meta name=\"twitter:card\" content=\"summary_large_image\" \/>\n<meta name=\"twitter:label1\" content=\"Ansl. lesetid\" \/>\n\t<meta name=\"twitter:data1\" content=\"1 minutt\" \/>\n<script type=\"application\/ld+json\" class=\"yoast-schema-graph\">{\"@context\":\"https:\/\/schema.org\",\"@graph\":[{\"@type\":\"NewsArticle\",\"@id\":\"https:\/\/hoyre.no\/notodden\/aktuelt\/nominasjonskomiteens_innstilling_er_klar\/\",\"url\":\"https:\/\/hoyre.no\/notodden\/aktuelt\/nominasjonskomiteens_innstilling_er_klar\/\",\"name\":\"Nominasjonskomiteens innstilling til kommunevalget 2019 er klar - Notodden H\u00f8yre\",\"isPartOf\":{\"@id\":\"https:\/\/hoyre.no\/notodden\/#website\"},\"datePublished\":\"2018-10-22T20:00:00+00:00\",\"author\":{\"@id\":\"\"},\"breadcrumb\":{\"@id\":\"https:\/\/hoyre.no\/notodden\/aktuelt\/nominasjonskomiteens_innstilling_er_klar\/#breadcrumb\"},\"inLanguage\":\"nb-NO\",\"potentialAction\":[{\"@type\":\"ReadAction\",\"target\":[\"https:\/\/hoyre.no\/notodden\/aktuelt\/nominasjonskomiteens_innstilling_er_klar\/\"]}]},{\"@type\":\"BreadcrumbList\",\"@id\":\"https:\/\/hoyre.no\/notodden\/aktuelt\/nominasjonskomiteens_innstilling_er_klar\/#breadcrumb\",\"itemListElement\":[{\"@type\":\"ListItem\",\"position\":1,\"name\":\"Til hoyre.no\",\"item\":\"https:\/\/hoyre.no\"},{\"@type\":\"ListItem\",\"position\":2,\"name\":\"Hjem\",\"item\":\"https:\/\/hoyre.no\/notodden\/\"},{\"@type\":\"ListItem\",\"position\":3,\"name\":\"Nominasjonskomiteens innstilling til kommunevalget 2019 er klar\"}]},{\"@type\":\"WebSite\",\"@id\":\"https:\/\/hoyre.no\/notodden\/#website\",\"url\":\"https:\/\/hoyre.no\/notodden\/\",\"name\":\"Notodden H\u00f8yre\",\"description\":\"Bare enda et H\u00f8yres nettsteder-nettsted\",\"inLanguage\":\"nb-NO\"}]}<\/script>\n<!-- \/ Yoast SEO plugin. -->","yoast_head_json":{"title":"Nominasjonskomiteens innstilling til kommunevalget 2019 er klar - Notodden H\u00f8yre","robots":{"index":"index","follow":"follow","max-snippet":"max-snippet:-1","max-image-preview":"max-image-preview:large","max-video-preview":"max-video-preview:-1"},"canonical":"https:\/\/hoyre.no\/notodden\/aktuelt\/nominasjonskomiteens_innstilling_er_klar\/","og_locale":"nb_NO","og_type":"article","og_title":"Nominasjonskomiteens innstilling til kommunevalget 2019 er klar - Notodden H\u00f8yre","og_url":"https:\/\/hoyre.no\/notodden\/aktuelt\/nominasjonskomiteens_innstilling_er_klar\/","og_site_name":"Notodden H\u00f8yre","article_published_time":"2018-10-22T20:00:00+00:00","og_image":[{"url":"https:\/\/hoyre.no\/content\/uploads\/sites\/361\/2022\/01\/TonjeBrokke-1-1024x683.jpg","width":"","height":"","type":""}],"twitter_card":"summary_large_image","twitter_misc":{"Ansl. lesetid":"1 minutt"},"schema":{"@context":"https:\/\/schema.org","@graph":[{"@type":"NewsArticle","@id":"https:\/\/hoyre.no\/notodden\/aktuelt\/nominasjonskomiteens_innstilling_er_klar\/","url":"https:\/\/hoyre.no\/notodden\/aktuelt\/nominasjonskomiteens_innstilling_er_klar\/","name":"Nominasjonskomiteens innstilling til kommunevalget 2019 er klar - Notodden H\u00f8yre","isPartOf":{"@id":"https:\/\/hoyre.no\/notodden\/#website"},"datePublished":"2018-10-22T20:00:00+00:00","author":{"@id":""},"breadcrumb":{"@id":"https:\/\/hoyre.no\/notodden\/aktuelt\/nominasjonskomiteens_innstilling_er_klar\/#breadcrumb"},"inLanguage":"nb-NO","potentialAction":[{"@type":"ReadAction","target":["https:\/\/hoyre.no\/notodden\/aktuelt\/nominasjonskomiteens_innstilling_er_klar\/"]}]},{"@type":"BreadcrumbList","@id":"https:\/\/hoyre.no\/notodden\/aktuelt\/nominasjonskomiteens_innstilling_er_klar\/#breadcrumb","itemListElement":[{"@type":"ListItem","position":1,"name":"Til hoyre.no","item":"https:\/\/hoyre.no"},{"@type":"ListItem","position":2,"name":"Hjem","item":"https:\/\/hoyre.no\/notodden\/"},{"@type":"ListItem","position":3,"name":"Nominasjonskomiteens innstilling til kommunevalget 2019 er klar"}]},{"@type":"WebSite","@id":"https:\/\/hoyre.no\/notodden\/#website","url":"https:\/\/hoyre.no\/notodden\/","name":"Notodden H\u00f8yre","description":"Bare enda et H\u00f8yres nettsteder-nettsted","inLanguage":"nb-NO"}]}},"distributor_meta":false,"distributor_terms":false,"distributor_media":false,"distributor_original_site_name":"Notodden H\u00f8yre","distributor_original_site_url":"https:\/\/hoyre.no\/notodden","push-errors":false,"_links":{"self":[{"href":"https:\/\/hoyre.no\/notodden\/wp-json\/wp\/v2\/posts\/16","targetHints":{"allow":["GET"]}}],"collection":[{"href":"https:\/\/hoyre.no\/notodden\/wp-json\/wp\/v2\/posts"}],"about":[{"href":"https:\/\/hoyre.no\/notodden\/wp-json\/wp\/v2\/types\/post"}],"replies":[{"embeddable":true,"href":"https:\/\/hoyre.no\/notodden\/wp-json\/wp\/v2\/comments?post=16"}],"version-history":[{"count":0,"href":"https:\/\/hoyre.no\/notodden\/wp-json\/wp\/v2\/posts\/16\/revisions"}],"wp:attachment":[{"href":"https:\/\/hoyre.no\/notodden\/wp-json\/wp\/v2\/media?parent=16"}],"wp:term":[{"taxonomy":"category","embeddable":true,"href":"https:\/\/hoyre.no\/notodden\/wp-json\/wp\/v2\/category?post=16"},{"taxonomy":"post_tag","embeddable":true,"href":"https:\/\/hoyre.no\/notodden\/wp-json\/wp\/v2\/post_tag?post=16"},{"taxonomy":"hoyre-visibility","embeddable":true,"href":"https:\/\/hoyre.no\/notodden\/wp-json\/wp\/v2\/hoyre-visibility?post=16"},{"taxonomy":"article-type","embeddable":true,"href":"https:\/\/hoyre.no\/notodden\/wp-json\/wp\/v2\/article-type?post=16"},{"taxonomy":"politician","embeddable":true,"href":"https:\/\/hoyre.no\/notodden\/wp-json\/wp\/v2\/politician?post=16"}],"curies":[{"name":"wp","href":"https:\/\/api.w.org\/{rel}","templated":true}]}}