{"id":18,"date":"2018-07-02T22:00:00","date_gmt":"2018-07-02T20:00:00","guid":{"rendered":"https:\/\/hoyre.no\/notodden\/aktuelt\/pressemelding_fra_notodden_hoyre\/"},"modified":"2018-07-02T22:00:00","modified_gmt":"2018-07-02T20:00:00","slug":"pressemelding_fra_notodden_hoyre","status":"publish","type":"post","link":"https:\/\/hoyre.no\/notodden\/aktuelt\/pressemelding_fra_notodden_hoyre\/","title":{"rendered":"Pressemelding fra Notodden H\u00f8yre"},"content":{"rendered":"<p class=\"preamble\">Vi mener ordf\u00f8reren har brutt med normer for hva som er anstendig eller rimelig adferd i rollen som ordf\u00f8rer. Notodden H\u00f8yre vil derfor i det kommende kommunestyrem\u00f8tet fremme mistillit til ordf\u00f8rer i Notodden kommune Gry Fuglestveit.<\/p>\t\t\t<div class=\"post-meta wp-block teft-byline-wrapper\">\n\t\t\t\t<div class=\"top\">\n\t\t\t\t\t<div class=\"signature\">\n\t\t\t\t\t\t<div class=\"teft-byline\">\n\t\t\t\t\t\t\t\t\t\t\t\t\t\t<div>\n\t\t\t\t\t\t\t\t<h3>H\u00f8yres redaksjon<\/h3>\t\t\t\t\t\t\t\t\n\t\t\t\t\t\t\t\t\t\t\t\t\t\t\t\t\t<span class=\"date\">Sist oppdatert: 2. juli 2018<\/span>\n\t\t\t\t\t\t\t\t\t\t\t\t\t\t\t\t\t\t\t\t\t\t\t\t\t<span class=\"reading-time\" itemprop=\"timeRequired\" content=\"PT2M\"><em>Ca. 2 minutter lesetid<\/em><\/span>\n\t\t\t\t\t\t\t\t\t\t\t\t\t\t\t<\/div>\n\t\t\t\t\t\t<\/div>\n\t\t\t\t\t<\/div>\n\t\t\t\t\t\t<div class=\"sharing\">\n\t\t<a class=\"share-button share-link copy-link\" data-copy=\"https:\/\/hoyre.no\/notodden\/aktuelt\/pressemelding_fra_notodden_hoyre\/\" target=\"_blank\"><span class=\"screen-reader-text\">Del link<\/span><\/a>\n\t\t<a class=\"share-button share-twitter\" href=\"http:\/\/twitter.com\/share?text=Pressemelding fra Notodden H\u00f8yre&#038;url=https:\/\/hoyre.no\/notodden\/aktuelt\/pressemelding_fra_notodden_hoyre\/&#038;hashtags=Hoyre\" target=\"_blank\"><span class=\"screen-reader-text\">Del p\u00e5 twitter<\/span><\/a>\n\t\t<a class=\"share-button share-facebook\" href=\"https:\/\/www.facebook.com\/sharer\/sharer.php?u=https:\/\/hoyre.no\/notodden\/aktuelt\/pressemelding_fra_notodden_hoyre\/\" target=\"_blank\"><span class=\"screen-reader-text\">Del p\u00e5 facebook<\/span><\/a>\n\t<\/div>\n\t\t\t\t\t<\/div>\n\t\t\t<\/div>\n\n\t\t\t<figure class=\"hoyre-image-wrapper\"><div class=\"hoyre-image\"><img loading=\"lazy\" decoding=\"async\" width=\"2560\" height=\"1707\" src=\"https:\/\/hoyre.no\/content\/uploads\/sites\/361\/2020\/11\/img_1689_1-scaled.jpg\" class=\"attachment-scaled size-scaled\" alt=\"Blomstereng\" style=\"object-position: 50% 50%\" srcset=\"https:\/\/hoyre.no\/content\/uploads\/sites\/361\/2020\/11\/img_1689_1-scaled.jpg 2560w, https:\/\/hoyre.no\/content\/uploads\/sites\/361\/2020\/11\/img_1689_1-300x200.jpg 300w, https:\/\/hoyre.no\/content\/uploads\/sites\/361\/2020\/11\/img_1689_1-1024x683.jpg 1024w, https:\/\/hoyre.no\/content\/uploads\/sites\/361\/2020\/11\/img_1689_1-768x512.jpg 768w, https:\/\/hoyre.no\/content\/uploads\/sites\/361\/2020\/11\/img_1689_1-1536x1024.jpg 1536w, https:\/\/hoyre.no\/content\/uploads\/sites\/361\/2020\/11\/img_1689_1-2048x1365.jpg 2048w\" sizes=\"auto, (max-width: 2560px) 100vw, 2560px\" \/><\/div><\/figure><div id=\"hoyre-old-article-content-wrapper\"><p>Pressemelding fra Notodden H\u00f8yre<\/p><div><p>I forbindelse med innkalling til ekstraordin\u00e6rt kommunestyre 05.07.18 har Notodden H\u00f8yre avholdt medlemsm\u00f8te. I Notodden H\u00f8yre har alle medlemmer uttalelsesrett, og det har v\u00e6rt stort engasjement fra b\u00e5de medlemmer og sympatis\u00f8rer. Det er viktig for oss \u00e5 v\u00e6re lydh\u00f8re for b\u00e5de v\u00e5re velgere og v\u00e5re medlemmer, og vi har derfor brukt dagene siden torsdag 28.6.18 for \u00e5 sikre en bred prosess som er godt forankret i partiet. Vi anbefaler alle de andre partiene p\u00e5 Notodden om \u00e5 kj\u00f8re en like demokratisk og inkluderende linje.<\/p><p>Notodden H\u00f8yre mener det er sv\u00e6rt viktig \u00e5 delta p\u00e5 de politiske arenaene vi er valgt inn for \u00e5 delta p\u00e5. Kommunestyregruppa vil m\u00f8te p\u00e5 det ekstraordin\u00e6re kommunestyret den 05. juli til tross for kort varsel og ugunstig valg av tidspunkt. S\u00e5 langt det lar seg gj\u00f8re vil det m\u00f8te vararepresentanter for de av v\u00e5re faste representanter som har meldt lovlig forfall. Vi er sterkt kritiske b\u00e5de til denne innkallingen, som kan synes strategisk valgt, og til m\u00f8tets saksliste.<\/p><p>Notodden H\u00f8yre opplever r\u00e5dmann Svein Aannestad som en faglig dyktig og modig r\u00e5dmann som har veiledet Notoddens politikere p\u00e5 en god m\u00e5te, og til fordel for Notoddens innbyggere. En eventuell avgang av r\u00e5dmannen vil v\u00e6re et stort tap for kommunen v\u00e5r. Vi vil i m\u00f8tet v\u00e6re tydelige p\u00e5 at vi ikke \u00f8nsker r\u00e5dmannens avgang, og vil komme med et alternativt forslag til vedtak.<\/p><p>Notodden H\u00f8yre er opptatt av \u00e5 f\u00f8re en ansvarlig og \u00e5pen politikk. Prosessen rundt r\u00e5dmannens avgang er under enhver kritikk. Oppsigelsen av r\u00e5dmann Svein Aannestad og ordf\u00f8rer Gry Fuglestveits h\u00e5ndtering inngir ikke tillit. H\u00e5ndteringen av denne oppsigelsen undergraver de viktigste demokratiske prinsippene som vi baserer v\u00e5r politikk p\u00e5. Vi mener ordf\u00f8reren har brutt med normer for hva som er anstendig eller rimelig adferd i rollen som ordf\u00f8rer. Notodden H\u00f8yre vil derfor i det kommende kommunestyrem\u00f8tet fremme mistillit til ordf\u00f8rer i Notodden kommune Gry Fuglestveit.<\/p><p>P\u00e5 vegne av meldemsm\u00f8tet til Notodden H\u00f8yre,<\/p><p>Tonje Harbek Brokke<br \/>Gruppeleder, Notodden H\u00f8yre<\/p><\/div><p><br \/><\/p><\/div>\n<div class=\"tags\">\n\t<\/div>\n<div class=\"post-footer alignfull has-background block-editor-block-list__block\" data-align=full>\n\t<div class=\"post-footer-inner\">\n\t\t<h3>Relaterte artikler<\/h3>\n\t\t<div class=\"related-content\"><div class=\"is-card-hoyre\">\n\t<div class=\"teft-card hoyre-teft-card post-teft-card\">\n\t\t<a href=\"https:\/\/hoyre.no\/notodden\/aktuelt\/ungdom-og-rus\/\" class=\"teft-card__primary-action\">\n\n\t\t\t\t\t<div class=\"teft-card__media teft-card__media--16-9\">\n\t\t\t\t\t\t<img loading=\"lazy\" decoding=\"async\" width=\"768\" height=\"402\" src=\"https:\/\/hoyre.no\/content\/uploads\/sites\/361\/2024\/01\/Ungdom-og-rus-nett-768x402.png\" class=\"attachment-medium_large size-medium_large\" alt=\"\" srcset=\"https:\/\/hoyre.no\/content\/uploads\/sites\/361\/2024\/01\/Ungdom-og-rus-nett-768x402.png 768w, https:\/\/hoyre.no\/content\/uploads\/sites\/361\/2024\/01\/Ungdom-og-rus-nett-300x157.png 300w, https:\/\/hoyre.no\/content\/uploads\/sites\/361\/2024\/01\/Ungdom-og-rus-nett-1024x536.png 1024w, https:\/\/hoyre.no\/content\/uploads\/sites\/361\/2024\/01\/Ungdom-og-rus-nett-1536x804.png 1536w, https:\/\/hoyre.no\/content\/uploads\/sites\/361\/2024\/01\/Ungdom-og-rus-nett.png 1920w\" sizes=\"auto, (max-width: 768px) 100vw, 768px\" \/>\t\t<\/div>\n\t\t\n\t\t\t<div class=\"teft-card__content-wrapper\">\n\t\t\t\t<div class=\"teft-card__secondary\">\n\t\t\t\t\t\n\t\t\t\t\t\t\t\t<div class=\"teft-card__meta\">\n\t\t\t\t\t\t\t\t\t<span class=\"post-date\">30. jan 2024<\/span>\n\n\t\t\t\t\t\t\t\t\t\t\t\t\t\t\t\t\t<\/div>\n\t\t\t\t\t\t\t\t\t\t\t<\/div>\n\n\t\t\t\t<div class=\"teft-card__primary\">\n\t\t\t\t\t<h2 class=\"teft-card__title\">Ungdom og rus&nbsp;<span class=\"teft-card__primary-title-append\"><\/span><\/h2>\t\t\t\t<\/div>\n\t\t\t<\/div>\n\t\t<\/a>\n\t<\/div>\n\n\t<\/div><div class=\"is-card-hoyre\">\n\t<div class=\"teft-card hoyre-teft-card post-teft-card\">\n\t\t<a href=\"https:\/\/hoyre.no\/notodden\/aktuelt\/anne-mette-gangsoy-er-hoyres-ordforerkandidat\/\" class=\"teft-card__primary-action\">\n\n\t\t\t\t\t<div class=\"teft-card__media teft-card__media--16-9\">\n\t\t\t\t\t\t<img loading=\"lazy\" decoding=\"async\" width=\"768\" height=\"1024\" src=\"https:\/\/hoyre.no\/content\/uploads\/sites\/361\/2022\/06\/Notodden-768x1024.jpg\" class=\"attachment-medium_large size-medium_large\" alt=\"Bilder av Anne Mette\" srcset=\"https:\/\/hoyre.no\/content\/uploads\/sites\/361\/2022\/06\/Notodden-768x1024.jpg 768w, https:\/\/hoyre.no\/content\/uploads\/sites\/361\/2022\/06\/Notodden-225x300.jpg 225w, https:\/\/hoyre.no\/content\/uploads\/sites\/361\/2022\/06\/Notodden-1152x1536.jpg 1152w, https:\/\/hoyre.no\/content\/uploads\/sites\/361\/2022\/06\/Notodden-1536x2048.jpg 1536w, https:\/\/hoyre.no\/content\/uploads\/sites\/361\/2022\/06\/Notodden-scaled.jpg 1875w\" sizes=\"auto, (max-width: 768px) 100vw, 768px\" \/>\t\t<\/div>\n\t\t\n\t\t\t<div class=\"teft-card__content-wrapper\">\n\t\t\t\t<div class=\"teft-card__secondary\">\n\t\t\t\t\t\n\t\t\t\t\t\t\t\t<div class=\"teft-card__meta\">\n\t\t\t\t\t\t\t\t\t<span class=\"post-date\">30. jun 2022<\/span>\n\n\t\t\t\t\t\t\t\t\t\t\t\t\t\t\t\t\t<\/div>\n\t\t\t\t\t\t\t\t\t\t\t<\/div>\n\n\t\t\t\t<div class=\"teft-card__primary\">\n\t\t\t\t\t<h2 class=\"teft-card__title\">Anne Mette Gangs\u00f8y er H\u00f8yres ordf\u00f8rerkandidat&nbsp;<span class=\"teft-card__primary-title-append\"><\/span><\/h2>\t\t\t\t<\/div>\n\t\t\t<\/div>\n\t\t<\/a>\n\t<\/div>\n\n\t<\/div><div class=\"is-card-hoyre\">\n\t<div class=\"teft-card hoyre-teft-card post-teft-card\">\n\t\t<a href=\"https:\/\/hoyre.no\/notodden\/aktuelt\/notodden-hoyre-avholder-nominasjonsmote-onsdag-29-juni\/\" class=\"teft-card__primary-action\">\n\n\t\t\t\t\t<div class=\"teft-card__media teft-card__media--16-9\">\n\t\t\t\t\t\t<img loading=\"lazy\" decoding=\"async\" width=\"768\" height=\"1024\" src=\"https:\/\/hoyre.no\/content\/uploads\/sites\/361\/2022\/06\/Anne-Mette-768x1024.jpg\" class=\"attachment-medium_large size-medium_large\" alt=\"\" srcset=\"https:\/\/hoyre.no\/content\/uploads\/sites\/361\/2022\/06\/Anne-Mette-768x1024.jpg 768w, https:\/\/hoyre.no\/content\/uploads\/sites\/361\/2022\/06\/Anne-Mette-225x300.jpg 225w, https:\/\/hoyre.no\/content\/uploads\/sites\/361\/2022\/06\/Anne-Mette-1152x1536.jpg 1152w, https:\/\/hoyre.no\/content\/uploads\/sites\/361\/2022\/06\/Anne-Mette-1536x2048.jpg 1536w, https:\/\/hoyre.no\/content\/uploads\/sites\/361\/2022\/06\/Anne-Mette-scaled.jpg 1875w\" sizes=\"auto, (max-width: 768px) 100vw, 768px\" \/>\t\t<\/div>\n\t\t\n\t\t\t<div class=\"teft-card__content-wrapper\">\n\t\t\t\t<div class=\"teft-card__secondary\">\n\t\t\t\t\t\n\t\t\t\t\t\t\t\t<div class=\"teft-card__meta\">\n\t\t\t\t\t\t\t\t\t<span class=\"post-date\">24. jun 2022<\/span>\n\n\t\t\t\t\t\t\t\t\t\t\t\t\t\t\t\t\t<\/div>\n\t\t\t\t\t\t\t\t\t\t\t<\/div>\n\n\t\t\t\t<div class=\"teft-card__primary\">\n\t\t\t\t\t<h2 class=\"teft-card__title\">Notodden H\u00f8yre avholder nominasjonsm\u00f8te onsdag 29 juni.&nbsp;<span class=\"teft-card__primary-title-append\"><\/span><\/h2>\t\t\t\t<\/div>\n\t\t\t<\/div>\n\t\t<\/a>\n\t<\/div>\n\n\t<\/div><\/div>\t<\/div>\n<\/div>\n","protected":false},"excerpt":{"rendered":"","protected":false},"author":0,"featured_media":0,"comment_status":"closed","ping_status":"closed","sticky":false,"template":"","format":"standard","meta":{"teft_cards_image_url":"https:\/\/hoyre.no\/content\/uploads\/sites\/361\/2020\/11\/img_1689_1-scaled.jpg","teft_cards_custom_pretitle":"","teft_cards_image_id":17,"teft_cards_image_focal_point_x":0,"teft_cards_image_focal_point_y":0,"teft_cards_title":"","teft_cards_excerpt":"","teft_show_chapters":false,"author_display_name":"Tonje Harbek Brokke","footnotes":""},"category":[1],"post_tag":[],"hoyre-visibility":[],"article-type":[],"politician":[],"class_list":["post-18","post","type-post","status-publish","format-standard","hentry","category-ukategorisert"],"yoast_head":"<!-- This site is optimized with the Yoast SEO plugin v26.6 - https:\/\/yoast.com\/wordpress\/plugins\/seo\/ -->\n<title>Pressemelding fra Notodden H\u00f8yre - Notodden H\u00f8yre<\/title>\n<meta name=\"robots\" content=\"index, follow, max-snippet:-1, max-image-preview:large, max-video-preview:-1\" \/>\n<link rel=\"canonical\" href=\"https:\/\/hoyre.no\/notodden\/aktuelt\/pressemelding_fra_notodden_hoyre\/\" \/>\n<meta property=\"og:locale\" content=\"nb_NO\" \/>\n<meta property=\"og:type\" content=\"article\" \/>\n<meta property=\"og:title\" content=\"Pressemelding fra Notodden H\u00f8yre - Notodden H\u00f8yre\" \/>\n<meta property=\"og:url\" content=\"https:\/\/hoyre.no\/notodden\/aktuelt\/pressemelding_fra_notodden_hoyre\/\" \/>\n<meta property=\"og:site_name\" content=\"Notodden H\u00f8yre\" \/>\n<meta property=\"article:published_time\" content=\"2018-07-02T20:00:00+00:00\" \/>\n<meta property=\"og:image\" content=\"https:\/\/hoyre.no\/content\/uploads\/sites\/361\/2022\/01\/TonjeBrokke-1-1024x683.jpg\" \/>\n<meta name=\"twitter:card\" content=\"summary_large_image\" \/>\n<meta name=\"twitter:label1\" content=\"Ansl. lesetid\" \/>\n\t<meta name=\"twitter:data1\" content=\"2 minutter\" \/>\n<script type=\"application\/ld+json\" class=\"yoast-schema-graph\">{\"@context\":\"https:\/\/schema.org\",\"@graph\":[{\"@type\":\"NewsArticle\",\"@id\":\"https:\/\/hoyre.no\/notodden\/aktuelt\/pressemelding_fra_notodden_hoyre\/\",\"url\":\"https:\/\/hoyre.no\/notodden\/aktuelt\/pressemelding_fra_notodden_hoyre\/\",\"name\":\"Pressemelding fra Notodden H\u00f8yre - Notodden H\u00f8yre\",\"isPartOf\":{\"@id\":\"https:\/\/hoyre.no\/notodden\/#website\"},\"datePublished\":\"2018-07-02T20:00:00+00:00\",\"author\":{\"@id\":\"\"},\"breadcrumb\":{\"@id\":\"https:\/\/hoyre.no\/notodden\/aktuelt\/pressemelding_fra_notodden_hoyre\/#breadcrumb\"},\"inLanguage\":\"nb-NO\",\"potentialAction\":[{\"@type\":\"ReadAction\",\"target\":[\"https:\/\/hoyre.no\/notodden\/aktuelt\/pressemelding_fra_notodden_hoyre\/\"]}]},{\"@type\":\"BreadcrumbList\",\"@id\":\"https:\/\/hoyre.no\/notodden\/aktuelt\/pressemelding_fra_notodden_hoyre\/#breadcrumb\",\"itemListElement\":[{\"@type\":\"ListItem\",\"position\":1,\"name\":\"Til hoyre.no\",\"item\":\"https:\/\/hoyre.no\"},{\"@type\":\"ListItem\",\"position\":2,\"name\":\"Hjem\",\"item\":\"https:\/\/hoyre.no\/notodden\/\"},{\"@type\":\"ListItem\",\"position\":3,\"name\":\"Pressemelding fra Notodden H\u00f8yre\"}]},{\"@type\":\"WebSite\",\"@id\":\"https:\/\/hoyre.no\/notodden\/#website\",\"url\":\"https:\/\/hoyre.no\/notodden\/\",\"name\":\"Notodden H\u00f8yre\",\"description\":\"Bare enda et H\u00f8yres nettsteder-nettsted\",\"inLanguage\":\"nb-NO\"}]}<\/script>\n<!-- \/ Yoast SEO plugin. -->","yoast_head_json":{"title":"Pressemelding fra Notodden H\u00f8yre - Notodden H\u00f8yre","robots":{"index":"index","follow":"follow","max-snippet":"max-snippet:-1","max-image-preview":"max-image-preview:large","max-video-preview":"max-video-preview:-1"},"canonical":"https:\/\/hoyre.no\/notodden\/aktuelt\/pressemelding_fra_notodden_hoyre\/","og_locale":"nb_NO","og_type":"article","og_title":"Pressemelding fra Notodden H\u00f8yre - Notodden H\u00f8yre","og_url":"https:\/\/hoyre.no\/notodden\/aktuelt\/pressemelding_fra_notodden_hoyre\/","og_site_name":"Notodden H\u00f8yre","article_published_time":"2018-07-02T20:00:00+00:00","og_image":[{"url":"https:\/\/hoyre.no\/content\/uploads\/sites\/361\/2022\/01\/TonjeBrokke-1-1024x683.jpg","width":"","height":"","type":""}],"twitter_card":"summary_large_image","twitter_misc":{"Ansl. lesetid":"2 minutter"},"schema":{"@context":"https:\/\/schema.org","@graph":[{"@type":"NewsArticle","@id":"https:\/\/hoyre.no\/notodden\/aktuelt\/pressemelding_fra_notodden_hoyre\/","url":"https:\/\/hoyre.no\/notodden\/aktuelt\/pressemelding_fra_notodden_hoyre\/","name":"Pressemelding fra Notodden H\u00f8yre - Notodden H\u00f8yre","isPartOf":{"@id":"https:\/\/hoyre.no\/notodden\/#website"},"datePublished":"2018-07-02T20:00:00+00:00","author":{"@id":""},"breadcrumb":{"@id":"https:\/\/hoyre.no\/notodden\/aktuelt\/pressemelding_fra_notodden_hoyre\/#breadcrumb"},"inLanguage":"nb-NO","potentialAction":[{"@type":"ReadAction","target":["https:\/\/hoyre.no\/notodden\/aktuelt\/pressemelding_fra_notodden_hoyre\/"]}]},{"@type":"BreadcrumbList","@id":"https:\/\/hoyre.no\/notodden\/aktuelt\/pressemelding_fra_notodden_hoyre\/#breadcrumb","itemListElement":[{"@type":"ListItem","position":1,"name":"Til hoyre.no","item":"https:\/\/hoyre.no"},{"@type":"ListItem","position":2,"name":"Hjem","item":"https:\/\/hoyre.no\/notodden\/"},{"@type":"ListItem","position":3,"name":"Pressemelding fra Notodden H\u00f8yre"}]},{"@type":"WebSite","@id":"https:\/\/hoyre.no\/notodden\/#website","url":"https:\/\/hoyre.no\/notodden\/","name":"Notodden H\u00f8yre","description":"Bare enda et H\u00f8yres nettsteder-nettsted","inLanguage":"nb-NO"}]}},"distributor_meta":false,"distributor_terms":false,"distributor_media":false,"distributor_original_site_name":"Notodden H\u00f8yre","distributor_original_site_url":"https:\/\/hoyre.no\/notodden","push-errors":false,"_links":{"self":[{"href":"https:\/\/hoyre.no\/notodden\/wp-json\/wp\/v2\/posts\/18","targetHints":{"allow":["GET"]}}],"collection":[{"href":"https:\/\/hoyre.no\/notodden\/wp-json\/wp\/v2\/posts"}],"about":[{"href":"https:\/\/hoyre.no\/notodden\/wp-json\/wp\/v2\/types\/post"}],"replies":[{"embeddable":true,"href":"https:\/\/hoyre.no\/notodden\/wp-json\/wp\/v2\/comments?post=18"}],"version-history":[{"count":0,"href":"https:\/\/hoyre.no\/notodden\/wp-json\/wp\/v2\/posts\/18\/revisions"}],"wp:attachment":[{"href":"https:\/\/hoyre.no\/notodden\/wp-json\/wp\/v2\/media?parent=18"}],"wp:term":[{"taxonomy":"category","embeddable":true,"href":"https:\/\/hoyre.no\/notodden\/wp-json\/wp\/v2\/category?post=18"},{"taxonomy":"post_tag","embeddable":true,"href":"https:\/\/hoyre.no\/notodden\/wp-json\/wp\/v2\/post_tag?post=18"},{"taxonomy":"hoyre-visibility","embeddable":true,"href":"https:\/\/hoyre.no\/notodden\/wp-json\/wp\/v2\/hoyre-visibility?post=18"},{"taxonomy":"article-type","embeddable":true,"href":"https:\/\/hoyre.no\/notodden\/wp-json\/wp\/v2\/article-type?post=18"},{"taxonomy":"politician","embeddable":true,"href":"https:\/\/hoyre.no\/notodden\/wp-json\/wp\/v2\/politician?post=18"}],"curies":[{"name":"wp","href":"https:\/\/api.w.org\/{rel}","templated":true}]}}