{"id":293,"date":"2023-07-25T11:51:56","date_gmt":"2023-07-25T09:51:56","guid":{"rendered":"https:\/\/hoyre.no\/notodden\/?p=293"},"modified":"2023-08-06T14:47:31","modified_gmt":"2023-08-06T12:47:31","slug":"det-er-for-sent-nar-skuddene-har-falt","status":"publish","type":"post","link":"https:\/\/hoyre.no\/notodden\/aktuelt\/det-er-for-sent-nar-skuddene-har-falt\/","title":{"rendered":"De beste l\u00f8sningene dukker opp n\u00e5r folk snakker sammen"},"content":{"rendered":"\n<p class=\"preamble\">Det er en setning som har gnagd i meg.<br>\u2013 <em>Det er for sent \u00e5 st\u00e5 opp n\u00e5r skuddene har falt. Det er for sent \u00e5 si fra n\u00e5r hatet har tatt liv.\u00a0<\/em><br><br>Det er setningen som AUF-leder Astrid Hoem sa i sin tale p\u00e5 22.juli markeringen i regjeringskvartalet torsdag morgen.\u00a0<br>Sitter og leser avisa i dag og leser et sitat av sosiologen Anthony Giddens i en artikkel om ekstremvarmen, et paradoks i v\u00e5r holdning til klimakrisen:\u00a0<br><br>&#8211; <em>Det er f\u00f8rst n\u00e5r vi ser konsekvensene av handlingene v\u00e5re at vi vil gj\u00f8re noe, men da er det for sent\u00a0<\/em><br><\/p>\t\t\t<div class=\"post-meta wp-block teft-byline-wrapper\">\n\t\t\t\t<div class=\"top\">\n\t\t\t\t\t<div class=\"signature\">\n\t\t\t\t\t\t<div class=\"teft-byline\">\n\t\t\t\t\t\t\t\t\t\t\t\t\t\t<div>\n\t\t\t\t\t\t\t\t<h3>H\u00f8yres redaksjon<\/h3>\t\t\t\t\t\t\t\t\n\t\t\t\t\t\t\t\t\t\t\t\t\t\t\t\t\t<span class=\"date\">Sist oppdatert: 6. august 2023<\/span>\n\t\t\t\t\t\t\t\t\t\t\t\t\t\t\t\t\t\t\t\t\t\t\t\t\t<span class=\"reading-time\" itemprop=\"timeRequired\" content=\"PT4M\"><em>Ca. 4 minutter lesetid<\/em><\/span>\n\t\t\t\t\t\t\t\t\t\t\t\t\t\t\t<\/div>\n\t\t\t\t\t\t<\/div>\n\t\t\t\t\t<\/div>\n\t\t\t\t\t\t<div class=\"sharing\">\n\t\t<a class=\"share-button share-link copy-link\" data-copy=\"https:\/\/hoyre.no\/notodden\/aktuelt\/det-er-for-sent-nar-skuddene-har-falt\/\" target=\"_blank\"><span class=\"screen-reader-text\">Del link<\/span><\/a>\n\t\t<a class=\"share-button share-twitter\" href=\"http:\/\/twitter.com\/share?text=De beste l\u00f8sningene dukker opp n\u00e5r folk snakker sammen&#038;url=https:\/\/hoyre.no\/notodden\/aktuelt\/det-er-for-sent-nar-skuddene-har-falt\/&#038;hashtags=Hoyre\" target=\"_blank\"><span class=\"screen-reader-text\">Del p\u00e5 twitter<\/span><\/a>\n\t\t<a class=\"share-button share-facebook\" href=\"https:\/\/www.facebook.com\/sharer\/sharer.php?u=https:\/\/hoyre.no\/notodden\/aktuelt\/det-er-for-sent-nar-skuddene-har-falt\/\" target=\"_blank\"><span class=\"screen-reader-text\">Del p\u00e5 facebook<\/span><\/a>\n\t<\/div>\n\t\t\t\t\t<\/div>\n\t\t\t<\/div>\n\n\t\t\t<figure class=\"hoyre-image-wrapper\"><div class=\"hoyre-image\"><img loading=\"lazy\" decoding=\"async\" width=\"2500\" height=\"1875\" src=\"https:\/\/hoyre.no\/content\/uploads\/sites\/361\/2023\/07\/IMG_1720-scaled.jpeg\" class=\"attachment-scaled size-scaled\" alt=\"\" style=\"object-position: 50% 50%\" srcset=\"https:\/\/hoyre.no\/content\/uploads\/sites\/361\/2023\/07\/IMG_1720-scaled.jpeg 2500w, https:\/\/hoyre.no\/content\/uploads\/sites\/361\/2023\/07\/IMG_1720-300x225.jpeg 300w, https:\/\/hoyre.no\/content\/uploads\/sites\/361\/2023\/07\/IMG_1720-1024x768.jpeg 1024w, https:\/\/hoyre.no\/content\/uploads\/sites\/361\/2023\/07\/IMG_1720-768x576.jpeg 768w, https:\/\/hoyre.no\/content\/uploads\/sites\/361\/2023\/07\/IMG_1720-1536x1152.jpeg 1536w, https:\/\/hoyre.no\/content\/uploads\/sites\/361\/2023\/07\/IMG_1720-2048x1536.jpeg 2048w\" sizes=\"auto, (max-width: 2500px) 100vw, 2500px\" \/><\/div><\/figure>\n\n\n\n\n<p>Det er for sent \u00e5 st\u00e5 opp n\u00e5r skuddene har falt\u2026<\/p>\n\n\n\n<p>Som ordf\u00f8rer vil jeg st\u00e5 opp for et inkluderende samfunn hvor det er plass til alle. Hvor det er plass til flere perspektiv og alle perspektiv har en plass rundt bordet n\u00e5r beslutninger fattes.&nbsp;<\/p>\n\n\n\n<p>Jeg vil st\u00e5 opp for et samfunn hvor det er trygt \u00e5 la meninger brytes uten \u00e5 risikere utestengelse, mobbing eller trakassering. Jeg vil st\u00e5 opp for et samfunn hvor det er lov \u00e5 v\u00e6re den man er og elske den man vil, hvor det er plass til alle.&nbsp;<\/p>\n\n\n\n<p>Jeg vil bruke min makt som politiker til \u00e5 gi en plass til alle meninger.<\/p>\n\n\n\n<p>Jeg vil lytte til p\u00e5r\u00f8rende n\u00e5r vi utvikler v\u00e5re helsetjenester. Jeg vil lytte til foreldre og elever n\u00e5r skolen og barnehagene innoveres. Jeg vil lytte til de frivillige organisasjonene n\u00e5r budsjettene legges og jeg vil lytte til n\u00e6ringslivet n\u00e5r planer og utspill lages. &nbsp;<\/p>\n\n\n\n<p>Jeg vil bruke min makt i budsjettprosesser til \u00e5 prioritere aktiviteter og tjenester som inkluderer og inviterer til et samarbeid med b\u00e5de n\u00e6ringsliv og frivillige organisasjoner i utviklingen av Notodden som et attraktivt, inkluderende og b\u00e6rekraftig samfunn. Vi m\u00e5 bruke de tjenestene vi har til \u00e5 samarbeide, bygge relasjoner og bygge b\u00e6rekraftige relasjoner til borgernes beste. Vi har en demensutfordring som banker p\u00e5 d\u00f8rene. Vi har en klimautfordring som vi nordmenn litt for ofte f\u00f8ler er langt borte, eller ikke ang\u00e5r oss. Vi har en ungdomsutfordring med ungdommer som ikke helt vet hvordan de skal forholde seg til hverandre. Vi har en befolkningsutfordring i Notodden med for f\u00e5 mennesker som vil bo og leve her. Som ordf\u00f8rer vil jeg ta initiativ til det helt n\u00f8dvendige samarbeidet vi m\u00e5 ha for kunne med \u00e5 bygge et godt lokalsamfunn for alle.<\/p>\n\n\n\n<h2 class=\"wp-block-heading\">Notodden H\u00f8yre har ikke l\u00f8sningen alene<\/h2>\n\n\n\n<p>Vi trenger alle de politiske partiene som klarer \u00e5 samle seg om konkrete l\u00f8sninger og budsjetter hvor vi bruker dine skattepenger p\u00e5 best mulig m\u00e5te. I min masterutdannelse kikket en \u00f8konomiprofessor ut i salen og lurte p\u00e5 hvor mange av oss som arbeidet i offentlig sektor. Vi var kun 2 personer i en sal med ca 150 studenter.&nbsp;<\/p>\n\n\n\n<p>\u00abDenne undervisningen er viktigst for dere to. Dere skal ikke tjene penger til en ukjent aksjespekulant, dere skal gi tjenester til befolkningen fra vugge til grav og dere bruker mine skattepenger. Derfor er det s\u00e5 viktig at dere gj\u00f8r en god jobb, at dere foretar gode beslutninger i budsjettprosesser, beslutninger som er gode p\u00e5 lang sikt, ikke bare for det kommende \u00e5rsresultatet\u00bb- og s\u00e5 l\u00e6rte jeg om beslutningsprosesser som b\u00e5de tar hensyn til \u00f8konomiske- og ikke-\u00f8konomiske verdier og netto-n\u00e5verdi-metoden.&nbsp;<\/p>\n\n\n\n<p>Som leder i offentlig sektor har jeg alltid satt min \u00e6re i \u00e5 f\u00e5 mest mulig ut av de pengene vi har. Jeg har pr\u00f8vd \u00e5 tiltrekke statlige offentlige midler til Notodden kommune gjennom s\u00f8knader og innovasjonsprosjekter,&nbsp; og jeg har funnet samarbeid med andre virksomheter, privat, frivillig og offentlig, hvor vi kan f\u00e5 til \u00abvinn &#8211; vinn\u00bb samarbeid. Hvor begge parter f\u00e5r mer ut av pengene vi har, vi n\u00e5r de strategiske m\u00e5lene vi har satt oss p\u00e5 hver v\u00e5r kant &#8211; og brukerne f\u00e5r bedre tjenester.&nbsp;<\/p>\n\n\n\n<p>Jeg tror ikke p\u00e5 ekskludering av private tjenester og jeg tror ikke p\u00e5 svart &#8211; hvitt l\u00f8sninger. Livet er ikke svart &#8211; hvitt, og l\u00f8sningene p\u00e5 de utfordringene vi st\u00e5r overfor i Notodden er heller ikke rett eller galt. Politisk m\u00e5 vi slutte \u00e5 krangle og f\u00e5 gjennomf\u00f8rt de sakene vi er enige om. Vi m\u00e5 finne de beste l\u00f8sningene med de pengene og de menneskene vi har.&nbsp; Og, etter min erfaring, dukker de beste l\u00f8sninger opp n\u00e5r folk snakker sammen, folk med forskjellige perspektiv og forskjellige erfaringer. Vi har et n\u00e6ringsliv p\u00e5 Notodden som er optimistiske for framtiden. Jeg er ogs\u00e5 optimistisk, jeg tror p\u00e5 Notodden og v\u00e5rt samfunn, og jeg tror vi sammen kan finne gode l\u00f8sninger. <\/p>\n\n\n\n<p>Derfor stiller jeg som ordf\u00f8rerkandidat til Notodden H\u00f8yre.<\/p>\n\n\n<div class=\"tags\">\n\t\t<div class=\"wp-block-tag-cloud\">\n\t\t\t\t\t<a href=\"https:\/\/hoyre.no\/notodden\/aktuelt\/tag\/ordforerkandidat-notodden-hoyre\/\" class=\"tag-cloud-link\">Ordf\u00f8rerkandidat Notodden H\u00f8yre<\/a>\n\t\t\t\t\t<a href=\"https:\/\/hoyre.no\/notodden\/aktuelt\/tag\/samarbeid\/\" class=\"tag-cloud-link\">samarbeid<\/a>\n\t\t\t\t\t<a href=\"https:\/\/hoyre.no\/notodden\/aktuelt\/tag\/valg-23\/\" class=\"tag-cloud-link\">Valg-23<\/a>\n\t\t\t<\/div>\n\t<\/div>\n<div class=\"post-footer alignfull has-background block-editor-block-list__block\" data-align=full>\n\t<div class=\"post-footer-inner\">\n\t\t<h3>Relaterte artikler<\/h3>\n\t\t<div class=\"related-content\"><div class=\"is-card-hoyre\">\n\t<div class=\"teft-card hoyre-teft-card post-teft-card\">\n\t\t<a href=\"https:\/\/hoyre.no\/notodden\/aktuelt\/ungdom-og-rus\/\" class=\"teft-card__primary-action\">\n\n\t\t\t\t\t<div class=\"teft-card__media teft-card__media--16-9\">\n\t\t\t\t\t\t<img loading=\"lazy\" decoding=\"async\" width=\"768\" height=\"402\" src=\"https:\/\/hoyre.no\/content\/uploads\/sites\/361\/2024\/01\/Ungdom-og-rus-nett-768x402.png\" class=\"attachment-medium_large size-medium_large\" alt=\"\" srcset=\"https:\/\/hoyre.no\/content\/uploads\/sites\/361\/2024\/01\/Ungdom-og-rus-nett-768x402.png 768w, https:\/\/hoyre.no\/content\/uploads\/sites\/361\/2024\/01\/Ungdom-og-rus-nett-300x157.png 300w, https:\/\/hoyre.no\/content\/uploads\/sites\/361\/2024\/01\/Ungdom-og-rus-nett-1024x536.png 1024w, https:\/\/hoyre.no\/content\/uploads\/sites\/361\/2024\/01\/Ungdom-og-rus-nett-1536x804.png 1536w, https:\/\/hoyre.no\/content\/uploads\/sites\/361\/2024\/01\/Ungdom-og-rus-nett.png 1920w\" sizes=\"auto, (max-width: 768px) 100vw, 768px\" \/>\t\t<\/div>\n\t\t\n\t\t\t<div class=\"teft-card__content-wrapper\">\n\t\t\t\t<div class=\"teft-card__secondary\">\n\t\t\t\t\t\n\t\t\t\t\t\t\t\t<div class=\"teft-card__meta\">\n\t\t\t\t\t\t\t\t\t<span class=\"post-date\">30. jan 2024<\/span>\n\n\t\t\t\t\t\t\t\t\t\t\t\t\t\t\t\t\t<\/div>\n\t\t\t\t\t\t\t\t\t\t\t<\/div>\n\n\t\t\t\t<div class=\"teft-card__primary\">\n\t\t\t\t\t<h2 class=\"teft-card__title\">Ungdom og rus&nbsp;<span class=\"teft-card__primary-title-append\"><\/span><\/h2>\t\t\t\t<\/div>\n\t\t\t<\/div>\n\t\t<\/a>\n\t<\/div>\n\n\t<\/div><div class=\"is-card-hoyre\">\n\t<div class=\"teft-card hoyre-teft-card post-teft-card\">\n\t\t<a href=\"https:\/\/hoyre.no\/notodden\/aktuelt\/anne-mette-gangsoy-er-hoyres-ordforerkandidat\/\" class=\"teft-card__primary-action\">\n\n\t\t\t\t\t<div class=\"teft-card__media teft-card__media--16-9\">\n\t\t\t\t\t\t<img loading=\"lazy\" decoding=\"async\" width=\"768\" height=\"1024\" src=\"https:\/\/hoyre.no\/content\/uploads\/sites\/361\/2022\/06\/Notodden-768x1024.jpg\" class=\"attachment-medium_large size-medium_large\" alt=\"Bilder av Anne Mette\" srcset=\"https:\/\/hoyre.no\/content\/uploads\/sites\/361\/2022\/06\/Notodden-768x1024.jpg 768w, https:\/\/hoyre.no\/content\/uploads\/sites\/361\/2022\/06\/Notodden-225x300.jpg 225w, https:\/\/hoyre.no\/content\/uploads\/sites\/361\/2022\/06\/Notodden-1152x1536.jpg 1152w, https:\/\/hoyre.no\/content\/uploads\/sites\/361\/2022\/06\/Notodden-1536x2048.jpg 1536w, https:\/\/hoyre.no\/content\/uploads\/sites\/361\/2022\/06\/Notodden-scaled.jpg 1875w\" sizes=\"auto, (max-width: 768px) 100vw, 768px\" \/>\t\t<\/div>\n\t\t\n\t\t\t<div class=\"teft-card__content-wrapper\">\n\t\t\t\t<div class=\"teft-card__secondary\">\n\t\t\t\t\t\n\t\t\t\t\t\t\t\t<div class=\"teft-card__meta\">\n\t\t\t\t\t\t\t\t\t<span class=\"post-date\">30. jun 2022<\/span>\n\n\t\t\t\t\t\t\t\t\t\t\t\t\t\t\t\t\t<\/div>\n\t\t\t\t\t\t\t\t\t\t\t<\/div>\n\n\t\t\t\t<div class=\"teft-card__primary\">\n\t\t\t\t\t<h2 class=\"teft-card__title\">Anne Mette Gangs\u00f8y er H\u00f8yres ordf\u00f8rerkandidat&nbsp;<span class=\"teft-card__primary-title-append\"><\/span><\/h2>\t\t\t\t<\/div>\n\t\t\t<\/div>\n\t\t<\/a>\n\t<\/div>\n\n\t<\/div><div class=\"is-card-hoyre\">\n\t<div class=\"teft-card hoyre-teft-card post-teft-card\">\n\t\t<a href=\"https:\/\/hoyre.no\/notodden\/aktuelt\/notodden-hoyre-avholder-nominasjonsmote-onsdag-29-juni\/\" class=\"teft-card__primary-action\">\n\n\t\t\t\t\t<div class=\"teft-card__media teft-card__media--16-9\">\n\t\t\t\t\t\t<img loading=\"lazy\" decoding=\"async\" width=\"768\" height=\"1024\" src=\"https:\/\/hoyre.no\/content\/uploads\/sites\/361\/2022\/06\/Anne-Mette-768x1024.jpg\" class=\"attachment-medium_large size-medium_large\" alt=\"\" srcset=\"https:\/\/hoyre.no\/content\/uploads\/sites\/361\/2022\/06\/Anne-Mette-768x1024.jpg 768w, https:\/\/hoyre.no\/content\/uploads\/sites\/361\/2022\/06\/Anne-Mette-225x300.jpg 225w, https:\/\/hoyre.no\/content\/uploads\/sites\/361\/2022\/06\/Anne-Mette-1152x1536.jpg 1152w, https:\/\/hoyre.no\/content\/uploads\/sites\/361\/2022\/06\/Anne-Mette-1536x2048.jpg 1536w, https:\/\/hoyre.no\/content\/uploads\/sites\/361\/2022\/06\/Anne-Mette-scaled.jpg 1875w\" sizes=\"auto, (max-width: 768px) 100vw, 768px\" \/>\t\t<\/div>\n\t\t\n\t\t\t<div class=\"teft-card__content-wrapper\">\n\t\t\t\t<div class=\"teft-card__secondary\">\n\t\t\t\t\t\n\t\t\t\t\t\t\t\t<div class=\"teft-card__meta\">\n\t\t\t\t\t\t\t\t\t<span class=\"post-date\">24. jun 2022<\/span>\n\n\t\t\t\t\t\t\t\t\t\t\t\t\t\t\t\t\t<\/div>\n\t\t\t\t\t\t\t\t\t\t\t<\/div>\n\n\t\t\t\t<div class=\"teft-card__primary\">\n\t\t\t\t\t<h2 class=\"teft-card__title\">Notodden H\u00f8yre avholder nominasjonsm\u00f8te onsdag 29 juni.&nbsp;<span class=\"teft-card__primary-title-append\"><\/span><\/h2>\t\t\t\t<\/div>\n\t\t\t<\/div>\n\t\t<\/a>\n\t<\/div>\n\n\t<\/div><\/div>\t<\/div>\n<\/div>\n","protected":false},"excerpt":{"rendered":"","protected":false},"author":15713,"featured_media":0,"comment_status":"closed","ping_status":"closed","sticky":false,"template":"","format":"standard","meta":{"teft_cards_image_url":"","teft_cards_custom_pretitle":"","teft_cards_image_id":299,"teft_cards_image_focal_point_x":0.5,"teft_cards_image_focal_point_y":0.5,"teft_cards_title":"","teft_cards_excerpt":"","teft_show_chapters":false,"author_display_name":"","footnotes":""},"category":[1],"post_tag":[6,8,7],"hoyre-visibility":[],"article-type":[5],"politician":[],"class_list":["post-293","post","type-post","status-publish","format-standard","hentry","category-ukategorisert","tag-ordforerkandidat-notodden-hoyre","tag-samarbeid","tag-valg-23","article-type-blogg"],"yoast_head":"<!-- This site is optimized with the Yoast SEO plugin v26.6 - https:\/\/yoast.com\/wordpress\/plugins\/seo\/ -->\n<title>De beste l\u00f8sningene dukker opp n\u00e5r folk snakker sammen - Notodden H\u00f8yre<\/title>\n<meta name=\"robots\" content=\"index, follow, max-snippet:-1, max-image-preview:large, max-video-preview:-1\" \/>\n<link rel=\"canonical\" href=\"https:\/\/hoyre.no\/notodden\/aktuelt\/det-er-for-sent-nar-skuddene-har-falt\/\" \/>\n<meta property=\"og:locale\" content=\"nb_NO\" \/>\n<meta property=\"og:type\" content=\"article\" \/>\n<meta property=\"og:title\" content=\"De beste l\u00f8sningene dukker opp n\u00e5r folk snakker sammen - Notodden H\u00f8yre\" \/>\n<meta property=\"og:url\" content=\"https:\/\/hoyre.no\/notodden\/aktuelt\/det-er-for-sent-nar-skuddene-har-falt\/\" \/>\n<meta property=\"og:site_name\" content=\"Notodden H\u00f8yre\" \/>\n<meta property=\"article:published_time\" content=\"2023-07-25T09:51:56+00:00\" \/>\n<meta property=\"article:modified_time\" content=\"2023-08-06T12:47:31+00:00\" \/>\n<meta property=\"og:image\" content=\"https:\/\/hoyre.no\/content\/uploads\/sites\/361\/2022\/01\/TonjeBrokke-1-1024x683.jpg\" \/>\n<meta name=\"author\" content=\"Anne Mette Gangs\u00f8y\" \/>\n<meta name=\"twitter:card\" content=\"summary_large_image\" \/>\n<meta name=\"twitter:label1\" content=\"Skrevet av\" \/>\n\t<meta name=\"twitter:data1\" content=\"Anne Mette Gangs\u00f8y\" \/>\n\t<meta name=\"twitter:label2\" content=\"Ansl. lesetid\" \/>\n\t<meta name=\"twitter:data2\" content=\"5 minutter\" \/>\n<script type=\"application\/ld+json\" class=\"yoast-schema-graph\">{\"@context\":\"https:\/\/schema.org\",\"@graph\":[{\"@type\":\"NewsArticle\",\"@id\":\"https:\/\/hoyre.no\/notodden\/aktuelt\/det-er-for-sent-nar-skuddene-har-falt\/\",\"url\":\"https:\/\/hoyre.no\/notodden\/aktuelt\/det-er-for-sent-nar-skuddene-har-falt\/\",\"name\":\"De beste l\u00f8sningene dukker opp n\u00e5r folk snakker sammen - Notodden H\u00f8yre\",\"isPartOf\":{\"@id\":\"https:\/\/hoyre.no\/notodden\/#website\"},\"datePublished\":\"2023-07-25T09:51:56+00:00\",\"dateModified\":\"2023-08-06T12:47:31+00:00\",\"author\":{\"@id\":\"https:\/\/hoyre.no\/notodden\/#\/schema\/person\/9a59479389ca95779de51531af0f832c\"},\"breadcrumb\":{\"@id\":\"https:\/\/hoyre.no\/notodden\/aktuelt\/det-er-for-sent-nar-skuddene-har-falt\/#breadcrumb\"},\"inLanguage\":\"nb-NO\",\"potentialAction\":[{\"@type\":\"ReadAction\",\"target\":[\"https:\/\/hoyre.no\/notodden\/aktuelt\/det-er-for-sent-nar-skuddene-har-falt\/\"]}]},{\"@type\":\"BreadcrumbList\",\"@id\":\"https:\/\/hoyre.no\/notodden\/aktuelt\/det-er-for-sent-nar-skuddene-har-falt\/#breadcrumb\",\"itemListElement\":[{\"@type\":\"ListItem\",\"position\":1,\"name\":\"Til hoyre.no\",\"item\":\"https:\/\/hoyre.no\"},{\"@type\":\"ListItem\",\"position\":2,\"name\":\"Hjem\",\"item\":\"https:\/\/hoyre.no\/notodden\/\"},{\"@type\":\"ListItem\",\"position\":3,\"name\":\"De beste l\u00f8sningene dukker opp n\u00e5r folk snakker sammen\"}]},{\"@type\":\"WebSite\",\"@id\":\"https:\/\/hoyre.no\/notodden\/#website\",\"url\":\"https:\/\/hoyre.no\/notodden\/\",\"name\":\"Notodden H\u00f8yre\",\"description\":\"Bare enda et H\u00f8yres nettsteder-nettsted\",\"inLanguage\":\"nb-NO\"},{\"@type\":\"Person\",\"@id\":\"https:\/\/hoyre.no\/notodden\/#\/schema\/person\/9a59479389ca95779de51531af0f832c\",\"name\":\"Anne Mette Gangs\u00f8y\",\"image\":{\"@type\":\"ImageObject\",\"inLanguage\":\"nb-NO\",\"@id\":\"https:\/\/hoyre.no\/notodden\/#\/schema\/person\/image\/\",\"url\":\"https:\/\/secure.gravatar.com\/avatar\/f62b886fa832a40f31851e0e0ced9bdd036336732f7858f3714222926aab2312?s=96&d=mm&r=g\",\"contentUrl\":\"https:\/\/secure.gravatar.com\/avatar\/f62b886fa832a40f31851e0e0ced9bdd036336732f7858f3714222926aab2312?s=96&d=mm&r=g\",\"caption\":\"Anne Mette Gangs\u00f8y\"},\"url\":\"https:\/\/hoyre.no\/notodden\/aktuelt\/author\/m51904233\/\"}]}<\/script>\n<!-- \/ Yoast SEO plugin. -->","yoast_head_json":{"title":"De beste l\u00f8sningene dukker opp n\u00e5r folk snakker sammen - Notodden H\u00f8yre","robots":{"index":"index","follow":"follow","max-snippet":"max-snippet:-1","max-image-preview":"max-image-preview:large","max-video-preview":"max-video-preview:-1"},"canonical":"https:\/\/hoyre.no\/notodden\/aktuelt\/det-er-for-sent-nar-skuddene-har-falt\/","og_locale":"nb_NO","og_type":"article","og_title":"De beste l\u00f8sningene dukker opp n\u00e5r folk snakker sammen - Notodden H\u00f8yre","og_url":"https:\/\/hoyre.no\/notodden\/aktuelt\/det-er-for-sent-nar-skuddene-har-falt\/","og_site_name":"Notodden H\u00f8yre","article_published_time":"2023-07-25T09:51:56+00:00","article_modified_time":"2023-08-06T12:47:31+00:00","og_image":[{"url":"https:\/\/hoyre.no\/content\/uploads\/sites\/361\/2022\/01\/TonjeBrokke-1-1024x683.jpg","width":"","height":"","type":""}],"author":"Anne Mette Gangs\u00f8y","twitter_card":"summary_large_image","twitter_misc":{"Skrevet av":"Anne Mette Gangs\u00f8y","Ansl. lesetid":"5 minutter"},"schema":{"@context":"https:\/\/schema.org","@graph":[{"@type":"NewsArticle","@id":"https:\/\/hoyre.no\/notodden\/aktuelt\/det-er-for-sent-nar-skuddene-har-falt\/","url":"https:\/\/hoyre.no\/notodden\/aktuelt\/det-er-for-sent-nar-skuddene-har-falt\/","name":"De beste l\u00f8sningene dukker opp n\u00e5r folk snakker sammen - Notodden H\u00f8yre","isPartOf":{"@id":"https:\/\/hoyre.no\/notodden\/#website"},"datePublished":"2023-07-25T09:51:56+00:00","dateModified":"2023-08-06T12:47:31+00:00","author":{"@id":"https:\/\/hoyre.no\/notodden\/#\/schema\/person\/9a59479389ca95779de51531af0f832c"},"breadcrumb":{"@id":"https:\/\/hoyre.no\/notodden\/aktuelt\/det-er-for-sent-nar-skuddene-har-falt\/#breadcrumb"},"inLanguage":"nb-NO","potentialAction":[{"@type":"ReadAction","target":["https:\/\/hoyre.no\/notodden\/aktuelt\/det-er-for-sent-nar-skuddene-har-falt\/"]}]},{"@type":"BreadcrumbList","@id":"https:\/\/hoyre.no\/notodden\/aktuelt\/det-er-for-sent-nar-skuddene-har-falt\/#breadcrumb","itemListElement":[{"@type":"ListItem","position":1,"name":"Til hoyre.no","item":"https:\/\/hoyre.no"},{"@type":"ListItem","position":2,"name":"Hjem","item":"https:\/\/hoyre.no\/notodden\/"},{"@type":"ListItem","position":3,"name":"De beste l\u00f8sningene dukker opp n\u00e5r folk snakker sammen"}]},{"@type":"WebSite","@id":"https:\/\/hoyre.no\/notodden\/#website","url":"https:\/\/hoyre.no\/notodden\/","name":"Notodden H\u00f8yre","description":"Bare enda et H\u00f8yres nettsteder-nettsted","inLanguage":"nb-NO"},{"@type":"Person","@id":"https:\/\/hoyre.no\/notodden\/#\/schema\/person\/9a59479389ca95779de51531af0f832c","name":"Anne Mette Gangs\u00f8y","image":{"@type":"ImageObject","inLanguage":"nb-NO","@id":"https:\/\/hoyre.no\/notodden\/#\/schema\/person\/image\/","url":"https:\/\/secure.gravatar.com\/avatar\/f62b886fa832a40f31851e0e0ced9bdd036336732f7858f3714222926aab2312?s=96&d=mm&r=g","contentUrl":"https:\/\/secure.gravatar.com\/avatar\/f62b886fa832a40f31851e0e0ced9bdd036336732f7858f3714222926aab2312?s=96&d=mm&r=g","caption":"Anne Mette Gangs\u00f8y"},"url":"https:\/\/hoyre.no\/notodden\/aktuelt\/author\/m51904233\/"}]}},"distributor_meta":false,"distributor_terms":false,"distributor_media":false,"distributor_original_site_name":"Notodden H\u00f8yre","distributor_original_site_url":"https:\/\/hoyre.no\/notodden","push-errors":false,"_links":{"self":[{"href":"https:\/\/hoyre.no\/notodden\/wp-json\/wp\/v2\/posts\/293","targetHints":{"allow":["GET"]}}],"collection":[{"href":"https:\/\/hoyre.no\/notodden\/wp-json\/wp\/v2\/posts"}],"about":[{"href":"https:\/\/hoyre.no\/notodden\/wp-json\/wp\/v2\/types\/post"}],"author":[{"embeddable":true,"href":"https:\/\/hoyre.no\/notodden\/wp-json\/wp\/v2\/users\/15713"}],"replies":[{"embeddable":true,"href":"https:\/\/hoyre.no\/notodden\/wp-json\/wp\/v2\/comments?post=293"}],"version-history":[{"count":4,"href":"https:\/\/hoyre.no\/notodden\/wp-json\/wp\/v2\/posts\/293\/revisions"}],"predecessor-version":[{"id":318,"href":"https:\/\/hoyre.no\/notodden\/wp-json\/wp\/v2\/posts\/293\/revisions\/318"}],"wp:attachment":[{"href":"https:\/\/hoyre.no\/notodden\/wp-json\/wp\/v2\/media?parent=293"}],"wp:term":[{"taxonomy":"category","embeddable":true,"href":"https:\/\/hoyre.no\/notodden\/wp-json\/wp\/v2\/category?post=293"},{"taxonomy":"post_tag","embeddable":true,"href":"https:\/\/hoyre.no\/notodden\/wp-json\/wp\/v2\/post_tag?post=293"},{"taxonomy":"hoyre-visibility","embeddable":true,"href":"https:\/\/hoyre.no\/notodden\/wp-json\/wp\/v2\/hoyre-visibility?post=293"},{"taxonomy":"article-type","embeddable":true,"href":"https:\/\/hoyre.no\/notodden\/wp-json\/wp\/v2\/article-type?post=293"},{"taxonomy":"politician","embeddable":true,"href":"https:\/\/hoyre.no\/notodden\/wp-json\/wp\/v2\/politician?post=293"}],"curies":[{"name":"wp","href":"https:\/\/api.w.org\/{rel}","templated":true}]}}