{"id":34,"date":"2022-06-24T18:37:17","date_gmt":"2022-06-24T16:37:17","guid":{"rendered":"https:\/\/hoyre.no\/notodden\/?p=34"},"modified":"2022-06-24T18:37:18","modified_gmt":"2022-06-24T16:37:18","slug":"notodden-hoyre-avholder-nominasjonsmote-onsdag-29-juni","status":"publish","type":"post","link":"https:\/\/hoyre.no\/notodden\/aktuelt\/notodden-hoyre-avholder-nominasjonsmote-onsdag-29-juni\/","title":{"rendered":"Notodden H\u00f8yre avholder nominasjonsm\u00f8te onsdag 29 juni."},"content":{"rendered":"\n<p class=\"preamble\">Nominasjonskomiteen har innstilt Anne Mette Gangs\u00f8y som nr. 1 p\u00e5 sin liste.<\/p>\t\t\t<div class=\"post-meta wp-block teft-byline-wrapper\">\n\t\t\t\t<div class=\"top\">\n\t\t\t\t\t<div class=\"signature\">\n\t\t\t\t\t\t<div class=\"teft-byline\">\n\t\t\t\t\t\t\t\t\t\t\t\t\t\t<div>\n\t\t\t\t\t\t\t\t<h3>H\u00f8yres redaksjon<\/h3>\t\t\t\t\t\t\t\t\n\t\t\t\t\t\t\t\t\t\t\t\t\t\t\t\t\t<span class=\"date\">Sist oppdatert: 24. juni 2022<\/span>\n\t\t\t\t\t\t\t\t\t\t\t\t\t\t\t\t\t\t\t\t\t\t\t\t\t<span class=\"reading-time\" itemprop=\"timeRequired\" content=\"PT2M\"><em>Ca. 2 minutter lesetid<\/em><\/span>\n\t\t\t\t\t\t\t\t\t\t\t\t\t\t\t<\/div>\n\t\t\t\t\t\t<\/div>\n\t\t\t\t\t<\/div>\n\t\t\t\t\t\t<div class=\"sharing\">\n\t\t<a class=\"share-button share-link copy-link\" data-copy=\"https:\/\/hoyre.no\/notodden\/aktuelt\/notodden-hoyre-avholder-nominasjonsmote-onsdag-29-juni\/\" target=\"_blank\"><span class=\"screen-reader-text\">Del link<\/span><\/a>\n\t\t<a class=\"share-button share-twitter\" href=\"http:\/\/twitter.com\/share?text=Notodden H\u00f8yre avholder nominasjonsm\u00f8te onsdag 29 juni.&#038;url=https:\/\/hoyre.no\/notodden\/aktuelt\/notodden-hoyre-avholder-nominasjonsmote-onsdag-29-juni\/&#038;hashtags=Hoyre\" target=\"_blank\"><span class=\"screen-reader-text\">Del p\u00e5 twitter<\/span><\/a>\n\t\t<a class=\"share-button share-facebook\" href=\"https:\/\/www.facebook.com\/sharer\/sharer.php?u=https:\/\/hoyre.no\/notodden\/aktuelt\/notodden-hoyre-avholder-nominasjonsmote-onsdag-29-juni\/\" target=\"_blank\"><span class=\"screen-reader-text\">Del p\u00e5 facebook<\/span><\/a>\n\t<\/div>\n\t\t\t\t\t<\/div>\n\t\t\t<\/div>\n\n\t\t\t<figure class=\"hoyre-image-wrapper\"><div class=\"hoyre-image\"><img loading=\"lazy\" decoding=\"async\" width=\"1875\" height=\"2500\" src=\"https:\/\/hoyre.no\/content\/uploads\/sites\/361\/2022\/06\/Anne-Mette-scaled.jpg\" class=\"attachment-scaled size-scaled\" alt=\"\" style=\"object-position: 48% 9%\" srcset=\"https:\/\/hoyre.no\/content\/uploads\/sites\/361\/2022\/06\/Anne-Mette-scaled.jpg 1875w, https:\/\/hoyre.no\/content\/uploads\/sites\/361\/2022\/06\/Anne-Mette-225x300.jpg 225w, https:\/\/hoyre.no\/content\/uploads\/sites\/361\/2022\/06\/Anne-Mette-768x1024.jpg 768w, https:\/\/hoyre.no\/content\/uploads\/sites\/361\/2022\/06\/Anne-Mette-1152x1536.jpg 1152w, https:\/\/hoyre.no\/content\/uploads\/sites\/361\/2022\/06\/Anne-Mette-1536x2048.jpg 1536w\" sizes=\"auto, (max-width: 1875px) 100vw, 1875px\" \/><\/div><figcaption class=\"caption\">Nominasjonskomiteen har innstilt Anne Mette Gangs\u00f8y som nr. 1 p\u00e5 sin liste.<\/figcaption><\/figure>\n\n\n\n\n<p>Fra nominasjonskomiteens innstilling: Nominasjonskomiteen har klippetro p\u00e5 at Anne Mette som nr. 1 p\u00e5 listen\/ordf\u00f8rerkandidat evner \u00e5 gjennomf\u00f8re en god valgkamp med de beste muligheter for \u00e5 vinne valget.<\/p>\n\n\n\n<p>Anne Mette Gangs\u00f8y har lang erfaring i politisk styrte organisasjoner og brenner for \u00e5 gj\u00f8re en forskjell for den enkelte. Hun er opptatt av \u00e5 legge til rette for kreativitet og nye l\u00f8sninger p\u00e5 gamle utfordringer. Hun arbeider tverrfaglig og tverrpolitisk for \u00e5 finne gode l\u00f8sninger for Notoddens innbyggere.<\/p>\n\n\n\n<p>Anne Mette har er stort engasjement for dem som har litt andre erfaringer og perspektiver enn majoriteten og har alltid jobbet for \u00e5 legge til rette for at disse stemmene blir anerkjent og h\u00f8rt. Hun brenner for likeverdig utdanning for alle, og likeverdige muligheter for alle. <\/p>\n\n\n\n<p>Valg av ordf\u00f8rerkandidat er v\u00e5rt valg av den som skal g\u00e5 foran i valgkampen mot et skifte i posisjonen i Notodden kommune i 2023. Notodden kommune trenger flere innbyggere som vil bo, jobbe og skape arbeidsplasser i kommunen. Vi trenger forn\u00f8yde innbyggere som fortsatt vil leve og bygge et n\u00e6ringsliv her. Det vil vi i Notodden H\u00f8yre legge til rette for gjennom tett samarbeid med alle parter, en b\u00e6rekraftig \u00f8konomistyring, fortgang i beslutninger og planarbeid, lytte til den enkelte borger og ta ombudsrollen p\u00e5 alvor &#8211; b\u00e5de for enkeltpersoner og for n\u00e6ringslivet.<\/p>\n\n\n\n<p>Nominasjonskomit\u00e9en best\u00e5r av:<br>Erik S\u00f8ndergaard, leder<br>Ingebj\u00f8rg \u00d8ygaarden Landsverk<br>Kristoffer Ryen Skullerud<\/p>\n\n\n<div class=\"tags\">\n\t<\/div>\n<div class=\"post-footer alignfull has-background block-editor-block-list__block\" data-align=full>\n\t<div class=\"post-footer-inner\">\n\t\t<h3>Relaterte artikler<\/h3>\n\t\t<div class=\"related-content\"><div class=\"is-card-hoyre\">\n\t<div class=\"teft-card hoyre-teft-card post-teft-card\">\n\t\t<a href=\"https:\/\/hoyre.no\/notodden\/aktuelt\/ungdom-og-rus\/\" class=\"teft-card__primary-action\">\n\n\t\t\t\t\t<div class=\"teft-card__media teft-card__media--16-9\">\n\t\t\t\t\t\t<img loading=\"lazy\" decoding=\"async\" width=\"768\" height=\"402\" src=\"https:\/\/hoyre.no\/content\/uploads\/sites\/361\/2024\/01\/Ungdom-og-rus-nett-768x402.png\" class=\"attachment-medium_large size-medium_large\" alt=\"\" srcset=\"https:\/\/hoyre.no\/content\/uploads\/sites\/361\/2024\/01\/Ungdom-og-rus-nett-768x402.png 768w, https:\/\/hoyre.no\/content\/uploads\/sites\/361\/2024\/01\/Ungdom-og-rus-nett-300x157.png 300w, https:\/\/hoyre.no\/content\/uploads\/sites\/361\/2024\/01\/Ungdom-og-rus-nett-1024x536.png 1024w, https:\/\/hoyre.no\/content\/uploads\/sites\/361\/2024\/01\/Ungdom-og-rus-nett-1536x804.png 1536w, https:\/\/hoyre.no\/content\/uploads\/sites\/361\/2024\/01\/Ungdom-og-rus-nett.png 1920w\" sizes=\"auto, (max-width: 768px) 100vw, 768px\" \/>\t\t<\/div>\n\t\t\n\t\t\t<div class=\"teft-card__content-wrapper\">\n\t\t\t\t<div class=\"teft-card__secondary\">\n\t\t\t\t\t\n\t\t\t\t\t\t\t\t<div class=\"teft-card__meta\">\n\t\t\t\t\t\t\t\t\t<span class=\"post-date\">30. jan 2024<\/span>\n\n\t\t\t\t\t\t\t\t\t\t\t\t\t\t\t\t\t<\/div>\n\t\t\t\t\t\t\t\t\t\t\t<\/div>\n\n\t\t\t\t<div class=\"teft-card__primary\">\n\t\t\t\t\t<h2 class=\"teft-card__title\">Ungdom og rus&nbsp;<span class=\"teft-card__primary-title-append\"><\/span><\/h2>\t\t\t\t<\/div>\n\t\t\t<\/div>\n\t\t<\/a>\n\t<\/div>\n\n\t<\/div><div class=\"is-card-hoyre\">\n\t<div class=\"teft-card hoyre-teft-card post-teft-card\">\n\t\t<a href=\"https:\/\/hoyre.no\/notodden\/aktuelt\/anne-mette-gangsoy-er-hoyres-ordforerkandidat\/\" class=\"teft-card__primary-action\">\n\n\t\t\t\t\t<div class=\"teft-card__media teft-card__media--16-9\">\n\t\t\t\t\t\t<img loading=\"lazy\" decoding=\"async\" width=\"768\" height=\"1024\" src=\"https:\/\/hoyre.no\/content\/uploads\/sites\/361\/2022\/06\/Notodden-768x1024.jpg\" class=\"attachment-medium_large size-medium_large\" alt=\"Bilder av Anne Mette\" srcset=\"https:\/\/hoyre.no\/content\/uploads\/sites\/361\/2022\/06\/Notodden-768x1024.jpg 768w, https:\/\/hoyre.no\/content\/uploads\/sites\/361\/2022\/06\/Notodden-225x300.jpg 225w, https:\/\/hoyre.no\/content\/uploads\/sites\/361\/2022\/06\/Notodden-1152x1536.jpg 1152w, https:\/\/hoyre.no\/content\/uploads\/sites\/361\/2022\/06\/Notodden-1536x2048.jpg 1536w, https:\/\/hoyre.no\/content\/uploads\/sites\/361\/2022\/06\/Notodden-scaled.jpg 1875w\" sizes=\"auto, (max-width: 768px) 100vw, 768px\" \/>\t\t<\/div>\n\t\t\n\t\t\t<div class=\"teft-card__content-wrapper\">\n\t\t\t\t<div class=\"teft-card__secondary\">\n\t\t\t\t\t\n\t\t\t\t\t\t\t\t<div class=\"teft-card__meta\">\n\t\t\t\t\t\t\t\t\t<span class=\"post-date\">30. jun 2022<\/span>\n\n\t\t\t\t\t\t\t\t\t\t\t\t\t\t\t\t\t<\/div>\n\t\t\t\t\t\t\t\t\t\t\t<\/div>\n\n\t\t\t\t<div class=\"teft-card__primary\">\n\t\t\t\t\t<h2 class=\"teft-card__title\">Anne Mette Gangs\u00f8y er H\u00f8yres ordf\u00f8rerkandidat&nbsp;<span class=\"teft-card__primary-title-append\"><\/span><\/h2>\t\t\t\t<\/div>\n\t\t\t<\/div>\n\t\t<\/a>\n\t<\/div>\n\n\t<\/div><div class=\"is-card-hoyre\">\n\t<div class=\"teft-card hoyre-teft-card post-teft-card\">\n\t\t<a href=\"https:\/\/hoyre.no\/notodden\/aktuelt\/er-ikke-aktuell-som-1-kandidat\/\" class=\"teft-card__primary-action\">\n\n\t\t\t\t\t<div class=\"teft-card__media teft-card__media--16-9\">\n\t\t\t\t\t\t<img loading=\"lazy\" decoding=\"async\" width=\"768\" height=\"512\" src=\"https:\/\/hoyre.no\/content\/uploads\/sites\/361\/2022\/01\/TonjeBrokke-1-768x512.jpg\" class=\"attachment-medium_large size-medium_large\" alt=\"\" srcset=\"https:\/\/hoyre.no\/content\/uploads\/sites\/361\/2022\/01\/TonjeBrokke-1-768x512.jpg 768w, https:\/\/hoyre.no\/content\/uploads\/sites\/361\/2022\/01\/TonjeBrokke-1-300x200.jpg 300w, https:\/\/hoyre.no\/content\/uploads\/sites\/361\/2022\/01\/TonjeBrokke-1-1024x683.jpg 1024w, https:\/\/hoyre.no\/content\/uploads\/sites\/361\/2022\/01\/TonjeBrokke-1-1536x1024.jpg 1536w, https:\/\/hoyre.no\/content\/uploads\/sites\/361\/2022\/01\/TonjeBrokke-1-2048x1365.jpg 2048w\" sizes=\"auto, (max-width: 768px) 100vw, 768px\" \/>\t\t<\/div>\n\t\t\n\t\t\t<div class=\"teft-card__content-wrapper\">\n\t\t\t\t<div class=\"teft-card__secondary\">\n\t\t\t\t\t\n\t\t\t\t\t\t\t\t<div class=\"teft-card__meta\">\n\t\t\t\t\t\t\t\t\t<span class=\"post-date\">20. jan 2022<\/span>\n\n\t\t\t\t\t\t\t\t\t\t\t\t\t\t\t\t\t<\/div>\n\t\t\t\t\t\t\t\t\t\t\t<\/div>\n\n\t\t\t\t<div class=\"teft-card__primary\">\n\t\t\t\t\t<h2 class=\"teft-card__title\">Nominasjonsprosessen har startet&nbsp;<span class=\"teft-card__primary-title-append\"><\/span><\/h2>\t\t\t\t<\/div>\n\t\t\t<\/div>\n\t\t<\/a>\n\t<\/div>\n\n\t<\/div><\/div>\t<\/div>\n<\/div>\n","protected":false},"excerpt":{"rendered":"","protected":false},"author":376,"featured_media":0,"comment_status":"closed","ping_status":"closed","sticky":true,"template":"","format":"standard","meta":{"teft_cards_image_url":"","teft_cards_custom_pretitle":"","teft_cards_image_id":35,"teft_cards_image_focal_point_x":0.48,"teft_cards_image_focal_point_y":0.13,"teft_cards_title":"","teft_cards_excerpt":"","teft_show_chapters":false,"author_display_name":"","footnotes":""},"category":[1],"post_tag":[],"hoyre-visibility":[],"article-type":[],"politician":[],"class_list":["post-34","post","type-post","status-publish","format-standard","hentry","category-ukategorisert"],"yoast_head":"<!-- This site is optimized with the Yoast SEO plugin v26.6 - https:\/\/yoast.com\/wordpress\/plugins\/seo\/ -->\n<title>Notodden H\u00f8yre avholder nominasjonsm\u00f8te onsdag 29 juni. - Notodden H\u00f8yre<\/title>\n<meta name=\"robots\" content=\"index, follow, max-snippet:-1, max-image-preview:large, max-video-preview:-1\" \/>\n<link rel=\"canonical\" href=\"https:\/\/hoyre.no\/notodden\/aktuelt\/notodden-hoyre-avholder-nominasjonsmote-onsdag-29-juni\/\" \/>\n<meta property=\"og:locale\" content=\"nb_NO\" \/>\n<meta property=\"og:type\" content=\"article\" \/>\n<meta property=\"og:title\" content=\"Notodden H\u00f8yre avholder nominasjonsm\u00f8te onsdag 29 juni. - Notodden H\u00f8yre\" \/>\n<meta property=\"og:url\" content=\"https:\/\/hoyre.no\/notodden\/aktuelt\/notodden-hoyre-avholder-nominasjonsmote-onsdag-29-juni\/\" \/>\n<meta property=\"og:site_name\" content=\"Notodden H\u00f8yre\" \/>\n<meta property=\"article:published_time\" content=\"2022-06-24T16:37:17+00:00\" \/>\n<meta property=\"article:modified_time\" content=\"2022-06-24T16:37:18+00:00\" \/>\n<meta property=\"og:image\" content=\"https:\/\/hoyre.no\/content\/uploads\/sites\/361\/2023\/11\/IMG_0799-1024x440.jpeg\" \/>\n<meta name=\"author\" content=\"Ole Espen Strand\" \/>\n<meta name=\"twitter:card\" content=\"summary_large_image\" \/>\n<meta name=\"twitter:label1\" content=\"Skrevet av\" \/>\n\t<meta name=\"twitter:data1\" content=\"Ole Espen Strand\" \/>\n\t<meta name=\"twitter:label2\" content=\"Ansl. lesetid\" \/>\n\t<meta name=\"twitter:data2\" content=\"2 minutter\" \/>\n<script type=\"application\/ld+json\" class=\"yoast-schema-graph\">{\"@context\":\"https:\/\/schema.org\",\"@graph\":[{\"@type\":\"NewsArticle\",\"@id\":\"https:\/\/hoyre.no\/notodden\/aktuelt\/notodden-hoyre-avholder-nominasjonsmote-onsdag-29-juni\/\",\"url\":\"https:\/\/hoyre.no\/notodden\/aktuelt\/notodden-hoyre-avholder-nominasjonsmote-onsdag-29-juni\/\",\"name\":\"Notodden H\u00f8yre avholder nominasjonsm\u00f8te onsdag 29 juni. - Notodden H\u00f8yre\",\"isPartOf\":{\"@id\":\"https:\/\/hoyre.no\/notodden\/#website\"},\"datePublished\":\"2022-06-24T16:37:17+00:00\",\"dateModified\":\"2022-06-24T16:37:18+00:00\",\"author\":{\"@id\":\"https:\/\/hoyre.no\/notodden\/#\/schema\/person\/e53549e4110bc61d77480d222e49eef1\"},\"breadcrumb\":{\"@id\":\"https:\/\/hoyre.no\/notodden\/aktuelt\/notodden-hoyre-avholder-nominasjonsmote-onsdag-29-juni\/#breadcrumb\"},\"inLanguage\":\"nb-NO\",\"potentialAction\":[{\"@type\":\"ReadAction\",\"target\":[\"https:\/\/hoyre.no\/notodden\/aktuelt\/notodden-hoyre-avholder-nominasjonsmote-onsdag-29-juni\/\"]}]},{\"@type\":\"BreadcrumbList\",\"@id\":\"https:\/\/hoyre.no\/notodden\/aktuelt\/notodden-hoyre-avholder-nominasjonsmote-onsdag-29-juni\/#breadcrumb\",\"itemListElement\":[{\"@type\":\"ListItem\",\"position\":1,\"name\":\"Til hoyre.no\",\"item\":\"https:\/\/hoyre.no\"},{\"@type\":\"ListItem\",\"position\":2,\"name\":\"Hjem\",\"item\":\"https:\/\/hoyre.no\/notodden\/\"},{\"@type\":\"ListItem\",\"position\":3,\"name\":\"Notodden H\u00f8yre avholder nominasjonsm\u00f8te onsdag 29 juni.\"}]},{\"@type\":\"WebSite\",\"@id\":\"https:\/\/hoyre.no\/notodden\/#website\",\"url\":\"https:\/\/hoyre.no\/notodden\/\",\"name\":\"Notodden H\u00f8yre\",\"description\":\"Bare enda et H\u00f8yres nettsteder-nettsted\",\"inLanguage\":\"nb-NO\"},{\"@type\":\"Person\",\"@id\":\"https:\/\/hoyre.no\/notodden\/#\/schema\/person\/e53549e4110bc61d77480d222e49eef1\",\"name\":\"Ole Espen Strand\",\"image\":{\"@type\":\"ImageObject\",\"inLanguage\":\"nb-NO\",\"@id\":\"https:\/\/hoyre.no\/notodden\/#\/schema\/person\/image\/\",\"url\":\"https:\/\/secure.gravatar.com\/avatar\/b5ab5bf6a88c5268515bd75538435c1a23c6bb23748faa38dbe737b284a38918?s=96&d=mm&r=g\",\"contentUrl\":\"https:\/\/secure.gravatar.com\/avatar\/b5ab5bf6a88c5268515bd75538435c1a23c6bb23748faa38dbe737b284a38918?s=96&d=mm&r=g\",\"caption\":\"Ole Espen Strand\"},\"url\":\"https:\/\/hoyre.no\/notodden\/aktuelt\/author\/m11380987\/\"}]}<\/script>\n<!-- \/ Yoast SEO plugin. -->","yoast_head_json":{"title":"Notodden H\u00f8yre avholder nominasjonsm\u00f8te onsdag 29 juni. - Notodden H\u00f8yre","robots":{"index":"index","follow":"follow","max-snippet":"max-snippet:-1","max-image-preview":"max-image-preview:large","max-video-preview":"max-video-preview:-1"},"canonical":"https:\/\/hoyre.no\/notodden\/aktuelt\/notodden-hoyre-avholder-nominasjonsmote-onsdag-29-juni\/","og_locale":"nb_NO","og_type":"article","og_title":"Notodden H\u00f8yre avholder nominasjonsm\u00f8te onsdag 29 juni. - Notodden H\u00f8yre","og_url":"https:\/\/hoyre.no\/notodden\/aktuelt\/notodden-hoyre-avholder-nominasjonsmote-onsdag-29-juni\/","og_site_name":"Notodden H\u00f8yre","article_published_time":"2022-06-24T16:37:17+00:00","article_modified_time":"2022-06-24T16:37:18+00:00","og_image":[{"url":"https:\/\/hoyre.no\/content\/uploads\/sites\/361\/2023\/11\/IMG_0799-1024x440.jpeg","width":"","height":"","type":""}],"author":"Ole Espen Strand","twitter_card":"summary_large_image","twitter_misc":{"Skrevet av":"Ole Espen Strand","Ansl. lesetid":"2 minutter"},"schema":{"@context":"https:\/\/schema.org","@graph":[{"@type":"NewsArticle","@id":"https:\/\/hoyre.no\/notodden\/aktuelt\/notodden-hoyre-avholder-nominasjonsmote-onsdag-29-juni\/","url":"https:\/\/hoyre.no\/notodden\/aktuelt\/notodden-hoyre-avholder-nominasjonsmote-onsdag-29-juni\/","name":"Notodden H\u00f8yre avholder nominasjonsm\u00f8te onsdag 29 juni. - Notodden H\u00f8yre","isPartOf":{"@id":"https:\/\/hoyre.no\/notodden\/#website"},"datePublished":"2022-06-24T16:37:17+00:00","dateModified":"2022-06-24T16:37:18+00:00","author":{"@id":"https:\/\/hoyre.no\/notodden\/#\/schema\/person\/e53549e4110bc61d77480d222e49eef1"},"breadcrumb":{"@id":"https:\/\/hoyre.no\/notodden\/aktuelt\/notodden-hoyre-avholder-nominasjonsmote-onsdag-29-juni\/#breadcrumb"},"inLanguage":"nb-NO","potentialAction":[{"@type":"ReadAction","target":["https:\/\/hoyre.no\/notodden\/aktuelt\/notodden-hoyre-avholder-nominasjonsmote-onsdag-29-juni\/"]}]},{"@type":"BreadcrumbList","@id":"https:\/\/hoyre.no\/notodden\/aktuelt\/notodden-hoyre-avholder-nominasjonsmote-onsdag-29-juni\/#breadcrumb","itemListElement":[{"@type":"ListItem","position":1,"name":"Til hoyre.no","item":"https:\/\/hoyre.no"},{"@type":"ListItem","position":2,"name":"Hjem","item":"https:\/\/hoyre.no\/notodden\/"},{"@type":"ListItem","position":3,"name":"Notodden H\u00f8yre avholder nominasjonsm\u00f8te onsdag 29 juni."}]},{"@type":"WebSite","@id":"https:\/\/hoyre.no\/notodden\/#website","url":"https:\/\/hoyre.no\/notodden\/","name":"Notodden H\u00f8yre","description":"Bare enda et H\u00f8yres nettsteder-nettsted","inLanguage":"nb-NO"},{"@type":"Person","@id":"https:\/\/hoyre.no\/notodden\/#\/schema\/person\/e53549e4110bc61d77480d222e49eef1","name":"Ole Espen Strand","image":{"@type":"ImageObject","inLanguage":"nb-NO","@id":"https:\/\/hoyre.no\/notodden\/#\/schema\/person\/image\/","url":"https:\/\/secure.gravatar.com\/avatar\/b5ab5bf6a88c5268515bd75538435c1a23c6bb23748faa38dbe737b284a38918?s=96&d=mm&r=g","contentUrl":"https:\/\/secure.gravatar.com\/avatar\/b5ab5bf6a88c5268515bd75538435c1a23c6bb23748faa38dbe737b284a38918?s=96&d=mm&r=g","caption":"Ole Espen Strand"},"url":"https:\/\/hoyre.no\/notodden\/aktuelt\/author\/m11380987\/"}]}},"distributor_meta":false,"distributor_terms":false,"distributor_media":false,"distributor_original_site_name":"Notodden H\u00f8yre","distributor_original_site_url":"https:\/\/hoyre.no\/notodden","push-errors":false,"_links":{"self":[{"href":"https:\/\/hoyre.no\/notodden\/wp-json\/wp\/v2\/posts\/34","targetHints":{"allow":["GET"]}}],"collection":[{"href":"https:\/\/hoyre.no\/notodden\/wp-json\/wp\/v2\/posts"}],"about":[{"href":"https:\/\/hoyre.no\/notodden\/wp-json\/wp\/v2\/types\/post"}],"author":[{"embeddable":true,"href":"https:\/\/hoyre.no\/notodden\/wp-json\/wp\/v2\/users\/376"}],"replies":[{"embeddable":true,"href":"https:\/\/hoyre.no\/notodden\/wp-json\/wp\/v2\/comments?post=34"}],"version-history":[{"count":1,"href":"https:\/\/hoyre.no\/notodden\/wp-json\/wp\/v2\/posts\/34\/revisions"}],"predecessor-version":[{"id":36,"href":"https:\/\/hoyre.no\/notodden\/wp-json\/wp\/v2\/posts\/34\/revisions\/36"}],"wp:attachment":[{"href":"https:\/\/hoyre.no\/notodden\/wp-json\/wp\/v2\/media?parent=34"}],"wp:term":[{"taxonomy":"category","embeddable":true,"href":"https:\/\/hoyre.no\/notodden\/wp-json\/wp\/v2\/category?post=34"},{"taxonomy":"post_tag","embeddable":true,"href":"https:\/\/hoyre.no\/notodden\/wp-json\/wp\/v2\/post_tag?post=34"},{"taxonomy":"hoyre-visibility","embeddable":true,"href":"https:\/\/hoyre.no\/notodden\/wp-json\/wp\/v2\/hoyre-visibility?post=34"},{"taxonomy":"article-type","embeddable":true,"href":"https:\/\/hoyre.no\/notodden\/wp-json\/wp\/v2\/article-type?post=34"},{"taxonomy":"politician","embeddable":true,"href":"https:\/\/hoyre.no\/notodden\/wp-json\/wp\/v2\/politician?post=34"}],"curies":[{"name":"wp","href":"https:\/\/api.w.org\/{rel}","templated":true}]}}