{"id":143,"date":"2023-08-07T14:53:43","date_gmt":"2023-08-07T12:53:43","guid":{"rendered":"https:\/\/hoyre.no\/orland\/?p=143"},"modified":"2023-08-22T21:36:25","modified_gmt":"2023-08-22T19:36:25","slug":"bli-bedre-kjent-med-listekandidatene","status":"publish","type":"post","link":"https:\/\/hoyre.no\/orland\/aktuelt\/bli-bedre-kjent-med-listekandidatene\/","title":{"rendered":"Bli bedre kjent med listekandidatene"},"content":{"rendered":"\n<p class=\"preamble\">\u00d8rland H\u00f8yres listekandidater<\/p>\t\t\t<div class=\"post-meta wp-block teft-byline-wrapper\">\n\t\t\t\t<div class=\"top\">\n\t\t\t\t\t<div class=\"signature\">\n\t\t\t\t\t\t<div class=\"teft-byline\">\n\t\t\t\t\t\t\t\t\t\t\t\t\t\t<div>\n\t\t\t\t\t\t\t\t<h3>H\u00f8yres redaksjon<\/h3>\t\t\t\t\t\t\t\t\n\t\t\t\t\t\t\t\t\t\t\t\t\t\t\t\t\t<span class=\"date\">Sist oppdatert: 22. august 2023<\/span>\n\t\t\t\t\t\t\t\t\t\t\t\t\t\t\t\t\t\t\t\t\t\t\t\t\t<span class=\"reading-time\" itemprop=\"timeRequired\" content=\"PT21M\"><em>Ca. 21 minutter lesetid<\/em><\/span>\n\t\t\t\t\t\t\t\t\t\t\t\t\t\t\t<\/div>\n\t\t\t\t\t\t<\/div>\n\t\t\t\t\t<\/div>\n\t\t\t\t\t\t<div class=\"sharing\">\n\t\t<a class=\"share-button share-link copy-link\" data-copy=\"https:\/\/hoyre.no\/orland\/aktuelt\/bli-bedre-kjent-med-listekandidatene\/\" target=\"_blank\"><span class=\"screen-reader-text\">Del link<\/span><\/a>\n\t\t<a class=\"share-button share-twitter\" href=\"http:\/\/twitter.com\/share?text=Bli bedre kjent med listekandidatene&#038;url=https:\/\/hoyre.no\/orland\/aktuelt\/bli-bedre-kjent-med-listekandidatene\/&#038;hashtags=Hoyre\" target=\"_blank\"><span class=\"screen-reader-text\">Del p\u00e5 twitter<\/span><\/a>\n\t\t<a class=\"share-button share-facebook\" href=\"https:\/\/www.facebook.com\/sharer\/sharer.php?u=https:\/\/hoyre.no\/orland\/aktuelt\/bli-bedre-kjent-med-listekandidatene\/\" target=\"_blank\"><span class=\"screen-reader-text\">Del p\u00e5 facebook<\/span><\/a>\n\t<\/div>\n\t\t\t\t\t<\/div>\n\t\t\t<\/div>\n\n\t\t\t<figure class=\"hoyre-image-wrapper\"><div class=\"hoyre-image\"><img loading=\"lazy\" decoding=\"async\" width=\"1890\" height=\"1259\" src=\"https:\/\/hoyre.no\/content\/uploads\/sites\/268\/2023\/08\/Gruppe_folder_050523.jpg\" class=\"attachment-scaled size-scaled\" alt=\"\" style=\"object-position: 50% 50%\" srcset=\"https:\/\/hoyre.no\/content\/uploads\/sites\/268\/2023\/08\/Gruppe_folder_050523.jpg 1890w, https:\/\/hoyre.no\/content\/uploads\/sites\/268\/2023\/08\/Gruppe_folder_050523-300x200.jpg 300w, https:\/\/hoyre.no\/content\/uploads\/sites\/268\/2023\/08\/Gruppe_folder_050523-1024x682.jpg 1024w, https:\/\/hoyre.no\/content\/uploads\/sites\/268\/2023\/08\/Gruppe_folder_050523-768x512.jpg 768w, https:\/\/hoyre.no\/content\/uploads\/sites\/268\/2023\/08\/Gruppe_folder_050523-1536x1023.jpg 1536w\" sizes=\"auto, (max-width: 1890px) 100vw, 1890px\" \/><\/div><\/figure>\n\n\n\n\n<p>H\u00f8yres liste best\u00e5r f\u00f8r valget av 34 kandidater, 21 men og 13 kvinner, med aldersspenn fra 22 til 83 \u00e5r. Det er et mangfoldig lag med mange dyktige folk med ulike erfaringer, kompetanseomr\u00e5der og interesser. Trykk p\u00e5 navnet til den personen du vil bli bedre kjent med.<\/p>\n\n\n\n<div class=\"wp-block-teft-accordion\"><div class=\"teft-accordion__inner\">\n<div class=\"wp-block-teft-item\"><div class=\"teft-item__inner\"><h4 class=\"toggle\">1. Mona Sj\u00f8li (54) \/ Bjugn <\/h4><div class=\"teft-item__inner-content entry-content\">\n<figure class=\"wp-block-image size-large\"><img loading=\"lazy\" decoding=\"async\" width=\"1024\" height=\"1024\" src=\"https:\/\/hoyre.no\/content\/uploads\/sites\/268\/2023\/08\/Valg-mona-1024x1024.png\" alt=\"\" class=\"wp-image-175\" srcset=\"https:\/\/hoyre.no\/content\/uploads\/sites\/268\/2023\/08\/Valg-mona-1024x1024.png 1024w, https:\/\/hoyre.no\/content\/uploads\/sites\/268\/2023\/08\/Valg-mona-300x300.png 300w, https:\/\/hoyre.no\/content\/uploads\/sites\/268\/2023\/08\/Valg-mona-150x150.png 150w, https:\/\/hoyre.no\/content\/uploads\/sites\/268\/2023\/08\/Valg-mona-768x768.png 768w, https:\/\/hoyre.no\/content\/uploads\/sites\/268\/2023\/08\/Valg-mona.png 1080w\" sizes=\"auto, (max-width: 1024px) 100vw, 1024px\" \/><\/figure>\n\n\n\n<p>Jeg bor p\u00e5 Eide i \u00d8rland, er gift med P\u00e5l og er mor til Marte og Tina, mormor til Mille og Lykke. Jeg har ogs\u00e5 to bonusbarn Markus og Max.<\/p>\n\n\n\n<p>Jeg er utdannet psykiatrisk sykepleier og jobber i enheten Familie og forebygging, psykisk helse &#8211; og rustjenesten i \u00d8rland kommune.<\/p>\n\n\n\n<p>Jeg <a><\/a>er ung i politikken. Ble valgt inn som vara til kommunestyret i 2019. Samme \u00e5r ble jeg valgt inn i styret i \u00d8rland H\u00f8yre, og sitter der i dag som nestleder. Jeg er i tillegg \u00d8rland H\u00f8yre sin representant i H\u00f8yre sitt kvinneforum. Det er synkende tall p\u00e5 kvinner i politikken, s\u00e5 de er i behov for \u00e5 bli l\u00f8ftet opp og heiet frem.<\/p>\n\n\n\n<p>Jeg er fast medlem av forliksr\u00e5det , styremedlem i Sava A\/S, vara i styret for Fosenbrua. Styremedlem i Kongsvoll A\/L, det viktige samfunnshuset p\u00e5 heimplassen min.<\/p>\n\n\n\n<p>Jeg har alltid v\u00e6rt samfunnsengasjert. Jeg har v\u00e6rt i endel styrer og ulike verv gjennom skole og fritidsaktiviteter for barna, eller i borettslag p\u00e5 \u00d8stlandet der jeg tilbrakte endel av voksen\u00e5rene. Jeg er glad i mennesket og er alltid nysgjerrig p\u00e5 det. Lyttende og empatisk, og handlekraftig kan jeg si er noen av mine egenskaper. Trygghet og stabilitet er en forutsetning for trivsel hos oss mennesker. Trygg styring av kommunens \u00f8konomi er ogs\u00e5 sv\u00e6rt viktig for meg \u00e5 ha fokus p\u00e5.<\/p>\n\n\n\n<p>Det krever at vi m\u00e5 ta de rette politiske valgene .<\/p>\n\n\n\n<p>Jeg har engasjert meg politisk fordi \u00d8rland er en fantastisk nydelig plass <img loading=\"lazy\" decoding=\"async\" height=\"16\" width=\"16\" alt=\"\ud83e\udd29\" src=\"https:\/\/static.xx.fbcdn.net\/images\/emoji.php\/v9\/tb1\/1.5\/16\/1f929.png\"> Den \u00f8nsker jeg skal bli en enda bedre kommune \u00e5 bo, arbeide og leve i.<\/p>\n\n\n\n<p>Jeg \u00f8nsker aktivt \u00e5 bidra til den utviklingen for kommunen jeg vokste opp i, og kom flyttende tilbake til som 38 \u00e5ring.<\/p>\n\n\n\n<p>Mine 3 st\u00f8rste hjertesaker er eldreomsorgen<img loading=\"lazy\" decoding=\"async\" height=\"16\" width=\"16\" alt=\"\u2764\ufe0f\" src=\"https:\/\/static.xx.fbcdn.net\/images\/emoji.php\/v9\/tf3\/1.5\/16\/2764.png\">,<\/p>\n\n\n\n<p>vekst og verdiskapning, gode og tilgjengelige kommunale tjenester og god kvalitet i skolene og i barnehagene.<\/p>\n\n\n\n<p>Vi m\u00e5 f\u00e5 p\u00e5 plass flere ledige sykehjemsplasser, og ikke minst f\u00e5 realisert et nytt Helsehus <img loading=\"lazy\" decoding=\"async\" height=\"16\" width=\"16\" alt=\"\ud83c\udfe9\" src=\"https:\/\/static.xx.fbcdn.net\/images\/emoji.php\/v9\/td8\/1.5\/16\/1f3e9.png\"><\/p>\n\n\n\n<p>Det jeg er takknemlig for i livet mitt er familien min. Det beste jeg vet n\u00e5r jeg har fri er \u00e5 tilbringe tid med de. G\u00e5 tur med hunden min, eller v\u00e6re sosial med venner rundt et godt m\u00e5ltid. Lesing og en god film er ogs\u00e5 avslappende. Musikk og dans gir meg stor glede, s\u00e5 en kveld p\u00e5 dansegulvet med gamle slagere gir ogs\u00e5 en god energi og god feeling!<\/p>\n\n\n\n<p>Det siste \u00e5ret har mye av fritid g\u00e5tt med til ulike politiske aktiviteter. Jeg trives sv\u00e6rt godt med dette, og en slik hobby har gitt meg muligheten til \u00e5 bli kjent med mange nye mennesker, og om politikk i norsk samfunnsliv.<\/p>\n\n\n\n<p>Jeg har tro selv p\u00e5 at jeg kan tilf\u00f8re politikken noe friskt og nytt her i \u00d8rland og jeg krysser fingre for f\u00e5 muligheten til \u00e5 jobbe med politikk p\u00e5 heltid som ordf\u00f8rer etter valget i h\u00f8st <img loading=\"lazy\" decoding=\"async\" height=\"16\" width=\"16\" alt=\"\ud83e\udd29\" src=\"https:\/\/static.xx.fbcdn.net\/images\/emoji.php\/v9\/tb1\/1.5\/16\/1f929.png\"><\/p>\n\n\n\n<p>Jeg tenker det er n\u00f8dvendig med et politisk skifte i \u00d8rland.<\/p>\n\n\n\n<p>Godt valg! <img loading=\"lazy\" decoding=\"async\" height=\"16\" width=\"16\" alt=\"\ud83c\udf89\" src=\"https:\/\/static.xx.fbcdn.net\/images\/emoji.php\/v9\/te5\/1.5\/16\/1f389.png\"><img loading=\"lazy\" decoding=\"async\" height=\"16\" width=\"16\" alt=\"\ud83d\udc99\" src=\"https:\/\/static.xx.fbcdn.net\/images\/emoji.php\/v9\/tc5\/1.5\/16\/1f499.png\"><\/p>\n<\/div><\/div><\/div>\n\n\n\n<div class=\"wp-block-teft-item\"><div class=\"teft-item__inner\"><h4 class=\"toggle\">2. Eirik Lundemo (56) \/ Brekstad<\/h4><div class=\"teft-item__inner-content entry-content\">\n<figure class=\"wp-block-image size-large\"><img loading=\"lazy\" decoding=\"async\" width=\"1024\" height=\"1024\" src=\"https:\/\/hoyre.no\/content\/uploads\/sites\/268\/2023\/08\/Valg-Eirik-1024x1024.png\" alt=\"\" class=\"wp-image-174\" srcset=\"https:\/\/hoyre.no\/content\/uploads\/sites\/268\/2023\/08\/Valg-Eirik-1024x1024.png 1024w, https:\/\/hoyre.no\/content\/uploads\/sites\/268\/2023\/08\/Valg-Eirik-300x300.png 300w, https:\/\/hoyre.no\/content\/uploads\/sites\/268\/2023\/08\/Valg-Eirik-150x150.png 150w, https:\/\/hoyre.no\/content\/uploads\/sites\/268\/2023\/08\/Valg-Eirik-768x768.png 768w, https:\/\/hoyre.no\/content\/uploads\/sites\/268\/2023\/08\/Valg-Eirik.png 1080w\" sizes=\"auto, (max-width: 1024px) 100vw, 1024px\" \/><\/figure>\n\n\n\n<p>F\u00f8dt 1967, bor p\u00e5 Brekstad. Jobber i Forsvaret p\u00e5 \u00d8rland flystasjon med operativ milit\u00e6r planlegging<\/p>\n\n\n\n<p>Har <a><\/a>bakgrunn fra b\u00e5de sivil og offentlig sektor og har i en \u00e5rrekke ogs\u00e5 drevet med lokal n\u00e6ringsutvikling. I tillegg til ett stort engasjement innen idretten nasjonalt.<\/p>\n\n\n\n<p>Har en blanding mellom sivil og milit\u00e6r utdanning. Datateknikker, yrkesdykker, skipper (D6), krigsskole (bachelor med fordypning innen religionsvitenskap) og snart ferdig med en mastergrad i Strategi og ledelse med fordypning innen forretningsutvikling.<\/p>\n\n\n\n<p>Politisk erfaring er 4 \u00e5r som leder \u00d8rland H\u00f8yre og 4 \u00e5r som vara i kommunestyret. Vara styremedlem i SAVA og Fosen interkommunale brann og redning.<\/p>\n\n\n\n<p>Jeg stiller til valg for H\u00f8yre for jeg \u00f8nsker \u00e5 bidra til en st\u00f8rre forutsigbarhet innen lokal n\u00e6ringsutvikling. Videre sette s\u00f8kelys p\u00e5 utfordringene rundt sikkerhet og beredskap en forsvarskommune verdig, og styrke idrettens plass i kommunen gjennom de lokale idrettsr\u00e5d. Dette for \u00e5 f\u00e5 en mest mulig rettferdig fordeling av midler mellom private og offentlig anlegg.<\/p>\n<\/div><\/div><\/div>\n\n\n\n<div class=\"wp-block-teft-item\"><div class=\"teft-item__inner\"><h4 class=\"toggle\">3. Therese Eidsaune (51) \/ Opphaug<\/h4><div class=\"teft-item__inner-content entry-content\">\n<figure class=\"wp-block-image size-full\"><img loading=\"lazy\" decoding=\"async\" width=\"827\" height=\"620\" src=\"https:\/\/hoyre.no\/content\/uploads\/sites\/268\/2023\/08\/Terese-Mossing-Eidsaune-1-edited.jpg\" alt=\"\" class=\"wp-image-131\" srcset=\"https:\/\/hoyre.no\/content\/uploads\/sites\/268\/2023\/08\/Terese-Mossing-Eidsaune-1-edited.jpg 827w, https:\/\/hoyre.no\/content\/uploads\/sites\/268\/2023\/08\/Terese-Mossing-Eidsaune-1-edited-300x225.jpg 300w, https:\/\/hoyre.no\/content\/uploads\/sites\/268\/2023\/08\/Terese-Mossing-Eidsaune-1-edited-768x576.jpg 768w\" sizes=\"auto, (max-width: 827px) 100vw, 827px\" \/><\/figure>\n\n\n\n<p>Therese er 51\u00e5r, gift og har 3 barn.<br>Jeg jobber som rektor og Accoutable Manager ved Fosen vgs. Har bakgrunn fra privat og offentlig sektor. Av utdanning har jeg fagbrev som resepsjonist i bunnen og en Mastergrad i kunnskap og innovasjonsledelse p\u00e5 toppen.<\/p>\n\n\n\n<p>Av politisk erfaring kan jeg skilte med 4 \u00e5r som vara og 8 \u00e5r som fast kommunestyrerepresentant i gamle \u00d8rland, samt 4 \u00e5r i formannskapet. N\u00e5 sitter jeg som vara til <a><\/a>fylkestinget og Hovedutvalg kultur. Har og har hatt mange ulike styreverv opp gjennom \u00e5rene.<\/p>\n\n\n\n<p>Jeg stiller til valg for \u00d8rland H\u00f8yre for jeg \u00f8nsker \u00e5 bidra til at \u00d8rland blir den beste kommunen i Norge p\u00e5 n\u00e6ringsutvikling, realisere et nytt sykehjem og styrke demensomsorgen og sist men ikke minst er jeg opptatt av at vi som kommune m\u00e5 bli enda bedre i det forebyggende arbeidet mot mobbing. Mennesker som har blitt utsatt for mobbing fra barnsben av m\u00e5 ofte b\u00e6re med seg en ryggsekk som tynger dem i b\u00e5de l\u00e6ringsprosesser og n\u00e6re relasjoner. Ingen fortjener \u00e5 bli mobbet<\/p>\n<\/div><\/div><\/div>\n\n\n\n<div class=\"wp-block-teft-item\"><div class=\"teft-item__inner\"><h4 class=\"toggle\">4. Trond Amundsveen (75) \/ Opphaug<\/h4><div class=\"teft-item__inner-content entry-content\">\n<figure class=\"wp-block-image size-large\"><img loading=\"lazy\" decoding=\"async\" width=\"1024\" height=\"1024\" src=\"https:\/\/hoyre.no\/content\/uploads\/sites\/268\/2023\/08\/Valg-Trond-A-1024x1024.png\" alt=\"\" class=\"wp-image-173\" srcset=\"https:\/\/hoyre.no\/content\/uploads\/sites\/268\/2023\/08\/Valg-Trond-A-1024x1024.png 1024w, https:\/\/hoyre.no\/content\/uploads\/sites\/268\/2023\/08\/Valg-Trond-A-300x300.png 300w, https:\/\/hoyre.no\/content\/uploads\/sites\/268\/2023\/08\/Valg-Trond-A-150x150.png 150w, https:\/\/hoyre.no\/content\/uploads\/sites\/268\/2023\/08\/Valg-Trond-A-768x768.png 768w, https:\/\/hoyre.no\/content\/uploads\/sites\/268\/2023\/08\/Valg-Trond-A.png 1080w\" sizes=\"auto, (max-width: 1024px) 100vw, 1024px\" \/><\/figure>\n\n\n\n<p>Jeg bor p\u00e5 Ottersbo i Opphaug krets og er gift med Grete siden 1971.Vi har fire barn ,syv barnebarn og to oldebarn.Etter 41 \u00e5r som flyger og offiser, med tjeneste i fire land og tre verdensdeler har vi fortsatt krefter til \u00e5 arbeide til beste for \u00d8rlands innbyggere.<\/p>\n\n\n\n<p>Gi oss tillit s\u00e5 skal vi gj\u00f8re jobben.<\/p>\n<\/div><\/div><\/div>\n\n\n\n<div class=\"wp-block-teft-item\"><div class=\"teft-item__inner\"><h4 class=\"toggle\">5. Trine Gl\u00f8rstad Jakobsen (40) \/ Opphaug<\/h4><div class=\"teft-item__inner-content entry-content\">\n<figure class=\"wp-block-image size-large\"><img loading=\"lazy\" decoding=\"async\" width=\"1024\" height=\"1024\" src=\"https:\/\/hoyre.no\/content\/uploads\/sites\/268\/2023\/08\/Valg-Trine-1024x1024.png\" alt=\"\" class=\"wp-image-186\" srcset=\"https:\/\/hoyre.no\/content\/uploads\/sites\/268\/2023\/08\/Valg-Trine-1024x1024.png 1024w, https:\/\/hoyre.no\/content\/uploads\/sites\/268\/2023\/08\/Valg-Trine-300x300.png 300w, https:\/\/hoyre.no\/content\/uploads\/sites\/268\/2023\/08\/Valg-Trine-150x150.png 150w, https:\/\/hoyre.no\/content\/uploads\/sites\/268\/2023\/08\/Valg-Trine-768x768.png 768w, https:\/\/hoyre.no\/content\/uploads\/sites\/268\/2023\/08\/Valg-Trine.png 1080w\" sizes=\"auto, (max-width: 1024px) 100vw, 1024px\" \/><\/figure>\n\n\n\n<p>Gift med Petter, to barn p\u00e5 5 og 8 \u00e5r, bor p\u00e5 Ottersbo.<\/p>\n\n\n\n<p><a><\/a>Jobber innen renhold og vaskeri ved \u00d8rland sykehjem\/Bjugn helsesenter.<\/p>\n\n\n\n<p>Engasjert i helse og omsorg og \u00f8nsker \u00e5 styrke blant annet hjemmebasert omsorg. Vi m\u00e5 ogs\u00e5 forbedre boligene til barn og voksne med spesielle behov.<\/p>\n\n\n\n<p>Alle fortjener et trygt og verdig liv, hvor enn de bor<\/p>\n<\/div><\/div><\/div>\n\n\n\n<div class=\"wp-block-teft-item\"><div class=\"teft-item__inner\"><h4 class=\"toggle\">6. Trond \u00d8verg\u00e5rd (47) \/ Brekstad<\/h4><div class=\"teft-item__inner-content entry-content\">\n<figure class=\"wp-block-image size-large\"><img loading=\"lazy\" decoding=\"async\" width=\"1024\" height=\"1024\" src=\"https:\/\/hoyre.no\/content\/uploads\/sites\/268\/2023\/08\/Valg-Trond-O-1024x1024.png\" alt=\"\" class=\"wp-image-196\" srcset=\"https:\/\/hoyre.no\/content\/uploads\/sites\/268\/2023\/08\/Valg-Trond-O-1024x1024.png 1024w, https:\/\/hoyre.no\/content\/uploads\/sites\/268\/2023\/08\/Valg-Trond-O-300x300.png 300w, https:\/\/hoyre.no\/content\/uploads\/sites\/268\/2023\/08\/Valg-Trond-O-150x150.png 150w, https:\/\/hoyre.no\/content\/uploads\/sites\/268\/2023\/08\/Valg-Trond-O-768x768.png 768w, https:\/\/hoyre.no\/content\/uploads\/sites\/268\/2023\/08\/Valg-Trond-O.png 1080w\" sizes=\"auto, (max-width: 1024px) 100vw, 1024px\" \/><\/figure>\n\n\n\n<p>F\u00f8dt i 1976. Opprinnelig fra Fev\u00e5g. Bor p\u00e5 Brekstad med samboer, datter og to bonusbarn. Jobber som kompanisjef i Forsvaret.<\/p>\n\n\n\n<p>\u00d8nsker \u00e5 bidra til en utskiftning av dagens styre og stell i lokalpolitikken. Ny ordf\u00f8rer og fokus p\u00e5 resultater i stedet for maktkamp og posisjonering, er absolutt p\u00e5 h\u00f8y tid!<\/p>\n\n\n\n<p>Er <a><\/a>ellers opptatt av det meste, men viktig med t\u00e6ring etter n\u00e6ring.<\/p>\n<\/div><\/div><\/div>\n\n\n\n<div class=\"wp-block-teft-item\"><div class=\"teft-item__inner\"><h4 class=\"toggle\">7. Sonja Christiansen (55) \/ Brekstad<\/h4><div class=\"teft-item__inner-content entry-content\">\n<figure class=\"wp-block-image size-large\"><img loading=\"lazy\" decoding=\"async\" width=\"1024\" height=\"1024\" src=\"https:\/\/hoyre.no\/content\/uploads\/sites\/268\/2023\/08\/ramme_stiller_til_valg_bokmaal_2-1691434776574-1024x1024.png\" alt=\"\" class=\"wp-image-223\" srcset=\"https:\/\/hoyre.no\/content\/uploads\/sites\/268\/2023\/08\/ramme_stiller_til_valg_bokmaal_2-1691434776574-1024x1024.png 1024w, https:\/\/hoyre.no\/content\/uploads\/sites\/268\/2023\/08\/ramme_stiller_til_valg_bokmaal_2-1691434776574-300x300.png 300w, https:\/\/hoyre.no\/content\/uploads\/sites\/268\/2023\/08\/ramme_stiller_til_valg_bokmaal_2-1691434776574-150x150.png 150w, https:\/\/hoyre.no\/content\/uploads\/sites\/268\/2023\/08\/ramme_stiller_til_valg_bokmaal_2-1691434776574-768x768.png 768w, https:\/\/hoyre.no\/content\/uploads\/sites\/268\/2023\/08\/ramme_stiller_til_valg_bokmaal_2-1691434776574.png 1080w\" sizes=\"auto, (max-width: 1024px) 100vw, 1024px\" \/><\/figure>\n\n\n\n<p>55 \u00e5r, gift, mamma til 3 gutter og matmor til retrieveren Luna.<\/p>\n\n\n\n<p>Hun har de siste 20 \u00e5rene jobbet som leder for Vinmonopolet Brekstad og Bjugn. Kursinstrukt\u00f8r i ledelse.<\/p>\n\n\n\n<p>Sonja har en \u00f8konomisk\/administrativ utdanning og en Mastergrad i Kunnskapsledelse.<\/p>\n\n\n\n<p><a><\/a>Styreerfaring med verv fra bl.a. Den Norske skolen i Brussel og Styreleder i Borettslag.<\/p>\n\n\n\n<p>Hennes politiske erfaring startet i 2015 som fast representant for Kommunestyret i \u00d8rland og medlem i Komite for Oppvekst, kultur og idrett. Hun har v\u00e6rt vara til kommunestyret siste periode.<\/p>\n\n\n\n<p>Jeg stiller igjen til valg for \u00d8rland H\u00f8yre da jeg \u00f8nsker \u00e5 bidra til at \u00d8rland skal v\u00e6re en b\u00e6rekraftig kommune rustet for \u00e5 m\u00f8te fremtidens utfordringer. For \u00e5 lykkes med dette m\u00e5 vi tilby kvalitet i alle v\u00e5re tjenester.<\/p>\n\n\n\n<p>\u2022 \u00d8rland kommune skal s\u00f8rge for en trygg og verdig eldreomsorg. Nytt helsebygg, flere hender til hjemmesykepleien og nok boliger til de eldre.<\/p>\n\n\n\n<p>\u2022 \u00d8rland kommune skal ha en skole med kvalifiserte l\u00e6rere<\/p>\n\n\n\n<p>som ser den enkelte elev og s\u00f8rger for individuell mestring.<\/p>\n\n\n\n<p>\u2022 \u00d8rland kommune skal spille p\u00e5 lag med jobbskaperne \u2013 Det m\u00e5 v\u00e6re attraktivt \u00e5 etablere og utvikle n\u00e6ring hos oss.<\/p>\n\n\n\n<p>\u2022 \u00d8rland kommune skal bidra til Bo- og blilyst ved \u00e5 legge til rette for boligbygging, jobb for to og god kommunikasjon og samferdsel.<\/p>\n<\/div><\/div><\/div>\n\n\n\n<div class=\"wp-block-teft-item\"><div class=\"teft-item__inner\"><h4 class=\"toggle\">8. Viggo Olden (42) \/ Brekstad<\/h4><div class=\"teft-item__inner-content entry-content\">\n<figure class=\"wp-block-image size-large\"><img loading=\"lazy\" decoding=\"async\" width=\"1024\" height=\"1024\" src=\"https:\/\/hoyre.no\/content\/uploads\/sites\/268\/2023\/08\/Valg-Viggo-1024x1024.png\" alt=\"\" class=\"wp-image-185\" srcset=\"https:\/\/hoyre.no\/content\/uploads\/sites\/268\/2023\/08\/Valg-Viggo-1024x1024.png 1024w, https:\/\/hoyre.no\/content\/uploads\/sites\/268\/2023\/08\/Valg-Viggo-300x300.png 300w, https:\/\/hoyre.no\/content\/uploads\/sites\/268\/2023\/08\/Valg-Viggo-150x150.png 150w, https:\/\/hoyre.no\/content\/uploads\/sites\/268\/2023\/08\/Valg-Viggo-768x768.png 768w, https:\/\/hoyre.no\/content\/uploads\/sites\/268\/2023\/08\/Valg-Viggo.png 1080w\" sizes=\"auto, (max-width: 1024px) 100vw, 1024px\" \/><\/figure>\n\n\n\n<p>42 \u00e5r, pappa til 2 barn i barneskolealder. Bor p\u00e5 Brekstad.<\/p>\n\n\n\n<p>Jobber som ingeni\u00f8r i \u00d8rland kommune og er opptatt av \u00e5 se helheten i de utfordringene som kommunen st\u00e5r ovenfor. Det er viktig at de valgene som tas er gode i et langsiktig perspektiv og ikke bare er for kortsiktig, politisk gevinst. Utfordringer innenfor helsevesenet spesielt kommer til \u00e5 v\u00e6re av stor betydning i den n\u00e6rmeste tiden og der \u00f8nsker jeg \u00e5 v\u00e6re med \u00e5 sikre en god l\u00f8sning p\u00e5 lang sikt.<\/p>\n<\/div><\/div><\/div>\n\n\n\n<div class=\"wp-block-teft-item\"><div class=\"teft-item__inner\"><h4 class=\"toggle\">9. Thor Bretting (70) \/ Opphaug<\/h4><div class=\"teft-item__inner-content entry-content\">\n<figure class=\"wp-block-image size-large\"><img loading=\"lazy\" decoding=\"async\" width=\"1024\" height=\"1024\" src=\"https:\/\/hoyre.no\/content\/uploads\/sites\/268\/2023\/08\/Valg-Thor-1024x1024.png\" alt=\"\" class=\"wp-image-184\" srcset=\"https:\/\/hoyre.no\/content\/uploads\/sites\/268\/2023\/08\/Valg-Thor-1024x1024.png 1024w, https:\/\/hoyre.no\/content\/uploads\/sites\/268\/2023\/08\/Valg-Thor-300x300.png 300w, https:\/\/hoyre.no\/content\/uploads\/sites\/268\/2023\/08\/Valg-Thor-150x150.png 150w, https:\/\/hoyre.no\/content\/uploads\/sites\/268\/2023\/08\/Valg-Thor-768x768.png 768w, https:\/\/hoyre.no\/content\/uploads\/sites\/268\/2023\/08\/Valg-Thor.png 1080w\" sizes=\"auto, (max-width: 1024px) 100vw, 1024px\" \/><\/figure>\n\n\n\n<p>Jeg er 70 \u00e5r og har v\u00e6rt gift i 50 \u00e5r. Vi bor p\u00e5 Opphaug. Vi har 2 d\u00f8tre og en s\u00f8nn, samt 5 barnebarn.<\/p>\n\n\n\n<p>Som yrkesaktiv har jeg jobbet godt og vel 40 \u00e5r i Meteorologisk Institutt.<\/p>\n\n\n\n<p>Jeg <a><\/a>har n\u00e5 v\u00e6rt gjennom 2 perioder i Kommunestyret. Jeg har jobbet i de siste \u00e5rene med Senior H\u00f8yre ogs\u00e5.<\/p>\n\n\n\n<p>Jeg har v\u00e6rt engasjert innen fotballen i over 50 \u00e5r med verv av alle kategorier.<\/p>\n\n\n\n<p>Saker som jeg har v\u00e6rt opptatt med er frivillighetsarbeid p\u00e5 forskjellige omr\u00e5der. De siste \u00e5rene har jeg v\u00e6rt med frivillig p\u00e5 sommeraktivitet for barn, kj\u00f8re rundt middag rundt om p\u00e5 bygda fra kj\u00f8kkenet p\u00e5 Helsesenteret. Jeg har v\u00e6rt med p\u00e5 arrangement som NIPA og arrangement innen \u00d8rland BK. Det er flere ting innen frivilligheten jeg har v\u00e6rt med i gjennom forskjellige ting.<\/p>\n\n\n\n<p>Videre er jeg med p\u00e5 aktivitet for v\u00e5re nye tilflyttere, hvor jeg har et fotballag med spillere fra 6 forskjellige land.<\/p>\n\n\n\n<p>Jeg har engasjert meg innen samferdsel, hvor det er flere saker, som Kommunen og Fylket m\u00e5 engasjere seg i. Jeg jobbet mye med fergeforbindelsen Brekstad-Valset f\u00f8r det ble nye ferger. N\u00e5 er det fylkesvei 710, hvor jeg lagde en facebookgruppe, som i dag har godt over 4000 deltakere. Her er det stort engasjement. Jeg m\u00e5 ogs\u00e5 nevne flyruta og bru over Stj\u00f8rnfjorden, som saker vi m\u00e5 ta tak i.<\/p>\n<\/div><\/div><\/div>\n\n\n\n<div class=\"wp-block-teft-item\"><div class=\"teft-item__inner\"><h4 class=\"toggle\">10. Anita Ingolfsen (49) \/ Vallersund<\/h4><div class=\"teft-item__inner-content entry-content\">\n<figure class=\"wp-block-image size-large\"><img loading=\"lazy\" decoding=\"async\" width=\"1024\" height=\"1024\" src=\"https:\/\/hoyre.no\/content\/uploads\/sites\/268\/2023\/08\/Valg-Anita-1024x1024.png\" alt=\"\" class=\"wp-image-187\" srcset=\"https:\/\/hoyre.no\/content\/uploads\/sites\/268\/2023\/08\/Valg-Anita-1024x1024.png 1024w, https:\/\/hoyre.no\/content\/uploads\/sites\/268\/2023\/08\/Valg-Anita-300x300.png 300w, https:\/\/hoyre.no\/content\/uploads\/sites\/268\/2023\/08\/Valg-Anita-150x150.png 150w, https:\/\/hoyre.no\/content\/uploads\/sites\/268\/2023\/08\/Valg-Anita-768x768.png 768w, https:\/\/hoyre.no\/content\/uploads\/sites\/268\/2023\/08\/Valg-Anita.png 1080w\" sizes=\"auto, (max-width: 1024px) 100vw, 1024px\" \/><\/figure>\n\n\n\n<p>F\u00f8dt i 1974. 2 barn, gift med Eirik Andre. Jobber i \u00d8rland kommune i oppf\u00f8lgingstjenesten. Bor i Vallersund. Engasjert i distriktspolitikk og \u00f8nsker et helsevesen med et helhetlig tilbud for alle aldersgrupper.<\/p>\n<\/div><\/div><\/div>\n\n\n\n<div class=\"wp-block-teft-item\"><div class=\"teft-item__inner\"><h4 class=\"toggle\">11. Martin Waade (38) \/ Bjugn<\/h4><div class=\"teft-item__inner-content entry-content\">\n<figure class=\"wp-block-image size-large\"><img loading=\"lazy\" decoding=\"async\" width=\"1024\" height=\"1024\" src=\"https:\/\/hoyre.no\/content\/uploads\/sites\/268\/2023\/08\/Valg-Martin-1024x1024.png\" alt=\"\" class=\"wp-image-183\" srcset=\"https:\/\/hoyre.no\/content\/uploads\/sites\/268\/2023\/08\/Valg-Martin-1024x1024.png 1024w, https:\/\/hoyre.no\/content\/uploads\/sites\/268\/2023\/08\/Valg-Martin-300x300.png 300w, https:\/\/hoyre.no\/content\/uploads\/sites\/268\/2023\/08\/Valg-Martin-150x150.png 150w, https:\/\/hoyre.no\/content\/uploads\/sites\/268\/2023\/08\/Valg-Martin-768x768.png 768w, https:\/\/hoyre.no\/content\/uploads\/sites\/268\/2023\/08\/Valg-Martin.png 1080w\" sizes=\"auto, (max-width: 1024px) 100vw, 1024px\" \/><\/figure>\n\n\n\n<p>37 \u00e5r. Samboer og 2 barn. Jobber som teknisk koordinator i Norcod AS. Arbeidskarrieren startet med fagbrev som elektriker i Fosenkraft Inst. AS f\u00f8r ferden gikk videre til oljeindustrien og deretter til bl\u00e5 sektor fra fiskefor p\u00e5 Valsneset videre som leverand\u00f8r til oppdrettsn\u00e6ringen og n\u00e5 oppdrett av torsk.<\/p>\n\n\n\n<p>Jeg har ingen erfaring fra politikk, men n\u00e5 \u00f8nsker jeg \u00e5 engasjere meg aktivt i politikken og gj\u00f8re en reell forskjell da jeg ser at det er <a><\/a>ett behov for nytt blod, nye synsvinkler og en ny generasjon som t\u00f8rr \u00e5 si sine meninger i lokalpolitikken. Politikk p\u00e5virker oss alle, og etter \u00e5 ha sett hvordan politiske beslutninger p\u00e5virker v\u00e5r kommune vil jeg v\u00e6re en del av en nyere generasjon som kan bringe friske perspektiver og ideer til bordet slik at jeg kan bidra til \u00e5 skape ett bedre lokalsamfunn.<\/p>\n\n\n\n<p>Jeg vil bruke min stemme til \u00e5 kjempe for de verdiene og ideene jeg mener er best for mitt lokalsamfunn og for de menneskene som trenger det mest. F\u00f8rst og fremst at eldre skal f\u00e5 den omsorgen de fortjener, samt en mobbefri skolegang for barn og unge. Videre \u00f8nsker jeg og rette fokus mot at vi blir en kommune som legger til rette for n\u00e6ringsutvikling!<\/p>\n<\/div><\/div><\/div>\n\n\n\n<div class=\"wp-block-teft-item\"><div class=\"teft-item__inner\"><h4 class=\"toggle\">12. Espen Utstrand (49) \/ Lys\u00f8ysundet<\/h4><div class=\"teft-item__inner-content entry-content\">\n<figure class=\"wp-block-image size-large\"><img loading=\"lazy\" decoding=\"async\" width=\"1024\" height=\"1024\" src=\"https:\/\/hoyre.no\/content\/uploads\/sites\/268\/2023\/08\/Valg-Espen-1024x1024.png\" alt=\"\" class=\"wp-image-188\" srcset=\"https:\/\/hoyre.no\/content\/uploads\/sites\/268\/2023\/08\/Valg-Espen-1024x1024.png 1024w, https:\/\/hoyre.no\/content\/uploads\/sites\/268\/2023\/08\/Valg-Espen-300x300.png 300w, https:\/\/hoyre.no\/content\/uploads\/sites\/268\/2023\/08\/Valg-Espen-150x150.png 150w, https:\/\/hoyre.no\/content\/uploads\/sites\/268\/2023\/08\/Valg-Espen-768x768.png 768w, https:\/\/hoyre.no\/content\/uploads\/sites\/268\/2023\/08\/Valg-Espen.png 1080w\" sizes=\"auto, (max-width: 1024px) 100vw, 1024px\" \/><\/figure>\n\n\n\n<p>F\u00f8dt i 1974, gift med Stine, 2 barn og 3 hunder. Jobber i Forsvaret og er bosatt p\u00e5 Lys\u00f8ya.<\/p>\n\n\n\n<p>\u00d8nsker \u00e5 jobbe for \u00e5 gi ett godt helse, bo- og oppveksttilbud for \u00d8rlands innbyggere. Tilrettelegge for \u00f8kt bo- og blilyst, s\u00e5 v\u00e5re nye tilflyttere blir v\u00e6rende<\/p>\n<\/div><\/div><\/div>\n\n\n\n<div class=\"wp-block-teft-item\"><div class=\"teft-item__inner\"><h4 class=\"toggle\">13. Johan Kristian Aune (58) \/ Opphaug<\/h4><div class=\"teft-item__inner-content entry-content\"><\/div><\/div><\/div>\n\n\n\n<div class=\"wp-block-teft-item\"><div class=\"teft-item__inner\"><h4 class=\"toggle\">14. Iselin Amundsen Mannvik (32) \/ Opphaug<\/h4><div class=\"teft-item__inner-content entry-content\">\n<figure class=\"wp-block-image size-large\"><img loading=\"lazy\" decoding=\"async\" width=\"1024\" height=\"1024\" src=\"https:\/\/hoyre.no\/content\/uploads\/sites\/268\/2023\/08\/Valg-Iselin-1024x1024.png\" alt=\"\" class=\"wp-image-222\" srcset=\"https:\/\/hoyre.no\/content\/uploads\/sites\/268\/2023\/08\/Valg-Iselin-1024x1024.png 1024w, https:\/\/hoyre.no\/content\/uploads\/sites\/268\/2023\/08\/Valg-Iselin-300x300.png 300w, https:\/\/hoyre.no\/content\/uploads\/sites\/268\/2023\/08\/Valg-Iselin-150x150.png 150w, https:\/\/hoyre.no\/content\/uploads\/sites\/268\/2023\/08\/Valg-Iselin-768x768.png 768w, https:\/\/hoyre.no\/content\/uploads\/sites\/268\/2023\/08\/Valg-Iselin.png 1080w\" sizes=\"auto, (max-width: 1024px) 100vw, 1024px\" \/><\/figure>\n\n\n\n<p>32 \u00e5r, samboer og 2 barn. Bosatt p\u00e5 Opphaug, jobber i \u00d8rland Kommune. Rimelig fersk i politikken, \u00e5 trolig den yngste p\u00e5 H\u00f8yre sin liste i \u00e5r. Jeg brenner for \u00e5 v\u00e6re med \u00e5 skape flere sykehjemsplasser, en trygg og god skole for alle barn i kommunen og sist men ikke minst trygge skoleveier.<\/p>\n<\/div><\/div><\/div>\n\n\n\n<div class=\"wp-block-teft-item\"><div class=\"teft-item__inner\"><h4 class=\"toggle\">15. Tomas Dahl (46) \/ Brekstad<\/h4><div class=\"teft-item__inner-content entry-content\"><\/div><\/div><\/div>\n\n\n\n<div class=\"wp-block-teft-item\"><div class=\"teft-item__inner\"><h4 class=\"toggle\">16. Bj\u00f8rn Gl\u00f8rstad (67) \/  Brekstad<\/h4><div class=\"teft-item__inner-content entry-content\">\n<figure class=\"wp-block-image size-large\"><img loading=\"lazy\" decoding=\"async\" width=\"1024\" height=\"1024\" src=\"https:\/\/hoyre.no\/content\/uploads\/sites\/268\/2023\/08\/Valg-Bjorn-1024x1024.png\" alt=\"\" class=\"wp-image-189\" srcset=\"https:\/\/hoyre.no\/content\/uploads\/sites\/268\/2023\/08\/Valg-Bjorn-1024x1024.png 1024w, https:\/\/hoyre.no\/content\/uploads\/sites\/268\/2023\/08\/Valg-Bjorn-300x300.png 300w, https:\/\/hoyre.no\/content\/uploads\/sites\/268\/2023\/08\/Valg-Bjorn-150x150.png 150w, https:\/\/hoyre.no\/content\/uploads\/sites\/268\/2023\/08\/Valg-Bjorn-768x768.png 768w, https:\/\/hoyre.no\/content\/uploads\/sites\/268\/2023\/08\/Valg-Bjorn.png 1080w\" sizes=\"auto, (max-width: 1024px) 100vw, 1024px\" \/><\/figure>\n\n\n\n<p>Er utdannet maskinsjef \/ teknisk sjef, er 67 \u00e5r og er p\u00e5 vei inn i pensjonistenes rekker etter en yrkeskarriere p\u00e5 50 \u00e5r i handelsfl\u00e5ten og i oljeindustrien.<\/p>\n\n\n\n<p>Er gift med Janne og vi har 3 barn og 4 barnebarn.<\/p>\n\n\n\n<p>Ett <a><\/a>av flere ordtak er \u00e5 sette t\u00e6ring etter n\u00e6ring og vil gjerne bidra til at kommunen v\u00e5r skal drives etter dette prinsippet og drive en \u00f8konomisk ansvarlig politikk.<\/p>\n\n\n\n<p>Vil bidra til trygghet og kvalitet i eldreomsorgen. En styrking av hjemmetjenesten kombinert med mer varierte boformer, vil bidra til at flere eldre kan bo hjemme lengre og at hjelpebehovene utsettes.<\/p>\n\n\n\n<p>Vil bidra til \u00e5 tilrettelegge for privat n\u00e6ringsliv. Velferden v\u00e5r er bygget p\u00e5 l\u00f8nnsomme arbeidsplasser.<\/p>\n\n\n\n<p>Vil bidra til \u00e5 kutte saksbehandlingstiden, holde skatter og avgifter nede, og si mer ja.<\/p>\n<\/div><\/div><\/div>\n\n\n\n<div class=\"wp-block-teft-item\"><div class=\"teft-item__inner\"><h4 class=\"toggle\">17. Wenche Vollan (54) \/ Bjugn<\/h4><div class=\"teft-item__inner-content entry-content\"><\/div><\/div><\/div>\n\n\n\n<div class=\"wp-block-teft-item\"><div class=\"teft-item__inner\"><h4 class=\"toggle\">18. Knut Sigurd Lj\u00f8kels\u00f8y (70) \/ Brekstad<\/h4><div class=\"teft-item__inner-content entry-content\">\n<figure class=\"wp-block-image size-large\"><img loading=\"lazy\" decoding=\"async\" width=\"1024\" height=\"1024\" src=\"https:\/\/hoyre.no\/content\/uploads\/sites\/268\/2023\/08\/Valg-Knut-Sigurd-1024x1024.png\" alt=\"\" class=\"wp-image-190\" srcset=\"https:\/\/hoyre.no\/content\/uploads\/sites\/268\/2023\/08\/Valg-Knut-Sigurd-1024x1024.png 1024w, https:\/\/hoyre.no\/content\/uploads\/sites\/268\/2023\/08\/Valg-Knut-Sigurd-300x300.png 300w, https:\/\/hoyre.no\/content\/uploads\/sites\/268\/2023\/08\/Valg-Knut-Sigurd-150x150.png 150w, https:\/\/hoyre.no\/content\/uploads\/sites\/268\/2023\/08\/Valg-Knut-Sigurd-768x768.png 768w, https:\/\/hoyre.no\/content\/uploads\/sites\/268\/2023\/08\/Valg-Knut-Sigurd.png 1080w\" sizes=\"auto, (max-width: 1024px) 100vw, 1024px\" \/><\/figure>\n\n\n\n<p>F\u00f8dt i 1953 og gift med Rannveig, 3 voksne barn og 5 barnebarn. Bor p\u00e5 Brekstad og er pensjonist fra TINE, men er engasjert gjennom \u00f8rlands-firmaet Sikker MAT for \u00e5 ivareta kvalitet og &laquo;trygg mat&raquo; hos sm\u00e5 og mellomstore n\u00e6ringsmiddelprodusenter.<\/p>\n\n\n\n<p>Engasjert og interessert i lokalt kulturliv og \u00f8nsker \u00e5 gi frivilligheten best mulig k\u00e5r i kommunen v\u00e5r. Har hjerte for v\u00e5re nye landsmenn og \u00f8nsker \u00e5 legge til rette for rask og trygg <a><\/a>integrering. Heier p\u00e5 lokale matprodusenter og mennesker som \u00f8ser av sine ressurser og tid til felles beste for innbyggerne i \u00d8rland.<\/p>\n<\/div><\/div><\/div>\n\n\n\n<div class=\"wp-block-teft-item\"><div class=\"teft-item__inner\"><h4 class=\"toggle\">19. May Britt Handstad (66) \/ Uthaug<\/h4><div class=\"teft-item__inner-content entry-content\">\n<figure class=\"wp-block-image size-large\"><img loading=\"lazy\" decoding=\"async\" width=\"1024\" height=\"1024\" src=\"https:\/\/hoyre.no\/content\/uploads\/sites\/268\/2023\/08\/Valg-May-Britt-1024x1024.png\" alt=\"\" class=\"wp-image-191\" srcset=\"https:\/\/hoyre.no\/content\/uploads\/sites\/268\/2023\/08\/Valg-May-Britt-1024x1024.png 1024w, https:\/\/hoyre.no\/content\/uploads\/sites\/268\/2023\/08\/Valg-May-Britt-300x300.png 300w, https:\/\/hoyre.no\/content\/uploads\/sites\/268\/2023\/08\/Valg-May-Britt-150x150.png 150w, https:\/\/hoyre.no\/content\/uploads\/sites\/268\/2023\/08\/Valg-May-Britt-768x768.png 768w, https:\/\/hoyre.no\/content\/uploads\/sites\/268\/2023\/08\/Valg-May-Britt.png 1080w\" sizes=\"auto, (max-width: 1024px) 100vw, 1024px\" \/><\/figure>\n\n\n\n<p>Jeg er gift, har to d\u00f8tre, 4 bonusbarn, 7 barnebarn og 6 bonusbarnebarn, med andre ord en stor familie.<\/p>\n\n\n\n<p>Igjennom et langt yrkesaktivt liv har jeg v\u00e6rt med p\u00e5 en rivende teknologisk utvikling, fra jeg kj\u00f8pte min f\u00f8rste PC i 1985 da jeg startet p\u00e5 en to-\u00e5rig informatikk-utdanning p\u00e5 distriktsh\u00f8gskolen p\u00e5 Rena og til jeg sluttet i Statens Vegvesen 1\/8-21.<\/p>\n\n\n\n<p>Jeg er en person som liker endringer og vil utfordre eksisterende <a><\/a>prosesser ved \u00e5 utfordre flere til \u00e5 bevege seg litt utenfor sin egen komfortsone.<\/p>\n\n\n\n<p>Jeg meldte meg inn i \u00d8rland H\u00f8yre fordi jeg blant annet \u00f8nsker \u00e5 bidra til at de eldste i samfunnet v\u00e5rt skal f\u00e5 en verdig siste fase av livet sitt.<\/p>\n\n\n\n<p>Videre er jeg opptatt av at kommunen jeg bor i skal utvikle seg ved at det legges til rette for ny n\u00e6ringsutvikling og utviklingsmuligheter for eksisterende bedrifter<\/p>\n<\/div><\/div><\/div>\n\n\n\n<div class=\"wp-block-teft-item\"><div class=\"teft-item__inner\"><h4 class=\"toggle\">20. Sivert Seljelid (36) \/ Brekstad<\/h4><div class=\"teft-item__inner-content entry-content\"><\/div><\/div><\/div>\n\n\n\n<div class=\"wp-block-teft-item\"><div class=\"teft-item__inner\"><h4 class=\"toggle\">21. Kari Aune (83) \/ Bjugn<\/h4><div class=\"teft-item__inner-content entry-content\"><\/div><\/div><\/div>\n\n\n\n<div class=\"wp-block-teft-item\"><div class=\"teft-item__inner\"><h4 class=\"toggle\">22. Tor Erik Brunsvik (47) \/ Brekstad<\/h4><div class=\"teft-item__inner-content entry-content\"><\/div><\/div><\/div>\n\n\n\n<div class=\"wp-block-teft-item\"><div class=\"teft-item__inner\"><h4 class=\"toggle\">23. Svein Brevik (67) \/ Brekstad<\/h4><div class=\"teft-item__inner-content entry-content\"><\/div><\/div><\/div>\n\n\n\n<div class=\"wp-block-teft-item\"><div class=\"teft-item__inner\"><h4 class=\"toggle\">24. Aud Leikvang (73) \/ Bjugn<\/h4><div class=\"teft-item__inner-content entry-content\">\n<figure class=\"wp-block-image size-large\"><img loading=\"lazy\" decoding=\"async\" width=\"1024\" height=\"1024\" src=\"https:\/\/hoyre.no\/content\/uploads\/sites\/268\/2023\/08\/Valg-Aud-1024x1024.png\" alt=\"\" class=\"wp-image-181\" srcset=\"https:\/\/hoyre.no\/content\/uploads\/sites\/268\/2023\/08\/Valg-Aud-1024x1024.png 1024w, https:\/\/hoyre.no\/content\/uploads\/sites\/268\/2023\/08\/Valg-Aud-300x300.png 300w, https:\/\/hoyre.no\/content\/uploads\/sites\/268\/2023\/08\/Valg-Aud-150x150.png 150w, https:\/\/hoyre.no\/content\/uploads\/sites\/268\/2023\/08\/Valg-Aud-768x768.png 768w, https:\/\/hoyre.no\/content\/uploads\/sites\/268\/2023\/08\/Valg-Aud.png 1080w\" sizes=\"auto, (max-width: 1024px) 100vw, 1024px\" \/><\/figure>\n\n\n\n<p>Jeg er pensjonist p\u00e5 72 \u00e5r, etter 47 \u00e5r i yrkeslivet. De siste 43 \u00e5r jobbet jeg i bank. Jeg har 2 barn og 1 barnebarn. Har v\u00e6rt engasjert i politikken siden ca. 1977. Har v\u00e6rt en periode i Bjugn Kommunestyre som vara, og de siste 20 \u00e5r i Kontrollutvalget i kommunen. Har ellers sittet ca. 20 \u00e5r i lokalstyret for HVPU i Bjugn, og er interessert i mer hjelp til de som sliter med psykiatri og rus<\/p>\n<\/div><\/div><\/div>\n\n\n\n<div class=\"wp-block-teft-item\"><div class=\"teft-item__inner\"><h4 class=\"toggle\">25. Sverre Johan Pettersen (56) \/ Opphaug<\/h4><div class=\"teft-item__inner-content entry-content\"><\/div><\/div><\/div>\n\n\n\n<div class=\"wp-block-teft-item\"><div class=\"teft-item__inner\"><h4 class=\"toggle\">26. K\u00e5re Hellem (60) \/ Oksvoll<\/h4><div class=\"teft-item__inner-content entry-content\"><\/div><\/div><\/div>\n\n\n\n<div class=\"wp-block-teft-item\"><div class=\"teft-item__inner\"><h4 class=\"toggle\">27. Helge Hellem (58) \/ Oksvoll<\/h4><div class=\"teft-item__inner-content entry-content\">\n<figure class=\"wp-block-image size-large\"><img loading=\"lazy\" decoding=\"async\" width=\"1024\" height=\"1024\" src=\"https:\/\/hoyre.no\/content\/uploads\/sites\/268\/2023\/08\/Valg-Helge-1024x1024.png\" alt=\"\" class=\"wp-image-192\" srcset=\"https:\/\/hoyre.no\/content\/uploads\/sites\/268\/2023\/08\/Valg-Helge-1024x1024.png 1024w, https:\/\/hoyre.no\/content\/uploads\/sites\/268\/2023\/08\/Valg-Helge-300x300.png 300w, https:\/\/hoyre.no\/content\/uploads\/sites\/268\/2023\/08\/Valg-Helge-150x150.png 150w, https:\/\/hoyre.no\/content\/uploads\/sites\/268\/2023\/08\/Valg-Helge-768x768.png 768w, https:\/\/hoyre.no\/content\/uploads\/sites\/268\/2023\/08\/Valg-Helge.png 1080w\" sizes=\"auto, (max-width: 1024px) 100vw, 1024px\" \/><\/figure>\n\n\n\n<p>Helge Hellem f. 1965 er gift og har 2 barn.<\/p>\n\n\n\n<p>Har bodd i flere land enn Norge, men av andre land lengst i Thailand og Bangkok (12\u00e5r).<\/p>\n\n\n\n<p>Er rimelig opptatt av eldreomsorg og at tilbudet skal bedres i \u00d8rland kommune.<\/p>\n\n\n\n<p>Er <a><\/a>ogs\u00e5 opptatt av lokalt n\u00e6ringsliv samt bo og bli lyst, man m\u00e5 ikke bli avvist av kommunen, kommunen m\u00e5 i st\u00f8rre grad tilrettelegge for nettopp bo og blilyst.<\/p>\n\n\n\n<p>Lokale entrepren\u00f8rer skal brukes og kommune m\u00e5 se viktigheten av hva vi har i \u00d8rland kommune.<\/p>\n<\/div><\/div><\/div>\n\n\n\n<div class=\"wp-block-teft-item\"><div class=\"teft-item__inner\"><h4 class=\"toggle\">28. Geir Terje Gossmann (68) \/ Opphaug<\/h4><div class=\"teft-item__inner-content entry-content\"><\/div><\/div><\/div>\n\n\n\n<div class=\"wp-block-teft-item\"><div class=\"teft-item__inner\"><h4 class=\"toggle\">29. Nina Kristin Berg (41) \/ Bjugn<\/h4><div class=\"teft-item__inner-content entry-content\">\n<figure class=\"wp-block-image size-large\"><img loading=\"lazy\" decoding=\"async\" width=\"1024\" height=\"1024\" src=\"https:\/\/hoyre.no\/content\/uploads\/sites\/268\/2023\/08\/Valg-Nina-1024x1024.png\" alt=\"\" class=\"wp-image-193\" srcset=\"https:\/\/hoyre.no\/content\/uploads\/sites\/268\/2023\/08\/Valg-Nina-1024x1024.png 1024w, https:\/\/hoyre.no\/content\/uploads\/sites\/268\/2023\/08\/Valg-Nina-300x300.png 300w, https:\/\/hoyre.no\/content\/uploads\/sites\/268\/2023\/08\/Valg-Nina-150x150.png 150w, https:\/\/hoyre.no\/content\/uploads\/sites\/268\/2023\/08\/Valg-Nina-768x768.png 768w, https:\/\/hoyre.no\/content\/uploads\/sites\/268\/2023\/08\/Valg-Nina.png 1080w\" sizes=\"auto, (max-width: 1024px) 100vw, 1024px\" \/><\/figure>\n\n\n\n<p>Nina Kristin Berg 41 \u00e5r, mor til 3 barn\/ ungdommer. Vokst opp p\u00e5 Hellem, bosatt i Bjugn. Utdannet vernepleier med idrettsfaglig bakgrunn. Har bred og varierende livs samt arbeidserfaring. Jeg liker \u00e5 utfordre meg selv hvor jeg f\u00e5r ny kunnskap- derav bakgrunn innen vernepleie, salg, logistikk og administrasjon. Jeg brenner for kommunen v\u00e5r, at vi skal tilby gode tjenester til v\u00e5re innbyggere og at vi skal v\u00e6re en fremoverlent innovativ kommune som f\u00e5r ting gjennomf\u00f8rt.<\/p>\n<\/div><\/div><\/div>\n\n\n\n<div class=\"wp-block-teft-item\"><div class=\"teft-item__inner\"><h4 class=\"toggle\">30. P\u00e5l Sandnes (54) \/ Bjugn<\/h4><div class=\"teft-item__inner-content entry-content\">\n<figure class=\"wp-block-image size-large\"><img loading=\"lazy\" decoding=\"async\" width=\"1024\" height=\"1024\" src=\"https:\/\/hoyre.no\/content\/uploads\/sites\/268\/2023\/08\/Valg-Pal-1024x1024.png\" alt=\"\" class=\"wp-image-176\" srcset=\"https:\/\/hoyre.no\/content\/uploads\/sites\/268\/2023\/08\/Valg-Pal-1024x1024.png 1024w, https:\/\/hoyre.no\/content\/uploads\/sites\/268\/2023\/08\/Valg-Pal-300x300.png 300w, https:\/\/hoyre.no\/content\/uploads\/sites\/268\/2023\/08\/Valg-Pal-150x150.png 150w, https:\/\/hoyre.no\/content\/uploads\/sites\/268\/2023\/08\/Valg-Pal-768x768.png 768w, https:\/\/hoyre.no\/content\/uploads\/sites\/268\/2023\/08\/Valg-Pal.png 1080w\" sizes=\"auto, (max-width: 1024px) 100vw, 1024px\" \/><\/figure>\n\n\n\n<p>F\u00f8dt 1969. Jobber i Forsvaret. Gift med Mona. To barn, to bonus barn. Hund og katter. Opptatt av sikkerhet og beredskap og \u00e5 legge til rette for fornuftig \u00f8konomisk styring. \u00d8nsker \u00e5 s\u00f8rge for god dekning av eldres behov. Er ogs\u00e5 opptatt av \u00e5 bevare den flotte naturen v\u00e5r.<\/p>\n<\/div><\/div><\/div>\n\n\n\n<div class=\"wp-block-teft-item\"><div class=\"teft-item__inner\"><h4 class=\"toggle\">31. Per Amund Amundseen (48) \/ Opphaug<\/h4><div class=\"teft-item__inner-content entry-content\">\n<figure class=\"wp-block-image size-large\"><img loading=\"lazy\" decoding=\"async\" width=\"1024\" height=\"1024\" src=\"https:\/\/hoyre.no\/content\/uploads\/sites\/268\/2023\/08\/Valg-Per-Amund-1024x1024.png\" alt=\"\" class=\"wp-image-180\" srcset=\"https:\/\/hoyre.no\/content\/uploads\/sites\/268\/2023\/08\/Valg-Per-Amund-1024x1024.png 1024w, https:\/\/hoyre.no\/content\/uploads\/sites\/268\/2023\/08\/Valg-Per-Amund-300x300.png 300w, https:\/\/hoyre.no\/content\/uploads\/sites\/268\/2023\/08\/Valg-Per-Amund-150x150.png 150w, https:\/\/hoyre.no\/content\/uploads\/sites\/268\/2023\/08\/Valg-Per-Amund-768x768.png 768w, https:\/\/hoyre.no\/content\/uploads\/sites\/268\/2023\/08\/Valg-Per-Amund.png 1080w\" sizes=\"auto, (max-width: 1024px) 100vw, 1024px\" \/><\/figure>\n\n\n\n<p>Gift med Siv, og har en s\u00f8nn p\u00e5 10 \u00e5r. Vi holder til p\u00e5 Ottersbo.<\/p>\n\n\n\n<p>Har <a><\/a>en variert yrkesbakgrunn fra handel, elektronikk\/IT og seismikk. Har i de senere \u00e5r jobbet mest med teknisk salg innen VVS, VMT og industri.<\/p>\n\n\n\n<p>Jeg er opptatt av at skoler og barnehager i v\u00e5r kommune skal tilby en trygg ramme for l\u00e6ring og mestring. Det b\u00f8r ogs\u00e5 s\u00e6rlig bidras til at bedrifter kan utvikle seg i v\u00e5r kommune, med fokus p\u00e5 forutsigbarhet og effektiv samhandling med n\u00e6ringslivet.<\/p>\n<\/div><\/div><\/div>\n\n\n\n<div class=\"wp-block-teft-item\"><div class=\"teft-item__inner\"><h4 class=\"toggle\">32. Jon Richard Andersen (54) \/ Opphaug<\/h4><div class=\"teft-item__inner-content entry-content\">\n<figure class=\"wp-block-image size-large\"><img loading=\"lazy\" decoding=\"async\" width=\"1024\" height=\"1024\" src=\"https:\/\/hoyre.no\/content\/uploads\/sites\/268\/2023\/08\/Valg-Jon-Richard-1024x1024.png\" alt=\"\" class=\"wp-image-182\" srcset=\"https:\/\/hoyre.no\/content\/uploads\/sites\/268\/2023\/08\/Valg-Jon-Richard-1024x1024.png 1024w, https:\/\/hoyre.no\/content\/uploads\/sites\/268\/2023\/08\/Valg-Jon-Richard-300x300.png 300w, https:\/\/hoyre.no\/content\/uploads\/sites\/268\/2023\/08\/Valg-Jon-Richard-150x150.png 150w, https:\/\/hoyre.no\/content\/uploads\/sites\/268\/2023\/08\/Valg-Jon-Richard-768x768.png 768w, https:\/\/hoyre.no\/content\/uploads\/sites\/268\/2023\/08\/Valg-Jon-Richard.png 1080w\" sizes=\"auto, (max-width: 1024px) 100vw, 1024px\" \/><\/figure>\n\n\n\n<p>Av mine 54 \u00e5r har jeg bodd 21 \u00e5r p\u00e5 \u00d8rland, sammen med Lisbeth. Jeg er far til 4 og jobber som senioringeni\u00f8r i Forsvarsbygg.<\/p>\n\n\n\n<p>Jeg er opptatt av at vi skal ha gode forhold for l\u00e6ring og utdanning i trygge omgivelser. Viktig at den enkelte blir sett og at de med s\u00e6rskilte behov f\u00e5r de resursene de trenger for optimale l\u00e6reforhold.<\/p>\n<\/div><\/div><\/div>\n\n\n\n<div class=\"wp-block-teft-item\"><div class=\"teft-item__inner\"><h4 class=\"toggle\">33. Kari Bjerkestrand (59) \/ Brekstad<\/h4><div class=\"teft-item__inner-content entry-content\">\n<figure class=\"wp-block-image size-large\"><img loading=\"lazy\" decoding=\"async\" width=\"1024\" height=\"1024\" src=\"https:\/\/hoyre.no\/content\/uploads\/sites\/268\/2023\/08\/Valg-Kari-1024x1024.png\" alt=\"\" class=\"wp-image-194\" srcset=\"https:\/\/hoyre.no\/content\/uploads\/sites\/268\/2023\/08\/Valg-Kari-1024x1024.png 1024w, https:\/\/hoyre.no\/content\/uploads\/sites\/268\/2023\/08\/Valg-Kari-300x300.png 300w, https:\/\/hoyre.no\/content\/uploads\/sites\/268\/2023\/08\/Valg-Kari-150x150.png 150w, https:\/\/hoyre.no\/content\/uploads\/sites\/268\/2023\/08\/Valg-Kari-768x768.png 768w, https:\/\/hoyre.no\/content\/uploads\/sites\/268\/2023\/08\/Valg-Kari.png 1080w\" sizes=\"auto, (max-width: 1024px) 100vw, 1024px\" \/><\/figure>\n\n\n\n<p>F\u00f8dt 1964, bor p\u00e5 Brekstad sammen med Labradoren Cajsa. Har 2 voksne s\u00f8nner. Jobber hos Kvalifiseringsenheten\/Flyktningetjenesten i \u00d8rland kommune, en jobb jeg trives godt i.<\/p>\n\n\n\n<p>Jeg er glad i \u00e5 omg\u00e5s mennesker og liker meg godt i naturen sammen med hunden og venner.<\/p>\n\n\n\n<p>Er <a><\/a>opptatt av at alle v\u00e5re innbyggere skal oppleve \u00e5 bli inkludert. Gode oppvekst- og utdanningsvilk\u00e5r, gode fritidstilbud\/aktiviteter, samt trygg og verdig omsorg er viktige virkemidler.<\/p>\n<\/div><\/div><\/div>\n\n\n\n<div class=\"wp-block-teft-item\"><div class=\"teft-item__inner\"><h4 class=\"toggle\">34. Inger Johanne Vik (81) \/ Oksvoll<\/h4><div class=\"teft-item__inner-content entry-content\">\n<figure class=\"wp-block-image size-large\"><img loading=\"lazy\" decoding=\"async\" width=\"1024\" height=\"1024\" src=\"https:\/\/hoyre.no\/content\/uploads\/sites\/268\/2023\/08\/Valg-IngerJohanne-1024x1024.png\" alt=\"\" class=\"wp-image-221\" srcset=\"https:\/\/hoyre.no\/content\/uploads\/sites\/268\/2023\/08\/Valg-IngerJohanne-1024x1024.png 1024w, https:\/\/hoyre.no\/content\/uploads\/sites\/268\/2023\/08\/Valg-IngerJohanne-300x300.png 300w, https:\/\/hoyre.no\/content\/uploads\/sites\/268\/2023\/08\/Valg-IngerJohanne-150x150.png 150w, https:\/\/hoyre.no\/content\/uploads\/sites\/268\/2023\/08\/Valg-IngerJohanne-768x768.png 768w, https:\/\/hoyre.no\/content\/uploads\/sites\/268\/2023\/08\/Valg-IngerJohanne.png 1080w\" sizes=\"auto, (max-width: 1024px) 100vw, 1024px\" \/><\/figure>\n\n\n\n<p>Jeg bor p\u00e5 Hellem, med postadresse Oksvoll. Er n\u00e5 enke, har f\u00f8dt tre barn, men s\u00f8nnen d\u00f8de i kreft for \u00e5tte \u00e5r siden, s\u00e5 familien best\u00e5r n\u00e5 av to d\u00f8tre, to svigers\u00f8nner og syv barnebarn. I mine unge \u00e5r var jeg f\u00f8rst tannlegeassistent, s\u00e5 utdannet jeg meg til radiotelegrafist og seilte utenriks, f\u00f8r jeg jobbet p\u00e5 \u00d8rlandet Kystradiostasjon i 23 \u00e5r. Har hele mitt liv v\u00e6rt politisk interessert, og meldte meg inn i H\u00f8yre som <a><\/a>25-\u00e5ring, og har v\u00e6rt H\u00f8yre-medlem siden. H\u00f8yres form\u00e5lsparagraf &#8211; der det bl.a. st\u00e5r \u00abrespekt for enkeltmenneske, personlig frihet, sosialt ansvar og medbestemmelse\u00bb ble for meg en viktig grunn til at jeg valgte H\u00f8yre. Har politisk erfaring, har sittet tre perioder i gamle Bjugn kommunestyre og v\u00e6rt varaordf\u00f8rer i en periode.<\/p>\n\n\n\n<p>Jeg brenner for en god og verdig eldreomsorg. De som i mange \u00e5r har v\u00e6rt med p\u00e5 \u00e5 bygge opp de godene vi n\u00e5 har, b\u00f8r f\u00e5 en god, trygg og forutsigbar omsorg i livets siste fase. Barn- og unges oppvekstvilk\u00e5r st\u00e5r ogs\u00e5 mitt hjerte n\u00e6rt. Dyktige l\u00e6rere og trygge skoler der enkeltelever blir sett, som gj\u00f8r dem til sterke og samfunnsbevisste mennesker. Viktig ogs\u00e5 med en sterk n\u00e6ringspolitikk, spesielt med tanke p\u00e5 arbeidsplasser for kvinner og ungdom.<\/p>\n<\/div><\/div><\/div>\n\n\n\n<div class=\"wp-block-teft-item\"><div class=\"teft-item__inner\"><div class=\"teft-item__inner-content entry-content\"><\/div><\/div><\/div>\n<\/div><\/div>\n\n\n<div class=\"tags\">\n\t<\/div>\n<div class=\"post-footer alignfull has-background block-editor-block-list__block\" data-align=full>\n\t<div class=\"post-footer-inner\">\n\t\t<h3>Relaterte artikler<\/h3>\n\t\t<div class=\"related-content\"><div class=\"is-card-hoyre\">\n\t<div class=\"teft-card hoyre-teft-card post-teft-card\">\n\t\t<a href=\"https:\/\/hoyre.no\/orland\/aktuelt\/hva-mener-orland-hoyre\/\" class=\"teft-card__primary-action\">\n\n\t\t\t\t\t<div class=\"teft-card__media teft-card__media--16-9\">\n\t\t\t\t\t\t<img loading=\"lazy\" decoding=\"async\" width=\"768\" height=\"768\" src=\"https:\/\/hoyre.no\/content\/uploads\/sites\/268\/2022\/11\/Hoyres-logo-768x768.png\" class=\"attachment-medium_large size-medium_large\" alt=\"\" srcset=\"https:\/\/hoyre.no\/content\/uploads\/sites\/268\/2022\/11\/Hoyres-logo-768x768.png 768w, https:\/\/hoyre.no\/content\/uploads\/sites\/268\/2022\/11\/Hoyres-logo-300x300.png 300w, https:\/\/hoyre.no\/content\/uploads\/sites\/268\/2022\/11\/Hoyres-logo-150x150.png 150w, https:\/\/hoyre.no\/content\/uploads\/sites\/268\/2022\/11\/Hoyres-logo.png 1000w\" sizes=\"auto, (max-width: 768px) 100vw, 768px\" \/>\t\t<\/div>\n\t\t\n\t\t\t<div class=\"teft-card__content-wrapper\">\n\t\t\t\t<div class=\"teft-card__secondary\">\n\t\t\t\t\t\n\t\t\t\t\t\t\t\t<div class=\"teft-card__meta\">\n\t\t\t\t\t\t\t\t\t<span class=\"post-date\">10. aug 2023<\/span>\n\n\t\t\t\t\t\t\t\t\t\t\t\t\t\t\t\t\t<\/div>\n\t\t\t\t\t\t\t\t\t\t\t<\/div>\n\n\t\t\t\t<div class=\"teft-card__primary\">\n\t\t\t\t\t<h2 class=\"teft-card__title\">Hva mener \u00d8rland H\u00f8yre?&nbsp;<span class=\"teft-card__primary-title-append\"><\/span><\/h2>\t\t\t\t<\/div>\n\t\t\t<\/div>\n\t\t<\/a>\n\t<\/div>\n\n\t<\/div><div class=\"is-card-hoyre\">\n\t<div class=\"teft-card hoyre-teft-card post-teft-card\">\n\t\t<a href=\"https:\/\/hoyre.no\/orland\/aktuelt\/hvorfor-stemme-hoyre\/\" class=\"teft-card__primary-action\">\n\n\t\t\t\t\t<div class=\"teft-card__media teft-card__media--16-9\">\n\t\t\t\t\t\t<img loading=\"lazy\" decoding=\"async\" width=\"768\" height=\"512\" src=\"https:\/\/hoyre.no\/content\/uploads\/sites\/268\/2023\/02\/Mona-og-Erna-768x512.jpg\" class=\"attachment-medium_large size-medium_large\" alt=\"\" srcset=\"https:\/\/hoyre.no\/content\/uploads\/sites\/268\/2023\/02\/Mona-og-Erna-768x512.jpg 768w, https:\/\/hoyre.no\/content\/uploads\/sites\/268\/2023\/02\/Mona-og-Erna-300x200.jpg 300w, https:\/\/hoyre.no\/content\/uploads\/sites\/268\/2023\/02\/Mona-og-Erna-1024x682.jpg 1024w, https:\/\/hoyre.no\/content\/uploads\/sites\/268\/2023\/02\/Mona-og-Erna.jpg 1250w\" sizes=\"auto, (max-width: 768px) 100vw, 768px\" \/>\t\t<\/div>\n\t\t\n\t\t\t<div class=\"teft-card__content-wrapper\">\n\t\t\t\t<div class=\"teft-card__secondary\">\n\t\t\t\t\t\n\t\t\t\t\t\t\t\t<div class=\"teft-card__meta\">\n\t\t\t\t\t\t\t\t\t<span class=\"post-date\">2. mai 2023<\/span>\n\n\t\t\t\t\t\t\t\t\t\t\t\t\t\t\t\t\t<\/div>\n\t\t\t\t\t\t\t\t\t\t\t<\/div>\n\n\t\t\t\t<div class=\"teft-card__primary\">\n\t\t\t\t\t<h2 class=\"teft-card__title\">Hvorfor stemme \u00d8rland H\u00f8yre?&nbsp;<span class=\"teft-card__primary-title-append\"><\/span><\/h2>\t\t\t\t<\/div>\n\t\t\t<\/div>\n\t\t<\/a>\n\t<\/div>\n\n\t<\/div><div class=\"is-card-hoyre\">\n\t<div class=\"teft-card hoyre-teft-card post-teft-card\">\n\t\t<a href=\"https:\/\/hoyre.no\/orland\/aktuelt\/arsmote\/\" class=\"teft-card__primary-action\">\n\n\t\t\t<div class=\"teft-card__media teft-card__media--16-9 no-image\"><\/div>\n\t\t\t<div class=\"teft-card__content-wrapper\">\n\t\t\t\t<div class=\"teft-card__secondary\">\n\t\t\t\t\t\n\t\t\t\t\t\t\t\t<div class=\"teft-card__meta\">\n\t\t\t\t\t\t\t\t\t<span class=\"post-date\">25. nov 2019<\/span>\n\n\t\t\t\t\t\t\t\t\t\t\t\t\t\t\t\t\t<\/div>\n\t\t\t\t\t\t\t\t\t\t\t<\/div>\n\n\t\t\t\t<div class=\"teft-card__primary\">\n\t\t\t\t\t<h2 class=\"teft-card__title\">\u00c5rsm\u00f8te&nbsp;<span class=\"teft-card__primary-title-append\"><\/span><\/h2>\t\t\t\t<\/div>\n\t\t\t<\/div>\n\t\t<\/a>\n\t<\/div>\n\n\t<\/div><\/div>\t<\/div>\n<\/div>\n","protected":false},"excerpt":{"rendered":"","protected":false},"author":36157,"featured_media":0,"comment_status":"closed","ping_status":"closed","sticky":false,"template":"","format":"standard","meta":{"teft_cards_image_url":"","teft_cards_custom_pretitle":"","teft_cards_image_id":106,"teft_cards_image_focal_point_x":0.5,"teft_cards_image_focal_point_y":0.5,"teft_cards_title":"","teft_cards_excerpt":"","teft_show_chapters":false,"author_display_name":"","footnotes":""},"category":[1],"post_tag":[],"hoyre-visibility":[],"article-type":[],"politician":[],"class_list":["post-143","post","type-post","status-publish","format-standard","hentry","category-ukategorisert"],"yoast_head":"<!-- This site is optimized with the Yoast SEO plugin v26.6 - https:\/\/yoast.com\/wordpress\/plugins\/seo\/ -->\n<title>Bli bedre kjent med listekandidatene - \u00d8rland H\u00f8yre<\/title>\n<meta name=\"robots\" content=\"index, follow, max-snippet:-1, max-image-preview:large, max-video-preview:-1\" \/>\n<link rel=\"canonical\" href=\"https:\/\/hoyre.no\/orland\/aktuelt\/bli-bedre-kjent-med-listekandidatene\/\" \/>\n<meta property=\"og:locale\" content=\"nb_NO\" \/>\n<meta property=\"og:type\" content=\"article\" \/>\n<meta property=\"og:title\" content=\"Bli bedre kjent med listekandidatene - \u00d8rland H\u00f8yre\" \/>\n<meta property=\"og:url\" content=\"https:\/\/hoyre.no\/orland\/aktuelt\/bli-bedre-kjent-med-listekandidatene\/\" \/>\n<meta property=\"og:site_name\" content=\"\u00d8rland H\u00f8yre\" \/>\n<meta property=\"article:published_time\" content=\"2023-08-07T12:53:43+00:00\" \/>\n<meta property=\"article:modified_time\" content=\"2023-08-22T19:36:25+00:00\" \/>\n<meta property=\"og:image\" content=\"https:\/\/hoyre.no\/content\/uploads\/sites\/268\/2023\/08\/Valg-mona-1024x1024.png\" \/>\n<meta name=\"author\" content=\"Jan Tore Garseg\" \/>\n<meta name=\"twitter:card\" content=\"summary_large_image\" \/>\n<meta name=\"twitter:label1\" content=\"Skrevet av\" \/>\n\t<meta name=\"twitter:data1\" content=\"Jan Tore Garseg\" \/>\n\t<meta name=\"twitter:label2\" content=\"Ansl. lesetid\" \/>\n\t<meta name=\"twitter:data2\" content=\"24 minutter\" \/>\n<script type=\"application\/ld+json\" class=\"yoast-schema-graph\">{\"@context\":\"https:\/\/schema.org\",\"@graph\":[{\"@type\":\"NewsArticle\",\"@id\":\"https:\/\/hoyre.no\/orland\/aktuelt\/bli-bedre-kjent-med-listekandidatene\/\",\"url\":\"https:\/\/hoyre.no\/orland\/aktuelt\/bli-bedre-kjent-med-listekandidatene\/\",\"name\":\"Bli bedre kjent med listekandidatene - \u00d8rland H\u00f8yre\",\"isPartOf\":{\"@id\":\"https:\/\/hoyre.no\/orland\/#website\"},\"image\":{\"@id\":\"https:\/\/hoyre.no\/orland\/aktuelt\/bli-bedre-kjent-med-listekandidatene\/#primaryimage\"},\"thumbnailUrl\":\"https:\/\/hoyre.no\/content\/uploads\/sites\/268\/2023\/08\/Valg-mona-1024x1024.png\",\"datePublished\":\"2023-08-07T12:53:43+00:00\",\"dateModified\":\"2023-08-22T19:36:25+00:00\",\"author\":{\"@id\":\"https:\/\/hoyre.no\/orland\/#\/schema\/person\/6f185e7608ca09977d9dba4aa6a12f04\"},\"breadcrumb\":{\"@id\":\"https:\/\/hoyre.no\/orland\/aktuelt\/bli-bedre-kjent-med-listekandidatene\/#breadcrumb\"},\"inLanguage\":\"nb-NO\",\"potentialAction\":[{\"@type\":\"ReadAction\",\"target\":[\"https:\/\/hoyre.no\/orland\/aktuelt\/bli-bedre-kjent-med-listekandidatene\/\"]}]},{\"@type\":\"ImageObject\",\"inLanguage\":\"nb-NO\",\"@id\":\"https:\/\/hoyre.no\/orland\/aktuelt\/bli-bedre-kjent-med-listekandidatene\/#primaryimage\",\"url\":\"https:\/\/hoyre.no\/content\/uploads\/sites\/268\/2023\/08\/Valg-mona-1024x1024.png\",\"contentUrl\":\"https:\/\/hoyre.no\/content\/uploads\/sites\/268\/2023\/08\/Valg-mona-1024x1024.png\"},{\"@type\":\"BreadcrumbList\",\"@id\":\"https:\/\/hoyre.no\/orland\/aktuelt\/bli-bedre-kjent-med-listekandidatene\/#breadcrumb\",\"itemListElement\":[{\"@type\":\"ListItem\",\"position\":1,\"name\":\"Til hoyre.no\",\"item\":\"https:\/\/hoyre.no\"},{\"@type\":\"ListItem\",\"position\":2,\"name\":\"Hjem\",\"item\":\"https:\/\/hoyre.no\/orland\/\"},{\"@type\":\"ListItem\",\"position\":3,\"name\":\"Bli bedre kjent med listekandidatene\"}]},{\"@type\":\"WebSite\",\"@id\":\"https:\/\/hoyre.no\/orland\/#website\",\"url\":\"https:\/\/hoyre.no\/orland\/\",\"name\":\"\u00d8rland H\u00f8yre\",\"description\":\"Bare enda et H\u00f8yres nettsteder-nettsted\",\"inLanguage\":\"nb-NO\"},{\"@type\":\"Person\",\"@id\":\"https:\/\/hoyre.no\/orland\/#\/schema\/person\/6f185e7608ca09977d9dba4aa6a12f04\",\"name\":\"Jan Tore Garseg\",\"image\":{\"@type\":\"ImageObject\",\"inLanguage\":\"nb-NO\",\"@id\":\"https:\/\/hoyre.no\/orland\/#\/schema\/person\/image\/\",\"url\":\"https:\/\/secure.gravatar.com\/avatar\/bc99b3177e2a338b275cf37193c5fd4fb183ad70acb60a0884654bb716d4ed6a?s=96&d=mm&r=g\",\"contentUrl\":\"https:\/\/secure.gravatar.com\/avatar\/bc99b3177e2a338b275cf37193c5fd4fb183ad70acb60a0884654bb716d4ed6a?s=96&d=mm&r=g\",\"caption\":\"Jan Tore Garseg\"},\"url\":\"https:\/\/hoyre.no\/orland\/aktuelt\/author\/m52161957\/\"}]}<\/script>\n<!-- \/ Yoast SEO plugin. -->","yoast_head_json":{"title":"Bli bedre kjent med listekandidatene - \u00d8rland H\u00f8yre","robots":{"index":"index","follow":"follow","max-snippet":"max-snippet:-1","max-image-preview":"max-image-preview:large","max-video-preview":"max-video-preview:-1"},"canonical":"https:\/\/hoyre.no\/orland\/aktuelt\/bli-bedre-kjent-med-listekandidatene\/","og_locale":"nb_NO","og_type":"article","og_title":"Bli bedre kjent med listekandidatene - \u00d8rland H\u00f8yre","og_url":"https:\/\/hoyre.no\/orland\/aktuelt\/bli-bedre-kjent-med-listekandidatene\/","og_site_name":"\u00d8rland H\u00f8yre","article_published_time":"2023-08-07T12:53:43+00:00","article_modified_time":"2023-08-22T19:36:25+00:00","og_image":[{"url":"https:\/\/hoyre.no\/content\/uploads\/sites\/268\/2023\/08\/Valg-mona-1024x1024.png","type":"","width":"","height":""}],"author":"Jan Tore Garseg","twitter_card":"summary_large_image","twitter_misc":{"Skrevet av":"Jan Tore Garseg","Ansl. lesetid":"24 minutter"},"schema":{"@context":"https:\/\/schema.org","@graph":[{"@type":"NewsArticle","@id":"https:\/\/hoyre.no\/orland\/aktuelt\/bli-bedre-kjent-med-listekandidatene\/","url":"https:\/\/hoyre.no\/orland\/aktuelt\/bli-bedre-kjent-med-listekandidatene\/","name":"Bli bedre kjent med listekandidatene - \u00d8rland H\u00f8yre","isPartOf":{"@id":"https:\/\/hoyre.no\/orland\/#website"},"image":{"@id":"https:\/\/hoyre.no\/orland\/aktuelt\/bli-bedre-kjent-med-listekandidatene\/#primaryimage"},"thumbnailUrl":"https:\/\/hoyre.no\/content\/uploads\/sites\/268\/2023\/08\/Valg-mona-1024x1024.png","datePublished":"2023-08-07T12:53:43+00:00","dateModified":"2023-08-22T19:36:25+00:00","author":{"@id":"https:\/\/hoyre.no\/orland\/#\/schema\/person\/6f185e7608ca09977d9dba4aa6a12f04"},"breadcrumb":{"@id":"https:\/\/hoyre.no\/orland\/aktuelt\/bli-bedre-kjent-med-listekandidatene\/#breadcrumb"},"inLanguage":"nb-NO","potentialAction":[{"@type":"ReadAction","target":["https:\/\/hoyre.no\/orland\/aktuelt\/bli-bedre-kjent-med-listekandidatene\/"]}]},{"@type":"ImageObject","inLanguage":"nb-NO","@id":"https:\/\/hoyre.no\/orland\/aktuelt\/bli-bedre-kjent-med-listekandidatene\/#primaryimage","url":"https:\/\/hoyre.no\/content\/uploads\/sites\/268\/2023\/08\/Valg-mona-1024x1024.png","contentUrl":"https:\/\/hoyre.no\/content\/uploads\/sites\/268\/2023\/08\/Valg-mona-1024x1024.png"},{"@type":"BreadcrumbList","@id":"https:\/\/hoyre.no\/orland\/aktuelt\/bli-bedre-kjent-med-listekandidatene\/#breadcrumb","itemListElement":[{"@type":"ListItem","position":1,"name":"Til hoyre.no","item":"https:\/\/hoyre.no"},{"@type":"ListItem","position":2,"name":"Hjem","item":"https:\/\/hoyre.no\/orland\/"},{"@type":"ListItem","position":3,"name":"Bli bedre kjent med listekandidatene"}]},{"@type":"WebSite","@id":"https:\/\/hoyre.no\/orland\/#website","url":"https:\/\/hoyre.no\/orland\/","name":"\u00d8rland H\u00f8yre","description":"Bare enda et H\u00f8yres nettsteder-nettsted","inLanguage":"nb-NO"},{"@type":"Person","@id":"https:\/\/hoyre.no\/orland\/#\/schema\/person\/6f185e7608ca09977d9dba4aa6a12f04","name":"Jan Tore Garseg","image":{"@type":"ImageObject","inLanguage":"nb-NO","@id":"https:\/\/hoyre.no\/orland\/#\/schema\/person\/image\/","url":"https:\/\/secure.gravatar.com\/avatar\/bc99b3177e2a338b275cf37193c5fd4fb183ad70acb60a0884654bb716d4ed6a?s=96&d=mm&r=g","contentUrl":"https:\/\/secure.gravatar.com\/avatar\/bc99b3177e2a338b275cf37193c5fd4fb183ad70acb60a0884654bb716d4ed6a?s=96&d=mm&r=g","caption":"Jan Tore Garseg"},"url":"https:\/\/hoyre.no\/orland\/aktuelt\/author\/m52161957\/"}]}},"distributor_meta":false,"distributor_terms":false,"distributor_media":false,"distributor_original_site_name":"\u00d8rland H\u00f8yre","distributor_original_site_url":"https:\/\/hoyre.no\/orland","push-errors":false,"_links":{"self":[{"href":"https:\/\/hoyre.no\/orland\/wp-json\/wp\/v2\/posts\/143","targetHints":{"allow":["GET"]}}],"collection":[{"href":"https:\/\/hoyre.no\/orland\/wp-json\/wp\/v2\/posts"}],"about":[{"href":"https:\/\/hoyre.no\/orland\/wp-json\/wp\/v2\/types\/post"}],"author":[{"embeddable":true,"href":"https:\/\/hoyre.no\/orland\/wp-json\/wp\/v2\/users\/36157"}],"replies":[{"embeddable":true,"href":"https:\/\/hoyre.no\/orland\/wp-json\/wp\/v2\/comments?post=143"}],"version-history":[{"count":14,"href":"https:\/\/hoyre.no\/orland\/wp-json\/wp\/v2\/posts\/143\/revisions"}],"predecessor-version":[{"id":224,"href":"https:\/\/hoyre.no\/orland\/wp-json\/wp\/v2\/posts\/143\/revisions\/224"}],"wp:attachment":[{"href":"https:\/\/hoyre.no\/orland\/wp-json\/wp\/v2\/media?parent=143"}],"wp:term":[{"taxonomy":"category","embeddable":true,"href":"https:\/\/hoyre.no\/orland\/wp-json\/wp\/v2\/category?post=143"},{"taxonomy":"post_tag","embeddable":true,"href":"https:\/\/hoyre.no\/orland\/wp-json\/wp\/v2\/post_tag?post=143"},{"taxonomy":"hoyre-visibility","embeddable":true,"href":"https:\/\/hoyre.no\/orland\/wp-json\/wp\/v2\/hoyre-visibility?post=143"},{"taxonomy":"article-type","embeddable":true,"href":"https:\/\/hoyre.no\/orland\/wp-json\/wp\/v2\/article-type?post=143"},{"taxonomy":"politician","embeddable":true,"href":"https:\/\/hoyre.no\/orland\/wp-json\/wp\/v2\/politician?post=143"}],"curies":[{"name":"wp","href":"https:\/\/api.w.org\/{rel}","templated":true}]}}