{"id":199,"date":"2023-08-10T20:40:00","date_gmt":"2023-08-10T18:40:00","guid":{"rendered":"https:\/\/hoyre.no\/orland\/?p=199"},"modified":"2023-08-22T22:02:51","modified_gmt":"2023-08-22T20:02:51","slug":"hva-mener-orland-hoyre","status":"publish","type":"post","link":"https:\/\/hoyre.no\/orland\/aktuelt\/hva-mener-orland-hoyre\/","title":{"rendered":"Hva mener \u00d8rland H\u00f8yre?"},"content":{"rendered":"\n<p class=\"preamble\">Det kan v\u00e6re vanskelig \u00e5 f\u00e5 med seg alle uttalelser og meninger som kommer frem i media i forbindelse med kommunevalget.<br>Vi gj\u00f8r det derfor enkelt for deg og lager en samlet oversikt her.<\/p>\t\t\t<div class=\"post-meta wp-block teft-byline-wrapper\">\n\t\t\t\t<div class=\"top\">\n\t\t\t\t\t<div class=\"signature\">\n\t\t\t\t\t\t<div class=\"teft-byline\">\n\t\t\t\t\t\t\t\t\t\t\t\t\t\t<div>\n\t\t\t\t\t\t\t\t<h3>H\u00f8yres redaksjon<\/h3>\t\t\t\t\t\t\t\t\n\t\t\t\t\t\t\t\t\t\t\t\t\t\t\t\t\t<span class=\"date\">Sist oppdatert: 22. august 2023<\/span>\n\t\t\t\t\t\t\t\t\t\t\t\t\t\t\t\t\t\t\t\t\t\t\t\t\t<span class=\"reading-time\" itemprop=\"timeRequired\" content=\"PT3M\"><em>Ca. 3 minutter lesetid<\/em><\/span>\n\t\t\t\t\t\t\t\t\t\t\t\t\t\t\t<\/div>\n\t\t\t\t\t\t<\/div>\n\t\t\t\t\t<\/div>\n\t\t\t\t\t\t<div class=\"sharing\">\n\t\t<a class=\"share-button share-link copy-link\" data-copy=\"https:\/\/hoyre.no\/orland\/aktuelt\/hva-mener-orland-hoyre\/\" target=\"_blank\"><span class=\"screen-reader-text\">Del link<\/span><\/a>\n\t\t<a class=\"share-button share-twitter\" href=\"http:\/\/twitter.com\/share?text=Hva mener \u00d8rland H\u00f8yre?&#038;url=https:\/\/hoyre.no\/orland\/aktuelt\/hva-mener-orland-hoyre\/&#038;hashtags=Hoyre\" target=\"_blank\"><span class=\"screen-reader-text\">Del p\u00e5 twitter<\/span><\/a>\n\t\t<a class=\"share-button share-facebook\" href=\"https:\/\/www.facebook.com\/sharer\/sharer.php?u=https:\/\/hoyre.no\/orland\/aktuelt\/hva-mener-orland-hoyre\/\" target=\"_blank\"><span class=\"screen-reader-text\">Del p\u00e5 facebook<\/span><\/a>\n\t<\/div>\n\t\t\t\t\t<\/div>\n\t\t\t<\/div>\n\n\t\t\t<figure class=\"hoyre-image-wrapper\"><div class=\"hoyre-image\"><img loading=\"lazy\" decoding=\"async\" width=\"2500\" height=\"1875\" src=\"https:\/\/hoyre.no\/content\/uploads\/sites\/268\/2023\/02\/Femglade-scaled.jpg\" class=\"attachment-scaled size-scaled\" alt=\"\" style=\"object-position: 50% 50%\" srcset=\"https:\/\/hoyre.no\/content\/uploads\/sites\/268\/2023\/02\/Femglade-scaled.jpg 2500w, https:\/\/hoyre.no\/content\/uploads\/sites\/268\/2023\/02\/Femglade-300x225.jpg 300w, https:\/\/hoyre.no\/content\/uploads\/sites\/268\/2023\/02\/Femglade-1024x768.jpg 1024w, https:\/\/hoyre.no\/content\/uploads\/sites\/268\/2023\/02\/Femglade-768x576.jpg 768w, https:\/\/hoyre.no\/content\/uploads\/sites\/268\/2023\/02\/Femglade-1536x1152.jpg 1536w, https:\/\/hoyre.no\/content\/uploads\/sites\/268\/2023\/02\/Femglade-2048x1536.jpg 2048w\" sizes=\"auto, (max-width: 2500px) 100vw, 2500px\" \/><\/div><\/figure>\n\n\n\n\n<p>F\u00f8rst &#8212; \u00d8rland H\u00f8yres prim\u00e6re kommunikasjonskanal er gjennom facebook, s\u00e5 vi vil anbefale alle som er interessert i politikk p\u00e5 \u00d8rland om \u00e5 f\u00f8lge oss; <\/p>\n\n\n\n<p><a href=\"https:\/\/www.facebook.com\/OrlandHoyre\">https:\/\/www.facebook.com\/OrlandHoyre<\/a><\/p>\n\n\n\n<p><\/p>\n\n\n\n<p>V\u00e5r kandidat nr 2 Eirik Lundemo delte sin <a href=\"https:\/\/www.fosna-folket.no\/meninger\/i\/VPaJPp\/hva-er-god-naeringspolitikk?fbclid=IwAR1OipmqvKGNQHceiCPis522G9-e-It_wfMrC3pifjI5kb1fZPqc74NURnU\">mening om lokal n\u00e6ringspolitikk<\/a> 30.mars<\/p>\n\n\n\n<p><\/p>\n\n\n\n<p>V\u00e5r ordf\u00f8rerkandidat Mona Sj\u00f8li delte sin mening om <a href=\"https:\/\/www.fosna-folket.no\/meninger\/i\/Q7EAwR\/forsvaret-soldaten-og-disse-pengene?fbclid=IwAR2wB05Hj34SSaYpiYyO-3RSnfOtsHoGZiQywMgonQyOzOd9hlqTRMZiwZ4\">samvirke mellom Forsvaret og \u00d8rland kommune<\/a> 14.april<\/p>\n\n\n\n<p><\/p>\n\n\n\n<p>V\u00e5r kandidat nr 2 Eirik Lundemo delte sin mening om <a href=\"https:\/\/www.fosna-folket.no\/meninger\/i\/zEbrA5\/forsvar-sikkerhet-og-beredskap-oerland-som-forsvarskommune?fbclid=IwAR0iBOV0D3aC7JgMJozlk9Wvk4hJO9x-bRZWq4PSZ5-qU2N0oLZfIkfEd0g\">\u00d8rland som Forsvarskommune, med fokus p\u00e5 sikkerhet og beredskap<\/a> 5.mai<\/p>\n\n\n\n<p><\/p>\n\n\n\n<p>V\u00e5r ordf\u00f8rerkandidat Mona Sj\u00f8li delte sin mening om <a href=\"https:\/\/www.fosna-folket.no\/meninger\/i\/RG8Mx8\/barn-og-unge-tilbake-til-idretten?fbclid=IwAR2uY1gBReck1lqs-3IDnSXKmdUypVvhzxYQbnWhCsOyy_D4aU030EyAPC0\">viktigheten av \u00e5 f\u00e5 barn og unge tilbake i idretten<\/a> 31.mai<\/p>\n\n\n\n<p><\/p>\n\n\n\n<p>V\u00e5re lokalpolitikere og stortingsrepresentanter Erlend Svardal B\u00f8e og Mari Holm L\u00f8nseth hadde et sterkt m\u00f8te og <a href=\"https:\/\/www.fosna-folket.no\/nyheter\/i\/XbnPvo\/som-sykepleier-man-maake-snoe-vaske-klaer-vaske-gulv-gaa-ut-med-soeppel-vi-maa-bli-flinkere-til-aa-utnytte-ressursene-bedre?fbclid=IwAR1dSz3ZJ6TinFKMG0pJ065bxjB6TqdFOlAO0MTRqlRoFpKu7zr74_5mkYQ\">gode refleksjoner med de ansatte p\u00e5 Bjugn Helsesenter 12.juni<\/a> (FF+)<\/p>\n\n\n\n<p><\/p>\n\n\n\n<p>V\u00e5r kandidat nr 16 Bj\u00f8rn Gl\u00f8rstad delte sin mening om <a href=\"https:\/\/www.fosna-folket.no\/meninger\/i\/3EeGMq\/den-oekonomiske-situasjonen-i-oerland?fbclid=IwAR3h97UYc2ZCky-EdQcgqaGMeuKUJag5IJcVl4wC8Q7MuL6dymByUUXutrk\">den \u00f8konomiske situasjonen i \u00d8rland<\/a> 28.juni<\/p>\n\n\n\n<p><\/p>\n\n\n\n<p>Det er ikke bare kommunerepresentanter vi velger i 2023 &#8211; vi velger ogs\u00e5 hvem som skal representere oss p\u00e5 fylkesniv\u00e5. Her er et leserinnlegg fra H\u00f8yres fylkesordf\u00f8rer kandidat, <a href=\"https:\/\/www.facebook.com\/eidenpaal\">P\u00e5l S\u00e6ther Eiden<\/a>, om <a href=\"https:\/\/www.fosna-folket.no\/meninger\/i\/Xb27Bm\/faerre-politifolk-gir-stoerre-utrygghet?fbclid=IwAR0pcx6YoZ-Jm6rDTTWQhAa4QP8MNlkjSzt7JFx2gAXg668yp12DZY_lmCs\">bemanningssituasjonen for politiet i distrikene<\/a><\/p>\n\n\n\n<p><\/p>\n\n\n\n<p>V\u00e5r kandidat nr 9 Thor Bretting delte sin mening om <a href=\"https:\/\/www.fosna-folket.no\/meninger\/i\/8J1a81\/dette-maa-prioriteres?fbclid=IwAR0lhi04F29SXQE82rHa0_-8SxRLmJdxs03OvFYRqpMzOMj8om3glewGX78\">n\u00f8dvendige prioriteringer vedr\u00f8rende trafikksikkerhet<\/a> 26.juli<\/p>\n\n\n\n<p><\/p>\n\n\n\n<p>V\u00e5r ordf\u00f8rerkandidat Mona Sj\u00f8li svarer p\u00e5 <a href=\"https:\/\/www.fosna-folket.no\/meninger\/i\/3EKrrL\/tanker-fra-sauefjoeset\">utfordringen <\/a>H\u00e5kon Sannan <a href=\"https:\/\/www.fosna-folket.no\/meninger\/i\/GMg356\/svar-paa-tankene-fra-sauefjoeset?fbclid=IwAR2oJDN-Kd3UwDw4DBSBu5mxjpMVJZP3wSu7QnkXx_I0a9PJlSErVy1LlCs\">i denne artikkelen<\/a> 2.august <\/p>\n\n\n\n<p><\/p>\n\n\n\n<p>V\u00e5r kandidat nr 9 Thor Bretting krever at <a href=\"https:\/\/www.fosna-folket.no\/debatt\/i\/JQg4am\/naa-maa-fylkeskommunen-komme-paa-banen-med-mer-tilskudd-til-fylkesvei-710?fbclid=IwAR2l5sv8dxCQdpw4XNr3oR0-8EtIXjF8agXcas-OQQgbbCxidvc18ahD4eo\">fylkeskomunnen kommer p\u00e5 banen med mer tilskudd til fylkesvei 710<\/a> 11.august<\/p>\n\n\n\n<p><\/p>\n\n\n\n<p>V\u00e5r kandidat nr 16 Bj\u00f8rn Gl\u00f8rstad greier ut om sine <a href=\"https:\/\/www.fosna-folket.no\/nyheter\/i\/MoB0Br\/vil-vurdere-kjernekraft-paa-oerlandet-vi-har-tjernobyl-oppe-i-hodet-alle-sammen?fbclid=IwAR1SXUzf9fXQFnhy_WQFlBUiNGV9k2VRHIy0qx4Ci-syhojljU5mZyqEJOo\">tanker om kjernekraft<\/a> 12.august (FF+)<\/p>\n\n\n\n<p><\/p>\n\n\n\n<p>V\u00e5r kandidat nr 2. Eirik Lundemo <a href=\"https:\/\/www.fosna-folket.no\/debatt\/i\/9zQlb5\/idrettens-utfordringer-kan-loeses-lokalt?fbclid=IwAR2eZ161Q9hbt2Z6HpNi3LeKFvkJFInT0V66M48OjCwHSyhjmSiWkps7XBc\">mener at idrettens utfordringer stort sett kan l\u00f8ses lokalt<\/a> 18.august<\/p>\n\n\n\n<p><\/p>\n\n\n\n<p>En av v\u00e5re dyktige fylkespolitikere <a href=\"https:\/\/www.facebook.com\/hoyrejordmor\">Ingvill Dalseg<\/a> tar et oppgj\u00f8r med hva regjeringens avvikling av fritt behandlingsvalg kombinert med kutt i R\u00e5dgivning om spiseforstyrrelser (ROS) medf\u00f8rer for <a href=\"https:\/\/www.fosna-folket.no\/debatt\/i\/GMbMmB\/ungdom-med-spiseforstyrrelser-blir-daarligere-mens-de-venter-paa-hjelp?fbclid=IwAR2HXXORekAjQFgiR8fZgH2NoWR8fkZuhPcBmYDZxnR4GBeLOsVlVbt4zbo\">unge som venter p\u00e5 behandling<\/a>.<\/p>\n\n\n\n<p><\/p>\n\n\n\n<p>V\u00e5r ordf\u00f8rerkandidat Mona deler sine tanker om <a href=\"https:\/\/www.fosna-folket.no\/nyheter\/i\/rl1PpK\/mistet-flest-velgere-over-sommeren-kommer-ikke-til-aa-lage-stoey?fbclid=IwAR0QmfcE-sv7YRct-UxqPHGkDbmOtZhO8FXkFLzxbgsniw0tjIFlpBSX1uY\">kommunen v\u00e5r, tilflyttere, helsehus, mulig ordf\u00f8rer rolle, og de gode listekandidatene hun har med seg i laget<\/a> (FF+)<\/p>\n\n\n\n<p><\/p>\n\n\n\n<p>V\u00e5r Mona Sj\u00f8li, MDG\u2019s Oda Leth-J\u00f8ssing og APs Ingvild Wik Solberg deler synspunkt vedr\u00f8rende <a href=\"https:\/\/www.fosna-folket.no\/nyheter\/i\/XbLRlr\/oensker-bedre-skolevei-alt-skal-prioriteres-ned-for-barns-sikkerhet?fbclid=IwAR2HXXORekAjQFgiR8fZgH2NoWR8fkZuhPcBmYDZxnR4GBeLOsVlVbt4zbo\">trygg og god skolevei for barna i kommunen v\u00e5r<\/a>.<\/p>\n\n\n\n<p><\/p>\n\n\n\n<p>H\u00f8yres fylkesordf\u00f8rer kandidat <a href=\"https:\/\/www.facebook.com\/eidenpaal\">P\u00e5l S\u00e6ther Eiden<\/a>, mener vi trenger en <a href=\"https:\/\/www.fosna-folket.no\/debatt\/i\/xgEVlV\/vi-trenger-en-skole-der-flere-lykkes?fbclid=IwAR1jdRwZdLY9PU53Lt2TalaiMrJEVCXNWQSxzYBVJ2Ri59cE3G7KxwV37M8\">skole der flere lykkes<\/a>.<\/p>\n\n\n<div class=\"tags\">\n\t<\/div>\n<div class=\"post-footer alignfull has-background block-editor-block-list__block\" data-align=full>\n\t<div class=\"post-footer-inner\">\n\t\t<h3>Relaterte artikler<\/h3>\n\t\t<div class=\"related-content\"><div class=\"is-card-hoyre\">\n\t<div class=\"teft-card hoyre-teft-card post-teft-card\">\n\t\t<a href=\"https:\/\/hoyre.no\/orland\/aktuelt\/bli-bedre-kjent-med-listekandidatene\/\" class=\"teft-card__primary-action\">\n\n\t\t\t\t\t<div class=\"teft-card__media teft-card__media--16-9\">\n\t\t\t\t\t\t<img loading=\"lazy\" decoding=\"async\" width=\"768\" height=\"512\" src=\"https:\/\/hoyre.no\/content\/uploads\/sites\/268\/2023\/08\/Gruppe_folder_050523-768x512.jpg\" class=\"attachment-medium_large size-medium_large\" alt=\"\" srcset=\"https:\/\/hoyre.no\/content\/uploads\/sites\/268\/2023\/08\/Gruppe_folder_050523-768x512.jpg 768w, https:\/\/hoyre.no\/content\/uploads\/sites\/268\/2023\/08\/Gruppe_folder_050523-300x200.jpg 300w, https:\/\/hoyre.no\/content\/uploads\/sites\/268\/2023\/08\/Gruppe_folder_050523-1024x682.jpg 1024w, https:\/\/hoyre.no\/content\/uploads\/sites\/268\/2023\/08\/Gruppe_folder_050523-1536x1023.jpg 1536w, https:\/\/hoyre.no\/content\/uploads\/sites\/268\/2023\/08\/Gruppe_folder_050523.jpg 1890w\" sizes=\"auto, (max-width: 768px) 100vw, 768px\" \/>\t\t<\/div>\n\t\t\n\t\t\t<div class=\"teft-card__content-wrapper\">\n\t\t\t\t<div class=\"teft-card__secondary\">\n\t\t\t\t\t\n\t\t\t\t\t\t\t\t<div class=\"teft-card__meta\">\n\t\t\t\t\t\t\t\t\t<span class=\"post-date\">7. aug 2023<\/span>\n\n\t\t\t\t\t\t\t\t\t\t\t\t\t\t\t\t\t<\/div>\n\t\t\t\t\t\t\t\t\t\t\t<\/div>\n\n\t\t\t\t<div class=\"teft-card__primary\">\n\t\t\t\t\t<h2 class=\"teft-card__title\">Bli bedre kjent med listekandidatene&nbsp;<span class=\"teft-card__primary-title-append\"><\/span><\/h2>\t\t\t\t<\/div>\n\t\t\t<\/div>\n\t\t<\/a>\n\t<\/div>\n\n\t<\/div><div class=\"is-card-hoyre\">\n\t<div class=\"teft-card hoyre-teft-card post-teft-card\">\n\t\t<a href=\"https:\/\/hoyre.no\/orland\/aktuelt\/hvorfor-stemme-hoyre\/\" class=\"teft-card__primary-action\">\n\n\t\t\t\t\t<div class=\"teft-card__media teft-card__media--16-9\">\n\t\t\t\t\t\t<img loading=\"lazy\" decoding=\"async\" width=\"768\" height=\"512\" src=\"https:\/\/hoyre.no\/content\/uploads\/sites\/268\/2023\/02\/Mona-og-Erna-768x512.jpg\" class=\"attachment-medium_large size-medium_large\" alt=\"\" srcset=\"https:\/\/hoyre.no\/content\/uploads\/sites\/268\/2023\/02\/Mona-og-Erna-768x512.jpg 768w, https:\/\/hoyre.no\/content\/uploads\/sites\/268\/2023\/02\/Mona-og-Erna-300x200.jpg 300w, https:\/\/hoyre.no\/content\/uploads\/sites\/268\/2023\/02\/Mona-og-Erna-1024x682.jpg 1024w, https:\/\/hoyre.no\/content\/uploads\/sites\/268\/2023\/02\/Mona-og-Erna.jpg 1250w\" sizes=\"auto, (max-width: 768px) 100vw, 768px\" \/>\t\t<\/div>\n\t\t\n\t\t\t<div class=\"teft-card__content-wrapper\">\n\t\t\t\t<div class=\"teft-card__secondary\">\n\t\t\t\t\t\n\t\t\t\t\t\t\t\t<div class=\"teft-card__meta\">\n\t\t\t\t\t\t\t\t\t<span class=\"post-date\">2. mai 2023<\/span>\n\n\t\t\t\t\t\t\t\t\t\t\t\t\t\t\t\t\t<\/div>\n\t\t\t\t\t\t\t\t\t\t\t<\/div>\n\n\t\t\t\t<div class=\"teft-card__primary\">\n\t\t\t\t\t<h2 class=\"teft-card__title\">Hvorfor stemme \u00d8rland H\u00f8yre?&nbsp;<span class=\"teft-card__primary-title-append\"><\/span><\/h2>\t\t\t\t<\/div>\n\t\t\t<\/div>\n\t\t<\/a>\n\t<\/div>\n\n\t<\/div><div class=\"is-card-hoyre\">\n\t<div class=\"teft-card hoyre-teft-card post-teft-card\">\n\t\t<a href=\"https:\/\/hoyre.no\/orland\/aktuelt\/arsmote\/\" class=\"teft-card__primary-action\">\n\n\t\t\t<div class=\"teft-card__media teft-card__media--16-9 no-image\"><\/div>\n\t\t\t<div class=\"teft-card__content-wrapper\">\n\t\t\t\t<div class=\"teft-card__secondary\">\n\t\t\t\t\t\n\t\t\t\t\t\t\t\t<div class=\"teft-card__meta\">\n\t\t\t\t\t\t\t\t\t<span class=\"post-date\">25. nov 2019<\/span>\n\n\t\t\t\t\t\t\t\t\t\t\t\t\t\t\t\t\t<\/div>\n\t\t\t\t\t\t\t\t\t\t\t<\/div>\n\n\t\t\t\t<div class=\"teft-card__primary\">\n\t\t\t\t\t<h2 class=\"teft-card__title\">\u00c5rsm\u00f8te&nbsp;<span class=\"teft-card__primary-title-append\"><\/span><\/h2>\t\t\t\t<\/div>\n\t\t\t<\/div>\n\t\t<\/a>\n\t<\/div>\n\n\t<\/div><\/div>\t<\/div>\n<\/div>\n","protected":false},"excerpt":{"rendered":"","protected":false},"author":36157,"featured_media":0,"comment_status":"closed","ping_status":"closed","sticky":false,"template":"","format":"standard","meta":{"teft_cards_image_url":"","teft_cards_custom_pretitle":"","teft_cards_image_id":46,"teft_cards_image_focal_point_x":0.5,"teft_cards_image_focal_point_y":0.5,"teft_cards_title":"","teft_cards_excerpt":"","teft_show_chapters":false,"author_display_name":"","footnotes":""},"category":[1],"post_tag":[],"hoyre-visibility":[],"article-type":[],"politician":[],"class_list":["post-199","post","type-post","status-publish","format-standard","hentry","category-ukategorisert"],"yoast_head":"<!-- This site is optimized with the Yoast SEO plugin v26.6 - https:\/\/yoast.com\/wordpress\/plugins\/seo\/ -->\n<title>Hva mener \u00d8rland H\u00f8yre? - \u00d8rland H\u00f8yre<\/title>\n<meta name=\"robots\" content=\"index, follow, max-snippet:-1, max-image-preview:large, max-video-preview:-1\" \/>\n<link rel=\"canonical\" href=\"https:\/\/hoyre.no\/orland\/aktuelt\/hva-mener-orland-hoyre\/\" \/>\n<meta property=\"og:locale\" content=\"nb_NO\" \/>\n<meta property=\"og:type\" content=\"article\" \/>\n<meta property=\"og:title\" content=\"Hva mener \u00d8rland H\u00f8yre? - \u00d8rland H\u00f8yre\" \/>\n<meta property=\"og:url\" content=\"https:\/\/hoyre.no\/orland\/aktuelt\/hva-mener-orland-hoyre\/\" \/>\n<meta property=\"og:site_name\" content=\"\u00d8rland H\u00f8yre\" \/>\n<meta property=\"article:published_time\" content=\"2023-08-10T18:40:00+00:00\" \/>\n<meta property=\"article:modified_time\" content=\"2023-08-22T20:02:51+00:00\" \/>\n<meta property=\"og:image\" content=\"https:\/\/hoyre.no\/content\/uploads\/sites\/268\/2022\/11\/Hoyres-logo.png\" \/>\n\t<meta property=\"og:image:width\" content=\"1000\" \/>\n\t<meta property=\"og:image:height\" content=\"1000\" \/>\n\t<meta property=\"og:image:type\" content=\"image\/png\" \/>\n<meta name=\"author\" content=\"Jan Tore Garseg\" \/>\n<meta name=\"twitter:card\" content=\"summary_large_image\" \/>\n<meta name=\"twitter:label1\" content=\"Skrevet av\" \/>\n\t<meta name=\"twitter:data1\" content=\"Jan Tore Garseg\" \/>\n\t<meta name=\"twitter:label2\" content=\"Ansl. lesetid\" \/>\n\t<meta name=\"twitter:data2\" content=\"3 minutter\" \/>\n<script type=\"application\/ld+json\" class=\"yoast-schema-graph\">{\"@context\":\"https:\/\/schema.org\",\"@graph\":[{\"@type\":\"NewsArticle\",\"@id\":\"https:\/\/hoyre.no\/orland\/aktuelt\/hva-mener-orland-hoyre\/\",\"url\":\"https:\/\/hoyre.no\/orland\/aktuelt\/hva-mener-orland-hoyre\/\",\"name\":\"Hva mener \u00d8rland H\u00f8yre? - \u00d8rland H\u00f8yre\",\"isPartOf\":{\"@id\":\"https:\/\/hoyre.no\/orland\/#website\"},\"datePublished\":\"2023-08-10T18:40:00+00:00\",\"dateModified\":\"2023-08-22T20:02:51+00:00\",\"author\":{\"@id\":\"https:\/\/hoyre.no\/orland\/#\/schema\/person\/6f185e7608ca09977d9dba4aa6a12f04\"},\"breadcrumb\":{\"@id\":\"https:\/\/hoyre.no\/orland\/aktuelt\/hva-mener-orland-hoyre\/#breadcrumb\"},\"inLanguage\":\"nb-NO\",\"potentialAction\":[{\"@type\":\"ReadAction\",\"target\":[\"https:\/\/hoyre.no\/orland\/aktuelt\/hva-mener-orland-hoyre\/\"]}]},{\"@type\":\"BreadcrumbList\",\"@id\":\"https:\/\/hoyre.no\/orland\/aktuelt\/hva-mener-orland-hoyre\/#breadcrumb\",\"itemListElement\":[{\"@type\":\"ListItem\",\"position\":1,\"name\":\"Til hoyre.no\",\"item\":\"https:\/\/hoyre.no\"},{\"@type\":\"ListItem\",\"position\":2,\"name\":\"Hjem\",\"item\":\"https:\/\/hoyre.no\/orland\/\"},{\"@type\":\"ListItem\",\"position\":3,\"name\":\"Hva mener \u00d8rland H\u00f8yre?\"}]},{\"@type\":\"WebSite\",\"@id\":\"https:\/\/hoyre.no\/orland\/#website\",\"url\":\"https:\/\/hoyre.no\/orland\/\",\"name\":\"\u00d8rland H\u00f8yre\",\"description\":\"Bare enda et H\u00f8yres nettsteder-nettsted\",\"inLanguage\":\"nb-NO\"},{\"@type\":\"Person\",\"@id\":\"https:\/\/hoyre.no\/orland\/#\/schema\/person\/6f185e7608ca09977d9dba4aa6a12f04\",\"name\":\"Jan Tore Garseg\",\"image\":{\"@type\":\"ImageObject\",\"inLanguage\":\"nb-NO\",\"@id\":\"https:\/\/hoyre.no\/orland\/#\/schema\/person\/image\/\",\"url\":\"https:\/\/secure.gravatar.com\/avatar\/bc99b3177e2a338b275cf37193c5fd4fb183ad70acb60a0884654bb716d4ed6a?s=96&d=mm&r=g\",\"contentUrl\":\"https:\/\/secure.gravatar.com\/avatar\/bc99b3177e2a338b275cf37193c5fd4fb183ad70acb60a0884654bb716d4ed6a?s=96&d=mm&r=g\",\"caption\":\"Jan Tore Garseg\"},\"url\":\"https:\/\/hoyre.no\/orland\/aktuelt\/author\/m52161957\/\"}]}<\/script>\n<!-- \/ Yoast SEO plugin. -->","yoast_head_json":{"title":"Hva mener \u00d8rland H\u00f8yre? - \u00d8rland H\u00f8yre","robots":{"index":"index","follow":"follow","max-snippet":"max-snippet:-1","max-image-preview":"max-image-preview:large","max-video-preview":"max-video-preview:-1"},"canonical":"https:\/\/hoyre.no\/orland\/aktuelt\/hva-mener-orland-hoyre\/","og_locale":"nb_NO","og_type":"article","og_title":"Hva mener \u00d8rland H\u00f8yre? - \u00d8rland H\u00f8yre","og_url":"https:\/\/hoyre.no\/orland\/aktuelt\/hva-mener-orland-hoyre\/","og_site_name":"\u00d8rland H\u00f8yre","article_published_time":"2023-08-10T18:40:00+00:00","article_modified_time":"2023-08-22T20:02:51+00:00","og_image":[{"width":1000,"height":1000,"url":"https:\/\/hoyre.no\/content\/uploads\/sites\/268\/2022\/11\/Hoyres-logo.png","type":"image\/png"}],"author":"Jan Tore Garseg","twitter_card":"summary_large_image","twitter_misc":{"Skrevet av":"Jan Tore Garseg","Ansl. lesetid":"3 minutter"},"schema":{"@context":"https:\/\/schema.org","@graph":[{"@type":"NewsArticle","@id":"https:\/\/hoyre.no\/orland\/aktuelt\/hva-mener-orland-hoyre\/","url":"https:\/\/hoyre.no\/orland\/aktuelt\/hva-mener-orland-hoyre\/","name":"Hva mener \u00d8rland H\u00f8yre? - \u00d8rland H\u00f8yre","isPartOf":{"@id":"https:\/\/hoyre.no\/orland\/#website"},"datePublished":"2023-08-10T18:40:00+00:00","dateModified":"2023-08-22T20:02:51+00:00","author":{"@id":"https:\/\/hoyre.no\/orland\/#\/schema\/person\/6f185e7608ca09977d9dba4aa6a12f04"},"breadcrumb":{"@id":"https:\/\/hoyre.no\/orland\/aktuelt\/hva-mener-orland-hoyre\/#breadcrumb"},"inLanguage":"nb-NO","potentialAction":[{"@type":"ReadAction","target":["https:\/\/hoyre.no\/orland\/aktuelt\/hva-mener-orland-hoyre\/"]}]},{"@type":"BreadcrumbList","@id":"https:\/\/hoyre.no\/orland\/aktuelt\/hva-mener-orland-hoyre\/#breadcrumb","itemListElement":[{"@type":"ListItem","position":1,"name":"Til hoyre.no","item":"https:\/\/hoyre.no"},{"@type":"ListItem","position":2,"name":"Hjem","item":"https:\/\/hoyre.no\/orland\/"},{"@type":"ListItem","position":3,"name":"Hva mener \u00d8rland H\u00f8yre?"}]},{"@type":"WebSite","@id":"https:\/\/hoyre.no\/orland\/#website","url":"https:\/\/hoyre.no\/orland\/","name":"\u00d8rland H\u00f8yre","description":"Bare enda et H\u00f8yres nettsteder-nettsted","inLanguage":"nb-NO"},{"@type":"Person","@id":"https:\/\/hoyre.no\/orland\/#\/schema\/person\/6f185e7608ca09977d9dba4aa6a12f04","name":"Jan Tore Garseg","image":{"@type":"ImageObject","inLanguage":"nb-NO","@id":"https:\/\/hoyre.no\/orland\/#\/schema\/person\/image\/","url":"https:\/\/secure.gravatar.com\/avatar\/bc99b3177e2a338b275cf37193c5fd4fb183ad70acb60a0884654bb716d4ed6a?s=96&d=mm&r=g","contentUrl":"https:\/\/secure.gravatar.com\/avatar\/bc99b3177e2a338b275cf37193c5fd4fb183ad70acb60a0884654bb716d4ed6a?s=96&d=mm&r=g","caption":"Jan Tore Garseg"},"url":"https:\/\/hoyre.no\/orland\/aktuelt\/author\/m52161957\/"}]}},"distributor_meta":false,"distributor_terms":false,"distributor_media":false,"distributor_original_site_name":"\u00d8rland H\u00f8yre","distributor_original_site_url":"https:\/\/hoyre.no\/orland","push-errors":false,"_links":{"self":[{"href":"https:\/\/hoyre.no\/orland\/wp-json\/wp\/v2\/posts\/199","targetHints":{"allow":["GET"]}}],"collection":[{"href":"https:\/\/hoyre.no\/orland\/wp-json\/wp\/v2\/posts"}],"about":[{"href":"https:\/\/hoyre.no\/orland\/wp-json\/wp\/v2\/types\/post"}],"author":[{"embeddable":true,"href":"https:\/\/hoyre.no\/orland\/wp-json\/wp\/v2\/users\/36157"}],"replies":[{"embeddable":true,"href":"https:\/\/hoyre.no\/orland\/wp-json\/wp\/v2\/comments?post=199"}],"version-history":[{"count":10,"href":"https:\/\/hoyre.no\/orland\/wp-json\/wp\/v2\/posts\/199\/revisions"}],"predecessor-version":[{"id":228,"href":"https:\/\/hoyre.no\/orland\/wp-json\/wp\/v2\/posts\/199\/revisions\/228"}],"wp:attachment":[{"href":"https:\/\/hoyre.no\/orland\/wp-json\/wp\/v2\/media?parent=199"}],"wp:term":[{"taxonomy":"category","embeddable":true,"href":"https:\/\/hoyre.no\/orland\/wp-json\/wp\/v2\/category?post=199"},{"taxonomy":"post_tag","embeddable":true,"href":"https:\/\/hoyre.no\/orland\/wp-json\/wp\/v2\/post_tag?post=199"},{"taxonomy":"hoyre-visibility","embeddable":true,"href":"https:\/\/hoyre.no\/orland\/wp-json\/wp\/v2\/hoyre-visibility?post=199"},{"taxonomy":"article-type","embeddable":true,"href":"https:\/\/hoyre.no\/orland\/wp-json\/wp\/v2\/article-type?post=199"},{"taxonomy":"politician","embeddable":true,"href":"https:\/\/hoyre.no\/orland\/wp-json\/wp\/v2\/politician?post=199"}],"curies":[{"name":"wp","href":"https:\/\/api.w.org\/{rel}","templated":true}]}}