{"id":27,"date":"2019-02-14T23:00:00","date_gmt":"2019-02-14T22:00:00","guid":{"rendered":"https:\/\/hoyre.no\/orland\/aktuelt\/nominasjonsliste\/"},"modified":"2019-02-14T23:00:00","modified_gmt":"2019-02-14T22:00:00","slug":"nominasjonsliste","status":"publish","type":"post","link":"https:\/\/hoyre.no\/orland\/aktuelt\/nominasjonsliste\/","title":{"rendered":"Nominasjonsliste for \u00d8rland H\u00f8yre til kommunevalget 2019"},"content":{"rendered":"<p class=\"preamble\">Nominasjonskomiteen har best\u00e5tt av:Inger Johanne Vik \u2013 LederOla VollanRandi MartinsenMarit SlettenTrond AmundsveenHans Kristian Norset<\/p>\t\t\t<div class=\"post-meta wp-block teft-byline-wrapper\">\n\t\t\t\t<div class=\"top\">\n\t\t\t\t\t<div class=\"signature\">\n\t\t\t\t\t\t<div class=\"teft-byline\">\n\t\t\t\t\t\t\t\t\t\t\t\t\t\t<div>\n\t\t\t\t\t\t\t\t<h3>H\u00f8yres redaksjon<\/h3>\t\t\t\t\t\t\t\t\n\t\t\t\t\t\t\t\t\t\t\t\t\t\t\t\t\t<span class=\"date\">Sist oppdatert: 14. februar 2019<\/span>\n\t\t\t\t\t\t\t\t\t\t\t\t\t\t\t\t\t\t\t\t\t\t\t\t\t<span class=\"reading-time\" itemprop=\"timeRequired\" content=\"PT1M\"><em>Ca. 1 minutter lesetid<\/em><\/span>\n\t\t\t\t\t\t\t\t\t\t\t\t\t\t\t<\/div>\n\t\t\t\t\t\t<\/div>\n\t\t\t\t\t<\/div>\n\t\t\t\t\t\t<div class=\"sharing\">\n\t\t<a class=\"share-button share-link copy-link\" data-copy=\"https:\/\/hoyre.no\/orland\/aktuelt\/nominasjonsliste\/\" target=\"_blank\"><span class=\"screen-reader-text\">Del link<\/span><\/a>\n\t\t<a class=\"share-button share-twitter\" href=\"http:\/\/twitter.com\/share?text=Nominasjonsliste for \u00d8rland H\u00f8yre til kommunevalget 2019&#038;url=https:\/\/hoyre.no\/orland\/aktuelt\/nominasjonsliste\/&#038;hashtags=Hoyre\" target=\"_blank\"><span class=\"screen-reader-text\">Del p\u00e5 twitter<\/span><\/a>\n\t\t<a class=\"share-button share-facebook\" href=\"https:\/\/www.facebook.com\/sharer\/sharer.php?u=https:\/\/hoyre.no\/orland\/aktuelt\/nominasjonsliste\/\" target=\"_blank\"><span class=\"screen-reader-text\">Del p\u00e5 facebook<\/span><\/a>\n\t<\/div>\n\t\t\t\t\t<\/div>\n\t\t\t<\/div>\n\n\t\t\t<figure class=\"hoyre-image-wrapper\"><div class=\"hoyre-image\"><img loading=\"lazy\" decoding=\"async\" width=\"2560\" height=\"1700\" src=\"https:\/\/hoyre.no\/content\/uploads\/sites\/268\/2020\/11\/kultur-1-scaled.jpg\" class=\"attachment-scaled size-scaled\" alt=\"\" style=\"object-position: 50% 50%\" srcset=\"https:\/\/hoyre.no\/content\/uploads\/sites\/268\/2020\/11\/kultur-1-scaled.jpg 2560w, https:\/\/hoyre.no\/content\/uploads\/sites\/268\/2020\/11\/kultur-1-300x199.jpg 300w, https:\/\/hoyre.no\/content\/uploads\/sites\/268\/2020\/11\/kultur-1-1024x680.jpg 1024w, https:\/\/hoyre.no\/content\/uploads\/sites\/268\/2020\/11\/kultur-1-768x510.jpg 768w, https:\/\/hoyre.no\/content\/uploads\/sites\/268\/2020\/11\/kultur-1-1536x1020.jpg 1536w, https:\/\/hoyre.no\/content\/uploads\/sites\/268\/2020\/11\/kultur-1-2048x1360.jpg 2048w\" sizes=\"auto, (max-width: 2560px) 100vw, 2560px\" \/><\/div><\/figure><div id=\"hoyre-old-article-content-wrapper\"><p>Nominasjonskomiteen har hatt 11 m\u00f8ter fra 6.sept til 15. februar hvor vi har v\u00e6rt s\u00e5 heldige \u00e5 ha mange gode kandidater \u00e5 velge blant. Dessverre fikk vi ikke med alle aktuelle navn da det er maksimalt tillatt med 41 kandidater p\u00e5 lista. Nominasjonskomiteen har valgt \u00e5 sikre god deltakelse fra begge kommuner ved \u00e5 fylle halvparten av lista fra hver av kommunene (Bjugn og \u00d8rland).<\/p><p>Videre har nominasjonskomiteen valgt \u00e5 kumulere de 6 \u00f8verste navnene, ogs\u00e5 her med 3 fra hver kommune, og disse 6 er nok sikret plass i det nye kommunestyret.<\/p><p>Det betyr at alle fra plass 7 til 41 har lik mulighet til \u00e5 komme inn i det nye kommunestyret  da det er personstemmer p\u00e5 den enkelte som vil avgj\u00f8re dette p\u00e5 valgdagen.<\/p><p>Det har v\u00e6rt et meget godt samarbeid i nominasjonskomiteen, og det er en enstemmig komite som legger frem denne lista som forslag til nominasjonsm\u00f8te 28.februar.<\/p><p>Her er komiteens forslag til nominasjonsm\u00f8te 28.februar: <\/p><ol><li><strong>Tom Myrvold (KUM)<\/strong><\/li><li><strong>Hilde Kristin Sandvik (KUM)<\/strong><\/li><li><strong>Einar Aaland (KUM)<\/strong><\/li><li><strong>Anne Bj\u00f8rnerud (KUM)<\/strong><\/li><li><strong>John Olav Stranden (KUM)<\/strong><\/li><li><strong>Bj\u00f8rnar Nesholen (KUM)<\/strong><\/li><li>Aud Leikvang<\/li><li>Erika Lyngen<\/li><li>Ketil Halvor Sundseth<\/li><li>Thor Bretting<\/li><li>Tore Melhuus<\/li><li>Lars Arne Raanes<\/li><li>Randi Martinsen<\/li><li>Nina Finseth<\/li><li>Wenche Str\u00f8m Vollan<\/li><li>Knut Sigurd Lj\u00f8kels\u00f8y<\/li><li>Martin Gr\u00f8ntvedt<\/li><li>Trond Amundsveen<\/li><li>Eva Standahl<\/li><li>Ole Martin H\u00e5g\u00e5rd<\/li><li>Arne Brandvik<\/li><li>Ida Margrethe Nordtvedt Hafstad<\/li><li>Inger Johanne Vik<\/li><li>John Olav R\u00f8dsj\u00f8<\/li><li>Nils Magne Angelvik<\/li><li>Kari Aune<\/li><li>Lise Olden<\/li><li>Audun Blix<\/li><li>Eirik Lundemo<\/li><li>Frida Eide<\/li><li>Rune Skog\u00f8<\/li><li>Anna Marie Melhuus<\/li><li>Henna Eidsaune<\/li><li>Ola Vollan<\/li><li>Mona Sj\u00f8li<\/li><li>Lars Braa<\/li><li>Kari Overskaug Brandvik<\/li><li>Mats Hagen<\/li><li>Sonja Christiansen<\/li><li>Marit Sletten<\/li><\/ol><p><br \/><\/p><\/div>\n<div class=\"tags\">\n\t<\/div>\n<div class=\"post-footer alignfull has-background block-editor-block-list__block\" data-align=full>\n\t<div class=\"post-footer-inner\">\n\t\t<h3>Relaterte artikler<\/h3>\n\t\t<div class=\"related-content\"><div class=\"is-card-hoyre\">\n\t<div class=\"teft-card hoyre-teft-card post-teft-card\">\n\t\t<a href=\"https:\/\/hoyre.no\/orland\/aktuelt\/hva-mener-orland-hoyre\/\" class=\"teft-card__primary-action\">\n\n\t\t\t\t\t<div class=\"teft-card__media teft-card__media--16-9\">\n\t\t\t\t\t\t<img loading=\"lazy\" decoding=\"async\" width=\"768\" height=\"768\" src=\"https:\/\/hoyre.no\/content\/uploads\/sites\/268\/2022\/11\/Hoyres-logo-768x768.png\" class=\"attachment-medium_large size-medium_large\" alt=\"\" srcset=\"https:\/\/hoyre.no\/content\/uploads\/sites\/268\/2022\/11\/Hoyres-logo-768x768.png 768w, https:\/\/hoyre.no\/content\/uploads\/sites\/268\/2022\/11\/Hoyres-logo-300x300.png 300w, https:\/\/hoyre.no\/content\/uploads\/sites\/268\/2022\/11\/Hoyres-logo-150x150.png 150w, https:\/\/hoyre.no\/content\/uploads\/sites\/268\/2022\/11\/Hoyres-logo.png 1000w\" sizes=\"auto, (max-width: 768px) 100vw, 768px\" \/>\t\t<\/div>\n\t\t\n\t\t\t<div class=\"teft-card__content-wrapper\">\n\t\t\t\t<div class=\"teft-card__secondary\">\n\t\t\t\t\t\n\t\t\t\t\t\t\t\t<div class=\"teft-card__meta\">\n\t\t\t\t\t\t\t\t\t<span class=\"post-date\">10. aug 2023<\/span>\n\n\t\t\t\t\t\t\t\t\t\t\t\t\t\t\t\t\t<\/div>\n\t\t\t\t\t\t\t\t\t\t\t<\/div>\n\n\t\t\t\t<div class=\"teft-card__primary\">\n\t\t\t\t\t<h2 class=\"teft-card__title\">Hva mener \u00d8rland H\u00f8yre?&nbsp;<span class=\"teft-card__primary-title-append\"><\/span><\/h2>\t\t\t\t<\/div>\n\t\t\t<\/div>\n\t\t<\/a>\n\t<\/div>\n\n\t<\/div><div class=\"is-card-hoyre\">\n\t<div class=\"teft-card hoyre-teft-card post-teft-card\">\n\t\t<a href=\"https:\/\/hoyre.no\/orland\/aktuelt\/bli-bedre-kjent-med-listekandidatene\/\" class=\"teft-card__primary-action\">\n\n\t\t\t\t\t<div class=\"teft-card__media teft-card__media--16-9\">\n\t\t\t\t\t\t<img loading=\"lazy\" decoding=\"async\" width=\"768\" height=\"512\" src=\"https:\/\/hoyre.no\/content\/uploads\/sites\/268\/2023\/08\/Gruppe_folder_050523-768x512.jpg\" class=\"attachment-medium_large size-medium_large\" alt=\"\" srcset=\"https:\/\/hoyre.no\/content\/uploads\/sites\/268\/2023\/08\/Gruppe_folder_050523-768x512.jpg 768w, https:\/\/hoyre.no\/content\/uploads\/sites\/268\/2023\/08\/Gruppe_folder_050523-300x200.jpg 300w, https:\/\/hoyre.no\/content\/uploads\/sites\/268\/2023\/08\/Gruppe_folder_050523-1024x682.jpg 1024w, https:\/\/hoyre.no\/content\/uploads\/sites\/268\/2023\/08\/Gruppe_folder_050523-1536x1023.jpg 1536w, https:\/\/hoyre.no\/content\/uploads\/sites\/268\/2023\/08\/Gruppe_folder_050523.jpg 1890w\" sizes=\"auto, (max-width: 768px) 100vw, 768px\" \/>\t\t<\/div>\n\t\t\n\t\t\t<div class=\"teft-card__content-wrapper\">\n\t\t\t\t<div class=\"teft-card__secondary\">\n\t\t\t\t\t\n\t\t\t\t\t\t\t\t<div class=\"teft-card__meta\">\n\t\t\t\t\t\t\t\t\t<span class=\"post-date\">7. aug 2023<\/span>\n\n\t\t\t\t\t\t\t\t\t\t\t\t\t\t\t\t\t<\/div>\n\t\t\t\t\t\t\t\t\t\t\t<\/div>\n\n\t\t\t\t<div class=\"teft-card__primary\">\n\t\t\t\t\t<h2 class=\"teft-card__title\">Bli bedre kjent med listekandidatene&nbsp;<span class=\"teft-card__primary-title-append\"><\/span><\/h2>\t\t\t\t<\/div>\n\t\t\t<\/div>\n\t\t<\/a>\n\t<\/div>\n\n\t<\/div><div class=\"is-card-hoyre\">\n\t<div class=\"teft-card hoyre-teft-card post-teft-card\">\n\t\t<a href=\"https:\/\/hoyre.no\/orland\/aktuelt\/hvorfor-stemme-hoyre\/\" class=\"teft-card__primary-action\">\n\n\t\t\t\t\t<div class=\"teft-card__media teft-card__media--16-9\">\n\t\t\t\t\t\t<img loading=\"lazy\" decoding=\"async\" width=\"768\" height=\"512\" src=\"https:\/\/hoyre.no\/content\/uploads\/sites\/268\/2023\/02\/Mona-og-Erna-768x512.jpg\" class=\"attachment-medium_large size-medium_large\" alt=\"\" srcset=\"https:\/\/hoyre.no\/content\/uploads\/sites\/268\/2023\/02\/Mona-og-Erna-768x512.jpg 768w, https:\/\/hoyre.no\/content\/uploads\/sites\/268\/2023\/02\/Mona-og-Erna-300x200.jpg 300w, https:\/\/hoyre.no\/content\/uploads\/sites\/268\/2023\/02\/Mona-og-Erna-1024x682.jpg 1024w, https:\/\/hoyre.no\/content\/uploads\/sites\/268\/2023\/02\/Mona-og-Erna.jpg 1250w\" sizes=\"auto, (max-width: 768px) 100vw, 768px\" \/>\t\t<\/div>\n\t\t\n\t\t\t<div class=\"teft-card__content-wrapper\">\n\t\t\t\t<div class=\"teft-card__secondary\">\n\t\t\t\t\t\n\t\t\t\t\t\t\t\t<div class=\"teft-card__meta\">\n\t\t\t\t\t\t\t\t\t<span class=\"post-date\">2. mai 2023<\/span>\n\n\t\t\t\t\t\t\t\t\t\t\t\t\t\t\t\t\t<\/div>\n\t\t\t\t\t\t\t\t\t\t\t<\/div>\n\n\t\t\t\t<div class=\"teft-card__primary\">\n\t\t\t\t\t<h2 class=\"teft-card__title\">Hvorfor stemme \u00d8rland H\u00f8yre?&nbsp;<span class=\"teft-card__primary-title-append\"><\/span><\/h2>\t\t\t\t<\/div>\n\t\t\t<\/div>\n\t\t<\/a>\n\t<\/div>\n\n\t<\/div><\/div>\t<\/div>\n<\/div>\n","protected":false},"excerpt":{"rendered":"","protected":false},"author":0,"featured_media":0,"comment_status":"open","ping_status":"open","sticky":false,"template":"","format":"standard","meta":{"teft_cards_image_url":"https:\/\/hoyre.no\/content\/uploads\/sites\/268\/2020\/11\/kultur-1-scaled.jpg","teft_cards_custom_pretitle":"","teft_cards_image_id":26,"teft_cards_image_focal_point_x":0,"teft_cards_image_focal_point_y":0,"teft_cards_title":"","teft_cards_excerpt":"","teft_show_chapters":false,"author_display_name":"\u00d8rland H\u00f8yre","footnotes":""},"category":[1],"post_tag":[],"hoyre-visibility":[],"article-type":[],"politician":[],"class_list":["post-27","post","type-post","status-publish","format-standard","hentry","category-ukategorisert"],"yoast_head":"<!-- This site is optimized with the Yoast SEO plugin v26.6 - https:\/\/yoast.com\/wordpress\/plugins\/seo\/ -->\n<title>Nominasjonsliste for \u00d8rland H\u00f8yre til kommunevalget 2019 - \u00d8rland H\u00f8yre<\/title>\n<meta name=\"robots\" content=\"index, follow, max-snippet:-1, max-image-preview:large, max-video-preview:-1\" \/>\n<link rel=\"canonical\" href=\"https:\/\/hoyre.no\/orland\/aktuelt\/nominasjonsliste\/\" \/>\n<meta property=\"og:locale\" content=\"nb_NO\" \/>\n<meta property=\"og:type\" content=\"article\" \/>\n<meta property=\"og:title\" content=\"Nominasjonsliste for \u00d8rland H\u00f8yre til kommunevalget 2019 - \u00d8rland H\u00f8yre\" \/>\n<meta property=\"og:url\" content=\"https:\/\/hoyre.no\/orland\/aktuelt\/nominasjonsliste\/\" \/>\n<meta property=\"og:site_name\" content=\"\u00d8rland H\u00f8yre\" \/>\n<meta property=\"article:published_time\" content=\"2019-02-14T22:00:00+00:00\" \/>\n<meta property=\"og:image\" content=\"https:\/\/hoyre.no\/content\/uploads\/sites\/268\/2023\/02\/Mona-og-Erna-1024x682.jpg\" \/>\n<meta name=\"twitter:card\" content=\"summary_large_image\" \/>\n<meta name=\"twitter:label1\" content=\"Ansl. lesetid\" \/>\n\t<meta name=\"twitter:data1\" content=\"1 minutt\" \/>\n<script type=\"application\/ld+json\" class=\"yoast-schema-graph\">{\"@context\":\"https:\/\/schema.org\",\"@graph\":[{\"@type\":\"NewsArticle\",\"@id\":\"https:\/\/hoyre.no\/orland\/aktuelt\/nominasjonsliste\/\",\"url\":\"https:\/\/hoyre.no\/orland\/aktuelt\/nominasjonsliste\/\",\"name\":\"Nominasjonsliste for \u00d8rland H\u00f8yre til kommunevalget 2019 - \u00d8rland H\u00f8yre\",\"isPartOf\":{\"@id\":\"https:\/\/hoyre.no\/orland\/#website\"},\"datePublished\":\"2019-02-14T22:00:00+00:00\",\"author\":{\"@id\":\"\"},\"breadcrumb\":{\"@id\":\"https:\/\/hoyre.no\/orland\/aktuelt\/nominasjonsliste\/#breadcrumb\"},\"inLanguage\":\"nb-NO\",\"potentialAction\":[{\"@type\":\"ReadAction\",\"target\":[\"https:\/\/hoyre.no\/orland\/aktuelt\/nominasjonsliste\/\"]}]},{\"@type\":\"BreadcrumbList\",\"@id\":\"https:\/\/hoyre.no\/orland\/aktuelt\/nominasjonsliste\/#breadcrumb\",\"itemListElement\":[{\"@type\":\"ListItem\",\"position\":1,\"name\":\"Til hoyre.no\",\"item\":\"https:\/\/hoyre.no\"},{\"@type\":\"ListItem\",\"position\":2,\"name\":\"Hjem\",\"item\":\"https:\/\/hoyre.no\/orland\/\"},{\"@type\":\"ListItem\",\"position\":3,\"name\":\"Nominasjonsliste for \u00d8rland H\u00f8yre til kommunevalget 2019\"}]},{\"@type\":\"WebSite\",\"@id\":\"https:\/\/hoyre.no\/orland\/#website\",\"url\":\"https:\/\/hoyre.no\/orland\/\",\"name\":\"\u00d8rland H\u00f8yre\",\"description\":\"Bare enda et H\u00f8yres nettsteder-nettsted\",\"inLanguage\":\"nb-NO\"}]}<\/script>\n<!-- \/ Yoast SEO plugin. -->","yoast_head_json":{"title":"Nominasjonsliste for \u00d8rland H\u00f8yre til kommunevalget 2019 - \u00d8rland H\u00f8yre","robots":{"index":"index","follow":"follow","max-snippet":"max-snippet:-1","max-image-preview":"max-image-preview:large","max-video-preview":"max-video-preview:-1"},"canonical":"https:\/\/hoyre.no\/orland\/aktuelt\/nominasjonsliste\/","og_locale":"nb_NO","og_type":"article","og_title":"Nominasjonsliste for \u00d8rland H\u00f8yre til kommunevalget 2019 - \u00d8rland H\u00f8yre","og_url":"https:\/\/hoyre.no\/orland\/aktuelt\/nominasjonsliste\/","og_site_name":"\u00d8rland H\u00f8yre","article_published_time":"2019-02-14T22:00:00+00:00","og_image":[{"url":"https:\/\/hoyre.no\/content\/uploads\/sites\/268\/2023\/02\/Mona-og-Erna-1024x682.jpg","width":"","height":"","type":""}],"twitter_card":"summary_large_image","twitter_misc":{"Ansl. lesetid":"1 minutt"},"schema":{"@context":"https:\/\/schema.org","@graph":[{"@type":"NewsArticle","@id":"https:\/\/hoyre.no\/orland\/aktuelt\/nominasjonsliste\/","url":"https:\/\/hoyre.no\/orland\/aktuelt\/nominasjonsliste\/","name":"Nominasjonsliste for \u00d8rland H\u00f8yre til kommunevalget 2019 - \u00d8rland H\u00f8yre","isPartOf":{"@id":"https:\/\/hoyre.no\/orland\/#website"},"datePublished":"2019-02-14T22:00:00+00:00","author":{"@id":""},"breadcrumb":{"@id":"https:\/\/hoyre.no\/orland\/aktuelt\/nominasjonsliste\/#breadcrumb"},"inLanguage":"nb-NO","potentialAction":[{"@type":"ReadAction","target":["https:\/\/hoyre.no\/orland\/aktuelt\/nominasjonsliste\/"]}]},{"@type":"BreadcrumbList","@id":"https:\/\/hoyre.no\/orland\/aktuelt\/nominasjonsliste\/#breadcrumb","itemListElement":[{"@type":"ListItem","position":1,"name":"Til hoyre.no","item":"https:\/\/hoyre.no"},{"@type":"ListItem","position":2,"name":"Hjem","item":"https:\/\/hoyre.no\/orland\/"},{"@type":"ListItem","position":3,"name":"Nominasjonsliste for \u00d8rland H\u00f8yre til kommunevalget 2019"}]},{"@type":"WebSite","@id":"https:\/\/hoyre.no\/orland\/#website","url":"https:\/\/hoyre.no\/orland\/","name":"\u00d8rland H\u00f8yre","description":"Bare enda et H\u00f8yres nettsteder-nettsted","inLanguage":"nb-NO"}]}},"distributor_meta":false,"distributor_terms":false,"distributor_media":false,"distributor_original_site_name":"\u00d8rland H\u00f8yre","distributor_original_site_url":"https:\/\/hoyre.no\/orland","push-errors":false,"_links":{"self":[{"href":"https:\/\/hoyre.no\/orland\/wp-json\/wp\/v2\/posts\/27","targetHints":{"allow":["GET"]}}],"collection":[{"href":"https:\/\/hoyre.no\/orland\/wp-json\/wp\/v2\/posts"}],"about":[{"href":"https:\/\/hoyre.no\/orland\/wp-json\/wp\/v2\/types\/post"}],"replies":[{"embeddable":true,"href":"https:\/\/hoyre.no\/orland\/wp-json\/wp\/v2\/comments?post=27"}],"version-history":[{"count":0,"href":"https:\/\/hoyre.no\/orland\/wp-json\/wp\/v2\/posts\/27\/revisions"}],"wp:attachment":[{"href":"https:\/\/hoyre.no\/orland\/wp-json\/wp\/v2\/media?parent=27"}],"wp:term":[{"taxonomy":"category","embeddable":true,"href":"https:\/\/hoyre.no\/orland\/wp-json\/wp\/v2\/category?post=27"},{"taxonomy":"post_tag","embeddable":true,"href":"https:\/\/hoyre.no\/orland\/wp-json\/wp\/v2\/post_tag?post=27"},{"taxonomy":"hoyre-visibility","embeddable":true,"href":"https:\/\/hoyre.no\/orland\/wp-json\/wp\/v2\/hoyre-visibility?post=27"},{"taxonomy":"article-type","embeddable":true,"href":"https:\/\/hoyre.no\/orland\/wp-json\/wp\/v2\/article-type?post=27"},{"taxonomy":"politician","embeddable":true,"href":"https:\/\/hoyre.no\/orland\/wp-json\/wp\/v2\/politician?post=27"}],"curies":[{"name":"wp","href":"https:\/\/api.w.org\/{rel}","templated":true}]}}