{"id":35,"date":"2019-02-26T23:00:00","date_gmt":"2019-02-26T22:00:00","guid":{"rendered":"https:\/\/hoyre.no\/orland\/aktuelt\/vil_sikre_tilbudet_ved_orland_lufthavn\/"},"modified":"2019-02-26T23:00:00","modified_gmt":"2019-02-26T22:00:00","slug":"vil_sikre_tilbudet_ved_orland_lufthavn","status":"publish","type":"post","link":"https:\/\/hoyre.no\/orland\/aktuelt\/vil_sikre_tilbudet_ved_orland_lufthavn\/","title":{"rendered":"Vil sikre tilbudet ved \u00d8rland lufthavn"},"content":{"rendered":"<p class=\"preamble\">P\u00e5l S\u00e6ther Eiden, gruppeleder for Tr\u00f8ndelag H\u00f8yre, fremmer i fylkestinget en interpellasjon om videre utvikling av \u00d8rland lufthavn.<\/p>\t\t\t<div class=\"post-meta wp-block teft-byline-wrapper\">\n\t\t\t\t<div class=\"top\">\n\t\t\t\t\t<div class=\"signature\">\n\t\t\t\t\t\t<div class=\"teft-byline\">\n\t\t\t\t\t\t\t\t\t\t\t\t\t\t<div>\n\t\t\t\t\t\t\t\t<h3>H\u00f8yres redaksjon<\/h3>\t\t\t\t\t\t\t\t\n\t\t\t\t\t\t\t\t\t\t\t\t\t\t\t\t\t<span class=\"date\">Sist oppdatert: 26. februar 2019<\/span>\n\t\t\t\t\t\t\t\t\t\t\t\t\t\t\t\t\t\t\t\t\t\t\t\t\t<span class=\"reading-time\" itemprop=\"timeRequired\" content=\"PT3M\"><em>Ca. 3 minutter lesetid<\/em><\/span>\n\t\t\t\t\t\t\t\t\t\t\t\t\t\t\t<\/div>\n\t\t\t\t\t\t<\/div>\n\t\t\t\t\t<\/div>\n\t\t\t\t\t\t<div class=\"sharing\">\n\t\t<a class=\"share-button share-link copy-link\" data-copy=\"https:\/\/hoyre.no\/orland\/aktuelt\/vil_sikre_tilbudet_ved_orland_lufthavn\/\" target=\"_blank\"><span class=\"screen-reader-text\">Del link<\/span><\/a>\n\t\t<a class=\"share-button share-twitter\" href=\"http:\/\/twitter.com\/share?text=Vil sikre tilbudet ved \u00d8rland lufthavn&#038;url=https:\/\/hoyre.no\/orland\/aktuelt\/vil_sikre_tilbudet_ved_orland_lufthavn\/&#038;hashtags=Hoyre\" target=\"_blank\"><span class=\"screen-reader-text\">Del p\u00e5 twitter<\/span><\/a>\n\t\t<a class=\"share-button share-facebook\" href=\"https:\/\/www.facebook.com\/sharer\/sharer.php?u=https:\/\/hoyre.no\/orland\/aktuelt\/vil_sikre_tilbudet_ved_orland_lufthavn\/\" target=\"_blank\"><span class=\"screen-reader-text\">Del p\u00e5 facebook<\/span><\/a>\n\t<\/div>\n\t\t\t\t\t<\/div>\n\t\t\t<\/div>\n\n\t\t\t<figure class=\"hoyre-image-wrapper\"><div class=\"hoyre-image\"><img loading=\"lazy\" decoding=\"async\" width=\"3208\" height=\"2138\" src=\"https:\/\/hoyre.no\/content\/uploads\/sites\/268\/2020\/11\/pal_sather_eiden_og.png\" class=\"attachment-scaled size-scaled\" alt=\"\" style=\"object-position: 50% 50%\" srcset=\"https:\/\/hoyre.no\/content\/uploads\/sites\/268\/2020\/11\/pal_sather_eiden_og.png 3208w, https:\/\/hoyre.no\/content\/uploads\/sites\/268\/2020\/11\/pal_sather_eiden_og-300x200.png 300w, https:\/\/hoyre.no\/content\/uploads\/sites\/268\/2020\/11\/pal_sather_eiden_og-1024x682.png 1024w, https:\/\/hoyre.no\/content\/uploads\/sites\/268\/2020\/11\/pal_sather_eiden_og-768x512.png 768w, https:\/\/hoyre.no\/content\/uploads\/sites\/268\/2020\/11\/pal_sather_eiden_og-1536x1024.png 1536w, https:\/\/hoyre.no\/content\/uploads\/sites\/268\/2020\/11\/pal_sather_eiden_og-2048x1365.png 2048w\" sizes=\"auto, (max-width: 3208px) 100vw, 3208px\" \/><\/div><\/figure><div id=\"hoyre-old-article-content-wrapper\"><div>Flyruten mellom \u00d8rland lufthavn og Oslo lufthavn for tredje gang p\u00e5 rad ikke er inkludert i anbudskonkurransen om statlig subsidierte flyruter i S\u00f8r-Norge (FOT-rutene), noe b\u00e5de Eiden og Tom Myrvold, ordf\u00f8rer i \u00d8rland kommune (H), reagerer p\u00e5. \u2013 Jeg h\u00e5per derfor denne interpellasjonen kan bidra til at flyplassen p\u00e5 \u00d8rland kan f\u00e5 stadfestet sin viktige funksjon for regionens n\u00e6ringsliv, innbyggere og for Forsvaret, sier Eiden.<\/div><div><br \/><\/div><div>\u2013 Flyplassen i \u00d8rland har en regional funksjon p\u00e5 linje med de flyplassene i Tr\u00f8ndelag som er innlemmet i slike anbud i dag. Trafikktall viser dette tydelig. N\u00e5r kampflybasen p\u00e5 \u00d8rland er fullt utbygd og operativ er det grunn til \u00e5 tro at trafikkgrunnlaget fra \u00d8rland vil \u00f8ke betydelig. B\u00e5de Luftforsvaret og Forsvarsbygg p\u00e5peker hvor viktig ruta er for framtidig drift av \u00d8rland flystasjon. At staten b\u00f8r sikre tilfredsstillende finansiering av et rutetilbud mellom \u00d8rland og Oslo, er derfor av stor interesse for Tr\u00f8ndelag. Dette ikke minst med tanke p\u00e5 framtidig utvikling av FOT-rutene og fylkeskommunens \u00f8kte ansvar p\u00e5 omr\u00e5det, sier P\u00e5l S\u00e6ther Eiden.<\/div><div><br \/><\/div><div>S\u00e6ther Eiden ber i sin interpellasjon om at Tr\u00f8ndelag fylkeskommune jobber for at \u00d8rland lufthavn blir innlemmet i anbudsgrunnlaget for FOT-ruter anbud s\u00f8r (\u00abForpliktelse til offentlig tjenesteyting\u00bb). For Tr\u00f8ndelag fylkeskommune er det helt avgj\u00f8rende \u00e5 sikre tilfredsstillende finansiering for \u00e5 f\u00e5 mulighet til \u00e5 innlemme flyplassen p\u00e5 lik linje med de \u00f8vrige regionale flyplassene i fylket n\u00e5r FOT-rutene blir et fylkeskommunalt ansvar.<\/div><div><br \/><\/div><div>\u2013 Jeg bor p\u00e5 R\u00f8rvik og vet godt hvor viktig flyplassen er for utvikling av regionen. Jeg h\u00e5per dette kan bidra til at flyplassen p\u00e5 \u00d8rland kan f\u00e5 stadfestet sin viktige funksjon. N\u00e5r fylkeskommunen f\u00e5r ansvaret for de mindre flyplassene i fylket vil H\u00f8yre arbeide aktivt for \u00e5 f\u00e5 innlemmet \u00d8rland lufthavn i v\u00e5rt ansvarsfelt, sier Eiden.<\/div><div><br \/><\/div><div>Tom Myrvold, ordf\u00f8rer i \u00d8rland kommune (H), er glad for initiativet fra Eiden. \u2013 Det er skuffende at Samferdselsdepartementet velger \u00e5 ikke inkludere \u00d8rland\u2013Oslo i anbudet om drift av regionale flyruter i S\u00f8r-Norge. Det oppleves at lokalt og regionalt n\u00e6ringsliv og v\u00e5re innbyggere blir nedprioritert sammenlignet med andre fylker. Det blir konkurransevridende i seg selv og ikke en situasjon som er akseptabel. V\u00e5re analyser, ved \u00e5 bruke Transport\u00f8konomisk Institutts egne modeller, viser at flyruta \u00d8rland\u2013Oslo har et st\u00f8rre dokumentert behov enn rutene som allerede er inne i ordningen, m\u00e5lt etter samme objektive kriterier som ligger til grunn for disse. At staten ikke s\u00f8rger for p\u00e5litelig finansiering av et rutetilbud mellom kampflybasen og Oslo er derfor sv\u00e6rt krevende \u00e5 forst\u00e5. Forutsigbarhet rundt flyruta et viktig for \u00e5 skape flere jobber i regionen og for \u00e5 tiltrekke kompetanse til hovedflystasjonen, og for \u00e5 sikre forutsigbarhet om driften til flyplassen. Passasjertrafikken er fortsatt i vekst og dialogen med flyselskapet AirLeap er god. For at utviklingen ikke skal stoppe opp er det avgj\u00f8rende \u00e5 skape stabile rammeforutsetninger for et stadig viktigere flytilbud, sier Myrvold.<\/div><div><br \/><\/div><div><em>Interpellasjonen ble enstemmig vedtatt<\/em><\/div><\/div>\n<div class=\"tags\">\n\t<\/div>\n<div class=\"post-footer alignfull has-background block-editor-block-list__block\" data-align=full>\n\t<div class=\"post-footer-inner\">\n\t\t<h3>Relaterte artikler<\/h3>\n\t\t<div class=\"related-content\"><div class=\"is-card-hoyre\">\n\t<div class=\"teft-card hoyre-teft-card post-teft-card\">\n\t\t<a href=\"https:\/\/hoyre.no\/orland\/aktuelt\/hva-mener-orland-hoyre\/\" class=\"teft-card__primary-action\">\n\n\t\t\t\t\t<div class=\"teft-card__media teft-card__media--16-9\">\n\t\t\t\t\t\t<img loading=\"lazy\" decoding=\"async\" width=\"768\" height=\"768\" src=\"https:\/\/hoyre.no\/content\/uploads\/sites\/268\/2022\/11\/Hoyres-logo-768x768.png\" class=\"attachment-medium_large size-medium_large\" alt=\"\" srcset=\"https:\/\/hoyre.no\/content\/uploads\/sites\/268\/2022\/11\/Hoyres-logo-768x768.png 768w, https:\/\/hoyre.no\/content\/uploads\/sites\/268\/2022\/11\/Hoyres-logo-300x300.png 300w, https:\/\/hoyre.no\/content\/uploads\/sites\/268\/2022\/11\/Hoyres-logo-150x150.png 150w, https:\/\/hoyre.no\/content\/uploads\/sites\/268\/2022\/11\/Hoyres-logo.png 1000w\" sizes=\"auto, (max-width: 768px) 100vw, 768px\" \/>\t\t<\/div>\n\t\t\n\t\t\t<div class=\"teft-card__content-wrapper\">\n\t\t\t\t<div class=\"teft-card__secondary\">\n\t\t\t\t\t\n\t\t\t\t\t\t\t\t<div class=\"teft-card__meta\">\n\t\t\t\t\t\t\t\t\t<span class=\"post-date\">10. aug 2023<\/span>\n\n\t\t\t\t\t\t\t\t\t\t\t\t\t\t\t\t\t<\/div>\n\t\t\t\t\t\t\t\t\t\t\t<\/div>\n\n\t\t\t\t<div class=\"teft-card__primary\">\n\t\t\t\t\t<h2 class=\"teft-card__title\">Hva mener \u00d8rland H\u00f8yre?&nbsp;<span class=\"teft-card__primary-title-append\"><\/span><\/h2>\t\t\t\t<\/div>\n\t\t\t<\/div>\n\t\t<\/a>\n\t<\/div>\n\n\t<\/div><div class=\"is-card-hoyre\">\n\t<div class=\"teft-card hoyre-teft-card post-teft-card\">\n\t\t<a href=\"https:\/\/hoyre.no\/orland\/aktuelt\/bli-bedre-kjent-med-listekandidatene\/\" class=\"teft-card__primary-action\">\n\n\t\t\t\t\t<div class=\"teft-card__media teft-card__media--16-9\">\n\t\t\t\t\t\t<img loading=\"lazy\" decoding=\"async\" width=\"768\" height=\"512\" src=\"https:\/\/hoyre.no\/content\/uploads\/sites\/268\/2023\/08\/Gruppe_folder_050523-768x512.jpg\" class=\"attachment-medium_large size-medium_large\" alt=\"\" srcset=\"https:\/\/hoyre.no\/content\/uploads\/sites\/268\/2023\/08\/Gruppe_folder_050523-768x512.jpg 768w, https:\/\/hoyre.no\/content\/uploads\/sites\/268\/2023\/08\/Gruppe_folder_050523-300x200.jpg 300w, https:\/\/hoyre.no\/content\/uploads\/sites\/268\/2023\/08\/Gruppe_folder_050523-1024x682.jpg 1024w, https:\/\/hoyre.no\/content\/uploads\/sites\/268\/2023\/08\/Gruppe_folder_050523-1536x1023.jpg 1536w, https:\/\/hoyre.no\/content\/uploads\/sites\/268\/2023\/08\/Gruppe_folder_050523.jpg 1890w\" sizes=\"auto, (max-width: 768px) 100vw, 768px\" \/>\t\t<\/div>\n\t\t\n\t\t\t<div class=\"teft-card__content-wrapper\">\n\t\t\t\t<div class=\"teft-card__secondary\">\n\t\t\t\t\t\n\t\t\t\t\t\t\t\t<div class=\"teft-card__meta\">\n\t\t\t\t\t\t\t\t\t<span class=\"post-date\">7. aug 2023<\/span>\n\n\t\t\t\t\t\t\t\t\t\t\t\t\t\t\t\t\t<\/div>\n\t\t\t\t\t\t\t\t\t\t\t<\/div>\n\n\t\t\t\t<div class=\"teft-card__primary\">\n\t\t\t\t\t<h2 class=\"teft-card__title\">Bli bedre kjent med listekandidatene&nbsp;<span class=\"teft-card__primary-title-append\"><\/span><\/h2>\t\t\t\t<\/div>\n\t\t\t<\/div>\n\t\t<\/a>\n\t<\/div>\n\n\t<\/div><div class=\"is-card-hoyre\">\n\t<div class=\"teft-card hoyre-teft-card post-teft-card\">\n\t\t<a href=\"https:\/\/hoyre.no\/orland\/aktuelt\/hvorfor-stemme-hoyre\/\" class=\"teft-card__primary-action\">\n\n\t\t\t\t\t<div class=\"teft-card__media teft-card__media--16-9\">\n\t\t\t\t\t\t<img loading=\"lazy\" decoding=\"async\" width=\"768\" height=\"512\" src=\"https:\/\/hoyre.no\/content\/uploads\/sites\/268\/2023\/02\/Mona-og-Erna-768x512.jpg\" class=\"attachment-medium_large size-medium_large\" alt=\"\" srcset=\"https:\/\/hoyre.no\/content\/uploads\/sites\/268\/2023\/02\/Mona-og-Erna-768x512.jpg 768w, https:\/\/hoyre.no\/content\/uploads\/sites\/268\/2023\/02\/Mona-og-Erna-300x200.jpg 300w, https:\/\/hoyre.no\/content\/uploads\/sites\/268\/2023\/02\/Mona-og-Erna-1024x682.jpg 1024w, https:\/\/hoyre.no\/content\/uploads\/sites\/268\/2023\/02\/Mona-og-Erna.jpg 1250w\" sizes=\"auto, (max-width: 768px) 100vw, 768px\" \/>\t\t<\/div>\n\t\t\n\t\t\t<div class=\"teft-card__content-wrapper\">\n\t\t\t\t<div class=\"teft-card__secondary\">\n\t\t\t\t\t\n\t\t\t\t\t\t\t\t<div class=\"teft-card__meta\">\n\t\t\t\t\t\t\t\t\t<span class=\"post-date\">2. mai 2023<\/span>\n\n\t\t\t\t\t\t\t\t\t\t\t\t\t\t\t\t\t<\/div>\n\t\t\t\t\t\t\t\t\t\t\t<\/div>\n\n\t\t\t\t<div class=\"teft-card__primary\">\n\t\t\t\t\t<h2 class=\"teft-card__title\">Hvorfor stemme \u00d8rland H\u00f8yre?&nbsp;<span class=\"teft-card__primary-title-append\"><\/span><\/h2>\t\t\t\t<\/div>\n\t\t\t<\/div>\n\t\t<\/a>\n\t<\/div>\n\n\t<\/div><\/div>\t<\/div>\n<\/div>\n","protected":false},"excerpt":{"rendered":"","protected":false},"author":0,"featured_media":0,"comment_status":"open","ping_status":"open","sticky":false,"template":"","format":"standard","meta":{"teft_cards_image_url":"https:\/\/hoyre.no\/content\/uploads\/sites\/268\/2020\/11\/pal_sather_eiden_og.png","teft_cards_custom_pretitle":"","teft_cards_image_id":34,"teft_cards_image_focal_point_x":0,"teft_cards_image_focal_point_y":0,"teft_cards_title":"","teft_cards_excerpt":"","teft_show_chapters":false,"author_display_name":"","footnotes":""},"category":[1],"post_tag":[],"hoyre-visibility":[],"article-type":[],"politician":[],"class_list":["post-35","post","type-post","status-publish","format-standard","hentry","category-ukategorisert"],"yoast_head":"<!-- This site is optimized with the Yoast SEO plugin v26.6 - https:\/\/yoast.com\/wordpress\/plugins\/seo\/ -->\n<title>Vil sikre tilbudet ved \u00d8rland lufthavn - \u00d8rland H\u00f8yre<\/title>\n<meta name=\"robots\" content=\"index, follow, max-snippet:-1, max-image-preview:large, max-video-preview:-1\" \/>\n<link rel=\"canonical\" href=\"https:\/\/hoyre.no\/orland\/aktuelt\/vil_sikre_tilbudet_ved_orland_lufthavn\/\" \/>\n<meta property=\"og:locale\" content=\"nb_NO\" \/>\n<meta property=\"og:type\" content=\"article\" \/>\n<meta property=\"og:title\" content=\"Vil sikre tilbudet ved \u00d8rland lufthavn - \u00d8rland H\u00f8yre\" \/>\n<meta property=\"og:url\" content=\"https:\/\/hoyre.no\/orland\/aktuelt\/vil_sikre_tilbudet_ved_orland_lufthavn\/\" \/>\n<meta property=\"og:site_name\" content=\"\u00d8rland H\u00f8yre\" \/>\n<meta property=\"article:published_time\" content=\"2019-02-26T22:00:00+00:00\" \/>\n<meta property=\"og:image\" content=\"https:\/\/hoyre.no\/content\/uploads\/sites\/268\/2023\/02\/Mona-og-Erna-1024x682.jpg\" \/>\n<meta name=\"twitter:card\" content=\"summary_large_image\" \/>\n<meta name=\"twitter:label1\" content=\"Ansl. lesetid\" \/>\n\t<meta name=\"twitter:data1\" content=\"3 minutter\" \/>\n<script type=\"application\/ld+json\" class=\"yoast-schema-graph\">{\"@context\":\"https:\/\/schema.org\",\"@graph\":[{\"@type\":\"NewsArticle\",\"@id\":\"https:\/\/hoyre.no\/orland\/aktuelt\/vil_sikre_tilbudet_ved_orland_lufthavn\/\",\"url\":\"https:\/\/hoyre.no\/orland\/aktuelt\/vil_sikre_tilbudet_ved_orland_lufthavn\/\",\"name\":\"Vil sikre tilbudet ved \u00d8rland lufthavn - \u00d8rland H\u00f8yre\",\"isPartOf\":{\"@id\":\"https:\/\/hoyre.no\/orland\/#website\"},\"datePublished\":\"2019-02-26T22:00:00+00:00\",\"author\":{\"@id\":\"\"},\"breadcrumb\":{\"@id\":\"https:\/\/hoyre.no\/orland\/aktuelt\/vil_sikre_tilbudet_ved_orland_lufthavn\/#breadcrumb\"},\"inLanguage\":\"nb-NO\",\"potentialAction\":[{\"@type\":\"ReadAction\",\"target\":[\"https:\/\/hoyre.no\/orland\/aktuelt\/vil_sikre_tilbudet_ved_orland_lufthavn\/\"]}]},{\"@type\":\"BreadcrumbList\",\"@id\":\"https:\/\/hoyre.no\/orland\/aktuelt\/vil_sikre_tilbudet_ved_orland_lufthavn\/#breadcrumb\",\"itemListElement\":[{\"@type\":\"ListItem\",\"position\":1,\"name\":\"Til hoyre.no\",\"item\":\"https:\/\/hoyre.no\"},{\"@type\":\"ListItem\",\"position\":2,\"name\":\"Hjem\",\"item\":\"https:\/\/hoyre.no\/orland\/\"},{\"@type\":\"ListItem\",\"position\":3,\"name\":\"Vil sikre tilbudet ved \u00d8rland lufthavn\"}]},{\"@type\":\"WebSite\",\"@id\":\"https:\/\/hoyre.no\/orland\/#website\",\"url\":\"https:\/\/hoyre.no\/orland\/\",\"name\":\"\u00d8rland H\u00f8yre\",\"description\":\"Bare enda et H\u00f8yres nettsteder-nettsted\",\"inLanguage\":\"nb-NO\"}]}<\/script>\n<!-- \/ Yoast SEO plugin. -->","yoast_head_json":{"title":"Vil sikre tilbudet ved \u00d8rland lufthavn - \u00d8rland H\u00f8yre","robots":{"index":"index","follow":"follow","max-snippet":"max-snippet:-1","max-image-preview":"max-image-preview:large","max-video-preview":"max-video-preview:-1"},"canonical":"https:\/\/hoyre.no\/orland\/aktuelt\/vil_sikre_tilbudet_ved_orland_lufthavn\/","og_locale":"nb_NO","og_type":"article","og_title":"Vil sikre tilbudet ved \u00d8rland lufthavn - \u00d8rland H\u00f8yre","og_url":"https:\/\/hoyre.no\/orland\/aktuelt\/vil_sikre_tilbudet_ved_orland_lufthavn\/","og_site_name":"\u00d8rland H\u00f8yre","article_published_time":"2019-02-26T22:00:00+00:00","og_image":[{"url":"https:\/\/hoyre.no\/content\/uploads\/sites\/268\/2023\/02\/Mona-og-Erna-1024x682.jpg","width":"","height":"","type":""}],"twitter_card":"summary_large_image","twitter_misc":{"Ansl. lesetid":"3 minutter"},"schema":{"@context":"https:\/\/schema.org","@graph":[{"@type":"NewsArticle","@id":"https:\/\/hoyre.no\/orland\/aktuelt\/vil_sikre_tilbudet_ved_orland_lufthavn\/","url":"https:\/\/hoyre.no\/orland\/aktuelt\/vil_sikre_tilbudet_ved_orland_lufthavn\/","name":"Vil sikre tilbudet ved \u00d8rland lufthavn - \u00d8rland H\u00f8yre","isPartOf":{"@id":"https:\/\/hoyre.no\/orland\/#website"},"datePublished":"2019-02-26T22:00:00+00:00","author":{"@id":""},"breadcrumb":{"@id":"https:\/\/hoyre.no\/orland\/aktuelt\/vil_sikre_tilbudet_ved_orland_lufthavn\/#breadcrumb"},"inLanguage":"nb-NO","potentialAction":[{"@type":"ReadAction","target":["https:\/\/hoyre.no\/orland\/aktuelt\/vil_sikre_tilbudet_ved_orland_lufthavn\/"]}]},{"@type":"BreadcrumbList","@id":"https:\/\/hoyre.no\/orland\/aktuelt\/vil_sikre_tilbudet_ved_orland_lufthavn\/#breadcrumb","itemListElement":[{"@type":"ListItem","position":1,"name":"Til hoyre.no","item":"https:\/\/hoyre.no"},{"@type":"ListItem","position":2,"name":"Hjem","item":"https:\/\/hoyre.no\/orland\/"},{"@type":"ListItem","position":3,"name":"Vil sikre tilbudet ved \u00d8rland lufthavn"}]},{"@type":"WebSite","@id":"https:\/\/hoyre.no\/orland\/#website","url":"https:\/\/hoyre.no\/orland\/","name":"\u00d8rland H\u00f8yre","description":"Bare enda et H\u00f8yres nettsteder-nettsted","inLanguage":"nb-NO"}]}},"distributor_meta":false,"distributor_terms":false,"distributor_media":false,"distributor_original_site_name":"\u00d8rland H\u00f8yre","distributor_original_site_url":"https:\/\/hoyre.no\/orland","push-errors":false,"_links":{"self":[{"href":"https:\/\/hoyre.no\/orland\/wp-json\/wp\/v2\/posts\/35","targetHints":{"allow":["GET"]}}],"collection":[{"href":"https:\/\/hoyre.no\/orland\/wp-json\/wp\/v2\/posts"}],"about":[{"href":"https:\/\/hoyre.no\/orland\/wp-json\/wp\/v2\/types\/post"}],"replies":[{"embeddable":true,"href":"https:\/\/hoyre.no\/orland\/wp-json\/wp\/v2\/comments?post=35"}],"version-history":[{"count":0,"href":"https:\/\/hoyre.no\/orland\/wp-json\/wp\/v2\/posts\/35\/revisions"}],"wp:attachment":[{"href":"https:\/\/hoyre.no\/orland\/wp-json\/wp\/v2\/media?parent=35"}],"wp:term":[{"taxonomy":"category","embeddable":true,"href":"https:\/\/hoyre.no\/orland\/wp-json\/wp\/v2\/category?post=35"},{"taxonomy":"post_tag","embeddable":true,"href":"https:\/\/hoyre.no\/orland\/wp-json\/wp\/v2\/post_tag?post=35"},{"taxonomy":"hoyre-visibility","embeddable":true,"href":"https:\/\/hoyre.no\/orland\/wp-json\/wp\/v2\/hoyre-visibility?post=35"},{"taxonomy":"article-type","embeddable":true,"href":"https:\/\/hoyre.no\/orland\/wp-json\/wp\/v2\/article-type?post=35"},{"taxonomy":"politician","embeddable":true,"href":"https:\/\/hoyre.no\/orland\/wp-json\/wp\/v2\/politician?post=35"}],"curies":[{"name":"wp","href":"https:\/\/api.w.org\/{rel}","templated":true}]}}