{"id":87,"date":"2023-05-02T20:18:32","date_gmt":"2023-05-02T18:18:32","guid":{"rendered":"https:\/\/hoyre.no\/orland\/?p=87"},"modified":"2023-08-01T22:07:19","modified_gmt":"2023-08-01T20:07:19","slug":"hvorfor-stemme-hoyre","status":"publish","type":"post","link":"https:\/\/hoyre.no\/orland\/aktuelt\/hvorfor-stemme-hoyre\/","title":{"rendered":"Hvorfor stemme \u00d8rland H\u00f8yre?"},"content":{"rendered":"\n<p class=\"preamble\">Det er viktig for oss at du vet hvorfor du skal stemme H\u00f8yre i \u00d8rland kommune &#8211; s\u00e5 les hvorfor her \ud83d\udc47<\/p>\t\t\t<div class=\"post-meta wp-block teft-byline-wrapper\">\n\t\t\t\t<div class=\"top\">\n\t\t\t\t\t<div class=\"signature\">\n\t\t\t\t\t\t<div class=\"teft-byline\">\n\t\t\t\t\t\t\t\t\t\t\t\t\t\t<div>\n\t\t\t\t\t\t\t\t<h3>H\u00f8yres redaksjon<\/h3>\t\t\t\t\t\t\t\t\n\t\t\t\t\t\t\t\t\t\t\t\t\t\t\t\t\t<span class=\"date\">Sist oppdatert: 1. august 2023<\/span>\n\t\t\t\t\t\t\t\t\t\t\t\t\t\t\t\t\t\t\t\t\t\t\t\t\t<span class=\"reading-time\" itemprop=\"timeRequired\" content=\"PT5M\"><em>Ca. 5 minutter lesetid<\/em><\/span>\n\t\t\t\t\t\t\t\t\t\t\t\t\t\t\t<\/div>\n\t\t\t\t\t\t<\/div>\n\t\t\t\t\t<\/div>\n\t\t\t\t\t\t<div class=\"sharing\">\n\t\t<a class=\"share-button share-link copy-link\" data-copy=\"https:\/\/hoyre.no\/orland\/aktuelt\/hvorfor-stemme-hoyre\/\" target=\"_blank\"><span class=\"screen-reader-text\">Del link<\/span><\/a>\n\t\t<a class=\"share-button share-twitter\" href=\"http:\/\/twitter.com\/share?text=Hvorfor stemme \u00d8rland H\u00f8yre?&#038;url=https:\/\/hoyre.no\/orland\/aktuelt\/hvorfor-stemme-hoyre\/&#038;hashtags=Hoyre\" target=\"_blank\"><span class=\"screen-reader-text\">Del p\u00e5 twitter<\/span><\/a>\n\t\t<a class=\"share-button share-facebook\" href=\"https:\/\/www.facebook.com\/sharer\/sharer.php?u=https:\/\/hoyre.no\/orland\/aktuelt\/hvorfor-stemme-hoyre\/\" target=\"_blank\"><span class=\"screen-reader-text\">Del p\u00e5 facebook<\/span><\/a>\n\t<\/div>\n\t\t\t\t\t<\/div>\n\t\t\t<\/div>\n\n\t\t\t<figure class=\"hoyre-image-wrapper\"><div class=\"hoyre-image\"><img loading=\"lazy\" decoding=\"async\" width=\"1250\" height=\"833\" src=\"https:\/\/hoyre.no\/content\/uploads\/sites\/268\/2023\/02\/Mona-og-Erna-1.jpg\" class=\"attachment-scaled size-scaled\" alt=\"\" style=\"object-position: 50% 50%\" srcset=\"https:\/\/hoyre.no\/content\/uploads\/sites\/268\/2023\/02\/Mona-og-Erna-1.jpg 1250w, https:\/\/hoyre.no\/content\/uploads\/sites\/268\/2023\/02\/Mona-og-Erna-1-300x200.jpg 300w, https:\/\/hoyre.no\/content\/uploads\/sites\/268\/2023\/02\/Mona-og-Erna-1-1024x682.jpg 1024w, https:\/\/hoyre.no\/content\/uploads\/sites\/268\/2023\/02\/Mona-og-Erna-1-768x512.jpg 768w\" sizes=\"auto, (max-width: 1250px) 100vw, 1250px\" \/><\/div><\/figure>\n\n\n\n\n<h2 class=\"wp-block-heading\">1. HELSE OG OMSORG<\/h2>\n\n\n\n<p>\u00d8rland H\u00f8yre vil sikre alle eldre en god og verdig eldreomsorg, tilpasset egne behov. Vi vil skape et mer aldersvennlig samfunn for de eldre og deres p\u00e5r\u00f8rende gjennom avlastningstilbud, p\u00e5r\u00f8rendekurs og samtaletilbud.<br>Tjenestetilbudet for familier med barn og voksne som har spesielle behov m\u00e5 videreutvikles. Vi skal ta vare p\u00e5 de mest s\u00e5rbare ved \u00e5 gi god psykisk helsehjelp p\u00e5 rett sted til rett tid. \u00d8ke kompetansen og bruken av velferdsteknologi.<\/p>\n\n\n\n<ul class=\"wp-block-list\"><li>Realisere nytt helsebygg.<\/li><li>Styrke helsetjenesten for ungdom.<\/li><li>Gjeninnf\u00f8re eldrelos i kommunen.<\/li><li>Styrke demensomsorgen og kontakten opp mot p\u00e5r\u00f8rende<\/li><li>Forbedring av boliger innen tjenesten for \u00e5 sikre et godt bomilj\u00f8 for brukerne.<\/li><li>Styrke hjemmebasert omsorg.<\/li><\/ul>\n\n\n\n<figure class=\"wp-block-image size-large\"><img loading=\"lazy\" decoding=\"async\" width=\"945\" height=\"709\" src=\"https:\/\/hoyre.no\/content\/uploads\/sites\/268\/2023\/08\/Trine-Glorstad-Jakobsen-1-1-edited.jpg\" alt=\"\" class=\"wp-image-125\" srcset=\"https:\/\/hoyre.no\/content\/uploads\/sites\/268\/2023\/08\/Trine-Glorstad-Jakobsen-1-1-edited.jpg 945w, https:\/\/hoyre.no\/content\/uploads\/sites\/268\/2023\/08\/Trine-Glorstad-Jakobsen-1-1-edited-300x225.jpg 300w, https:\/\/hoyre.no\/content\/uploads\/sites\/268\/2023\/08\/Trine-Glorstad-Jakobsen-1-1-edited-768x576.jpg 768w\" sizes=\"auto, (max-width: 945px) 100vw, 945px\" \/><\/figure>\n\n\n\n<h2 class=\"wp-block-heading\">2. OPPVEKST OG UTDANNING<\/h2>\n\n\n\n<p>\u00d8rland H\u00f8yre vil ha en bedre sammenheng gjennom hele utdanningsl\u00f8pet. Tidlig innsats i barnehage og skole, med kvalifiserte l\u00e6rere og ledere, en god skoletjeneste er viktige virkemidler.<\/p>\n\n\n\n<ul class=\"wp-block-list\"><li>Styrke forebyggende arbeid mot mobbing.<\/li><li>\u00c5 legge til rette for at flest mulig l\u00e6rere tar etter- og videreutdanning.<\/li><li>Styrke de praktiske og estetiske fagene.<\/li><li>Hel\u00e5rs\u00e5pne barnehager og SFO<\/li><li>Like vilk\u00e5r for private og offentlige barnehager.<\/li><\/ul>\n\n\n\n<figure class=\"wp-block-image size-large\"><img loading=\"lazy\" decoding=\"async\" width=\"945\" height=\"709\" src=\"https:\/\/hoyre.no\/content\/uploads\/sites\/268\/2023\/08\/Martin-Waade-1-edited.jpg\" alt=\"\" class=\"wp-image-127\" srcset=\"https:\/\/hoyre.no\/content\/uploads\/sites\/268\/2023\/08\/Martin-Waade-1-edited.jpg 945w, https:\/\/hoyre.no\/content\/uploads\/sites\/268\/2023\/08\/Martin-Waade-1-edited-300x225.jpg 300w, https:\/\/hoyre.no\/content\/uploads\/sites\/268\/2023\/08\/Martin-Waade-1-edited-768x576.jpg 768w\" sizes=\"auto, (max-width: 945px) 100vw, 945px\" \/><\/figure>\n\n\n\n<h2 class=\"wp-block-heading\">3. ARBEIDS- OG N\u00c6RINGSLIV<\/h2>\n\n\n\n<p>Vi vil m\u00f8te nye ideer og utfordringer med et positivt grunnsyn og bidra til en god balanse mellom n\u00e6ringsinteresser og milj\u00f8hensyn. Dette for \u00e5 bidra til \u00e5 sikre l\u00f8nnssom og b\u00e6rekraftig vekst i hele kommunen. Samle kommunens n\u00e6ringsapparat under samme paraply og lokalisere de i n\u00e6ringens hus.<\/p>\n\n\n\n<ul class=\"wp-block-list\"><li>Bidra til st\u00f8rre forutsigbarhet for n\u00e6ringslivet i hele kommunen.<\/li><li>Vektlegge n\u00e6ringslivets behov i areal og reguleringssaker.<\/li><li>Redusere byr\u00e5kratiet og saksbehandlingstid.<\/li><li>Prim\u00e6rt bruke lokale leverand\u00f8rer og lokalt n\u00e6ringsliv.<\/li><li>M\u00e5lrettet tilrettelegging for virksomheter innen bl\u00e5 sektor.<\/li><\/ul>\n\n\n\n<figure class=\"wp-block-image size-large\"><img loading=\"lazy\" decoding=\"async\" width=\"827\" height=\"620\" src=\"https:\/\/hoyre.no\/content\/uploads\/sites\/268\/2023\/08\/Eirik-Lundemo-1-edited.jpg\" alt=\"\" class=\"wp-image-129\" srcset=\"https:\/\/hoyre.no\/content\/uploads\/sites\/268\/2023\/08\/Eirik-Lundemo-1-edited.jpg 827w, https:\/\/hoyre.no\/content\/uploads\/sites\/268\/2023\/08\/Eirik-Lundemo-1-edited-300x225.jpg 300w, https:\/\/hoyre.no\/content\/uploads\/sites\/268\/2023\/08\/Eirik-Lundemo-1-edited-768x576.jpg 768w\" sizes=\"auto, (max-width: 827px) 100vw, 827px\" \/><\/figure>\n\n\n\n<h2 class=\"wp-block-heading\">4. IDRETT, KULTUR OG FRIVILLLIGHET<\/h2>\n\n\n\n<p>Vi vil gi et bredt tilbud til v\u00e5re innbyggere. Frivilligheten er en b\u00e6rebjelke i lokalsamfunnet og et vesentlig bidrag til trivsel, godt felleskap og \u00f8kt bolyst. Sikre et mangfoldig kulturliv som er tilgjengelig for alle. \u00c5 delta i frivillig aktivitet har samtidig store folkehelsegevinster for alle lag av folket, fysisk s\u00e5 vel som psykisk.<\/p>\n\n\n\n<ul class=\"wp-block-list\"><li>F\u00e5 ungdommen tilbake til idrett og kultur.<\/li><li>Sikre videre drift av Ungdommens Hus og ungdomsr\u00e5det som ungdommens arenaer.<\/li><li>Sikre fri hus- og hall leie til idrett, musikk og kulturaktiviteter for barn og unge under 16\u00e5r.<\/li><li>Tilrettelegge aktiviteter innen idrett og kultur for alle i kommunen, spesifikt innflyttere og innvandrere.<\/li><\/ul>\n\n\n\n<figure class=\"wp-block-image size-large\"><img loading=\"lazy\" decoding=\"async\" width=\"827\" height=\"620\" src=\"https:\/\/hoyre.no\/content\/uploads\/sites\/268\/2023\/08\/Terese-Mossing-Eidsaune-1-edited.jpg\" alt=\"\" class=\"wp-image-131\" srcset=\"https:\/\/hoyre.no\/content\/uploads\/sites\/268\/2023\/08\/Terese-Mossing-Eidsaune-1-edited.jpg 827w, https:\/\/hoyre.no\/content\/uploads\/sites\/268\/2023\/08\/Terese-Mossing-Eidsaune-1-edited-300x225.jpg 300w, https:\/\/hoyre.no\/content\/uploads\/sites\/268\/2023\/08\/Terese-Mossing-Eidsaune-1-edited-768x576.jpg 768w\" sizes=\"auto, (max-width: 827px) 100vw, 827px\" \/><\/figure>\n\n\n\n<h2 class=\"wp-block-heading\">5. SAMFERDSEL<\/h2>\n\n\n\n<p>En fortsatt god ferge og b\u00e5tforbindelse er en forutsetning for bo og arbeidsmarkedene i regionen sammen. St\u00f8tte realiseringen av Fosenbrua og utbedring av FV 710 Orkanger &#8211; Valset gjennom Orkdalspakken.<\/p>\n\n\n\n<ul class=\"wp-block-list\"><li>Sikre fortsatt flyrutetilbud \u00d8rland-Gardermoen og gode rammevilk\u00e5r for videre drift av \u00d8rland Lufthavn (FOT-rutene).<\/li><li>St\u00f8tte realisering av Stj\u00f8rnfjord-forbindelsen for \u00e5 styrke bo og arbeidsmarkedene i regionen.<\/li><li>Styrke kollektivtilbudet med god bussforbindelse mellom Bjugn, Brekstad og omlandet.<\/li><li>Jobbe for gang og sykkelstier med tanke p\u00e5 den nye skolestrukturen.<\/li><li>Sikre godt vedlikehold og trygge veier i hele kommunen.<\/li><\/ul>\n\n\n\n<figure class=\"wp-block-image size-large\"><img loading=\"lazy\" decoding=\"async\" width=\"945\" height=\"709\" src=\"https:\/\/hoyre.no\/content\/uploads\/sites\/268\/2023\/08\/Thor-Bretting-1-edited.jpg\" alt=\"\" class=\"wp-image-133\" srcset=\"https:\/\/hoyre.no\/content\/uploads\/sites\/268\/2023\/08\/Thor-Bretting-1-edited.jpg 945w, https:\/\/hoyre.no\/content\/uploads\/sites\/268\/2023\/08\/Thor-Bretting-1-edited-300x225.jpg 300w, https:\/\/hoyre.no\/content\/uploads\/sites\/268\/2023\/08\/Thor-Bretting-1-edited-768x576.jpg 768w\" sizes=\"auto, (max-width: 945px) 100vw, 945px\" \/><\/figure>\n\n\n\n<h2 class=\"wp-block-heading\">6. FORSVAR, BEREDSKAP OG SIKKERHET<\/h2>\n\n\n\n<p>Styrke kommunens satsning p\u00e5 totalforsvaret, herunder Forsvar, politi, redningsetater og sivilforsvaret. Satsing p\u00e5 beredskap verdig en forsvarskommune med Norges kampflybase.<\/p>\n\n\n\n<ul class=\"wp-block-list\"><li>\u00d8ke kommunens kompetanse innen sivil beredskap forebyggende sikkerhet.<\/li><li>Opprette tilflytterteam for innbyggere.<\/li><li>Styrke og utnytte Forsvarets virksomhet til det beste for utviklingen i lokalsamfunnet og regionen.<\/li><li>Videreutvikle det sivil-milit\u00e6re samarbeidet.<\/li><\/ul>\n\n\n\n<figure class=\"wp-block-image size-large\"><img loading=\"lazy\" decoding=\"async\" width=\"827\" height=\"620\" src=\"https:\/\/hoyre.no\/content\/uploads\/sites\/268\/2023\/08\/Trond-Amundsveen-1-1-edited.jpg\" alt=\"\" class=\"wp-image-135\" srcset=\"https:\/\/hoyre.no\/content\/uploads\/sites\/268\/2023\/08\/Trond-Amundsveen-1-1-edited.jpg 827w, https:\/\/hoyre.no\/content\/uploads\/sites\/268\/2023\/08\/Trond-Amundsveen-1-1-edited-300x225.jpg 300w, https:\/\/hoyre.no\/content\/uploads\/sites\/268\/2023\/08\/Trond-Amundsveen-1-1-edited-768x576.jpg 768w\" sizes=\"auto, (max-width: 827px) 100vw, 827px\" \/><\/figure>\n\n\n\n<h2 class=\"wp-block-heading\">7. LANDBRUK<\/h2>\n\n\n\n<p>Norsk landbruk jobber for \u00e5 bli mer b\u00e6rekraftig frem mot 2030. \u00c5 produsere n\u00e6ringsrik og trygg mat til forbrukeren er en de lav samfunnsoppdraget og krever en lokal innsats. \u00d8rland kommune har sv\u00e6rt gode landbruksarealer og et aktivt landbruksmilj\u00f8 som m\u00e5 videreutvikles.<\/p>\n\n\n\n<ul class=\"wp-block-list\"><li>Fortsette allerede spredt bebyggelse fremfor \u00e5pning av flere nye boligomr\u00e5der. Sentrumsn\u00e6r boligbygging er god milj\u00f8politikk og bidrar til \u00e5 ta vare p\u00e5 den verdifulle dyrkajorden.<\/li><li>Styrke privat eiendomsrett og yte full erstatning ved offentlige inngrep.<\/li><li>Sikre et aktivt landbruk i r\u00f8d st\u00f8ysone.<\/li><li>Yte st\u00f8tte til nydyrking av 2da av per da nedbygget jordbruksareal.<\/li><li>Fremsnakke alle lokale produsenter som lager lokal mat og alle de gode produkter som tilbys. Det er b\u00e6rekraft.<\/li><\/ul>\n\n\n\n<figure class=\"wp-block-image size-large\"><img loading=\"lazy\" decoding=\"async\" width=\"1417\" height=\"945\" src=\"https:\/\/hoyre.no\/content\/uploads\/sites\/268\/2023\/08\/Kare-Hellem-edited.jpg\" alt=\"\" class=\"wp-image-121\" srcset=\"https:\/\/hoyre.no\/content\/uploads\/sites\/268\/2023\/08\/Kare-Hellem-edited.jpg 1417w, https:\/\/hoyre.no\/content\/uploads\/sites\/268\/2023\/08\/Kare-Hellem-edited-300x200.jpg 300w, https:\/\/hoyre.no\/content\/uploads\/sites\/268\/2023\/08\/Kare-Hellem-edited-1024x683.jpg 1024w, https:\/\/hoyre.no\/content\/uploads\/sites\/268\/2023\/08\/Kare-Hellem-edited-768x512.jpg 768w\" sizes=\"auto, (max-width: 1417px) 100vw, 1417px\" \/><\/figure>\n\n\n\n<h2 class=\"wp-block-heading\">8. KLIMA, ENERGI OG B\u00c6REKRAFT<\/h2>\n\n\n\n<p>Bidra til en kliman\u00f8ytral kommune med fokus p\u00e5 energi og b\u00e6rekraft. Alt tyder p\u00e5 at det vil bli lang sterkere vekst i kraftforbruket i de kommende \u00e5rene som f\u00f8lge av \u00f8kt privat forbruk og industrietableringer i kommunen. Se p\u00e5 utvikling av nye muligheter for utvikling av kommende krafbehov, effektivisere fremdriften av nye. Vi har ikke nok kraft \u00e5 tilby kommunen fra 2027.<\/p>\n\n\n\n<ul class=\"wp-block-list\"><li>Jobbe frem alternative energimuligheter.<\/li><li>Bedre resirkulering \/ gjenbruk av materiell.<\/li><li>Kutte 50% av utslippene i \u00d8rland innen 2030.<\/li><\/ul>\n\n\n\n<figure class=\"wp-block-image size-large\"><img loading=\"lazy\" decoding=\"async\" width=\"945\" height=\"945\" src=\"https:\/\/hoyre.no\/content\/uploads\/sites\/268\/2023\/08\/Bjorn-Glorstad-edited.jpg\" alt=\"\" class=\"wp-image-136\" srcset=\"https:\/\/hoyre.no\/content\/uploads\/sites\/268\/2023\/08\/Bjorn-Glorstad-edited.jpg 945w, https:\/\/hoyre.no\/content\/uploads\/sites\/268\/2023\/08\/Bjorn-Glorstad-edited-300x300.jpg 300w, https:\/\/hoyre.no\/content\/uploads\/sites\/268\/2023\/08\/Bjorn-Glorstad-edited-150x150.jpg 150w, https:\/\/hoyre.no\/content\/uploads\/sites\/268\/2023\/08\/Bjorn-Glorstad-edited-768x768.jpg 768w\" sizes=\"auto, (max-width: 945px) 100vw, 945px\" \/><\/figure>\n\n\n\n<h2 class=\"wp-block-heading\">9. DU SKAL BEHOLDE MER AV EGEN INNTEKT<\/h2>\n\n\n\n<p>Eiendomsskatt og kommunale avgifter skal holdes nede. N\u00e5r det meste blir dyrere og renten \u00f8ker, m\u00e5 politikerne prioritere bedre fremfor \u00e5 \u00f8ke skatter og avgifter. Dine skattepenger skal brukes p\u00e5 en klok m\u00e5te.<\/p>\n\n\n\n<figure class=\"wp-block-image size-large\"><img loading=\"lazy\" decoding=\"async\" width=\"1024\" height=\"683\" src=\"https:\/\/hoyre.no\/content\/uploads\/sites\/268\/2023\/08\/OK-top-4-1024x683.jpg\" alt=\"\" class=\"wp-image-123\" srcset=\"https:\/\/hoyre.no\/content\/uploads\/sites\/268\/2023\/08\/OK-top-4-1024x683.jpg 1024w, https:\/\/hoyre.no\/content\/uploads\/sites\/268\/2023\/08\/OK-top-4-300x200.jpg 300w, https:\/\/hoyre.no\/content\/uploads\/sites\/268\/2023\/08\/OK-top-4-768x512.jpg 768w, https:\/\/hoyre.no\/content\/uploads\/sites\/268\/2023\/08\/OK-top-4-1536x1024.jpg 1536w, https:\/\/hoyre.no\/content\/uploads\/sites\/268\/2023\/08\/OK-top-4-2048x1365.jpg 2048w\" sizes=\"auto, (max-width: 1024px) 100vw, 1024px\" \/><\/figure>\n\n\n<div class=\"tags\">\n\t<\/div>\n<div class=\"post-footer alignfull has-background block-editor-block-list__block\" data-align=full>\n\t<div class=\"post-footer-inner\">\n\t\t<h3>Relaterte artikler<\/h3>\n\t\t<div class=\"related-content\"><div class=\"is-card-hoyre\">\n\t<div class=\"teft-card hoyre-teft-card post-teft-card\">\n\t\t<a href=\"https:\/\/hoyre.no\/orland\/aktuelt\/hva-mener-orland-hoyre\/\" class=\"teft-card__primary-action\">\n\n\t\t\t\t\t<div class=\"teft-card__media teft-card__media--16-9\">\n\t\t\t\t\t\t<img loading=\"lazy\" decoding=\"async\" width=\"768\" height=\"768\" src=\"https:\/\/hoyre.no\/content\/uploads\/sites\/268\/2022\/11\/Hoyres-logo-768x768.png\" class=\"attachment-medium_large size-medium_large\" alt=\"\" srcset=\"https:\/\/hoyre.no\/content\/uploads\/sites\/268\/2022\/11\/Hoyres-logo-768x768.png 768w, https:\/\/hoyre.no\/content\/uploads\/sites\/268\/2022\/11\/Hoyres-logo-300x300.png 300w, https:\/\/hoyre.no\/content\/uploads\/sites\/268\/2022\/11\/Hoyres-logo-150x150.png 150w, https:\/\/hoyre.no\/content\/uploads\/sites\/268\/2022\/11\/Hoyres-logo.png 1000w\" sizes=\"auto, (max-width: 768px) 100vw, 768px\" \/>\t\t<\/div>\n\t\t\n\t\t\t<div class=\"teft-card__content-wrapper\">\n\t\t\t\t<div class=\"teft-card__secondary\">\n\t\t\t\t\t\n\t\t\t\t\t\t\t\t<div class=\"teft-card__meta\">\n\t\t\t\t\t\t\t\t\t<span class=\"post-date\">10. aug 2023<\/span>\n\n\t\t\t\t\t\t\t\t\t\t\t\t\t\t\t\t\t<\/div>\n\t\t\t\t\t\t\t\t\t\t\t<\/div>\n\n\t\t\t\t<div class=\"teft-card__primary\">\n\t\t\t\t\t<h2 class=\"teft-card__title\">Hva mener \u00d8rland H\u00f8yre?&nbsp;<span class=\"teft-card__primary-title-append\"><\/span><\/h2>\t\t\t\t<\/div>\n\t\t\t<\/div>\n\t\t<\/a>\n\t<\/div>\n\n\t<\/div><div class=\"is-card-hoyre\">\n\t<div class=\"teft-card hoyre-teft-card post-teft-card\">\n\t\t<a href=\"https:\/\/hoyre.no\/orland\/aktuelt\/bli-bedre-kjent-med-listekandidatene\/\" class=\"teft-card__primary-action\">\n\n\t\t\t\t\t<div class=\"teft-card__media teft-card__media--16-9\">\n\t\t\t\t\t\t<img loading=\"lazy\" decoding=\"async\" width=\"768\" height=\"512\" src=\"https:\/\/hoyre.no\/content\/uploads\/sites\/268\/2023\/08\/Gruppe_folder_050523-768x512.jpg\" class=\"attachment-medium_large size-medium_large\" alt=\"\" srcset=\"https:\/\/hoyre.no\/content\/uploads\/sites\/268\/2023\/08\/Gruppe_folder_050523-768x512.jpg 768w, https:\/\/hoyre.no\/content\/uploads\/sites\/268\/2023\/08\/Gruppe_folder_050523-300x200.jpg 300w, https:\/\/hoyre.no\/content\/uploads\/sites\/268\/2023\/08\/Gruppe_folder_050523-1024x682.jpg 1024w, https:\/\/hoyre.no\/content\/uploads\/sites\/268\/2023\/08\/Gruppe_folder_050523-1536x1023.jpg 1536w, https:\/\/hoyre.no\/content\/uploads\/sites\/268\/2023\/08\/Gruppe_folder_050523.jpg 1890w\" sizes=\"auto, (max-width: 768px) 100vw, 768px\" \/>\t\t<\/div>\n\t\t\n\t\t\t<div class=\"teft-card__content-wrapper\">\n\t\t\t\t<div class=\"teft-card__secondary\">\n\t\t\t\t\t\n\t\t\t\t\t\t\t\t<div class=\"teft-card__meta\">\n\t\t\t\t\t\t\t\t\t<span class=\"post-date\">7. aug 2023<\/span>\n\n\t\t\t\t\t\t\t\t\t\t\t\t\t\t\t\t\t<\/div>\n\t\t\t\t\t\t\t\t\t\t\t<\/div>\n\n\t\t\t\t<div class=\"teft-card__primary\">\n\t\t\t\t\t<h2 class=\"teft-card__title\">Bli bedre kjent med listekandidatene&nbsp;<span class=\"teft-card__primary-title-append\"><\/span><\/h2>\t\t\t\t<\/div>\n\t\t\t<\/div>\n\t\t<\/a>\n\t<\/div>\n\n\t<\/div><div class=\"is-card-hoyre\">\n\t<div class=\"teft-card hoyre-teft-card post-teft-card\">\n\t\t<a href=\"https:\/\/hoyre.no\/orland\/aktuelt\/arsmote\/\" class=\"teft-card__primary-action\">\n\n\t\t\t<div class=\"teft-card__media teft-card__media--16-9 no-image\"><\/div>\n\t\t\t<div class=\"teft-card__content-wrapper\">\n\t\t\t\t<div class=\"teft-card__secondary\">\n\t\t\t\t\t\n\t\t\t\t\t\t\t\t<div class=\"teft-card__meta\">\n\t\t\t\t\t\t\t\t\t<span class=\"post-date\">25. nov 2019<\/span>\n\n\t\t\t\t\t\t\t\t\t\t\t\t\t\t\t\t\t<\/div>\n\t\t\t\t\t\t\t\t\t\t\t<\/div>\n\n\t\t\t\t<div class=\"teft-card__primary\">\n\t\t\t\t\t<h2 class=\"teft-card__title\">\u00c5rsm\u00f8te&nbsp;<span class=\"teft-card__primary-title-append\"><\/span><\/h2>\t\t\t\t<\/div>\n\t\t\t<\/div>\n\t\t<\/a>\n\t<\/div>\n\n\t<\/div><\/div>\t<\/div>\n<\/div>\n","protected":false},"excerpt":{"rendered":"","protected":false},"author":36157,"featured_media":0,"comment_status":"closed","ping_status":"closed","sticky":false,"template":"","format":"standard","meta":{"teft_cards_image_url":"","teft_cards_custom_pretitle":"","teft_cards_image_id":66,"teft_cards_image_focal_point_x":0.48,"teft_cards_image_focal_point_y":0.42,"teft_cards_title":"","teft_cards_excerpt":"","teft_show_chapters":false,"author_display_name":"","footnotes":""},"category":[1],"post_tag":[],"hoyre-visibility":[3],"article-type":[],"politician":[],"class_list":["post-87","post","type-post","status-publish","format-standard","hentry","category-ukategorisert"],"yoast_head":"<!-- This site is optimized with the Yoast SEO plugin v26.6 - https:\/\/yoast.com\/wordpress\/plugins\/seo\/ -->\n<title>Hvorfor stemme \u00d8rland H\u00f8yre? - \u00d8rland H\u00f8yre<\/title>\n<meta name=\"robots\" content=\"index, follow, max-snippet:-1, max-image-preview:large, max-video-preview:-1\" \/>\n<link rel=\"canonical\" href=\"https:\/\/hoyre.no\/orland\/aktuelt\/hvorfor-stemme-hoyre\/\" \/>\n<meta property=\"og:locale\" content=\"nb_NO\" \/>\n<meta property=\"og:type\" content=\"article\" \/>\n<meta property=\"og:title\" content=\"Hvorfor stemme \u00d8rland H\u00f8yre? - \u00d8rland H\u00f8yre\" \/>\n<meta property=\"og:url\" content=\"https:\/\/hoyre.no\/orland\/aktuelt\/hvorfor-stemme-hoyre\/\" \/>\n<meta property=\"og:site_name\" content=\"\u00d8rland H\u00f8yre\" \/>\n<meta property=\"article:published_time\" content=\"2023-05-02T18:18:32+00:00\" \/>\n<meta property=\"article:modified_time\" content=\"2023-08-01T20:07:19+00:00\" \/>\n<meta property=\"og:image\" content=\"https:\/\/hoyre.no\/content\/uploads\/sites\/268\/2023\/08\/Trine-Glorstad-Jakobsen-1-1-edited.jpg\" \/>\n<meta name=\"author\" content=\"Jan Tore Garseg\" \/>\n<meta name=\"twitter:card\" content=\"summary_large_image\" \/>\n<meta name=\"twitter:label1\" content=\"Skrevet av\" \/>\n\t<meta name=\"twitter:data1\" content=\"Jan Tore Garseg\" \/>\n\t<meta name=\"twitter:label2\" content=\"Ansl. lesetid\" \/>\n\t<meta name=\"twitter:data2\" content=\"7 minutter\" \/>\n<script type=\"application\/ld+json\" class=\"yoast-schema-graph\">{\"@context\":\"https:\/\/schema.org\",\"@graph\":[{\"@type\":\"NewsArticle\",\"@id\":\"https:\/\/hoyre.no\/orland\/aktuelt\/hvorfor-stemme-hoyre\/\",\"url\":\"https:\/\/hoyre.no\/orland\/aktuelt\/hvorfor-stemme-hoyre\/\",\"name\":\"Hvorfor stemme \u00d8rland H\u00f8yre? - \u00d8rland H\u00f8yre\",\"isPartOf\":{\"@id\":\"https:\/\/hoyre.no\/orland\/#website\"},\"image\":{\"@id\":\"https:\/\/hoyre.no\/orland\/aktuelt\/hvorfor-stemme-hoyre\/#primaryimage\"},\"thumbnailUrl\":\"https:\/\/hoyre.no\/content\/uploads\/sites\/268\/2023\/08\/Trine-Glorstad-Jakobsen-1-1-edited.jpg\",\"datePublished\":\"2023-05-02T18:18:32+00:00\",\"dateModified\":\"2023-08-01T20:07:19+00:00\",\"author\":{\"@id\":\"https:\/\/hoyre.no\/orland\/#\/schema\/person\/6f185e7608ca09977d9dba4aa6a12f04\"},\"breadcrumb\":{\"@id\":\"https:\/\/hoyre.no\/orland\/aktuelt\/hvorfor-stemme-hoyre\/#breadcrumb\"},\"inLanguage\":\"nb-NO\",\"potentialAction\":[{\"@type\":\"ReadAction\",\"target\":[\"https:\/\/hoyre.no\/orland\/aktuelt\/hvorfor-stemme-hoyre\/\"]}]},{\"@type\":\"ImageObject\",\"inLanguage\":\"nb-NO\",\"@id\":\"https:\/\/hoyre.no\/orland\/aktuelt\/hvorfor-stemme-hoyre\/#primaryimage\",\"url\":\"https:\/\/hoyre.no\/content\/uploads\/sites\/268\/2023\/08\/Trine-Glorstad-Jakobsen-1-1-edited.jpg\",\"contentUrl\":\"https:\/\/hoyre.no\/content\/uploads\/sites\/268\/2023\/08\/Trine-Glorstad-Jakobsen-1-1-edited.jpg\"},{\"@type\":\"BreadcrumbList\",\"@id\":\"https:\/\/hoyre.no\/orland\/aktuelt\/hvorfor-stemme-hoyre\/#breadcrumb\",\"itemListElement\":[{\"@type\":\"ListItem\",\"position\":1,\"name\":\"Til hoyre.no\",\"item\":\"https:\/\/hoyre.no\"},{\"@type\":\"ListItem\",\"position\":2,\"name\":\"Hjem\",\"item\":\"https:\/\/hoyre.no\/orland\/\"},{\"@type\":\"ListItem\",\"position\":3,\"name\":\"Hvorfor stemme \u00d8rland H\u00f8yre?\"}]},{\"@type\":\"WebSite\",\"@id\":\"https:\/\/hoyre.no\/orland\/#website\",\"url\":\"https:\/\/hoyre.no\/orland\/\",\"name\":\"\u00d8rland H\u00f8yre\",\"description\":\"Bare enda et H\u00f8yres nettsteder-nettsted\",\"inLanguage\":\"nb-NO\"},{\"@type\":\"Person\",\"@id\":\"https:\/\/hoyre.no\/orland\/#\/schema\/person\/6f185e7608ca09977d9dba4aa6a12f04\",\"name\":\"Jan Tore Garseg\",\"image\":{\"@type\":\"ImageObject\",\"inLanguage\":\"nb-NO\",\"@id\":\"https:\/\/hoyre.no\/orland\/#\/schema\/person\/image\/\",\"url\":\"https:\/\/secure.gravatar.com\/avatar\/bc99b3177e2a338b275cf37193c5fd4fb183ad70acb60a0884654bb716d4ed6a?s=96&d=mm&r=g\",\"contentUrl\":\"https:\/\/secure.gravatar.com\/avatar\/bc99b3177e2a338b275cf37193c5fd4fb183ad70acb60a0884654bb716d4ed6a?s=96&d=mm&r=g\",\"caption\":\"Jan Tore Garseg\"},\"url\":\"https:\/\/hoyre.no\/orland\/aktuelt\/author\/m52161957\/\"}]}<\/script>\n<!-- \/ Yoast SEO plugin. -->","yoast_head_json":{"title":"Hvorfor stemme \u00d8rland H\u00f8yre? - \u00d8rland H\u00f8yre","robots":{"index":"index","follow":"follow","max-snippet":"max-snippet:-1","max-image-preview":"max-image-preview:large","max-video-preview":"max-video-preview:-1"},"canonical":"https:\/\/hoyre.no\/orland\/aktuelt\/hvorfor-stemme-hoyre\/","og_locale":"nb_NO","og_type":"article","og_title":"Hvorfor stemme \u00d8rland H\u00f8yre? - \u00d8rland H\u00f8yre","og_url":"https:\/\/hoyre.no\/orland\/aktuelt\/hvorfor-stemme-hoyre\/","og_site_name":"\u00d8rland H\u00f8yre","article_published_time":"2023-05-02T18:18:32+00:00","article_modified_time":"2023-08-01T20:07:19+00:00","og_image":[{"url":"https:\/\/hoyre.no\/content\/uploads\/sites\/268\/2023\/08\/Trine-Glorstad-Jakobsen-1-1-edited.jpg","type":"","width":"","height":""}],"author":"Jan Tore Garseg","twitter_card":"summary_large_image","twitter_misc":{"Skrevet av":"Jan Tore Garseg","Ansl. lesetid":"7 minutter"},"schema":{"@context":"https:\/\/schema.org","@graph":[{"@type":"NewsArticle","@id":"https:\/\/hoyre.no\/orland\/aktuelt\/hvorfor-stemme-hoyre\/","url":"https:\/\/hoyre.no\/orland\/aktuelt\/hvorfor-stemme-hoyre\/","name":"Hvorfor stemme \u00d8rland H\u00f8yre? - \u00d8rland H\u00f8yre","isPartOf":{"@id":"https:\/\/hoyre.no\/orland\/#website"},"image":{"@id":"https:\/\/hoyre.no\/orland\/aktuelt\/hvorfor-stemme-hoyre\/#primaryimage"},"thumbnailUrl":"https:\/\/hoyre.no\/content\/uploads\/sites\/268\/2023\/08\/Trine-Glorstad-Jakobsen-1-1-edited.jpg","datePublished":"2023-05-02T18:18:32+00:00","dateModified":"2023-08-01T20:07:19+00:00","author":{"@id":"https:\/\/hoyre.no\/orland\/#\/schema\/person\/6f185e7608ca09977d9dba4aa6a12f04"},"breadcrumb":{"@id":"https:\/\/hoyre.no\/orland\/aktuelt\/hvorfor-stemme-hoyre\/#breadcrumb"},"inLanguage":"nb-NO","potentialAction":[{"@type":"ReadAction","target":["https:\/\/hoyre.no\/orland\/aktuelt\/hvorfor-stemme-hoyre\/"]}]},{"@type":"ImageObject","inLanguage":"nb-NO","@id":"https:\/\/hoyre.no\/orland\/aktuelt\/hvorfor-stemme-hoyre\/#primaryimage","url":"https:\/\/hoyre.no\/content\/uploads\/sites\/268\/2023\/08\/Trine-Glorstad-Jakobsen-1-1-edited.jpg","contentUrl":"https:\/\/hoyre.no\/content\/uploads\/sites\/268\/2023\/08\/Trine-Glorstad-Jakobsen-1-1-edited.jpg"},{"@type":"BreadcrumbList","@id":"https:\/\/hoyre.no\/orland\/aktuelt\/hvorfor-stemme-hoyre\/#breadcrumb","itemListElement":[{"@type":"ListItem","position":1,"name":"Til hoyre.no","item":"https:\/\/hoyre.no"},{"@type":"ListItem","position":2,"name":"Hjem","item":"https:\/\/hoyre.no\/orland\/"},{"@type":"ListItem","position":3,"name":"Hvorfor stemme \u00d8rland H\u00f8yre?"}]},{"@type":"WebSite","@id":"https:\/\/hoyre.no\/orland\/#website","url":"https:\/\/hoyre.no\/orland\/","name":"\u00d8rland H\u00f8yre","description":"Bare enda et H\u00f8yres nettsteder-nettsted","inLanguage":"nb-NO"},{"@type":"Person","@id":"https:\/\/hoyre.no\/orland\/#\/schema\/person\/6f185e7608ca09977d9dba4aa6a12f04","name":"Jan Tore Garseg","image":{"@type":"ImageObject","inLanguage":"nb-NO","@id":"https:\/\/hoyre.no\/orland\/#\/schema\/person\/image\/","url":"https:\/\/secure.gravatar.com\/avatar\/bc99b3177e2a338b275cf37193c5fd4fb183ad70acb60a0884654bb716d4ed6a?s=96&d=mm&r=g","contentUrl":"https:\/\/secure.gravatar.com\/avatar\/bc99b3177e2a338b275cf37193c5fd4fb183ad70acb60a0884654bb716d4ed6a?s=96&d=mm&r=g","caption":"Jan Tore Garseg"},"url":"https:\/\/hoyre.no\/orland\/aktuelt\/author\/m52161957\/"}]}},"distributor_meta":false,"distributor_terms":false,"distributor_media":false,"distributor_original_site_name":"\u00d8rland H\u00f8yre","distributor_original_site_url":"https:\/\/hoyre.no\/orland","push-errors":false,"_links":{"self":[{"href":"https:\/\/hoyre.no\/orland\/wp-json\/wp\/v2\/posts\/87","targetHints":{"allow":["GET"]}}],"collection":[{"href":"https:\/\/hoyre.no\/orland\/wp-json\/wp\/v2\/posts"}],"about":[{"href":"https:\/\/hoyre.no\/orland\/wp-json\/wp\/v2\/types\/post"}],"author":[{"embeddable":true,"href":"https:\/\/hoyre.no\/orland\/wp-json\/wp\/v2\/users\/36157"}],"replies":[{"embeddable":true,"href":"https:\/\/hoyre.no\/orland\/wp-json\/wp\/v2\/comments?post=87"}],"version-history":[{"count":11,"href":"https:\/\/hoyre.no\/orland\/wp-json\/wp\/v2\/posts\/87\/revisions"}],"predecessor-version":[{"id":216,"href":"https:\/\/hoyre.no\/orland\/wp-json\/wp\/v2\/posts\/87\/revisions\/216"}],"wp:attachment":[{"href":"https:\/\/hoyre.no\/orland\/wp-json\/wp\/v2\/media?parent=87"}],"wp:term":[{"taxonomy":"category","embeddable":true,"href":"https:\/\/hoyre.no\/orland\/wp-json\/wp\/v2\/category?post=87"},{"taxonomy":"post_tag","embeddable":true,"href":"https:\/\/hoyre.no\/orland\/wp-json\/wp\/v2\/post_tag?post=87"},{"taxonomy":"hoyre-visibility","embeddable":true,"href":"https:\/\/hoyre.no\/orland\/wp-json\/wp\/v2\/hoyre-visibility?post=87"},{"taxonomy":"article-type","embeddable":true,"href":"https:\/\/hoyre.no\/orland\/wp-json\/wp\/v2\/article-type?post=87"},{"taxonomy":"politician","embeddable":true,"href":"https:\/\/hoyre.no\/orland\/wp-json\/wp\/v2\/politician?post=87"}],"curies":[{"name":"wp","href":"https:\/\/api.w.org\/{rel}","templated":true}]}}