{"id":462,"date":"2023-06-17T12:52:26","date_gmt":"2023-06-17T10:52:26","guid":{"rendered":"https:\/\/hoyre.no\/orsta\/?p=462"},"modified":"2023-06-17T13:03:13","modified_gmt":"2023-06-17T11:03:13","slug":"orsta-hogre-vil-ha-turnhall-pa-toppen-av-symjeanlegget","status":"publish","type":"post","link":"https:\/\/hoyre.no\/orsta\/aktuelt\/orsta-hogre-vil-ha-turnhall-pa-toppen-av-symjeanlegget\/","title":{"rendered":"\u00d8rsta h\u00f8gre vil ha turnhall p\u00e5 toppen av symjeanlegget!"},"content":{"rendered":"\n<p class=\"preamble\">\u2013 Det m\u00e5 kome ein eigen turnhall, og han b\u00f8r kome p\u00e5 toppen av det nye symjeanlegget.<\/p>\t\t\t<div class=\"post-meta wp-block teft-byline-wrapper\">\n\t\t\t\t<div class=\"top\">\n\t\t\t\t\t<div class=\"signature\">\n\t\t\t\t\t\t<div class=\"teft-byline\">\n\t\t\t\t\t\t\t\t\t\t\t\t\t\t<div>\n\t\t\t\t\t\t\t\t<h3>H\u00f8yres redaksjon<\/h3>\t\t\t\t\t\t\t\t\n\t\t\t\t\t\t\t\t\t\t\t\t\t\t\t\t\t<span class=\"date\">Sist oppdatert: 17. juni 2023<\/span>\n\t\t\t\t\t\t\t\t\t\t\t\t\t\t\t\t\t\t\t\t\t\t\t\t\t<span class=\"reading-time\" itemprop=\"timeRequired\" content=\"PT4M\"><em>Ca. 4 minutter lesetid<\/em><\/span>\n\t\t\t\t\t\t\t\t\t\t\t\t\t\t\t<\/div>\n\t\t\t\t\t\t<\/div>\n\t\t\t\t\t<\/div>\n\t\t\t\t\t\t<div class=\"sharing\">\n\t\t<a class=\"share-button share-link copy-link\" data-copy=\"https:\/\/hoyre.no\/orsta\/aktuelt\/orsta-hogre-vil-ha-turnhall-pa-toppen-av-symjeanlegget\/\" target=\"_blank\"><span class=\"screen-reader-text\">Del link<\/span><\/a>\n\t\t<a class=\"share-button share-twitter\" href=\"http:\/\/twitter.com\/share?text=\u00d8rsta h\u00f8gre vil ha turnhall p\u00e5 toppen av symjeanlegget!&#038;url=https:\/\/hoyre.no\/orsta\/aktuelt\/orsta-hogre-vil-ha-turnhall-pa-toppen-av-symjeanlegget\/&#038;hashtags=Hoyre\" target=\"_blank\"><span class=\"screen-reader-text\">Del p\u00e5 twitter<\/span><\/a>\n\t\t<a class=\"share-button share-facebook\" href=\"https:\/\/www.facebook.com\/sharer\/sharer.php?u=https:\/\/hoyre.no\/orsta\/aktuelt\/orsta-hogre-vil-ha-turnhall-pa-toppen-av-symjeanlegget\/\" target=\"_blank\"><span class=\"screen-reader-text\">Del p\u00e5 facebook<\/span><\/a>\n\t<\/div>\n\t\t\t\t\t<\/div>\n\t\t\t<\/div>\n\n\t\t\t<figure class=\"hoyre-image-wrapper\"><div class=\"hoyre-image\"><img loading=\"lazy\" decoding=\"async\" width=\"927\" height=\"643\" src=\"https:\/\/hoyre.no\/content\/uploads\/sites\/88\/2023\/06\/Turnhall.jpg\" class=\"attachment-scaled size-scaled\" alt=\"\" style=\"object-position: 48% 89%\" srcset=\"https:\/\/hoyre.no\/content\/uploads\/sites\/88\/2023\/06\/Turnhall.jpg 927w, https:\/\/hoyre.no\/content\/uploads\/sites\/88\/2023\/06\/Turnhall-300x208.jpg 300w, https:\/\/hoyre.no\/content\/uploads\/sites\/88\/2023\/06\/Turnhall-768x533.jpg 768w\" sizes=\"auto, (max-width: 927px) 100vw, 927px\" \/><\/div><figcaption class=\"caption\">Anne S\u00f8lvi Vatne og Sven Castberg fr\u00e5 \u00d8rsta H\u00f8gre saman med Monika Barstad Rebbestad, leiar i \u00d8rsta Turn. (Foto: M\u00f8renytt)<\/figcaption><\/figure>\n\n\n\n<h2 class=\"wp-block-heading\">Bakgrunn<\/h2>\n\n\n\n<p>N\u00e5r det n\u00e5 \u00e5pnes for en mulig byggestart av sv\u00f8mmehallen er vi opptatt av \u00e5 utnytte potensialet for bygget fullt ut. Vi mener det vil v\u00e6re fornuftig \u00e5 bygge turnhall over den nye sv\u00f8mmehallen. P\u00e5 denne m\u00e5ten f\u00e5r vi utnyttet arealkostnadene og sikret at idretten er samlet i \u00d8rsta sentrum. Om vi ikke gj\u00f8r dette er faren stor for at turn m\u00e5 bygge en egen hall utenfor kjerneomr\u00e5det vi har etablert.<\/p>\n\n\n\n<p>Etter mange \u00e5r uten turnaktivitet i \u00d8rsta har ildsjelene i turngruppa skapt aktivitet for mer enn 200 barn og unge. Turn har vist seg \u00e5 v\u00e6re veldig popul\u00e6rt og turngruppa vokste seg ut av \u00d8rstahallen allerede ved oppstarten i 2019. Det er lange ventelister av barn som \u00f8nsker \u00e5 komme i gang med aktiviteter. Begrensningen er f\u00f8rst og fremst tilgang til flere timer, mangel p\u00e5 lagringsplass og en veldig tidkrevende rigging av utstyr for hver \u00f8kt.<\/p>\n\n\n\n<h2 class=\"wp-block-heading\">Mangfold og introduksjon til et aktivt liv<\/h2>\n\n\n\n<p>Turn er en av de idrettsgrener som i sum&nbsp;gir best trenings-verdi i forhold til styrke, bevegelighet, spenst og koordinasjon. \u00c5 v\u00e6re aktiv i turn bringer ogs\u00e5 med seg store fordeler ved ut\u00f8velse av andre idretter. Barn helt ned i tre til fire\u00e5rs-alderen kan ha glede av \u00e5 delta i turn.<\/p>\n\n\n\n<h2 class=\"wp-block-heading\">\u00d8konomi<\/h2>\n\n\n\n<p>Byggeprisen p\u00e5 hallen vil normalt bli p\u00e5 ca kr 25\u201330 millioner inkl. mva. (kr 25-30.000 pr kvm). Her er det lagt opp til en basishall p\u00e5 750 kvm pluss 250 kvm til garderobe, lager og friareal.<\/p>\n\n\n\n<p>Til fradrag kommer tippemidler 6 \u2013 7 millioner. I tillegg gis det full momskompensasjon fra staten for anlegget p\u00e5 25 % av kommunens investering. Dette vil etter fradrag for tilskuddet av tippemidler utgj\u00f8re ca. kr 6 millioner.<\/p>\n\n\n\n<p>Samlet investering, forutsatt kostnad p\u00e5 kr 30.000 pr kvm og 7-9 meters takh\u00f8yde vil v\u00e6re ca. kr 18. millioner.&nbsp;<\/p>\n\n\n\n<p>Turnanlegg (Tilskudd i henhold til Kultur og likestillingsdepartementets \u00abBestemmelser om tilskudd til anlegg for idrett og fysisk aktivitet \u2013 2022\u00bb).<\/p>\n\n\n\n<figure class=\"wp-block-table\"><table><tbody><tr><td><strong>Type<\/strong><strong><\/strong><\/td><td><strong>St\u00f8rrelse<\/strong><strong>(2)<\/strong><strong><\/strong><\/td><td><strong>Takh\u00f8yde<\/strong><strong><\/strong><\/td><td><strong>Maks. tilskudd<\/strong><strong><\/strong><\/td><\/tr><tr><td><em>&nbsp;<\/em> Basishall 1<\/td><td>25 x 20 m min. 500 m2<\/td><td>7 m<\/td><td>kr 4 000 000<\/td><\/tr><tr><td>9 m<\/td><td>kr 4 500 000<\/td><\/tr><tr><td>\u2265 12 m<\/td><td>kr 5 000 000<\/td><\/tr><tr><td><em>&nbsp;<\/em> Basishall 2<\/td><td>25 x 30 m min. 750 m2<\/td><td>7 m<\/td><td>kr 6 000 000<\/td><\/tr><tr><td>9 m<\/td><td>kr 6 700 000<\/td><\/tr><tr><td>\u2265 12 m<\/td><td>kr 7 500 000<\/td><\/tr><tr><td><em>&nbsp;<\/em> Turnhall<\/td><td>25 x 45 m min. 1125 m2<\/td><td>7 m<\/td><td>kr 8 800 000<\/td><\/tr><tr><td>9 m<\/td><td>kr 9 800 000<\/td><\/tr><tr><td>\u2265 12 m<\/td><td>kr 11 300 000<\/td><\/tr><\/tbody><\/table><\/figure>\n\n\n\n<h2 class=\"wp-block-heading\">Resterende areal \u2013 750 KVM<\/h2>\n\n\n\n<p>Dersom man velger en l\u00f8sning slik det er skissert her vil det fremdeles v\u00e6re 750 kvm i en etasje to over sv\u00f8mmehallen. Det kan v\u00e6re hensiktsmessig \u00e5 bygge ut hele arealet for \u00e5 sikre plass til andre behov, eks skytebane.<\/p>\n\n\n\n<h2 class=\"wp-block-heading\">Alternativet ved \u00e5 ta i bruk \u00abGamle \u00d8rstahallen\u00bb.<\/h2>\n\n\n\n<p>Det har blitt foresl\u00e5tt \u00e5 bruke den gamle \u00d8rstahallen til turnhall. Vi tror det er for stor usikkerhet rundt b\u00e5de kostnader og tidsperspektiv til \u00e5 se p\u00e5 dette som et realistisk alternativ.<\/p>\n\n\n\n<p>Hallen benyttes n\u00e5 som lager for kommunen og det er lagt opp til at den skal v\u00e6re dette gjennom hele byggeperioden for nytt kulturhus. Som kjent er byggestart for dette prosjektet uviss. Hallen er pr i dag i sv\u00e6rt d\u00e5rlig forfatning og hvilke kostnader en renovering til turnhall vil medf\u00f8re finnes det ikke noen sikre estimat for.<\/p>\n\n\n\n<p>Vi tror ogs\u00e5 det vil v\u00e6re fornuftig \u00e5 ikke binde hverken bygget eller arealet til en turnhall. I et tidsperspektiv p\u00e5 10-15 \u00e5r vil det v\u00e6re stor sannsynlighet for at \u00d8rsta Ungdomsskole vil ha behov for st\u00f8rre plass.<\/p>\n\n\n\n<p>\u00d8rsta H\u00f8gre<\/p>\n\n\n\n<p>13.juni 2023<\/p>\n\n\n\n<p>Sven Castberg<\/p>\n\n\n\n<p>Leiar<\/p>\n\n\n\n\n\n\n<p><\/p>\n\n\n<div class=\"tags\">\n\t<\/div>\n<div class=\"post-footer alignfull has-background block-editor-block-list__block\" data-align=full>\n\t<div class=\"post-footer-inner\">\n\t\t<h3>Relaterte artikler<\/h3>\n\t\t<div class=\"related-content\"><div class=\"is-card-hoyre\">\n\t<div class=\"teft-card hoyre-teft-card post-teft-card\">\n\t\t<a href=\"https:\/\/hoyre.no\/orsta\/aktuelt\/orsta-hogre-inviterer-til-naeringspolitisk-debatt-pa-tik-onsdag-30-august\/\" class=\"teft-card__primary-action\">\n\n\t\t\t\t\t<div class=\"teft-card__media teft-card__media--16-9\">\n\t\t\t\t\t\t<img loading=\"lazy\" decoding=\"async\" width=\"768\" height=\"576\" src=\"https:\/\/hoyre.no\/content\/uploads\/sites\/88\/2023\/08\/367435805_581219310655294_2887445519653998972_n-768x576.jpg\" class=\"attachment-medium_large size-medium_large\" alt=\"\" srcset=\"https:\/\/hoyre.no\/content\/uploads\/sites\/88\/2023\/08\/367435805_581219310655294_2887445519653998972_n-768x576.jpg 768w, https:\/\/hoyre.no\/content\/uploads\/sites\/88\/2023\/08\/367435805_581219310655294_2887445519653998972_n-300x225.jpg 300w, https:\/\/hoyre.no\/content\/uploads\/sites\/88\/2023\/08\/367435805_581219310655294_2887445519653998972_n-1024x768.jpg 1024w, https:\/\/hoyre.no\/content\/uploads\/sites\/88\/2023\/08\/367435805_581219310655294_2887445519653998972_n-1536x1152.jpg 1536w, https:\/\/hoyre.no\/content\/uploads\/sites\/88\/2023\/08\/367435805_581219310655294_2887445519653998972_n-2048x1536.jpg 2048w\" sizes=\"auto, (max-width: 768px) 100vw, 768px\" \/>\t\t<\/div>\n\t\t\n\t\t\t<div class=\"teft-card__content-wrapper\">\n\t\t\t\t<div class=\"teft-card__secondary\">\n\t\t\t\t\t\n\t\t\t\t\t\t\t\t<div class=\"teft-card__meta\">\n\t\t\t\t\t\t\t\t\t<span class=\"post-date\">23. aug 2023<\/span>\n\n\t\t\t\t\t\t\t\t\t<span class=\"post-category\">Ukategorisert<\/span>\t\t\t\t\t\t\t\t<\/div>\n\t\t\t\t\t\t\t\t\t\t\t<\/div>\n\n\t\t\t\t<div class=\"teft-card__primary\">\n\t\t\t\t\t<h2 class=\"teft-card__title\">\u00d8rsta H\u00f8gre inviterer til n\u00e6ringspolitisk debatt p\u00e5 Tik onsdag 30. august.&nbsp;<span class=\"teft-card__primary-title-append\"><\/span><\/h2>\t\t\t\t<\/div>\n\t\t\t<\/div>\n\t\t<\/a>\n\t<\/div>\n\n\t<\/div><div class=\"is-card-hoyre\">\n\t<div class=\"teft-card hoyre-teft-card post-teft-card\">\n\t\t<a href=\"https:\/\/hoyre.no\/orsta\/aktuelt\/guttorm-hagen-og-orsta-hogre-onskjer-a-setje-fokus-pa-flaum-og-skredsikring-spesielt-pa-liadal-og-i-orsta-sentrum\/\" class=\"teft-card__primary-action\">\n\n\t\t\t\t\t<div class=\"teft-card__media teft-card__media--16-9\">\n\t\t\t\t\t\t<img loading=\"lazy\" decoding=\"async\" width=\"768\" height=\"923\" src=\"https:\/\/hoyre.no\/content\/uploads\/sites\/88\/2023\/05\/20230507_203923-768x923.jpg\" class=\"attachment-medium_large size-medium_large\" alt=\"\" srcset=\"https:\/\/hoyre.no\/content\/uploads\/sites\/88\/2023\/05\/20230507_203923-768x923.jpg 768w, https:\/\/hoyre.no\/content\/uploads\/sites\/88\/2023\/05\/20230507_203923-250x300.jpg 250w, https:\/\/hoyre.no\/content\/uploads\/sites\/88\/2023\/05\/20230507_203923-852x1024.jpg 852w, https:\/\/hoyre.no\/content\/uploads\/sites\/88\/2023\/05\/20230507_203923-1278x1536.jpg 1278w, https:\/\/hoyre.no\/content\/uploads\/sites\/88\/2023\/05\/20230507_203923.jpg 1464w\" sizes=\"auto, (max-width: 768px) 100vw, 768px\" \/>\t\t<\/div>\n\t\t\n\t\t\t<div class=\"teft-card__content-wrapper\">\n\t\t\t\t<div class=\"teft-card__secondary\">\n\t\t\t\t\t\n\t\t\t\t\t\t\t\t<div class=\"teft-card__meta\">\n\t\t\t\t\t\t\t\t\t<span class=\"post-date\">26. jul 2023<\/span>\n\n\t\t\t\t\t\t\t\t\t\t\t\t\t\t\t\t\t<\/div>\n\t\t\t\t\t\t\t\t\t\t\t<\/div>\n\n\t\t\t\t<div class=\"teft-card__primary\">\n\t\t\t\t\t<h2 class=\"teft-card__title\">Guttorm Hagen og \u00d8rsta H\u00f8gre \u00f8nskjer \u00e5 setje fokus p\u00e5 flaum- og skredsikring- spesielt p\u00e5 Liadal og i \u00d8rsta sentrum.&nbsp;<span class=\"teft-card__primary-title-append\"><\/span><\/h2>\t\t\t\t<\/div>\n\t\t\t<\/div>\n\t\t<\/a>\n\t<\/div>\n\n\t<\/div><div class=\"is-card-hoyre\">\n\t<div class=\"teft-card hoyre-teft-card post-teft-card\">\n\t\t<a href=\"https:\/\/hoyre.no\/orsta\/aktuelt\/lista-er-klar\/\" class=\"teft-card__primary-action\">\n\n\t\t\t\t\t<div class=\"teft-card__media teft-card__media--16-9\">\n\t\t\t\t\t\t<img loading=\"lazy\" decoding=\"async\" width=\"768\" height=\"576\" src=\"https:\/\/hoyre.no\/content\/uploads\/sites\/88\/2023\/01\/IMG_1942-768x576.jpg\" class=\"attachment-medium_large size-medium_large\" alt=\"\" srcset=\"https:\/\/hoyre.no\/content\/uploads\/sites\/88\/2023\/01\/IMG_1942-768x576.jpg 768w, https:\/\/hoyre.no\/content\/uploads\/sites\/88\/2023\/01\/IMG_1942-300x225.jpg 300w, https:\/\/hoyre.no\/content\/uploads\/sites\/88\/2023\/01\/IMG_1942-1024x768.jpg 1024w, https:\/\/hoyre.no\/content\/uploads\/sites\/88\/2023\/01\/IMG_1942-1536x1152.jpg 1536w, https:\/\/hoyre.no\/content\/uploads\/sites\/88\/2023\/01\/IMG_1942-2048x1536.jpg 2048w\" sizes=\"auto, (max-width: 768px) 100vw, 768px\" \/>\t\t<\/div>\n\t\t\n\t\t\t<div class=\"teft-card__content-wrapper\">\n\t\t\t\t<div class=\"teft-card__secondary\">\n\t\t\t\t\t\n\t\t\t\t\t\t\t\t<div class=\"teft-card__meta\">\n\t\t\t\t\t\t\t\t\t<span class=\"post-date\">31. jan 2023<\/span>\n\n\t\t\t\t\t\t\t\t\t\t\t\t\t\t\t\t\t<\/div>\n\t\t\t\t\t\t\t\t\t\t\t<\/div>\n\n\t\t\t\t<div class=\"teft-card__primary\">\n\t\t\t\t\t<h2 class=\"teft-card__title\">Lista er klar!&nbsp;<span class=\"teft-card__primary-title-append\"><\/span><\/h2>\t\t\t\t<\/div>\n\t\t\t<\/div>\n\t\t<\/a>\n\t<\/div>\n\n\t<\/div><\/div>\t<\/div>\n<\/div>\n","protected":false},"excerpt":{"rendered":"<p>Bakgrunn N\u00e5r det n\u00e5 \u00e5pnes for en mulig byggestart av sv\u00f8mmehallen er vi opptatt av \u00e5 utnytte potensialet for bygget fullt ut. Vi mener det vil v\u00e6re fornuftig \u00e5 bygge turnhall over den nye sv\u00f8mmehallen. P\u00e5 denne m\u00e5ten f\u00e5r vi utnyttet arealkostnadene og sikret at idretten er samlet i \u00d8rsta sentrum. Om vi ikke gj\u00f8r [&hellip;]<\/p>\n","protected":false},"author":30082,"featured_media":0,"comment_status":"closed","ping_status":"closed","sticky":true,"template":"","format":"standard","meta":{"teft_cards_image_url":"","teft_cards_custom_pretitle":"","teft_cards_image_id":463,"teft_cards_image_focal_point_x":0.5,"teft_cards_image_focal_point_y":0.5,"teft_cards_title":"","teft_cards_excerpt":"","teft_show_chapters":false,"author_display_name":"","footnotes":""},"category":[1],"post_tag":[],"hoyre-visibility":[],"article-type":[],"politician":[],"class_list":["post-462","post","type-post","status-publish","format-standard","hentry","category-ukategorisert"],"yoast_head":"<!-- This site is optimized with the Yoast SEO plugin v26.6 - https:\/\/yoast.com\/wordpress\/plugins\/seo\/ -->\n<title>\u00d8rsta h\u00f8gre vil ha turnhall p\u00e5 toppen av symjeanlegget! - \u00d8rsta H\u00f8gre<\/title>\n<meta name=\"robots\" content=\"index, follow, max-snippet:-1, max-image-preview:large, max-video-preview:-1\" \/>\n<link rel=\"canonical\" href=\"https:\/\/hoyre.no\/orsta\/aktuelt\/orsta-hogre-vil-ha-turnhall-pa-toppen-av-symjeanlegget\/\" \/>\n<meta property=\"og:locale\" content=\"nn_NO\" \/>\n<meta property=\"og:type\" content=\"article\" \/>\n<meta property=\"og:title\" content=\"\u00d8rsta h\u00f8gre vil ha turnhall p\u00e5 toppen av symjeanlegget! - \u00d8rsta H\u00f8gre\" \/>\n<meta property=\"og:description\" content=\"Bakgrunn N\u00e5r det n\u00e5 \u00e5pnes for en mulig byggestart av sv\u00f8mmehallen er vi opptatt av \u00e5 utnytte potensialet for bygget fullt ut. Vi mener det vil v\u00e6re fornuftig \u00e5 bygge turnhall over den nye sv\u00f8mmehallen. P\u00e5 denne m\u00e5ten f\u00e5r vi utnyttet arealkostnadene og sikret at idretten er samlet i \u00d8rsta sentrum. Om vi ikke gj\u00f8r [&hellip;]\" \/>\n<meta property=\"og:url\" content=\"https:\/\/hoyre.no\/orsta\/aktuelt\/orsta-hogre-vil-ha-turnhall-pa-toppen-av-symjeanlegget\/\" \/>\n<meta property=\"og:site_name\" content=\"\u00d8rsta H\u00f8gre\" \/>\n<meta property=\"article:published_time\" content=\"2023-06-17T10:52:26+00:00\" \/>\n<meta property=\"article:modified_time\" content=\"2023-06-17T11:03:13+00:00\" \/>\n<meta property=\"og:image\" content=\"https:\/\/hoyre.no\/content\/uploads\/sites\/88\/2023\/01\/IMG_1942-1024x768.jpg\" \/>\n<meta name=\"author\" content=\"Sven Castberg\" \/>\n<meta name=\"twitter:card\" content=\"summary_large_image\" \/>\n<meta name=\"twitter:label1\" content=\"Written by\" \/>\n\t<meta name=\"twitter:data1\" content=\"Sven Castberg\" \/>\n\t<meta name=\"twitter:label2\" content=\"Est. reading time\" \/>\n\t<meta name=\"twitter:data2\" content=\"4 minutt\" \/>\n<script type=\"application\/ld+json\" class=\"yoast-schema-graph\">{\"@context\":\"https:\/\/schema.org\",\"@graph\":[{\"@type\":\"NewsArticle\",\"@id\":\"https:\/\/hoyre.no\/orsta\/aktuelt\/orsta-hogre-vil-ha-turnhall-pa-toppen-av-symjeanlegget\/\",\"url\":\"https:\/\/hoyre.no\/orsta\/aktuelt\/orsta-hogre-vil-ha-turnhall-pa-toppen-av-symjeanlegget\/\",\"name\":\"\u00d8rsta h\u00f8gre vil ha turnhall p\u00e5 toppen av symjeanlegget! - \u00d8rsta H\u00f8gre\",\"isPartOf\":{\"@id\":\"https:\/\/hoyre.no\/orsta\/#website\"},\"datePublished\":\"2023-06-17T10:52:26+00:00\",\"dateModified\":\"2023-06-17T11:03:13+00:00\",\"author\":{\"@id\":\"https:\/\/hoyre.no\/orsta\/#\/schema\/person\/37e29634addc2283db7772aac4ecea49\"},\"breadcrumb\":{\"@id\":\"https:\/\/hoyre.no\/orsta\/aktuelt\/orsta-hogre-vil-ha-turnhall-pa-toppen-av-symjeanlegget\/#breadcrumb\"},\"inLanguage\":\"nn-NO\",\"potentialAction\":[{\"@type\":\"ReadAction\",\"target\":[\"https:\/\/hoyre.no\/orsta\/aktuelt\/orsta-hogre-vil-ha-turnhall-pa-toppen-av-symjeanlegget\/\"]}]},{\"@type\":\"BreadcrumbList\",\"@id\":\"https:\/\/hoyre.no\/orsta\/aktuelt\/orsta-hogre-vil-ha-turnhall-pa-toppen-av-symjeanlegget\/#breadcrumb\",\"itemListElement\":[{\"@type\":\"ListItem\",\"position\":1,\"name\":\"Til hoyre.no\",\"item\":\"https:\/\/hoyre.no\"},{\"@type\":\"ListItem\",\"position\":2,\"name\":\"Hjem\",\"item\":\"https:\/\/hoyre.no\/orsta\/\"},{\"@type\":\"ListItem\",\"position\":3,\"name\":\"\u00d8rsta h\u00f8gre vil ha turnhall p\u00e5 toppen av symjeanlegget!\"}]},{\"@type\":\"WebSite\",\"@id\":\"https:\/\/hoyre.no\/orsta\/#website\",\"url\":\"https:\/\/hoyre.no\/orsta\/\",\"name\":\"\u00d8rsta H\u00f8gre\",\"description\":\"Bare enda et H\u00f8yres nettsteder-nettsted\",\"inLanguage\":\"nn-NO\"},{\"@type\":\"Person\",\"@id\":\"https:\/\/hoyre.no\/orsta\/#\/schema\/person\/37e29634addc2283db7772aac4ecea49\",\"name\":\"Sven Castberg\",\"image\":{\"@type\":\"ImageObject\",\"inLanguage\":\"nn-NO\",\"@id\":\"https:\/\/hoyre.no\/orsta\/#\/schema\/person\/image\/\",\"url\":\"https:\/\/secure.gravatar.com\/avatar\/be0c8f472c5a868a6a6c8d4ca5959431d3935ef1d9522dd2f68c006e636d9abd?s=96&d=mm&r=g\",\"contentUrl\":\"https:\/\/secure.gravatar.com\/avatar\/be0c8f472c5a868a6a6c8d4ca5959431d3935ef1d9522dd2f68c006e636d9abd?s=96&d=mm&r=g\",\"caption\":\"Sven Castberg\"},\"url\":\"https:\/\/hoyre.no\/orsta\/aktuelt\/author\/m50167121\/\"}]}<\/script>\n<!-- \/ Yoast SEO plugin. -->","yoast_head_json":{"title":"\u00d8rsta h\u00f8gre vil ha turnhall p\u00e5 toppen av symjeanlegget! - \u00d8rsta H\u00f8gre","robots":{"index":"index","follow":"follow","max-snippet":"max-snippet:-1","max-image-preview":"max-image-preview:large","max-video-preview":"max-video-preview:-1"},"canonical":"https:\/\/hoyre.no\/orsta\/aktuelt\/orsta-hogre-vil-ha-turnhall-pa-toppen-av-symjeanlegget\/","og_locale":"nn_NO","og_type":"article","og_title":"\u00d8rsta h\u00f8gre vil ha turnhall p\u00e5 toppen av symjeanlegget! - \u00d8rsta H\u00f8gre","og_description":"Bakgrunn N\u00e5r det n\u00e5 \u00e5pnes for en mulig byggestart av sv\u00f8mmehallen er vi opptatt av \u00e5 utnytte potensialet for bygget fullt ut. Vi mener det vil v\u00e6re fornuftig \u00e5 bygge turnhall over den nye sv\u00f8mmehallen. P\u00e5 denne m\u00e5ten f\u00e5r vi utnyttet arealkostnadene og sikret at idretten er samlet i \u00d8rsta sentrum. Om vi ikke gj\u00f8r [&hellip;]","og_url":"https:\/\/hoyre.no\/orsta\/aktuelt\/orsta-hogre-vil-ha-turnhall-pa-toppen-av-symjeanlegget\/","og_site_name":"\u00d8rsta H\u00f8gre","article_published_time":"2023-06-17T10:52:26+00:00","article_modified_time":"2023-06-17T11:03:13+00:00","og_image":[{"url":"https:\/\/hoyre.no\/content\/uploads\/sites\/88\/2023\/01\/IMG_1942-1024x768.jpg","width":"","height":"","type":""}],"author":"Sven Castberg","twitter_card":"summary_large_image","twitter_misc":{"Written by":"Sven Castberg","Est. reading time":"4 minutt"},"schema":{"@context":"https:\/\/schema.org","@graph":[{"@type":"NewsArticle","@id":"https:\/\/hoyre.no\/orsta\/aktuelt\/orsta-hogre-vil-ha-turnhall-pa-toppen-av-symjeanlegget\/","url":"https:\/\/hoyre.no\/orsta\/aktuelt\/orsta-hogre-vil-ha-turnhall-pa-toppen-av-symjeanlegget\/","name":"\u00d8rsta h\u00f8gre vil ha turnhall p\u00e5 toppen av symjeanlegget! - \u00d8rsta H\u00f8gre","isPartOf":{"@id":"https:\/\/hoyre.no\/orsta\/#website"},"datePublished":"2023-06-17T10:52:26+00:00","dateModified":"2023-06-17T11:03:13+00:00","author":{"@id":"https:\/\/hoyre.no\/orsta\/#\/schema\/person\/37e29634addc2283db7772aac4ecea49"},"breadcrumb":{"@id":"https:\/\/hoyre.no\/orsta\/aktuelt\/orsta-hogre-vil-ha-turnhall-pa-toppen-av-symjeanlegget\/#breadcrumb"},"inLanguage":"nn-NO","potentialAction":[{"@type":"ReadAction","target":["https:\/\/hoyre.no\/orsta\/aktuelt\/orsta-hogre-vil-ha-turnhall-pa-toppen-av-symjeanlegget\/"]}]},{"@type":"BreadcrumbList","@id":"https:\/\/hoyre.no\/orsta\/aktuelt\/orsta-hogre-vil-ha-turnhall-pa-toppen-av-symjeanlegget\/#breadcrumb","itemListElement":[{"@type":"ListItem","position":1,"name":"Til hoyre.no","item":"https:\/\/hoyre.no"},{"@type":"ListItem","position":2,"name":"Hjem","item":"https:\/\/hoyre.no\/orsta\/"},{"@type":"ListItem","position":3,"name":"\u00d8rsta h\u00f8gre vil ha turnhall p\u00e5 toppen av symjeanlegget!"}]},{"@type":"WebSite","@id":"https:\/\/hoyre.no\/orsta\/#website","url":"https:\/\/hoyre.no\/orsta\/","name":"\u00d8rsta H\u00f8gre","description":"Bare enda et H\u00f8yres nettsteder-nettsted","inLanguage":"nn-NO"},{"@type":"Person","@id":"https:\/\/hoyre.no\/orsta\/#\/schema\/person\/37e29634addc2283db7772aac4ecea49","name":"Sven Castberg","image":{"@type":"ImageObject","inLanguage":"nn-NO","@id":"https:\/\/hoyre.no\/orsta\/#\/schema\/person\/image\/","url":"https:\/\/secure.gravatar.com\/avatar\/be0c8f472c5a868a6a6c8d4ca5959431d3935ef1d9522dd2f68c006e636d9abd?s=96&d=mm&r=g","contentUrl":"https:\/\/secure.gravatar.com\/avatar\/be0c8f472c5a868a6a6c8d4ca5959431d3935ef1d9522dd2f68c006e636d9abd?s=96&d=mm&r=g","caption":"Sven Castberg"},"url":"https:\/\/hoyre.no\/orsta\/aktuelt\/author\/m50167121\/"}]}},"distributor_meta":false,"distributor_terms":false,"distributor_media":false,"distributor_original_site_name":"\u00d8rsta H\u00f8gre","distributor_original_site_url":"https:\/\/hoyre.no\/orsta","push-errors":false,"_links":{"self":[{"href":"https:\/\/hoyre.no\/orsta\/wp-json\/wp\/v2\/posts\/462","targetHints":{"allow":["GET"]}}],"collection":[{"href":"https:\/\/hoyre.no\/orsta\/wp-json\/wp\/v2\/posts"}],"about":[{"href":"https:\/\/hoyre.no\/orsta\/wp-json\/wp\/v2\/types\/post"}],"author":[{"embeddable":true,"href":"https:\/\/hoyre.no\/orsta\/wp-json\/wp\/v2\/users\/30082"}],"replies":[{"embeddable":true,"href":"https:\/\/hoyre.no\/orsta\/wp-json\/wp\/v2\/comments?post=462"}],"version-history":[{"count":3,"href":"https:\/\/hoyre.no\/orsta\/wp-json\/wp\/v2\/posts\/462\/revisions"}],"predecessor-version":[{"id":468,"href":"https:\/\/hoyre.no\/orsta\/wp-json\/wp\/v2\/posts\/462\/revisions\/468"}],"wp:attachment":[{"href":"https:\/\/hoyre.no\/orsta\/wp-json\/wp\/v2\/media?parent=462"}],"wp:term":[{"taxonomy":"category","embeddable":true,"href":"https:\/\/hoyre.no\/orsta\/wp-json\/wp\/v2\/category?post=462"},{"taxonomy":"post_tag","embeddable":true,"href":"https:\/\/hoyre.no\/orsta\/wp-json\/wp\/v2\/post_tag?post=462"},{"taxonomy":"hoyre-visibility","embeddable":true,"href":"https:\/\/hoyre.no\/orsta\/wp-json\/wp\/v2\/hoyre-visibility?post=462"},{"taxonomy":"article-type","embeddable":true,"href":"https:\/\/hoyre.no\/orsta\/wp-json\/wp\/v2\/article-type?post=462"},{"taxonomy":"politician","embeddable":true,"href":"https:\/\/hoyre.no\/orsta\/wp-json\/wp\/v2\/politician?post=462"}],"curies":[{"name":"wp","href":"https:\/\/api.w.org\/{rel}","templated":true}]}}