{"id":493,"date":"2023-07-26T16:09:54","date_gmt":"2023-07-26T14:09:54","guid":{"rendered":"https:\/\/hoyre.no\/orsta\/?p=493"},"modified":"2023-07-26T18:06:59","modified_gmt":"2023-07-26T16:06:59","slug":"guttorm-hagen-og-orsta-hogre-onskjer-a-setje-fokus-pa-flaum-og-skredsikring-spesielt-pa-liadal-og-i-orsta-sentrum","status":"publish","type":"post","link":"https:\/\/hoyre.no\/orsta\/aktuelt\/guttorm-hagen-og-orsta-hogre-onskjer-a-setje-fokus-pa-flaum-og-skredsikring-spesielt-pa-liadal-og-i-orsta-sentrum\/","title":{"rendered":"Guttorm Hagen og \u00d8rsta H\u00f8gre \u00f8nskjer \u00e5 setje fokus p\u00e5 flaum- og skredsikring- spesielt p\u00e5 Liadal og i \u00d8rsta sentrum."},"content":{"rendered":"\n<p class=\"preamble\">\u2013 To ti\u00e5r etter storflaumen er vernet framleis ikkje godt nok<\/p>\t\t\t<div class=\"post-meta wp-block teft-byline-wrapper\">\n\t\t\t\t<div class=\"top\">\n\t\t\t\t\t<div class=\"signature\">\n\t\t\t\t\t\t<div class=\"teft-byline\">\n\t\t\t\t\t\t\t\t\t\t\t\t\t\t<div>\n\t\t\t\t\t\t\t\t<h3>H\u00f8yres redaksjon<\/h3>\t\t\t\t\t\t\t\t\n\t\t\t\t\t\t\t\t\t\t\t\t\t\t\t\t\t<span class=\"date\">Sist oppdatert: 26. juli 2023<\/span>\n\t\t\t\t\t\t\t\t\t\t\t\t\t\t\t\t\t\t\t\t\t\t\t\t\t<span class=\"reading-time\" itemprop=\"timeRequired\" content=\"PT3M\"><em>Ca. 3 minutter lesetid<\/em><\/span>\n\t\t\t\t\t\t\t\t\t\t\t\t\t\t\t<\/div>\n\t\t\t\t\t\t<\/div>\n\t\t\t\t\t<\/div>\n\t\t\t\t\t\t<div class=\"sharing\">\n\t\t<a class=\"share-button share-link copy-link\" data-copy=\"https:\/\/hoyre.no\/orsta\/aktuelt\/guttorm-hagen-og-orsta-hogre-onskjer-a-setje-fokus-pa-flaum-og-skredsikring-spesielt-pa-liadal-og-i-orsta-sentrum\/\" target=\"_blank\"><span class=\"screen-reader-text\">Del link<\/span><\/a>\n\t\t<a class=\"share-button share-twitter\" href=\"http:\/\/twitter.com\/share?text=Guttorm Hagen og \u00d8rsta H\u00f8gre \u00f8nskjer \u00e5 setje fokus p\u00e5 flaum- og skredsikring- spesielt p\u00e5 Liadal og i \u00d8rsta sentrum.&#038;url=https:\/\/hoyre.no\/orsta\/aktuelt\/guttorm-hagen-og-orsta-hogre-onskjer-a-setje-fokus-pa-flaum-og-skredsikring-spesielt-pa-liadal-og-i-orsta-sentrum\/&#038;hashtags=Hoyre\" target=\"_blank\"><span class=\"screen-reader-text\">Del p\u00e5 twitter<\/span><\/a>\n\t\t<a class=\"share-button share-facebook\" href=\"https:\/\/www.facebook.com\/sharer\/sharer.php?u=https:\/\/hoyre.no\/orsta\/aktuelt\/guttorm-hagen-og-orsta-hogre-onskjer-a-setje-fokus-pa-flaum-og-skredsikring-spesielt-pa-liadal-og-i-orsta-sentrum\/\" target=\"_blank\"><span class=\"screen-reader-text\">Del p\u00e5 facebook<\/span><\/a>\n\t<\/div>\n\t\t\t\t\t<\/div>\n\t\t\t<\/div>\n\n\t\t\t<figure class=\"hoyre-image-wrapper\"><div class=\"hoyre-image\"><img loading=\"lazy\" decoding=\"async\" width=\"1464\" height=\"1760\" src=\"https:\/\/hoyre.no\/content\/uploads\/sites\/88\/2023\/05\/Guttorm-1.jpg\" class=\"attachment-scaled size-scaled\" alt=\"\" style=\"object-position: 50% 50%\" srcset=\"https:\/\/hoyre.no\/content\/uploads\/sites\/88\/2023\/05\/Guttorm-1.jpg 1464w, https:\/\/hoyre.no\/content\/uploads\/sites\/88\/2023\/05\/Guttorm-1-250x300.jpg 250w, https:\/\/hoyre.no\/content\/uploads\/sites\/88\/2023\/05\/Guttorm-1-852x1024.jpg 852w, https:\/\/hoyre.no\/content\/uploads\/sites\/88\/2023\/05\/Guttorm-1-768x923.jpg 768w, https:\/\/hoyre.no\/content\/uploads\/sites\/88\/2023\/05\/Guttorm-1-1278x1536.jpg 1278w\" sizes=\"auto, (max-width: 1464px) 100vw, 1464px\" \/><\/div><figcaption class=\"caption\">Guttorm Hagen<br><br><\/figcaption><\/figure>\n\n\n\n<h2 class=\"is-style-large wp-block-heading\">Flaum- og skredsikring i \u00d8rsta<\/h2>\n\n\n\n<p class=\"is-style-large\">\u00d8rsta H\u00f8gre vil arbeide for vidare utbygging av skredvern i utsette omr\u00e5de. Nye omr\u00e5de kan frigjevast til bustadbygging og n\u00e6ring om omr\u00e5da vert sikra. <\/p>\n\n\n\n<p>\u00d8rsta H\u00f8gre vil ogs\u00e5 arbeide for vedlikehald og forsterking av flaumsikring av elvar. God f\u00f8rebygging utgjer god samfunns\u00f8konomi i staden for \u00e5 vente til nye skadar skjer.<br>\u00d8rsta kommune har innhenta denne rapporten fr\u00e5 NVE:<br>Rapport&nbsp;nr&nbsp;232015 Skredfarekartlegging&nbsp;i&nbsp;\u00d8rsta&nbsp;kommune<br>Sn\u00f8skred,&nbsp;s\u00f8rpeskred,&nbsp;steinsprang,&nbsp;jordskred,&nbsp;flomskred: \u00ab8.5.6 Sekund\u00e6reffekter <\/p>\n\n\n\n<p>Skred som treff Liadalselva har tidligare f\u00f8rt til flaumliknande situasjonar i Liadal. Det er historiske opplysingar om stor transport av tre og lausmassar i elva, og oversv\u00f8mming av Liadal sentrum (H\u00e5voll). Vi vurderer flaumsikringa i sentrum av Liadal som utilstrekkeleg til \u00e5 handtere ei flaumstor elv med stor massetransport. Det er spesielt omr\u00e5det oppstraums for den \u00f8vre brua som er kritisk for sikkerheita til bygningane p\u00e5 H\u00e5voll.\u00bb<br><\/p>\n\n\n\n<p>I august 2003 var det skadeflaum i og kring Liadalselva. Styrtregn f\u00f8rde til at elva vart sv\u00e6rt stor, og det var ein liknande storflaum i 1903. I NVE-rapporten gjeng det fram at flaumsikringa ikkje er god nok, noko som er eit alvorleg avvik. Avviket er ikkje utbetra.<\/p>\n\n\n\n<p><br>\u00d8rsta kommune b\u00f8r vere p\u00e5drivar for \u00e5 f\u00e5 utbetre og forsterke flaumvernet. Lenger framme b\u00f8r det vurderast \u00e5 etablere massebasseng. Lenger framme i dalen ligg det framleis mykje stein og lausmassar som kan verte f\u00f8rt ned i nye flaumar.<br>Denne augustkvelden og natta var ogs\u00e5 Vikelva flaumstor og det var like f\u00f8r ho rann over vest for Olavsgata. Det gamle flaumvernet og elvebotnen m\u00e5 synfarast fr\u00e5 \u00d8rsta kyrkjegard og oppover, og storvaksen skog som veks ut fr\u00e5 elvef\u00f8rebygginga m\u00e5 fellast. Om store tre vert rivne med i flaumen kan r\u00f8tene og trea verke som ei brekkstong p\u00e5 steinblokkene i f\u00f8rebygginga. Truleg b\u00f8r flaumvernet forsterkast nokre stader.<br><\/p>\n\n\n\n<p>D\u00e5 det var flaum i Vikelva kunne eg h\u00f8yre og kjenne at fleire store steinar vart f\u00f8rde med flaumen nedover under brua i H\u00e5konsgata. NVE si kartlegging tilseier at elvel\u00f8pet er utsett for s\u00f8rpeskred og flaum, heilt ned til kyrkjegarden.<br><\/p>\n\n\n\n<p>Med flaum- og skredsikring kan noverande og framtidig busetnad og infrastruktur sikrast. P\u00e5 den m\u00e5ten kan nye areal frigjevast til buomr\u00e5de, utan \u00e5 kome nemnande i konflikt med jordvern.<br><\/p>\n\n\n\n<p>\u00d8rsta kommune b\u00f8r nytte NVE-rapporten aktivt. Denne rapporten b\u00f8r ikkje berre nyttast til \u00e5 gje avslag p\u00e5 ulike s\u00f8knader.<br>Eigna overskotsmasse kan nyttast til skredvern.<br>Viktige bruer som E39brua i Barstadvik b\u00f8r kontrollerast og styrkast slik at dei toler stor flaum, stein, store tre og is som verte f\u00f8rde nedover med flaum.<br>I 2003 vart riksvegbrua skadd i Liadal og det vart sett opp ekstraferje mellom Rj\u00e5nes og Volda. Om ei E39-bru i \u00d8rsta vert skadd av ny flaum vil det straks medf\u00f8re store konsekvensar.<br>I 2003 kom det styrtregn i fleire omr\u00e5de. Om det kjem styrtregn og det vert sn\u00f8smelte samstundes kan situasjonen verte meir alvorleg.<\/p>\n\n\n\n<div class=\"tags\">\n\t<\/div>\n<div class=\"post-footer alignfull has-background block-editor-block-list__block\" data-align=full>\n\t<div class=\"post-footer-inner\">\n\t\t<h3>Relaterte artikler<\/h3>\n\t\t<div class=\"related-content\"><div class=\"is-card-hoyre\">\n\t<div class=\"teft-card hoyre-teft-card post-teft-card\">\n\t\t<a href=\"https:\/\/hoyre.no\/orsta\/aktuelt\/orsta-hogre-vil-ha-turnhall-pa-toppen-av-symjeanlegget\/\" class=\"teft-card__primary-action\">\n\n\t\t\t\t\t<div class=\"teft-card__media teft-card__media--16-9\">\n\t\t\t\t\t\t<img loading=\"lazy\" decoding=\"async\" width=\"768\" height=\"533\" src=\"https:\/\/hoyre.no\/content\/uploads\/sites\/88\/2023\/06\/Turnhall-768x533.jpg\" class=\"attachment-medium_large size-medium_large\" alt=\"\" srcset=\"https:\/\/hoyre.no\/content\/uploads\/sites\/88\/2023\/06\/Turnhall-768x533.jpg 768w, https:\/\/hoyre.no\/content\/uploads\/sites\/88\/2023\/06\/Turnhall-300x208.jpg 300w, https:\/\/hoyre.no\/content\/uploads\/sites\/88\/2023\/06\/Turnhall.jpg 927w\" sizes=\"auto, (max-width: 768px) 100vw, 768px\" \/>\t\t<\/div>\n\t\t\n\t\t\t<div class=\"teft-card__content-wrapper\">\n\t\t\t\t<div class=\"teft-card__secondary\">\n\t\t\t\t\t\n\t\t\t\t\t\t\t\t<div class=\"teft-card__meta\">\n\t\t\t\t\t\t\t\t\t<span class=\"post-date\">17. jun 2023<\/span>\n\n\t\t\t\t\t\t\t\t\t\t\t\t\t\t\t\t\t<\/div>\n\t\t\t\t\t\t\t\t\t\t\t<\/div>\n\n\t\t\t\t<div class=\"teft-card__primary\">\n\t\t\t\t\t<h2 class=\"teft-card__title\">\u00d8rsta h\u00f8gre vil ha turnhall p\u00e5 toppen av symjeanlegget!&nbsp;<span class=\"teft-card__primary-title-append\"><\/span><\/h2>\t\t\t\t<\/div>\n\t\t\t<\/div>\n\t\t<\/a>\n\t<\/div>\n\n\t<\/div><div class=\"is-card-hoyre\">\n\t<div class=\"teft-card hoyre-teft-card post-teft-card\">\n\t\t<a href=\"https:\/\/hoyre.no\/orsta\/aktuelt\/orsta-hogre-inviterer-til-naeringspolitisk-debatt-pa-tik-onsdag-30-august\/\" class=\"teft-card__primary-action\">\n\n\t\t\t\t\t<div class=\"teft-card__media teft-card__media--16-9\">\n\t\t\t\t\t\t<img loading=\"lazy\" decoding=\"async\" width=\"768\" height=\"576\" src=\"https:\/\/hoyre.no\/content\/uploads\/sites\/88\/2023\/08\/367435805_581219310655294_2887445519653998972_n-768x576.jpg\" class=\"attachment-medium_large size-medium_large\" alt=\"\" srcset=\"https:\/\/hoyre.no\/content\/uploads\/sites\/88\/2023\/08\/367435805_581219310655294_2887445519653998972_n-768x576.jpg 768w, https:\/\/hoyre.no\/content\/uploads\/sites\/88\/2023\/08\/367435805_581219310655294_2887445519653998972_n-300x225.jpg 300w, https:\/\/hoyre.no\/content\/uploads\/sites\/88\/2023\/08\/367435805_581219310655294_2887445519653998972_n-1024x768.jpg 1024w, https:\/\/hoyre.no\/content\/uploads\/sites\/88\/2023\/08\/367435805_581219310655294_2887445519653998972_n-1536x1152.jpg 1536w, https:\/\/hoyre.no\/content\/uploads\/sites\/88\/2023\/08\/367435805_581219310655294_2887445519653998972_n-2048x1536.jpg 2048w\" sizes=\"auto, (max-width: 768px) 100vw, 768px\" \/>\t\t<\/div>\n\t\t\n\t\t\t<div class=\"teft-card__content-wrapper\">\n\t\t\t\t<div class=\"teft-card__secondary\">\n\t\t\t\t\t\n\t\t\t\t\t\t\t\t<div class=\"teft-card__meta\">\n\t\t\t\t\t\t\t\t\t<span class=\"post-date\">23. aug 2023<\/span>\n\n\t\t\t\t\t\t\t\t\t<span class=\"post-category\">Ukategorisert<\/span>\t\t\t\t\t\t\t\t<\/div>\n\t\t\t\t\t\t\t\t\t\t\t<\/div>\n\n\t\t\t\t<div class=\"teft-card__primary\">\n\t\t\t\t\t<h2 class=\"teft-card__title\">\u00d8rsta H\u00f8gre inviterer til n\u00e6ringspolitisk debatt p\u00e5 Tik onsdag 30. august.&nbsp;<span class=\"teft-card__primary-title-append\"><\/span><\/h2>\t\t\t\t<\/div>\n\t\t\t<\/div>\n\t\t<\/a>\n\t<\/div>\n\n\t<\/div><div class=\"is-card-hoyre\">\n\t<div class=\"teft-card hoyre-teft-card post-teft-card\">\n\t\t<a href=\"https:\/\/hoyre.no\/orsta\/aktuelt\/lista-er-klar\/\" class=\"teft-card__primary-action\">\n\n\t\t\t\t\t<div class=\"teft-card__media teft-card__media--16-9\">\n\t\t\t\t\t\t<img loading=\"lazy\" decoding=\"async\" width=\"768\" height=\"576\" src=\"https:\/\/hoyre.no\/content\/uploads\/sites\/88\/2023\/01\/IMG_1942-768x576.jpg\" class=\"attachment-medium_large size-medium_large\" alt=\"\" srcset=\"https:\/\/hoyre.no\/content\/uploads\/sites\/88\/2023\/01\/IMG_1942-768x576.jpg 768w, https:\/\/hoyre.no\/content\/uploads\/sites\/88\/2023\/01\/IMG_1942-300x225.jpg 300w, https:\/\/hoyre.no\/content\/uploads\/sites\/88\/2023\/01\/IMG_1942-1024x768.jpg 1024w, https:\/\/hoyre.no\/content\/uploads\/sites\/88\/2023\/01\/IMG_1942-1536x1152.jpg 1536w, https:\/\/hoyre.no\/content\/uploads\/sites\/88\/2023\/01\/IMG_1942-2048x1536.jpg 2048w\" sizes=\"auto, (max-width: 768px) 100vw, 768px\" \/>\t\t<\/div>\n\t\t\n\t\t\t<div class=\"teft-card__content-wrapper\">\n\t\t\t\t<div class=\"teft-card__secondary\">\n\t\t\t\t\t\n\t\t\t\t\t\t\t\t<div class=\"teft-card__meta\">\n\t\t\t\t\t\t\t\t\t<span class=\"post-date\">31. jan 2023<\/span>\n\n\t\t\t\t\t\t\t\t\t\t\t\t\t\t\t\t\t<\/div>\n\t\t\t\t\t\t\t\t\t\t\t<\/div>\n\n\t\t\t\t<div class=\"teft-card__primary\">\n\t\t\t\t\t<h2 class=\"teft-card__title\">Lista er klar!&nbsp;<span class=\"teft-card__primary-title-append\"><\/span><\/h2>\t\t\t\t<\/div>\n\t\t\t<\/div>\n\t\t<\/a>\n\t<\/div>\n\n\t<\/div><\/div>\t<\/div>\n<\/div>\n","protected":false},"excerpt":{"rendered":"<p>Flaum- og skredsikring i \u00d8rsta \u00d8rsta H\u00f8gre vil arbeide for vidare utbygging av skredvern i utsette omr\u00e5de. Nye omr\u00e5de kan frigjevast til bustadbygging og n\u00e6ring om omr\u00e5da vert sikra. \u00d8rsta H\u00f8gre vil ogs\u00e5 arbeide for vedlikehald og forsterking av flaumsikring av elvar. God f\u00f8rebygging utgjer god samfunns\u00f8konomi i staden for \u00e5 vente til nye skadar [&hellip;]<\/p>\n","protected":false},"author":30082,"featured_media":0,"comment_status":"closed","ping_status":"closed","sticky":false,"template":"","format":"standard","meta":{"teft_cards_image_url":"","teft_cards_custom_pretitle":"","teft_cards_image_id":384,"teft_cards_image_focal_point_x":0.57,"teft_cards_image_focal_point_y":0.11,"teft_cards_title":"","teft_cards_excerpt":"","teft_show_chapters":false,"author_display_name":"","footnotes":""},"category":[1],"post_tag":[],"hoyre-visibility":[],"article-type":[],"politician":[],"class_list":["post-493","post","type-post","status-publish","format-standard","hentry","category-ukategorisert"],"yoast_head":"<!-- This site is optimized with the Yoast SEO plugin v26.6 - https:\/\/yoast.com\/wordpress\/plugins\/seo\/ -->\n<title>Guttorm Hagen og \u00d8rsta H\u00f8gre \u00f8nskjer \u00e5 setje fokus p\u00e5 flaum- og skredsikring- spesielt p\u00e5 Liadal og i \u00d8rsta sentrum. - \u00d8rsta H\u00f8gre<\/title>\n<meta name=\"robots\" content=\"index, follow, max-snippet:-1, max-image-preview:large, max-video-preview:-1\" \/>\n<link rel=\"canonical\" href=\"https:\/\/hoyre.no\/orsta\/aktuelt\/guttorm-hagen-og-orsta-hogre-onskjer-a-setje-fokus-pa-flaum-og-skredsikring-spesielt-pa-liadal-og-i-orsta-sentrum\/\" \/>\n<meta property=\"og:locale\" content=\"nn_NO\" \/>\n<meta property=\"og:type\" content=\"article\" \/>\n<meta property=\"og:title\" content=\"Guttorm Hagen og \u00d8rsta H\u00f8gre \u00f8nskjer \u00e5 setje fokus p\u00e5 flaum- og skredsikring- spesielt p\u00e5 Liadal og i \u00d8rsta sentrum. - \u00d8rsta H\u00f8gre\" \/>\n<meta property=\"og:description\" content=\"Flaum- og skredsikring i \u00d8rsta \u00d8rsta H\u00f8gre vil arbeide for vidare utbygging av skredvern i utsette omr\u00e5de. Nye omr\u00e5de kan frigjevast til bustadbygging og n\u00e6ring om omr\u00e5da vert sikra. \u00d8rsta H\u00f8gre vil ogs\u00e5 arbeide for vedlikehald og forsterking av flaumsikring av elvar. God f\u00f8rebygging utgjer god samfunns\u00f8konomi i staden for \u00e5 vente til nye skadar [&hellip;]\" \/>\n<meta property=\"og:url\" content=\"https:\/\/hoyre.no\/orsta\/aktuelt\/guttorm-hagen-og-orsta-hogre-onskjer-a-setje-fokus-pa-flaum-og-skredsikring-spesielt-pa-liadal-og-i-orsta-sentrum\/\" \/>\n<meta property=\"og:site_name\" content=\"\u00d8rsta H\u00f8gre\" \/>\n<meta property=\"article:published_time\" content=\"2023-07-26T14:09:54+00:00\" \/>\n<meta property=\"article:modified_time\" content=\"2023-07-26T16:06:59+00:00\" \/>\n<meta property=\"og:image\" content=\"https:\/\/hoyre.no\/content\/uploads\/sites\/88\/2023\/01\/IMG_1942-1024x768.jpg\" \/>\n<meta name=\"author\" content=\"Sven Castberg\" \/>\n<meta name=\"twitter:card\" content=\"summary_large_image\" \/>\n<meta name=\"twitter:label1\" content=\"Written by\" \/>\n\t<meta name=\"twitter:data1\" content=\"Sven Castberg\" \/>\n\t<meta name=\"twitter:label2\" content=\"Est. reading time\" \/>\n\t<meta name=\"twitter:data2\" content=\"3 minutt\" \/>\n<script type=\"application\/ld+json\" class=\"yoast-schema-graph\">{\"@context\":\"https:\/\/schema.org\",\"@graph\":[{\"@type\":\"NewsArticle\",\"@id\":\"https:\/\/hoyre.no\/orsta\/aktuelt\/guttorm-hagen-og-orsta-hogre-onskjer-a-setje-fokus-pa-flaum-og-skredsikring-spesielt-pa-liadal-og-i-orsta-sentrum\/\",\"url\":\"https:\/\/hoyre.no\/orsta\/aktuelt\/guttorm-hagen-og-orsta-hogre-onskjer-a-setje-fokus-pa-flaum-og-skredsikring-spesielt-pa-liadal-og-i-orsta-sentrum\/\",\"name\":\"Guttorm Hagen og \u00d8rsta H\u00f8gre \u00f8nskjer \u00e5 setje fokus p\u00e5 flaum- og skredsikring- spesielt p\u00e5 Liadal og i \u00d8rsta sentrum. - \u00d8rsta H\u00f8gre\",\"isPartOf\":{\"@id\":\"https:\/\/hoyre.no\/orsta\/#website\"},\"datePublished\":\"2023-07-26T14:09:54+00:00\",\"dateModified\":\"2023-07-26T16:06:59+00:00\",\"author\":{\"@id\":\"https:\/\/hoyre.no\/orsta\/#\/schema\/person\/37e29634addc2283db7772aac4ecea49\"},\"breadcrumb\":{\"@id\":\"https:\/\/hoyre.no\/orsta\/aktuelt\/guttorm-hagen-og-orsta-hogre-onskjer-a-setje-fokus-pa-flaum-og-skredsikring-spesielt-pa-liadal-og-i-orsta-sentrum\/#breadcrumb\"},\"inLanguage\":\"nn-NO\",\"potentialAction\":[{\"@type\":\"ReadAction\",\"target\":[\"https:\/\/hoyre.no\/orsta\/aktuelt\/guttorm-hagen-og-orsta-hogre-onskjer-a-setje-fokus-pa-flaum-og-skredsikring-spesielt-pa-liadal-og-i-orsta-sentrum\/\"]}]},{\"@type\":\"BreadcrumbList\",\"@id\":\"https:\/\/hoyre.no\/orsta\/aktuelt\/guttorm-hagen-og-orsta-hogre-onskjer-a-setje-fokus-pa-flaum-og-skredsikring-spesielt-pa-liadal-og-i-orsta-sentrum\/#breadcrumb\",\"itemListElement\":[{\"@type\":\"ListItem\",\"position\":1,\"name\":\"Til hoyre.no\",\"item\":\"https:\/\/hoyre.no\"},{\"@type\":\"ListItem\",\"position\":2,\"name\":\"Hjem\",\"item\":\"https:\/\/hoyre.no\/orsta\/\"},{\"@type\":\"ListItem\",\"position\":3,\"name\":\"Guttorm Hagen og \u00d8rsta H\u00f8gre \u00f8nskjer \u00e5 setje fokus p\u00e5 flaum- og skredsikring- spesielt p\u00e5 Liadal og i \u00d8rsta sentrum.\"}]},{\"@type\":\"WebSite\",\"@id\":\"https:\/\/hoyre.no\/orsta\/#website\",\"url\":\"https:\/\/hoyre.no\/orsta\/\",\"name\":\"\u00d8rsta H\u00f8gre\",\"description\":\"Bare enda et H\u00f8yres nettsteder-nettsted\",\"inLanguage\":\"nn-NO\"},{\"@type\":\"Person\",\"@id\":\"https:\/\/hoyre.no\/orsta\/#\/schema\/person\/37e29634addc2283db7772aac4ecea49\",\"name\":\"Sven Castberg\",\"image\":{\"@type\":\"ImageObject\",\"inLanguage\":\"nn-NO\",\"@id\":\"https:\/\/hoyre.no\/orsta\/#\/schema\/person\/image\/\",\"url\":\"https:\/\/secure.gravatar.com\/avatar\/be0c8f472c5a868a6a6c8d4ca5959431d3935ef1d9522dd2f68c006e636d9abd?s=96&d=mm&r=g\",\"contentUrl\":\"https:\/\/secure.gravatar.com\/avatar\/be0c8f472c5a868a6a6c8d4ca5959431d3935ef1d9522dd2f68c006e636d9abd?s=96&d=mm&r=g\",\"caption\":\"Sven Castberg\"},\"url\":\"https:\/\/hoyre.no\/orsta\/aktuelt\/author\/m50167121\/\"}]}<\/script>\n<!-- \/ Yoast SEO plugin. -->","yoast_head_json":{"title":"Guttorm Hagen og \u00d8rsta H\u00f8gre \u00f8nskjer \u00e5 setje fokus p\u00e5 flaum- og skredsikring- spesielt p\u00e5 Liadal og i \u00d8rsta sentrum. - \u00d8rsta H\u00f8gre","robots":{"index":"index","follow":"follow","max-snippet":"max-snippet:-1","max-image-preview":"max-image-preview:large","max-video-preview":"max-video-preview:-1"},"canonical":"https:\/\/hoyre.no\/orsta\/aktuelt\/guttorm-hagen-og-orsta-hogre-onskjer-a-setje-fokus-pa-flaum-og-skredsikring-spesielt-pa-liadal-og-i-orsta-sentrum\/","og_locale":"nn_NO","og_type":"article","og_title":"Guttorm Hagen og \u00d8rsta H\u00f8gre \u00f8nskjer \u00e5 setje fokus p\u00e5 flaum- og skredsikring- spesielt p\u00e5 Liadal og i \u00d8rsta sentrum. - \u00d8rsta H\u00f8gre","og_description":"Flaum- og skredsikring i \u00d8rsta \u00d8rsta H\u00f8gre vil arbeide for vidare utbygging av skredvern i utsette omr\u00e5de. Nye omr\u00e5de kan frigjevast til bustadbygging og n\u00e6ring om omr\u00e5da vert sikra. \u00d8rsta H\u00f8gre vil ogs\u00e5 arbeide for vedlikehald og forsterking av flaumsikring av elvar. God f\u00f8rebygging utgjer god samfunns\u00f8konomi i staden for \u00e5 vente til nye skadar [&hellip;]","og_url":"https:\/\/hoyre.no\/orsta\/aktuelt\/guttorm-hagen-og-orsta-hogre-onskjer-a-setje-fokus-pa-flaum-og-skredsikring-spesielt-pa-liadal-og-i-orsta-sentrum\/","og_site_name":"\u00d8rsta H\u00f8gre","article_published_time":"2023-07-26T14:09:54+00:00","article_modified_time":"2023-07-26T16:06:59+00:00","og_image":[{"url":"https:\/\/hoyre.no\/content\/uploads\/sites\/88\/2023\/01\/IMG_1942-1024x768.jpg","width":"","height":"","type":""}],"author":"Sven Castberg","twitter_card":"summary_large_image","twitter_misc":{"Written by":"Sven Castberg","Est. reading time":"3 minutt"},"schema":{"@context":"https:\/\/schema.org","@graph":[{"@type":"NewsArticle","@id":"https:\/\/hoyre.no\/orsta\/aktuelt\/guttorm-hagen-og-orsta-hogre-onskjer-a-setje-fokus-pa-flaum-og-skredsikring-spesielt-pa-liadal-og-i-orsta-sentrum\/","url":"https:\/\/hoyre.no\/orsta\/aktuelt\/guttorm-hagen-og-orsta-hogre-onskjer-a-setje-fokus-pa-flaum-og-skredsikring-spesielt-pa-liadal-og-i-orsta-sentrum\/","name":"Guttorm Hagen og \u00d8rsta H\u00f8gre \u00f8nskjer \u00e5 setje fokus p\u00e5 flaum- og skredsikring- spesielt p\u00e5 Liadal og i \u00d8rsta sentrum. - \u00d8rsta H\u00f8gre","isPartOf":{"@id":"https:\/\/hoyre.no\/orsta\/#website"},"datePublished":"2023-07-26T14:09:54+00:00","dateModified":"2023-07-26T16:06:59+00:00","author":{"@id":"https:\/\/hoyre.no\/orsta\/#\/schema\/person\/37e29634addc2283db7772aac4ecea49"},"breadcrumb":{"@id":"https:\/\/hoyre.no\/orsta\/aktuelt\/guttorm-hagen-og-orsta-hogre-onskjer-a-setje-fokus-pa-flaum-og-skredsikring-spesielt-pa-liadal-og-i-orsta-sentrum\/#breadcrumb"},"inLanguage":"nn-NO","potentialAction":[{"@type":"ReadAction","target":["https:\/\/hoyre.no\/orsta\/aktuelt\/guttorm-hagen-og-orsta-hogre-onskjer-a-setje-fokus-pa-flaum-og-skredsikring-spesielt-pa-liadal-og-i-orsta-sentrum\/"]}]},{"@type":"BreadcrumbList","@id":"https:\/\/hoyre.no\/orsta\/aktuelt\/guttorm-hagen-og-orsta-hogre-onskjer-a-setje-fokus-pa-flaum-og-skredsikring-spesielt-pa-liadal-og-i-orsta-sentrum\/#breadcrumb","itemListElement":[{"@type":"ListItem","position":1,"name":"Til hoyre.no","item":"https:\/\/hoyre.no"},{"@type":"ListItem","position":2,"name":"Hjem","item":"https:\/\/hoyre.no\/orsta\/"},{"@type":"ListItem","position":3,"name":"Guttorm Hagen og \u00d8rsta H\u00f8gre \u00f8nskjer \u00e5 setje fokus p\u00e5 flaum- og skredsikring- spesielt p\u00e5 Liadal og i \u00d8rsta sentrum."}]},{"@type":"WebSite","@id":"https:\/\/hoyre.no\/orsta\/#website","url":"https:\/\/hoyre.no\/orsta\/","name":"\u00d8rsta H\u00f8gre","description":"Bare enda et H\u00f8yres nettsteder-nettsted","inLanguage":"nn-NO"},{"@type":"Person","@id":"https:\/\/hoyre.no\/orsta\/#\/schema\/person\/37e29634addc2283db7772aac4ecea49","name":"Sven Castberg","image":{"@type":"ImageObject","inLanguage":"nn-NO","@id":"https:\/\/hoyre.no\/orsta\/#\/schema\/person\/image\/","url":"https:\/\/secure.gravatar.com\/avatar\/be0c8f472c5a868a6a6c8d4ca5959431d3935ef1d9522dd2f68c006e636d9abd?s=96&d=mm&r=g","contentUrl":"https:\/\/secure.gravatar.com\/avatar\/be0c8f472c5a868a6a6c8d4ca5959431d3935ef1d9522dd2f68c006e636d9abd?s=96&d=mm&r=g","caption":"Sven Castberg"},"url":"https:\/\/hoyre.no\/orsta\/aktuelt\/author\/m50167121\/"}]}},"distributor_meta":false,"distributor_terms":false,"distributor_media":false,"distributor_original_site_name":"\u00d8rsta H\u00f8gre","distributor_original_site_url":"https:\/\/hoyre.no\/orsta","push-errors":false,"_links":{"self":[{"href":"https:\/\/hoyre.no\/orsta\/wp-json\/wp\/v2\/posts\/493","targetHints":{"allow":["GET"]}}],"collection":[{"href":"https:\/\/hoyre.no\/orsta\/wp-json\/wp\/v2\/posts"}],"about":[{"href":"https:\/\/hoyre.no\/orsta\/wp-json\/wp\/v2\/types\/post"}],"author":[{"embeddable":true,"href":"https:\/\/hoyre.no\/orsta\/wp-json\/wp\/v2\/users\/30082"}],"replies":[{"embeddable":true,"href":"https:\/\/hoyre.no\/orsta\/wp-json\/wp\/v2\/comments?post=493"}],"version-history":[{"count":3,"href":"https:\/\/hoyre.no\/orsta\/wp-json\/wp\/v2\/posts\/493\/revisions"}],"predecessor-version":[{"id":496,"href":"https:\/\/hoyre.no\/orsta\/wp-json\/wp\/v2\/posts\/493\/revisions\/496"}],"wp:attachment":[{"href":"https:\/\/hoyre.no\/orsta\/wp-json\/wp\/v2\/media?parent=493"}],"wp:term":[{"taxonomy":"category","embeddable":true,"href":"https:\/\/hoyre.no\/orsta\/wp-json\/wp\/v2\/category?post=493"},{"taxonomy":"post_tag","embeddable":true,"href":"https:\/\/hoyre.no\/orsta\/wp-json\/wp\/v2\/post_tag?post=493"},{"taxonomy":"hoyre-visibility","embeddable":true,"href":"https:\/\/hoyre.no\/orsta\/wp-json\/wp\/v2\/hoyre-visibility?post=493"},{"taxonomy":"article-type","embeddable":true,"href":"https:\/\/hoyre.no\/orsta\/wp-json\/wp\/v2\/article-type?post=493"},{"taxonomy":"politician","embeddable":true,"href":"https:\/\/hoyre.no\/orsta\/wp-json\/wp\/v2\/politician?post=493"}],"curies":[{"name":"wp","href":"https:\/\/api.w.org\/{rel}","templated":true}]}}