{"id":521,"date":"2023-08-23T21:10:26","date_gmt":"2023-08-23T19:10:26","guid":{"rendered":"https:\/\/hoyre.no\/orsta\/?p=521"},"modified":"2023-08-23T23:49:21","modified_gmt":"2023-08-23T21:49:21","slug":"orsta-hogre-inviterer-til-naeringspolitisk-debatt-pa-tik-onsdag-30-august","status":"publish","type":"post","link":"https:\/\/hoyre.no\/orsta\/aktuelt\/orsta-hogre-inviterer-til-naeringspolitisk-debatt-pa-tik-onsdag-30-august\/","title":{"rendered":"\u00d8rsta H\u00f8gre inviterer til n\u00e6ringspolitisk debatt p\u00e5 Tik onsdag 30. august."},"content":{"rendered":"\n<p class=\"preamble\"><br>Det vart gjort store endringar av rammevilk\u00e5ra for n\u00e6ringslivet i samband med statsbudsjettet i fjor haust. Korleis r\u00e5kar dette n\u00e6ringslivet v\u00e5rt?<br><br>Norske eigarar tar no ut mykje eigenkapital fr\u00e5 selskapa sine for \u00e5 betale ein skatt som utanlandske eigarar i Norge slepp \u00e5 betale. Kva betyr det for konkurransekrafta til dei norsk eigde bedriftene?<br>Investeringane til fornybarn\u00e6ringane stoppar opp pga. auka grunnrenteskatt og h\u00f8gprisbidrag p\u00e5 straum. Kva betyr det for omstillinga til det gr\u00f8ne skiftet? \u00a0<br><br>Dette er nokre av \u00a0problemstillingane som vi tek opp til debatt.<br>I H\u00f8gre meiner vi at n\u00e6ringslivet m\u00e5 ha meir f\u00f8reseielege vilk\u00e5r. <br><br>Korleis vil H\u00f8gre f\u00f8lgje opp det n\u00e5r dei kjem i regjering?<\/p>\t\t\t<div class=\"post-meta wp-block teft-byline-wrapper\">\n\t\t\t\t<div class=\"top\">\n\t\t\t\t\t<div class=\"signature\">\n\t\t\t\t\t\t<div class=\"teft-byline\">\n\t\t\t\t\t\t\t\t\t\t\t\t\t\t<div>\n\t\t\t\t\t\t\t\t<h3>H\u00f8yres redaksjon<\/h3>\t\t\t\t\t\t\t\t\n\t\t\t\t\t\t\t\t\t\t\t\t\t\t\t\t\t<span class=\"date\">Sist oppdatert: 23. august 2023<\/span>\n\t\t\t\t\t\t\t\t\t\t\t\t\t\t\t\t\t\t\t\t\t\t\t\t\t<span class=\"reading-time\" itemprop=\"timeRequired\" content=\"PT1M\"><em>Ca. 1 minutter lesetid<\/em><\/span>\n\t\t\t\t\t\t\t\t\t\t\t\t\t\t\t<\/div>\n\t\t\t\t\t\t<\/div>\n\t\t\t\t\t<\/div>\n\t\t\t\t\t\t<div class=\"sharing\">\n\t\t<a class=\"share-button share-link copy-link\" data-copy=\"https:\/\/hoyre.no\/orsta\/aktuelt\/orsta-hogre-inviterer-til-naeringspolitisk-debatt-pa-tik-onsdag-30-august\/\" target=\"_blank\"><span class=\"screen-reader-text\">Del link<\/span><\/a>\n\t\t<a class=\"share-button share-twitter\" href=\"http:\/\/twitter.com\/share?text=\u00d8rsta H\u00f8gre inviterer til n\u00e6ringspolitisk debatt p\u00e5 Tik onsdag 30. august.&#038;url=https:\/\/hoyre.no\/orsta\/aktuelt\/orsta-hogre-inviterer-til-naeringspolitisk-debatt-pa-tik-onsdag-30-august\/&#038;hashtags=Hoyre\" target=\"_blank\"><span class=\"screen-reader-text\">Del p\u00e5 twitter<\/span><\/a>\n\t\t<a class=\"share-button share-facebook\" href=\"https:\/\/www.facebook.com\/sharer\/sharer.php?u=https:\/\/hoyre.no\/orsta\/aktuelt\/orsta-hogre-inviterer-til-naeringspolitisk-debatt-pa-tik-onsdag-30-august\/\" target=\"_blank\"><span class=\"screen-reader-text\">Del p\u00e5 facebook<\/span><\/a>\n\t<\/div>\n\t\t\t\t\t<\/div>\n\t\t\t<\/div>\n\n\t\t\t<figure class=\"hoyre-image-wrapper\"><div class=\"hoyre-image\"><img loading=\"lazy\" decoding=\"async\" width=\"2500\" height=\"1875\" src=\"https:\/\/hoyre.no\/content\/uploads\/sites\/88\/2023\/08\/367435805_581219310655294_2887445519653998972_n-scaled.jpg\" class=\"attachment-scaled size-scaled\" alt=\"\" style=\"object-position: 50% 50%\" srcset=\"https:\/\/hoyre.no\/content\/uploads\/sites\/88\/2023\/08\/367435805_581219310655294_2887445519653998972_n-scaled.jpg 2500w, https:\/\/hoyre.no\/content\/uploads\/sites\/88\/2023\/08\/367435805_581219310655294_2887445519653998972_n-300x225.jpg 300w, https:\/\/hoyre.no\/content\/uploads\/sites\/88\/2023\/08\/367435805_581219310655294_2887445519653998972_n-1024x768.jpg 1024w, https:\/\/hoyre.no\/content\/uploads\/sites\/88\/2023\/08\/367435805_581219310655294_2887445519653998972_n-768x576.jpg 768w, https:\/\/hoyre.no\/content\/uploads\/sites\/88\/2023\/08\/367435805_581219310655294_2887445519653998972_n-1536x1152.jpg 1536w, https:\/\/hoyre.no\/content\/uploads\/sites\/88\/2023\/08\/367435805_581219310655294_2887445519653998972_n-2048x1536.jpg 2048w\" sizes=\"auto, (max-width: 2500px) 100vw, 2500px\" \/><\/div><\/figure>\n\n\n\n\n<p><\/p>\n\n\n<div class=\"tags\">\n\t<\/div>\n<div class=\"post-footer alignfull has-background block-editor-block-list__block\" data-align=full>\n\t<div class=\"post-footer-inner\">\n\t\t<h3>Relaterte artikler<\/h3>\n\t\t<div class=\"related-content\"><div class=\"is-card-hoyre\">\n\t<div class=\"teft-card hoyre-teft-card post-teft-card\">\n\t\t<a href=\"https:\/\/hoyre.no\/orsta\/aktuelt\/orsta-hogre-vil-ha-turnhall-pa-toppen-av-symjeanlegget\/\" class=\"teft-card__primary-action\">\n\n\t\t\t\t\t<div class=\"teft-card__media teft-card__media--16-9\">\n\t\t\t\t\t\t<img loading=\"lazy\" decoding=\"async\" width=\"768\" height=\"533\" src=\"https:\/\/hoyre.no\/content\/uploads\/sites\/88\/2023\/06\/Turnhall-768x533.jpg\" class=\"attachment-medium_large size-medium_large\" alt=\"\" srcset=\"https:\/\/hoyre.no\/content\/uploads\/sites\/88\/2023\/06\/Turnhall-768x533.jpg 768w, https:\/\/hoyre.no\/content\/uploads\/sites\/88\/2023\/06\/Turnhall-300x208.jpg 300w, https:\/\/hoyre.no\/content\/uploads\/sites\/88\/2023\/06\/Turnhall.jpg 927w\" sizes=\"auto, (max-width: 768px) 100vw, 768px\" \/>\t\t<\/div>\n\t\t\n\t\t\t<div class=\"teft-card__content-wrapper\">\n\t\t\t\t<div class=\"teft-card__secondary\">\n\t\t\t\t\t\n\t\t\t\t\t\t\t\t<div class=\"teft-card__meta\">\n\t\t\t\t\t\t\t\t\t<span class=\"post-date\">17. jun 2023<\/span>\n\n\t\t\t\t\t\t\t\t\t\t\t\t\t\t\t\t\t<\/div>\n\t\t\t\t\t\t\t\t\t\t\t<\/div>\n\n\t\t\t\t<div class=\"teft-card__primary\">\n\t\t\t\t\t<h2 class=\"teft-card__title\">\u00d8rsta h\u00f8gre vil ha turnhall p\u00e5 toppen av symjeanlegget!&nbsp;<span class=\"teft-card__primary-title-append\"><\/span><\/h2>\t\t\t\t<\/div>\n\t\t\t<\/div>\n\t\t<\/a>\n\t<\/div>\n\n\t<\/div><div class=\"is-card-hoyre\">\n\t<div class=\"teft-card hoyre-teft-card post-teft-card\">\n\t\t<a href=\"https:\/\/hoyre.no\/orsta\/aktuelt\/guttorm-hagen-og-orsta-hogre-onskjer-a-setje-fokus-pa-flaum-og-skredsikring-spesielt-pa-liadal-og-i-orsta-sentrum\/\" class=\"teft-card__primary-action\">\n\n\t\t\t\t\t<div class=\"teft-card__media teft-card__media--16-9\">\n\t\t\t\t\t\t<img loading=\"lazy\" decoding=\"async\" width=\"768\" height=\"923\" src=\"https:\/\/hoyre.no\/content\/uploads\/sites\/88\/2023\/05\/20230507_203923-768x923.jpg\" class=\"attachment-medium_large size-medium_large\" alt=\"\" srcset=\"https:\/\/hoyre.no\/content\/uploads\/sites\/88\/2023\/05\/20230507_203923-768x923.jpg 768w, https:\/\/hoyre.no\/content\/uploads\/sites\/88\/2023\/05\/20230507_203923-250x300.jpg 250w, https:\/\/hoyre.no\/content\/uploads\/sites\/88\/2023\/05\/20230507_203923-852x1024.jpg 852w, https:\/\/hoyre.no\/content\/uploads\/sites\/88\/2023\/05\/20230507_203923-1278x1536.jpg 1278w, https:\/\/hoyre.no\/content\/uploads\/sites\/88\/2023\/05\/20230507_203923.jpg 1464w\" sizes=\"auto, (max-width: 768px) 100vw, 768px\" \/>\t\t<\/div>\n\t\t\n\t\t\t<div class=\"teft-card__content-wrapper\">\n\t\t\t\t<div class=\"teft-card__secondary\">\n\t\t\t\t\t\n\t\t\t\t\t\t\t\t<div class=\"teft-card__meta\">\n\t\t\t\t\t\t\t\t\t<span class=\"post-date\">26. jul 2023<\/span>\n\n\t\t\t\t\t\t\t\t\t\t\t\t\t\t\t\t\t<\/div>\n\t\t\t\t\t\t\t\t\t\t\t<\/div>\n\n\t\t\t\t<div class=\"teft-card__primary\">\n\t\t\t\t\t<h2 class=\"teft-card__title\">Guttorm Hagen og \u00d8rsta H\u00f8gre \u00f8nskjer \u00e5 setje fokus p\u00e5 flaum- og skredsikring- spesielt p\u00e5 Liadal og i \u00d8rsta sentrum.&nbsp;<span class=\"teft-card__primary-title-append\"><\/span><\/h2>\t\t\t\t<\/div>\n\t\t\t<\/div>\n\t\t<\/a>\n\t<\/div>\n\n\t<\/div><div class=\"is-card-hoyre\">\n\t<div class=\"teft-card hoyre-teft-card post-teft-card\">\n\t\t<a href=\"https:\/\/hoyre.no\/orsta\/aktuelt\/lista-er-klar\/\" class=\"teft-card__primary-action\">\n\n\t\t\t\t\t<div class=\"teft-card__media teft-card__media--16-9\">\n\t\t\t\t\t\t<img loading=\"lazy\" decoding=\"async\" width=\"768\" height=\"576\" src=\"https:\/\/hoyre.no\/content\/uploads\/sites\/88\/2023\/01\/IMG_1942-768x576.jpg\" class=\"attachment-medium_large size-medium_large\" alt=\"\" srcset=\"https:\/\/hoyre.no\/content\/uploads\/sites\/88\/2023\/01\/IMG_1942-768x576.jpg 768w, https:\/\/hoyre.no\/content\/uploads\/sites\/88\/2023\/01\/IMG_1942-300x225.jpg 300w, https:\/\/hoyre.no\/content\/uploads\/sites\/88\/2023\/01\/IMG_1942-1024x768.jpg 1024w, https:\/\/hoyre.no\/content\/uploads\/sites\/88\/2023\/01\/IMG_1942-1536x1152.jpg 1536w, https:\/\/hoyre.no\/content\/uploads\/sites\/88\/2023\/01\/IMG_1942-2048x1536.jpg 2048w\" sizes=\"auto, (max-width: 768px) 100vw, 768px\" \/>\t\t<\/div>\n\t\t\n\t\t\t<div class=\"teft-card__content-wrapper\">\n\t\t\t\t<div class=\"teft-card__secondary\">\n\t\t\t\t\t\n\t\t\t\t\t\t\t\t<div class=\"teft-card__meta\">\n\t\t\t\t\t\t\t\t\t<span class=\"post-date\">31. jan 2023<\/span>\n\n\t\t\t\t\t\t\t\t\t\t\t\t\t\t\t\t\t<\/div>\n\t\t\t\t\t\t\t\t\t\t\t<\/div>\n\n\t\t\t\t<div class=\"teft-card__primary\">\n\t\t\t\t\t<h2 class=\"teft-card__title\">Lista er klar!&nbsp;<span class=\"teft-card__primary-title-append\"><\/span><\/h2>\t\t\t\t<\/div>\n\t\t\t<\/div>\n\t\t<\/a>\n\t<\/div>\n\n\t<\/div><\/div>\t<\/div>\n<\/div>\n","protected":false},"excerpt":{"rendered":"","protected":false},"author":30082,"featured_media":0,"comment_status":"closed","ping_status":"closed","sticky":false,"template":"","format":"standard","meta":{"teft_cards_image_url":"","teft_cards_custom_pretitle":"","teft_cards_image_id":522,"teft_cards_image_focal_point_x":0.5,"teft_cards_image_focal_point_y":0.5,"teft_cards_title":"","teft_cards_excerpt":"","teft_show_chapters":false,"author_display_name":"","footnotes":""},"category":[1],"post_tag":[],"hoyre-visibility":[],"article-type":[],"politician":[],"class_list":["post-521","post","type-post","status-publish","format-standard","hentry","category-ukategorisert"],"yoast_head":"<!-- This site is optimized with the Yoast SEO plugin v26.6 - https:\/\/yoast.com\/wordpress\/plugins\/seo\/ -->\n<title>\u00d8rsta H\u00f8gre inviterer til n\u00e6ringspolitisk debatt p\u00e5 Tik onsdag 30. august. - \u00d8rsta H\u00f8gre<\/title>\n<meta name=\"robots\" content=\"index, follow, max-snippet:-1, max-image-preview:large, max-video-preview:-1\" \/>\n<link rel=\"canonical\" href=\"https:\/\/hoyre.no\/orsta\/aktuelt\/orsta-hogre-inviterer-til-naeringspolitisk-debatt-pa-tik-onsdag-30-august\/\" \/>\n<meta property=\"og:locale\" content=\"nn_NO\" \/>\n<meta property=\"og:type\" content=\"article\" \/>\n<meta property=\"og:title\" content=\"\u00d8rsta H\u00f8gre inviterer til n\u00e6ringspolitisk debatt p\u00e5 Tik onsdag 30. august. - \u00d8rsta H\u00f8gre\" \/>\n<meta property=\"og:url\" content=\"https:\/\/hoyre.no\/orsta\/aktuelt\/orsta-hogre-inviterer-til-naeringspolitisk-debatt-pa-tik-onsdag-30-august\/\" \/>\n<meta property=\"og:site_name\" content=\"\u00d8rsta H\u00f8gre\" \/>\n<meta property=\"article:published_time\" content=\"2023-08-23T19:10:26+00:00\" \/>\n<meta property=\"article:modified_time\" content=\"2023-08-23T21:49:21+00:00\" \/>\n<meta property=\"og:image\" content=\"https:\/\/hoyre.no\/content\/uploads\/sites\/88\/2023\/01\/IMG_1942-1024x768.jpg\" \/>\n<meta name=\"author\" content=\"Sven Castberg\" \/>\n<meta name=\"twitter:card\" content=\"summary_large_image\" \/>\n<meta name=\"twitter:label1\" content=\"Written by\" \/>\n\t<meta name=\"twitter:data1\" content=\"Sven Castberg\" \/>\n\t<meta name=\"twitter:label2\" content=\"Est. reading time\" \/>\n\t<meta name=\"twitter:data2\" content=\"1 minutt\" \/>\n<script type=\"application\/ld+json\" class=\"yoast-schema-graph\">{\"@context\":\"https:\/\/schema.org\",\"@graph\":[{\"@type\":\"NewsArticle\",\"@id\":\"https:\/\/hoyre.no\/orsta\/aktuelt\/orsta-hogre-inviterer-til-naeringspolitisk-debatt-pa-tik-onsdag-30-august\/\",\"url\":\"https:\/\/hoyre.no\/orsta\/aktuelt\/orsta-hogre-inviterer-til-naeringspolitisk-debatt-pa-tik-onsdag-30-august\/\",\"name\":\"\u00d8rsta H\u00f8gre inviterer til n\u00e6ringspolitisk debatt p\u00e5 Tik onsdag 30. august. - \u00d8rsta H\u00f8gre\",\"isPartOf\":{\"@id\":\"https:\/\/hoyre.no\/orsta\/#website\"},\"datePublished\":\"2023-08-23T19:10:26+00:00\",\"dateModified\":\"2023-08-23T21:49:21+00:00\",\"author\":{\"@id\":\"https:\/\/hoyre.no\/orsta\/#\/schema\/person\/37e29634addc2283db7772aac4ecea49\"},\"breadcrumb\":{\"@id\":\"https:\/\/hoyre.no\/orsta\/aktuelt\/orsta-hogre-inviterer-til-naeringspolitisk-debatt-pa-tik-onsdag-30-august\/#breadcrumb\"},\"inLanguage\":\"nn-NO\",\"potentialAction\":[{\"@type\":\"ReadAction\",\"target\":[\"https:\/\/hoyre.no\/orsta\/aktuelt\/orsta-hogre-inviterer-til-naeringspolitisk-debatt-pa-tik-onsdag-30-august\/\"]}]},{\"@type\":\"BreadcrumbList\",\"@id\":\"https:\/\/hoyre.no\/orsta\/aktuelt\/orsta-hogre-inviterer-til-naeringspolitisk-debatt-pa-tik-onsdag-30-august\/#breadcrumb\",\"itemListElement\":[{\"@type\":\"ListItem\",\"position\":1,\"name\":\"Til hoyre.no\",\"item\":\"https:\/\/hoyre.no\"},{\"@type\":\"ListItem\",\"position\":2,\"name\":\"Hjem\",\"item\":\"https:\/\/hoyre.no\/orsta\/\"},{\"@type\":\"ListItem\",\"position\":3,\"name\":\"\u00d8rsta H\u00f8gre inviterer til n\u00e6ringspolitisk debatt p\u00e5 Tik onsdag 30. august.\"}]},{\"@type\":\"WebSite\",\"@id\":\"https:\/\/hoyre.no\/orsta\/#website\",\"url\":\"https:\/\/hoyre.no\/orsta\/\",\"name\":\"\u00d8rsta H\u00f8gre\",\"description\":\"Bare enda et H\u00f8yres nettsteder-nettsted\",\"inLanguage\":\"nn-NO\"},{\"@type\":\"Person\",\"@id\":\"https:\/\/hoyre.no\/orsta\/#\/schema\/person\/37e29634addc2283db7772aac4ecea49\",\"name\":\"Sven Castberg\",\"image\":{\"@type\":\"ImageObject\",\"inLanguage\":\"nn-NO\",\"@id\":\"https:\/\/hoyre.no\/orsta\/#\/schema\/person\/image\/\",\"url\":\"https:\/\/secure.gravatar.com\/avatar\/be0c8f472c5a868a6a6c8d4ca5959431d3935ef1d9522dd2f68c006e636d9abd?s=96&d=mm&r=g\",\"contentUrl\":\"https:\/\/secure.gravatar.com\/avatar\/be0c8f472c5a868a6a6c8d4ca5959431d3935ef1d9522dd2f68c006e636d9abd?s=96&d=mm&r=g\",\"caption\":\"Sven Castberg\"},\"url\":\"https:\/\/hoyre.no\/orsta\/aktuelt\/author\/m50167121\/\"}]}<\/script>\n<!-- \/ Yoast SEO plugin. -->","yoast_head_json":{"title":"\u00d8rsta H\u00f8gre inviterer til n\u00e6ringspolitisk debatt p\u00e5 Tik onsdag 30. august. - \u00d8rsta H\u00f8gre","robots":{"index":"index","follow":"follow","max-snippet":"max-snippet:-1","max-image-preview":"max-image-preview:large","max-video-preview":"max-video-preview:-1"},"canonical":"https:\/\/hoyre.no\/orsta\/aktuelt\/orsta-hogre-inviterer-til-naeringspolitisk-debatt-pa-tik-onsdag-30-august\/","og_locale":"nn_NO","og_type":"article","og_title":"\u00d8rsta H\u00f8gre inviterer til n\u00e6ringspolitisk debatt p\u00e5 Tik onsdag 30. august. - \u00d8rsta H\u00f8gre","og_url":"https:\/\/hoyre.no\/orsta\/aktuelt\/orsta-hogre-inviterer-til-naeringspolitisk-debatt-pa-tik-onsdag-30-august\/","og_site_name":"\u00d8rsta H\u00f8gre","article_published_time":"2023-08-23T19:10:26+00:00","article_modified_time":"2023-08-23T21:49:21+00:00","og_image":[{"url":"https:\/\/hoyre.no\/content\/uploads\/sites\/88\/2023\/01\/IMG_1942-1024x768.jpg","width":"","height":"","type":""}],"author":"Sven Castberg","twitter_card":"summary_large_image","twitter_misc":{"Written by":"Sven Castberg","Est. reading time":"1 minutt"},"schema":{"@context":"https:\/\/schema.org","@graph":[{"@type":"NewsArticle","@id":"https:\/\/hoyre.no\/orsta\/aktuelt\/orsta-hogre-inviterer-til-naeringspolitisk-debatt-pa-tik-onsdag-30-august\/","url":"https:\/\/hoyre.no\/orsta\/aktuelt\/orsta-hogre-inviterer-til-naeringspolitisk-debatt-pa-tik-onsdag-30-august\/","name":"\u00d8rsta H\u00f8gre inviterer til n\u00e6ringspolitisk debatt p\u00e5 Tik onsdag 30. august. - \u00d8rsta H\u00f8gre","isPartOf":{"@id":"https:\/\/hoyre.no\/orsta\/#website"},"datePublished":"2023-08-23T19:10:26+00:00","dateModified":"2023-08-23T21:49:21+00:00","author":{"@id":"https:\/\/hoyre.no\/orsta\/#\/schema\/person\/37e29634addc2283db7772aac4ecea49"},"breadcrumb":{"@id":"https:\/\/hoyre.no\/orsta\/aktuelt\/orsta-hogre-inviterer-til-naeringspolitisk-debatt-pa-tik-onsdag-30-august\/#breadcrumb"},"inLanguage":"nn-NO","potentialAction":[{"@type":"ReadAction","target":["https:\/\/hoyre.no\/orsta\/aktuelt\/orsta-hogre-inviterer-til-naeringspolitisk-debatt-pa-tik-onsdag-30-august\/"]}]},{"@type":"BreadcrumbList","@id":"https:\/\/hoyre.no\/orsta\/aktuelt\/orsta-hogre-inviterer-til-naeringspolitisk-debatt-pa-tik-onsdag-30-august\/#breadcrumb","itemListElement":[{"@type":"ListItem","position":1,"name":"Til hoyre.no","item":"https:\/\/hoyre.no"},{"@type":"ListItem","position":2,"name":"Hjem","item":"https:\/\/hoyre.no\/orsta\/"},{"@type":"ListItem","position":3,"name":"\u00d8rsta H\u00f8gre inviterer til n\u00e6ringspolitisk debatt p\u00e5 Tik onsdag 30. august."}]},{"@type":"WebSite","@id":"https:\/\/hoyre.no\/orsta\/#website","url":"https:\/\/hoyre.no\/orsta\/","name":"\u00d8rsta H\u00f8gre","description":"Bare enda et H\u00f8yres nettsteder-nettsted","inLanguage":"nn-NO"},{"@type":"Person","@id":"https:\/\/hoyre.no\/orsta\/#\/schema\/person\/37e29634addc2283db7772aac4ecea49","name":"Sven Castberg","image":{"@type":"ImageObject","inLanguage":"nn-NO","@id":"https:\/\/hoyre.no\/orsta\/#\/schema\/person\/image\/","url":"https:\/\/secure.gravatar.com\/avatar\/be0c8f472c5a868a6a6c8d4ca5959431d3935ef1d9522dd2f68c006e636d9abd?s=96&d=mm&r=g","contentUrl":"https:\/\/secure.gravatar.com\/avatar\/be0c8f472c5a868a6a6c8d4ca5959431d3935ef1d9522dd2f68c006e636d9abd?s=96&d=mm&r=g","caption":"Sven Castberg"},"url":"https:\/\/hoyre.no\/orsta\/aktuelt\/author\/m50167121\/"}]}},"distributor_meta":false,"distributor_terms":false,"distributor_media":false,"distributor_original_site_name":"\u00d8rsta H\u00f8gre","distributor_original_site_url":"https:\/\/hoyre.no\/orsta","push-errors":false,"_links":{"self":[{"href":"https:\/\/hoyre.no\/orsta\/wp-json\/wp\/v2\/posts\/521","targetHints":{"allow":["GET"]}}],"collection":[{"href":"https:\/\/hoyre.no\/orsta\/wp-json\/wp\/v2\/posts"}],"about":[{"href":"https:\/\/hoyre.no\/orsta\/wp-json\/wp\/v2\/types\/post"}],"author":[{"embeddable":true,"href":"https:\/\/hoyre.no\/orsta\/wp-json\/wp\/v2\/users\/30082"}],"replies":[{"embeddable":true,"href":"https:\/\/hoyre.no\/orsta\/wp-json\/wp\/v2\/comments?post=521"}],"version-history":[{"count":4,"href":"https:\/\/hoyre.no\/orsta\/wp-json\/wp\/v2\/posts\/521\/revisions"}],"predecessor-version":[{"id":528,"href":"https:\/\/hoyre.no\/orsta\/wp-json\/wp\/v2\/posts\/521\/revisions\/528"}],"wp:attachment":[{"href":"https:\/\/hoyre.no\/orsta\/wp-json\/wp\/v2\/media?parent=521"}],"wp:term":[{"taxonomy":"category","embeddable":true,"href":"https:\/\/hoyre.no\/orsta\/wp-json\/wp\/v2\/category?post=521"},{"taxonomy":"post_tag","embeddable":true,"href":"https:\/\/hoyre.no\/orsta\/wp-json\/wp\/v2\/post_tag?post=521"},{"taxonomy":"hoyre-visibility","embeddable":true,"href":"https:\/\/hoyre.no\/orsta\/wp-json\/wp\/v2\/hoyre-visibility?post=521"},{"taxonomy":"article-type","embeddable":true,"href":"https:\/\/hoyre.no\/orsta\/wp-json\/wp\/v2\/article-type?post=521"},{"taxonomy":"politician","embeddable":true,"href":"https:\/\/hoyre.no\/orsta\/wp-json\/wp\/v2\/politician?post=521"}],"curies":[{"name":"wp","href":"https:\/\/api.w.org\/{rel}","templated":true}]}}