{"id":914,"date":"2025-12-07T11:53:08","date_gmt":"2025-12-07T10:53:08","guid":{"rendered":"https:\/\/hoyre.no\/oslo-senior\/?p=914"},"modified":"2025-12-07T11:56:22","modified_gmt":"2025-12-07T10:56:22","slug":"oslo-senior-hoyres-arbeidsplan-for-2026","status":"publish","type":"post","link":"https:\/\/hoyre.no\/oslo-senior\/aktuelt\/oslo-senior-hoyres-arbeidsplan-for-2026\/","title":{"rendered":"Oslo Senior H\u00f8yres arbeidsplan for 2026"},"content":{"rendered":"\n<p class=\"preamble\">Oslo senior H\u00f8yre skal v\u00e6re en attraktiv m\u00f8teplass for politikkutforming og sosialt samv\u00e6r. <br><br>Vi vil styrke seniorenes representasjon i ulike fora og utvalg, bidra i utviklingen av nytt kommunevalgprogram, arrangere politisk verksted og faggrupper med tema som opptar oss i et bredt persektiv (ikke kun knyttet til eldres utfordringer), og vi vil arrangere medlemsm\u00f8ter. <br><br>Vi har ogs\u00e5 en m\u00e5lsetting om \u00e5 \u00f8ke medlemsmassen i Oslo Senior H\u00f8yre fra omlag 770 i 2025 til 900 i l\u00f8pet av 2026.  <\/p>\t\t\t<div class=\"post-meta wp-block teft-byline-wrapper\">\n\t\t\t\t<div class=\"top\">\n\t\t\t\t\t<div class=\"signature\">\n\t\t\t\t\t\t<div class=\"teft-byline\">\n\t\t\t\t\t\t\t\t\t\t\t\t\t\t<div>\n\t\t\t\t\t\t\t\t<h3>H\u00f8yres redaksjon<\/h3>\t\t\t\t\t\t\t\t\n\t\t\t\t\t\t\t\t\t\t\t\t\t\t\t\t\t<span class=\"date\">Sist oppdatert: 7. desember 2025<\/span>\n\t\t\t\t\t\t\t\t\t\t\t\t\t\t\t\t\t\t\t\t\t\t\t\t\t<span class=\"reading-time\" itemprop=\"timeRequired\" content=\"PT1M\"><em>Ca. 1 minutter lesetid<\/em><\/span>\n\t\t\t\t\t\t\t\t\t\t\t\t\t\t\t<\/div>\n\t\t\t\t\t\t<\/div>\n\t\t\t\t\t<\/div>\n\t\t\t\t\t\t<div class=\"sharing\">\n\t\t<a class=\"share-button share-link copy-link\" data-copy=\"https:\/\/hoyre.no\/oslo-senior\/aktuelt\/oslo-senior-hoyres-arbeidsplan-for-2026\/\" target=\"_blank\"><span class=\"screen-reader-text\">Del link<\/span><\/a>\n\t\t<a class=\"share-button share-twitter\" href=\"http:\/\/twitter.com\/share?text=Oslo Senior H\u00f8yres arbeidsplan for 2026&#038;url=https:\/\/hoyre.no\/oslo-senior\/aktuelt\/oslo-senior-hoyres-arbeidsplan-for-2026\/&#038;hashtags=Hoyre\" target=\"_blank\"><span class=\"screen-reader-text\">Del p\u00e5 twitter<\/span><\/a>\n\t\t<a class=\"share-button share-facebook\" href=\"https:\/\/www.facebook.com\/sharer\/sharer.php?u=https:\/\/hoyre.no\/oslo-senior\/aktuelt\/oslo-senior-hoyres-arbeidsplan-for-2026\/\" target=\"_blank\"><span class=\"screen-reader-text\">Del p\u00e5 facebook<\/span><\/a>\n\t<\/div>\n\t\t\t\t\t<\/div>\n\t\t\t<\/div>\n\n\t\t\t<figure class=\"hoyre-image-wrapper\"><div class=\"hoyre-image\"><img loading=\"lazy\" decoding=\"async\" width=\"1280\" height=\"960\" src=\"https:\/\/hoyre.no\/content\/uploads\/sites\/438\/2025\/12\/oslo-911708_1280.jpg\" class=\"attachment-scaled size-scaled\" alt=\"\" style=\"object-position: 50% 50%\" srcset=\"https:\/\/hoyre.no\/content\/uploads\/sites\/438\/2025\/12\/oslo-911708_1280.jpg 1280w, https:\/\/hoyre.no\/content\/uploads\/sites\/438\/2025\/12\/oslo-911708_1280-300x225.jpg 300w, https:\/\/hoyre.no\/content\/uploads\/sites\/438\/2025\/12\/oslo-911708_1280-1024x768.jpg 1024w, https:\/\/hoyre.no\/content\/uploads\/sites\/438\/2025\/12\/oslo-911708_1280-768x576.jpg 768w\" sizes=\"auto, (max-width: 1280px) 100vw, 1280px\" \/><\/div><\/figure>\n\n\n\n\n<p><\/p>\n\n\n\n<div class=\"wp-block-teft-file icon-link-block\"><a href=\"https:\/\/hoyre.no\/content\/uploads\/sites\/438\/2025\/12\/Arbeidsplan-2026.pdf\" download><span class=\"file-title\">Arbeidsplan 2026<\/span><span class=\"file-name\"><\/span><\/a><\/div>\n\n\n<div class=\"tags\">\n\t<\/div>\n<div class=\"post-footer alignfull has-background block-editor-block-list__block\" data-align=full>\n\t<div class=\"post-footer-inner\">\n\t\t<h3>Relaterte artikler<\/h3>\n\t\t<div class=\"related-content\"><div class=\"is-card-hoyre\">\n\t<div class=\"teft-card hoyre-teft-card post-teft-card\">\n\t\t<a href=\"https:\/\/hoyre.no\/oslo-senior\/aktuelt\/hoyres-program-og-argumenter-for-politikk-som-virker\/\" class=\"teft-card__primary-action\">\n\n\t\t\t\t\t<div class=\"teft-card__media teft-card__media--16-9\">\n\t\t\t\t\t\t<img loading=\"lazy\" decoding=\"async\" width=\"553\" height=\"768\" src=\"https:\/\/hoyre.no\/content\/uploads\/sites\/438\/2025\/08\/Ingen-slagord_valg-2025.jpg\" class=\"attachment-medium_large size-medium_large\" alt=\"\" srcset=\"https:\/\/hoyre.no\/content\/uploads\/sites\/438\/2025\/08\/Ingen-slagord_valg-2025.jpg 553w, https:\/\/hoyre.no\/content\/uploads\/sites\/438\/2025\/08\/Ingen-slagord_valg-2025-216x300.jpg 216w\" sizes=\"auto, (max-width: 553px) 100vw, 553px\" \/>\t\t<\/div>\n\t\t\n\t\t\t<div class=\"teft-card__content-wrapper\">\n\t\t\t\t<div class=\"teft-card__secondary\">\n\t\t\t\t\t\n\t\t\t\t\t\t\t\t<div class=\"teft-card__meta\">\n\t\t\t\t\t\t\t\t\t<span class=\"post-date\">11. aug 2025<\/span>\n\n\t\t\t\t\t\t\t\t\t\t\t\t\t\t\t\t\t<\/div>\n\t\t\t\t\t\t\t\t\t\t\t<\/div>\n\n\t\t\t\t<div class=\"teft-card__primary\">\n\t\t\t\t\t<h2 class=\"teft-card__title\">H\u00f8yres program og argumenter for politikk som virker&nbsp;<span class=\"teft-card__primary-title-append\"><\/span><\/h2>\t\t\t\t<\/div>\n\t\t\t<\/div>\n\t\t<\/a>\n\t<\/div>\n\n\t<\/div><div class=\"is-card-hoyre\">\n\t<div class=\"teft-card hoyre-teft-card post-teft-card\">\n\t\t<a href=\"https:\/\/hoyre.no\/oslo-senior\/aktuelt\/langsiktige-avtaler-om-rehabilitering\/\" class=\"teft-card__primary-action\">\n\n\t\t\t\t\t<div class=\"teft-card__media teft-card__media--16-9\">\n\t\t\t\t\t\t<img loading=\"lazy\" decoding=\"async\" width=\"308\" height=\"337\" src=\"https:\/\/hoyre.no\/content\/uploads\/sites\/438\/2025\/04\/Egil-Bodd.jpg\" class=\"attachment-medium_large size-medium_large\" alt=\"\" srcset=\"https:\/\/hoyre.no\/content\/uploads\/sites\/438\/2025\/04\/Egil-Bodd.jpg 308w, https:\/\/hoyre.no\/content\/uploads\/sites\/438\/2025\/04\/Egil-Bodd-274x300.jpg 274w\" sizes=\"auto, (max-width: 308px) 100vw, 308px\" \/>\t\t<\/div>\n\t\t\n\t\t\t<div class=\"teft-card__content-wrapper\">\n\t\t\t\t<div class=\"teft-card__secondary\">\n\t\t\t\t\t\n\t\t\t\t\t\t\t\t<div class=\"teft-card__meta\">\n\t\t\t\t\t\t\t\t\t<span class=\"post-date\">25. apr 2025<\/span>\n\n\t\t\t\t\t\t\t\t\t\t\t\t\t\t\t\t\t<\/div>\n\t\t\t\t\t\t\t\t\t\t\t<\/div>\n\n\t\t\t\t<div class=\"teft-card__primary\">\n\t\t\t\t\t<h2 class=\"teft-card__title\">Behov for langsiktige avtaler om rehabilitering&nbsp;<span class=\"teft-card__primary-title-append\"><\/span><\/h2>\t\t\t\t<\/div>\n\t\t\t<\/div>\n\t\t<\/a>\n\t<\/div>\n\n\t<\/div><div class=\"is-card-hoyre\">\n\t<div class=\"teft-card hoyre-teft-card post-teft-card\">\n\t\t<a href=\"https:\/\/hoyre.no\/oslo-senior\/aktuelt\/forsvar-og-sikkerhet-tre-fokusomrader\/\" class=\"teft-card__primary-action\">\n\n\t\t\t\t\t<div class=\"teft-card__media teft-card__media--16-9\">\n\t\t\t\t\t\t<img loading=\"lazy\" decoding=\"async\" width=\"480\" height=\"640\" src=\"https:\/\/hoyre.no\/content\/uploads\/sites\/438\/2025\/03\/Bjornar-Barbogen_2024-1-rotated.jpg\" class=\"attachment-medium_large size-medium_large\" alt=\"\" srcset=\"https:\/\/hoyre.no\/content\/uploads\/sites\/438\/2025\/03\/Bjornar-Barbogen_2024-1-rotated.jpg 480w, https:\/\/hoyre.no\/content\/uploads\/sites\/438\/2025\/03\/Bjornar-Barbogen_2024-1-225x300.jpg 225w\" sizes=\"auto, (max-width: 480px) 100vw, 480px\" \/>\t\t<\/div>\n\t\t\n\t\t\t<div class=\"teft-card__content-wrapper\">\n\t\t\t\t<div class=\"teft-card__secondary\">\n\t\t\t\t\t\n\t\t\t\t\t\t\t\t<div class=\"teft-card__meta\">\n\t\t\t\t\t\t\t\t\t<span class=\"post-date\">15. mar 2025<\/span>\n\n\t\t\t\t\t\t\t\t\t\t\t\t\t\t\t\t\t<\/div>\n\t\t\t\t\t\t\t\t\t\t\t<\/div>\n\n\t\t\t\t<div class=\"teft-card__primary\">\n\t\t\t\t\t<h2 class=\"teft-card__title\">Forsvar og sikkerhet &#8211; fokusomr\u00e5der&nbsp;<span class=\"teft-card__primary-title-append\"><\/span><\/h2>\t\t\t\t<\/div>\n\t\t\t<\/div>\n\t\t<\/a>\n\t<\/div>\n\n\t<\/div><\/div>\t<\/div>\n<\/div>\n","protected":false},"excerpt":{"rendered":"","protected":false},"author":41858,"featured_media":0,"comment_status":"closed","ping_status":"closed","sticky":false,"template":"","format":"standard","meta":{"teft_cards_image_url":"","teft_cards_custom_pretitle":"","teft_cards_image_id":683,"teft_cards_image_focal_point_x":0.5,"teft_cards_image_focal_point_y":0.5,"teft_cards_title":"","teft_cards_excerpt":"","teft_show_chapters":false,"author_display_name":"","footnotes":""},"category":[1],"post_tag":[],"hoyre-visibility":[],"article-type":[],"politician":[],"class_list":["post-914","post","type-post","status-publish","format-standard","hentry","category-ukategorisert"],"yoast_head":"<!-- This site is optimized with the Yoast SEO plugin v26.6 - https:\/\/yoast.com\/wordpress\/plugins\/seo\/ -->\n<title>Oslo Senior H\u00f8yres arbeidsplan for 2026 - Oslo Senior H\u00f8yre<\/title>\n<meta name=\"robots\" content=\"index, follow, max-snippet:-1, max-image-preview:large, max-video-preview:-1\" \/>\n<link rel=\"canonical\" href=\"https:\/\/hoyre.no\/oslo-senior\/aktuelt\/oslo-senior-hoyres-arbeidsplan-for-2026\/\" \/>\n<meta property=\"og:locale\" content=\"nb_NO\" \/>\n<meta property=\"og:type\" content=\"article\" \/>\n<meta property=\"og:title\" content=\"Oslo Senior H\u00f8yres arbeidsplan for 2026 - Oslo Senior H\u00f8yre\" \/>\n<meta property=\"og:url\" content=\"https:\/\/hoyre.no\/oslo-senior\/aktuelt\/oslo-senior-hoyres-arbeidsplan-for-2026\/\" \/>\n<meta property=\"og:site_name\" content=\"Oslo Senior H\u00f8yre\" \/>\n<meta property=\"article:published_time\" content=\"2025-12-07T10:53:08+00:00\" \/>\n<meta property=\"article:modified_time\" content=\"2025-12-07T10:56:22+00:00\" \/>\n<meta property=\"og:image\" content=\"https:\/\/hoyre.no\/content\/uploads\/sites\/438\/2025\/03\/Bjornar-Barbogen_2024-1-rotated.jpg\" \/>\n<meta name=\"author\" content=\"Ragnhild R\u00f8nneberg\" \/>\n<meta name=\"twitter:card\" content=\"summary_large_image\" \/>\n<meta name=\"twitter:label1\" content=\"Skrevet av\" \/>\n\t<meta name=\"twitter:data1\" content=\"Ragnhild R\u00f8nneberg\" \/>\n\t<meta name=\"twitter:label2\" content=\"Ansl. lesetid\" \/>\n\t<meta name=\"twitter:data2\" content=\"1 minutt\" \/>\n<script type=\"application\/ld+json\" class=\"yoast-schema-graph\">{\"@context\":\"https:\/\/schema.org\",\"@graph\":[{\"@type\":\"NewsArticle\",\"@id\":\"https:\/\/hoyre.no\/oslo-senior\/aktuelt\/oslo-senior-hoyres-arbeidsplan-for-2026\/\",\"url\":\"https:\/\/hoyre.no\/oslo-senior\/aktuelt\/oslo-senior-hoyres-arbeidsplan-for-2026\/\",\"name\":\"Oslo Senior H\u00f8yres arbeidsplan for 2026 - Oslo Senior H\u00f8yre\",\"isPartOf\":{\"@id\":\"https:\/\/hoyre.no\/oslo-senior\/#website\"},\"datePublished\":\"2025-12-07T10:53:08+00:00\",\"dateModified\":\"2025-12-07T10:56:22+00:00\",\"author\":{\"@id\":\"https:\/\/hoyre.no\/oslo-senior\/#\/schema\/person\/46e1f75c731be9446927299e8fc1a242\"},\"breadcrumb\":{\"@id\":\"https:\/\/hoyre.no\/oslo-senior\/aktuelt\/oslo-senior-hoyres-arbeidsplan-for-2026\/#breadcrumb\"},\"inLanguage\":\"nb-NO\",\"potentialAction\":[{\"@type\":\"ReadAction\",\"target\":[\"https:\/\/hoyre.no\/oslo-senior\/aktuelt\/oslo-senior-hoyres-arbeidsplan-for-2026\/\"]}]},{\"@type\":\"BreadcrumbList\",\"@id\":\"https:\/\/hoyre.no\/oslo-senior\/aktuelt\/oslo-senior-hoyres-arbeidsplan-for-2026\/#breadcrumb\",\"itemListElement\":[{\"@type\":\"ListItem\",\"position\":1,\"name\":\"Til hoyre.no\",\"item\":\"https:\/\/hoyre.no\"},{\"@type\":\"ListItem\",\"position\":2,\"name\":\"Hjem\",\"item\":\"https:\/\/hoyre.no\/oslo-senior\/\"},{\"@type\":\"ListItem\",\"position\":3,\"name\":\"Oslo Senior H\u00f8yres arbeidsplan for 2026\"}]},{\"@type\":\"WebSite\",\"@id\":\"https:\/\/hoyre.no\/oslo-senior\/#website\",\"url\":\"https:\/\/hoyre.no\/oslo-senior\/\",\"name\":\"Oslo Senior H\u00f8yre\",\"description\":\"\",\"inLanguage\":\"nb-NO\"},{\"@type\":\"Person\",\"@id\":\"https:\/\/hoyre.no\/oslo-senior\/#\/schema\/person\/46e1f75c731be9446927299e8fc1a242\",\"name\":\"Ragnhild R\u00f8nneberg\",\"image\":{\"@type\":\"ImageObject\",\"inLanguage\":\"nb-NO\",\"@id\":\"https:\/\/hoyre.no\/oslo-senior\/#\/schema\/person\/image\/\",\"url\":\"https:\/\/secure.gravatar.com\/avatar\/5358c11115433cf7bafa5b466d5e2903a9da4ad7a44fb7291d95149efa92e99c?s=96&d=mm&r=g\",\"contentUrl\":\"https:\/\/secure.gravatar.com\/avatar\/5358c11115433cf7bafa5b466d5e2903a9da4ad7a44fb7291d95149efa92e99c?s=96&d=mm&r=g\",\"caption\":\"Ragnhild R\u00f8nneberg\"},\"url\":\"https:\/\/hoyre.no\/oslo-senior\/aktuelt\/author\/m52209210\/\"}]}<\/script>\n<!-- \/ Yoast SEO plugin. -->","yoast_head_json":{"title":"Oslo Senior H\u00f8yres arbeidsplan for 2026 - Oslo Senior H\u00f8yre","robots":{"index":"index","follow":"follow","max-snippet":"max-snippet:-1","max-image-preview":"max-image-preview:large","max-video-preview":"max-video-preview:-1"},"canonical":"https:\/\/hoyre.no\/oslo-senior\/aktuelt\/oslo-senior-hoyres-arbeidsplan-for-2026\/","og_locale":"nb_NO","og_type":"article","og_title":"Oslo Senior H\u00f8yres arbeidsplan for 2026 - Oslo Senior H\u00f8yre","og_url":"https:\/\/hoyre.no\/oslo-senior\/aktuelt\/oslo-senior-hoyres-arbeidsplan-for-2026\/","og_site_name":"Oslo Senior H\u00f8yre","article_published_time":"2025-12-07T10:53:08+00:00","article_modified_time":"2025-12-07T10:56:22+00:00","og_image":[{"url":"https:\/\/hoyre.no\/content\/uploads\/sites\/438\/2025\/03\/Bjornar-Barbogen_2024-1-rotated.jpg","width":"","height":"","type":""}],"author":"Ragnhild R\u00f8nneberg","twitter_card":"summary_large_image","twitter_misc":{"Skrevet av":"Ragnhild R\u00f8nneberg","Ansl. lesetid":"1 minutt"},"schema":{"@context":"https:\/\/schema.org","@graph":[{"@type":"NewsArticle","@id":"https:\/\/hoyre.no\/oslo-senior\/aktuelt\/oslo-senior-hoyres-arbeidsplan-for-2026\/","url":"https:\/\/hoyre.no\/oslo-senior\/aktuelt\/oslo-senior-hoyres-arbeidsplan-for-2026\/","name":"Oslo Senior H\u00f8yres arbeidsplan for 2026 - Oslo Senior H\u00f8yre","isPartOf":{"@id":"https:\/\/hoyre.no\/oslo-senior\/#website"},"datePublished":"2025-12-07T10:53:08+00:00","dateModified":"2025-12-07T10:56:22+00:00","author":{"@id":"https:\/\/hoyre.no\/oslo-senior\/#\/schema\/person\/46e1f75c731be9446927299e8fc1a242"},"breadcrumb":{"@id":"https:\/\/hoyre.no\/oslo-senior\/aktuelt\/oslo-senior-hoyres-arbeidsplan-for-2026\/#breadcrumb"},"inLanguage":"nb-NO","potentialAction":[{"@type":"ReadAction","target":["https:\/\/hoyre.no\/oslo-senior\/aktuelt\/oslo-senior-hoyres-arbeidsplan-for-2026\/"]}]},{"@type":"BreadcrumbList","@id":"https:\/\/hoyre.no\/oslo-senior\/aktuelt\/oslo-senior-hoyres-arbeidsplan-for-2026\/#breadcrumb","itemListElement":[{"@type":"ListItem","position":1,"name":"Til hoyre.no","item":"https:\/\/hoyre.no"},{"@type":"ListItem","position":2,"name":"Hjem","item":"https:\/\/hoyre.no\/oslo-senior\/"},{"@type":"ListItem","position":3,"name":"Oslo Senior H\u00f8yres arbeidsplan for 2026"}]},{"@type":"WebSite","@id":"https:\/\/hoyre.no\/oslo-senior\/#website","url":"https:\/\/hoyre.no\/oslo-senior\/","name":"Oslo Senior H\u00f8yre","description":"","inLanguage":"nb-NO"},{"@type":"Person","@id":"https:\/\/hoyre.no\/oslo-senior\/#\/schema\/person\/46e1f75c731be9446927299e8fc1a242","name":"Ragnhild R\u00f8nneberg","image":{"@type":"ImageObject","inLanguage":"nb-NO","@id":"https:\/\/hoyre.no\/oslo-senior\/#\/schema\/person\/image\/","url":"https:\/\/secure.gravatar.com\/avatar\/5358c11115433cf7bafa5b466d5e2903a9da4ad7a44fb7291d95149efa92e99c?s=96&d=mm&r=g","contentUrl":"https:\/\/secure.gravatar.com\/avatar\/5358c11115433cf7bafa5b466d5e2903a9da4ad7a44fb7291d95149efa92e99c?s=96&d=mm&r=g","caption":"Ragnhild R\u00f8nneberg"},"url":"https:\/\/hoyre.no\/oslo-senior\/aktuelt\/author\/m52209210\/"}]}},"distributor_meta":false,"distributor_terms":false,"distributor_media":false,"distributor_original_site_name":"Oslo Senior H\u00f8yre","distributor_original_site_url":"https:\/\/hoyre.no\/oslo-senior","push-errors":false,"_links":{"self":[{"href":"https:\/\/hoyre.no\/oslo-senior\/wp-json\/wp\/v2\/posts\/914","targetHints":{"allow":["GET"]}}],"collection":[{"href":"https:\/\/hoyre.no\/oslo-senior\/wp-json\/wp\/v2\/posts"}],"about":[{"href":"https:\/\/hoyre.no\/oslo-senior\/wp-json\/wp\/v2\/types\/post"}],"author":[{"embeddable":true,"href":"https:\/\/hoyre.no\/oslo-senior\/wp-json\/wp\/v2\/users\/41858"}],"replies":[{"embeddable":true,"href":"https:\/\/hoyre.no\/oslo-senior\/wp-json\/wp\/v2\/comments?post=914"}],"version-history":[{"count":2,"href":"https:\/\/hoyre.no\/oslo-senior\/wp-json\/wp\/v2\/posts\/914\/revisions"}],"predecessor-version":[{"id":918,"href":"https:\/\/hoyre.no\/oslo-senior\/wp-json\/wp\/v2\/posts\/914\/revisions\/918"}],"wp:attachment":[{"href":"https:\/\/hoyre.no\/oslo-senior\/wp-json\/wp\/v2\/media?parent=914"}],"wp:term":[{"taxonomy":"category","embeddable":true,"href":"https:\/\/hoyre.no\/oslo-senior\/wp-json\/wp\/v2\/category?post=914"},{"taxonomy":"post_tag","embeddable":true,"href":"https:\/\/hoyre.no\/oslo-senior\/wp-json\/wp\/v2\/post_tag?post=914"},{"taxonomy":"hoyre-visibility","embeddable":true,"href":"https:\/\/hoyre.no\/oslo-senior\/wp-json\/wp\/v2\/hoyre-visibility?post=914"},{"taxonomy":"article-type","embeddable":true,"href":"https:\/\/hoyre.no\/oslo-senior\/wp-json\/wp\/v2\/article-type?post=914"},{"taxonomy":"politician","embeddable":true,"href":"https:\/\/hoyre.no\/oslo-senior\/wp-json\/wp\/v2\/politician?post=914"}],"curies":[{"name":"wp","href":"https:\/\/api.w.org\/{rel}","templated":true}]}}