{"id":1491,"date":"2015-01-26T18:51:49","date_gmt":"2015-01-26T18:51:49","guid":{"rendered":"https:\/\/hoyre.no\/oslo\/aktuelt\/benjaminprisen-til-uranienborg-skole\/"},"modified":"2022-09-26T15:05:38","modified_gmt":"2022-09-26T13:05:38","slug":"benjaminprisen-til-uranienborg-skole","status":"publish","type":"post","link":"https:\/\/hoyre.no\/oslo\/aktuelt\/benjaminprisen-til-uranienborg-skole\/","title":{"rendered":"Benjaminprisen til Uranienborg skole"},"content":{"rendered":"<figure class=\"hoyre-image-wrapper\"><div class=\"hoyre-image\"><img loading=\"lazy\" decoding=\"async\" width=\"1024\" height=\"475\" src=\"https:\/\/hoyre.no\/content\/uploads\/sites\/408\/2022\/09\/FabianStianJenny-nettsak-1.jpg\" class=\"attachment-scaled size-scaled\" alt=\"Oslo H\u00f8yre vil ha mer kunnskap i Osloskolen, og en gr\u00f8nnere og en tryggere by. Foto: CF Wesenberg \/ kolonihaven.no\" style=\"object-position: 50% 50%\" srcset=\"https:\/\/hoyre.no\/content\/uploads\/sites\/408\/2022\/09\/FabianStianJenny-nettsak-1.jpg 1024w, https:\/\/hoyre.no\/content\/uploads\/sites\/408\/2022\/09\/FabianStianJenny-nettsak-1-300x139.jpg 300w, https:\/\/hoyre.no\/content\/uploads\/sites\/408\/2022\/09\/FabianStianJenny-nettsak-1-768x356.jpg 768w\" sizes=\"auto, (max-width: 1024px) 100vw, 1024px\" \/><\/div><\/figure><div id=\"hoyre-old-article-content-wrapper\"><p><strong>Uranienborg skole i Frogner bydel ble tildelt Benjaminprisen;\u00a0<\/strong>\u00a0Skoken fikk prisen for sitt langsiktige arbeid mot rasisme.<em>\u00a0(Foto: Mahlum (Own work) [Public domain], via Wikimedia Commons)<\/em><\/p><h1>Velfortjent pris til Uranienborg skole<\/h1><h3>Benjaminprisen til Uranienborg skole<\/h3><p><strong>Uranienborg skole ble tildelt prisen av en enstemmig jury, og prisoverrekkelsen fant sted i Universitetet Aula, mandag 26. januar. Flere av skolens elever, l\u00e6rere og rektor, samt andre prominente gjester til stede, blant annet ordf\u00f8rer Fabian Stang. Prisen ble h\u00f8ytidelig overrakt av kunnskapsminister Torbj\u00f8rn R\u00f8e Isaksen.<\/strong><\/p><p><em>Tekst: Vivian Ellingsen Godtaas \/\/ Foto: Wikipeidia<\/em><\/p>\n[framed_box width=&raquo;300px&raquo; align=&raquo;right&raquo;]\n<h3>Fakta om Benjaminprisen<\/h3><p>Benjaminprisen deles ut hver \u00e5r til en skole som arbeider aktivt mot rasisme og diskriminering.<\/p><p><strong>Arbeidet skal v\u00e6re preget av:<\/strong><br \/><strong>Forankring:<\/strong> Skolens arbeid mot rasisme og diskriminering er forankret i skolens langsiktige arbeid<br \/><strong>Involvering:<\/strong> Skolens arbeid mot rasisme og diskriminering involverer alle skolens akt\u00f8rer<br \/><strong>Synliggj\u00f8ring:<\/strong> Skolens arbeid mot rasisme og diskriminering er synlig i skole og lokalmilj\u00f8<\/p><p><strong>Vinnere av Benjaminprisen:<\/strong><\/p><ul><li>2002 \u2013 Sunndal videreg\u00e5ende skole p\u00e5 Sunndals\u00f8ra<\/li><li>2003 \u2013 Fjell skole i Drammen<\/li><li>2004 \u2013 Ila skole i Trondheim<\/li><li>2005 \u2013 Gommerud skole i B\u00e6rum<\/li><li>2006 \u2013 Mandal videreg\u00e5ende skole i Mandal<\/li><li>2007 \u2013 Skotselv skole i \u00d8vre Eiker i Buskerud<\/li><li>2008 \u2013 Sogn videreg\u00e5ende skole i Oslo<\/li><li>2009 \u2013 Skullerud skole i Oslo<\/li><li>2010 \u2013 Hagal\u00f8kka skole i Asker<\/li><li>2011 \u2013 Karuss skole i Kristiansand<\/li><li>2012 \u2013 Greveskogen videreg\u00e5ende skole i T\u00f8nsberg<\/li><li>2013 \u2013 Brandengen skole i Drammen<\/li><li>2014 &#8211; Uranienborg skole i Oslo<\/li><\/ul>\n[\/framed_box] Prisen ble delt ut n\u00f8yaktig p\u00e5 dagen 14 \u00e5r etter at Holmliagutten, Benjamin Hermansen, ble brutalt drept av nynazister. Det rasistisk motiverte drapet sjokkerte alle, men i kj\u00f8lvannet av tragedien, har skoler over hele landet jobbet aktivt med \u00e5 forbygge rasisme og for \u00e5 forhindre lignende tragedier.<\/p><h3>Verdig prisvinner<\/h3><p>I 2014 var alts\u00e5 Uranienborg skole den skolen i landet som ble funnet verdig til prisen. Skolen gj\u00f8r mye bra, og mye av hemmeligheten bak skolens suksess er solid involvering av elever for \u00e5 sikre et godt skolemilj\u00f8. Dette kommer til uttrykk p\u00e5 flere m\u00e5ter. Blant annet var skolen pilot for prosjektet DEMRA (= demokratisk beredskap mot rasisme og antisemittisme) i 2014.<\/p><p>Andre positive ting er etablering av trivselsagenter, elevr\u00e5d fra 1. klasse, og at elevene involveres i analyser av elevunders\u00f8kelser, og tas aktivt med i det videre satsingsarbeidet. Hele begrunnelsen for pristildelingen er lagt ut p\u00e5 Uranienborg skoles nettsider.<\/p><h3>Juryens sammensetning<\/h3><p>Juryen har best\u00e5tt av Marit Hermansen ( l\u00e6rer, og Benjamins mor), representanter fra Likestillings- og diskrimineringsombudet, Antirasistisk senter, Utdanningsforbundet, Foreldreutvalget for grunnoppl\u00e6ring (FUG), Elevorganisasjonen (EO) og Sametinget,<\/p><p>Prisen er et diplom, kr. 100\u00a0000, og en miniatyr av bysten av Benjamin Hermansen, som st\u00e5r p\u00e5 Holmlia. Bysten er laget av Ivar Sjaastad.<\/p>\n<\/div>\n<div class=\"tags\">\n\t<\/div>\n<div class=\"post-footer alignfull has-background block-editor-block-list__block\" data-align=full>\n\t<div class=\"post-footer-inner\">\n\t\t<h3>Relaterte artikler<\/h3>\n\t\t<div class=\"related-content\"><div class=\"is-card-hoyre\">\n\t<div class=\"teft-card hoyre-teft-card post-teft-card\">\n\t\t<a href=\"https:\/\/hoyre.no\/oslo\/aktuelt\/mdg-moralismen-fornekter-seg-ikke\/\" class=\"teft-card__primary-action\">\n\n\t\t\t\t\t<div class=\"teft-card__media teft-card__media--16-9\">\n\t\t\t\t\t\t<img loading=\"lazy\" decoding=\"async\" width=\"768\" height=\"512\" src=\"https:\/\/hoyre.no\/content\/uploads\/sites\/408\/2024\/01\/QZQlxtOC-768x512.jpeg\" class=\"attachment-medium_large size-medium_large\" alt=\"Merete Agerbak-Jensen\" srcset=\"https:\/\/hoyre.no\/content\/uploads\/sites\/408\/2024\/01\/QZQlxtOC-768x512.jpeg 768w, https:\/\/hoyre.no\/content\/uploads\/sites\/408\/2024\/01\/QZQlxtOC-300x200.jpeg 300w, https:\/\/hoyre.no\/content\/uploads\/sites\/408\/2024\/01\/QZQlxtOC-1024x683.jpeg 1024w, https:\/\/hoyre.no\/content\/uploads\/sites\/408\/2024\/01\/QZQlxtOC-1536x1024.jpeg 1536w, https:\/\/hoyre.no\/content\/uploads\/sites\/408\/2024\/01\/QZQlxtOC-2048x1365.jpeg 2048w\" sizes=\"auto, (max-width: 768px) 100vw, 768px\" \/>\t\t<\/div>\n\t\t\n\t\t\t<div class=\"teft-card__content-wrapper\">\n\t\t\t\t<div class=\"teft-card__secondary\">\n\t\t\t\t\t\n\t\t\t\t\t\t\t\t<div class=\"teft-card__meta\">\n\t\t\t\t\t\t\t\t\t<span class=\"post-date\">23. apr 2026<\/span>\n\n\t\t\t\t\t\t\t\t\t\t\t\t\t\t\t\t\t<\/div>\n\t\t\t\t\t\t\t\t\t\t\t<\/div>\n\n\t\t\t\t<div class=\"teft-card__primary\">\n\t\t\t\t\t<h2 class=\"teft-card__title\">MDG-moralismen fornekter seg ikke&nbsp;<span class=\"teft-card__primary-title-append\"><\/span><\/h2>\t\t\t\t<\/div>\n\t\t\t<\/div>\n\t\t<\/a>\n\t<\/div>\n\n\t<\/div><div class=\"is-card-hoyre\">\n\t<div class=\"teft-card hoyre-teft-card post-teft-card\">\n\t\t<a href=\"https:\/\/hoyre.no\/oslo\/aktuelt\/raskere-og-enklere-a-bygge-boliger-og-skape-arbeidsplasser-i-oslo\/\" class=\"teft-card__primary-action\">\n\n\t\t\t\t\t<div class=\"teft-card__media teft-card__media--16-9\">\n\t\t\t\t\t\t<img loading=\"lazy\" decoding=\"async\" width=\"768\" height=\"576\" src=\"https:\/\/hoyre.no\/content\/uploads\/sites\/408\/2026\/04\/Eirik-Lae-Solberg-og-Anita-Leirvik-North-768x576.jpg\" class=\"attachment-medium_large size-medium_large\" alt=\"\" srcset=\"https:\/\/hoyre.no\/content\/uploads\/sites\/408\/2026\/04\/Eirik-Lae-Solberg-og-Anita-Leirvik-North-768x576.jpg 768w, https:\/\/hoyre.no\/content\/uploads\/sites\/408\/2026\/04\/Eirik-Lae-Solberg-og-Anita-Leirvik-North-300x225.jpg 300w, https:\/\/hoyre.no\/content\/uploads\/sites\/408\/2026\/04\/Eirik-Lae-Solberg-og-Anita-Leirvik-North.jpg 901w\" sizes=\"auto, (max-width: 768px) 100vw, 768px\" \/>\t\t<\/div>\n\t\t\n\t\t\t<div class=\"teft-card__content-wrapper\">\n\t\t\t\t<div class=\"teft-card__secondary\">\n\t\t\t\t\t\n\t\t\t\t\t\t\t\t<div class=\"teft-card__meta\">\n\t\t\t\t\t\t\t\t\t<span class=\"post-date\">14. apr 2026<\/span>\n\n\t\t\t\t\t\t\t\t\t<span class=\"post-category\">Har lagt frem ny KPA:<\/span>\t\t\t\t\t\t\t\t<\/div>\n\t\t\t\t\t\t\t\t\t\t\t<\/div>\n\n\t\t\t\t<div class=\"teft-card__primary\">\n\t\t\t\t\t<h2 class=\"teft-card__title\">Raskere og enklere \u00e5 bygge boliger og skape arbeidsplasser i Oslo&nbsp;<span class=\"teft-card__primary-title-append\"><\/span><\/h2>\t\t\t\t<\/div>\n\t\t\t<\/div>\n\t\t<\/a>\n\t<\/div>\n\n\t<\/div><div class=\"is-card-hoyre\">\n\t<div class=\"teft-card hoyre-teft-card post-teft-card\">\n\t\t<a href=\"https:\/\/hoyre.no\/oslo\/aktuelt\/bedre-elevresultater-og-en-skoleokonomi-i-balanse-med-blagront-byrad\/\" class=\"teft-card__primary-action\">\n\n\t\t\t\t\t<div class=\"teft-card__media teft-card__media--16-9\">\n\t\t\t\t\t\t<img loading=\"lazy\" decoding=\"async\" width=\"768\" height=\"512\" src=\"https:\/\/hoyre.no\/content\/uploads\/sites\/408\/2025\/05\/IMG_6440-768x512.jpeg\" class=\"attachment-medium_large size-medium_large\" alt=\"Julie Remen Midtgarden\" srcset=\"https:\/\/hoyre.no\/content\/uploads\/sites\/408\/2025\/05\/IMG_6440-768x512.jpeg 768w, https:\/\/hoyre.no\/content\/uploads\/sites\/408\/2025\/05\/IMG_6440-300x200.jpeg 300w, https:\/\/hoyre.no\/content\/uploads\/sites\/408\/2025\/05\/IMG_6440-1024x683.jpeg 1024w, https:\/\/hoyre.no\/content\/uploads\/sites\/408\/2025\/05\/IMG_6440-1536x1024.jpeg 1536w, https:\/\/hoyre.no\/content\/uploads\/sites\/408\/2025\/05\/IMG_6440-2048x1365.jpeg 2048w\" sizes=\"auto, (max-width: 768px) 100vw, 768px\" \/>\t\t<\/div>\n\t\t\n\t\t\t<div class=\"teft-card__content-wrapper\">\n\t\t\t\t<div class=\"teft-card__secondary\">\n\t\t\t\t\t\n\t\t\t\t\t\t\t\t<div class=\"teft-card__meta\">\n\t\t\t\t\t\t\t\t\t<span class=\"post-date\">26. mar 2026<\/span>\n\n\t\t\t\t\t\t\t\t\t\t\t\t\t\t\t\t\t<\/div>\n\t\t\t\t\t\t\t\t\t\t\t<\/div>\n\n\t\t\t\t<div class=\"teft-card__primary\">\n\t\t\t\t\t<h2 class=\"teft-card__title\">Bedre elevresultater og en skole\u00f8konomi i balanse med bl\u00e5gr\u00f8nt byr\u00e5d&nbsp;<span class=\"teft-card__primary-title-append\"><\/span><\/h2>\t\t\t\t<\/div>\n\t\t\t<\/div>\n\t\t<\/a>\n\t<\/div>\n\n\t<\/div><\/div>\t<\/div>\n<\/div>\n","protected":false},"excerpt":{"rendered":"","protected":false},"author":0,"featured_media":0,"comment_status":"closed","ping_status":"closed","sticky":false,"template":"","format":"standard","meta":{"teft_cards_image_url":"","teft_cards_custom_pretitle":"","teft_cards_image_id":0,"teft_cards_image_focal_point_x":0,"teft_cards_image_focal_point_y":0,"teft_cards_title":"","teft_cards_excerpt":"","teft_show_chapters":false,"author_display_name":"Oslo H\u00f8yre","footnotes":""},"category":[1],"post_tag":[],"hoyre-visibility":[],"article-type":[],"politician":[],"class_list":["post-1491","post","type-post","status-publish","format-standard","hentry","category-nyheter"],"yoast_head":"<!-- This site is optimized with the Yoast SEO Premium plugin v26.5 (Yoast SEO v26.6) - https:\/\/yoast.com\/wordpress\/plugins\/seo\/ -->\n<title>Benjaminprisen til Uranienborg skole - Oslo H\u00f8yre<\/title>\n<meta name=\"robots\" content=\"index, follow, max-snippet:-1, max-image-preview:large, max-video-preview:-1\" \/>\n<link rel=\"canonical\" href=\"https:\/\/hoyre.no\/oslo\/aktuelt\/benjaminprisen-til-uranienborg-skole\/\" \/>\n<meta property=\"og:locale\" content=\"nb_NO\" \/>\n<meta property=\"og:type\" content=\"article\" \/>\n<meta property=\"og:title\" content=\"Benjaminprisen til Uranienborg skole\" \/>\n<meta property=\"og:url\" content=\"https:\/\/hoyre.no\/oslo\/aktuelt\/benjaminprisen-til-uranienborg-skole\/\" \/>\n<meta property=\"og:site_name\" content=\"Oslo H\u00f8yre\" \/>\n<meta property=\"article:publisher\" content=\"https:\/\/www.facebook.com\/oslo.hoyre\" \/>\n<meta property=\"article:published_time\" content=\"2015-01-26T18:51:49+00:00\" \/>\n<meta property=\"article:modified_time\" content=\"2022-09-26T13:05:38+00:00\" \/>\n<meta property=\"og:image\" content=\"https:\/\/hoyre.no\/content\/uploads\/sites\/408\/2022\/11\/Hoyres-logo.png\" \/>\n\t<meta property=\"og:image:width\" content=\"1000\" \/>\n\t<meta property=\"og:image:height\" content=\"1000\" \/>\n\t<meta property=\"og:image:type\" content=\"image\/png\" \/>\n<meta name=\"twitter:card\" content=\"summary_large_image\" \/>\n<meta name=\"twitter:label1\" content=\"Ansl. lesetid\" \/>\n\t<meta name=\"twitter:data1\" content=\"2 minutter\" \/>\n<script type=\"application\/ld+json\" class=\"yoast-schema-graph\">{\"@context\":\"https:\/\/schema.org\",\"@graph\":[{\"@type\":\"Article\",\"@id\":\"https:\/\/hoyre.no\/oslo\/aktuelt\/benjaminprisen-til-uranienborg-skole\/#article\",\"isPartOf\":{\"@id\":\"https:\/\/hoyre.no\/oslo\/aktuelt\/benjaminprisen-til-uranienborg-skole\/\"},\"author\":{\"name\":\"\",\"@id\":\"\"},\"headline\":\"Benjaminprisen til Uranienborg skole\",\"datePublished\":\"2015-01-26T18:51:49+00:00\",\"dateModified\":\"2022-09-26T13:05:38+00:00\",\"mainEntityOfPage\":{\"@id\":\"https:\/\/hoyre.no\/oslo\/aktuelt\/benjaminprisen-til-uranienborg-skole\/\"},\"wordCount\":456,\"publisher\":{\"@id\":\"https:\/\/hoyre.no\/oslo\/#organization\"},\"articleSection\":[\"Nyheter\"],\"inLanguage\":\"nb-NO\"},{\"@type\":\"NewsArticle\",\"@id\":\"https:\/\/hoyre.no\/oslo\/aktuelt\/benjaminprisen-til-uranienborg-skole\/\",\"url\":\"https:\/\/hoyre.no\/oslo\/aktuelt\/benjaminprisen-til-uranienborg-skole\/\",\"name\":\"Benjaminprisen til Uranienborg skole - Oslo H\u00f8yre\",\"isPartOf\":{\"@id\":\"https:\/\/hoyre.no\/oslo\/#website\"},\"datePublished\":\"2015-01-26T18:51:49+00:00\",\"dateModified\":\"2022-09-26T13:05:38+00:00\",\"breadcrumb\":{\"@id\":\"https:\/\/hoyre.no\/oslo\/aktuelt\/benjaminprisen-til-uranienborg-skole\/#breadcrumb\"},\"inLanguage\":\"nb-NO\",\"potentialAction\":[{\"@type\":\"ReadAction\",\"target\":[\"https:\/\/hoyre.no\/oslo\/aktuelt\/benjaminprisen-til-uranienborg-skole\/\"]}]},{\"@type\":\"BreadcrumbList\",\"@id\":\"https:\/\/hoyre.no\/oslo\/aktuelt\/benjaminprisen-til-uranienborg-skole\/#breadcrumb\",\"itemListElement\":[{\"@type\":\"ListItem\",\"position\":1,\"name\":\"Til hoyre.no\",\"item\":\"https:\/\/hoyre.no\"},{\"@type\":\"ListItem\",\"position\":2,\"name\":\"Hjem\",\"item\":\"https:\/\/hoyre.no\/oslo\/\"},{\"@type\":\"ListItem\",\"position\":3,\"name\":\"Benjaminprisen til Uranienborg skole\"}]},{\"@type\":\"WebSite\",\"@id\":\"https:\/\/hoyre.no\/oslo\/#website\",\"url\":\"https:\/\/hoyre.no\/oslo\/\",\"name\":\"Oslo H\u00f8yre\",\"description\":\"\",\"publisher\":{\"@id\":\"https:\/\/hoyre.no\/oslo\/#organization\"},\"inLanguage\":\"nb-NO\"},{\"@type\":\"Organization\",\"@id\":\"https:\/\/hoyre.no\/oslo\/#organization\",\"name\":\"Oslo H\u00f8yre\",\"url\":\"https:\/\/hoyre.no\/oslo\/\",\"logo\":{\"@type\":\"ImageObject\",\"inLanguage\":\"nb-NO\",\"@id\":\"https:\/\/hoyre.no\/oslo\/#\/schema\/logo\/image\/\",\"url\":\"https:\/\/hoyre.no\/content\/uploads\/sites\/408\/2022\/11\/Hoyres-logo.png\",\"contentUrl\":\"https:\/\/hoyre.no\/content\/uploads\/sites\/408\/2022\/11\/Hoyres-logo.png\",\"width\":1000,\"height\":1000,\"caption\":\"Oslo H\u00f8yre\"},\"image\":{\"@id\":\"https:\/\/hoyre.no\/oslo\/#\/schema\/logo\/image\/\"},\"sameAs\":[\"https:\/\/www.facebook.com\/oslo.hoyre\"]}]}<\/script>\n<!-- \/ Yoast SEO Premium plugin. -->","yoast_head_json":{"title":"Benjaminprisen til Uranienborg skole - Oslo H\u00f8yre","robots":{"index":"index","follow":"follow","max-snippet":"max-snippet:-1","max-image-preview":"max-image-preview:large","max-video-preview":"max-video-preview:-1"},"canonical":"https:\/\/hoyre.no\/oslo\/aktuelt\/benjaminprisen-til-uranienborg-skole\/","og_locale":"nb_NO","og_type":"article","og_title":"Benjaminprisen til Uranienborg skole","og_url":"https:\/\/hoyre.no\/oslo\/aktuelt\/benjaminprisen-til-uranienborg-skole\/","og_site_name":"Oslo H\u00f8yre","article_publisher":"https:\/\/www.facebook.com\/oslo.hoyre","article_published_time":"2015-01-26T18:51:49+00:00","article_modified_time":"2022-09-26T13:05:38+00:00","og_image":[{"width":1000,"height":1000,"url":"https:\/\/hoyre.no\/content\/uploads\/sites\/408\/2022\/11\/Hoyres-logo.png","type":"image\/png"}],"twitter_card":"summary_large_image","twitter_misc":{"Ansl. lesetid":"2 minutter"},"schema":{"@context":"https:\/\/schema.org","@graph":[{"@type":"Article","@id":"https:\/\/hoyre.no\/oslo\/aktuelt\/benjaminprisen-til-uranienborg-skole\/#article","isPartOf":{"@id":"https:\/\/hoyre.no\/oslo\/aktuelt\/benjaminprisen-til-uranienborg-skole\/"},"author":{"name":"","@id":""},"headline":"Benjaminprisen til Uranienborg skole","datePublished":"2015-01-26T18:51:49+00:00","dateModified":"2022-09-26T13:05:38+00:00","mainEntityOfPage":{"@id":"https:\/\/hoyre.no\/oslo\/aktuelt\/benjaminprisen-til-uranienborg-skole\/"},"wordCount":456,"publisher":{"@id":"https:\/\/hoyre.no\/oslo\/#organization"},"articleSection":["Nyheter"],"inLanguage":"nb-NO"},{"@type":"NewsArticle","@id":"https:\/\/hoyre.no\/oslo\/aktuelt\/benjaminprisen-til-uranienborg-skole\/","url":"https:\/\/hoyre.no\/oslo\/aktuelt\/benjaminprisen-til-uranienborg-skole\/","name":"Benjaminprisen til Uranienborg skole - Oslo H\u00f8yre","isPartOf":{"@id":"https:\/\/hoyre.no\/oslo\/#website"},"datePublished":"2015-01-26T18:51:49+00:00","dateModified":"2022-09-26T13:05:38+00:00","breadcrumb":{"@id":"https:\/\/hoyre.no\/oslo\/aktuelt\/benjaminprisen-til-uranienborg-skole\/#breadcrumb"},"inLanguage":"nb-NO","potentialAction":[{"@type":"ReadAction","target":["https:\/\/hoyre.no\/oslo\/aktuelt\/benjaminprisen-til-uranienborg-skole\/"]}]},{"@type":"BreadcrumbList","@id":"https:\/\/hoyre.no\/oslo\/aktuelt\/benjaminprisen-til-uranienborg-skole\/#breadcrumb","itemListElement":[{"@type":"ListItem","position":1,"name":"Til hoyre.no","item":"https:\/\/hoyre.no"},{"@type":"ListItem","position":2,"name":"Hjem","item":"https:\/\/hoyre.no\/oslo\/"},{"@type":"ListItem","position":3,"name":"Benjaminprisen til Uranienborg skole"}]},{"@type":"WebSite","@id":"https:\/\/hoyre.no\/oslo\/#website","url":"https:\/\/hoyre.no\/oslo\/","name":"Oslo H\u00f8yre","description":"","publisher":{"@id":"https:\/\/hoyre.no\/oslo\/#organization"},"inLanguage":"nb-NO"},{"@type":"Organization","@id":"https:\/\/hoyre.no\/oslo\/#organization","name":"Oslo H\u00f8yre","url":"https:\/\/hoyre.no\/oslo\/","logo":{"@type":"ImageObject","inLanguage":"nb-NO","@id":"https:\/\/hoyre.no\/oslo\/#\/schema\/logo\/image\/","url":"https:\/\/hoyre.no\/content\/uploads\/sites\/408\/2022\/11\/Hoyres-logo.png","contentUrl":"https:\/\/hoyre.no\/content\/uploads\/sites\/408\/2022\/11\/Hoyres-logo.png","width":1000,"height":1000,"caption":"Oslo H\u00f8yre"},"image":{"@id":"https:\/\/hoyre.no\/oslo\/#\/schema\/logo\/image\/"},"sameAs":["https:\/\/www.facebook.com\/oslo.hoyre"]}]}},"distributor_meta":false,"distributor_terms":false,"distributor_media":false,"distributor_original_site_name":"Oslo H\u00f8yre","distributor_original_site_url":"https:\/\/hoyre.no\/oslo","push-errors":false,"_links":{"self":[{"href":"https:\/\/hoyre.no\/oslo\/wp-json\/wp\/v2\/posts\/1491","targetHints":{"allow":["GET"]}}],"collection":[{"href":"https:\/\/hoyre.no\/oslo\/wp-json\/wp\/v2\/posts"}],"about":[{"href":"https:\/\/hoyre.no\/oslo\/wp-json\/wp\/v2\/types\/post"}],"replies":[{"embeddable":true,"href":"https:\/\/hoyre.no\/oslo\/wp-json\/wp\/v2\/comments?post=1491"}],"version-history":[{"count":1,"href":"https:\/\/hoyre.no\/oslo\/wp-json\/wp\/v2\/posts\/1491\/revisions"}],"predecessor-version":[{"id":2725,"href":"https:\/\/hoyre.no\/oslo\/wp-json\/wp\/v2\/posts\/1491\/revisions\/2725"}],"wp:attachment":[{"href":"https:\/\/hoyre.no\/oslo\/wp-json\/wp\/v2\/media?parent=1491"}],"wp:term":[{"taxonomy":"category","embeddable":true,"href":"https:\/\/hoyre.no\/oslo\/wp-json\/wp\/v2\/category?post=1491"},{"taxonomy":"post_tag","embeddable":true,"href":"https:\/\/hoyre.no\/oslo\/wp-json\/wp\/v2\/post_tag?post=1491"},{"taxonomy":"hoyre-visibility","embeddable":true,"href":"https:\/\/hoyre.no\/oslo\/wp-json\/wp\/v2\/hoyre-visibility?post=1491"},{"taxonomy":"article-type","embeddable":true,"href":"https:\/\/hoyre.no\/oslo\/wp-json\/wp\/v2\/article-type?post=1491"},{"taxonomy":"politician","embeddable":true,"href":"https:\/\/hoyre.no\/oslo\/wp-json\/wp\/v2\/politician?post=1491"}],"curies":[{"name":"wp","href":"https:\/\/api.w.org\/{rel}","templated":true}]}}