{"id":1492,"date":"2015-01-26T11:18:57","date_gmt":"2015-01-26T11:18:57","guid":{"rendered":"https:\/\/hoyre.no\/oslo\/aktuelt\/hoyre-vil-ta-bygdoy-ut-av-mobilskyggen\/"},"modified":"2022-09-26T15:05:38","modified_gmt":"2022-09-26T13:05:38","slug":"hoyre-vil-ta-bygdoy-ut-av-mobilskyggen","status":"publish","type":"post","link":"https:\/\/hoyre.no\/oslo\/aktuelt\/hoyre-vil-ta-bygdoy-ut-av-mobilskyggen\/","title":{"rendered":"H\u00f8yre vil ta Bygd\u00f8y ut av mobilskyggen"},"content":{"rendered":"<figure class=\"hoyre-image-wrapper\"><div class=\"hoyre-image\"><img loading=\"lazy\" decoding=\"async\" width=\"1024\" height=\"475\" src=\"https:\/\/hoyre.no\/content\/uploads\/sites\/408\/2022\/09\/FabianStianJenny-nettsak-1.jpg\" class=\"attachment-scaled size-scaled\" alt=\"Oslo H\u00f8yre vil ha mer kunnskap i Osloskolen, og en gr\u00f8nnere og en tryggere by. Foto: CF Wesenberg \/ kolonihaven.no\" style=\"object-position: 50% 50%\" srcset=\"https:\/\/hoyre.no\/content\/uploads\/sites\/408\/2022\/09\/FabianStianJenny-nettsak-1.jpg 1024w, https:\/\/hoyre.no\/content\/uploads\/sites\/408\/2022\/09\/FabianStianJenny-nettsak-1-300x139.jpg 300w, https:\/\/hoyre.no\/content\/uploads\/sites\/408\/2022\/09\/FabianStianJenny-nettsak-1-768x356.jpg 768w\" sizes=\"auto, (max-width: 1024px) 100vw, 1024px\" \/><\/div><\/figure><div id=\"hoyre-old-article-content-wrapper\"><p><i><strong>Er det mobildekning her?<\/strong> Ola Kvisgaard og Hans Magnus Borge pr\u00f8ver iherdig \u00e5 f\u00e5 kontakt via mobilene sine p\u00e5 Bygd\u00f8y. (Foto: Alex Nordahl &#8211; Dagens N\u00e6ringsliv)<\/i><\/p><h2>&#8211; Bygd\u00f8y er det vanskeligste omr\u00e5det i hele landet \u00e5 bygge ut!<\/h2><p><strong>Det er noen steder p\u00e5 Bygd\u00f8y som har d\u00e5rlig \u2013 til dels ingen mobildekning. Til tross for at Telenor reklamerer med \u00absuveren dekning\u00bb. Mange f\u00f8ler faktisk Telenors reklame som provoserende. Bygd\u00f8y er tross alt et sentralt og ganske tettbygget omr\u00e5de. Mange er avhengige av mobiltelefonen i sitt arbeide.<\/strong><\/p><p><em><em>Tekst: Hans Magnus Borge<br \/><\/em>Foto: Alex Nordahl\/Hans Magnus Borge<\/em><\/p><p>Bygd\u00f8y H\u00f8yre har arbeidet med denne saken i snart ett \u00e5r og det har v\u00e6rt flittig korrespondanse med dekningsdirekt\u00f8r Bj\u00f8rn Amundsen i Telenor.<\/p><h3>Med Dagens N\u00e6ringsliv p\u00e5 lag<\/h3><p>Men n\u00e5 har vi f\u00e5tt Dagens N\u00e6ringsliv (DN) med p\u00e5 laget. De har laget flere reportasjer p\u00e5 d\u00e5rlig dekning i hva man kan kalle sentrale str\u00f8k. S\u00e5 Bygd\u00f8y er ikke alene \u2013 hvis det kan v\u00e6re en tr\u00f8st.<\/p><p>L\u00f8rdag 24. januar var Fogner H\u00f8yres leder Ola Kvisgaard, Pluto Nordlie (cocker spaniel -12 \u00e5r) og mobilterrorist Hans Magnus Borge i DN og demonstrerte hvor d\u00e5rlig det st\u00e5r til med mobildekningen p\u00e5 Bygd\u00f8y.<\/p><p><a href=\"https:\/\/www.dn.no\/nyheter\/politikkSamfunn\/2015\/01\/23\/2154\/Telekom\/eksklusivt-omrde-uten-dekning\">Les saken i Dagens N\u00e6ringsliv her &gt;&gt;<\/a><\/p><p>I omr\u00e5det Jacob Fayes vei og Dorthes vei har faktisk Netcom suveren dekning. Takket v\u00e6re en basestasjon ved Plutos barndomshjem i Jacob Fayes vei.<\/p><p>Netcom var raskest ute med \u00e5 sp\u00f8rre om \u00e5 f\u00e5 sette opp basestasjon der \u2013 og dermed ble det ikke plass til Telenor.<\/p><h3>Motstand mot\u00a0basestasjoner<\/h3><p>\u00c5 skaffe mobildekning p\u00e5 Bygd\u00f8y er en utfordring for Telenor og selskapet innr\u00f8mmer at omr\u00e5det er landets vanskeligste \u00e5 bygge ut.<\/p><blockquote><p>&#8211; Det er s\u00e5 mange resurssterke mennesker som ikke vil ha basestasjon i n\u00e6rheten av seg, forklarer dekningsdirekt\u00f8r i Telenor, Bj\u00f8rn Amundsen.<\/p><\/blockquote><h3>Trenger en \u00f8nskeliste<\/h3><p>Bygd\u00f8y H\u00f8yre har derfor tilbudt seg \u00e5 ta kontakt med de aktuelle naboene.<\/p><blockquote><p>&#8211; Men da m\u00e5 vi vite hvor Telenor vil ha sine basestasjoner, sier Bygd\u00f8y H\u00f8yres Hans Magnus Borge som har bedt Telenor om en prioritert liste over hvor de helst vil sette opp en ny basestasjon.<\/p><\/blockquote><p>Forel\u00f8pig ser det ut som Telenor har problemer med \u00e5 definere sine \u00f8nsker. Sp\u00f8rsm\u00e5let ble stilt i oktober og Bygd\u00f8y H\u00f8yre venter stadig vekk p\u00e5 svar \u2013 tross purringer.<\/p>\n<\/div>\n<div class=\"tags\">\n\t<\/div>\n<div class=\"post-footer alignfull has-background block-editor-block-list__block\" data-align=full>\n\t<div class=\"post-footer-inner\">\n\t\t<h3>Relaterte artikler<\/h3>\n\t\t<div class=\"related-content\"><div class=\"is-card-hoyre\">\n\t<div class=\"teft-card hoyre-teft-card post-teft-card\">\n\t\t<a href=\"https:\/\/hoyre.no\/oslo\/aktuelt\/mdg-moralismen-fornekter-seg-ikke\/\" class=\"teft-card__primary-action\">\n\n\t\t\t\t\t<div class=\"teft-card__media teft-card__media--16-9\">\n\t\t\t\t\t\t<img loading=\"lazy\" decoding=\"async\" width=\"768\" height=\"512\" src=\"https:\/\/hoyre.no\/content\/uploads\/sites\/408\/2024\/01\/QZQlxtOC-768x512.jpeg\" class=\"attachment-medium_large size-medium_large\" alt=\"Merete Agerbak-Jensen\" srcset=\"https:\/\/hoyre.no\/content\/uploads\/sites\/408\/2024\/01\/QZQlxtOC-768x512.jpeg 768w, https:\/\/hoyre.no\/content\/uploads\/sites\/408\/2024\/01\/QZQlxtOC-300x200.jpeg 300w, https:\/\/hoyre.no\/content\/uploads\/sites\/408\/2024\/01\/QZQlxtOC-1024x683.jpeg 1024w, https:\/\/hoyre.no\/content\/uploads\/sites\/408\/2024\/01\/QZQlxtOC-1536x1024.jpeg 1536w, https:\/\/hoyre.no\/content\/uploads\/sites\/408\/2024\/01\/QZQlxtOC-2048x1365.jpeg 2048w\" sizes=\"auto, (max-width: 768px) 100vw, 768px\" \/>\t\t<\/div>\n\t\t\n\t\t\t<div class=\"teft-card__content-wrapper\">\n\t\t\t\t<div class=\"teft-card__secondary\">\n\t\t\t\t\t\n\t\t\t\t\t\t\t\t<div class=\"teft-card__meta\">\n\t\t\t\t\t\t\t\t\t<span class=\"post-date\">23. apr 2026<\/span>\n\n\t\t\t\t\t\t\t\t\t\t\t\t\t\t\t\t\t<\/div>\n\t\t\t\t\t\t\t\t\t\t\t<\/div>\n\n\t\t\t\t<div class=\"teft-card__primary\">\n\t\t\t\t\t<h2 class=\"teft-card__title\">MDG-moralismen fornekter seg ikke&nbsp;<span class=\"teft-card__primary-title-append\"><\/span><\/h2>\t\t\t\t<\/div>\n\t\t\t<\/div>\n\t\t<\/a>\n\t<\/div>\n\n\t<\/div><div class=\"is-card-hoyre\">\n\t<div class=\"teft-card hoyre-teft-card post-teft-card\">\n\t\t<a href=\"https:\/\/hoyre.no\/oslo\/aktuelt\/raskere-og-enklere-a-bygge-boliger-og-skape-arbeidsplasser-i-oslo\/\" class=\"teft-card__primary-action\">\n\n\t\t\t\t\t<div class=\"teft-card__media teft-card__media--16-9\">\n\t\t\t\t\t\t<img loading=\"lazy\" decoding=\"async\" width=\"768\" height=\"576\" src=\"https:\/\/hoyre.no\/content\/uploads\/sites\/408\/2026\/04\/Eirik-Lae-Solberg-og-Anita-Leirvik-North-768x576.jpg\" class=\"attachment-medium_large size-medium_large\" alt=\"\" srcset=\"https:\/\/hoyre.no\/content\/uploads\/sites\/408\/2026\/04\/Eirik-Lae-Solberg-og-Anita-Leirvik-North-768x576.jpg 768w, https:\/\/hoyre.no\/content\/uploads\/sites\/408\/2026\/04\/Eirik-Lae-Solberg-og-Anita-Leirvik-North-300x225.jpg 300w, https:\/\/hoyre.no\/content\/uploads\/sites\/408\/2026\/04\/Eirik-Lae-Solberg-og-Anita-Leirvik-North.jpg 901w\" sizes=\"auto, (max-width: 768px) 100vw, 768px\" \/>\t\t<\/div>\n\t\t\n\t\t\t<div class=\"teft-card__content-wrapper\">\n\t\t\t\t<div class=\"teft-card__secondary\">\n\t\t\t\t\t\n\t\t\t\t\t\t\t\t<div class=\"teft-card__meta\">\n\t\t\t\t\t\t\t\t\t<span class=\"post-date\">14. apr 2026<\/span>\n\n\t\t\t\t\t\t\t\t\t<span class=\"post-category\">Har lagt frem ny KPA:<\/span>\t\t\t\t\t\t\t\t<\/div>\n\t\t\t\t\t\t\t\t\t\t\t<\/div>\n\n\t\t\t\t<div class=\"teft-card__primary\">\n\t\t\t\t\t<h2 class=\"teft-card__title\">Raskere og enklere \u00e5 bygge boliger og skape arbeidsplasser i Oslo&nbsp;<span class=\"teft-card__primary-title-append\"><\/span><\/h2>\t\t\t\t<\/div>\n\t\t\t<\/div>\n\t\t<\/a>\n\t<\/div>\n\n\t<\/div><div class=\"is-card-hoyre\">\n\t<div class=\"teft-card hoyre-teft-card post-teft-card\">\n\t\t<a href=\"https:\/\/hoyre.no\/oslo\/aktuelt\/bedre-elevresultater-og-en-skoleokonomi-i-balanse-med-blagront-byrad\/\" class=\"teft-card__primary-action\">\n\n\t\t\t\t\t<div class=\"teft-card__media teft-card__media--16-9\">\n\t\t\t\t\t\t<img loading=\"lazy\" decoding=\"async\" width=\"768\" height=\"512\" src=\"https:\/\/hoyre.no\/content\/uploads\/sites\/408\/2025\/05\/IMG_6440-768x512.jpeg\" class=\"attachment-medium_large size-medium_large\" alt=\"Julie Remen Midtgarden\" srcset=\"https:\/\/hoyre.no\/content\/uploads\/sites\/408\/2025\/05\/IMG_6440-768x512.jpeg 768w, https:\/\/hoyre.no\/content\/uploads\/sites\/408\/2025\/05\/IMG_6440-300x200.jpeg 300w, https:\/\/hoyre.no\/content\/uploads\/sites\/408\/2025\/05\/IMG_6440-1024x683.jpeg 1024w, https:\/\/hoyre.no\/content\/uploads\/sites\/408\/2025\/05\/IMG_6440-1536x1024.jpeg 1536w, https:\/\/hoyre.no\/content\/uploads\/sites\/408\/2025\/05\/IMG_6440-2048x1365.jpeg 2048w\" sizes=\"auto, (max-width: 768px) 100vw, 768px\" \/>\t\t<\/div>\n\t\t\n\t\t\t<div class=\"teft-card__content-wrapper\">\n\t\t\t\t<div class=\"teft-card__secondary\">\n\t\t\t\t\t\n\t\t\t\t\t\t\t\t<div class=\"teft-card__meta\">\n\t\t\t\t\t\t\t\t\t<span class=\"post-date\">26. mar 2026<\/span>\n\n\t\t\t\t\t\t\t\t\t\t\t\t\t\t\t\t\t<\/div>\n\t\t\t\t\t\t\t\t\t\t\t<\/div>\n\n\t\t\t\t<div class=\"teft-card__primary\">\n\t\t\t\t\t<h2 class=\"teft-card__title\">Bedre elevresultater og en skole\u00f8konomi i balanse med bl\u00e5gr\u00f8nt byr\u00e5d&nbsp;<span class=\"teft-card__primary-title-append\"><\/span><\/h2>\t\t\t\t<\/div>\n\t\t\t<\/div>\n\t\t<\/a>\n\t<\/div>\n\n\t<\/div><\/div>\t<\/div>\n<\/div>\n","protected":false},"excerpt":{"rendered":"","protected":false},"author":0,"featured_media":0,"comment_status":"closed","ping_status":"closed","sticky":false,"template":"","format":"standard","meta":{"teft_cards_image_url":"","teft_cards_custom_pretitle":"","teft_cards_image_id":0,"teft_cards_image_focal_point_x":0,"teft_cards_image_focal_point_y":0,"teft_cards_title":"","teft_cards_excerpt":"","teft_show_chapters":false,"author_display_name":"Oslo H\u00f8yre","footnotes":""},"category":[1],"post_tag":[],"hoyre-visibility":[],"article-type":[],"politician":[],"class_list":["post-1492","post","type-post","status-publish","format-standard","hentry","category-nyheter"],"yoast_head":"<!-- This site is optimized with the Yoast SEO Premium plugin v26.5 (Yoast SEO v26.6) - https:\/\/yoast.com\/wordpress\/plugins\/seo\/ -->\n<title>H\u00f8yre vil ta Bygd\u00f8y ut av mobilskyggen - Oslo H\u00f8yre<\/title>\n<meta name=\"robots\" content=\"index, follow, max-snippet:-1, max-image-preview:large, max-video-preview:-1\" \/>\n<link rel=\"canonical\" href=\"https:\/\/hoyre.no\/oslo\/aktuelt\/hoyre-vil-ta-bygdoy-ut-av-mobilskyggen\/\" \/>\n<meta property=\"og:locale\" content=\"nb_NO\" \/>\n<meta property=\"og:type\" content=\"article\" \/>\n<meta property=\"og:title\" content=\"H\u00f8yre vil ta Bygd\u00f8y ut av mobilskyggen\" \/>\n<meta property=\"og:url\" content=\"https:\/\/hoyre.no\/oslo\/aktuelt\/hoyre-vil-ta-bygdoy-ut-av-mobilskyggen\/\" \/>\n<meta property=\"og:site_name\" content=\"Oslo H\u00f8yre\" \/>\n<meta property=\"article:publisher\" content=\"https:\/\/www.facebook.com\/oslo.hoyre\" \/>\n<meta property=\"article:published_time\" content=\"2015-01-26T11:18:57+00:00\" \/>\n<meta property=\"article:modified_time\" content=\"2022-09-26T13:05:38+00:00\" \/>\n<meta property=\"og:image\" content=\"https:\/\/hoyre.no\/content\/uploads\/sites\/408\/2022\/11\/Hoyres-logo.png\" \/>\n\t<meta property=\"og:image:width\" content=\"1000\" \/>\n\t<meta property=\"og:image:height\" content=\"1000\" \/>\n\t<meta property=\"og:image:type\" content=\"image\/png\" \/>\n<meta name=\"twitter:card\" content=\"summary_large_image\" \/>\n<meta name=\"twitter:label1\" content=\"Ansl. lesetid\" \/>\n\t<meta name=\"twitter:data1\" content=\"2 minutter\" \/>\n<script type=\"application\/ld+json\" class=\"yoast-schema-graph\">{\"@context\":\"https:\/\/schema.org\",\"@graph\":[{\"@type\":\"Article\",\"@id\":\"https:\/\/hoyre.no\/oslo\/aktuelt\/hoyre-vil-ta-bygdoy-ut-av-mobilskyggen\/#article\",\"isPartOf\":{\"@id\":\"https:\/\/hoyre.no\/oslo\/aktuelt\/hoyre-vil-ta-bygdoy-ut-av-mobilskyggen\/\"},\"author\":{\"name\":\"\",\"@id\":\"\"},\"headline\":\"H\u00f8yre vil ta Bygd\u00f8y ut av mobilskyggen\",\"datePublished\":\"2015-01-26T11:18:57+00:00\",\"dateModified\":\"2022-09-26T13:05:38+00:00\",\"mainEntityOfPage\":{\"@id\":\"https:\/\/hoyre.no\/oslo\/aktuelt\/hoyre-vil-ta-bygdoy-ut-av-mobilskyggen\/\"},\"wordCount\":430,\"publisher\":{\"@id\":\"https:\/\/hoyre.no\/oslo\/#organization\"},\"articleSection\":[\"Nyheter\"],\"inLanguage\":\"nb-NO\"},{\"@type\":\"NewsArticle\",\"@id\":\"https:\/\/hoyre.no\/oslo\/aktuelt\/hoyre-vil-ta-bygdoy-ut-av-mobilskyggen\/\",\"url\":\"https:\/\/hoyre.no\/oslo\/aktuelt\/hoyre-vil-ta-bygdoy-ut-av-mobilskyggen\/\",\"name\":\"H\u00f8yre vil ta Bygd\u00f8y ut av mobilskyggen - Oslo H\u00f8yre\",\"isPartOf\":{\"@id\":\"https:\/\/hoyre.no\/oslo\/#website\"},\"datePublished\":\"2015-01-26T11:18:57+00:00\",\"dateModified\":\"2022-09-26T13:05:38+00:00\",\"breadcrumb\":{\"@id\":\"https:\/\/hoyre.no\/oslo\/aktuelt\/hoyre-vil-ta-bygdoy-ut-av-mobilskyggen\/#breadcrumb\"},\"inLanguage\":\"nb-NO\",\"potentialAction\":[{\"@type\":\"ReadAction\",\"target\":[\"https:\/\/hoyre.no\/oslo\/aktuelt\/hoyre-vil-ta-bygdoy-ut-av-mobilskyggen\/\"]}]},{\"@type\":\"BreadcrumbList\",\"@id\":\"https:\/\/hoyre.no\/oslo\/aktuelt\/hoyre-vil-ta-bygdoy-ut-av-mobilskyggen\/#breadcrumb\",\"itemListElement\":[{\"@type\":\"ListItem\",\"position\":1,\"name\":\"Til hoyre.no\",\"item\":\"https:\/\/hoyre.no\"},{\"@type\":\"ListItem\",\"position\":2,\"name\":\"Hjem\",\"item\":\"https:\/\/hoyre.no\/oslo\/\"},{\"@type\":\"ListItem\",\"position\":3,\"name\":\"H\u00f8yre vil ta Bygd\u00f8y ut av mobilskyggen\"}]},{\"@type\":\"WebSite\",\"@id\":\"https:\/\/hoyre.no\/oslo\/#website\",\"url\":\"https:\/\/hoyre.no\/oslo\/\",\"name\":\"Oslo H\u00f8yre\",\"description\":\"\",\"publisher\":{\"@id\":\"https:\/\/hoyre.no\/oslo\/#organization\"},\"inLanguage\":\"nb-NO\"},{\"@type\":\"Organization\",\"@id\":\"https:\/\/hoyre.no\/oslo\/#organization\",\"name\":\"Oslo H\u00f8yre\",\"url\":\"https:\/\/hoyre.no\/oslo\/\",\"logo\":{\"@type\":\"ImageObject\",\"inLanguage\":\"nb-NO\",\"@id\":\"https:\/\/hoyre.no\/oslo\/#\/schema\/logo\/image\/\",\"url\":\"https:\/\/hoyre.no\/content\/uploads\/sites\/408\/2022\/11\/Hoyres-logo.png\",\"contentUrl\":\"https:\/\/hoyre.no\/content\/uploads\/sites\/408\/2022\/11\/Hoyres-logo.png\",\"width\":1000,\"height\":1000,\"caption\":\"Oslo H\u00f8yre\"},\"image\":{\"@id\":\"https:\/\/hoyre.no\/oslo\/#\/schema\/logo\/image\/\"},\"sameAs\":[\"https:\/\/www.facebook.com\/oslo.hoyre\"]}]}<\/script>\n<!-- \/ Yoast SEO Premium plugin. -->","yoast_head_json":{"title":"H\u00f8yre vil ta Bygd\u00f8y ut av mobilskyggen - Oslo H\u00f8yre","robots":{"index":"index","follow":"follow","max-snippet":"max-snippet:-1","max-image-preview":"max-image-preview:large","max-video-preview":"max-video-preview:-1"},"canonical":"https:\/\/hoyre.no\/oslo\/aktuelt\/hoyre-vil-ta-bygdoy-ut-av-mobilskyggen\/","og_locale":"nb_NO","og_type":"article","og_title":"H\u00f8yre vil ta Bygd\u00f8y ut av mobilskyggen","og_url":"https:\/\/hoyre.no\/oslo\/aktuelt\/hoyre-vil-ta-bygdoy-ut-av-mobilskyggen\/","og_site_name":"Oslo H\u00f8yre","article_publisher":"https:\/\/www.facebook.com\/oslo.hoyre","article_published_time":"2015-01-26T11:18:57+00:00","article_modified_time":"2022-09-26T13:05:38+00:00","og_image":[{"width":1000,"height":1000,"url":"https:\/\/hoyre.no\/content\/uploads\/sites\/408\/2022\/11\/Hoyres-logo.png","type":"image\/png"}],"twitter_card":"summary_large_image","twitter_misc":{"Ansl. lesetid":"2 minutter"},"schema":{"@context":"https:\/\/schema.org","@graph":[{"@type":"Article","@id":"https:\/\/hoyre.no\/oslo\/aktuelt\/hoyre-vil-ta-bygdoy-ut-av-mobilskyggen\/#article","isPartOf":{"@id":"https:\/\/hoyre.no\/oslo\/aktuelt\/hoyre-vil-ta-bygdoy-ut-av-mobilskyggen\/"},"author":{"name":"","@id":""},"headline":"H\u00f8yre vil ta Bygd\u00f8y ut av mobilskyggen","datePublished":"2015-01-26T11:18:57+00:00","dateModified":"2022-09-26T13:05:38+00:00","mainEntityOfPage":{"@id":"https:\/\/hoyre.no\/oslo\/aktuelt\/hoyre-vil-ta-bygdoy-ut-av-mobilskyggen\/"},"wordCount":430,"publisher":{"@id":"https:\/\/hoyre.no\/oslo\/#organization"},"articleSection":["Nyheter"],"inLanguage":"nb-NO"},{"@type":"NewsArticle","@id":"https:\/\/hoyre.no\/oslo\/aktuelt\/hoyre-vil-ta-bygdoy-ut-av-mobilskyggen\/","url":"https:\/\/hoyre.no\/oslo\/aktuelt\/hoyre-vil-ta-bygdoy-ut-av-mobilskyggen\/","name":"H\u00f8yre vil ta Bygd\u00f8y ut av mobilskyggen - Oslo H\u00f8yre","isPartOf":{"@id":"https:\/\/hoyre.no\/oslo\/#website"},"datePublished":"2015-01-26T11:18:57+00:00","dateModified":"2022-09-26T13:05:38+00:00","breadcrumb":{"@id":"https:\/\/hoyre.no\/oslo\/aktuelt\/hoyre-vil-ta-bygdoy-ut-av-mobilskyggen\/#breadcrumb"},"inLanguage":"nb-NO","potentialAction":[{"@type":"ReadAction","target":["https:\/\/hoyre.no\/oslo\/aktuelt\/hoyre-vil-ta-bygdoy-ut-av-mobilskyggen\/"]}]},{"@type":"BreadcrumbList","@id":"https:\/\/hoyre.no\/oslo\/aktuelt\/hoyre-vil-ta-bygdoy-ut-av-mobilskyggen\/#breadcrumb","itemListElement":[{"@type":"ListItem","position":1,"name":"Til hoyre.no","item":"https:\/\/hoyre.no"},{"@type":"ListItem","position":2,"name":"Hjem","item":"https:\/\/hoyre.no\/oslo\/"},{"@type":"ListItem","position":3,"name":"H\u00f8yre vil ta Bygd\u00f8y ut av mobilskyggen"}]},{"@type":"WebSite","@id":"https:\/\/hoyre.no\/oslo\/#website","url":"https:\/\/hoyre.no\/oslo\/","name":"Oslo H\u00f8yre","description":"","publisher":{"@id":"https:\/\/hoyre.no\/oslo\/#organization"},"inLanguage":"nb-NO"},{"@type":"Organization","@id":"https:\/\/hoyre.no\/oslo\/#organization","name":"Oslo H\u00f8yre","url":"https:\/\/hoyre.no\/oslo\/","logo":{"@type":"ImageObject","inLanguage":"nb-NO","@id":"https:\/\/hoyre.no\/oslo\/#\/schema\/logo\/image\/","url":"https:\/\/hoyre.no\/content\/uploads\/sites\/408\/2022\/11\/Hoyres-logo.png","contentUrl":"https:\/\/hoyre.no\/content\/uploads\/sites\/408\/2022\/11\/Hoyres-logo.png","width":1000,"height":1000,"caption":"Oslo H\u00f8yre"},"image":{"@id":"https:\/\/hoyre.no\/oslo\/#\/schema\/logo\/image\/"},"sameAs":["https:\/\/www.facebook.com\/oslo.hoyre"]}]}},"distributor_meta":false,"distributor_terms":false,"distributor_media":false,"distributor_original_site_name":"Oslo H\u00f8yre","distributor_original_site_url":"https:\/\/hoyre.no\/oslo","push-errors":false,"_links":{"self":[{"href":"https:\/\/hoyre.no\/oslo\/wp-json\/wp\/v2\/posts\/1492","targetHints":{"allow":["GET"]}}],"collection":[{"href":"https:\/\/hoyre.no\/oslo\/wp-json\/wp\/v2\/posts"}],"about":[{"href":"https:\/\/hoyre.no\/oslo\/wp-json\/wp\/v2\/types\/post"}],"replies":[{"embeddable":true,"href":"https:\/\/hoyre.no\/oslo\/wp-json\/wp\/v2\/comments?post=1492"}],"version-history":[{"count":1,"href":"https:\/\/hoyre.no\/oslo\/wp-json\/wp\/v2\/posts\/1492\/revisions"}],"predecessor-version":[{"id":2726,"href":"https:\/\/hoyre.no\/oslo\/wp-json\/wp\/v2\/posts\/1492\/revisions\/2726"}],"wp:attachment":[{"href":"https:\/\/hoyre.no\/oslo\/wp-json\/wp\/v2\/media?parent=1492"}],"wp:term":[{"taxonomy":"category","embeddable":true,"href":"https:\/\/hoyre.no\/oslo\/wp-json\/wp\/v2\/category?post=1492"},{"taxonomy":"post_tag","embeddable":true,"href":"https:\/\/hoyre.no\/oslo\/wp-json\/wp\/v2\/post_tag?post=1492"},{"taxonomy":"hoyre-visibility","embeddable":true,"href":"https:\/\/hoyre.no\/oslo\/wp-json\/wp\/v2\/hoyre-visibility?post=1492"},{"taxonomy":"article-type","embeddable":true,"href":"https:\/\/hoyre.no\/oslo\/wp-json\/wp\/v2\/article-type?post=1492"},{"taxonomy":"politician","embeddable":true,"href":"https:\/\/hoyre.no\/oslo\/wp-json\/wp\/v2\/politician?post=1492"}],"curies":[{"name":"wp","href":"https:\/\/api.w.org\/{rel}","templated":true}]}}