{"id":1497,"date":"2015-01-23T10:00:20","date_gmt":"2015-01-23T09:00:20","guid":{"rendered":"https:\/\/hoyre.no\/oslo\/aktuelt\/miljobyen\/"},"modified":"2022-09-26T15:05:38","modified_gmt":"2022-09-26T13:05:38","slug":"miljobyen","status":"publish","type":"post","link":"https:\/\/hoyre.no\/oslo\/aktuelt\/miljobyen\/","title":{"rendered":"Milj\u00f8byen Oslo"},"content":{"rendered":"<figure class=\"hoyre-image-wrapper\"><div class=\"hoyre-image\"><img loading=\"lazy\" decoding=\"async\" width=\"1024\" height=\"475\" src=\"https:\/\/hoyre.no\/content\/uploads\/sites\/408\/2022\/09\/Stemmeseddel-web.jpg\" class=\"attachment-scaled size-scaled\" alt=\"illustrasjonsfoto\" style=\"object-position: 50% 50%\" srcset=\"https:\/\/hoyre.no\/content\/uploads\/sites\/408\/2022\/09\/Stemmeseddel-web.jpg 1024w, https:\/\/hoyre.no\/content\/uploads\/sites\/408\/2022\/09\/Stemmeseddel-web-300x139.jpg 300w, https:\/\/hoyre.no\/content\/uploads\/sites\/408\/2022\/09\/Stemmeseddel-web-768x356.jpg 768w\" sizes=\"auto, (max-width: 1024px) 100vw, 1024px\" \/><\/div><\/figure><div id=\"hoyre-old-article-content-wrapper\"><p><em>Denne kronikken er skrevet av Nikolai Astrup, leder i Oslo H\u00f8yre og Stian Berger R\u00f8sland, byr\u00e5dsleder i Oslo (H).<\/em><\/p><p>Oslo har som visjon at vi skal v\u00e6re en av de mest milj\u00f8vennlige byene i verden. H\u00f8yre leder an i det gr\u00f8nne skiftet i hovedstaden, og resultatet skal v\u00e6re en enda bedre by med h\u00f8yere livskvalitet og lavere utslipp.<\/p><p>Omstilling trenger ikke v\u00e6re slutten p\u00e5 noe godt. Det kan like gjerne v\u00e6re starten p\u00e5 noe bedre. Klimautfordringen er global, men den m\u00e5 l\u00f8ses lokalt. Verdens byer st\u00e5r for 70 prosent av verdens utslipp. Byene er en del av problemet, men ogs\u00e5 en del av l\u00f8sningen. Det er milj\u00f8vennlig \u00e5 bo i by. H\u00f8yre skal s\u00f8rge for at det blir enda mer milj\u00f8vennlig i fremtiden.<\/p><p><strong>Ta markedet i bruk i milj\u00f8ets tjeneste<\/strong><br \/>\nOslo kj\u00f8per varer og tjenester for over 17 milliarder hvert eneste \u00e5r. Vi bygger nye skoler og barnehager, bestiller busser og ferger og kj\u00f8per nye tjenestebiler til offentlige virksomheter. Stiller vi strenge milj\u00f8krav ved innkj\u00f8p bidrar vi b\u00e5de til bedre bymilj\u00f8, lavere klimagassutslipp og vi legger til rette for nye gr\u00f8nne arbeidsplasser. Slik kan vi ta markedet i bruk i milj\u00f8ets tjeneste.<\/p><p>Alle nye kommunale bygg og st\u00f8rre rehabiliteringer oppf\u00f8res i dag med passivhusstandard. Det gir lavere driftskostnader og minimerer energiforbruket. Bussene i Oslo skal innen 2020 v\u00e6re kliman\u00f8ytrale. Fordi Oslo i dag har et kretsl\u00f8psbasert avfallssystem, g\u00e5r avfallsmengden per person ned. Allerede i dag g\u00e5r sv\u00e6rt mange busser p\u00e5 milj\u00f8vennlig drivstoff, som for eksempel biogass produsert fra kloakkslam eller husholdningenes eget matavfall. Hele Oslos bilpark er i ferd med \u00e5 bli skiftet ut med elektriske biler eller andre milj\u00f8vennlige alternativ. Kommunen g\u00e5r foran med et godt eksempel.<\/p><p><strong>Milj\u00f8vennlig byutvikling<\/strong><br \/>\nRegjeringen har nylig lansert nye retningslinjer for milj\u00f8vennlig stedsutvikling. Oslo kommune er allerede godt i gang. Vi fortetter rundt knutepunktene i byen \u2013 for eksempel i Bj\u00f8rvika, Ensj\u00f8, Nydalen og Sk\u00f8yen. Transportbehovet blir mindre. Det blir lettere \u00e5 leve i byen uten bil.<\/p><p>Et kjempel\u00f8ft for kollektivtrafikken blir l\u00f8pende gjennomf\u00f8rt, med nytt materiell, hyppigere avganger, flere ruter, bedre informasjon og enklere billettkj\u00f8p. Siden 2005 har Oslo redusert andelen reiser med bil fra 45 til 35 pst, mens kollektivandelen har \u00f8kt fra om lag 20 til 30 pst.<\/p><p>N\u00e5 m\u00e5 vi videre. Fornebubanen m\u00e5 realiseres, signalanlegget p\u00e5 t-banen m\u00e5 rustes opp, ny t-banetunnel m\u00e5 bygges under sentrum. I kombinasjon med regjeringens store l\u00f8ft for jernbane p\u00e5 det sentrale \u00d8stlandet blir dette avgj\u00f8rende for \u00e5 knytte Osloregionen sammen med kollektive transportmidler, redusere utslipp og minske presset p\u00e5 veinettet.<\/p><p><strong>Det skal l\u00f8nne seg \u00e5 velge gr\u00f8nt<\/strong><br \/>\nVi m\u00e5 gj\u00f8re det enkelt for dem som \u00f8nsker \u00e5 gj\u00f8re milj\u00f8vennlige valg i sin hverdag, uten \u00e5 m\u00e5tte gj\u00f8re drastiske endringer i egen livsstil. \u00c5 kildesortere, reise kollektivt eller sykle og g\u00e5 skal gj\u00f8res fordi det er det beste alternativet.<\/p><p>I v\u00e5rt nye program \u00f8nsker vi \u00e5 stimulere n\u00e6ringsdrivende til \u00e5 velge varebiler som er gode for bymilj\u00f8et, i stedet for \u00e5 stenge Oslo sentrum for biltrafikk. Vi vil ogs\u00e5 milj\u00f8differensiere bompengene etter bilenes utslipp. I stedet for \u00e5 straffe alle som ikke lever utslippsfritt, \u00f8nsker vi \u00e5 bel\u00f8nne dem som gj\u00f8r milj\u00f8vennlige valg. Positive incentiver virker, og vi skal forsterke fordelene for dem som velger milj\u00f8vennlig.<\/p><p><strong>Gr\u00f8nne lunger<\/strong><br \/>\nEt av Oslos unike trekk, er at man p\u00e5 kort tid kan bevege deg fra idyll p\u00e5 en av v\u00e5re \u00f8yer til Markas dype skoger. 43 % av befolkningen bruker Marka ukentlig og bruken \u00f8ker. Oslos bl\u00e5gr\u00f8nne struktur settes pris p\u00e5 og ivaretas. Dette er ikke tilfeldig, men et resultat av politiske beslutninger og lokalt engasjement.<\/p><p>Det er Oslo H\u00f8yres bestemte mening at vi ogs\u00e5 i fremtiden kan og skal ivareta den bl\u00e5gr\u00f8nne identiteten. Derfor baserer Oslos overordnede politikk seg p\u00e5 milj\u00f8vennlig fortetting rundt knutepunkt. Da kan vi b\u00e5de bevare byens gr\u00f8nne lunger, og redusere befolkningens transportbehov.<\/p><p><strong>Samarbeid med staten<\/strong><br \/>\nOslo har som visjon at vi skal v\u00e6re en av de mest milj\u00f8vennlige byene i verden. Visjonen f\u00f8lges opp av politiske m\u00e5l &#8211; Oslo skal redusere klimagassutslippene med 50 prosent i forhold til 1991-niv\u00e5 innen 2030 og bli kliman\u00f8ytrale i 2050.<\/p><p>Men \u00e5 n\u00e5 m\u00e5let fordrer ogs\u00e5 store og sm\u00e5 skritt globalt og nasjonalt. Selv om noen av utfordringene med klimaendringene kan l\u00f8ses lokalt, trenger vi ogs\u00e5 en regjering som spiller p\u00e5 lag for \u00e5 bidra til den samlede innsatsen. Det har vi i dag.<\/p><p>H\u00f8yre-FrP-regjeringen har s\u00f8rget for at staten for f\u00f8rste gang har lovet 50 prosent statlig finansiering av store kollektivprosjekter i byene. Da H\u00f8yre foreslo dette i opposisjon, ble vi nedstemt av Arbeiderpartiet, SV og Sp. N\u00e5 gjennomf\u00f8rer vi. I tillegg satses det betydelig mer p\u00e5 lokaltogtrafikk p\u00e5 det sentrale \u00d8stlandet. Det gj\u00f8r det mulig \u00e5 bygge Fornebubanen. Nye retningslinjer for arealplanlegging i byomr\u00e5dene sikrer at vi f\u00e5r en milj\u00f8vennlig byutvikling der flere kan reise kollektivt, med sykkel og til fots.<\/p><p>Som vertsby for flere av statens virksomheter, er det sv\u00e6rt positivt at Regjeringen har skrudd opp tempoet i utfasing av fyring med fossil olje i statens bygg. I 2020 innf\u00f8res et forbud mot fyring med fossil olje i husholdningene. For \u00e5 stimulere til et gr\u00f8nt skifte i private hjem etableres en rettighetsbasert, ubyr\u00e5kratisk tilskuddsordning for energisparing og energiomlegging. Det er mulig \u00e5 vokse samtidig som man blir mer milj\u00f8vennlig. Man m\u00e5 bare trekke i samme retning.<\/p><p>50 prosent av verdens befolkning bor i dag i byer, i 2050 vil det ha steget til 70 prosent. Milj\u00f8vennlig byutvikling er en viktig n\u00f8kkel for \u00e5 l\u00f8se verdens klima- og milj\u00f8utfordringer. Den gode nyheten er at byene viser at det er mulig og g\u00e5r foran. Oslo H\u00f8yre skal med nytt kommunevalgsprogram s\u00f8rge for at Oslo blir blant verdens beste.<\/p><p><em><a href=\"http:\/\/www.dagbladet.no\/2015\/01\/23\/kultur\/meninger\/kronikk\/debatt\/miljo\/37336156\/\">Denne saken sto i Dagbladets 23. januar.<\/a><\/em><\/p>\n<\/div>\n<div class=\"tags\">\n\t<\/div>\n<div class=\"post-footer alignfull has-background block-editor-block-list__block\" data-align=full>\n\t<div class=\"post-footer-inner\">\n\t\t<h3>Relaterte artikler<\/h3>\n\t\t<div class=\"related-content\"><div class=\"is-card-hoyre\">\n\t<div class=\"teft-card hoyre-teft-card post-teft-card\">\n\t\t<a href=\"https:\/\/hoyre.no\/oslo\/aktuelt\/mdg-moralismen-fornekter-seg-ikke\/\" class=\"teft-card__primary-action\">\n\n\t\t\t\t\t<div class=\"teft-card__media teft-card__media--16-9\">\n\t\t\t\t\t\t<img loading=\"lazy\" decoding=\"async\" width=\"768\" height=\"512\" src=\"https:\/\/hoyre.no\/content\/uploads\/sites\/408\/2024\/01\/QZQlxtOC-768x512.jpeg\" class=\"attachment-medium_large size-medium_large\" alt=\"Merete Agerbak-Jensen\" srcset=\"https:\/\/hoyre.no\/content\/uploads\/sites\/408\/2024\/01\/QZQlxtOC-768x512.jpeg 768w, https:\/\/hoyre.no\/content\/uploads\/sites\/408\/2024\/01\/QZQlxtOC-300x200.jpeg 300w, https:\/\/hoyre.no\/content\/uploads\/sites\/408\/2024\/01\/QZQlxtOC-1024x683.jpeg 1024w, https:\/\/hoyre.no\/content\/uploads\/sites\/408\/2024\/01\/QZQlxtOC-1536x1024.jpeg 1536w, https:\/\/hoyre.no\/content\/uploads\/sites\/408\/2024\/01\/QZQlxtOC-2048x1365.jpeg 2048w\" sizes=\"auto, (max-width: 768px) 100vw, 768px\" \/>\t\t<\/div>\n\t\t\n\t\t\t<div class=\"teft-card__content-wrapper\">\n\t\t\t\t<div class=\"teft-card__secondary\">\n\t\t\t\t\t\n\t\t\t\t\t\t\t\t<div class=\"teft-card__meta\">\n\t\t\t\t\t\t\t\t\t<span class=\"post-date\">23. apr 2026<\/span>\n\n\t\t\t\t\t\t\t\t\t\t\t\t\t\t\t\t\t<\/div>\n\t\t\t\t\t\t\t\t\t\t\t<\/div>\n\n\t\t\t\t<div class=\"teft-card__primary\">\n\t\t\t\t\t<h2 class=\"teft-card__title\">MDG-moralismen fornekter seg ikke&nbsp;<span class=\"teft-card__primary-title-append\"><\/span><\/h2>\t\t\t\t<\/div>\n\t\t\t<\/div>\n\t\t<\/a>\n\t<\/div>\n\n\t<\/div><div class=\"is-card-hoyre\">\n\t<div class=\"teft-card hoyre-teft-card post-teft-card\">\n\t\t<a href=\"https:\/\/hoyre.no\/oslo\/aktuelt\/raskere-og-enklere-a-bygge-boliger-og-skape-arbeidsplasser-i-oslo\/\" class=\"teft-card__primary-action\">\n\n\t\t\t\t\t<div class=\"teft-card__media teft-card__media--16-9\">\n\t\t\t\t\t\t<img loading=\"lazy\" decoding=\"async\" width=\"768\" height=\"576\" src=\"https:\/\/hoyre.no\/content\/uploads\/sites\/408\/2026\/04\/Eirik-Lae-Solberg-og-Anita-Leirvik-North-768x576.jpg\" class=\"attachment-medium_large size-medium_large\" alt=\"\" srcset=\"https:\/\/hoyre.no\/content\/uploads\/sites\/408\/2026\/04\/Eirik-Lae-Solberg-og-Anita-Leirvik-North-768x576.jpg 768w, https:\/\/hoyre.no\/content\/uploads\/sites\/408\/2026\/04\/Eirik-Lae-Solberg-og-Anita-Leirvik-North-300x225.jpg 300w, https:\/\/hoyre.no\/content\/uploads\/sites\/408\/2026\/04\/Eirik-Lae-Solberg-og-Anita-Leirvik-North.jpg 901w\" sizes=\"auto, (max-width: 768px) 100vw, 768px\" \/>\t\t<\/div>\n\t\t\n\t\t\t<div class=\"teft-card__content-wrapper\">\n\t\t\t\t<div class=\"teft-card__secondary\">\n\t\t\t\t\t\n\t\t\t\t\t\t\t\t<div class=\"teft-card__meta\">\n\t\t\t\t\t\t\t\t\t<span class=\"post-date\">14. apr 2026<\/span>\n\n\t\t\t\t\t\t\t\t\t<span class=\"post-category\">Har lagt frem ny KPA:<\/span>\t\t\t\t\t\t\t\t<\/div>\n\t\t\t\t\t\t\t\t\t\t\t<\/div>\n\n\t\t\t\t<div class=\"teft-card__primary\">\n\t\t\t\t\t<h2 class=\"teft-card__title\">Raskere og enklere \u00e5 bygge boliger og skape arbeidsplasser i Oslo&nbsp;<span class=\"teft-card__primary-title-append\"><\/span><\/h2>\t\t\t\t<\/div>\n\t\t\t<\/div>\n\t\t<\/a>\n\t<\/div>\n\n\t<\/div><div class=\"is-card-hoyre\">\n\t<div class=\"teft-card hoyre-teft-card post-teft-card\">\n\t\t<a href=\"https:\/\/hoyre.no\/oslo\/aktuelt\/bedre-elevresultater-og-en-skoleokonomi-i-balanse-med-blagront-byrad\/\" class=\"teft-card__primary-action\">\n\n\t\t\t\t\t<div class=\"teft-card__media teft-card__media--16-9\">\n\t\t\t\t\t\t<img loading=\"lazy\" decoding=\"async\" width=\"768\" height=\"512\" src=\"https:\/\/hoyre.no\/content\/uploads\/sites\/408\/2025\/05\/IMG_6440-768x512.jpeg\" class=\"attachment-medium_large size-medium_large\" alt=\"Julie Remen Midtgarden\" srcset=\"https:\/\/hoyre.no\/content\/uploads\/sites\/408\/2025\/05\/IMG_6440-768x512.jpeg 768w, https:\/\/hoyre.no\/content\/uploads\/sites\/408\/2025\/05\/IMG_6440-300x200.jpeg 300w, https:\/\/hoyre.no\/content\/uploads\/sites\/408\/2025\/05\/IMG_6440-1024x683.jpeg 1024w, https:\/\/hoyre.no\/content\/uploads\/sites\/408\/2025\/05\/IMG_6440-1536x1024.jpeg 1536w, https:\/\/hoyre.no\/content\/uploads\/sites\/408\/2025\/05\/IMG_6440-2048x1365.jpeg 2048w\" sizes=\"auto, (max-width: 768px) 100vw, 768px\" \/>\t\t<\/div>\n\t\t\n\t\t\t<div class=\"teft-card__content-wrapper\">\n\t\t\t\t<div class=\"teft-card__secondary\">\n\t\t\t\t\t\n\t\t\t\t\t\t\t\t<div class=\"teft-card__meta\">\n\t\t\t\t\t\t\t\t\t<span class=\"post-date\">26. mar 2026<\/span>\n\n\t\t\t\t\t\t\t\t\t\t\t\t\t\t\t\t\t<\/div>\n\t\t\t\t\t\t\t\t\t\t\t<\/div>\n\n\t\t\t\t<div class=\"teft-card__primary\">\n\t\t\t\t\t<h2 class=\"teft-card__title\">Bedre elevresultater og en skole\u00f8konomi i balanse med bl\u00e5gr\u00f8nt byr\u00e5d&nbsp;<span class=\"teft-card__primary-title-append\"><\/span><\/h2>\t\t\t\t<\/div>\n\t\t\t<\/div>\n\t\t<\/a>\n\t<\/div>\n\n\t<\/div><\/div>\t<\/div>\n<\/div>\n","protected":false},"excerpt":{"rendered":"","protected":false},"author":0,"featured_media":0,"comment_status":"closed","ping_status":"open","sticky":false,"template":"","format":"standard","meta":{"teft_cards_image_url":"","teft_cards_custom_pretitle":"","teft_cards_image_id":0,"teft_cards_image_focal_point_x":0,"teft_cards_image_focal_point_y":0,"teft_cards_title":"","teft_cards_excerpt":"","teft_show_chapters":false,"author_display_name":"Oslo H\u00f8yre","footnotes":""},"category":[1],"post_tag":[],"hoyre-visibility":[],"article-type":[],"politician":[],"class_list":["post-1497","post","type-post","status-publish","format-standard","hentry","category-nyheter"],"yoast_head":"<!-- This site is optimized with the Yoast SEO Premium plugin v26.5 (Yoast SEO v26.6) - https:\/\/yoast.com\/wordpress\/plugins\/seo\/ -->\n<title>Milj\u00f8byen Oslo - Oslo H\u00f8yre<\/title>\n<meta name=\"robots\" content=\"index, follow, max-snippet:-1, max-image-preview:large, max-video-preview:-1\" \/>\n<link rel=\"canonical\" href=\"https:\/\/hoyre.no\/oslo\/aktuelt\/miljobyen\/\" \/>\n<meta property=\"og:locale\" content=\"nb_NO\" \/>\n<meta property=\"og:type\" content=\"article\" \/>\n<meta property=\"og:title\" content=\"Milj\u00f8byen Oslo\" \/>\n<meta property=\"og:url\" content=\"https:\/\/hoyre.no\/oslo\/aktuelt\/miljobyen\/\" \/>\n<meta property=\"og:site_name\" content=\"Oslo H\u00f8yre\" \/>\n<meta property=\"article:publisher\" content=\"https:\/\/www.facebook.com\/oslo.hoyre\" \/>\n<meta property=\"article:published_time\" content=\"2015-01-23T09:00:20+00:00\" \/>\n<meta property=\"article:modified_time\" content=\"2022-09-26T13:05:38+00:00\" \/>\n<meta property=\"og:image\" content=\"https:\/\/hoyre.no\/content\/uploads\/sites\/408\/2022\/11\/Hoyres-logo.png\" \/>\n\t<meta property=\"og:image:width\" content=\"1000\" \/>\n\t<meta property=\"og:image:height\" content=\"1000\" \/>\n\t<meta property=\"og:image:type\" content=\"image\/png\" \/>\n<meta name=\"twitter:card\" content=\"summary_large_image\" \/>\n<meta name=\"twitter:label1\" content=\"Ansl. lesetid\" \/>\n\t<meta name=\"twitter:data1\" content=\"5 minutter\" \/>\n<script type=\"application\/ld+json\" class=\"yoast-schema-graph\">{\"@context\":\"https:\/\/schema.org\",\"@graph\":[{\"@type\":\"Article\",\"@id\":\"https:\/\/hoyre.no\/oslo\/aktuelt\/miljobyen\/#article\",\"isPartOf\":{\"@id\":\"https:\/\/hoyre.no\/oslo\/aktuelt\/miljobyen\/\"},\"author\":{\"name\":\"\",\"@id\":\"\"},\"headline\":\"Milj\u00f8byen Oslo\",\"datePublished\":\"2015-01-23T09:00:20+00:00\",\"dateModified\":\"2022-09-26T13:05:38+00:00\",\"mainEntityOfPage\":{\"@id\":\"https:\/\/hoyre.no\/oslo\/aktuelt\/miljobyen\/\"},\"wordCount\":1018,\"publisher\":{\"@id\":\"https:\/\/hoyre.no\/oslo\/#organization\"},\"articleSection\":[\"Nyheter\"],\"inLanguage\":\"nb-NO\"},{\"@type\":\"NewsArticle\",\"@id\":\"https:\/\/hoyre.no\/oslo\/aktuelt\/miljobyen\/\",\"url\":\"https:\/\/hoyre.no\/oslo\/aktuelt\/miljobyen\/\",\"name\":\"Milj\u00f8byen Oslo - Oslo H\u00f8yre\",\"isPartOf\":{\"@id\":\"https:\/\/hoyre.no\/oslo\/#website\"},\"datePublished\":\"2015-01-23T09:00:20+00:00\",\"dateModified\":\"2022-09-26T13:05:38+00:00\",\"breadcrumb\":{\"@id\":\"https:\/\/hoyre.no\/oslo\/aktuelt\/miljobyen\/#breadcrumb\"},\"inLanguage\":\"nb-NO\",\"potentialAction\":[{\"@type\":\"ReadAction\",\"target\":[\"https:\/\/hoyre.no\/oslo\/aktuelt\/miljobyen\/\"]}]},{\"@type\":\"BreadcrumbList\",\"@id\":\"https:\/\/hoyre.no\/oslo\/aktuelt\/miljobyen\/#breadcrumb\",\"itemListElement\":[{\"@type\":\"ListItem\",\"position\":1,\"name\":\"Til hoyre.no\",\"item\":\"https:\/\/hoyre.no\"},{\"@type\":\"ListItem\",\"position\":2,\"name\":\"Hjem\",\"item\":\"https:\/\/hoyre.no\/oslo\/\"},{\"@type\":\"ListItem\",\"position\":3,\"name\":\"Milj\u00f8byen Oslo\"}]},{\"@type\":\"WebSite\",\"@id\":\"https:\/\/hoyre.no\/oslo\/#website\",\"url\":\"https:\/\/hoyre.no\/oslo\/\",\"name\":\"Oslo H\u00f8yre\",\"description\":\"\",\"publisher\":{\"@id\":\"https:\/\/hoyre.no\/oslo\/#organization\"},\"inLanguage\":\"nb-NO\"},{\"@type\":\"Organization\",\"@id\":\"https:\/\/hoyre.no\/oslo\/#organization\",\"name\":\"Oslo H\u00f8yre\",\"url\":\"https:\/\/hoyre.no\/oslo\/\",\"logo\":{\"@type\":\"ImageObject\",\"inLanguage\":\"nb-NO\",\"@id\":\"https:\/\/hoyre.no\/oslo\/#\/schema\/logo\/image\/\",\"url\":\"https:\/\/hoyre.no\/content\/uploads\/sites\/408\/2022\/11\/Hoyres-logo.png\",\"contentUrl\":\"https:\/\/hoyre.no\/content\/uploads\/sites\/408\/2022\/11\/Hoyres-logo.png\",\"width\":1000,\"height\":1000,\"caption\":\"Oslo H\u00f8yre\"},\"image\":{\"@id\":\"https:\/\/hoyre.no\/oslo\/#\/schema\/logo\/image\/\"},\"sameAs\":[\"https:\/\/www.facebook.com\/oslo.hoyre\"]}]}<\/script>\n<!-- \/ Yoast SEO Premium plugin. -->","yoast_head_json":{"title":"Milj\u00f8byen Oslo - Oslo H\u00f8yre","robots":{"index":"index","follow":"follow","max-snippet":"max-snippet:-1","max-image-preview":"max-image-preview:large","max-video-preview":"max-video-preview:-1"},"canonical":"https:\/\/hoyre.no\/oslo\/aktuelt\/miljobyen\/","og_locale":"nb_NO","og_type":"article","og_title":"Milj\u00f8byen Oslo","og_url":"https:\/\/hoyre.no\/oslo\/aktuelt\/miljobyen\/","og_site_name":"Oslo H\u00f8yre","article_publisher":"https:\/\/www.facebook.com\/oslo.hoyre","article_published_time":"2015-01-23T09:00:20+00:00","article_modified_time":"2022-09-26T13:05:38+00:00","og_image":[{"width":1000,"height":1000,"url":"https:\/\/hoyre.no\/content\/uploads\/sites\/408\/2022\/11\/Hoyres-logo.png","type":"image\/png"}],"twitter_card":"summary_large_image","twitter_misc":{"Ansl. lesetid":"5 minutter"},"schema":{"@context":"https:\/\/schema.org","@graph":[{"@type":"Article","@id":"https:\/\/hoyre.no\/oslo\/aktuelt\/miljobyen\/#article","isPartOf":{"@id":"https:\/\/hoyre.no\/oslo\/aktuelt\/miljobyen\/"},"author":{"name":"","@id":""},"headline":"Milj\u00f8byen Oslo","datePublished":"2015-01-23T09:00:20+00:00","dateModified":"2022-09-26T13:05:38+00:00","mainEntityOfPage":{"@id":"https:\/\/hoyre.no\/oslo\/aktuelt\/miljobyen\/"},"wordCount":1018,"publisher":{"@id":"https:\/\/hoyre.no\/oslo\/#organization"},"articleSection":["Nyheter"],"inLanguage":"nb-NO"},{"@type":"NewsArticle","@id":"https:\/\/hoyre.no\/oslo\/aktuelt\/miljobyen\/","url":"https:\/\/hoyre.no\/oslo\/aktuelt\/miljobyen\/","name":"Milj\u00f8byen Oslo - Oslo H\u00f8yre","isPartOf":{"@id":"https:\/\/hoyre.no\/oslo\/#website"},"datePublished":"2015-01-23T09:00:20+00:00","dateModified":"2022-09-26T13:05:38+00:00","breadcrumb":{"@id":"https:\/\/hoyre.no\/oslo\/aktuelt\/miljobyen\/#breadcrumb"},"inLanguage":"nb-NO","potentialAction":[{"@type":"ReadAction","target":["https:\/\/hoyre.no\/oslo\/aktuelt\/miljobyen\/"]}]},{"@type":"BreadcrumbList","@id":"https:\/\/hoyre.no\/oslo\/aktuelt\/miljobyen\/#breadcrumb","itemListElement":[{"@type":"ListItem","position":1,"name":"Til hoyre.no","item":"https:\/\/hoyre.no"},{"@type":"ListItem","position":2,"name":"Hjem","item":"https:\/\/hoyre.no\/oslo\/"},{"@type":"ListItem","position":3,"name":"Milj\u00f8byen Oslo"}]},{"@type":"WebSite","@id":"https:\/\/hoyre.no\/oslo\/#website","url":"https:\/\/hoyre.no\/oslo\/","name":"Oslo H\u00f8yre","description":"","publisher":{"@id":"https:\/\/hoyre.no\/oslo\/#organization"},"inLanguage":"nb-NO"},{"@type":"Organization","@id":"https:\/\/hoyre.no\/oslo\/#organization","name":"Oslo H\u00f8yre","url":"https:\/\/hoyre.no\/oslo\/","logo":{"@type":"ImageObject","inLanguage":"nb-NO","@id":"https:\/\/hoyre.no\/oslo\/#\/schema\/logo\/image\/","url":"https:\/\/hoyre.no\/content\/uploads\/sites\/408\/2022\/11\/Hoyres-logo.png","contentUrl":"https:\/\/hoyre.no\/content\/uploads\/sites\/408\/2022\/11\/Hoyres-logo.png","width":1000,"height":1000,"caption":"Oslo H\u00f8yre"},"image":{"@id":"https:\/\/hoyre.no\/oslo\/#\/schema\/logo\/image\/"},"sameAs":["https:\/\/www.facebook.com\/oslo.hoyre"]}]}},"distributor_meta":false,"distributor_terms":false,"distributor_media":false,"distributor_original_site_name":"Oslo H\u00f8yre","distributor_original_site_url":"https:\/\/hoyre.no\/oslo","push-errors":false,"_links":{"self":[{"href":"https:\/\/hoyre.no\/oslo\/wp-json\/wp\/v2\/posts\/1497","targetHints":{"allow":["GET"]}}],"collection":[{"href":"https:\/\/hoyre.no\/oslo\/wp-json\/wp\/v2\/posts"}],"about":[{"href":"https:\/\/hoyre.no\/oslo\/wp-json\/wp\/v2\/types\/post"}],"replies":[{"embeddable":true,"href":"https:\/\/hoyre.no\/oslo\/wp-json\/wp\/v2\/comments?post=1497"}],"version-history":[{"count":1,"href":"https:\/\/hoyre.no\/oslo\/wp-json\/wp\/v2\/posts\/1497\/revisions"}],"predecessor-version":[{"id":2729,"href":"https:\/\/hoyre.no\/oslo\/wp-json\/wp\/v2\/posts\/1497\/revisions\/2729"}],"wp:attachment":[{"href":"https:\/\/hoyre.no\/oslo\/wp-json\/wp\/v2\/media?parent=1497"}],"wp:term":[{"taxonomy":"category","embeddable":true,"href":"https:\/\/hoyre.no\/oslo\/wp-json\/wp\/v2\/category?post=1497"},{"taxonomy":"post_tag","embeddable":true,"href":"https:\/\/hoyre.no\/oslo\/wp-json\/wp\/v2\/post_tag?post=1497"},{"taxonomy":"hoyre-visibility","embeddable":true,"href":"https:\/\/hoyre.no\/oslo\/wp-json\/wp\/v2\/hoyre-visibility?post=1497"},{"taxonomy":"article-type","embeddable":true,"href":"https:\/\/hoyre.no\/oslo\/wp-json\/wp\/v2\/article-type?post=1497"},{"taxonomy":"politician","embeddable":true,"href":"https:\/\/hoyre.no\/oslo\/wp-json\/wp\/v2\/politician?post=1497"}],"curies":[{"name":"wp","href":"https:\/\/api.w.org\/{rel}","templated":true}]}}