{"id":1498,"date":"2015-01-21T02:38:31","date_gmt":"2015-01-21T02:38:31","guid":{"rendered":"https:\/\/hoyre.no\/oslo\/aktuelt\/arsmote-i-oslo-hoyre-2015\/"},"modified":"2022-09-26T15:05:39","modified_gmt":"2022-09-26T13:05:39","slug":"arsmote-i-oslo-hoyre-2015","status":"publish","type":"post","link":"https:\/\/hoyre.no\/oslo\/aktuelt\/arsmote-i-oslo-hoyre-2015\/","title":{"rendered":"\u00c5rsm\u00f8te i Oslo H\u00f8yre \u2013 2015"},"content":{"rendered":"<figure class=\"hoyre-image-wrapper\"><div class=\"hoyre-image\"><img loading=\"lazy\" decoding=\"async\" width=\"1024\" height=\"475\" src=\"https:\/\/hoyre.no\/content\/uploads\/sites\/408\/2022\/09\/Stemmeseddel-web.jpg\" class=\"attachment-scaled size-scaled\" alt=\"illustrasjonsfoto\" style=\"object-position: 50% 50%\" srcset=\"https:\/\/hoyre.no\/content\/uploads\/sites\/408\/2022\/09\/Stemmeseddel-web.jpg 1024w, https:\/\/hoyre.no\/content\/uploads\/sites\/408\/2022\/09\/Stemmeseddel-web-300x139.jpg 300w, https:\/\/hoyre.no\/content\/uploads\/sites\/408\/2022\/09\/Stemmeseddel-web-768x356.jpg 768w\" sizes=\"auto, (max-width: 1024px) 100vw, 1024px\" \/><\/div><\/figure><div id=\"hoyre-old-article-content-wrapper\"><p>(Foto: Hans Borge)<\/p><h3><strong>23 og 24 januar 2015 &#8211; Oslo H\u00f8yres \u00e5rsm\u00f8te<\/strong><\/h3><h1><strong>\u00c5rsm\u00f8tet 2015<\/strong><\/h1><p>Sted H\u00f8yres Hus, Stortingsgaten 20<\/p><p><strong>\u00c5rsm\u00f8tet er en av de st\u00f8rste begivenhetene i Oslo H\u00f8yre hvert \u00e5r. \u00c5rsm\u00f8tet avholdes alltid i slutten av januar. Ekstra spennende er \u00e5rsm\u00f8tene n\u00e5r det skal vedtas bystyreprogram for Oslo.<\/strong><\/p><p><em>Tekst: Lene Haug<\/em><\/p><h3>Nyttige dokumenter<\/h3><p><a href=\"https:\/\/www.oslohoyre.no\/wp-content\/uploads\/2015\/01\/rsm\u00f8te-2015-innkalling-20150109.pdf\">Innkalling med dagsorden<\/a><\/p><p><a href=\"https:\/\/www.oslohoyre.no\/wp-content\/uploads\/2015\/01\/Redaksjonskomiteens-anbefaling-til-innkomne-endringsforslag-til-programb....pdf\">Redaksjonskomit\u00e9ens innstilling til innkomne endringsforslag til bystyreprogram for 2015-2019<\/a><\/p>\n[\/framed_box]\n<p>2015 er et spennende valg\u00e5r for alle i Oslo H\u00f8yre. M\u00e5let er fortsatt borgerlig flertall i bystyret og fortsatt byr\u00e5dsmakt for H\u00f8yre. Oslo H\u00f8yre har store visjoner for den videre utviklingen av Oslo.<\/p><p>Det har v\u00e6rt en lang, omfattende og demokratisk programprosess som har p\u00e5g\u00e5tt gjennom hele 2014 i Oslo H\u00f8yre. Det er derfor knyttet stor spenning til programbehandlingen som vil oppta mesteparten av tiden p\u00e5 Oslo H\u00f8yres \u00e5rsm\u00f8te i \u00e5r,<\/p><p><strong>\u00c5rsm\u00f8tet g\u00e5r over to dager:<\/strong><\/p><p>FREDAG 23. JANUAR KL. 17.00 \u2013 20.30<br \/>\nL\u00d8RDAG 24. JANUAR KL. 09.00 \u2013 16.30<\/p><p><strong>\u00c5rsm\u00f8tet er \u00e5pent for alle medlemmer i Oslo H\u00f8yre<\/strong><br \/>\nOslo H\u00f8yres \u00e5rsm\u00f8te er \u00e5pent for alle medlemmer i Oslo H\u00f8yre. Imidlertid er det kun medlemmer av Oslo H\u00f8yres representantskap som har tale- forslags- og stemmerett. Mange medlemmer som ikke sitter i representantskapet pleier \u00e5 m\u00f8te opp for \u00e5 f\u00f8lge forhandlingene.<\/p><p><strong>Frogner H\u00f8yre p\u00e5 Oslo H\u00f8yres \u00e5rsm\u00f8te<br \/><\/strong>Frogner H\u00f8yre har 20 medlemmer i Oslo H\u00f8yres representantskap som er valgt av Frogner H\u00f8yres \u00e5rsm\u00f8te.<\/p><p>I tillegg er det mange s\u00e5kalte selvskrevne representantskapsmedlemmer fra Frogner H\u00f8yre. Det er bystyremedlemmer, medlemmer av Oslo H\u00f8yres Hovedstyre, stortingskandidater fra Oslo og leder, nestleder og gruppeleder i bydelsforeningen blant annet.<\/p><p>Alt i alt er det mange fra Frogner H\u00f8yre som m\u00f8ter p\u00e5 \u00e5rsm\u00f8tet. Oslo H\u00f8yres \u00e5rsm\u00f8te er en fint sted \u00e5 komme hilse p\u00e5 mange aktive fra Frogner H\u00f8yre.<\/p><p>Dersom du ikke er medlem i representantskapet eller m\u00f8tende varamedlem trenger du ikke \u00e5 registrere deg f\u00f8r m\u00f8tet starter.<\/p><p><strong>Tidsplanen er som f\u00f8lger (det er vanlig med avvik)<\/strong><\/p><p><strong>Fredag 24. januar:<\/strong><br \/>\n16.30 Innsjekking starter i foajeen i 6. etg. H\u00f8yres Hus, utenfor ordf\u00f8rersalen<br \/>\n17.00 \u00c5pning og konstituering\u00a0&#8211; minneord<br \/>\n17.20 Lederens politiske innledning &#8211; ved st.rep. Nikolai Astrup<br \/>\n17.45 Generell politisk debatt knyttet til hovedstyrets \u00e5rsberetning 2014<br \/>\n18.30 Programkomiteens leder \u00d8ystein Sundelin innleder til debatt om kommunevalgprogrammet\u00a0for 2015-19<br \/>\nDebatten foreg\u00e5r kapittelvis, og du tegner deg best til debatten p\u00e5 forh\u00e5nd, ved \u00e5 bruke \u00abjeg\u00a0vil ta ordet\u00bb-skjemaet. Da vil du komme tidligere inn i debatten, enn hvis du tegner deg i\u00a0salen.\u00a0F\u00f8r votering gis ordet til redaksjonskomiteens leder, byr\u00e5d Anniken Hauglie for\u00a0redaksjonskomiteens anbefalinger i voteringene\u00a0\u00abSmart vote\u00bb &#8211; elektronisk avstemning skjer ved jevne voteringer<br \/>\n20.30 Forhandlingene avbrytes for dagen.<\/p><p><strong>L\u00f8rdag 25. januar:<\/strong><br \/>\n08.30 Registrering\/innsjekking i foajeen i 6. etg.<br \/>\n(Stemmeseddel for valg av medlemmer til hovedstyret deles ut l\u00f8rdag)<br \/>\n09.00 \u00c5pning av \u00e5rsm\u00f8tets andre dag<br \/>\nNB: \u00c5rsm\u00f8tet kan starte med voteringer fra f\u00f8rste dags debatter.<br \/>\nDebatt og votering p\u00e5 kapitler i kommunevalgprogrammet<br \/>\n11.00 \u00abVeien til kunnskapssamfunnet\u00bb\u00a0Innledning ved kunnskapsminister Torbj\u00f8rn R\u00f8e Isaksen<br \/>\nGjenopptakelse av debatt og voteringer<br \/>\n12.00 Lunsjpause<br \/>\n13.00 Programdebatt<br \/>\n15.50 Andre \u00e5rsm\u00f8tesaker<br \/>\n16.00 Valg\u00a0Innledning ved valgkomiteens leder, st.rep. Mudassar Kapur<br \/>\nValg av\u00a03 medlemmer av Hovedstyret for 2 \u00e5r<br \/>\n16.15 Avslutning ved Oslo H\u00f8yres leder st.rep. Nikolai Astrup<\/p><p><a href=\"http:\/\/www.oslohoyre.no\">Mer informasjon om Oslo H\u00f8yres \u00e5rsm\u00f8te 2015 finner du p\u00e5 Oslo H\u00f8yres nettsider<\/a><\/p><h4><strong>Du kan ogs\u00e5 f\u00f8lge med p\u00e5 noe av det som skjer \u00e5rsm\u00f8tet i sosiale medier:<\/strong><\/h4><p><a href=\"https:\/\/www.oslohoyre.no\/wp-content\/uploads\/2014\/02\/facebook-icon.png\"><img decoding=\"async\" loading=\"lazy\" src=\"https:\/\/hoyre.no\/content\/uploads\/sites\/408\/2022\/09\/Skjermbilde-2013-05-02-kl.-10.27.33.jpg\" alt=\"facebook-icon\" width=\"39\" height=\"38\" \/><\/a><strong>Facebook<\/strong> &#8211; <a href=\"https:\/\/www.facebook.com\/FrognerHoyre\">Frogner H\u00f8yre<\/a> &#8211; <a href=\"https:\/\/www.facebook.com\/oslo.hoyre\">Oslo H\u00f8yre<\/a><\/p><p>&nbsp;<\/p><p><a href=\"https:\/\/www.oslohoyre.no\/wp-content\/uploads\/2015\/01\/twitter-icon.png\"><img decoding=\"async\" loading=\"lazy\" src=\"https:\/\/www.oslohoyre.no\/wp-content\/uploads\/2015\/01\/twitter-icon.png\" alt=\"twitter-icon\" width=\"39\" height=\"38\" \/><\/a><strong>Twitter<\/strong> &#8211; <a href=\"https:\/\/twitter.com\/frognerhoyre\">Frogner H\u00f8yre<\/a> &#8211; <a href=\"https:\/\/twitter.com\/oslohoyre\">Oslo H\u00f8yre<\/a><\/p><p>&nbsp;<\/p><p>&nbsp;<\/p>\n<\/div>\n<div class=\"tags\">\n\t<\/div>\n<div class=\"post-footer alignfull has-background block-editor-block-list__block\" data-align=full>\n\t<div class=\"post-footer-inner\">\n\t\t<h3>Relaterte artikler<\/h3>\n\t\t<div class=\"related-content\"><div class=\"is-card-hoyre\">\n\t<div class=\"teft-card hoyre-teft-card post-teft-card\">\n\t\t<a href=\"https:\/\/hoyre.no\/oslo\/aktuelt\/mdg-moralismen-fornekter-seg-ikke\/\" class=\"teft-card__primary-action\">\n\n\t\t\t\t\t<div class=\"teft-card__media teft-card__media--16-9\">\n\t\t\t\t\t\t<img loading=\"lazy\" decoding=\"async\" width=\"768\" height=\"512\" src=\"https:\/\/hoyre.no\/content\/uploads\/sites\/408\/2024\/01\/QZQlxtOC-768x512.jpeg\" class=\"attachment-medium_large size-medium_large\" alt=\"Merete Agerbak-Jensen\" srcset=\"https:\/\/hoyre.no\/content\/uploads\/sites\/408\/2024\/01\/QZQlxtOC-768x512.jpeg 768w, https:\/\/hoyre.no\/content\/uploads\/sites\/408\/2024\/01\/QZQlxtOC-300x200.jpeg 300w, https:\/\/hoyre.no\/content\/uploads\/sites\/408\/2024\/01\/QZQlxtOC-1024x683.jpeg 1024w, https:\/\/hoyre.no\/content\/uploads\/sites\/408\/2024\/01\/QZQlxtOC-1536x1024.jpeg 1536w, https:\/\/hoyre.no\/content\/uploads\/sites\/408\/2024\/01\/QZQlxtOC-2048x1365.jpeg 2048w\" sizes=\"auto, (max-width: 768px) 100vw, 768px\" \/>\t\t<\/div>\n\t\t\n\t\t\t<div class=\"teft-card__content-wrapper\">\n\t\t\t\t<div class=\"teft-card__secondary\">\n\t\t\t\t\t\n\t\t\t\t\t\t\t\t<div class=\"teft-card__meta\">\n\t\t\t\t\t\t\t\t\t<span class=\"post-date\">23. apr 2026<\/span>\n\n\t\t\t\t\t\t\t\t\t\t\t\t\t\t\t\t\t<\/div>\n\t\t\t\t\t\t\t\t\t\t\t<\/div>\n\n\t\t\t\t<div class=\"teft-card__primary\">\n\t\t\t\t\t<h2 class=\"teft-card__title\">MDG-moralismen fornekter seg ikke&nbsp;<span class=\"teft-card__primary-title-append\"><\/span><\/h2>\t\t\t\t<\/div>\n\t\t\t<\/div>\n\t\t<\/a>\n\t<\/div>\n\n\t<\/div><div class=\"is-card-hoyre\">\n\t<div class=\"teft-card hoyre-teft-card post-teft-card\">\n\t\t<a href=\"https:\/\/hoyre.no\/oslo\/aktuelt\/raskere-og-enklere-a-bygge-boliger-og-skape-arbeidsplasser-i-oslo\/\" class=\"teft-card__primary-action\">\n\n\t\t\t\t\t<div class=\"teft-card__media teft-card__media--16-9\">\n\t\t\t\t\t\t<img loading=\"lazy\" decoding=\"async\" width=\"768\" height=\"576\" src=\"https:\/\/hoyre.no\/content\/uploads\/sites\/408\/2026\/04\/Eirik-Lae-Solberg-og-Anita-Leirvik-North-768x576.jpg\" class=\"attachment-medium_large size-medium_large\" alt=\"\" srcset=\"https:\/\/hoyre.no\/content\/uploads\/sites\/408\/2026\/04\/Eirik-Lae-Solberg-og-Anita-Leirvik-North-768x576.jpg 768w, https:\/\/hoyre.no\/content\/uploads\/sites\/408\/2026\/04\/Eirik-Lae-Solberg-og-Anita-Leirvik-North-300x225.jpg 300w, https:\/\/hoyre.no\/content\/uploads\/sites\/408\/2026\/04\/Eirik-Lae-Solberg-og-Anita-Leirvik-North.jpg 901w\" sizes=\"auto, (max-width: 768px) 100vw, 768px\" \/>\t\t<\/div>\n\t\t\n\t\t\t<div class=\"teft-card__content-wrapper\">\n\t\t\t\t<div class=\"teft-card__secondary\">\n\t\t\t\t\t\n\t\t\t\t\t\t\t\t<div class=\"teft-card__meta\">\n\t\t\t\t\t\t\t\t\t<span class=\"post-date\">14. apr 2026<\/span>\n\n\t\t\t\t\t\t\t\t\t<span class=\"post-category\">Har lagt frem ny KPA:<\/span>\t\t\t\t\t\t\t\t<\/div>\n\t\t\t\t\t\t\t\t\t\t\t<\/div>\n\n\t\t\t\t<div class=\"teft-card__primary\">\n\t\t\t\t\t<h2 class=\"teft-card__title\">Raskere og enklere \u00e5 bygge boliger og skape arbeidsplasser i Oslo&nbsp;<span class=\"teft-card__primary-title-append\"><\/span><\/h2>\t\t\t\t<\/div>\n\t\t\t<\/div>\n\t\t<\/a>\n\t<\/div>\n\n\t<\/div><div class=\"is-card-hoyre\">\n\t<div class=\"teft-card hoyre-teft-card post-teft-card\">\n\t\t<a href=\"https:\/\/hoyre.no\/oslo\/aktuelt\/bedre-elevresultater-og-en-skoleokonomi-i-balanse-med-blagront-byrad\/\" class=\"teft-card__primary-action\">\n\n\t\t\t\t\t<div class=\"teft-card__media teft-card__media--16-9\">\n\t\t\t\t\t\t<img loading=\"lazy\" decoding=\"async\" width=\"768\" height=\"512\" src=\"https:\/\/hoyre.no\/content\/uploads\/sites\/408\/2025\/05\/IMG_6440-768x512.jpeg\" class=\"attachment-medium_large size-medium_large\" alt=\"Julie Remen Midtgarden\" srcset=\"https:\/\/hoyre.no\/content\/uploads\/sites\/408\/2025\/05\/IMG_6440-768x512.jpeg 768w, https:\/\/hoyre.no\/content\/uploads\/sites\/408\/2025\/05\/IMG_6440-300x200.jpeg 300w, https:\/\/hoyre.no\/content\/uploads\/sites\/408\/2025\/05\/IMG_6440-1024x683.jpeg 1024w, https:\/\/hoyre.no\/content\/uploads\/sites\/408\/2025\/05\/IMG_6440-1536x1024.jpeg 1536w, https:\/\/hoyre.no\/content\/uploads\/sites\/408\/2025\/05\/IMG_6440-2048x1365.jpeg 2048w\" sizes=\"auto, (max-width: 768px) 100vw, 768px\" \/>\t\t<\/div>\n\t\t\n\t\t\t<div class=\"teft-card__content-wrapper\">\n\t\t\t\t<div class=\"teft-card__secondary\">\n\t\t\t\t\t\n\t\t\t\t\t\t\t\t<div class=\"teft-card__meta\">\n\t\t\t\t\t\t\t\t\t<span class=\"post-date\">26. mar 2026<\/span>\n\n\t\t\t\t\t\t\t\t\t\t\t\t\t\t\t\t\t<\/div>\n\t\t\t\t\t\t\t\t\t\t\t<\/div>\n\n\t\t\t\t<div class=\"teft-card__primary\">\n\t\t\t\t\t<h2 class=\"teft-card__title\">Bedre elevresultater og en skole\u00f8konomi i balanse med bl\u00e5gr\u00f8nt byr\u00e5d&nbsp;<span class=\"teft-card__primary-title-append\"><\/span><\/h2>\t\t\t\t<\/div>\n\t\t\t<\/div>\n\t\t<\/a>\n\t<\/div>\n\n\t<\/div><\/div>\t<\/div>\n<\/div>\n","protected":false},"excerpt":{"rendered":"","protected":false},"author":0,"featured_media":0,"comment_status":"closed","ping_status":"closed","sticky":false,"template":"","format":"standard","meta":{"teft_cards_image_url":"","teft_cards_custom_pretitle":"","teft_cards_image_id":0,"teft_cards_image_focal_point_x":0,"teft_cards_image_focal_point_y":0,"teft_cards_title":"","teft_cards_excerpt":"","teft_show_chapters":false,"author_display_name":"Oslo H\u00f8yre","footnotes":""},"category":[1],"post_tag":[],"hoyre-visibility":[],"article-type":[],"politician":[],"class_list":["post-1498","post","type-post","status-publish","format-standard","hentry","category-nyheter"],"yoast_head":"<!-- This site is optimized with the Yoast SEO Premium plugin v26.5 (Yoast SEO v26.6) - https:\/\/yoast.com\/wordpress\/plugins\/seo\/ -->\n<title>\u00c5rsm\u00f8te i Oslo H\u00f8yre \u2013 2015 - Oslo H\u00f8yre<\/title>\n<meta name=\"robots\" content=\"index, follow, max-snippet:-1, max-image-preview:large, max-video-preview:-1\" \/>\n<link rel=\"canonical\" href=\"https:\/\/hoyre.no\/oslo\/aktuelt\/arsmote-i-oslo-hoyre-2015\/\" \/>\n<meta property=\"og:locale\" content=\"nb_NO\" \/>\n<meta property=\"og:type\" content=\"article\" \/>\n<meta property=\"og:title\" content=\"\u00c5rsm\u00f8te i Oslo H\u00f8yre \u2013 2015\" \/>\n<meta property=\"og:url\" content=\"https:\/\/hoyre.no\/oslo\/aktuelt\/arsmote-i-oslo-hoyre-2015\/\" \/>\n<meta property=\"og:site_name\" content=\"Oslo H\u00f8yre\" \/>\n<meta property=\"article:publisher\" content=\"https:\/\/www.facebook.com\/oslo.hoyre\" \/>\n<meta property=\"article:published_time\" content=\"2015-01-21T02:38:31+00:00\" \/>\n<meta property=\"article:modified_time\" content=\"2022-09-26T13:05:39+00:00\" \/>\n<meta property=\"og:image\" content=\"https:\/\/hoyre.no\/content\/uploads\/sites\/408\/2022\/09\/Skjermbilde-2013-05-02-kl.-10.27.33.jpg\" \/>\n<meta name=\"twitter:card\" content=\"summary_large_image\" \/>\n<meta name=\"twitter:label1\" content=\"Ansl. lesetid\" \/>\n\t<meta name=\"twitter:data1\" content=\"3 minutter\" \/>\n<script type=\"application\/ld+json\" class=\"yoast-schema-graph\">{\"@context\":\"https:\/\/schema.org\",\"@graph\":[{\"@type\":\"Article\",\"@id\":\"https:\/\/hoyre.no\/oslo\/aktuelt\/arsmote-i-oslo-hoyre-2015\/#article\",\"isPartOf\":{\"@id\":\"https:\/\/hoyre.no\/oslo\/aktuelt\/arsmote-i-oslo-hoyre-2015\/\"},\"author\":{\"name\":\"\",\"@id\":\"\"},\"headline\":\"\u00c5rsm\u00f8te i Oslo H\u00f8yre \u2013 2015\",\"datePublished\":\"2015-01-21T02:38:31+00:00\",\"dateModified\":\"2022-09-26T13:05:39+00:00\",\"mainEntityOfPage\":{\"@id\":\"https:\/\/hoyre.no\/oslo\/aktuelt\/arsmote-i-oslo-hoyre-2015\/\"},\"wordCount\":621,\"publisher\":{\"@id\":\"https:\/\/hoyre.no\/oslo\/#organization\"},\"image\":{\"@id\":\"https:\/\/hoyre.no\/oslo\/aktuelt\/arsmote-i-oslo-hoyre-2015\/#primaryimage\"},\"thumbnailUrl\":\"https:\/\/hoyre.no\/content\/uploads\/sites\/408\/2022\/09\/Skjermbilde-2013-05-02-kl.-10.27.33.jpg\",\"articleSection\":[\"Nyheter\"],\"inLanguage\":\"nb-NO\"},{\"@type\":\"NewsArticle\",\"@id\":\"https:\/\/hoyre.no\/oslo\/aktuelt\/arsmote-i-oslo-hoyre-2015\/\",\"url\":\"https:\/\/hoyre.no\/oslo\/aktuelt\/arsmote-i-oslo-hoyre-2015\/\",\"name\":\"\u00c5rsm\u00f8te i Oslo H\u00f8yre \u2013 2015 - Oslo H\u00f8yre\",\"isPartOf\":{\"@id\":\"https:\/\/hoyre.no\/oslo\/#website\"},\"image\":{\"@id\":\"https:\/\/hoyre.no\/oslo\/aktuelt\/arsmote-i-oslo-hoyre-2015\/#primaryimage\"},\"thumbnailUrl\":\"https:\/\/hoyre.no\/content\/uploads\/sites\/408\/2022\/09\/Skjermbilde-2013-05-02-kl.-10.27.33.jpg\",\"datePublished\":\"2015-01-21T02:38:31+00:00\",\"dateModified\":\"2022-09-26T13:05:39+00:00\",\"breadcrumb\":{\"@id\":\"https:\/\/hoyre.no\/oslo\/aktuelt\/arsmote-i-oslo-hoyre-2015\/#breadcrumb\"},\"inLanguage\":\"nb-NO\",\"potentialAction\":[{\"@type\":\"ReadAction\",\"target\":[\"https:\/\/hoyre.no\/oslo\/aktuelt\/arsmote-i-oslo-hoyre-2015\/\"]}]},{\"@type\":\"ImageObject\",\"inLanguage\":\"nb-NO\",\"@id\":\"https:\/\/hoyre.no\/oslo\/aktuelt\/arsmote-i-oslo-hoyre-2015\/#primaryimage\",\"url\":\"https:\/\/hoyre.no\/content\/uploads\/sites\/408\/2022\/09\/Skjermbilde-2013-05-02-kl.-10.27.33.jpg\",\"contentUrl\":\"https:\/\/hoyre.no\/content\/uploads\/sites\/408\/2022\/09\/Skjermbilde-2013-05-02-kl.-10.27.33.jpg\"},{\"@type\":\"BreadcrumbList\",\"@id\":\"https:\/\/hoyre.no\/oslo\/aktuelt\/arsmote-i-oslo-hoyre-2015\/#breadcrumb\",\"itemListElement\":[{\"@type\":\"ListItem\",\"position\":1,\"name\":\"Til hoyre.no\",\"item\":\"https:\/\/hoyre.no\"},{\"@type\":\"ListItem\",\"position\":2,\"name\":\"Hjem\",\"item\":\"https:\/\/hoyre.no\/oslo\/\"},{\"@type\":\"ListItem\",\"position\":3,\"name\":\"\u00c5rsm\u00f8te i Oslo H\u00f8yre \u2013 2015\"}]},{\"@type\":\"WebSite\",\"@id\":\"https:\/\/hoyre.no\/oslo\/#website\",\"url\":\"https:\/\/hoyre.no\/oslo\/\",\"name\":\"Oslo H\u00f8yre\",\"description\":\"\",\"publisher\":{\"@id\":\"https:\/\/hoyre.no\/oslo\/#organization\"},\"inLanguage\":\"nb-NO\"},{\"@type\":\"Organization\",\"@id\":\"https:\/\/hoyre.no\/oslo\/#organization\",\"name\":\"Oslo H\u00f8yre\",\"url\":\"https:\/\/hoyre.no\/oslo\/\",\"logo\":{\"@type\":\"ImageObject\",\"inLanguage\":\"nb-NO\",\"@id\":\"https:\/\/hoyre.no\/oslo\/#\/schema\/logo\/image\/\",\"url\":\"https:\/\/hoyre.no\/content\/uploads\/sites\/408\/2022\/11\/Hoyres-logo.png\",\"contentUrl\":\"https:\/\/hoyre.no\/content\/uploads\/sites\/408\/2022\/11\/Hoyres-logo.png\",\"width\":1000,\"height\":1000,\"caption\":\"Oslo H\u00f8yre\"},\"image\":{\"@id\":\"https:\/\/hoyre.no\/oslo\/#\/schema\/logo\/image\/\"},\"sameAs\":[\"https:\/\/www.facebook.com\/oslo.hoyre\"]}]}<\/script>\n<!-- \/ Yoast SEO Premium plugin. -->","yoast_head_json":{"title":"\u00c5rsm\u00f8te i Oslo H\u00f8yre \u2013 2015 - Oslo H\u00f8yre","robots":{"index":"index","follow":"follow","max-snippet":"max-snippet:-1","max-image-preview":"max-image-preview:large","max-video-preview":"max-video-preview:-1"},"canonical":"https:\/\/hoyre.no\/oslo\/aktuelt\/arsmote-i-oslo-hoyre-2015\/","og_locale":"nb_NO","og_type":"article","og_title":"\u00c5rsm\u00f8te i Oslo H\u00f8yre \u2013 2015","og_url":"https:\/\/hoyre.no\/oslo\/aktuelt\/arsmote-i-oslo-hoyre-2015\/","og_site_name":"Oslo H\u00f8yre","article_publisher":"https:\/\/www.facebook.com\/oslo.hoyre","article_published_time":"2015-01-21T02:38:31+00:00","article_modified_time":"2022-09-26T13:05:39+00:00","og_image":[{"url":"https:\/\/hoyre.no\/content\/uploads\/sites\/408\/2022\/09\/Skjermbilde-2013-05-02-kl.-10.27.33.jpg","type":"","width":"","height":""}],"twitter_card":"summary_large_image","twitter_misc":{"Ansl. lesetid":"3 minutter"},"schema":{"@context":"https:\/\/schema.org","@graph":[{"@type":"Article","@id":"https:\/\/hoyre.no\/oslo\/aktuelt\/arsmote-i-oslo-hoyre-2015\/#article","isPartOf":{"@id":"https:\/\/hoyre.no\/oslo\/aktuelt\/arsmote-i-oslo-hoyre-2015\/"},"author":{"name":"","@id":""},"headline":"\u00c5rsm\u00f8te i Oslo H\u00f8yre \u2013 2015","datePublished":"2015-01-21T02:38:31+00:00","dateModified":"2022-09-26T13:05:39+00:00","mainEntityOfPage":{"@id":"https:\/\/hoyre.no\/oslo\/aktuelt\/arsmote-i-oslo-hoyre-2015\/"},"wordCount":621,"publisher":{"@id":"https:\/\/hoyre.no\/oslo\/#organization"},"image":{"@id":"https:\/\/hoyre.no\/oslo\/aktuelt\/arsmote-i-oslo-hoyre-2015\/#primaryimage"},"thumbnailUrl":"https:\/\/hoyre.no\/content\/uploads\/sites\/408\/2022\/09\/Skjermbilde-2013-05-02-kl.-10.27.33.jpg","articleSection":["Nyheter"],"inLanguage":"nb-NO"},{"@type":"NewsArticle","@id":"https:\/\/hoyre.no\/oslo\/aktuelt\/arsmote-i-oslo-hoyre-2015\/","url":"https:\/\/hoyre.no\/oslo\/aktuelt\/arsmote-i-oslo-hoyre-2015\/","name":"\u00c5rsm\u00f8te i Oslo H\u00f8yre \u2013 2015 - Oslo H\u00f8yre","isPartOf":{"@id":"https:\/\/hoyre.no\/oslo\/#website"},"image":{"@id":"https:\/\/hoyre.no\/oslo\/aktuelt\/arsmote-i-oslo-hoyre-2015\/#primaryimage"},"thumbnailUrl":"https:\/\/hoyre.no\/content\/uploads\/sites\/408\/2022\/09\/Skjermbilde-2013-05-02-kl.-10.27.33.jpg","datePublished":"2015-01-21T02:38:31+00:00","dateModified":"2022-09-26T13:05:39+00:00","breadcrumb":{"@id":"https:\/\/hoyre.no\/oslo\/aktuelt\/arsmote-i-oslo-hoyre-2015\/#breadcrumb"},"inLanguage":"nb-NO","potentialAction":[{"@type":"ReadAction","target":["https:\/\/hoyre.no\/oslo\/aktuelt\/arsmote-i-oslo-hoyre-2015\/"]}]},{"@type":"ImageObject","inLanguage":"nb-NO","@id":"https:\/\/hoyre.no\/oslo\/aktuelt\/arsmote-i-oslo-hoyre-2015\/#primaryimage","url":"https:\/\/hoyre.no\/content\/uploads\/sites\/408\/2022\/09\/Skjermbilde-2013-05-02-kl.-10.27.33.jpg","contentUrl":"https:\/\/hoyre.no\/content\/uploads\/sites\/408\/2022\/09\/Skjermbilde-2013-05-02-kl.-10.27.33.jpg"},{"@type":"BreadcrumbList","@id":"https:\/\/hoyre.no\/oslo\/aktuelt\/arsmote-i-oslo-hoyre-2015\/#breadcrumb","itemListElement":[{"@type":"ListItem","position":1,"name":"Til hoyre.no","item":"https:\/\/hoyre.no"},{"@type":"ListItem","position":2,"name":"Hjem","item":"https:\/\/hoyre.no\/oslo\/"},{"@type":"ListItem","position":3,"name":"\u00c5rsm\u00f8te i Oslo H\u00f8yre \u2013 2015"}]},{"@type":"WebSite","@id":"https:\/\/hoyre.no\/oslo\/#website","url":"https:\/\/hoyre.no\/oslo\/","name":"Oslo H\u00f8yre","description":"","publisher":{"@id":"https:\/\/hoyre.no\/oslo\/#organization"},"inLanguage":"nb-NO"},{"@type":"Organization","@id":"https:\/\/hoyre.no\/oslo\/#organization","name":"Oslo H\u00f8yre","url":"https:\/\/hoyre.no\/oslo\/","logo":{"@type":"ImageObject","inLanguage":"nb-NO","@id":"https:\/\/hoyre.no\/oslo\/#\/schema\/logo\/image\/","url":"https:\/\/hoyre.no\/content\/uploads\/sites\/408\/2022\/11\/Hoyres-logo.png","contentUrl":"https:\/\/hoyre.no\/content\/uploads\/sites\/408\/2022\/11\/Hoyres-logo.png","width":1000,"height":1000,"caption":"Oslo H\u00f8yre"},"image":{"@id":"https:\/\/hoyre.no\/oslo\/#\/schema\/logo\/image\/"},"sameAs":["https:\/\/www.facebook.com\/oslo.hoyre"]}]}},"distributor_meta":false,"distributor_terms":false,"distributor_media":false,"distributor_original_site_name":"Oslo H\u00f8yre","distributor_original_site_url":"https:\/\/hoyre.no\/oslo","push-errors":false,"_links":{"self":[{"href":"https:\/\/hoyre.no\/oslo\/wp-json\/wp\/v2\/posts\/1498","targetHints":{"allow":["GET"]}}],"collection":[{"href":"https:\/\/hoyre.no\/oslo\/wp-json\/wp\/v2\/posts"}],"about":[{"href":"https:\/\/hoyre.no\/oslo\/wp-json\/wp\/v2\/types\/post"}],"replies":[{"embeddable":true,"href":"https:\/\/hoyre.no\/oslo\/wp-json\/wp\/v2\/comments?post=1498"}],"version-history":[{"count":1,"href":"https:\/\/hoyre.no\/oslo\/wp-json\/wp\/v2\/posts\/1498\/revisions"}],"predecessor-version":[{"id":2730,"href":"https:\/\/hoyre.no\/oslo\/wp-json\/wp\/v2\/posts\/1498\/revisions\/2730"}],"wp:attachment":[{"href":"https:\/\/hoyre.no\/oslo\/wp-json\/wp\/v2\/media?parent=1498"}],"wp:term":[{"taxonomy":"category","embeddable":true,"href":"https:\/\/hoyre.no\/oslo\/wp-json\/wp\/v2\/category?post=1498"},{"taxonomy":"post_tag","embeddable":true,"href":"https:\/\/hoyre.no\/oslo\/wp-json\/wp\/v2\/post_tag?post=1498"},{"taxonomy":"hoyre-visibility","embeddable":true,"href":"https:\/\/hoyre.no\/oslo\/wp-json\/wp\/v2\/hoyre-visibility?post=1498"},{"taxonomy":"article-type","embeddable":true,"href":"https:\/\/hoyre.no\/oslo\/wp-json\/wp\/v2\/article-type?post=1498"},{"taxonomy":"politician","embeddable":true,"href":"https:\/\/hoyre.no\/oslo\/wp-json\/wp\/v2\/politician?post=1498"}],"curies":[{"name":"wp","href":"https:\/\/api.w.org\/{rel}","templated":true}]}}