{"id":1504,"date":"2015-01-18T14:38:17","date_gmt":"2015-01-18T14:38:17","guid":{"rendered":"https:\/\/hoyre.no\/oslo\/aktuelt\/glasset-er-halvfullt-sier-borge-brende\/"},"modified":"2022-09-26T15:05:40","modified_gmt":"2022-09-26T13:05:40","slug":"glasset-er-halvfullt-sier-borge-brende","status":"publish","type":"post","link":"https:\/\/hoyre.no\/oslo\/aktuelt\/glasset-er-halvfullt-sier-borge-brende\/","title":{"rendered":"Glasset er halvfullt \u2013 sier B\u00f8rge Brende"},"content":{"rendered":"<figure class=\"hoyre-image-wrapper\"><div class=\"hoyre-image\"><img loading=\"lazy\" decoding=\"async\" width=\"788\" height=\"600\" src=\"https:\/\/hoyre.no\/content\/uploads\/sites\/408\/2022\/09\/Utenriksminister-Borge-Brende-pa-CIVITA-frokost-1-2.jpg\" class=\"attachment-scaled size-scaled\" alt=\"Utenriksminister B\u00f8rge Brende tegnet et nyansert bilde av verden i dag.\" style=\"object-position: 50% 50%\" srcset=\"https:\/\/hoyre.no\/content\/uploads\/sites\/408\/2022\/09\/Utenriksminister-Borge-Brende-pa-CIVITA-frokost-1-2.jpg 788w, https:\/\/hoyre.no\/content\/uploads\/sites\/408\/2022\/09\/Utenriksminister-Borge-Brende-pa-CIVITA-frokost-1-2-300x228.jpg 300w, https:\/\/hoyre.no\/content\/uploads\/sites\/408\/2022\/09\/Utenriksminister-Borge-Brende-pa-CIVITA-frokost-1-2-768x585.jpg 768w\" sizes=\"auto, (max-width: 788px) 100vw, 788px\" \/><\/div><\/figure><div id=\"hoyre-old-article-content-wrapper\"><h1>Det er mye \u00e5 glede seg over<\/h1><h2>Utenrikspolitikk til frokost hos CIVITA<\/h2><p><strong>Utenriksminister B\u00f8rge Brende \u00f8nsket \u00e5 gi et balansert og nyansert bilde av situasjonen i verden under sitt foredrag hos Civita 13. januar. Det er mange konflikter, men det er ogs\u00e5 mye som g\u00e5r i riktig retning<\/strong>.<\/p><p><em>Tekst og foto: Hans Magnus Borge<\/em><br \/>\nPublisert 16. Januar 2015<\/p><p>Det var helt fullt p\u00e5 Caf\u00e9 Christiania da utenriksministeren bes\u00f8kte Civita bare en uke etter terroraksjonen i Paris. B\u00f8rge Brende kom nesten direkte fra den store minnemarkeringen i Frankrike. Det preget nturlig nok hans innledning Ekstremisme, terrorisme og radikalisering er store utfordringer som preger nyhetsbildet verden over. Mange var spente p\u00e5 hva Norges utenriksminister ville si om verdenssituasjonen.<\/p><p>&#8211; Det er nok av konflikter \u00e5 ta tak i, sa B\u00f8rge Brende<br \/>\nHans hovedbudskap var imidlertid at det totalt sett er mye \u00e5 glede seg over.<br \/>\n&#8211; Glasset er halvfullt &#8211; ikke halvt tomt, sa han.<br \/>\nMediene fokuserer p\u00e5 konflikter og dette kan gi et feilaktig inntrykk av at alt stadig blir verre. Mange steder er gamle konflikter l\u00f8st og tidligere konfliktomr\u00e5der blomstrer opp. Dette er realiteter som sjelden eller aldri f\u00e5r store oppslag i pressen.<\/p><p><strong>Ekstrem fattigdom halvert<\/strong><br \/>\nTotalt sett st\u00e5r det stadig bedre til mange steder i verden. Antall mennesker som lever i ekstrem fattigdom er redusert fra 40 prosent i 1990 til 20 prosent i 2014<br \/>\nDet er stor \u00f8konomisk og politisk fremgang i mange land, spesielt i Afrika. Bruttonasjonalproduktet(BNP) per innbygger \u00f8ker i de fleste land<\/p><p><strong>Utfordringer i Saudi-Arabia<\/strong><br \/>\nUtenrikspolitikk er alltid krevende og fullt av dilemmaer. Det er mange hensyn \u00e5 ta. Saudi-Arabia er stormakten i den arabiske verden og er med sin stabilitet og \u00f8konomiske styrke helt sentral i den muslimske verden. Saudi-Arabia er ogs\u00e5 p\u00e5 mange m\u00e5ter det ideologiske senteret for Islam, ikke minst fordi alle muslimers hellige by Mekka ligger der. Det er derfor viktig for Norge og vesten for \u00f8vrig \u00e5 ha god kontakt med regimet, samtidig m\u00e5 vi ikke fire p\u00e5 v\u00e5re viktigste prinsipper.<br \/>\n&#8211; Forholdet til Saudi-Arabia er vanskelig! Sa utenriksminister Brende<br \/>\nDe stor oljeinntektene bidrar til \u00e5 minske de interne konfliktene og holder befolkningen rolig. Landet er stabilt, men er samtidig et brutalt diktatur der makten er samlet p\u00e5 sv\u00e6rt f\u00e5 hender.<\/p><p><strong>\u00d8nsker seg f\u00e6rre land \u00e5 samarbeide med<\/strong><br \/>\nN\u00e5r det gjelder bistandspolitikken var Brende opptatt av at Norge m\u00e5 yte b\u00e6rekraftig bistand og gi landene vi samarbeider med hjelp til selvhjelp og ikke minst prioritere bistandsmidlene.<br \/>\n&#8211; Det er viktig \u00e5 finne m\u00e5l for b\u00e6rekraft.<br \/>\n&#8211; Hva vil du nedprioritere? Han ble utfordret fra salen\u00a0fra salen?<br \/>\n&#8211; Jeg vil redusere antall land vi samarbeider med, sa B\u00f8rge Brende<br \/>\nNorge yter i dag bistand til hele 116 land. Andre land det er naturlig \u00e5 sammenligne seg yter bistand i 30-40 land. \u00c5 redusere antallet samarbeidsland s\u00e5 mye mente Brende var urealistisk.<br \/>\n&#8211; <a href=\"http:\/\/www.aftenposten.no\/nyheter\/uriks\/Regjeringen-kutter-ut-32-bistandsland-7737203.html\">Jeg \u00f8nsker \u00e5 redusere antallet vi samarbeider ned til 84<\/a>, sa han.<\/p><p><a href=\"http:\/\/www.civita.no\">CIVITA<\/a> arrangerer denne senvinteren en serie <a href=\"http:\/\/www.civita.no\/arrangementer\">frokostm\u00f8ter med sentrale statsr\u00e5der<\/a><\/p>\n<\/div>\n<div class=\"tags\">\n\t<\/div>\n<div class=\"post-footer alignfull has-background block-editor-block-list__block\" data-align=full>\n\t<div class=\"post-footer-inner\">\n\t\t<h3>Relaterte artikler<\/h3>\n\t\t<div class=\"related-content\"><div class=\"is-card-hoyre\">\n\t<div class=\"teft-card hoyre-teft-card post-teft-card\">\n\t\t<a href=\"https:\/\/hoyre.no\/oslo\/aktuelt\/mdg-moralismen-fornekter-seg-ikke\/\" class=\"teft-card__primary-action\">\n\n\t\t\t\t\t<div class=\"teft-card__media teft-card__media--16-9\">\n\t\t\t\t\t\t<img loading=\"lazy\" decoding=\"async\" width=\"768\" height=\"512\" src=\"https:\/\/hoyre.no\/content\/uploads\/sites\/408\/2024\/01\/QZQlxtOC-768x512.jpeg\" class=\"attachment-medium_large size-medium_large\" alt=\"Merete Agerbak-Jensen\" srcset=\"https:\/\/hoyre.no\/content\/uploads\/sites\/408\/2024\/01\/QZQlxtOC-768x512.jpeg 768w, https:\/\/hoyre.no\/content\/uploads\/sites\/408\/2024\/01\/QZQlxtOC-300x200.jpeg 300w, https:\/\/hoyre.no\/content\/uploads\/sites\/408\/2024\/01\/QZQlxtOC-1024x683.jpeg 1024w, https:\/\/hoyre.no\/content\/uploads\/sites\/408\/2024\/01\/QZQlxtOC-1536x1024.jpeg 1536w, https:\/\/hoyre.no\/content\/uploads\/sites\/408\/2024\/01\/QZQlxtOC-2048x1365.jpeg 2048w\" sizes=\"auto, (max-width: 768px) 100vw, 768px\" \/>\t\t<\/div>\n\t\t\n\t\t\t<div class=\"teft-card__content-wrapper\">\n\t\t\t\t<div class=\"teft-card__secondary\">\n\t\t\t\t\t\n\t\t\t\t\t\t\t\t<div class=\"teft-card__meta\">\n\t\t\t\t\t\t\t\t\t<span class=\"post-date\">23. apr 2026<\/span>\n\n\t\t\t\t\t\t\t\t\t\t\t\t\t\t\t\t\t<\/div>\n\t\t\t\t\t\t\t\t\t\t\t<\/div>\n\n\t\t\t\t<div class=\"teft-card__primary\">\n\t\t\t\t\t<h2 class=\"teft-card__title\">MDG-moralismen fornekter seg ikke&nbsp;<span class=\"teft-card__primary-title-append\"><\/span><\/h2>\t\t\t\t<\/div>\n\t\t\t<\/div>\n\t\t<\/a>\n\t<\/div>\n\n\t<\/div><div class=\"is-card-hoyre\">\n\t<div class=\"teft-card hoyre-teft-card post-teft-card\">\n\t\t<a href=\"https:\/\/hoyre.no\/oslo\/aktuelt\/raskere-og-enklere-a-bygge-boliger-og-skape-arbeidsplasser-i-oslo\/\" class=\"teft-card__primary-action\">\n\n\t\t\t\t\t<div class=\"teft-card__media teft-card__media--16-9\">\n\t\t\t\t\t\t<img loading=\"lazy\" decoding=\"async\" width=\"768\" height=\"576\" src=\"https:\/\/hoyre.no\/content\/uploads\/sites\/408\/2026\/04\/Eirik-Lae-Solberg-og-Anita-Leirvik-North-768x576.jpg\" class=\"attachment-medium_large size-medium_large\" alt=\"\" srcset=\"https:\/\/hoyre.no\/content\/uploads\/sites\/408\/2026\/04\/Eirik-Lae-Solberg-og-Anita-Leirvik-North-768x576.jpg 768w, https:\/\/hoyre.no\/content\/uploads\/sites\/408\/2026\/04\/Eirik-Lae-Solberg-og-Anita-Leirvik-North-300x225.jpg 300w, https:\/\/hoyre.no\/content\/uploads\/sites\/408\/2026\/04\/Eirik-Lae-Solberg-og-Anita-Leirvik-North.jpg 901w\" sizes=\"auto, (max-width: 768px) 100vw, 768px\" \/>\t\t<\/div>\n\t\t\n\t\t\t<div class=\"teft-card__content-wrapper\">\n\t\t\t\t<div class=\"teft-card__secondary\">\n\t\t\t\t\t\n\t\t\t\t\t\t\t\t<div class=\"teft-card__meta\">\n\t\t\t\t\t\t\t\t\t<span class=\"post-date\">14. apr 2026<\/span>\n\n\t\t\t\t\t\t\t\t\t<span class=\"post-category\">Har lagt frem ny KPA:<\/span>\t\t\t\t\t\t\t\t<\/div>\n\t\t\t\t\t\t\t\t\t\t\t<\/div>\n\n\t\t\t\t<div class=\"teft-card__primary\">\n\t\t\t\t\t<h2 class=\"teft-card__title\">Raskere og enklere \u00e5 bygge boliger og skape arbeidsplasser i Oslo&nbsp;<span class=\"teft-card__primary-title-append\"><\/span><\/h2>\t\t\t\t<\/div>\n\t\t\t<\/div>\n\t\t<\/a>\n\t<\/div>\n\n\t<\/div><div class=\"is-card-hoyre\">\n\t<div class=\"teft-card hoyre-teft-card post-teft-card\">\n\t\t<a href=\"https:\/\/hoyre.no\/oslo\/aktuelt\/bedre-elevresultater-og-en-skoleokonomi-i-balanse-med-blagront-byrad\/\" class=\"teft-card__primary-action\">\n\n\t\t\t\t\t<div class=\"teft-card__media teft-card__media--16-9\">\n\t\t\t\t\t\t<img loading=\"lazy\" decoding=\"async\" width=\"768\" height=\"512\" src=\"https:\/\/hoyre.no\/content\/uploads\/sites\/408\/2025\/05\/IMG_6440-768x512.jpeg\" class=\"attachment-medium_large size-medium_large\" alt=\"Julie Remen Midtgarden\" srcset=\"https:\/\/hoyre.no\/content\/uploads\/sites\/408\/2025\/05\/IMG_6440-768x512.jpeg 768w, https:\/\/hoyre.no\/content\/uploads\/sites\/408\/2025\/05\/IMG_6440-300x200.jpeg 300w, https:\/\/hoyre.no\/content\/uploads\/sites\/408\/2025\/05\/IMG_6440-1024x683.jpeg 1024w, https:\/\/hoyre.no\/content\/uploads\/sites\/408\/2025\/05\/IMG_6440-1536x1024.jpeg 1536w, https:\/\/hoyre.no\/content\/uploads\/sites\/408\/2025\/05\/IMG_6440-2048x1365.jpeg 2048w\" sizes=\"auto, (max-width: 768px) 100vw, 768px\" \/>\t\t<\/div>\n\t\t\n\t\t\t<div class=\"teft-card__content-wrapper\">\n\t\t\t\t<div class=\"teft-card__secondary\">\n\t\t\t\t\t\n\t\t\t\t\t\t\t\t<div class=\"teft-card__meta\">\n\t\t\t\t\t\t\t\t\t<span class=\"post-date\">26. mar 2026<\/span>\n\n\t\t\t\t\t\t\t\t\t\t\t\t\t\t\t\t\t<\/div>\n\t\t\t\t\t\t\t\t\t\t\t<\/div>\n\n\t\t\t\t<div class=\"teft-card__primary\">\n\t\t\t\t\t<h2 class=\"teft-card__title\">Bedre elevresultater og en skole\u00f8konomi i balanse med bl\u00e5gr\u00f8nt byr\u00e5d&nbsp;<span class=\"teft-card__primary-title-append\"><\/span><\/h2>\t\t\t\t<\/div>\n\t\t\t<\/div>\n\t\t<\/a>\n\t<\/div>\n\n\t<\/div><\/div>\t<\/div>\n<\/div>\n","protected":false},"excerpt":{"rendered":"","protected":false},"author":0,"featured_media":1505,"comment_status":"closed","ping_status":"closed","sticky":false,"template":"","format":"standard","meta":{"teft_cards_image_url":"","teft_cards_custom_pretitle":"","teft_cards_image_id":1505,"teft_cards_image_focal_point_x":0,"teft_cards_image_focal_point_y":0,"teft_cards_title":"","teft_cards_excerpt":"","teft_show_chapters":false,"author_display_name":"Oslo H\u00f8yre","footnotes":""},"category":[1],"post_tag":[],"hoyre-visibility":[],"article-type":[],"politician":[],"class_list":["post-1504","post","type-post","status-publish","format-standard","hentry","category-nyheter"],"yoast_head":"<!-- This site is optimized with the Yoast SEO Premium plugin v26.5 (Yoast SEO v26.6) - https:\/\/yoast.com\/wordpress\/plugins\/seo\/ -->\n<title>Glasset er halvfullt \u2013 sier B\u00f8rge Brende - Oslo H\u00f8yre<\/title>\n<meta name=\"robots\" content=\"index, follow, max-snippet:-1, max-image-preview:large, max-video-preview:-1\" \/>\n<link rel=\"canonical\" href=\"https:\/\/hoyre.no\/oslo\/aktuelt\/glasset-er-halvfullt-sier-borge-brende\/\" \/>\n<meta property=\"og:locale\" content=\"nb_NO\" \/>\n<meta property=\"og:type\" content=\"article\" \/>\n<meta property=\"og:title\" content=\"Glasset er halvfullt \u2013 sier B\u00f8rge Brende\" \/>\n<meta property=\"og:url\" content=\"https:\/\/hoyre.no\/oslo\/aktuelt\/glasset-er-halvfullt-sier-borge-brende\/\" \/>\n<meta property=\"og:site_name\" content=\"Oslo H\u00f8yre\" \/>\n<meta property=\"article:publisher\" content=\"https:\/\/www.facebook.com\/oslo.hoyre\" \/>\n<meta property=\"article:published_time\" content=\"2015-01-18T14:38:17+00:00\" \/>\n<meta property=\"article:modified_time\" content=\"2022-09-26T13:05:40+00:00\" \/>\n<meta property=\"og:image\" content=\"https:\/\/hoyre.no\/content\/uploads\/sites\/408\/2022\/09\/Utenriksminister-Borge-Brende-pa-CIVITA-frokost-1-2.jpg\" \/>\n\t<meta property=\"og:image:width\" content=\"788\" \/>\n\t<meta property=\"og:image:height\" content=\"600\" \/>\n\t<meta property=\"og:image:type\" content=\"image\/jpeg\" \/>\n<meta name=\"twitter:card\" content=\"summary_large_image\" \/>\n<meta name=\"twitter:label1\" content=\"Ansl. lesetid\" \/>\n\t<meta name=\"twitter:data1\" content=\"2 minutter\" \/>\n<script type=\"application\/ld+json\" class=\"yoast-schema-graph\">{\"@context\":\"https:\/\/schema.org\",\"@graph\":[{\"@type\":\"Article\",\"@id\":\"https:\/\/hoyre.no\/oslo\/aktuelt\/glasset-er-halvfullt-sier-borge-brende\/#article\",\"isPartOf\":{\"@id\":\"https:\/\/hoyre.no\/oslo\/aktuelt\/glasset-er-halvfullt-sier-borge-brende\/\"},\"author\":{\"name\":\"\",\"@id\":\"\"},\"headline\":\"Glasset er halvfullt \u2013 sier B\u00f8rge Brende\",\"datePublished\":\"2015-01-18T14:38:17+00:00\",\"dateModified\":\"2022-09-26T13:05:40+00:00\",\"mainEntityOfPage\":{\"@id\":\"https:\/\/hoyre.no\/oslo\/aktuelt\/glasset-er-halvfullt-sier-borge-brende\/\"},\"wordCount\":508,\"publisher\":{\"@id\":\"https:\/\/hoyre.no\/oslo\/#organization\"},\"image\":{\"@id\":\"https:\/\/hoyre.no\/oslo\/aktuelt\/glasset-er-halvfullt-sier-borge-brende\/#primaryimage\"},\"thumbnailUrl\":\"https:\/\/hoyre.no\/content\/uploads\/sites\/408\/2022\/09\/Utenriksminister-Borge-Brende-pa-CIVITA-frokost-1-2.jpg\",\"articleSection\":[\"Nyheter\"],\"inLanguage\":\"nb-NO\"},{\"@type\":\"NewsArticle\",\"@id\":\"https:\/\/hoyre.no\/oslo\/aktuelt\/glasset-er-halvfullt-sier-borge-brende\/\",\"url\":\"https:\/\/hoyre.no\/oslo\/aktuelt\/glasset-er-halvfullt-sier-borge-brende\/\",\"name\":\"Glasset er halvfullt \u2013 sier B\u00f8rge Brende - Oslo H\u00f8yre\",\"isPartOf\":{\"@id\":\"https:\/\/hoyre.no\/oslo\/#website\"},\"image\":{\"@id\":\"https:\/\/hoyre.no\/oslo\/aktuelt\/glasset-er-halvfullt-sier-borge-brende\/#primaryimage\"},\"thumbnailUrl\":\"https:\/\/hoyre.no\/content\/uploads\/sites\/408\/2022\/09\/Utenriksminister-Borge-Brende-pa-CIVITA-frokost-1-2.jpg\",\"datePublished\":\"2015-01-18T14:38:17+00:00\",\"dateModified\":\"2022-09-26T13:05:40+00:00\",\"breadcrumb\":{\"@id\":\"https:\/\/hoyre.no\/oslo\/aktuelt\/glasset-er-halvfullt-sier-borge-brende\/#breadcrumb\"},\"inLanguage\":\"nb-NO\",\"potentialAction\":[{\"@type\":\"ReadAction\",\"target\":[\"https:\/\/hoyre.no\/oslo\/aktuelt\/glasset-er-halvfullt-sier-borge-brende\/\"]}]},{\"@type\":\"ImageObject\",\"inLanguage\":\"nb-NO\",\"@id\":\"https:\/\/hoyre.no\/oslo\/aktuelt\/glasset-er-halvfullt-sier-borge-brende\/#primaryimage\",\"url\":\"https:\/\/hoyre.no\/content\/uploads\/sites\/408\/2022\/09\/Utenriksminister-Borge-Brende-pa-CIVITA-frokost-1-2.jpg\",\"contentUrl\":\"https:\/\/hoyre.no\/content\/uploads\/sites\/408\/2022\/09\/Utenriksminister-Borge-Brende-pa-CIVITA-frokost-1-2.jpg\",\"width\":788,\"height\":600,\"caption\":\"Utenriksminister B\u00f8rge Brende tegnet et nyansert bilde av verden i dag.\"},{\"@type\":\"BreadcrumbList\",\"@id\":\"https:\/\/hoyre.no\/oslo\/aktuelt\/glasset-er-halvfullt-sier-borge-brende\/#breadcrumb\",\"itemListElement\":[{\"@type\":\"ListItem\",\"position\":1,\"name\":\"Til hoyre.no\",\"item\":\"https:\/\/hoyre.no\"},{\"@type\":\"ListItem\",\"position\":2,\"name\":\"Hjem\",\"item\":\"https:\/\/hoyre.no\/oslo\/\"},{\"@type\":\"ListItem\",\"position\":3,\"name\":\"Glasset er halvfullt \u2013 sier B\u00f8rge Brende\"}]},{\"@type\":\"WebSite\",\"@id\":\"https:\/\/hoyre.no\/oslo\/#website\",\"url\":\"https:\/\/hoyre.no\/oslo\/\",\"name\":\"Oslo H\u00f8yre\",\"description\":\"\",\"publisher\":{\"@id\":\"https:\/\/hoyre.no\/oslo\/#organization\"},\"inLanguage\":\"nb-NO\"},{\"@type\":\"Organization\",\"@id\":\"https:\/\/hoyre.no\/oslo\/#organization\",\"name\":\"Oslo H\u00f8yre\",\"url\":\"https:\/\/hoyre.no\/oslo\/\",\"logo\":{\"@type\":\"ImageObject\",\"inLanguage\":\"nb-NO\",\"@id\":\"https:\/\/hoyre.no\/oslo\/#\/schema\/logo\/image\/\",\"url\":\"https:\/\/hoyre.no\/content\/uploads\/sites\/408\/2022\/11\/Hoyres-logo.png\",\"contentUrl\":\"https:\/\/hoyre.no\/content\/uploads\/sites\/408\/2022\/11\/Hoyres-logo.png\",\"width\":1000,\"height\":1000,\"caption\":\"Oslo H\u00f8yre\"},\"image\":{\"@id\":\"https:\/\/hoyre.no\/oslo\/#\/schema\/logo\/image\/\"},\"sameAs\":[\"https:\/\/www.facebook.com\/oslo.hoyre\"]}]}<\/script>\n<!-- \/ Yoast SEO Premium plugin. -->","yoast_head_json":{"title":"Glasset er halvfullt \u2013 sier B\u00f8rge Brende - Oslo H\u00f8yre","robots":{"index":"index","follow":"follow","max-snippet":"max-snippet:-1","max-image-preview":"max-image-preview:large","max-video-preview":"max-video-preview:-1"},"canonical":"https:\/\/hoyre.no\/oslo\/aktuelt\/glasset-er-halvfullt-sier-borge-brende\/","og_locale":"nb_NO","og_type":"article","og_title":"Glasset er halvfullt \u2013 sier B\u00f8rge Brende","og_url":"https:\/\/hoyre.no\/oslo\/aktuelt\/glasset-er-halvfullt-sier-borge-brende\/","og_site_name":"Oslo H\u00f8yre","article_publisher":"https:\/\/www.facebook.com\/oslo.hoyre","article_published_time":"2015-01-18T14:38:17+00:00","article_modified_time":"2022-09-26T13:05:40+00:00","og_image":[{"width":788,"height":600,"url":"https:\/\/hoyre.no\/content\/uploads\/sites\/408\/2022\/09\/Utenriksminister-Borge-Brende-pa-CIVITA-frokost-1-2.jpg","type":"image\/jpeg"}],"twitter_card":"summary_large_image","twitter_misc":{"Ansl. lesetid":"2 minutter"},"schema":{"@context":"https:\/\/schema.org","@graph":[{"@type":"Article","@id":"https:\/\/hoyre.no\/oslo\/aktuelt\/glasset-er-halvfullt-sier-borge-brende\/#article","isPartOf":{"@id":"https:\/\/hoyre.no\/oslo\/aktuelt\/glasset-er-halvfullt-sier-borge-brende\/"},"author":{"name":"","@id":""},"headline":"Glasset er halvfullt \u2013 sier B\u00f8rge Brende","datePublished":"2015-01-18T14:38:17+00:00","dateModified":"2022-09-26T13:05:40+00:00","mainEntityOfPage":{"@id":"https:\/\/hoyre.no\/oslo\/aktuelt\/glasset-er-halvfullt-sier-borge-brende\/"},"wordCount":508,"publisher":{"@id":"https:\/\/hoyre.no\/oslo\/#organization"},"image":{"@id":"https:\/\/hoyre.no\/oslo\/aktuelt\/glasset-er-halvfullt-sier-borge-brende\/#primaryimage"},"thumbnailUrl":"https:\/\/hoyre.no\/content\/uploads\/sites\/408\/2022\/09\/Utenriksminister-Borge-Brende-pa-CIVITA-frokost-1-2.jpg","articleSection":["Nyheter"],"inLanguage":"nb-NO"},{"@type":"NewsArticle","@id":"https:\/\/hoyre.no\/oslo\/aktuelt\/glasset-er-halvfullt-sier-borge-brende\/","url":"https:\/\/hoyre.no\/oslo\/aktuelt\/glasset-er-halvfullt-sier-borge-brende\/","name":"Glasset er halvfullt \u2013 sier B\u00f8rge Brende - Oslo H\u00f8yre","isPartOf":{"@id":"https:\/\/hoyre.no\/oslo\/#website"},"image":{"@id":"https:\/\/hoyre.no\/oslo\/aktuelt\/glasset-er-halvfullt-sier-borge-brende\/#primaryimage"},"thumbnailUrl":"https:\/\/hoyre.no\/content\/uploads\/sites\/408\/2022\/09\/Utenriksminister-Borge-Brende-pa-CIVITA-frokost-1-2.jpg","datePublished":"2015-01-18T14:38:17+00:00","dateModified":"2022-09-26T13:05:40+00:00","breadcrumb":{"@id":"https:\/\/hoyre.no\/oslo\/aktuelt\/glasset-er-halvfullt-sier-borge-brende\/#breadcrumb"},"inLanguage":"nb-NO","potentialAction":[{"@type":"ReadAction","target":["https:\/\/hoyre.no\/oslo\/aktuelt\/glasset-er-halvfullt-sier-borge-brende\/"]}]},{"@type":"ImageObject","inLanguage":"nb-NO","@id":"https:\/\/hoyre.no\/oslo\/aktuelt\/glasset-er-halvfullt-sier-borge-brende\/#primaryimage","url":"https:\/\/hoyre.no\/content\/uploads\/sites\/408\/2022\/09\/Utenriksminister-Borge-Brende-pa-CIVITA-frokost-1-2.jpg","contentUrl":"https:\/\/hoyre.no\/content\/uploads\/sites\/408\/2022\/09\/Utenriksminister-Borge-Brende-pa-CIVITA-frokost-1-2.jpg","width":788,"height":600,"caption":"Utenriksminister B\u00f8rge Brende tegnet et nyansert bilde av verden i dag."},{"@type":"BreadcrumbList","@id":"https:\/\/hoyre.no\/oslo\/aktuelt\/glasset-er-halvfullt-sier-borge-brende\/#breadcrumb","itemListElement":[{"@type":"ListItem","position":1,"name":"Til hoyre.no","item":"https:\/\/hoyre.no"},{"@type":"ListItem","position":2,"name":"Hjem","item":"https:\/\/hoyre.no\/oslo\/"},{"@type":"ListItem","position":3,"name":"Glasset er halvfullt \u2013 sier B\u00f8rge Brende"}]},{"@type":"WebSite","@id":"https:\/\/hoyre.no\/oslo\/#website","url":"https:\/\/hoyre.no\/oslo\/","name":"Oslo H\u00f8yre","description":"","publisher":{"@id":"https:\/\/hoyre.no\/oslo\/#organization"},"inLanguage":"nb-NO"},{"@type":"Organization","@id":"https:\/\/hoyre.no\/oslo\/#organization","name":"Oslo H\u00f8yre","url":"https:\/\/hoyre.no\/oslo\/","logo":{"@type":"ImageObject","inLanguage":"nb-NO","@id":"https:\/\/hoyre.no\/oslo\/#\/schema\/logo\/image\/","url":"https:\/\/hoyre.no\/content\/uploads\/sites\/408\/2022\/11\/Hoyres-logo.png","contentUrl":"https:\/\/hoyre.no\/content\/uploads\/sites\/408\/2022\/11\/Hoyres-logo.png","width":1000,"height":1000,"caption":"Oslo H\u00f8yre"},"image":{"@id":"https:\/\/hoyre.no\/oslo\/#\/schema\/logo\/image\/"},"sameAs":["https:\/\/www.facebook.com\/oslo.hoyre"]}]}},"distributor_meta":false,"distributor_terms":false,"distributor_media":false,"distributor_original_site_name":"Oslo H\u00f8yre","distributor_original_site_url":"https:\/\/hoyre.no\/oslo","push-errors":false,"_links":{"self":[{"href":"https:\/\/hoyre.no\/oslo\/wp-json\/wp\/v2\/posts\/1504","targetHints":{"allow":["GET"]}}],"collection":[{"href":"https:\/\/hoyre.no\/oslo\/wp-json\/wp\/v2\/posts"}],"about":[{"href":"https:\/\/hoyre.no\/oslo\/wp-json\/wp\/v2\/types\/post"}],"replies":[{"embeddable":true,"href":"https:\/\/hoyre.no\/oslo\/wp-json\/wp\/v2\/comments?post=1504"}],"version-history":[{"count":1,"href":"https:\/\/hoyre.no\/oslo\/wp-json\/wp\/v2\/posts\/1504\/revisions"}],"predecessor-version":[{"id":2734,"href":"https:\/\/hoyre.no\/oslo\/wp-json\/wp\/v2\/posts\/1504\/revisions\/2734"}],"wp:featuredmedia":[{"embeddable":true,"href":"https:\/\/hoyre.no\/oslo\/wp-json\/wp\/v2\/media\/1505"}],"wp:attachment":[{"href":"https:\/\/hoyre.no\/oslo\/wp-json\/wp\/v2\/media?parent=1504"}],"wp:term":[{"taxonomy":"category","embeddable":true,"href":"https:\/\/hoyre.no\/oslo\/wp-json\/wp\/v2\/category?post=1504"},{"taxonomy":"post_tag","embeddable":true,"href":"https:\/\/hoyre.no\/oslo\/wp-json\/wp\/v2\/post_tag?post=1504"},{"taxonomy":"hoyre-visibility","embeddable":true,"href":"https:\/\/hoyre.no\/oslo\/wp-json\/wp\/v2\/hoyre-visibility?post=1504"},{"taxonomy":"article-type","embeddable":true,"href":"https:\/\/hoyre.no\/oslo\/wp-json\/wp\/v2\/article-type?post=1504"},{"taxonomy":"politician","embeddable":true,"href":"https:\/\/hoyre.no\/oslo\/wp-json\/wp\/v2\/politician?post=1504"}],"curies":[{"name":"wp","href":"https:\/\/api.w.org\/{rel}","templated":true}]}}