{"id":1506,"date":"2015-01-16T15:16:03","date_gmt":"2015-01-16T14:16:03","guid":{"rendered":"https:\/\/hoyre.no\/oslo\/aktuelt\/65-sterke-navn\/"},"modified":"2022-09-26T15:05:40","modified_gmt":"2022-09-26T13:05:40","slug":"65-sterke-navn","status":"publish","type":"post","link":"https:\/\/hoyre.no\/oslo\/aktuelt\/65-sterke-navn\/","title":{"rendered":"65 sterke navn p\u00e5 Oslo H\u00f8yres liste"},"content":{"rendered":"<figure class=\"hoyre-image-wrapper\"><div class=\"hoyre-image\"><img loading=\"lazy\" decoding=\"async\" width=\"1024\" height=\"475\" src=\"https:\/\/hoyre.no\/content\/uploads\/sites\/408\/2022\/09\/Oslo-Radhus-1.jpg\" class=\"attachment-scaled size-scaled\" alt=\"Oslo r\u00e5dhus. Foto: www.colourbox.com\" style=\"object-position: 50% 50%\" srcset=\"https:\/\/hoyre.no\/content\/uploads\/sites\/408\/2022\/09\/Oslo-Radhus-1.jpg 1024w, https:\/\/hoyre.no\/content\/uploads\/sites\/408\/2022\/09\/Oslo-Radhus-1-300x139.jpg 300w, https:\/\/hoyre.no\/content\/uploads\/sites\/408\/2022\/09\/Oslo-Radhus-1-768x356.jpg 768w\" sizes=\"auto, (max-width: 1024px) 100vw, 1024px\" \/><\/div><\/figure><div id=\"hoyre-old-article-content-wrapper\"><p>Oslo H\u00f8yres nominasjonskomit\u00e9 har kommet frem til hvilke 65 personer som anbefales som kandidater ved kommunevalget 2015.\u00a0Forslaget skal behandles p\u00e5 Oslo H\u00f8yres nominasjonsm\u00f8te 9. februar.<\/p><p>Ordf\u00f8rerkandidat Fabian Stang og byr\u00e5dslederkandidat Stian Berger R\u00f8sland <a href=\"\/oslohoyre\/fabian-stang-og-stian-berger-rosland-valgt-som-toppkandidater\/\">ble nominert i et eget nominasjonsm\u00f8te<\/a> allerede 1. september ifjor, etter at alle medlemmer var r\u00e5dspurt.<\/p><p>Deretter ble alle Oslo H\u00f8yres medlemmer forespurt om <a href=\"https:\/\/www.oslohoyre.no\/oslohoyre\/uravstemningen-er-avsluttet\/\">\u00e5 foresl\u00e5 kandidater til resten av listen.<\/a> Rekkef\u00f8lgen fra denne avstemningen legges til grunn for hele listen med kandidater uten stemmetillegg.<\/p><p><strong>Erfarne politikere\u00a0og nye talenter<\/strong><br \/>\nBlant de 10 som er foresl\u00e5tt med stemmetillegg, er det b\u00e5de funnet plass til de fremste og mest erfarne kandidatene som medlemmene \u00f8nsket en h\u00f8y plassering for, men ogs\u00e5 nye talenter. Oslo Unge H\u00f8yres ungdomskandidat og to kandidater med minoritetsbakgrunn er ogs\u00e5 blant de 10.<\/p><p>&#8211; Nominasjonskomiteen har denne gang valgt \u00e5 f\u00f8lge den prioritering medlemmene har g\u00e5tt inn for, p\u00e5 de \u00abukumulerte\u00bb plassene. Oslo H\u00f8yre har n\u00e5 gjennomf\u00f8rt r\u00e5dgivende uravstemninger p\u00e5 personvalg seks ganger. Denne gangen f\u00f8lges dette ogs\u00e5 opp prinsipielt, i det r\u00e5det nominasjonskomiteen gir til nominasjonsm\u00f8tet. Det har v\u00e6rt et selvstendig poeng for komiteen \u00e5 bidra til en enda mer \u00e5pen nominasjonsprosess og \u00e5 gi medlemmene st\u00f8rre innflytelse, sier komiteens leder Kristin Clemet.<\/p><p>Samtidig har komiteen gjort noen f\u00e5 endringer i listen som fremkom etter den r\u00e5dgivende uravstemningen. Dette har komiteen gjort for \u00e5 kunne l\u00f8fte frem noen av partiets nye talenter. Gjennom m\u00f8ter med kandidatene, oppdrag til kandidatene om \u00e5 levere politiske tekster til nominasjonskomiteen og en egen \u00abspeed-dating\u00bb har komiteen denne gang fors\u00f8kt noen nye metoder for \u00e5 f\u00e5 frem gode talenter.<\/p><p>&#8211; Vi mener \u00e5 ha lyktes med dette. Mange kandidater og medlemmer av nominasjonskomiteen trakk frem \u00abspeed-datingen\u00bb som spesielt vellykket, fremholder Clemet.<\/p><p><strong>En helhetlig liste<\/strong><br \/>\nNominasjonskomiteens innstilling er basert p\u00e5 medlemmenes r\u00e5d, men er ogs\u00e5 balansert n\u00e5r det gjelder kj\u00f8nn, alder og geografi, slik at Oslo H\u00f8yre stiller med en helhetlig liste, som vi anser som den beste listen for Oslo og for bystyrets sammensetning i perioden 2015-19. Vi anbefaler at representantskapet velger disse 65 kandidatene i nominasjonsm\u00f8tet 9. februar.<\/p><p>Ett av komiteens medlemmer (Anne Haabeth Rygg) har tatt dissens p\u00e5 plass nummer 10.<\/p><p>Medlemmer av nominasjonskomiteen som har famili\u00e6re eller andre n\u00e6re forhold til noen av kandidatene, har ikke deltatt i diskusjonen om disse.<\/p><p><strong>Nominasjonskomiteens innstilling:<\/strong><\/p><ol><li>Fabian Stang, Frogner<\/li><li>Stian Berger R\u00f8sland, Vestre Aker<\/li><li>Jenny Clemet von Tetzschner, St.Hanshaugen<\/li><li>Annelise H\u00f8egh, Frogner<\/li><li>B\u00e5rd Folke Fredriksen, Nordre Aker<\/li><li>Saida Begum, Gr\u00fcnerl\u00f8kka<\/li><li>Pia Farstad von Hall, Nordstrand<\/li><li>Eirik Lae Solberg, St.Hanshaugen<\/li><li>\u00d8ystein Sundelin, St.Hanshaugen<\/li><li>Yassine Arakia, Alna<br \/>\nDissens: Anne H. Rygg som g\u00e5r inn for Maren Malthe-S\u00f8renssen<\/li><li>\u00d8ystein Eriksen S\u00f8reide, Gamle Oslo<\/li><li>Ola Kvisgaard, Frogner<\/li><li>Grete Horntvedt, Alna<\/li><li>Mathilde Tybring-Gjedde, Vestre Aker<\/li><li>Elin Horn Galtung, Vestre Aker<\/li><li>Geir Kvarme, Frogner<\/li><li>James Stove Lorentzen, Vestre Aker<\/li><li>Morten Steenstrup, Nordstrand<\/li><li>Aksel Fridstr\u00f8m, Ullern<\/li><li>Hermann Smith-Sivertsen, Ullern<\/li><li>Per-Trygve Hoff, Vestre Aker<\/li><li>Carl-Henrik Bastiansen, Frogner<\/li><li>Kristoffer Gustavsen, Frogner<\/li><li>Gulsum Koc, Stovner<\/li><li>Maren Malthe-S\u00f8renssen, Vestre Aker<\/li><li>Maria K. G\u00f6thner, Sagene<\/li><li>Carl Oscar Pedersen, Ullern<\/li><li>Jon Ole Whist, St.Hanshaugen<\/li><li>Hermann Kopp, Frogner<\/li><li>St\u00e5le Hagen, S\u00f8ndre Nordstrand<\/li><li>Konrad Janusz V\u00e6rnes, Alna<\/li><li>Ewa Gawecka, Vestre Aker<\/li><li>Hege Astrup Sannum, Nordstrand<\/li><li>Kjell Omdal Erichsen, Sagene<\/li><li>Aga Sadlowska, Gamle Oslo<\/li><li>Morten Bakke, Gr\u00fcnerl\u00f8kka<\/li><li>Helle Tjaberg, Nordre Aker<\/li><li>Thordis Widvey Haugen, St.Hanshaugen<\/li><li>Thea Kristine Schjerven, Nordstrand<\/li><li>Nicolai \u00d8yen Langfeldt, Nordstrand<\/li><li>Aslak Aslaksen, Frogner<\/li><li>Lars Madsen, Vestre Aker<\/li><li>Heidi Fuglesang, Frogner<\/li><li>Irma Iversen, St.Hanshaugen<\/li><li>John Peter Tollefsen, Vestre Aker<\/li><li>Tony Tiller, Stovner<\/li><li>Anita Sundal Skj\u00f8stad, Nordstrand<\/li><li>Knut Falchenberg, Nordstrand<\/li><li>Silje Lutro, Alna<\/li><li>Kristin Vik, Nordre Aker<\/li><li>Kate Hege Nielsen, Nordstrand<\/li><li>\u00d8ivind A. Tandberg, Nordre Aker<\/li><li>Trine Nicolaisen Dahl, Vestre Aker<\/li><li>Henning Stene, Nordre Aker<\/li><li>Aleksandra Witczak Haugstad, \u00d8stensj\u00f8<\/li><li>Mats Kirkebirkeland, Sagene<\/li><li>Tina Alv\u00e6r, Sagene<\/li><li>Talat Mehmood Butt, S\u00f8ndre Nordstrand<\/li><li>Peter Sollie, Grorud<\/li><li>Kristin Langeland, St.Hanshaugen<\/li><li>Claes Arvidsson, Frogner<\/li><li>Mari Berdal Djupvik, Gr\u00fcnerl\u00f8kka<\/li><li>Jawad Azadmehr, Gamle Oslo<\/li><li>Kenneth B. Eriksen, Bjerke<\/li><li>Karmjit Grewal, Bjerke<\/li><\/ol>\n<\/div>\n<div class=\"tags\">\n\t<\/div>\n<div class=\"post-footer alignfull has-background block-editor-block-list__block\" data-align=full>\n\t<div class=\"post-footer-inner\">\n\t\t<h3>Relaterte artikler<\/h3>\n\t\t<div class=\"related-content\"><div class=\"is-card-hoyre\">\n\t<div class=\"teft-card hoyre-teft-card post-teft-card\">\n\t\t<a href=\"https:\/\/hoyre.no\/oslo\/aktuelt\/mdg-moralismen-fornekter-seg-ikke\/\" class=\"teft-card__primary-action\">\n\n\t\t\t\t\t<div class=\"teft-card__media teft-card__media--16-9\">\n\t\t\t\t\t\t<img loading=\"lazy\" decoding=\"async\" width=\"768\" height=\"512\" src=\"https:\/\/hoyre.no\/content\/uploads\/sites\/408\/2024\/01\/QZQlxtOC-768x512.jpeg\" class=\"attachment-medium_large size-medium_large\" alt=\"Merete Agerbak-Jensen\" srcset=\"https:\/\/hoyre.no\/content\/uploads\/sites\/408\/2024\/01\/QZQlxtOC-768x512.jpeg 768w, https:\/\/hoyre.no\/content\/uploads\/sites\/408\/2024\/01\/QZQlxtOC-300x200.jpeg 300w, https:\/\/hoyre.no\/content\/uploads\/sites\/408\/2024\/01\/QZQlxtOC-1024x683.jpeg 1024w, https:\/\/hoyre.no\/content\/uploads\/sites\/408\/2024\/01\/QZQlxtOC-1536x1024.jpeg 1536w, https:\/\/hoyre.no\/content\/uploads\/sites\/408\/2024\/01\/QZQlxtOC-2048x1365.jpeg 2048w\" sizes=\"auto, (max-width: 768px) 100vw, 768px\" \/>\t\t<\/div>\n\t\t\n\t\t\t<div class=\"teft-card__content-wrapper\">\n\t\t\t\t<div class=\"teft-card__secondary\">\n\t\t\t\t\t\n\t\t\t\t\t\t\t\t<div class=\"teft-card__meta\">\n\t\t\t\t\t\t\t\t\t<span class=\"post-date\">23. apr 2026<\/span>\n\n\t\t\t\t\t\t\t\t\t\t\t\t\t\t\t\t\t<\/div>\n\t\t\t\t\t\t\t\t\t\t\t<\/div>\n\n\t\t\t\t<div class=\"teft-card__primary\">\n\t\t\t\t\t<h2 class=\"teft-card__title\">MDG-moralismen fornekter seg ikke&nbsp;<span class=\"teft-card__primary-title-append\"><\/span><\/h2>\t\t\t\t<\/div>\n\t\t\t<\/div>\n\t\t<\/a>\n\t<\/div>\n\n\t<\/div><div class=\"is-card-hoyre\">\n\t<div class=\"teft-card hoyre-teft-card post-teft-card\">\n\t\t<a href=\"https:\/\/hoyre.no\/oslo\/aktuelt\/raskere-og-enklere-a-bygge-boliger-og-skape-arbeidsplasser-i-oslo\/\" class=\"teft-card__primary-action\">\n\n\t\t\t\t\t<div class=\"teft-card__media teft-card__media--16-9\">\n\t\t\t\t\t\t<img loading=\"lazy\" decoding=\"async\" width=\"768\" height=\"576\" src=\"https:\/\/hoyre.no\/content\/uploads\/sites\/408\/2026\/04\/Eirik-Lae-Solberg-og-Anita-Leirvik-North-768x576.jpg\" class=\"attachment-medium_large size-medium_large\" alt=\"\" srcset=\"https:\/\/hoyre.no\/content\/uploads\/sites\/408\/2026\/04\/Eirik-Lae-Solberg-og-Anita-Leirvik-North-768x576.jpg 768w, https:\/\/hoyre.no\/content\/uploads\/sites\/408\/2026\/04\/Eirik-Lae-Solberg-og-Anita-Leirvik-North-300x225.jpg 300w, https:\/\/hoyre.no\/content\/uploads\/sites\/408\/2026\/04\/Eirik-Lae-Solberg-og-Anita-Leirvik-North.jpg 901w\" sizes=\"auto, (max-width: 768px) 100vw, 768px\" \/>\t\t<\/div>\n\t\t\n\t\t\t<div class=\"teft-card__content-wrapper\">\n\t\t\t\t<div class=\"teft-card__secondary\">\n\t\t\t\t\t\n\t\t\t\t\t\t\t\t<div class=\"teft-card__meta\">\n\t\t\t\t\t\t\t\t\t<span class=\"post-date\">14. apr 2026<\/span>\n\n\t\t\t\t\t\t\t\t\t<span class=\"post-category\">Har lagt frem ny KPA:<\/span>\t\t\t\t\t\t\t\t<\/div>\n\t\t\t\t\t\t\t\t\t\t\t<\/div>\n\n\t\t\t\t<div class=\"teft-card__primary\">\n\t\t\t\t\t<h2 class=\"teft-card__title\">Raskere og enklere \u00e5 bygge boliger og skape arbeidsplasser i Oslo&nbsp;<span class=\"teft-card__primary-title-append\"><\/span><\/h2>\t\t\t\t<\/div>\n\t\t\t<\/div>\n\t\t<\/a>\n\t<\/div>\n\n\t<\/div><div class=\"is-card-hoyre\">\n\t<div class=\"teft-card hoyre-teft-card post-teft-card\">\n\t\t<a href=\"https:\/\/hoyre.no\/oslo\/aktuelt\/bedre-elevresultater-og-en-skoleokonomi-i-balanse-med-blagront-byrad\/\" class=\"teft-card__primary-action\">\n\n\t\t\t\t\t<div class=\"teft-card__media teft-card__media--16-9\">\n\t\t\t\t\t\t<img loading=\"lazy\" decoding=\"async\" width=\"768\" height=\"512\" src=\"https:\/\/hoyre.no\/content\/uploads\/sites\/408\/2025\/05\/IMG_6440-768x512.jpeg\" class=\"attachment-medium_large size-medium_large\" alt=\"Julie Remen Midtgarden\" srcset=\"https:\/\/hoyre.no\/content\/uploads\/sites\/408\/2025\/05\/IMG_6440-768x512.jpeg 768w, https:\/\/hoyre.no\/content\/uploads\/sites\/408\/2025\/05\/IMG_6440-300x200.jpeg 300w, https:\/\/hoyre.no\/content\/uploads\/sites\/408\/2025\/05\/IMG_6440-1024x683.jpeg 1024w, https:\/\/hoyre.no\/content\/uploads\/sites\/408\/2025\/05\/IMG_6440-1536x1024.jpeg 1536w, https:\/\/hoyre.no\/content\/uploads\/sites\/408\/2025\/05\/IMG_6440-2048x1365.jpeg 2048w\" sizes=\"auto, (max-width: 768px) 100vw, 768px\" \/>\t\t<\/div>\n\t\t\n\t\t\t<div class=\"teft-card__content-wrapper\">\n\t\t\t\t<div class=\"teft-card__secondary\">\n\t\t\t\t\t\n\t\t\t\t\t\t\t\t<div class=\"teft-card__meta\">\n\t\t\t\t\t\t\t\t\t<span class=\"post-date\">26. mar 2026<\/span>\n\n\t\t\t\t\t\t\t\t\t\t\t\t\t\t\t\t\t<\/div>\n\t\t\t\t\t\t\t\t\t\t\t<\/div>\n\n\t\t\t\t<div class=\"teft-card__primary\">\n\t\t\t\t\t<h2 class=\"teft-card__title\">Bedre elevresultater og en skole\u00f8konomi i balanse med bl\u00e5gr\u00f8nt byr\u00e5d&nbsp;<span class=\"teft-card__primary-title-append\"><\/span><\/h2>\t\t\t\t<\/div>\n\t\t\t<\/div>\n\t\t<\/a>\n\t<\/div>\n\n\t<\/div><\/div>\t<\/div>\n<\/div>\n","protected":false},"excerpt":{"rendered":"","protected":false},"author":0,"featured_media":1237,"comment_status":"closed","ping_status":"open","sticky":false,"template":"","format":"standard","meta":{"teft_cards_image_url":"","teft_cards_custom_pretitle":"","teft_cards_image_id":1237,"teft_cards_image_focal_point_x":0,"teft_cards_image_focal_point_y":0,"teft_cards_title":"","teft_cards_excerpt":"","teft_show_chapters":false,"author_display_name":"Oslo H\u00f8yre","footnotes":""},"category":[1],"post_tag":[],"hoyre-visibility":[],"article-type":[],"politician":[],"class_list":["post-1506","post","type-post","status-publish","format-standard","hentry","category-nyheter"],"yoast_head":"<!-- This site is optimized with the Yoast SEO Premium plugin v26.5 (Yoast SEO v26.6) - https:\/\/yoast.com\/wordpress\/plugins\/seo\/ -->\n<title>65 sterke navn p\u00e5 Oslo H\u00f8yres liste - Oslo H\u00f8yre<\/title>\n<meta name=\"robots\" content=\"index, follow, max-snippet:-1, max-image-preview:large, max-video-preview:-1\" \/>\n<link rel=\"canonical\" href=\"https:\/\/hoyre.no\/oslo\/aktuelt\/65-sterke-navn\/\" \/>\n<meta property=\"og:locale\" content=\"nb_NO\" \/>\n<meta property=\"og:type\" content=\"article\" \/>\n<meta property=\"og:title\" content=\"65 sterke navn p\u00e5 Oslo H\u00f8yres liste\" \/>\n<meta property=\"og:url\" content=\"https:\/\/hoyre.no\/oslo\/aktuelt\/65-sterke-navn\/\" \/>\n<meta property=\"og:site_name\" content=\"Oslo H\u00f8yre\" \/>\n<meta property=\"article:publisher\" content=\"https:\/\/www.facebook.com\/oslo.hoyre\" \/>\n<meta property=\"article:published_time\" content=\"2015-01-16T14:16:03+00:00\" \/>\n<meta property=\"article:modified_time\" content=\"2022-09-26T13:05:40+00:00\" \/>\n<meta property=\"og:image\" content=\"https:\/\/hoyre.no\/content\/uploads\/sites\/408\/2022\/09\/Oslo-Radhus-1.jpg\" \/>\n\t<meta property=\"og:image:width\" content=\"1024\" \/>\n\t<meta property=\"og:image:height\" content=\"475\" \/>\n\t<meta property=\"og:image:type\" content=\"image\/jpeg\" \/>\n<meta name=\"twitter:card\" content=\"summary_large_image\" \/>\n<meta name=\"twitter:label1\" content=\"Ansl. lesetid\" \/>\n\t<meta name=\"twitter:data1\" content=\"3 minutter\" \/>\n<script type=\"application\/ld+json\" class=\"yoast-schema-graph\">{\"@context\":\"https:\/\/schema.org\",\"@graph\":[{\"@type\":\"Article\",\"@id\":\"https:\/\/hoyre.no\/oslo\/aktuelt\/65-sterke-navn\/#article\",\"isPartOf\":{\"@id\":\"https:\/\/hoyre.no\/oslo\/aktuelt\/65-sterke-navn\/\"},\"author\":{\"name\":\"\",\"@id\":\"\"},\"headline\":\"65 sterke navn p\u00e5 Oslo H\u00f8yres liste\",\"datePublished\":\"2015-01-16T14:16:03+00:00\",\"dateModified\":\"2022-09-26T13:05:40+00:00\",\"mainEntityOfPage\":{\"@id\":\"https:\/\/hoyre.no\/oslo\/aktuelt\/65-sterke-navn\/\"},\"wordCount\":696,\"publisher\":{\"@id\":\"https:\/\/hoyre.no\/oslo\/#organization\"},\"image\":{\"@id\":\"https:\/\/hoyre.no\/oslo\/aktuelt\/65-sterke-navn\/#primaryimage\"},\"thumbnailUrl\":\"https:\/\/hoyre.no\/content\/uploads\/sites\/408\/2022\/09\/Oslo-Radhus-1.jpg\",\"articleSection\":[\"Nyheter\"],\"inLanguage\":\"nb-NO\"},{\"@type\":\"NewsArticle\",\"@id\":\"https:\/\/hoyre.no\/oslo\/aktuelt\/65-sterke-navn\/\",\"url\":\"https:\/\/hoyre.no\/oslo\/aktuelt\/65-sterke-navn\/\",\"name\":\"65 sterke navn p\u00e5 Oslo H\u00f8yres liste - Oslo H\u00f8yre\",\"isPartOf\":{\"@id\":\"https:\/\/hoyre.no\/oslo\/#website\"},\"image\":{\"@id\":\"https:\/\/hoyre.no\/oslo\/aktuelt\/65-sterke-navn\/#primaryimage\"},\"thumbnailUrl\":\"https:\/\/hoyre.no\/content\/uploads\/sites\/408\/2022\/09\/Oslo-Radhus-1.jpg\",\"datePublished\":\"2015-01-16T14:16:03+00:00\",\"dateModified\":\"2022-09-26T13:05:40+00:00\",\"breadcrumb\":{\"@id\":\"https:\/\/hoyre.no\/oslo\/aktuelt\/65-sterke-navn\/#breadcrumb\"},\"inLanguage\":\"nb-NO\",\"potentialAction\":[{\"@type\":\"ReadAction\",\"target\":[\"https:\/\/hoyre.no\/oslo\/aktuelt\/65-sterke-navn\/\"]}]},{\"@type\":\"ImageObject\",\"inLanguage\":\"nb-NO\",\"@id\":\"https:\/\/hoyre.no\/oslo\/aktuelt\/65-sterke-navn\/#primaryimage\",\"url\":\"https:\/\/hoyre.no\/content\/uploads\/sites\/408\/2022\/09\/Oslo-Radhus-1.jpg\",\"contentUrl\":\"https:\/\/hoyre.no\/content\/uploads\/sites\/408\/2022\/09\/Oslo-Radhus-1.jpg\",\"width\":1024,\"height\":475,\"caption\":\"Oslo r\u00e5dhus. Foto: www.colourbox.com\"},{\"@type\":\"BreadcrumbList\",\"@id\":\"https:\/\/hoyre.no\/oslo\/aktuelt\/65-sterke-navn\/#breadcrumb\",\"itemListElement\":[{\"@type\":\"ListItem\",\"position\":1,\"name\":\"Til hoyre.no\",\"item\":\"https:\/\/hoyre.no\"},{\"@type\":\"ListItem\",\"position\":2,\"name\":\"Hjem\",\"item\":\"https:\/\/hoyre.no\/oslo\/\"},{\"@type\":\"ListItem\",\"position\":3,\"name\":\"65 sterke navn p\u00e5 Oslo H\u00f8yres liste\"}]},{\"@type\":\"WebSite\",\"@id\":\"https:\/\/hoyre.no\/oslo\/#website\",\"url\":\"https:\/\/hoyre.no\/oslo\/\",\"name\":\"Oslo H\u00f8yre\",\"description\":\"\",\"publisher\":{\"@id\":\"https:\/\/hoyre.no\/oslo\/#organization\"},\"inLanguage\":\"nb-NO\"},{\"@type\":\"Organization\",\"@id\":\"https:\/\/hoyre.no\/oslo\/#organization\",\"name\":\"Oslo H\u00f8yre\",\"url\":\"https:\/\/hoyre.no\/oslo\/\",\"logo\":{\"@type\":\"ImageObject\",\"inLanguage\":\"nb-NO\",\"@id\":\"https:\/\/hoyre.no\/oslo\/#\/schema\/logo\/image\/\",\"url\":\"https:\/\/hoyre.no\/content\/uploads\/sites\/408\/2022\/11\/Hoyres-logo.png\",\"contentUrl\":\"https:\/\/hoyre.no\/content\/uploads\/sites\/408\/2022\/11\/Hoyres-logo.png\",\"width\":1000,\"height\":1000,\"caption\":\"Oslo H\u00f8yre\"},\"image\":{\"@id\":\"https:\/\/hoyre.no\/oslo\/#\/schema\/logo\/image\/\"},\"sameAs\":[\"https:\/\/www.facebook.com\/oslo.hoyre\"]}]}<\/script>\n<!-- \/ Yoast SEO Premium plugin. -->","yoast_head_json":{"title":"65 sterke navn p\u00e5 Oslo H\u00f8yres liste - Oslo H\u00f8yre","robots":{"index":"index","follow":"follow","max-snippet":"max-snippet:-1","max-image-preview":"max-image-preview:large","max-video-preview":"max-video-preview:-1"},"canonical":"https:\/\/hoyre.no\/oslo\/aktuelt\/65-sterke-navn\/","og_locale":"nb_NO","og_type":"article","og_title":"65 sterke navn p\u00e5 Oslo H\u00f8yres liste","og_url":"https:\/\/hoyre.no\/oslo\/aktuelt\/65-sterke-navn\/","og_site_name":"Oslo H\u00f8yre","article_publisher":"https:\/\/www.facebook.com\/oslo.hoyre","article_published_time":"2015-01-16T14:16:03+00:00","article_modified_time":"2022-09-26T13:05:40+00:00","og_image":[{"width":1024,"height":475,"url":"https:\/\/hoyre.no\/content\/uploads\/sites\/408\/2022\/09\/Oslo-Radhus-1.jpg","type":"image\/jpeg"}],"twitter_card":"summary_large_image","twitter_misc":{"Ansl. lesetid":"3 minutter"},"schema":{"@context":"https:\/\/schema.org","@graph":[{"@type":"Article","@id":"https:\/\/hoyre.no\/oslo\/aktuelt\/65-sterke-navn\/#article","isPartOf":{"@id":"https:\/\/hoyre.no\/oslo\/aktuelt\/65-sterke-navn\/"},"author":{"name":"","@id":""},"headline":"65 sterke navn p\u00e5 Oslo H\u00f8yres liste","datePublished":"2015-01-16T14:16:03+00:00","dateModified":"2022-09-26T13:05:40+00:00","mainEntityOfPage":{"@id":"https:\/\/hoyre.no\/oslo\/aktuelt\/65-sterke-navn\/"},"wordCount":696,"publisher":{"@id":"https:\/\/hoyre.no\/oslo\/#organization"},"image":{"@id":"https:\/\/hoyre.no\/oslo\/aktuelt\/65-sterke-navn\/#primaryimage"},"thumbnailUrl":"https:\/\/hoyre.no\/content\/uploads\/sites\/408\/2022\/09\/Oslo-Radhus-1.jpg","articleSection":["Nyheter"],"inLanguage":"nb-NO"},{"@type":"NewsArticle","@id":"https:\/\/hoyre.no\/oslo\/aktuelt\/65-sterke-navn\/","url":"https:\/\/hoyre.no\/oslo\/aktuelt\/65-sterke-navn\/","name":"65 sterke navn p\u00e5 Oslo H\u00f8yres liste - Oslo H\u00f8yre","isPartOf":{"@id":"https:\/\/hoyre.no\/oslo\/#website"},"image":{"@id":"https:\/\/hoyre.no\/oslo\/aktuelt\/65-sterke-navn\/#primaryimage"},"thumbnailUrl":"https:\/\/hoyre.no\/content\/uploads\/sites\/408\/2022\/09\/Oslo-Radhus-1.jpg","datePublished":"2015-01-16T14:16:03+00:00","dateModified":"2022-09-26T13:05:40+00:00","breadcrumb":{"@id":"https:\/\/hoyre.no\/oslo\/aktuelt\/65-sterke-navn\/#breadcrumb"},"inLanguage":"nb-NO","potentialAction":[{"@type":"ReadAction","target":["https:\/\/hoyre.no\/oslo\/aktuelt\/65-sterke-navn\/"]}]},{"@type":"ImageObject","inLanguage":"nb-NO","@id":"https:\/\/hoyre.no\/oslo\/aktuelt\/65-sterke-navn\/#primaryimage","url":"https:\/\/hoyre.no\/content\/uploads\/sites\/408\/2022\/09\/Oslo-Radhus-1.jpg","contentUrl":"https:\/\/hoyre.no\/content\/uploads\/sites\/408\/2022\/09\/Oslo-Radhus-1.jpg","width":1024,"height":475,"caption":"Oslo r\u00e5dhus. Foto: www.colourbox.com"},{"@type":"BreadcrumbList","@id":"https:\/\/hoyre.no\/oslo\/aktuelt\/65-sterke-navn\/#breadcrumb","itemListElement":[{"@type":"ListItem","position":1,"name":"Til hoyre.no","item":"https:\/\/hoyre.no"},{"@type":"ListItem","position":2,"name":"Hjem","item":"https:\/\/hoyre.no\/oslo\/"},{"@type":"ListItem","position":3,"name":"65 sterke navn p\u00e5 Oslo H\u00f8yres liste"}]},{"@type":"WebSite","@id":"https:\/\/hoyre.no\/oslo\/#website","url":"https:\/\/hoyre.no\/oslo\/","name":"Oslo H\u00f8yre","description":"","publisher":{"@id":"https:\/\/hoyre.no\/oslo\/#organization"},"inLanguage":"nb-NO"},{"@type":"Organization","@id":"https:\/\/hoyre.no\/oslo\/#organization","name":"Oslo H\u00f8yre","url":"https:\/\/hoyre.no\/oslo\/","logo":{"@type":"ImageObject","inLanguage":"nb-NO","@id":"https:\/\/hoyre.no\/oslo\/#\/schema\/logo\/image\/","url":"https:\/\/hoyre.no\/content\/uploads\/sites\/408\/2022\/11\/Hoyres-logo.png","contentUrl":"https:\/\/hoyre.no\/content\/uploads\/sites\/408\/2022\/11\/Hoyres-logo.png","width":1000,"height":1000,"caption":"Oslo H\u00f8yre"},"image":{"@id":"https:\/\/hoyre.no\/oslo\/#\/schema\/logo\/image\/"},"sameAs":["https:\/\/www.facebook.com\/oslo.hoyre"]}]}},"distributor_meta":false,"distributor_terms":false,"distributor_media":false,"distributor_original_site_name":"Oslo H\u00f8yre","distributor_original_site_url":"https:\/\/hoyre.no\/oslo","push-errors":false,"_links":{"self":[{"href":"https:\/\/hoyre.no\/oslo\/wp-json\/wp\/v2\/posts\/1506","targetHints":{"allow":["GET"]}}],"collection":[{"href":"https:\/\/hoyre.no\/oslo\/wp-json\/wp\/v2\/posts"}],"about":[{"href":"https:\/\/hoyre.no\/oslo\/wp-json\/wp\/v2\/types\/post"}],"replies":[{"embeddable":true,"href":"https:\/\/hoyre.no\/oslo\/wp-json\/wp\/v2\/comments?post=1506"}],"version-history":[{"count":1,"href":"https:\/\/hoyre.no\/oslo\/wp-json\/wp\/v2\/posts\/1506\/revisions"}],"predecessor-version":[{"id":2735,"href":"https:\/\/hoyre.no\/oslo\/wp-json\/wp\/v2\/posts\/1506\/revisions\/2735"}],"wp:featuredmedia":[{"embeddable":true,"href":"https:\/\/hoyre.no\/oslo\/wp-json\/wp\/v2\/media\/1237"}],"wp:attachment":[{"href":"https:\/\/hoyre.no\/oslo\/wp-json\/wp\/v2\/media?parent=1506"}],"wp:term":[{"taxonomy":"category","embeddable":true,"href":"https:\/\/hoyre.no\/oslo\/wp-json\/wp\/v2\/category?post=1506"},{"taxonomy":"post_tag","embeddable":true,"href":"https:\/\/hoyre.no\/oslo\/wp-json\/wp\/v2\/post_tag?post=1506"},{"taxonomy":"hoyre-visibility","embeddable":true,"href":"https:\/\/hoyre.no\/oslo\/wp-json\/wp\/v2\/hoyre-visibility?post=1506"},{"taxonomy":"article-type","embeddable":true,"href":"https:\/\/hoyre.no\/oslo\/wp-json\/wp\/v2\/article-type?post=1506"},{"taxonomy":"politician","embeddable":true,"href":"https:\/\/hoyre.no\/oslo\/wp-json\/wp\/v2\/politician?post=1506"}],"curies":[{"name":"wp","href":"https:\/\/api.w.org\/{rel}","templated":true}]}}