{"id":1507,"date":"2015-01-12T16:14:59","date_gmt":"2015-01-12T14:14:59","guid":{"rendered":"https:\/\/hoyre.no\/oslo\/aktuelt\/piketty\/"},"modified":"2022-09-26T15:05:40","modified_gmt":"2022-09-26T13:05:40","slug":"piketty","status":"publish","type":"post","link":"https:\/\/hoyre.no\/oslo\/aktuelt\/piketty\/","title":{"rendered":"Piketty \u2013 ingen p\u00e5litelig alliert for venstresiden"},"content":{"rendered":"<figure class=\"hoyre-image-wrapper\"><div class=\"hoyre-image\"><img loading=\"lazy\" decoding=\"async\" width=\"1024\" height=\"475\" src=\"https:\/\/hoyre.no\/content\/uploads\/sites\/408\/2022\/09\/Oslo-Radhus-1.jpg\" class=\"attachment-scaled size-scaled\" alt=\"Oslo r\u00e5dhus. Foto: www.colourbox.com\" style=\"object-position: 50% 50%\" srcset=\"https:\/\/hoyre.no\/content\/uploads\/sites\/408\/2022\/09\/Oslo-Radhus-1.jpg 1024w, https:\/\/hoyre.no\/content\/uploads\/sites\/408\/2022\/09\/Oslo-Radhus-1-300x139.jpg 300w, https:\/\/hoyre.no\/content\/uploads\/sites\/408\/2022\/09\/Oslo-Radhus-1-768x356.jpg 768w\" sizes=\"auto, (max-width: 1024px) 100vw, 1024px\" \/><\/div><\/figure><div id=\"hoyre-old-article-content-wrapper\"><p>Som de fleste med interesse for politikk har f\u00e5tt med seg utga franskmannen Thomas Piketty i 2013 \u00abCapital in theTwenty-First Century\u00bb. Selv om boken omhandler statistikk, er den blitt en bestselger i verden, antagelig fordi den presenterer det for mange uakseptable faktum at den rikeste en-prosenten av verdens befolkning stadig blir rikere.<\/p><p>Det refererte funn var at avkastning p\u00e5 kapital utvikler seg gunstigere enn den \u00f8konomiske veksten, og dermed m\u00e5tte jo de rike automatisk bli enda rikere.<\/p><p>Sp\u00f8rsm\u00e5let om denne automatikken virkelig er etablert, gjenst\u00e5r \u00e5 se.<\/p><p><strong>En-prosenten<\/strong><br \/>\nDet f\u00f8rste vi kan se n\u00e6rmere p\u00e5, er hvem som utgj\u00f8r denne en-prosenten. Den rikeste en-prosenten av det norske folk vil typisk kunne v\u00e6re n\u00e6ringslivsfolk. For eksempel de som har arbeidet hardt p\u00e5 skole og universitet, som har steget i gradene i store bedrifter og f\u00e5tt s\u00e6rlig ansvar, men ogs\u00e5 risiko for resultatene. Eller det kan v\u00e6re gr\u00fcnderen som har hatt en god ide, masse stahet og v\u00e6rt villig til \u00e5 jobbe 12-14 timer 6-7 dager i uken.<\/p><p>Det kan ogs\u00e5 v\u00e6re legen, sportsstjernen eller artisten som har v\u00e6rt villig til \u00e5 \u00f8ve seg de ber\u00f8mte 10 000 timer i fritiden for \u00e5 bli kjent for mange. Og det er selvsagt ogs\u00e5 noen som kan ha arvet noen av de ovennevnte fra tidligere generasjoner.<\/p><p><strong>Fattig og rik<\/strong><br \/>\nHvis man ser p\u00e5 gruppen av fattige, som hos oss defineres \u00e5 v\u00e6re de som tjener 60 % eller mindre av borgernes medianinntekt, er denne gruppen sammensatt, og ikke minst under kontinuerlig utskiftning. Cirka en tredjedel er studenter, en annen tredjedel er n\u00e6ringsdrivende i midlertidige vanskeligheter, mens den siste tredjedelen kan ha mer permanente problemer. Overraskende nok vil de fleste oppleve \u00e5 v\u00e6re statistisk fattige og rike i l\u00f8pet av livet.<\/p><p>Ogs\u00e5 hos enprosentgruppen er det utskiftning: i f\u00f8lge Lars Tvede, forfatter av boken \u00abDet kreative samfunn\u00bb, opplever 12 % av USAs befolkning minst en gang \u00e5 v\u00e6re blant de en prosent rikeste. Og enda bedre blir det n\u00e5r 39 % vil oppleve \u00e5 v\u00e6re blant de fem prosent rikeste, eller n\u00e5r 73 % av befolkningen har erfaring med \u00e5 v\u00e6re blant de 20 % rikeste. Samtidig har 54 % ogs\u00e5 p\u00e5 et eller annet tidspunkt v\u00e6rt blant de fattige.\u00a0Et annet eksempel fra USA er en analyse av de 400 rikeste mellom 1992 og 2008, som omfattet 3.672 navn, fordi 75 % bare oppn\u00e5dde plassering ett eneste \u00e5r.<\/p><p>I Danmark har tenketanken CEPOS p\u00e5vist at 70 % av de som er i enprosentgruppen, maksimalt er det i 6 \u00e5r.<\/p><p><strong>Global ulikhet minker<\/strong><br \/>\nEn \u00f8kende del av verdens rikeste er iverksettere som for eksempel Bill Gates, men det har v\u00e6rt mye oppmerksomhet rettet mot toppl\u00f8nninger til superstjerner som skaper forst\u00e5elige presseoppslag. Denne gruppen er ikke stor i statistikken, men undergraver opinionens oppfatning av at inntektene virkelig kan reflektere de reelle kvalifikasjoner og personlige egenskaper, uansett hvor gode de m\u00e5tte v\u00e6re.<\/p><p>En utbredt og gal fortolkning av Piketty er at den globale ulikheten vokser. Sannheten er at den globale ulikheten minker, fordi store nye \u00f8konomier innhenter oss. Og utjevningen er enda sterkere hvis man ikke bare ser p\u00e5 sysselsatte, men korrigerer for at det er flere barn i de nye, voksende \u00f8konomiene.<br \/>\nPikettys arbeid er begrenset til \u00e5 unders\u00f8ke ulikheten i USA, Storbritannia, Frankrike og Sverige, basert p\u00e5 tall for perioden 1810 til 2010. Heller ikke i dette utsnitt av land var ulikheten \u00f8kt.<\/p><p>Piketty har imidlertid gjort et s\u00e6rlig poeng av at det fra 1970-\u00e5rene til 2010 var en viss \u00f8kt ulikhet. Ulikheten falt derimot i hele 165 \u00e5r fra 1810 til 1975, hvorav s\u00e6rlig utjevningen mellom 1930 og 1975 der Pikettys forklaringer om avvik fra hans modell har karakter av hypoteser, basert p\u00e5 forbig\u00e5ende \u00e5rsaker som kriger og andre omveltninger. Det ville ikke v\u00e6re f\u00f8rste gang i vitenskapens historie at man finner frem til en altforklarende modell og avviser avvik fra modellen som s\u00e6regne tilfeldigheter.<\/p><p><strong>Uriktige tall<\/strong><br \/>\nDet er kanskje derfor ikke s\u00e5 tilfeldig at Financial Times analyserte Pikettys tall og fant at de var uriktige, s\u00e6rlig for Storbritannia. Der fant man at ulikheten har minket fra 1970-\u00e5rene og ut den unders\u00f8kte perioden.<\/p><p>Korrigerte man tallgrunnlaget fant man at ulikheten ikke p\u00e5 noe tidspunkt har steget i Europa.<\/p><p>Endringen i ulikhet har vekslet mellom minkende og uendret. Jeg legger til som et moment til ettertanke at Margaret Thatcher var statsminister fra 1979 til 1990.<\/p><p><strong>Ulikheter og likheter<\/strong><br \/>\nUlikhet er et negativt ladet ord, slik mangfold gir tilsvarende positive assosiasjoner. Men i virkeligheten kan det v\u00e6re to ord for samme fenomen, eller to sider av samme sak. Den ulikheten som b\u00f8r bekymre oss er den som f\u00f8lger av strukturell urettferdighet. Et eksempel p\u00e5 dette er at folk hindres \u00e5 forbedre sin materielle posisjon i samfunnet gjennom arbeid, mens de som er priviligerte ikke beh\u00f8ver \u00e5 yte noe for \u00e5 opprettholde sin posisjon.<\/p><p>Dernest kan ulikhet v\u00e6re n\u00e6rmere knyttet til personlige valg. N\u00e5r en stadig mer effektiv \u00f8konomi gj\u00f8r det mulig for oss \u00e5 arbeide kortere enn tidligere generasjoner for \u00e5 oppn\u00e5 livsn\u00f8dvendige goder, som mat, bolig og ellers er villig til \u00e5 leve n\u00f8kternt mot \u00e5 disponere mer av sin tid selv, vil det etter hvert sl\u00e5 ut p\u00e5<br \/>\nlikhetskoeffisienter. Milj\u00f8bevegelsen fremholder pussig nok dette som et ideal p\u00e5 samfunnsniv\u00e5, uten \u00e5 argumentere s\u00e6rlig kraftfullt for det p\u00e5 individniv\u00e5.<\/p><p>En politisk p\u00e5f\u00f8rt likhet som kunne utl\u00f8se like stor f\u00f8lelse av urettferdighet overfor den enkelte, er at vilje til personlig risiko, arbeidsomhet, langsiktighet, sparing og tilsvarende dyder ikke verdsettes, fordi bidragene oppfattes som et problem i statistikken. Dermed kan virkemidlene som velges for \u00e5 oppn\u00e5 det like samfunn undergrave den evne til \u00e5 skape de verdiene som det politiske systemet.<\/p><p><strong>Falskt sannhetsvitne<\/strong><br \/>\nOppsummert har Pikettys tanker m\u00f8tt motb\u00f8r b\u00e5de n\u00e5r det gjelder tallene, tolkningen og tiltakene mot ulikhet.\u00a0Piketty fortjener allikevel ogs\u00e5 mye anerkjennelse, ikke minst fordi b\u00e5de kritikere og tilhengere av hans tanker m\u00e5 sofistikere egen begrepsbruk. Piketty er ingen falsk profet i den forstand at han hevder uriktige forutsigelser mot bedre, men han kan vise seg \u00e5 v\u00e6re et falskt sannhetsvitne for venstresiden, som trodde de hadde f\u00e5tt en alliert med seg for \u00e5 gjenopplive marxistisk klassetenkning.<\/p><p>Piketty er for det f\u00f8rste den f\u00f8rste som sier at de operasjonelle tiltakene mot ulikhet neppe fungerer i den reelle verden, men han sier ogs\u00e5 at ulikheten i seg selv ikke n\u00f8dvendigvis er et problem, men den m\u00e5 analyseres.<\/p><p>Og som undertegnede mener han at meritokratisk ulikhet er uproblematisk fordi den skyldes disponeringer og innsats p\u00e5 individniv\u00e5.<\/p>\n<\/div>\n<div class=\"tags\">\n\t<\/div>\n<div class=\"post-footer alignfull has-background block-editor-block-list__block\" data-align=full>\n\t<div class=\"post-footer-inner\">\n\t\t<h3>Relaterte artikler<\/h3>\n\t\t<div class=\"related-content\"><div class=\"is-card-hoyre\">\n\t<div class=\"teft-card hoyre-teft-card post-teft-card\">\n\t\t<a href=\"https:\/\/hoyre.no\/oslo\/aktuelt\/mdg-moralismen-fornekter-seg-ikke\/\" class=\"teft-card__primary-action\">\n\n\t\t\t\t\t<div class=\"teft-card__media teft-card__media--16-9\">\n\t\t\t\t\t\t<img loading=\"lazy\" decoding=\"async\" width=\"768\" height=\"512\" src=\"https:\/\/hoyre.no\/content\/uploads\/sites\/408\/2024\/01\/QZQlxtOC-768x512.jpeg\" class=\"attachment-medium_large size-medium_large\" alt=\"Merete Agerbak-Jensen\" srcset=\"https:\/\/hoyre.no\/content\/uploads\/sites\/408\/2024\/01\/QZQlxtOC-768x512.jpeg 768w, https:\/\/hoyre.no\/content\/uploads\/sites\/408\/2024\/01\/QZQlxtOC-300x200.jpeg 300w, https:\/\/hoyre.no\/content\/uploads\/sites\/408\/2024\/01\/QZQlxtOC-1024x683.jpeg 1024w, https:\/\/hoyre.no\/content\/uploads\/sites\/408\/2024\/01\/QZQlxtOC-1536x1024.jpeg 1536w, https:\/\/hoyre.no\/content\/uploads\/sites\/408\/2024\/01\/QZQlxtOC-2048x1365.jpeg 2048w\" sizes=\"auto, (max-width: 768px) 100vw, 768px\" \/>\t\t<\/div>\n\t\t\n\t\t\t<div class=\"teft-card__content-wrapper\">\n\t\t\t\t<div class=\"teft-card__secondary\">\n\t\t\t\t\t\n\t\t\t\t\t\t\t\t<div class=\"teft-card__meta\">\n\t\t\t\t\t\t\t\t\t<span class=\"post-date\">23. apr 2026<\/span>\n\n\t\t\t\t\t\t\t\t\t\t\t\t\t\t\t\t\t<\/div>\n\t\t\t\t\t\t\t\t\t\t\t<\/div>\n\n\t\t\t\t<div class=\"teft-card__primary\">\n\t\t\t\t\t<h2 class=\"teft-card__title\">MDG-moralismen fornekter seg ikke&nbsp;<span class=\"teft-card__primary-title-append\"><\/span><\/h2>\t\t\t\t<\/div>\n\t\t\t<\/div>\n\t\t<\/a>\n\t<\/div>\n\n\t<\/div><div class=\"is-card-hoyre\">\n\t<div class=\"teft-card hoyre-teft-card post-teft-card\">\n\t\t<a href=\"https:\/\/hoyre.no\/oslo\/aktuelt\/raskere-og-enklere-a-bygge-boliger-og-skape-arbeidsplasser-i-oslo\/\" class=\"teft-card__primary-action\">\n\n\t\t\t\t\t<div class=\"teft-card__media teft-card__media--16-9\">\n\t\t\t\t\t\t<img loading=\"lazy\" decoding=\"async\" width=\"768\" height=\"576\" src=\"https:\/\/hoyre.no\/content\/uploads\/sites\/408\/2026\/04\/Eirik-Lae-Solberg-og-Anita-Leirvik-North-768x576.jpg\" class=\"attachment-medium_large size-medium_large\" alt=\"\" srcset=\"https:\/\/hoyre.no\/content\/uploads\/sites\/408\/2026\/04\/Eirik-Lae-Solberg-og-Anita-Leirvik-North-768x576.jpg 768w, https:\/\/hoyre.no\/content\/uploads\/sites\/408\/2026\/04\/Eirik-Lae-Solberg-og-Anita-Leirvik-North-300x225.jpg 300w, https:\/\/hoyre.no\/content\/uploads\/sites\/408\/2026\/04\/Eirik-Lae-Solberg-og-Anita-Leirvik-North.jpg 901w\" sizes=\"auto, (max-width: 768px) 100vw, 768px\" \/>\t\t<\/div>\n\t\t\n\t\t\t<div class=\"teft-card__content-wrapper\">\n\t\t\t\t<div class=\"teft-card__secondary\">\n\t\t\t\t\t\n\t\t\t\t\t\t\t\t<div class=\"teft-card__meta\">\n\t\t\t\t\t\t\t\t\t<span class=\"post-date\">14. apr 2026<\/span>\n\n\t\t\t\t\t\t\t\t\t<span class=\"post-category\">Har lagt frem ny KPA:<\/span>\t\t\t\t\t\t\t\t<\/div>\n\t\t\t\t\t\t\t\t\t\t\t<\/div>\n\n\t\t\t\t<div class=\"teft-card__primary\">\n\t\t\t\t\t<h2 class=\"teft-card__title\">Raskere og enklere \u00e5 bygge boliger og skape arbeidsplasser i Oslo&nbsp;<span class=\"teft-card__primary-title-append\"><\/span><\/h2>\t\t\t\t<\/div>\n\t\t\t<\/div>\n\t\t<\/a>\n\t<\/div>\n\n\t<\/div><div class=\"is-card-hoyre\">\n\t<div class=\"teft-card hoyre-teft-card post-teft-card\">\n\t\t<a href=\"https:\/\/hoyre.no\/oslo\/aktuelt\/bedre-elevresultater-og-en-skoleokonomi-i-balanse-med-blagront-byrad\/\" class=\"teft-card__primary-action\">\n\n\t\t\t\t\t<div class=\"teft-card__media teft-card__media--16-9\">\n\t\t\t\t\t\t<img loading=\"lazy\" decoding=\"async\" width=\"768\" height=\"512\" src=\"https:\/\/hoyre.no\/content\/uploads\/sites\/408\/2025\/05\/IMG_6440-768x512.jpeg\" class=\"attachment-medium_large size-medium_large\" alt=\"Julie Remen Midtgarden\" srcset=\"https:\/\/hoyre.no\/content\/uploads\/sites\/408\/2025\/05\/IMG_6440-768x512.jpeg 768w, https:\/\/hoyre.no\/content\/uploads\/sites\/408\/2025\/05\/IMG_6440-300x200.jpeg 300w, https:\/\/hoyre.no\/content\/uploads\/sites\/408\/2025\/05\/IMG_6440-1024x683.jpeg 1024w, https:\/\/hoyre.no\/content\/uploads\/sites\/408\/2025\/05\/IMG_6440-1536x1024.jpeg 1536w, https:\/\/hoyre.no\/content\/uploads\/sites\/408\/2025\/05\/IMG_6440-2048x1365.jpeg 2048w\" sizes=\"auto, (max-width: 768px) 100vw, 768px\" \/>\t\t<\/div>\n\t\t\n\t\t\t<div class=\"teft-card__content-wrapper\">\n\t\t\t\t<div class=\"teft-card__secondary\">\n\t\t\t\t\t\n\t\t\t\t\t\t\t\t<div class=\"teft-card__meta\">\n\t\t\t\t\t\t\t\t\t<span class=\"post-date\">26. mar 2026<\/span>\n\n\t\t\t\t\t\t\t\t\t\t\t\t\t\t\t\t\t<\/div>\n\t\t\t\t\t\t\t\t\t\t\t<\/div>\n\n\t\t\t\t<div class=\"teft-card__primary\">\n\t\t\t\t\t<h2 class=\"teft-card__title\">Bedre elevresultater og en skole\u00f8konomi i balanse med bl\u00e5gr\u00f8nt byr\u00e5d&nbsp;<span class=\"teft-card__primary-title-append\"><\/span><\/h2>\t\t\t\t<\/div>\n\t\t\t<\/div>\n\t\t<\/a>\n\t<\/div>\n\n\t<\/div><\/div>\t<\/div>\n<\/div>\n","protected":false},"excerpt":{"rendered":"","protected":false},"author":0,"featured_media":0,"comment_status":"closed","ping_status":"open","sticky":false,"template":"","format":"standard","meta":{"teft_cards_image_url":"","teft_cards_custom_pretitle":"","teft_cards_image_id":0,"teft_cards_image_focal_point_x":0,"teft_cards_image_focal_point_y":0,"teft_cards_title":"","teft_cards_excerpt":"","teft_show_chapters":false,"author_display_name":"Oslo H\u00f8yre","footnotes":""},"category":[1],"post_tag":[],"hoyre-visibility":[],"article-type":[],"politician":[],"class_list":["post-1507","post","type-post","status-publish","format-standard","hentry","category-nyheter"],"yoast_head":"<!-- This site is optimized with the Yoast SEO Premium plugin v26.5 (Yoast SEO v26.6) - https:\/\/yoast.com\/wordpress\/plugins\/seo\/ -->\n<title>Piketty \u2013 ingen p\u00e5litelig alliert for venstresiden - Oslo H\u00f8yre<\/title>\n<meta name=\"robots\" content=\"index, follow, max-snippet:-1, max-image-preview:large, max-video-preview:-1\" \/>\n<link rel=\"canonical\" href=\"https:\/\/hoyre.no\/oslo\/aktuelt\/piketty\/\" \/>\n<meta property=\"og:locale\" content=\"nb_NO\" \/>\n<meta property=\"og:type\" content=\"article\" \/>\n<meta property=\"og:title\" content=\"Piketty \u2013 ingen p\u00e5litelig alliert for venstresiden\" \/>\n<meta property=\"og:url\" content=\"https:\/\/hoyre.no\/oslo\/aktuelt\/piketty\/\" \/>\n<meta property=\"og:site_name\" content=\"Oslo H\u00f8yre\" \/>\n<meta property=\"article:publisher\" content=\"https:\/\/www.facebook.com\/oslo.hoyre\" \/>\n<meta property=\"article:published_time\" content=\"2015-01-12T14:14:59+00:00\" \/>\n<meta property=\"article:modified_time\" content=\"2022-09-26T13:05:40+00:00\" \/>\n<meta property=\"og:image\" content=\"https:\/\/hoyre.no\/content\/uploads\/sites\/408\/2022\/11\/Hoyres-logo.png\" \/>\n\t<meta property=\"og:image:width\" content=\"1000\" \/>\n\t<meta property=\"og:image:height\" content=\"1000\" \/>\n\t<meta property=\"og:image:type\" content=\"image\/png\" \/>\n<meta name=\"twitter:card\" content=\"summary_large_image\" \/>\n<meta name=\"twitter:label1\" content=\"Ansl. lesetid\" \/>\n\t<meta name=\"twitter:data1\" content=\"6 minutter\" \/>\n<script type=\"application\/ld+json\" class=\"yoast-schema-graph\">{\"@context\":\"https:\/\/schema.org\",\"@graph\":[{\"@type\":\"Article\",\"@id\":\"https:\/\/hoyre.no\/oslo\/aktuelt\/piketty\/#article\",\"isPartOf\":{\"@id\":\"https:\/\/hoyre.no\/oslo\/aktuelt\/piketty\/\"},\"author\":{\"name\":\"\",\"@id\":\"\"},\"headline\":\"Piketty \u2013 ingen p\u00e5litelig alliert for venstresiden\",\"datePublished\":\"2015-01-12T14:14:59+00:00\",\"dateModified\":\"2022-09-26T13:05:40+00:00\",\"mainEntityOfPage\":{\"@id\":\"https:\/\/hoyre.no\/oslo\/aktuelt\/piketty\/\"},\"wordCount\":1108,\"publisher\":{\"@id\":\"https:\/\/hoyre.no\/oslo\/#organization\"},\"articleSection\":[\"Nyheter\"],\"inLanguage\":\"nb-NO\"},{\"@type\":\"NewsArticle\",\"@id\":\"https:\/\/hoyre.no\/oslo\/aktuelt\/piketty\/\",\"url\":\"https:\/\/hoyre.no\/oslo\/aktuelt\/piketty\/\",\"name\":\"Piketty \u2013 ingen p\u00e5litelig alliert for venstresiden - Oslo H\u00f8yre\",\"isPartOf\":{\"@id\":\"https:\/\/hoyre.no\/oslo\/#website\"},\"datePublished\":\"2015-01-12T14:14:59+00:00\",\"dateModified\":\"2022-09-26T13:05:40+00:00\",\"breadcrumb\":{\"@id\":\"https:\/\/hoyre.no\/oslo\/aktuelt\/piketty\/#breadcrumb\"},\"inLanguage\":\"nb-NO\",\"potentialAction\":[{\"@type\":\"ReadAction\",\"target\":[\"https:\/\/hoyre.no\/oslo\/aktuelt\/piketty\/\"]}]},{\"@type\":\"BreadcrumbList\",\"@id\":\"https:\/\/hoyre.no\/oslo\/aktuelt\/piketty\/#breadcrumb\",\"itemListElement\":[{\"@type\":\"ListItem\",\"position\":1,\"name\":\"Til hoyre.no\",\"item\":\"https:\/\/hoyre.no\"},{\"@type\":\"ListItem\",\"position\":2,\"name\":\"Hjem\",\"item\":\"https:\/\/hoyre.no\/oslo\/\"},{\"@type\":\"ListItem\",\"position\":3,\"name\":\"Piketty \u2013 ingen p\u00e5litelig alliert for venstresiden\"}]},{\"@type\":\"WebSite\",\"@id\":\"https:\/\/hoyre.no\/oslo\/#website\",\"url\":\"https:\/\/hoyre.no\/oslo\/\",\"name\":\"Oslo H\u00f8yre\",\"description\":\"\",\"publisher\":{\"@id\":\"https:\/\/hoyre.no\/oslo\/#organization\"},\"inLanguage\":\"nb-NO\"},{\"@type\":\"Organization\",\"@id\":\"https:\/\/hoyre.no\/oslo\/#organization\",\"name\":\"Oslo H\u00f8yre\",\"url\":\"https:\/\/hoyre.no\/oslo\/\",\"logo\":{\"@type\":\"ImageObject\",\"inLanguage\":\"nb-NO\",\"@id\":\"https:\/\/hoyre.no\/oslo\/#\/schema\/logo\/image\/\",\"url\":\"https:\/\/hoyre.no\/content\/uploads\/sites\/408\/2022\/11\/Hoyres-logo.png\",\"contentUrl\":\"https:\/\/hoyre.no\/content\/uploads\/sites\/408\/2022\/11\/Hoyres-logo.png\",\"width\":1000,\"height\":1000,\"caption\":\"Oslo H\u00f8yre\"},\"image\":{\"@id\":\"https:\/\/hoyre.no\/oslo\/#\/schema\/logo\/image\/\"},\"sameAs\":[\"https:\/\/www.facebook.com\/oslo.hoyre\"]}]}<\/script>\n<!-- \/ Yoast SEO Premium plugin. -->","yoast_head_json":{"title":"Piketty \u2013 ingen p\u00e5litelig alliert for venstresiden - Oslo H\u00f8yre","robots":{"index":"index","follow":"follow","max-snippet":"max-snippet:-1","max-image-preview":"max-image-preview:large","max-video-preview":"max-video-preview:-1"},"canonical":"https:\/\/hoyre.no\/oslo\/aktuelt\/piketty\/","og_locale":"nb_NO","og_type":"article","og_title":"Piketty \u2013 ingen p\u00e5litelig alliert for venstresiden","og_url":"https:\/\/hoyre.no\/oslo\/aktuelt\/piketty\/","og_site_name":"Oslo H\u00f8yre","article_publisher":"https:\/\/www.facebook.com\/oslo.hoyre","article_published_time":"2015-01-12T14:14:59+00:00","article_modified_time":"2022-09-26T13:05:40+00:00","og_image":[{"width":1000,"height":1000,"url":"https:\/\/hoyre.no\/content\/uploads\/sites\/408\/2022\/11\/Hoyres-logo.png","type":"image\/png"}],"twitter_card":"summary_large_image","twitter_misc":{"Ansl. lesetid":"6 minutter"},"schema":{"@context":"https:\/\/schema.org","@graph":[{"@type":"Article","@id":"https:\/\/hoyre.no\/oslo\/aktuelt\/piketty\/#article","isPartOf":{"@id":"https:\/\/hoyre.no\/oslo\/aktuelt\/piketty\/"},"author":{"name":"","@id":""},"headline":"Piketty \u2013 ingen p\u00e5litelig alliert for venstresiden","datePublished":"2015-01-12T14:14:59+00:00","dateModified":"2022-09-26T13:05:40+00:00","mainEntityOfPage":{"@id":"https:\/\/hoyre.no\/oslo\/aktuelt\/piketty\/"},"wordCount":1108,"publisher":{"@id":"https:\/\/hoyre.no\/oslo\/#organization"},"articleSection":["Nyheter"],"inLanguage":"nb-NO"},{"@type":"NewsArticle","@id":"https:\/\/hoyre.no\/oslo\/aktuelt\/piketty\/","url":"https:\/\/hoyre.no\/oslo\/aktuelt\/piketty\/","name":"Piketty \u2013 ingen p\u00e5litelig alliert for venstresiden - Oslo H\u00f8yre","isPartOf":{"@id":"https:\/\/hoyre.no\/oslo\/#website"},"datePublished":"2015-01-12T14:14:59+00:00","dateModified":"2022-09-26T13:05:40+00:00","breadcrumb":{"@id":"https:\/\/hoyre.no\/oslo\/aktuelt\/piketty\/#breadcrumb"},"inLanguage":"nb-NO","potentialAction":[{"@type":"ReadAction","target":["https:\/\/hoyre.no\/oslo\/aktuelt\/piketty\/"]}]},{"@type":"BreadcrumbList","@id":"https:\/\/hoyre.no\/oslo\/aktuelt\/piketty\/#breadcrumb","itemListElement":[{"@type":"ListItem","position":1,"name":"Til hoyre.no","item":"https:\/\/hoyre.no"},{"@type":"ListItem","position":2,"name":"Hjem","item":"https:\/\/hoyre.no\/oslo\/"},{"@type":"ListItem","position":3,"name":"Piketty \u2013 ingen p\u00e5litelig alliert for venstresiden"}]},{"@type":"WebSite","@id":"https:\/\/hoyre.no\/oslo\/#website","url":"https:\/\/hoyre.no\/oslo\/","name":"Oslo H\u00f8yre","description":"","publisher":{"@id":"https:\/\/hoyre.no\/oslo\/#organization"},"inLanguage":"nb-NO"},{"@type":"Organization","@id":"https:\/\/hoyre.no\/oslo\/#organization","name":"Oslo H\u00f8yre","url":"https:\/\/hoyre.no\/oslo\/","logo":{"@type":"ImageObject","inLanguage":"nb-NO","@id":"https:\/\/hoyre.no\/oslo\/#\/schema\/logo\/image\/","url":"https:\/\/hoyre.no\/content\/uploads\/sites\/408\/2022\/11\/Hoyres-logo.png","contentUrl":"https:\/\/hoyre.no\/content\/uploads\/sites\/408\/2022\/11\/Hoyres-logo.png","width":1000,"height":1000,"caption":"Oslo H\u00f8yre"},"image":{"@id":"https:\/\/hoyre.no\/oslo\/#\/schema\/logo\/image\/"},"sameAs":["https:\/\/www.facebook.com\/oslo.hoyre"]}]}},"distributor_meta":false,"distributor_terms":false,"distributor_media":false,"distributor_original_site_name":"Oslo H\u00f8yre","distributor_original_site_url":"https:\/\/hoyre.no\/oslo","push-errors":false,"_links":{"self":[{"href":"https:\/\/hoyre.no\/oslo\/wp-json\/wp\/v2\/posts\/1507","targetHints":{"allow":["GET"]}}],"collection":[{"href":"https:\/\/hoyre.no\/oslo\/wp-json\/wp\/v2\/posts"}],"about":[{"href":"https:\/\/hoyre.no\/oslo\/wp-json\/wp\/v2\/types\/post"}],"replies":[{"embeddable":true,"href":"https:\/\/hoyre.no\/oslo\/wp-json\/wp\/v2\/comments?post=1507"}],"version-history":[{"count":1,"href":"https:\/\/hoyre.no\/oslo\/wp-json\/wp\/v2\/posts\/1507\/revisions"}],"predecessor-version":[{"id":2736,"href":"https:\/\/hoyre.no\/oslo\/wp-json\/wp\/v2\/posts\/1507\/revisions\/2736"}],"wp:attachment":[{"href":"https:\/\/hoyre.no\/oslo\/wp-json\/wp\/v2\/media?parent=1507"}],"wp:term":[{"taxonomy":"category","embeddable":true,"href":"https:\/\/hoyre.no\/oslo\/wp-json\/wp\/v2\/category?post=1507"},{"taxonomy":"post_tag","embeddable":true,"href":"https:\/\/hoyre.no\/oslo\/wp-json\/wp\/v2\/post_tag?post=1507"},{"taxonomy":"hoyre-visibility","embeddable":true,"href":"https:\/\/hoyre.no\/oslo\/wp-json\/wp\/v2\/hoyre-visibility?post=1507"},{"taxonomy":"article-type","embeddable":true,"href":"https:\/\/hoyre.no\/oslo\/wp-json\/wp\/v2\/article-type?post=1507"},{"taxonomy":"politician","embeddable":true,"href":"https:\/\/hoyre.no\/oslo\/wp-json\/wp\/v2\/politician?post=1507"}],"curies":[{"name":"wp","href":"https:\/\/api.w.org\/{rel}","templated":true}]}}