{"id":1510,"date":"2014-12-19T17:45:39","date_gmt":"2014-12-19T17:45:39","guid":{"rendered":"https:\/\/hoyre.no\/oslo\/aktuelt\/frognerbudsjettet-vedtatt\/"},"modified":"2022-09-26T15:05:42","modified_gmt":"2022-09-26T13:05:42","slug":"frognerbudsjettet-vedtatt","status":"publish","type":"post","link":"https:\/\/hoyre.no\/oslo\/aktuelt\/frognerbudsjettet-vedtatt\/","title":{"rendered":"Frognerbudsjettet vedtatt"},"content":{"rendered":"<figure class=\"hoyre-image-wrapper\"><div class=\"hoyre-image\"><img loading=\"lazy\" decoding=\"async\" width=\"1920\" height=\"1440\" src=\"https:\/\/hoyre.no\/content\/uploads\/sites\/408\/2022\/09\/IMG_2153-scaled-1.jpg\" class=\"attachment-scaled size-scaled\" alt=\"Budsjett for Frogner Bydel 2015 er vedtatt\" style=\"object-position: 50% 50%\" srcset=\"https:\/\/hoyre.no\/content\/uploads\/sites\/408\/2022\/09\/IMG_2153-scaled-1.jpg 1920w, https:\/\/hoyre.no\/content\/uploads\/sites\/408\/2022\/09\/IMG_2153-scaled-1-300x225.jpg 300w, https:\/\/hoyre.no\/content\/uploads\/sites\/408\/2022\/09\/IMG_2153-scaled-1-1024x768.jpg 1024w, https:\/\/hoyre.no\/content\/uploads\/sites\/408\/2022\/09\/IMG_2153-scaled-1-768x576.jpg 768w, https:\/\/hoyre.no\/content\/uploads\/sites\/408\/2022\/09\/IMG_2153-scaled-1-1536x1152.jpg 1536w\" sizes=\"auto, (max-width: 1920px) 100vw, 1920px\" \/><\/div><\/figure><div id=\"hoyre-old-article-content-wrapper\"><h3><strong>Bydel Frogners budsjett 2015<\/strong><\/h3><figure id=\"attachment_2421\" aria-describedby=\"caption-attachment-2421\"><a href=\"https:\/\/www.oslohoyre.no\/wp-content\/uploads\/2014\/12\/IMG_2153.jpg\"><img decoding=\"async\" loading=\"lazy\" src=\"https:\/\/hoyre.no\/content\/uploads\/sites\/408\/2022\/09\/IMG_2153-scaled-1.jpg\" alt=\"Det var mange fremm\u00f8tte tilh\u00f8rere da Bydelsutvalget behandlet budsjettet for Frogner bydel i 2015. Mange tok ordet i \u00e5pne halvtime\" width=\"640\" height=\"480\" \/><\/a><figcaption id=\"caption-attachment-2421\">Det var mange fremm\u00f8tte tilh\u00f8rere da Bydelsutvalget behandlet budsjettet for Frogner bydel i 2015. Mange tok ordet i \u00e5pne halvtime<\/figcaption><\/figure><h1><strong> &#8211; Trygg styring med H\u00f8yre i spissen!<\/strong><\/h1>\n[framed_box width=&raquo;300px&raquo; align=&raquo;right&raquo;]\n<h3>Frognerbudsjettet 2015<\/h3><p><a href=\"http:\/\/www.bydel-frogner.oslo.kommune.no\/article287450-1790.html\"><img decoding=\"async\" loading=\"lazy\" src=\"https:\/\/www.oslohoyre.no\/wp-content\/uploads\/2014\/12\/Screenshot-2014-12-19-16.37.18.jpg\" alt=\"Frognerbudsjettet 2015 - bydelsdirekt\u00f8rens forslag til \u00e5rsplan og budsjett for Frogner bydel 2015\" width=\"290\" height=\"397\" \/><\/a><\/p><p>Bydelsdirekt\u00f8rens budsjett for 2015 er p\u00e5 1 232 662 milliarder kroner. Fordelt p\u00e5 hovedtjenesteomr\u00e5dene ser regnestykket slik ut:<\/p><ul><li>Helse, sosial og n\u00e6rmilj\u00f8: 105 237 millioner kroner.<\/li><li>Barnehager: 375 694 millioner kroner.<\/li><li>Oppvekst: 90 millioner kroner.<\/li><li>Pleie- og omsorg: 576 935 millioner kroner.<\/li><li>\u00d8konomiske sosialtjenester og Kvalifiseringsordningen: 84 796 millioner kroner.<\/li><\/ul><p><a href=\"https:\/\/www.dropbox.com\/s\/ksrtg6siihsi8y1\/Screenshot%202014-12-19%2016.23.55.png?dl=0\">Her kan du se hele Frognerbudsjettet for 2015<\/a><\/p>\n[\/framed_box]\n<p><strong>Tirsdag 16. desember vedtok Frogner bydelsutvalg budsjettet for 2015.<\/strong><\/p><p>Den nye bydelsdirekt\u00f8ren, Kari Andreassen har p\u00e5 sv\u00e6rt kort tid klart \u00e5 fremlegge et sv\u00e6rt godt budsjettforslag. Dette til tross for at bydelen m\u00e5 gj\u00f8re b\u00e5de omstillinger og besparelser. Gruppeleder Carl-Henrik Bastiansen roste bydelsadministrasjonen for deres profesjonelle holdning og grundige prosess.<\/p><p>Administrasjonens forslag til budsjett ble i all hovedsak vedtatt.<\/p><h3>Vil gjennomg\u00e5 tilbudet p\u00e5\u00a0Amaldhus<\/h3><p>H\u00f8yre gikk inn for \u00e5 utsette en mulig omstrukturering eller nedleggelse av <a href=\"http:\/\/www.bydel-frogner.oslo.kommune.no\/helse\/psykisk_helse\/tjenester_for_voksne\/aktivitetshus\/\">Amaldhus aktivitetshus<\/a>. Bakgrunnen for dette var at H\u00f8yre, med st\u00f8tte fra Venstre og Fremskrittspartiet, \u00f8nsker \u00e5 f\u00e5 utarbeidet en rapport som tar for seg mulige driftsendringer og m\u00e5ten tilbudet finansieres p\u00e5. Rapporten skal foreligge i f\u00f8rste halv\u00e5r og et vedtak om Amaldhus sin videre skjebne vil bli tatt innen sommeren 2015.<\/p><h3>Bevarer Frogner Frivillighetssentral<\/h3><p>H\u00f8yre gikk ogs\u00e5 inn for \u00e5 opprettholde driften ved Frogner Frivilligsentral i Niels Juels gate. Administrasjonen hadde foresl\u00e5tt \u00e5 avvikle driften i 2015 og samlokalisere med <a href=\"http:\/\/tidemandstuen.frivilligsentral.no\/?pageslug=velkommen-til-tidemandstuen-5178\">Tidemandstuen frivilligsentral<\/a>, men dette var etter H\u00f8yres syn ikke \u00f8nskelig. Frogner frivillighetssentral aktiviserer mer enn 50 frivillige som til sammen legger ned flere tusen arbeidstimer. Det serveres ogs\u00e5 lunsj for alle innbyggere som \u00f8nsker det og de arrangerer en rekke andre m\u00f8ter og aktiviteter i sine lokaler. H\u00f8yre fikk st\u00f8tte fra de andre partiene i bydelsutvalget for dette.<\/p><h3>Vil skjerme ungdomstilbudet<\/h3><p>Ungdomstilbudet i bydel Frogner er noe vi er sv\u00e6rt stolte av. H\u00f8yre gikk derfor inn for \u00e5 skjerme \u00a0dette (i st\u00f8rst mulig grad) mot mulige kutt og salderinger. Vi \u00f8nsker at driften i st\u00f8rst mulig grad skal opprettholdes slik som den har v\u00e6rt for innev\u00e6rende \u00e5r, men innser samtidig at det kan v\u00e6re fornuftig \u00e5 se p\u00e5 muligheten for \u00e5 omorganisere deler av tilbudet. Ogs\u00e5 denne endringen av budsjettet fikk tilslutning fra de andre partiene i bydelsutvalget.<\/p><p>Etter at budsjettet var vedtatt ventet det mye ros fra tilh\u00f8rere og ber\u00f8rte parter, som mente at H\u00f8yre og bydelsutvalget hadde tatt fornuftige grep.<\/p><p>Bydel Frogner g\u00e5r n\u00e5 inn i 2015 med godt budsjett som gj\u00f8r at tjenestetilbudet til bydelens innbyggere fortsatt er mangfoldig og sterkt.<\/p>\n<\/div>\n<div class=\"tags\">\n\t<\/div>\n<div class=\"post-footer alignfull has-background block-editor-block-list__block\" data-align=full>\n\t<div class=\"post-footer-inner\">\n\t\t<h3>Relaterte artikler<\/h3>\n\t\t<div class=\"related-content\"><div class=\"is-card-hoyre\">\n\t<div class=\"teft-card hoyre-teft-card post-teft-card\">\n\t\t<a href=\"https:\/\/hoyre.no\/oslo\/aktuelt\/mdg-moralismen-fornekter-seg-ikke\/\" class=\"teft-card__primary-action\">\n\n\t\t\t\t\t<div class=\"teft-card__media teft-card__media--16-9\">\n\t\t\t\t\t\t<img loading=\"lazy\" decoding=\"async\" width=\"768\" height=\"512\" src=\"https:\/\/hoyre.no\/content\/uploads\/sites\/408\/2024\/01\/QZQlxtOC-768x512.jpeg\" class=\"attachment-medium_large size-medium_large\" alt=\"Merete Agerbak-Jensen\" srcset=\"https:\/\/hoyre.no\/content\/uploads\/sites\/408\/2024\/01\/QZQlxtOC-768x512.jpeg 768w, https:\/\/hoyre.no\/content\/uploads\/sites\/408\/2024\/01\/QZQlxtOC-300x200.jpeg 300w, https:\/\/hoyre.no\/content\/uploads\/sites\/408\/2024\/01\/QZQlxtOC-1024x683.jpeg 1024w, https:\/\/hoyre.no\/content\/uploads\/sites\/408\/2024\/01\/QZQlxtOC-1536x1024.jpeg 1536w, https:\/\/hoyre.no\/content\/uploads\/sites\/408\/2024\/01\/QZQlxtOC-2048x1365.jpeg 2048w\" sizes=\"auto, (max-width: 768px) 100vw, 768px\" \/>\t\t<\/div>\n\t\t\n\t\t\t<div class=\"teft-card__content-wrapper\">\n\t\t\t\t<div class=\"teft-card__secondary\">\n\t\t\t\t\t\n\t\t\t\t\t\t\t\t<div class=\"teft-card__meta\">\n\t\t\t\t\t\t\t\t\t<span class=\"post-date\">23. apr 2026<\/span>\n\n\t\t\t\t\t\t\t\t\t\t\t\t\t\t\t\t\t<\/div>\n\t\t\t\t\t\t\t\t\t\t\t<\/div>\n\n\t\t\t\t<div class=\"teft-card__primary\">\n\t\t\t\t\t<h2 class=\"teft-card__title\">MDG-moralismen fornekter seg ikke&nbsp;<span class=\"teft-card__primary-title-append\"><\/span><\/h2>\t\t\t\t<\/div>\n\t\t\t<\/div>\n\t\t<\/a>\n\t<\/div>\n\n\t<\/div><div class=\"is-card-hoyre\">\n\t<div class=\"teft-card hoyre-teft-card post-teft-card\">\n\t\t<a href=\"https:\/\/hoyre.no\/oslo\/aktuelt\/raskere-og-enklere-a-bygge-boliger-og-skape-arbeidsplasser-i-oslo\/\" class=\"teft-card__primary-action\">\n\n\t\t\t\t\t<div class=\"teft-card__media teft-card__media--16-9\">\n\t\t\t\t\t\t<img loading=\"lazy\" decoding=\"async\" width=\"768\" height=\"576\" src=\"https:\/\/hoyre.no\/content\/uploads\/sites\/408\/2026\/04\/Eirik-Lae-Solberg-og-Anita-Leirvik-North-768x576.jpg\" class=\"attachment-medium_large size-medium_large\" alt=\"\" srcset=\"https:\/\/hoyre.no\/content\/uploads\/sites\/408\/2026\/04\/Eirik-Lae-Solberg-og-Anita-Leirvik-North-768x576.jpg 768w, https:\/\/hoyre.no\/content\/uploads\/sites\/408\/2026\/04\/Eirik-Lae-Solberg-og-Anita-Leirvik-North-300x225.jpg 300w, https:\/\/hoyre.no\/content\/uploads\/sites\/408\/2026\/04\/Eirik-Lae-Solberg-og-Anita-Leirvik-North.jpg 901w\" sizes=\"auto, (max-width: 768px) 100vw, 768px\" \/>\t\t<\/div>\n\t\t\n\t\t\t<div class=\"teft-card__content-wrapper\">\n\t\t\t\t<div class=\"teft-card__secondary\">\n\t\t\t\t\t\n\t\t\t\t\t\t\t\t<div class=\"teft-card__meta\">\n\t\t\t\t\t\t\t\t\t<span class=\"post-date\">14. apr 2026<\/span>\n\n\t\t\t\t\t\t\t\t\t<span class=\"post-category\">Har lagt frem ny KPA:<\/span>\t\t\t\t\t\t\t\t<\/div>\n\t\t\t\t\t\t\t\t\t\t\t<\/div>\n\n\t\t\t\t<div class=\"teft-card__primary\">\n\t\t\t\t\t<h2 class=\"teft-card__title\">Raskere og enklere \u00e5 bygge boliger og skape arbeidsplasser i Oslo&nbsp;<span class=\"teft-card__primary-title-append\"><\/span><\/h2>\t\t\t\t<\/div>\n\t\t\t<\/div>\n\t\t<\/a>\n\t<\/div>\n\n\t<\/div><div class=\"is-card-hoyre\">\n\t<div class=\"teft-card hoyre-teft-card post-teft-card\">\n\t\t<a href=\"https:\/\/hoyre.no\/oslo\/aktuelt\/bedre-elevresultater-og-en-skoleokonomi-i-balanse-med-blagront-byrad\/\" class=\"teft-card__primary-action\">\n\n\t\t\t\t\t<div class=\"teft-card__media teft-card__media--16-9\">\n\t\t\t\t\t\t<img loading=\"lazy\" decoding=\"async\" width=\"768\" height=\"512\" src=\"https:\/\/hoyre.no\/content\/uploads\/sites\/408\/2025\/05\/IMG_6440-768x512.jpeg\" class=\"attachment-medium_large size-medium_large\" alt=\"Julie Remen Midtgarden\" srcset=\"https:\/\/hoyre.no\/content\/uploads\/sites\/408\/2025\/05\/IMG_6440-768x512.jpeg 768w, https:\/\/hoyre.no\/content\/uploads\/sites\/408\/2025\/05\/IMG_6440-300x200.jpeg 300w, https:\/\/hoyre.no\/content\/uploads\/sites\/408\/2025\/05\/IMG_6440-1024x683.jpeg 1024w, https:\/\/hoyre.no\/content\/uploads\/sites\/408\/2025\/05\/IMG_6440-1536x1024.jpeg 1536w, https:\/\/hoyre.no\/content\/uploads\/sites\/408\/2025\/05\/IMG_6440-2048x1365.jpeg 2048w\" sizes=\"auto, (max-width: 768px) 100vw, 768px\" \/>\t\t<\/div>\n\t\t\n\t\t\t<div class=\"teft-card__content-wrapper\">\n\t\t\t\t<div class=\"teft-card__secondary\">\n\t\t\t\t\t\n\t\t\t\t\t\t\t\t<div class=\"teft-card__meta\">\n\t\t\t\t\t\t\t\t\t<span class=\"post-date\">26. mar 2026<\/span>\n\n\t\t\t\t\t\t\t\t\t\t\t\t\t\t\t\t\t<\/div>\n\t\t\t\t\t\t\t\t\t\t\t<\/div>\n\n\t\t\t\t<div class=\"teft-card__primary\">\n\t\t\t\t\t<h2 class=\"teft-card__title\">Bedre elevresultater og en skole\u00f8konomi i balanse med bl\u00e5gr\u00f8nt byr\u00e5d&nbsp;<span class=\"teft-card__primary-title-append\"><\/span><\/h2>\t\t\t\t<\/div>\n\t\t\t<\/div>\n\t\t<\/a>\n\t<\/div>\n\n\t<\/div><\/div>\t<\/div>\n<\/div>\n","protected":false},"excerpt":{"rendered":"","protected":false},"author":0,"featured_media":1511,"comment_status":"closed","ping_status":"closed","sticky":false,"template":"","format":"standard","meta":{"teft_cards_image_url":"","teft_cards_custom_pretitle":"","teft_cards_image_id":1511,"teft_cards_image_focal_point_x":0,"teft_cards_image_focal_point_y":0,"teft_cards_title":"","teft_cards_excerpt":"","teft_show_chapters":false,"author_display_name":"Oslo H\u00f8yre","footnotes":""},"category":[1],"post_tag":[],"hoyre-visibility":[],"article-type":[],"politician":[],"class_list":["post-1510","post","type-post","status-publish","format-standard","hentry","category-nyheter"],"yoast_head":"<!-- This site is optimized with the Yoast SEO Premium plugin v26.5 (Yoast SEO v26.6) - https:\/\/yoast.com\/wordpress\/plugins\/seo\/ -->\n<title>Frognerbudsjettet vedtatt - Oslo H\u00f8yre<\/title>\n<meta name=\"robots\" content=\"index, follow, max-snippet:-1, max-image-preview:large, max-video-preview:-1\" \/>\n<link rel=\"canonical\" href=\"https:\/\/hoyre.no\/oslo\/aktuelt\/frognerbudsjettet-vedtatt\/\" \/>\n<meta property=\"og:locale\" content=\"nb_NO\" \/>\n<meta property=\"og:type\" content=\"article\" \/>\n<meta property=\"og:title\" content=\"Frognerbudsjettet vedtatt\" \/>\n<meta property=\"og:url\" content=\"https:\/\/hoyre.no\/oslo\/aktuelt\/frognerbudsjettet-vedtatt\/\" \/>\n<meta property=\"og:site_name\" content=\"Oslo H\u00f8yre\" \/>\n<meta property=\"article:publisher\" content=\"https:\/\/www.facebook.com\/oslo.hoyre\" \/>\n<meta property=\"article:published_time\" content=\"2014-12-19T17:45:39+00:00\" \/>\n<meta property=\"article:modified_time\" content=\"2022-09-26T13:05:42+00:00\" \/>\n<meta property=\"og:image\" content=\"https:\/\/hoyre.no\/content\/uploads\/sites\/408\/2022\/09\/IMG_2153-scaled-1.jpg\" \/>\n\t<meta property=\"og:image:width\" content=\"1920\" \/>\n\t<meta property=\"og:image:height\" content=\"1440\" \/>\n\t<meta property=\"og:image:type\" content=\"image\/jpeg\" \/>\n<meta name=\"twitter:card\" content=\"summary_large_image\" \/>\n<meta name=\"twitter:label1\" content=\"Ansl. lesetid\" \/>\n\t<meta name=\"twitter:data1\" content=\"2 minutter\" \/>\n<script type=\"application\/ld+json\" class=\"yoast-schema-graph\">{\"@context\":\"https:\/\/schema.org\",\"@graph\":[{\"@type\":\"Article\",\"@id\":\"https:\/\/hoyre.no\/oslo\/aktuelt\/frognerbudsjettet-vedtatt\/#article\",\"isPartOf\":{\"@id\":\"https:\/\/hoyre.no\/oslo\/aktuelt\/frognerbudsjettet-vedtatt\/\"},\"author\":{\"name\":\"\",\"@id\":\"\"},\"headline\":\"Frognerbudsjettet vedtatt\",\"datePublished\":\"2014-12-19T17:45:39+00:00\",\"dateModified\":\"2022-09-26T13:05:42+00:00\",\"mainEntityOfPage\":{\"@id\":\"https:\/\/hoyre.no\/oslo\/aktuelt\/frognerbudsjettet-vedtatt\/\"},\"wordCount\":463,\"publisher\":{\"@id\":\"https:\/\/hoyre.no\/oslo\/#organization\"},\"image\":{\"@id\":\"https:\/\/hoyre.no\/oslo\/aktuelt\/frognerbudsjettet-vedtatt\/#primaryimage\"},\"thumbnailUrl\":\"https:\/\/hoyre.no\/content\/uploads\/sites\/408\/2022\/09\/IMG_2153-scaled-1.jpg\",\"articleSection\":[\"Nyheter\"],\"inLanguage\":\"nb-NO\"},{\"@type\":\"NewsArticle\",\"@id\":\"https:\/\/hoyre.no\/oslo\/aktuelt\/frognerbudsjettet-vedtatt\/\",\"url\":\"https:\/\/hoyre.no\/oslo\/aktuelt\/frognerbudsjettet-vedtatt\/\",\"name\":\"Frognerbudsjettet vedtatt - Oslo H\u00f8yre\",\"isPartOf\":{\"@id\":\"https:\/\/hoyre.no\/oslo\/#website\"},\"image\":{\"@id\":\"https:\/\/hoyre.no\/oslo\/aktuelt\/frognerbudsjettet-vedtatt\/#primaryimage\"},\"thumbnailUrl\":\"https:\/\/hoyre.no\/content\/uploads\/sites\/408\/2022\/09\/IMG_2153-scaled-1.jpg\",\"datePublished\":\"2014-12-19T17:45:39+00:00\",\"dateModified\":\"2022-09-26T13:05:42+00:00\",\"breadcrumb\":{\"@id\":\"https:\/\/hoyre.no\/oslo\/aktuelt\/frognerbudsjettet-vedtatt\/#breadcrumb\"},\"inLanguage\":\"nb-NO\",\"potentialAction\":[{\"@type\":\"ReadAction\",\"target\":[\"https:\/\/hoyre.no\/oslo\/aktuelt\/frognerbudsjettet-vedtatt\/\"]}]},{\"@type\":\"ImageObject\",\"inLanguage\":\"nb-NO\",\"@id\":\"https:\/\/hoyre.no\/oslo\/aktuelt\/frognerbudsjettet-vedtatt\/#primaryimage\",\"url\":\"https:\/\/hoyre.no\/content\/uploads\/sites\/408\/2022\/09\/IMG_2153-scaled-1.jpg\",\"contentUrl\":\"https:\/\/hoyre.no\/content\/uploads\/sites\/408\/2022\/09\/IMG_2153-scaled-1.jpg\",\"width\":1920,\"height\":1440,\"caption\":\"Budsjett for Frogner Bydel 2015 er vedtatt\"},{\"@type\":\"BreadcrumbList\",\"@id\":\"https:\/\/hoyre.no\/oslo\/aktuelt\/frognerbudsjettet-vedtatt\/#breadcrumb\",\"itemListElement\":[{\"@type\":\"ListItem\",\"position\":1,\"name\":\"Til hoyre.no\",\"item\":\"https:\/\/hoyre.no\"},{\"@type\":\"ListItem\",\"position\":2,\"name\":\"Hjem\",\"item\":\"https:\/\/hoyre.no\/oslo\/\"},{\"@type\":\"ListItem\",\"position\":3,\"name\":\"Frognerbudsjettet vedtatt\"}]},{\"@type\":\"WebSite\",\"@id\":\"https:\/\/hoyre.no\/oslo\/#website\",\"url\":\"https:\/\/hoyre.no\/oslo\/\",\"name\":\"Oslo H\u00f8yre\",\"description\":\"\",\"publisher\":{\"@id\":\"https:\/\/hoyre.no\/oslo\/#organization\"},\"inLanguage\":\"nb-NO\"},{\"@type\":\"Organization\",\"@id\":\"https:\/\/hoyre.no\/oslo\/#organization\",\"name\":\"Oslo H\u00f8yre\",\"url\":\"https:\/\/hoyre.no\/oslo\/\",\"logo\":{\"@type\":\"ImageObject\",\"inLanguage\":\"nb-NO\",\"@id\":\"https:\/\/hoyre.no\/oslo\/#\/schema\/logo\/image\/\",\"url\":\"https:\/\/hoyre.no\/content\/uploads\/sites\/408\/2022\/11\/Hoyres-logo.png\",\"contentUrl\":\"https:\/\/hoyre.no\/content\/uploads\/sites\/408\/2022\/11\/Hoyres-logo.png\",\"width\":1000,\"height\":1000,\"caption\":\"Oslo H\u00f8yre\"},\"image\":{\"@id\":\"https:\/\/hoyre.no\/oslo\/#\/schema\/logo\/image\/\"},\"sameAs\":[\"https:\/\/www.facebook.com\/oslo.hoyre\"]}]}<\/script>\n<!-- \/ Yoast SEO Premium plugin. -->","yoast_head_json":{"title":"Frognerbudsjettet vedtatt - Oslo H\u00f8yre","robots":{"index":"index","follow":"follow","max-snippet":"max-snippet:-1","max-image-preview":"max-image-preview:large","max-video-preview":"max-video-preview:-1"},"canonical":"https:\/\/hoyre.no\/oslo\/aktuelt\/frognerbudsjettet-vedtatt\/","og_locale":"nb_NO","og_type":"article","og_title":"Frognerbudsjettet vedtatt","og_url":"https:\/\/hoyre.no\/oslo\/aktuelt\/frognerbudsjettet-vedtatt\/","og_site_name":"Oslo H\u00f8yre","article_publisher":"https:\/\/www.facebook.com\/oslo.hoyre","article_published_time":"2014-12-19T17:45:39+00:00","article_modified_time":"2022-09-26T13:05:42+00:00","og_image":[{"width":1920,"height":1440,"url":"https:\/\/hoyre.no\/content\/uploads\/sites\/408\/2022\/09\/IMG_2153-scaled-1.jpg","type":"image\/jpeg"}],"twitter_card":"summary_large_image","twitter_misc":{"Ansl. lesetid":"2 minutter"},"schema":{"@context":"https:\/\/schema.org","@graph":[{"@type":"Article","@id":"https:\/\/hoyre.no\/oslo\/aktuelt\/frognerbudsjettet-vedtatt\/#article","isPartOf":{"@id":"https:\/\/hoyre.no\/oslo\/aktuelt\/frognerbudsjettet-vedtatt\/"},"author":{"name":"","@id":""},"headline":"Frognerbudsjettet vedtatt","datePublished":"2014-12-19T17:45:39+00:00","dateModified":"2022-09-26T13:05:42+00:00","mainEntityOfPage":{"@id":"https:\/\/hoyre.no\/oslo\/aktuelt\/frognerbudsjettet-vedtatt\/"},"wordCount":463,"publisher":{"@id":"https:\/\/hoyre.no\/oslo\/#organization"},"image":{"@id":"https:\/\/hoyre.no\/oslo\/aktuelt\/frognerbudsjettet-vedtatt\/#primaryimage"},"thumbnailUrl":"https:\/\/hoyre.no\/content\/uploads\/sites\/408\/2022\/09\/IMG_2153-scaled-1.jpg","articleSection":["Nyheter"],"inLanguage":"nb-NO"},{"@type":"NewsArticle","@id":"https:\/\/hoyre.no\/oslo\/aktuelt\/frognerbudsjettet-vedtatt\/","url":"https:\/\/hoyre.no\/oslo\/aktuelt\/frognerbudsjettet-vedtatt\/","name":"Frognerbudsjettet vedtatt - Oslo H\u00f8yre","isPartOf":{"@id":"https:\/\/hoyre.no\/oslo\/#website"},"image":{"@id":"https:\/\/hoyre.no\/oslo\/aktuelt\/frognerbudsjettet-vedtatt\/#primaryimage"},"thumbnailUrl":"https:\/\/hoyre.no\/content\/uploads\/sites\/408\/2022\/09\/IMG_2153-scaled-1.jpg","datePublished":"2014-12-19T17:45:39+00:00","dateModified":"2022-09-26T13:05:42+00:00","breadcrumb":{"@id":"https:\/\/hoyre.no\/oslo\/aktuelt\/frognerbudsjettet-vedtatt\/#breadcrumb"},"inLanguage":"nb-NO","potentialAction":[{"@type":"ReadAction","target":["https:\/\/hoyre.no\/oslo\/aktuelt\/frognerbudsjettet-vedtatt\/"]}]},{"@type":"ImageObject","inLanguage":"nb-NO","@id":"https:\/\/hoyre.no\/oslo\/aktuelt\/frognerbudsjettet-vedtatt\/#primaryimage","url":"https:\/\/hoyre.no\/content\/uploads\/sites\/408\/2022\/09\/IMG_2153-scaled-1.jpg","contentUrl":"https:\/\/hoyre.no\/content\/uploads\/sites\/408\/2022\/09\/IMG_2153-scaled-1.jpg","width":1920,"height":1440,"caption":"Budsjett for Frogner Bydel 2015 er vedtatt"},{"@type":"BreadcrumbList","@id":"https:\/\/hoyre.no\/oslo\/aktuelt\/frognerbudsjettet-vedtatt\/#breadcrumb","itemListElement":[{"@type":"ListItem","position":1,"name":"Til hoyre.no","item":"https:\/\/hoyre.no"},{"@type":"ListItem","position":2,"name":"Hjem","item":"https:\/\/hoyre.no\/oslo\/"},{"@type":"ListItem","position":3,"name":"Frognerbudsjettet vedtatt"}]},{"@type":"WebSite","@id":"https:\/\/hoyre.no\/oslo\/#website","url":"https:\/\/hoyre.no\/oslo\/","name":"Oslo H\u00f8yre","description":"","publisher":{"@id":"https:\/\/hoyre.no\/oslo\/#organization"},"inLanguage":"nb-NO"},{"@type":"Organization","@id":"https:\/\/hoyre.no\/oslo\/#organization","name":"Oslo H\u00f8yre","url":"https:\/\/hoyre.no\/oslo\/","logo":{"@type":"ImageObject","inLanguage":"nb-NO","@id":"https:\/\/hoyre.no\/oslo\/#\/schema\/logo\/image\/","url":"https:\/\/hoyre.no\/content\/uploads\/sites\/408\/2022\/11\/Hoyres-logo.png","contentUrl":"https:\/\/hoyre.no\/content\/uploads\/sites\/408\/2022\/11\/Hoyres-logo.png","width":1000,"height":1000,"caption":"Oslo H\u00f8yre"},"image":{"@id":"https:\/\/hoyre.no\/oslo\/#\/schema\/logo\/image\/"},"sameAs":["https:\/\/www.facebook.com\/oslo.hoyre"]}]}},"distributor_meta":false,"distributor_terms":false,"distributor_media":false,"distributor_original_site_name":"Oslo H\u00f8yre","distributor_original_site_url":"https:\/\/hoyre.no\/oslo","push-errors":false,"_links":{"self":[{"href":"https:\/\/hoyre.no\/oslo\/wp-json\/wp\/v2\/posts\/1510","targetHints":{"allow":["GET"]}}],"collection":[{"href":"https:\/\/hoyre.no\/oslo\/wp-json\/wp\/v2\/posts"}],"about":[{"href":"https:\/\/hoyre.no\/oslo\/wp-json\/wp\/v2\/types\/post"}],"replies":[{"embeddable":true,"href":"https:\/\/hoyre.no\/oslo\/wp-json\/wp\/v2\/comments?post=1510"}],"version-history":[{"count":1,"href":"https:\/\/hoyre.no\/oslo\/wp-json\/wp\/v2\/posts\/1510\/revisions"}],"predecessor-version":[{"id":2739,"href":"https:\/\/hoyre.no\/oslo\/wp-json\/wp\/v2\/posts\/1510\/revisions\/2739"}],"wp:featuredmedia":[{"embeddable":true,"href":"https:\/\/hoyre.no\/oslo\/wp-json\/wp\/v2\/media\/1511"}],"wp:attachment":[{"href":"https:\/\/hoyre.no\/oslo\/wp-json\/wp\/v2\/media?parent=1510"}],"wp:term":[{"taxonomy":"category","embeddable":true,"href":"https:\/\/hoyre.no\/oslo\/wp-json\/wp\/v2\/category?post=1510"},{"taxonomy":"post_tag","embeddable":true,"href":"https:\/\/hoyre.no\/oslo\/wp-json\/wp\/v2\/post_tag?post=1510"},{"taxonomy":"hoyre-visibility","embeddable":true,"href":"https:\/\/hoyre.no\/oslo\/wp-json\/wp\/v2\/hoyre-visibility?post=1510"},{"taxonomy":"article-type","embeddable":true,"href":"https:\/\/hoyre.no\/oslo\/wp-json\/wp\/v2\/article-type?post=1510"},{"taxonomy":"politician","embeddable":true,"href":"https:\/\/hoyre.no\/oslo\/wp-json\/wp\/v2\/politician?post=1510"}],"curies":[{"name":"wp","href":"https:\/\/api.w.org\/{rel}","templated":true}]}}