{"id":1512,"date":"2014-12-19T09:14:36","date_gmt":"2014-12-19T09:14:36","guid":{"rendered":"https:\/\/hoyre.no\/oslo\/aktuelt\/arbeiderpartiet-gar-nye-veier-budsjettarbeidet\/"},"modified":"2022-09-26T15:05:42","modified_gmt":"2022-09-26T13:05:42","slug":"arbeiderpartiet-gar-nye-veier-budsjettarbeidet","status":"publish","type":"post","link":"https:\/\/hoyre.no\/oslo\/aktuelt\/arbeiderpartiet-gar-nye-veier-budsjettarbeidet\/","title":{"rendered":"Arbeiderpartiet g\u00e5r nye veier i budsjettarbeidet"},"content":{"rendered":"<figure class=\"hoyre-image-wrapper\"><div class=\"hoyre-image\"><img loading=\"lazy\" decoding=\"async\" width=\"1920\" height=\"1440\" src=\"https:\/\/hoyre.no\/content\/uploads\/sites\/408\/2022\/09\/IMG_2153-scaled-1.jpg\" class=\"attachment-scaled size-scaled\" alt=\"Budsjett for Frogner Bydel 2015 er vedtatt\" style=\"object-position: 50% 50%\" srcset=\"https:\/\/hoyre.no\/content\/uploads\/sites\/408\/2022\/09\/IMG_2153-scaled-1.jpg 1920w, https:\/\/hoyre.no\/content\/uploads\/sites\/408\/2022\/09\/IMG_2153-scaled-1-300x225.jpg 300w, https:\/\/hoyre.no\/content\/uploads\/sites\/408\/2022\/09\/IMG_2153-scaled-1-1024x768.jpg 1024w, https:\/\/hoyre.no\/content\/uploads\/sites\/408\/2022\/09\/IMG_2153-scaled-1-768x576.jpg 768w, https:\/\/hoyre.no\/content\/uploads\/sites\/408\/2022\/09\/IMG_2153-scaled-1-1536x1152.jpg 1536w\" sizes=\"auto, (max-width: 1920px) 100vw, 1920px\" \/><\/div><\/figure><div id=\"hoyre-old-article-content-wrapper\"><h1>Arbeiderpartiet g\u00e5r nye veier i budsjettarbeidet<\/h1><figure id=\"attachment_2411\" aria-describedby=\"caption-attachment-2411\"><a href=\"https:\/\/www.oslohoyre.no\/wp-content\/uploads\/2014\/12\/IMG_7066_edited-1.jpg\"><img decoding=\"async\" loading=\"lazy\" src=\"https:\/\/www.oslohoyre.no\/wp-content\/uploads\/2014\/12\/IMG_7066_edited-1.jpg\" alt=\"Arbeiderpartiet vil at kommunen skal ha sin del av kirkeofringene.\" width=\"640\" height=\"450\" \/><\/a><figcaption id=\"caption-attachment-2411\">Arbeiderpartiet vil at kommunen skal ha sin del av kirkeofringene.<\/figcaption><\/figure><p><strong>Det er tid for \u00e5 sette sammen budsjett i bydelene. For at budsjettet skal g\u00e5 i balanse m\u00e5 mange brikker p\u00e5 plass.<\/strong><\/p><p><em>Tekst: Hans Magnus Borge \/\/ Foto: Hans Magnus Borge<\/em><\/p><h3>Nye finansieringsformer<\/h3><p>Under budsjettdebatten i Bydelsutvalget 16 desember lanserte Arbeiderpartiets gruppeleder Ole Jacob Kjendlie kirkeb\u00f8ssene som et alternativ. De er tydeligvis usikre p\u00e5 om eiendomsskatten vil l\u00f8se alle \u00f8konomiske problemer.<\/p><h3>&laquo;Overskudd&raquo; er ikke overskudd<\/h3><p>Regnskapene for seniorsentrene viser i \u00e5r et overskudd. Det mener Arbeiderpartiet gj\u00f8r at man b\u00f8r\u00a0inndra overskuddet. Alternativt redusere tilskuddet \u2013 som jo er samme sak. For noen av dem &#8211; som Bygd\u00f8y, skyldes dette \u00aboverskuddet\u00bb at de har f\u00e5tt mer gaver og tilskudd enn tidligere \u00e5r. Bygd\u00f8y menighet er en av bidragsyterne. Dessuten gikk de ansatte ned i l\u00f8nn. Tilskuddet fra Bydelen dekker ikke en gang l\u00f8nn til de ansatte. S\u00e5 det \u00aboverskuddet\u00bb som fremkommer i regnskapene er h\u00f8yst fiktive i denne sammenheng. Da Hans Magnus Borge(H) tillot seg \u00e5 p\u00e5peke dette ble det avfeiet som en kynisk avsporing av debatten. Borge p\u00e5pekte ogs\u00e5 at han vanskelig kunne st\u00e5 som tekstleser i Bygd\u00f8y kirke og annonsere kollekt til Bygd\u00f8y Seniorsenter uten samtidig \u00e5 si at noe i realiteten g\u00e5r til Frogner Bydel.<\/p><blockquote><p>\u00abDet blir drepen for alt frivillig arbeide hvis Bydelen skal ta slike \u00aboverskudd\u00bb presiserte Hans Magnus Borge.<\/p><\/blockquote><p><a href=\"http:\/\/www.bydel-frogner.oslo.kommune.no\/article288777-1790.html\">Du kan lese sakspapirene fra m\u00f8tet her<\/a><\/p><p><a href=\"http:\/\/www.bydel-frogner.oslo.kommune.no\/article287450-1790.html\">Budsjettet med kommentarer finner du her<\/a><\/p>\n<\/div>\n<div class=\"tags\">\n\t<\/div>\n<div class=\"post-footer alignfull has-background block-editor-block-list__block\" data-align=full>\n\t<div class=\"post-footer-inner\">\n\t\t<h3>Relaterte artikler<\/h3>\n\t\t<div class=\"related-content\"><div class=\"is-card-hoyre\">\n\t<div class=\"teft-card hoyre-teft-card post-teft-card\">\n\t\t<a href=\"https:\/\/hoyre.no\/oslo\/aktuelt\/mdg-moralismen-fornekter-seg-ikke\/\" class=\"teft-card__primary-action\">\n\n\t\t\t\t\t<div class=\"teft-card__media teft-card__media--16-9\">\n\t\t\t\t\t\t<img loading=\"lazy\" decoding=\"async\" width=\"768\" height=\"512\" src=\"https:\/\/hoyre.no\/content\/uploads\/sites\/408\/2024\/01\/QZQlxtOC-768x512.jpeg\" class=\"attachment-medium_large size-medium_large\" alt=\"Merete Agerbak-Jensen\" srcset=\"https:\/\/hoyre.no\/content\/uploads\/sites\/408\/2024\/01\/QZQlxtOC-768x512.jpeg 768w, https:\/\/hoyre.no\/content\/uploads\/sites\/408\/2024\/01\/QZQlxtOC-300x200.jpeg 300w, https:\/\/hoyre.no\/content\/uploads\/sites\/408\/2024\/01\/QZQlxtOC-1024x683.jpeg 1024w, https:\/\/hoyre.no\/content\/uploads\/sites\/408\/2024\/01\/QZQlxtOC-1536x1024.jpeg 1536w, https:\/\/hoyre.no\/content\/uploads\/sites\/408\/2024\/01\/QZQlxtOC-2048x1365.jpeg 2048w\" sizes=\"auto, (max-width: 768px) 100vw, 768px\" \/>\t\t<\/div>\n\t\t\n\t\t\t<div class=\"teft-card__content-wrapper\">\n\t\t\t\t<div class=\"teft-card__secondary\">\n\t\t\t\t\t\n\t\t\t\t\t\t\t\t<div class=\"teft-card__meta\">\n\t\t\t\t\t\t\t\t\t<span class=\"post-date\">23. apr 2026<\/span>\n\n\t\t\t\t\t\t\t\t\t\t\t\t\t\t\t\t\t<\/div>\n\t\t\t\t\t\t\t\t\t\t\t<\/div>\n\n\t\t\t\t<div class=\"teft-card__primary\">\n\t\t\t\t\t<h2 class=\"teft-card__title\">MDG-moralismen fornekter seg ikke&nbsp;<span class=\"teft-card__primary-title-append\"><\/span><\/h2>\t\t\t\t<\/div>\n\t\t\t<\/div>\n\t\t<\/a>\n\t<\/div>\n\n\t<\/div><div class=\"is-card-hoyre\">\n\t<div class=\"teft-card hoyre-teft-card post-teft-card\">\n\t\t<a href=\"https:\/\/hoyre.no\/oslo\/aktuelt\/raskere-og-enklere-a-bygge-boliger-og-skape-arbeidsplasser-i-oslo\/\" class=\"teft-card__primary-action\">\n\n\t\t\t\t\t<div class=\"teft-card__media teft-card__media--16-9\">\n\t\t\t\t\t\t<img loading=\"lazy\" decoding=\"async\" width=\"768\" height=\"576\" src=\"https:\/\/hoyre.no\/content\/uploads\/sites\/408\/2026\/04\/Eirik-Lae-Solberg-og-Anita-Leirvik-North-768x576.jpg\" class=\"attachment-medium_large size-medium_large\" alt=\"\" srcset=\"https:\/\/hoyre.no\/content\/uploads\/sites\/408\/2026\/04\/Eirik-Lae-Solberg-og-Anita-Leirvik-North-768x576.jpg 768w, https:\/\/hoyre.no\/content\/uploads\/sites\/408\/2026\/04\/Eirik-Lae-Solberg-og-Anita-Leirvik-North-300x225.jpg 300w, https:\/\/hoyre.no\/content\/uploads\/sites\/408\/2026\/04\/Eirik-Lae-Solberg-og-Anita-Leirvik-North.jpg 901w\" sizes=\"auto, (max-width: 768px) 100vw, 768px\" \/>\t\t<\/div>\n\t\t\n\t\t\t<div class=\"teft-card__content-wrapper\">\n\t\t\t\t<div class=\"teft-card__secondary\">\n\t\t\t\t\t\n\t\t\t\t\t\t\t\t<div class=\"teft-card__meta\">\n\t\t\t\t\t\t\t\t\t<span class=\"post-date\">14. apr 2026<\/span>\n\n\t\t\t\t\t\t\t\t\t<span class=\"post-category\">Har lagt frem ny KPA:<\/span>\t\t\t\t\t\t\t\t<\/div>\n\t\t\t\t\t\t\t\t\t\t\t<\/div>\n\n\t\t\t\t<div class=\"teft-card__primary\">\n\t\t\t\t\t<h2 class=\"teft-card__title\">Raskere og enklere \u00e5 bygge boliger og skape arbeidsplasser i Oslo&nbsp;<span class=\"teft-card__primary-title-append\"><\/span><\/h2>\t\t\t\t<\/div>\n\t\t\t<\/div>\n\t\t<\/a>\n\t<\/div>\n\n\t<\/div><div class=\"is-card-hoyre\">\n\t<div class=\"teft-card hoyre-teft-card post-teft-card\">\n\t\t<a href=\"https:\/\/hoyre.no\/oslo\/aktuelt\/bedre-elevresultater-og-en-skoleokonomi-i-balanse-med-blagront-byrad\/\" class=\"teft-card__primary-action\">\n\n\t\t\t\t\t<div class=\"teft-card__media teft-card__media--16-9\">\n\t\t\t\t\t\t<img loading=\"lazy\" decoding=\"async\" width=\"768\" height=\"512\" src=\"https:\/\/hoyre.no\/content\/uploads\/sites\/408\/2025\/05\/IMG_6440-768x512.jpeg\" class=\"attachment-medium_large size-medium_large\" alt=\"Julie Remen Midtgarden\" srcset=\"https:\/\/hoyre.no\/content\/uploads\/sites\/408\/2025\/05\/IMG_6440-768x512.jpeg 768w, https:\/\/hoyre.no\/content\/uploads\/sites\/408\/2025\/05\/IMG_6440-300x200.jpeg 300w, https:\/\/hoyre.no\/content\/uploads\/sites\/408\/2025\/05\/IMG_6440-1024x683.jpeg 1024w, https:\/\/hoyre.no\/content\/uploads\/sites\/408\/2025\/05\/IMG_6440-1536x1024.jpeg 1536w, https:\/\/hoyre.no\/content\/uploads\/sites\/408\/2025\/05\/IMG_6440-2048x1365.jpeg 2048w\" sizes=\"auto, (max-width: 768px) 100vw, 768px\" \/>\t\t<\/div>\n\t\t\n\t\t\t<div class=\"teft-card__content-wrapper\">\n\t\t\t\t<div class=\"teft-card__secondary\">\n\t\t\t\t\t\n\t\t\t\t\t\t\t\t<div class=\"teft-card__meta\">\n\t\t\t\t\t\t\t\t\t<span class=\"post-date\">26. mar 2026<\/span>\n\n\t\t\t\t\t\t\t\t\t\t\t\t\t\t\t\t\t<\/div>\n\t\t\t\t\t\t\t\t\t\t\t<\/div>\n\n\t\t\t\t<div class=\"teft-card__primary\">\n\t\t\t\t\t<h2 class=\"teft-card__title\">Bedre elevresultater og en skole\u00f8konomi i balanse med bl\u00e5gr\u00f8nt byr\u00e5d&nbsp;<span class=\"teft-card__primary-title-append\"><\/span><\/h2>\t\t\t\t<\/div>\n\t\t\t<\/div>\n\t\t<\/a>\n\t<\/div>\n\n\t<\/div><\/div>\t<\/div>\n<\/div>\n","protected":false},"excerpt":{"rendered":"","protected":false},"author":0,"featured_media":0,"comment_status":"closed","ping_status":"closed","sticky":false,"template":"","format":"standard","meta":{"teft_cards_image_url":"","teft_cards_custom_pretitle":"","teft_cards_image_id":0,"teft_cards_image_focal_point_x":0,"teft_cards_image_focal_point_y":0,"teft_cards_title":"","teft_cards_excerpt":"","teft_show_chapters":false,"author_display_name":"Oslo H\u00f8yre","footnotes":""},"category":[1],"post_tag":[],"hoyre-visibility":[],"article-type":[],"politician":[],"class_list":["post-1512","post","type-post","status-publish","format-standard","hentry","category-nyheter"],"yoast_head":"<!-- This site is optimized with the Yoast SEO Premium plugin v26.5 (Yoast SEO v26.6) - https:\/\/yoast.com\/wordpress\/plugins\/seo\/ -->\n<title>Arbeiderpartiet g\u00e5r nye veier i budsjettarbeidet - Oslo H\u00f8yre<\/title>\n<meta name=\"robots\" content=\"index, follow, max-snippet:-1, max-image-preview:large, max-video-preview:-1\" \/>\n<link rel=\"canonical\" href=\"https:\/\/hoyre.no\/oslo\/aktuelt\/arbeiderpartiet-gar-nye-veier-budsjettarbeidet\/\" \/>\n<meta property=\"og:locale\" content=\"nb_NO\" \/>\n<meta property=\"og:type\" content=\"article\" \/>\n<meta property=\"og:title\" content=\"Arbeiderpartiet g\u00e5r nye veier i budsjettarbeidet\" \/>\n<meta property=\"og:url\" content=\"https:\/\/hoyre.no\/oslo\/aktuelt\/arbeiderpartiet-gar-nye-veier-budsjettarbeidet\/\" \/>\n<meta property=\"og:site_name\" content=\"Oslo H\u00f8yre\" \/>\n<meta property=\"article:publisher\" content=\"https:\/\/www.facebook.com\/oslo.hoyre\" \/>\n<meta property=\"article:published_time\" content=\"2014-12-19T09:14:36+00:00\" \/>\n<meta property=\"article:modified_time\" content=\"2022-09-26T13:05:42+00:00\" \/>\n<meta property=\"og:image\" content=\"https:\/\/www.oslohoyre.no\/wp-content\/uploads\/2014\/12\/IMG_7066_edited-1.jpg\" \/>\n<meta name=\"twitter:card\" content=\"summary_large_image\" \/>\n<meta name=\"twitter:label1\" content=\"Ansl. lesetid\" \/>\n\t<meta name=\"twitter:data1\" content=\"1 minutt\" \/>\n<script type=\"application\/ld+json\" class=\"yoast-schema-graph\">{\"@context\":\"https:\/\/schema.org\",\"@graph\":[{\"@type\":\"Article\",\"@id\":\"https:\/\/hoyre.no\/oslo\/aktuelt\/arbeiderpartiet-gar-nye-veier-budsjettarbeidet\/#article\",\"isPartOf\":{\"@id\":\"https:\/\/hoyre.no\/oslo\/aktuelt\/arbeiderpartiet-gar-nye-veier-budsjettarbeidet\/\"},\"author\":{\"name\":\"\",\"@id\":\"\"},\"headline\":\"Arbeiderpartiet g\u00e5r nye veier i budsjettarbeidet\",\"datePublished\":\"2014-12-19T09:14:36+00:00\",\"dateModified\":\"2022-09-26T13:05:42+00:00\",\"mainEntityOfPage\":{\"@id\":\"https:\/\/hoyre.no\/oslo\/aktuelt\/arbeiderpartiet-gar-nye-veier-budsjettarbeidet\/\"},\"wordCount\":279,\"publisher\":{\"@id\":\"https:\/\/hoyre.no\/oslo\/#organization\"},\"image\":{\"@id\":\"https:\/\/hoyre.no\/oslo\/aktuelt\/arbeiderpartiet-gar-nye-veier-budsjettarbeidet\/#primaryimage\"},\"thumbnailUrl\":\"https:\/\/www.oslohoyre.no\/wp-content\/uploads\/2014\/12\/IMG_7066_edited-1.jpg\",\"articleSection\":[\"Nyheter\"],\"inLanguage\":\"nb-NO\"},{\"@type\":\"NewsArticle\",\"@id\":\"https:\/\/hoyre.no\/oslo\/aktuelt\/arbeiderpartiet-gar-nye-veier-budsjettarbeidet\/\",\"url\":\"https:\/\/hoyre.no\/oslo\/aktuelt\/arbeiderpartiet-gar-nye-veier-budsjettarbeidet\/\",\"name\":\"Arbeiderpartiet g\u00e5r nye veier i budsjettarbeidet - Oslo H\u00f8yre\",\"isPartOf\":{\"@id\":\"https:\/\/hoyre.no\/oslo\/#website\"},\"image\":{\"@id\":\"https:\/\/hoyre.no\/oslo\/aktuelt\/arbeiderpartiet-gar-nye-veier-budsjettarbeidet\/#primaryimage\"},\"thumbnailUrl\":\"https:\/\/www.oslohoyre.no\/wp-content\/uploads\/2014\/12\/IMG_7066_edited-1.jpg\",\"datePublished\":\"2014-12-19T09:14:36+00:00\",\"dateModified\":\"2022-09-26T13:05:42+00:00\",\"breadcrumb\":{\"@id\":\"https:\/\/hoyre.no\/oslo\/aktuelt\/arbeiderpartiet-gar-nye-veier-budsjettarbeidet\/#breadcrumb\"},\"inLanguage\":\"nb-NO\",\"potentialAction\":[{\"@type\":\"ReadAction\",\"target\":[\"https:\/\/hoyre.no\/oslo\/aktuelt\/arbeiderpartiet-gar-nye-veier-budsjettarbeidet\/\"]}]},{\"@type\":\"ImageObject\",\"inLanguage\":\"nb-NO\",\"@id\":\"https:\/\/hoyre.no\/oslo\/aktuelt\/arbeiderpartiet-gar-nye-veier-budsjettarbeidet\/#primaryimage\",\"url\":\"https:\/\/www.oslohoyre.no\/wp-content\/uploads\/2014\/12\/IMG_7066_edited-1.jpg\",\"contentUrl\":\"https:\/\/www.oslohoyre.no\/wp-content\/uploads\/2014\/12\/IMG_7066_edited-1.jpg\"},{\"@type\":\"BreadcrumbList\",\"@id\":\"https:\/\/hoyre.no\/oslo\/aktuelt\/arbeiderpartiet-gar-nye-veier-budsjettarbeidet\/#breadcrumb\",\"itemListElement\":[{\"@type\":\"ListItem\",\"position\":1,\"name\":\"Til hoyre.no\",\"item\":\"https:\/\/hoyre.no\"},{\"@type\":\"ListItem\",\"position\":2,\"name\":\"Hjem\",\"item\":\"https:\/\/hoyre.no\/oslo\/\"},{\"@type\":\"ListItem\",\"position\":3,\"name\":\"Arbeiderpartiet g\u00e5r nye veier i budsjettarbeidet\"}]},{\"@type\":\"WebSite\",\"@id\":\"https:\/\/hoyre.no\/oslo\/#website\",\"url\":\"https:\/\/hoyre.no\/oslo\/\",\"name\":\"Oslo H\u00f8yre\",\"description\":\"\",\"publisher\":{\"@id\":\"https:\/\/hoyre.no\/oslo\/#organization\"},\"inLanguage\":\"nb-NO\"},{\"@type\":\"Organization\",\"@id\":\"https:\/\/hoyre.no\/oslo\/#organization\",\"name\":\"Oslo H\u00f8yre\",\"url\":\"https:\/\/hoyre.no\/oslo\/\",\"logo\":{\"@type\":\"ImageObject\",\"inLanguage\":\"nb-NO\",\"@id\":\"https:\/\/hoyre.no\/oslo\/#\/schema\/logo\/image\/\",\"url\":\"https:\/\/hoyre.no\/content\/uploads\/sites\/408\/2022\/11\/Hoyres-logo.png\",\"contentUrl\":\"https:\/\/hoyre.no\/content\/uploads\/sites\/408\/2022\/11\/Hoyres-logo.png\",\"width\":1000,\"height\":1000,\"caption\":\"Oslo H\u00f8yre\"},\"image\":{\"@id\":\"https:\/\/hoyre.no\/oslo\/#\/schema\/logo\/image\/\"},\"sameAs\":[\"https:\/\/www.facebook.com\/oslo.hoyre\"]}]}<\/script>\n<!-- \/ Yoast SEO Premium plugin. -->","yoast_head_json":{"title":"Arbeiderpartiet g\u00e5r nye veier i budsjettarbeidet - Oslo H\u00f8yre","robots":{"index":"index","follow":"follow","max-snippet":"max-snippet:-1","max-image-preview":"max-image-preview:large","max-video-preview":"max-video-preview:-1"},"canonical":"https:\/\/hoyre.no\/oslo\/aktuelt\/arbeiderpartiet-gar-nye-veier-budsjettarbeidet\/","og_locale":"nb_NO","og_type":"article","og_title":"Arbeiderpartiet g\u00e5r nye veier i budsjettarbeidet","og_url":"https:\/\/hoyre.no\/oslo\/aktuelt\/arbeiderpartiet-gar-nye-veier-budsjettarbeidet\/","og_site_name":"Oslo H\u00f8yre","article_publisher":"https:\/\/www.facebook.com\/oslo.hoyre","article_published_time":"2014-12-19T09:14:36+00:00","article_modified_time":"2022-09-26T13:05:42+00:00","og_image":[{"url":"https:\/\/www.oslohoyre.no\/wp-content\/uploads\/2014\/12\/IMG_7066_edited-1.jpg","type":"","width":"","height":""}],"twitter_card":"summary_large_image","twitter_misc":{"Ansl. lesetid":"1 minutt"},"schema":{"@context":"https:\/\/schema.org","@graph":[{"@type":"Article","@id":"https:\/\/hoyre.no\/oslo\/aktuelt\/arbeiderpartiet-gar-nye-veier-budsjettarbeidet\/#article","isPartOf":{"@id":"https:\/\/hoyre.no\/oslo\/aktuelt\/arbeiderpartiet-gar-nye-veier-budsjettarbeidet\/"},"author":{"name":"","@id":""},"headline":"Arbeiderpartiet g\u00e5r nye veier i budsjettarbeidet","datePublished":"2014-12-19T09:14:36+00:00","dateModified":"2022-09-26T13:05:42+00:00","mainEntityOfPage":{"@id":"https:\/\/hoyre.no\/oslo\/aktuelt\/arbeiderpartiet-gar-nye-veier-budsjettarbeidet\/"},"wordCount":279,"publisher":{"@id":"https:\/\/hoyre.no\/oslo\/#organization"},"image":{"@id":"https:\/\/hoyre.no\/oslo\/aktuelt\/arbeiderpartiet-gar-nye-veier-budsjettarbeidet\/#primaryimage"},"thumbnailUrl":"https:\/\/www.oslohoyre.no\/wp-content\/uploads\/2014\/12\/IMG_7066_edited-1.jpg","articleSection":["Nyheter"],"inLanguage":"nb-NO"},{"@type":"NewsArticle","@id":"https:\/\/hoyre.no\/oslo\/aktuelt\/arbeiderpartiet-gar-nye-veier-budsjettarbeidet\/","url":"https:\/\/hoyre.no\/oslo\/aktuelt\/arbeiderpartiet-gar-nye-veier-budsjettarbeidet\/","name":"Arbeiderpartiet g\u00e5r nye veier i budsjettarbeidet - Oslo H\u00f8yre","isPartOf":{"@id":"https:\/\/hoyre.no\/oslo\/#website"},"image":{"@id":"https:\/\/hoyre.no\/oslo\/aktuelt\/arbeiderpartiet-gar-nye-veier-budsjettarbeidet\/#primaryimage"},"thumbnailUrl":"https:\/\/www.oslohoyre.no\/wp-content\/uploads\/2014\/12\/IMG_7066_edited-1.jpg","datePublished":"2014-12-19T09:14:36+00:00","dateModified":"2022-09-26T13:05:42+00:00","breadcrumb":{"@id":"https:\/\/hoyre.no\/oslo\/aktuelt\/arbeiderpartiet-gar-nye-veier-budsjettarbeidet\/#breadcrumb"},"inLanguage":"nb-NO","potentialAction":[{"@type":"ReadAction","target":["https:\/\/hoyre.no\/oslo\/aktuelt\/arbeiderpartiet-gar-nye-veier-budsjettarbeidet\/"]}]},{"@type":"ImageObject","inLanguage":"nb-NO","@id":"https:\/\/hoyre.no\/oslo\/aktuelt\/arbeiderpartiet-gar-nye-veier-budsjettarbeidet\/#primaryimage","url":"https:\/\/www.oslohoyre.no\/wp-content\/uploads\/2014\/12\/IMG_7066_edited-1.jpg","contentUrl":"https:\/\/www.oslohoyre.no\/wp-content\/uploads\/2014\/12\/IMG_7066_edited-1.jpg"},{"@type":"BreadcrumbList","@id":"https:\/\/hoyre.no\/oslo\/aktuelt\/arbeiderpartiet-gar-nye-veier-budsjettarbeidet\/#breadcrumb","itemListElement":[{"@type":"ListItem","position":1,"name":"Til hoyre.no","item":"https:\/\/hoyre.no"},{"@type":"ListItem","position":2,"name":"Hjem","item":"https:\/\/hoyre.no\/oslo\/"},{"@type":"ListItem","position":3,"name":"Arbeiderpartiet g\u00e5r nye veier i budsjettarbeidet"}]},{"@type":"WebSite","@id":"https:\/\/hoyre.no\/oslo\/#website","url":"https:\/\/hoyre.no\/oslo\/","name":"Oslo H\u00f8yre","description":"","publisher":{"@id":"https:\/\/hoyre.no\/oslo\/#organization"},"inLanguage":"nb-NO"},{"@type":"Organization","@id":"https:\/\/hoyre.no\/oslo\/#organization","name":"Oslo H\u00f8yre","url":"https:\/\/hoyre.no\/oslo\/","logo":{"@type":"ImageObject","inLanguage":"nb-NO","@id":"https:\/\/hoyre.no\/oslo\/#\/schema\/logo\/image\/","url":"https:\/\/hoyre.no\/content\/uploads\/sites\/408\/2022\/11\/Hoyres-logo.png","contentUrl":"https:\/\/hoyre.no\/content\/uploads\/sites\/408\/2022\/11\/Hoyres-logo.png","width":1000,"height":1000,"caption":"Oslo H\u00f8yre"},"image":{"@id":"https:\/\/hoyre.no\/oslo\/#\/schema\/logo\/image\/"},"sameAs":["https:\/\/www.facebook.com\/oslo.hoyre"]}]}},"distributor_meta":false,"distributor_terms":false,"distributor_media":false,"distributor_original_site_name":"Oslo H\u00f8yre","distributor_original_site_url":"https:\/\/hoyre.no\/oslo","push-errors":false,"_links":{"self":[{"href":"https:\/\/hoyre.no\/oslo\/wp-json\/wp\/v2\/posts\/1512","targetHints":{"allow":["GET"]}}],"collection":[{"href":"https:\/\/hoyre.no\/oslo\/wp-json\/wp\/v2\/posts"}],"about":[{"href":"https:\/\/hoyre.no\/oslo\/wp-json\/wp\/v2\/types\/post"}],"replies":[{"embeddable":true,"href":"https:\/\/hoyre.no\/oslo\/wp-json\/wp\/v2\/comments?post=1512"}],"version-history":[{"count":1,"href":"https:\/\/hoyre.no\/oslo\/wp-json\/wp\/v2\/posts\/1512\/revisions"}],"predecessor-version":[{"id":2740,"href":"https:\/\/hoyre.no\/oslo\/wp-json\/wp\/v2\/posts\/1512\/revisions\/2740"}],"wp:attachment":[{"href":"https:\/\/hoyre.no\/oslo\/wp-json\/wp\/v2\/media?parent=1512"}],"wp:term":[{"taxonomy":"category","embeddable":true,"href":"https:\/\/hoyre.no\/oslo\/wp-json\/wp\/v2\/category?post=1512"},{"taxonomy":"post_tag","embeddable":true,"href":"https:\/\/hoyre.no\/oslo\/wp-json\/wp\/v2\/post_tag?post=1512"},{"taxonomy":"hoyre-visibility","embeddable":true,"href":"https:\/\/hoyre.no\/oslo\/wp-json\/wp\/v2\/hoyre-visibility?post=1512"},{"taxonomy":"article-type","embeddable":true,"href":"https:\/\/hoyre.no\/oslo\/wp-json\/wp\/v2\/article-type?post=1512"},{"taxonomy":"politician","embeddable":true,"href":"https:\/\/hoyre.no\/oslo\/wp-json\/wp\/v2\/politician?post=1512"}],"curies":[{"name":"wp","href":"https:\/\/api.w.org\/{rel}","templated":true}]}}