{"id":1517,"date":"2014-12-18T10:50:07","date_gmt":"2014-12-18T09:50:07","guid":{"rendered":"https:\/\/hoyre.no\/oslo\/aktuelt\/slik-skal-vi-ta-norge-en-gronnere-retning\/"},"modified":"2022-09-26T15:05:45","modified_gmt":"2022-09-26T13:05:45","slug":"slik-skal-vi-ta-norge-en-gronnere-retning","status":"publish","type":"post","link":"https:\/\/hoyre.no\/oslo\/aktuelt\/slik-skal-vi-ta-norge-en-gronnere-retning\/","title":{"rendered":"Norge i en gr\u00f8nnere retning"},"content":{"rendered":"<figure class=\"hoyre-image-wrapper\"><div class=\"hoyre-image\"><img loading=\"lazy\" decoding=\"async\" width=\"1440\" height=\"1920\" src=\"https:\/\/hoyre.no\/content\/uploads\/sites\/408\/2022\/09\/hauger-lussekatter-scaled-1.jpg\" class=\"attachment-scaled size-scaled\" alt=\"\" style=\"object-position: 50% 50%\" srcset=\"https:\/\/hoyre.no\/content\/uploads\/sites\/408\/2022\/09\/hauger-lussekatter-scaled-1.jpg 1440w, https:\/\/hoyre.no\/content\/uploads\/sites\/408\/2022\/09\/hauger-lussekatter-scaled-1-225x300.jpg 225w, https:\/\/hoyre.no\/content\/uploads\/sites\/408\/2022\/09\/hauger-lussekatter-scaled-1-768x1024.jpg 768w, https:\/\/hoyre.no\/content\/uploads\/sites\/408\/2022\/09\/hauger-lussekatter-scaled-1-1152x1536.jpg 1152w\" sizes=\"auto, (max-width: 1440px) 100vw, 1440px\" \/><\/div><\/figure><div id=\"hoyre-old-article-content-wrapper\"><p>Vi legger snart bak oss en lang og innholdsrik budsjetth\u00f8st i Stortinget. En h\u00f8st preget av levende diskusjoner og godt samarbeid, men ogs\u00e5 noen uenigheter mellom samarbeidspartiene.<\/p><p>Resultatet er et statsbudsjett som representerer et taktskifte i satsningen p\u00e5 klima og milj\u00f8, samtidig som vi l\u00f8ser viktige oppgaver i dag og ruster Norge for fremtiden.<\/p><p><strong>Har utnevnt gr\u00f8nn skattekommisjon<\/strong><br \/>\nI Nydalen ble vi enige om \u00e5 bygge v\u00e5r politikk p\u00e5 blant annet forvalteransvaret og f\u00f8re-var-prinsippet, i tillegg til m\u00e5let om en mest effektiv bruk av skattebetalernes penger og fellesskapets ressurser.<\/p><p>Vi er opptatt av at de politiske grepene vi gjennomf\u00f8rer for milj\u00f8et og klimaet stimulerer, ikke tvinger oss, til milj\u00f8vennlig adferd.<\/p><p>Derfor utnevnte regjeringen en ny gr\u00f8nn skattekommisjon i august.<\/p><p>Utvalget skal fremme forslag som gj\u00f8r at det koster \u00e5 forurense og l\u00f8nner seg \u00e5 velge milj\u00f8vennlig. Et lignende forslag ble fremmet i 2011. Da kalte de r\u00f8dgr\u00f8nne forslaget for \u00ablitt underlig\u00bb.<\/p><p>N\u00e5 gjennomf\u00f8rer vi.<\/p><p><strong>\u00d8ker produksjon av fornybar energi<\/strong><br \/>\nSkal vi l\u00f8se de globale klimautfordringene, m\u00e5 forbruket av fossil energi reduseres og produksjonen av fornybar energi \u00f8kes. Derfor innfrir vi tidligere stortingsvedtak og stimulerer til \u00f8kt produksjon av ren norsk vann- og vindkraft.<\/p><p>Et lignende forslag ble fremmet i 2009. Da kalte Senterpartiets Ola Borten Moe det hele for \u00abvalgflesk av verste sort\u00bb. N\u00e5 gjennomf\u00f8rer vi.<\/p><p><strong>Omsetningsp\u00e5bud som kutter utslipp<\/strong><br \/>\nUtslippene fra veitrafikken har v\u00e6rt h\u00f8ye og n\u00e6rmest uendret siden 2005.<\/p><p>Skal vi n\u00e5 egne klimam\u00e5l m\u00e5 utslippene fra veitrafikken reduseres kraftig. I budsjettavtalen mellom samarbeidspartiene ble det derfor innf\u00f8rt et omsetningsp\u00e5bud for b\u00e6rekraftig biodrivstoff til veitrafikken p\u00e5 5,5 prosent.<\/p><p>Omsetningsp\u00e5budet vil \u00e5rlig kutte utslipp fra transportsektoren i Norge med 200.000 tonn CO2.<\/p><p>Da de r\u00f8dgr\u00f8nne for f\u00f8rste gang innf\u00f8rte omsetningsp\u00e5bud for biodrivstoff i 2010, lovet de samtidig \u00e5 \u00f8ke p\u00e5budet til 5 prosent n\u00e5r det ble innf\u00f8rt milj\u00f8- og b\u00e6rekraftskriterier for biodrivstoff.<\/p><p>Disse skulle v\u00e6re p\u00e5 plass 1. januar 2011. De kom aldri. N\u00e5 \u00f8ker vi omsetningsp\u00e5budet samtidig som vi gj\u00f8r ladbare hybrid-biler betydelig billigere i 2015.<\/p><p><strong>De viktigste elementene p\u00e5 plass<\/strong><br \/>\nI tillegg til overnevnte eksempler, gir vi fritak for veibruksavgiften for biodiesel og halv veibruksavgift for lavinnblandet bioetanol.<\/p><p>Norges Skogeierforbund sier at med \u00e5rets statsbudsjett er de viktigste elementene p\u00e5 plass for \u00e5 utl\u00f8se milliardinvesteringer i produksjon av biodrivstoff basert p\u00e5 norske skogressurser.<\/p><p>\u00c5 l\u00f8se klimautfordringen er ikke slutten p\u00e5 noe godt, men starten p\u00e5 noe bedre.<\/p><p><strong>Gr\u00f8nnere retning<\/strong><br \/>\nVi inngikk en samarbeidsavtale for blant annet \u00e5 ta Norge i en gr\u00f8nnere retning.<\/p><p>For oss er god klima- og milj\u00f8politikk en helhetlig politikk som strekker seg p\u00e5 tvers av departementsbudsjett, sektorer og landegrenser. Det har vi klart i dette statsbudsjettet.<\/p><p><a href=\"http:\/\/www.aftenposten.no\/meninger\/debatt\/Slik-skal-vi-ta-Norge-i-en-gronnere-retning-7828440.html\"><em>Denne artikkelen ble skrevet av\u00a0Nikolai Astrup milj\u00f8politisk talsmann i H\u00f8yre, Oskar Grimstad milj\u00f8politisk talsmann i Frp, Rigmor Andersen Eide milj\u00f8politisk talskvinne i KrF, Ola Elvestuen milj\u00f8politisk talsmann i Venstre, og ble publisert 16. desember i Aftenposten.<\/em><\/a><\/p>\n<\/div>\n<div class=\"tags\">\n\t<\/div>\n<div class=\"post-footer alignfull has-background block-editor-block-list__block\" data-align=full>\n\t<div class=\"post-footer-inner\">\n\t\t<h3>Relaterte artikler<\/h3>\n\t\t<div class=\"related-content\"><div class=\"is-card-hoyre\">\n\t<div class=\"teft-card hoyre-teft-card post-teft-card\">\n\t\t<a href=\"https:\/\/hoyre.no\/oslo\/aktuelt\/mdg-moralismen-fornekter-seg-ikke\/\" class=\"teft-card__primary-action\">\n\n\t\t\t\t\t<div class=\"teft-card__media teft-card__media--16-9\">\n\t\t\t\t\t\t<img loading=\"lazy\" decoding=\"async\" width=\"768\" height=\"512\" src=\"https:\/\/hoyre.no\/content\/uploads\/sites\/408\/2024\/01\/QZQlxtOC-768x512.jpeg\" class=\"attachment-medium_large size-medium_large\" alt=\"Merete Agerbak-Jensen\" srcset=\"https:\/\/hoyre.no\/content\/uploads\/sites\/408\/2024\/01\/QZQlxtOC-768x512.jpeg 768w, https:\/\/hoyre.no\/content\/uploads\/sites\/408\/2024\/01\/QZQlxtOC-300x200.jpeg 300w, https:\/\/hoyre.no\/content\/uploads\/sites\/408\/2024\/01\/QZQlxtOC-1024x683.jpeg 1024w, https:\/\/hoyre.no\/content\/uploads\/sites\/408\/2024\/01\/QZQlxtOC-1536x1024.jpeg 1536w, https:\/\/hoyre.no\/content\/uploads\/sites\/408\/2024\/01\/QZQlxtOC-2048x1365.jpeg 2048w\" sizes=\"auto, (max-width: 768px) 100vw, 768px\" \/>\t\t<\/div>\n\t\t\n\t\t\t<div class=\"teft-card__content-wrapper\">\n\t\t\t\t<div class=\"teft-card__secondary\">\n\t\t\t\t\t\n\t\t\t\t\t\t\t\t<div class=\"teft-card__meta\">\n\t\t\t\t\t\t\t\t\t<span class=\"post-date\">23. apr 2026<\/span>\n\n\t\t\t\t\t\t\t\t\t\t\t\t\t\t\t\t\t<\/div>\n\t\t\t\t\t\t\t\t\t\t\t<\/div>\n\n\t\t\t\t<div class=\"teft-card__primary\">\n\t\t\t\t\t<h2 class=\"teft-card__title\">MDG-moralismen fornekter seg ikke&nbsp;<span class=\"teft-card__primary-title-append\"><\/span><\/h2>\t\t\t\t<\/div>\n\t\t\t<\/div>\n\t\t<\/a>\n\t<\/div>\n\n\t<\/div><div class=\"is-card-hoyre\">\n\t<div class=\"teft-card hoyre-teft-card post-teft-card\">\n\t\t<a href=\"https:\/\/hoyre.no\/oslo\/aktuelt\/raskere-og-enklere-a-bygge-boliger-og-skape-arbeidsplasser-i-oslo\/\" class=\"teft-card__primary-action\">\n\n\t\t\t\t\t<div class=\"teft-card__media teft-card__media--16-9\">\n\t\t\t\t\t\t<img loading=\"lazy\" decoding=\"async\" width=\"768\" height=\"576\" src=\"https:\/\/hoyre.no\/content\/uploads\/sites\/408\/2026\/04\/Eirik-Lae-Solberg-og-Anita-Leirvik-North-768x576.jpg\" class=\"attachment-medium_large size-medium_large\" alt=\"\" srcset=\"https:\/\/hoyre.no\/content\/uploads\/sites\/408\/2026\/04\/Eirik-Lae-Solberg-og-Anita-Leirvik-North-768x576.jpg 768w, https:\/\/hoyre.no\/content\/uploads\/sites\/408\/2026\/04\/Eirik-Lae-Solberg-og-Anita-Leirvik-North-300x225.jpg 300w, https:\/\/hoyre.no\/content\/uploads\/sites\/408\/2026\/04\/Eirik-Lae-Solberg-og-Anita-Leirvik-North.jpg 901w\" sizes=\"auto, (max-width: 768px) 100vw, 768px\" \/>\t\t<\/div>\n\t\t\n\t\t\t<div class=\"teft-card__content-wrapper\">\n\t\t\t\t<div class=\"teft-card__secondary\">\n\t\t\t\t\t\n\t\t\t\t\t\t\t\t<div class=\"teft-card__meta\">\n\t\t\t\t\t\t\t\t\t<span class=\"post-date\">14. apr 2026<\/span>\n\n\t\t\t\t\t\t\t\t\t<span class=\"post-category\">Har lagt frem ny KPA:<\/span>\t\t\t\t\t\t\t\t<\/div>\n\t\t\t\t\t\t\t\t\t\t\t<\/div>\n\n\t\t\t\t<div class=\"teft-card__primary\">\n\t\t\t\t\t<h2 class=\"teft-card__title\">Raskere og enklere \u00e5 bygge boliger og skape arbeidsplasser i Oslo&nbsp;<span class=\"teft-card__primary-title-append\"><\/span><\/h2>\t\t\t\t<\/div>\n\t\t\t<\/div>\n\t\t<\/a>\n\t<\/div>\n\n\t<\/div><div class=\"is-card-hoyre\">\n\t<div class=\"teft-card hoyre-teft-card post-teft-card\">\n\t\t<a href=\"https:\/\/hoyre.no\/oslo\/aktuelt\/bedre-elevresultater-og-en-skoleokonomi-i-balanse-med-blagront-byrad\/\" class=\"teft-card__primary-action\">\n\n\t\t\t\t\t<div class=\"teft-card__media teft-card__media--16-9\">\n\t\t\t\t\t\t<img loading=\"lazy\" decoding=\"async\" width=\"768\" height=\"512\" src=\"https:\/\/hoyre.no\/content\/uploads\/sites\/408\/2025\/05\/IMG_6440-768x512.jpeg\" class=\"attachment-medium_large size-medium_large\" alt=\"Julie Remen Midtgarden\" srcset=\"https:\/\/hoyre.no\/content\/uploads\/sites\/408\/2025\/05\/IMG_6440-768x512.jpeg 768w, https:\/\/hoyre.no\/content\/uploads\/sites\/408\/2025\/05\/IMG_6440-300x200.jpeg 300w, https:\/\/hoyre.no\/content\/uploads\/sites\/408\/2025\/05\/IMG_6440-1024x683.jpeg 1024w, https:\/\/hoyre.no\/content\/uploads\/sites\/408\/2025\/05\/IMG_6440-1536x1024.jpeg 1536w, https:\/\/hoyre.no\/content\/uploads\/sites\/408\/2025\/05\/IMG_6440-2048x1365.jpeg 2048w\" sizes=\"auto, (max-width: 768px) 100vw, 768px\" \/>\t\t<\/div>\n\t\t\n\t\t\t<div class=\"teft-card__content-wrapper\">\n\t\t\t\t<div class=\"teft-card__secondary\">\n\t\t\t\t\t\n\t\t\t\t\t\t\t\t<div class=\"teft-card__meta\">\n\t\t\t\t\t\t\t\t\t<span class=\"post-date\">26. mar 2026<\/span>\n\n\t\t\t\t\t\t\t\t\t\t\t\t\t\t\t\t\t<\/div>\n\t\t\t\t\t\t\t\t\t\t\t<\/div>\n\n\t\t\t\t<div class=\"teft-card__primary\">\n\t\t\t\t\t<h2 class=\"teft-card__title\">Bedre elevresultater og en skole\u00f8konomi i balanse med bl\u00e5gr\u00f8nt byr\u00e5d&nbsp;<span class=\"teft-card__primary-title-append\"><\/span><\/h2>\t\t\t\t<\/div>\n\t\t\t<\/div>\n\t\t<\/a>\n\t<\/div>\n\n\t<\/div><\/div>\t<\/div>\n<\/div>\n","protected":false},"excerpt":{"rendered":"","protected":false},"author":0,"featured_media":0,"comment_status":"closed","ping_status":"open","sticky":false,"template":"","format":"standard","meta":{"teft_cards_image_url":"","teft_cards_custom_pretitle":"","teft_cards_image_id":0,"teft_cards_image_focal_point_x":0,"teft_cards_image_focal_point_y":0,"teft_cards_title":"","teft_cards_excerpt":"","teft_show_chapters":false,"author_display_name":"Oslo H\u00f8yre","footnotes":""},"category":[1],"post_tag":[],"hoyre-visibility":[],"article-type":[],"politician":[],"class_list":["post-1517","post","type-post","status-publish","format-standard","hentry","category-nyheter"],"yoast_head":"<!-- This site is optimized with the Yoast SEO Premium plugin v26.5 (Yoast SEO v26.6) - https:\/\/yoast.com\/wordpress\/plugins\/seo\/ -->\n<title>Norge i en gr\u00f8nnere retning - Oslo H\u00f8yre<\/title>\n<meta name=\"robots\" content=\"index, follow, max-snippet:-1, max-image-preview:large, max-video-preview:-1\" \/>\n<link rel=\"canonical\" href=\"https:\/\/hoyre.no\/oslo\/aktuelt\/slik-skal-vi-ta-norge-en-gronnere-retning\/\" \/>\n<meta property=\"og:locale\" content=\"nb_NO\" \/>\n<meta property=\"og:type\" content=\"article\" \/>\n<meta property=\"og:title\" content=\"Norge i en gr\u00f8nnere retning\" \/>\n<meta property=\"og:url\" content=\"https:\/\/hoyre.no\/oslo\/aktuelt\/slik-skal-vi-ta-norge-en-gronnere-retning\/\" \/>\n<meta property=\"og:site_name\" content=\"Oslo H\u00f8yre\" \/>\n<meta property=\"article:publisher\" content=\"https:\/\/www.facebook.com\/oslo.hoyre\" \/>\n<meta property=\"article:published_time\" content=\"2014-12-18T09:50:07+00:00\" \/>\n<meta property=\"article:modified_time\" content=\"2022-09-26T13:05:45+00:00\" \/>\n<meta property=\"og:image\" content=\"https:\/\/hoyre.no\/content\/uploads\/sites\/408\/2022\/11\/Hoyres-logo.png\" \/>\n\t<meta property=\"og:image:width\" content=\"1000\" \/>\n\t<meta property=\"og:image:height\" content=\"1000\" \/>\n\t<meta property=\"og:image:type\" content=\"image\/png\" \/>\n<meta name=\"twitter:card\" content=\"summary_large_image\" \/>\n<meta name=\"twitter:label1\" content=\"Ansl. lesetid\" \/>\n\t<meta name=\"twitter:data1\" content=\"3 minutter\" \/>\n<script type=\"application\/ld+json\" class=\"yoast-schema-graph\">{\"@context\":\"https:\/\/schema.org\",\"@graph\":[{\"@type\":\"Article\",\"@id\":\"https:\/\/hoyre.no\/oslo\/aktuelt\/slik-skal-vi-ta-norge-en-gronnere-retning\/#article\",\"isPartOf\":{\"@id\":\"https:\/\/hoyre.no\/oslo\/aktuelt\/slik-skal-vi-ta-norge-en-gronnere-retning\/\"},\"author\":{\"name\":\"\",\"@id\":\"\"},\"headline\":\"Norge i en gr\u00f8nnere retning\",\"datePublished\":\"2014-12-18T09:50:07+00:00\",\"dateModified\":\"2022-09-26T13:05:45+00:00\",\"mainEntityOfPage\":{\"@id\":\"https:\/\/hoyre.no\/oslo\/aktuelt\/slik-skal-vi-ta-norge-en-gronnere-retning\/\"},\"wordCount\":523,\"publisher\":{\"@id\":\"https:\/\/hoyre.no\/oslo\/#organization\"},\"articleSection\":[\"Nyheter\"],\"inLanguage\":\"nb-NO\"},{\"@type\":\"NewsArticle\",\"@id\":\"https:\/\/hoyre.no\/oslo\/aktuelt\/slik-skal-vi-ta-norge-en-gronnere-retning\/\",\"url\":\"https:\/\/hoyre.no\/oslo\/aktuelt\/slik-skal-vi-ta-norge-en-gronnere-retning\/\",\"name\":\"Norge i en gr\u00f8nnere retning - Oslo H\u00f8yre\",\"isPartOf\":{\"@id\":\"https:\/\/hoyre.no\/oslo\/#website\"},\"datePublished\":\"2014-12-18T09:50:07+00:00\",\"dateModified\":\"2022-09-26T13:05:45+00:00\",\"breadcrumb\":{\"@id\":\"https:\/\/hoyre.no\/oslo\/aktuelt\/slik-skal-vi-ta-norge-en-gronnere-retning\/#breadcrumb\"},\"inLanguage\":\"nb-NO\",\"potentialAction\":[{\"@type\":\"ReadAction\",\"target\":[\"https:\/\/hoyre.no\/oslo\/aktuelt\/slik-skal-vi-ta-norge-en-gronnere-retning\/\"]}]},{\"@type\":\"BreadcrumbList\",\"@id\":\"https:\/\/hoyre.no\/oslo\/aktuelt\/slik-skal-vi-ta-norge-en-gronnere-retning\/#breadcrumb\",\"itemListElement\":[{\"@type\":\"ListItem\",\"position\":1,\"name\":\"Til hoyre.no\",\"item\":\"https:\/\/hoyre.no\"},{\"@type\":\"ListItem\",\"position\":2,\"name\":\"Hjem\",\"item\":\"https:\/\/hoyre.no\/oslo\/\"},{\"@type\":\"ListItem\",\"position\":3,\"name\":\"Norge i en gr\u00f8nnere retning\"}]},{\"@type\":\"WebSite\",\"@id\":\"https:\/\/hoyre.no\/oslo\/#website\",\"url\":\"https:\/\/hoyre.no\/oslo\/\",\"name\":\"Oslo H\u00f8yre\",\"description\":\"\",\"publisher\":{\"@id\":\"https:\/\/hoyre.no\/oslo\/#organization\"},\"inLanguage\":\"nb-NO\"},{\"@type\":\"Organization\",\"@id\":\"https:\/\/hoyre.no\/oslo\/#organization\",\"name\":\"Oslo H\u00f8yre\",\"url\":\"https:\/\/hoyre.no\/oslo\/\",\"logo\":{\"@type\":\"ImageObject\",\"inLanguage\":\"nb-NO\",\"@id\":\"https:\/\/hoyre.no\/oslo\/#\/schema\/logo\/image\/\",\"url\":\"https:\/\/hoyre.no\/content\/uploads\/sites\/408\/2022\/11\/Hoyres-logo.png\",\"contentUrl\":\"https:\/\/hoyre.no\/content\/uploads\/sites\/408\/2022\/11\/Hoyres-logo.png\",\"width\":1000,\"height\":1000,\"caption\":\"Oslo H\u00f8yre\"},\"image\":{\"@id\":\"https:\/\/hoyre.no\/oslo\/#\/schema\/logo\/image\/\"},\"sameAs\":[\"https:\/\/www.facebook.com\/oslo.hoyre\"]}]}<\/script>\n<!-- \/ Yoast SEO Premium plugin. -->","yoast_head_json":{"title":"Norge i en gr\u00f8nnere retning - Oslo H\u00f8yre","robots":{"index":"index","follow":"follow","max-snippet":"max-snippet:-1","max-image-preview":"max-image-preview:large","max-video-preview":"max-video-preview:-1"},"canonical":"https:\/\/hoyre.no\/oslo\/aktuelt\/slik-skal-vi-ta-norge-en-gronnere-retning\/","og_locale":"nb_NO","og_type":"article","og_title":"Norge i en gr\u00f8nnere retning","og_url":"https:\/\/hoyre.no\/oslo\/aktuelt\/slik-skal-vi-ta-norge-en-gronnere-retning\/","og_site_name":"Oslo H\u00f8yre","article_publisher":"https:\/\/www.facebook.com\/oslo.hoyre","article_published_time":"2014-12-18T09:50:07+00:00","article_modified_time":"2022-09-26T13:05:45+00:00","og_image":[{"width":1000,"height":1000,"url":"https:\/\/hoyre.no\/content\/uploads\/sites\/408\/2022\/11\/Hoyres-logo.png","type":"image\/png"}],"twitter_card":"summary_large_image","twitter_misc":{"Ansl. lesetid":"3 minutter"},"schema":{"@context":"https:\/\/schema.org","@graph":[{"@type":"Article","@id":"https:\/\/hoyre.no\/oslo\/aktuelt\/slik-skal-vi-ta-norge-en-gronnere-retning\/#article","isPartOf":{"@id":"https:\/\/hoyre.no\/oslo\/aktuelt\/slik-skal-vi-ta-norge-en-gronnere-retning\/"},"author":{"name":"","@id":""},"headline":"Norge i en gr\u00f8nnere retning","datePublished":"2014-12-18T09:50:07+00:00","dateModified":"2022-09-26T13:05:45+00:00","mainEntityOfPage":{"@id":"https:\/\/hoyre.no\/oslo\/aktuelt\/slik-skal-vi-ta-norge-en-gronnere-retning\/"},"wordCount":523,"publisher":{"@id":"https:\/\/hoyre.no\/oslo\/#organization"},"articleSection":["Nyheter"],"inLanguage":"nb-NO"},{"@type":"NewsArticle","@id":"https:\/\/hoyre.no\/oslo\/aktuelt\/slik-skal-vi-ta-norge-en-gronnere-retning\/","url":"https:\/\/hoyre.no\/oslo\/aktuelt\/slik-skal-vi-ta-norge-en-gronnere-retning\/","name":"Norge i en gr\u00f8nnere retning - Oslo H\u00f8yre","isPartOf":{"@id":"https:\/\/hoyre.no\/oslo\/#website"},"datePublished":"2014-12-18T09:50:07+00:00","dateModified":"2022-09-26T13:05:45+00:00","breadcrumb":{"@id":"https:\/\/hoyre.no\/oslo\/aktuelt\/slik-skal-vi-ta-norge-en-gronnere-retning\/#breadcrumb"},"inLanguage":"nb-NO","potentialAction":[{"@type":"ReadAction","target":["https:\/\/hoyre.no\/oslo\/aktuelt\/slik-skal-vi-ta-norge-en-gronnere-retning\/"]}]},{"@type":"BreadcrumbList","@id":"https:\/\/hoyre.no\/oslo\/aktuelt\/slik-skal-vi-ta-norge-en-gronnere-retning\/#breadcrumb","itemListElement":[{"@type":"ListItem","position":1,"name":"Til hoyre.no","item":"https:\/\/hoyre.no"},{"@type":"ListItem","position":2,"name":"Hjem","item":"https:\/\/hoyre.no\/oslo\/"},{"@type":"ListItem","position":3,"name":"Norge i en gr\u00f8nnere retning"}]},{"@type":"WebSite","@id":"https:\/\/hoyre.no\/oslo\/#website","url":"https:\/\/hoyre.no\/oslo\/","name":"Oslo H\u00f8yre","description":"","publisher":{"@id":"https:\/\/hoyre.no\/oslo\/#organization"},"inLanguage":"nb-NO"},{"@type":"Organization","@id":"https:\/\/hoyre.no\/oslo\/#organization","name":"Oslo H\u00f8yre","url":"https:\/\/hoyre.no\/oslo\/","logo":{"@type":"ImageObject","inLanguage":"nb-NO","@id":"https:\/\/hoyre.no\/oslo\/#\/schema\/logo\/image\/","url":"https:\/\/hoyre.no\/content\/uploads\/sites\/408\/2022\/11\/Hoyres-logo.png","contentUrl":"https:\/\/hoyre.no\/content\/uploads\/sites\/408\/2022\/11\/Hoyres-logo.png","width":1000,"height":1000,"caption":"Oslo H\u00f8yre"},"image":{"@id":"https:\/\/hoyre.no\/oslo\/#\/schema\/logo\/image\/"},"sameAs":["https:\/\/www.facebook.com\/oslo.hoyre"]}]}},"distributor_meta":false,"distributor_terms":false,"distributor_media":false,"distributor_original_site_name":"Oslo H\u00f8yre","distributor_original_site_url":"https:\/\/hoyre.no\/oslo","push-errors":false,"_links":{"self":[{"href":"https:\/\/hoyre.no\/oslo\/wp-json\/wp\/v2\/posts\/1517","targetHints":{"allow":["GET"]}}],"collection":[{"href":"https:\/\/hoyre.no\/oslo\/wp-json\/wp\/v2\/posts"}],"about":[{"href":"https:\/\/hoyre.no\/oslo\/wp-json\/wp\/v2\/types\/post"}],"replies":[{"embeddable":true,"href":"https:\/\/hoyre.no\/oslo\/wp-json\/wp\/v2\/comments?post=1517"}],"version-history":[{"count":1,"href":"https:\/\/hoyre.no\/oslo\/wp-json\/wp\/v2\/posts\/1517\/revisions"}],"predecessor-version":[{"id":2743,"href":"https:\/\/hoyre.no\/oslo\/wp-json\/wp\/v2\/posts\/1517\/revisions\/2743"}],"wp:attachment":[{"href":"https:\/\/hoyre.no\/oslo\/wp-json\/wp\/v2\/media?parent=1517"}],"wp:term":[{"taxonomy":"category","embeddable":true,"href":"https:\/\/hoyre.no\/oslo\/wp-json\/wp\/v2\/category?post=1517"},{"taxonomy":"post_tag","embeddable":true,"href":"https:\/\/hoyre.no\/oslo\/wp-json\/wp\/v2\/post_tag?post=1517"},{"taxonomy":"hoyre-visibility","embeddable":true,"href":"https:\/\/hoyre.no\/oslo\/wp-json\/wp\/v2\/hoyre-visibility?post=1517"},{"taxonomy":"article-type","embeddable":true,"href":"https:\/\/hoyre.no\/oslo\/wp-json\/wp\/v2\/article-type?post=1517"},{"taxonomy":"politician","embeddable":true,"href":"https:\/\/hoyre.no\/oslo\/wp-json\/wp\/v2\/politician?post=1517"}],"curies":[{"name":"wp","href":"https:\/\/api.w.org\/{rel}","templated":true}]}}