{"id":1518,"date":"2014-12-16T09:51:17","date_gmt":"2014-12-16T08:51:17","guid":{"rendered":"https:\/\/hoyre.no\/oslo\/aktuelt\/nytt-bygg-ved-uio\/"},"modified":"2022-09-26T15:05:45","modified_gmt":"2022-09-26T13:05:45","slug":"nytt-bygg-ved-uio","status":"publish","type":"post","link":"https:\/\/hoyre.no\/oslo\/aktuelt\/nytt-bygg-ved-uio\/","title":{"rendered":"Nytt bygg for livsvitenskap ved UiO"},"content":{"rendered":"<figure class=\"hoyre-image-wrapper\"><div class=\"hoyre-image\"><img loading=\"lazy\" decoding=\"async\" width=\"1440\" height=\"1920\" src=\"https:\/\/hoyre.no\/content\/uploads\/sites\/408\/2022\/09\/hauger-lussekatter-scaled-1.jpg\" class=\"attachment-scaled size-scaled\" alt=\"\" style=\"object-position: 50% 50%\" srcset=\"https:\/\/hoyre.no\/content\/uploads\/sites\/408\/2022\/09\/hauger-lussekatter-scaled-1.jpg 1440w, https:\/\/hoyre.no\/content\/uploads\/sites\/408\/2022\/09\/hauger-lussekatter-scaled-1-225x300.jpg 225w, https:\/\/hoyre.no\/content\/uploads\/sites\/408\/2022\/09\/hauger-lussekatter-scaled-1-768x1024.jpg 768w, https:\/\/hoyre.no\/content\/uploads\/sites\/408\/2022\/09\/hauger-lussekatter-scaled-1-1152x1536.jpg 1152w\" sizes=\"auto, (max-width: 1440px) 100vw, 1440px\" \/><\/div><\/figure><div id=\"hoyre-old-article-content-wrapper\"><p>Etter at Erna Solberg tok over som statsminister har investeringene i h\u00f8yere utdanning og forskning f\u00e5tt et kraftig l\u00f8ft.<\/p><p>Aldri tidligere har offentlige bevilgninger til forskning og utvikling (FoU) utgjort en h\u00f8yere andel av BNP. FoU-bevilgningenes andel av samlet statsbudsjett er p\u00e5 sitt nest h\u00f8yeste siden 2000. Andelen av brutto nasjonalprodukt (BNP) er ansl\u00e5tt til 0,93 prosent, h\u00f8yere enn noe tidligere \u00e5r p\u00e5 2000-tallet.<\/p><p><strong>M\u00e5 konkurrere p\u00e5 kvalitet<\/strong><br \/>\nDet er ikke noe poeng i seg selv \u00e5 \u00f8ke offentlige utgifter, men det er et viktig poeng \u00e5 investere i kunnskap for \u00e5 styrke norsk n\u00e6ringslivs konkurransekraft og l\u00f8se store samfunnsutfordringer. I Norge nyter vi godt av h\u00f8ye l\u00f8nninger og en godt utbygget velferdsstat. Begge deler koster penger.<\/p><p>V\u00e5re h\u00f8ye l\u00f8nninger gj\u00f8r at vi ikke kan konkurrere p\u00e5 pris, vi m\u00e5 jobbe smartere eller konkurrere p\u00e5 kvalitet. V\u00e5re velferdsordninger gj\u00f8r oss avhengig av h\u00f8y verdiskaping for at de skal v\u00e6re b\u00e6rekraftige. Vi f\u00e5r en \u00f8kende andel eldre som trenger mer pleie, samtidig som vi ikke f\u00e5r tilsvarende \u00f8kning i arbeidsstokken.<\/p><p>Mens andre land i l\u00f8pet av de siste \u00e5rene har styrket sin satsning p\u00e5 utdanning og forskning, har Norge sakket akterut. Jo, det har v\u00e6rt en \u00f8kning i investeringene i FoU i de siste \u00e5rene, men ikke sammenlignet med mange av v\u00e5re konkurrentland. En rekke land investerer \u00e5rlig mer enn dobbelt s\u00e5 mye i forskning som Norge som andel av BNP, og har utdanningsinstitusjoner i verdensklasse som \u00e5rlig utdanner et overskudd av h\u00f8yt utdannet relevant arbeidskraft for \u00e5 kunne sikre sin fremtidige vekst og konkurransekraft.<\/p><p><strong>Taktskifte i forskningspolitikken<br \/><\/strong>Derfor er det bra at vi n\u00e5 ser et takstskifte i forskningspolitikken. Veksten i de offentlige investeringene i forskning og utvikling er i statsbudsjettet for 2014 og 2015 h\u00f8yere enn gjennomsnittet for de forrige \u00e5tte \u00e5rene.<\/p><p>Budsjettforliket som er vedtatt i Stortinget inneb\u00e6rer en samlet bevilgning til forskning og utvikling p\u00e5 over 30 milliarder kroner. Det tilsvarer en realvekst p\u00e5 4,5 prosent.<\/p><p>Noe av det som prioriteres er satsingen p\u00e5 utviklingen av verdensledende fagmilj\u00f8er, flere rekrutteringsstillinger og penger til utstyr og universitetsbygg.<\/p><p>Samtidig med budsjettet fremmet regjeringen en Langtidsplan for forskning og h\u00f8yere utdanning. Som en del av satsingen vil regjeringen i l\u00f8pet av perioden 2015-2018 styrke noen av de viktigste innsatsfaktorene innen forskning og h\u00f8yere utdanning med helt konkrete og m\u00e5lbare tiltak:<\/p><ul><li>trappe opp antallet rekrutteringsstillinger med 500 nye stillinger<\/li><li>\u00f8ke bevilgningene til forskningsinfrastruktur med 400 millioner kroner<\/li><li>\u00f8ke bevilgningene til ordninger som stimulerer til god norsk deltakelse i EUs rammeprogram for forskning og innovasjon med 400 millioner kroner<\/li><\/ul><p><strong>Nytt bygg<\/strong><br \/>\nI budsjettet for 2015 f\u00f8lger regjeringen opp med 100 millioner kroner knyttet til rekruttering av toppforskere, et partnerskapsprogram for h\u00f8yere utdannings- og forskningssamarbeid med prioriterte land utenfor EU, og utvikling av utdannings- og forskningssamarbeidet mellom Universitetet i Oslo, Simula Research Laboratory og University of California, San Diego. I tillegg prioriterer regjeringen et nytt bygg for livsvitenskap, farmasi og kjemi ved Universitetet i Oslo, som et viktig ledd i \u00e5 n\u00e5 m\u00e5lene i planen.<\/p><p>Budsjettforliket inneb\u00e6rer ogs\u00e5 en kraftig satsing p\u00e5 nytt n\u00e6ringsliv, ny teknologi og innovasjon. To nye s\u00e5kornfond skal etableres, der staten st\u00f8tter private investorer for \u00e5 utvikle nye bedrifter, som i mange tilfeller har sitt utspring i universitets- og forskningsmilj\u00f8er.<\/p><p>I tillegg satses det m\u00e5lrettet p\u00e5 virkemidler som vi vet stimulerer n\u00e6ringslivet til \u00e5 investere mer i egen forskning samtidig som finansieringen av virkemidler som bidrar til kommersialisering av gode ideer som Forny og den landsdekkende etablerertilskuddsordningen i Innovasjon Norge styrkes.<\/p><p>Alt dette betyr at vi vil st\u00e5 sterkere rustet for fremtiden. Det betyr at vi kan vi f\u00e5 \u00f8kt fremvekst av nytt og kunnskapsbasert n\u00e6ringsliv og flere gode gr\u00fcndere \u2013 det er det vi trenger for \u00e5 sikre v\u00e5r velferd i fremtiden.<\/p><p><a href=\"http:\/\/www.dittoslo.no\/nordre-aker\/nyheter-nordre-aker\/kronikk-nytt-bygg-for-livsvitenskap-kjemi-og-farmasi-ved-universitetet-1.8677972\"><em>Denne kronikken sto i dittOslo 15. desember.<\/em><\/a><\/p>\n<\/div>\n<div class=\"tags\">\n\t<\/div>\n<div class=\"post-footer alignfull has-background block-editor-block-list__block\" data-align=full>\n\t<div class=\"post-footer-inner\">\n\t\t<h3>Relaterte artikler<\/h3>\n\t\t<div class=\"related-content\"><div class=\"is-card-hoyre\">\n\t<div class=\"teft-card hoyre-teft-card post-teft-card\">\n\t\t<a href=\"https:\/\/hoyre.no\/oslo\/aktuelt\/mdg-moralismen-fornekter-seg-ikke\/\" class=\"teft-card__primary-action\">\n\n\t\t\t\t\t<div class=\"teft-card__media teft-card__media--16-9\">\n\t\t\t\t\t\t<img loading=\"lazy\" decoding=\"async\" width=\"768\" height=\"512\" src=\"https:\/\/hoyre.no\/content\/uploads\/sites\/408\/2024\/01\/QZQlxtOC-768x512.jpeg\" class=\"attachment-medium_large size-medium_large\" alt=\"Merete Agerbak-Jensen\" srcset=\"https:\/\/hoyre.no\/content\/uploads\/sites\/408\/2024\/01\/QZQlxtOC-768x512.jpeg 768w, https:\/\/hoyre.no\/content\/uploads\/sites\/408\/2024\/01\/QZQlxtOC-300x200.jpeg 300w, https:\/\/hoyre.no\/content\/uploads\/sites\/408\/2024\/01\/QZQlxtOC-1024x683.jpeg 1024w, https:\/\/hoyre.no\/content\/uploads\/sites\/408\/2024\/01\/QZQlxtOC-1536x1024.jpeg 1536w, https:\/\/hoyre.no\/content\/uploads\/sites\/408\/2024\/01\/QZQlxtOC-2048x1365.jpeg 2048w\" sizes=\"auto, (max-width: 768px) 100vw, 768px\" \/>\t\t<\/div>\n\t\t\n\t\t\t<div class=\"teft-card__content-wrapper\">\n\t\t\t\t<div class=\"teft-card__secondary\">\n\t\t\t\t\t\n\t\t\t\t\t\t\t\t<div class=\"teft-card__meta\">\n\t\t\t\t\t\t\t\t\t<span class=\"post-date\">23. apr 2026<\/span>\n\n\t\t\t\t\t\t\t\t\t\t\t\t\t\t\t\t\t<\/div>\n\t\t\t\t\t\t\t\t\t\t\t<\/div>\n\n\t\t\t\t<div class=\"teft-card__primary\">\n\t\t\t\t\t<h2 class=\"teft-card__title\">MDG-moralismen fornekter seg ikke&nbsp;<span class=\"teft-card__primary-title-append\"><\/span><\/h2>\t\t\t\t<\/div>\n\t\t\t<\/div>\n\t\t<\/a>\n\t<\/div>\n\n\t<\/div><div class=\"is-card-hoyre\">\n\t<div class=\"teft-card hoyre-teft-card post-teft-card\">\n\t\t<a href=\"https:\/\/hoyre.no\/oslo\/aktuelt\/raskere-og-enklere-a-bygge-boliger-og-skape-arbeidsplasser-i-oslo\/\" class=\"teft-card__primary-action\">\n\n\t\t\t\t\t<div class=\"teft-card__media teft-card__media--16-9\">\n\t\t\t\t\t\t<img loading=\"lazy\" decoding=\"async\" width=\"768\" height=\"576\" src=\"https:\/\/hoyre.no\/content\/uploads\/sites\/408\/2026\/04\/Eirik-Lae-Solberg-og-Anita-Leirvik-North-768x576.jpg\" class=\"attachment-medium_large size-medium_large\" alt=\"\" srcset=\"https:\/\/hoyre.no\/content\/uploads\/sites\/408\/2026\/04\/Eirik-Lae-Solberg-og-Anita-Leirvik-North-768x576.jpg 768w, https:\/\/hoyre.no\/content\/uploads\/sites\/408\/2026\/04\/Eirik-Lae-Solberg-og-Anita-Leirvik-North-300x225.jpg 300w, https:\/\/hoyre.no\/content\/uploads\/sites\/408\/2026\/04\/Eirik-Lae-Solberg-og-Anita-Leirvik-North.jpg 901w\" sizes=\"auto, (max-width: 768px) 100vw, 768px\" \/>\t\t<\/div>\n\t\t\n\t\t\t<div class=\"teft-card__content-wrapper\">\n\t\t\t\t<div class=\"teft-card__secondary\">\n\t\t\t\t\t\n\t\t\t\t\t\t\t\t<div class=\"teft-card__meta\">\n\t\t\t\t\t\t\t\t\t<span class=\"post-date\">14. apr 2026<\/span>\n\n\t\t\t\t\t\t\t\t\t<span class=\"post-category\">Har lagt frem ny KPA:<\/span>\t\t\t\t\t\t\t\t<\/div>\n\t\t\t\t\t\t\t\t\t\t\t<\/div>\n\n\t\t\t\t<div class=\"teft-card__primary\">\n\t\t\t\t\t<h2 class=\"teft-card__title\">Raskere og enklere \u00e5 bygge boliger og skape arbeidsplasser i Oslo&nbsp;<span class=\"teft-card__primary-title-append\"><\/span><\/h2>\t\t\t\t<\/div>\n\t\t\t<\/div>\n\t\t<\/a>\n\t<\/div>\n\n\t<\/div><div class=\"is-card-hoyre\">\n\t<div class=\"teft-card hoyre-teft-card post-teft-card\">\n\t\t<a href=\"https:\/\/hoyre.no\/oslo\/aktuelt\/bedre-elevresultater-og-en-skoleokonomi-i-balanse-med-blagront-byrad\/\" class=\"teft-card__primary-action\">\n\n\t\t\t\t\t<div class=\"teft-card__media teft-card__media--16-9\">\n\t\t\t\t\t\t<img loading=\"lazy\" decoding=\"async\" width=\"768\" height=\"512\" src=\"https:\/\/hoyre.no\/content\/uploads\/sites\/408\/2025\/05\/IMG_6440-768x512.jpeg\" class=\"attachment-medium_large size-medium_large\" alt=\"Julie Remen Midtgarden\" srcset=\"https:\/\/hoyre.no\/content\/uploads\/sites\/408\/2025\/05\/IMG_6440-768x512.jpeg 768w, https:\/\/hoyre.no\/content\/uploads\/sites\/408\/2025\/05\/IMG_6440-300x200.jpeg 300w, https:\/\/hoyre.no\/content\/uploads\/sites\/408\/2025\/05\/IMG_6440-1024x683.jpeg 1024w, https:\/\/hoyre.no\/content\/uploads\/sites\/408\/2025\/05\/IMG_6440-1536x1024.jpeg 1536w, https:\/\/hoyre.no\/content\/uploads\/sites\/408\/2025\/05\/IMG_6440-2048x1365.jpeg 2048w\" sizes=\"auto, (max-width: 768px) 100vw, 768px\" \/>\t\t<\/div>\n\t\t\n\t\t\t<div class=\"teft-card__content-wrapper\">\n\t\t\t\t<div class=\"teft-card__secondary\">\n\t\t\t\t\t\n\t\t\t\t\t\t\t\t<div class=\"teft-card__meta\">\n\t\t\t\t\t\t\t\t\t<span class=\"post-date\">26. mar 2026<\/span>\n\n\t\t\t\t\t\t\t\t\t\t\t\t\t\t\t\t\t<\/div>\n\t\t\t\t\t\t\t\t\t\t\t<\/div>\n\n\t\t\t\t<div class=\"teft-card__primary\">\n\t\t\t\t\t<h2 class=\"teft-card__title\">Bedre elevresultater og en skole\u00f8konomi i balanse med bl\u00e5gr\u00f8nt byr\u00e5d&nbsp;<span class=\"teft-card__primary-title-append\"><\/span><\/h2>\t\t\t\t<\/div>\n\t\t\t<\/div>\n\t\t<\/a>\n\t<\/div>\n\n\t<\/div><\/div>\t<\/div>\n<\/div>\n","protected":false},"excerpt":{"rendered":"","protected":false},"author":0,"featured_media":0,"comment_status":"closed","ping_status":"open","sticky":false,"template":"","format":"standard","meta":{"teft_cards_image_url":"","teft_cards_custom_pretitle":"","teft_cards_image_id":0,"teft_cards_image_focal_point_x":0,"teft_cards_image_focal_point_y":0,"teft_cards_title":"","teft_cards_excerpt":"","teft_show_chapters":false,"author_display_name":"Oslo H\u00f8yre","footnotes":""},"category":[1],"post_tag":[],"hoyre-visibility":[],"article-type":[],"politician":[],"class_list":["post-1518","post","type-post","status-publish","format-standard","hentry","category-nyheter"],"yoast_head":"<!-- This site is optimized with the Yoast SEO Premium plugin v26.5 (Yoast SEO v26.6) - https:\/\/yoast.com\/wordpress\/plugins\/seo\/ -->\n<title>Nytt bygg for livsvitenskap ved UiO - Oslo H\u00f8yre<\/title>\n<meta name=\"robots\" content=\"index, follow, max-snippet:-1, max-image-preview:large, max-video-preview:-1\" \/>\n<link rel=\"canonical\" href=\"https:\/\/hoyre.no\/oslo\/aktuelt\/nytt-bygg-ved-uio\/\" \/>\n<meta property=\"og:locale\" content=\"nb_NO\" \/>\n<meta property=\"og:type\" content=\"article\" \/>\n<meta property=\"og:title\" content=\"Nytt bygg for livsvitenskap ved UiO\" \/>\n<meta property=\"og:url\" content=\"https:\/\/hoyre.no\/oslo\/aktuelt\/nytt-bygg-ved-uio\/\" \/>\n<meta property=\"og:site_name\" content=\"Oslo H\u00f8yre\" \/>\n<meta property=\"article:publisher\" content=\"https:\/\/www.facebook.com\/oslo.hoyre\" \/>\n<meta property=\"article:published_time\" content=\"2014-12-16T08:51:17+00:00\" \/>\n<meta property=\"article:modified_time\" content=\"2022-09-26T13:05:45+00:00\" \/>\n<meta property=\"og:image\" content=\"https:\/\/hoyre.no\/content\/uploads\/sites\/408\/2022\/11\/Hoyres-logo.png\" \/>\n\t<meta property=\"og:image:width\" content=\"1000\" \/>\n\t<meta property=\"og:image:height\" content=\"1000\" \/>\n\t<meta property=\"og:image:type\" content=\"image\/png\" \/>\n<meta name=\"twitter:card\" content=\"summary_large_image\" \/>\n<meta name=\"twitter:label1\" content=\"Ansl. lesetid\" \/>\n\t<meta name=\"twitter:data1\" content=\"3 minutter\" \/>\n<script type=\"application\/ld+json\" class=\"yoast-schema-graph\">{\"@context\":\"https:\/\/schema.org\",\"@graph\":[{\"@type\":\"Article\",\"@id\":\"https:\/\/hoyre.no\/oslo\/aktuelt\/nytt-bygg-ved-uio\/#article\",\"isPartOf\":{\"@id\":\"https:\/\/hoyre.no\/oslo\/aktuelt\/nytt-bygg-ved-uio\/\"},\"author\":{\"name\":\"\",\"@id\":\"\"},\"headline\":\"Nytt bygg for livsvitenskap ved UiO\",\"datePublished\":\"2014-12-16T08:51:17+00:00\",\"dateModified\":\"2022-09-26T13:05:45+00:00\",\"mainEntityOfPage\":{\"@id\":\"https:\/\/hoyre.no\/oslo\/aktuelt\/nytt-bygg-ved-uio\/\"},\"wordCount\":666,\"publisher\":{\"@id\":\"https:\/\/hoyre.no\/oslo\/#organization\"},\"articleSection\":[\"Nyheter\"],\"inLanguage\":\"nb-NO\"},{\"@type\":\"NewsArticle\",\"@id\":\"https:\/\/hoyre.no\/oslo\/aktuelt\/nytt-bygg-ved-uio\/\",\"url\":\"https:\/\/hoyre.no\/oslo\/aktuelt\/nytt-bygg-ved-uio\/\",\"name\":\"Nytt bygg for livsvitenskap ved UiO - Oslo H\u00f8yre\",\"isPartOf\":{\"@id\":\"https:\/\/hoyre.no\/oslo\/#website\"},\"datePublished\":\"2014-12-16T08:51:17+00:00\",\"dateModified\":\"2022-09-26T13:05:45+00:00\",\"breadcrumb\":{\"@id\":\"https:\/\/hoyre.no\/oslo\/aktuelt\/nytt-bygg-ved-uio\/#breadcrumb\"},\"inLanguage\":\"nb-NO\",\"potentialAction\":[{\"@type\":\"ReadAction\",\"target\":[\"https:\/\/hoyre.no\/oslo\/aktuelt\/nytt-bygg-ved-uio\/\"]}]},{\"@type\":\"BreadcrumbList\",\"@id\":\"https:\/\/hoyre.no\/oslo\/aktuelt\/nytt-bygg-ved-uio\/#breadcrumb\",\"itemListElement\":[{\"@type\":\"ListItem\",\"position\":1,\"name\":\"Til hoyre.no\",\"item\":\"https:\/\/hoyre.no\"},{\"@type\":\"ListItem\",\"position\":2,\"name\":\"Hjem\",\"item\":\"https:\/\/hoyre.no\/oslo\/\"},{\"@type\":\"ListItem\",\"position\":3,\"name\":\"Nytt bygg for livsvitenskap ved UiO\"}]},{\"@type\":\"WebSite\",\"@id\":\"https:\/\/hoyre.no\/oslo\/#website\",\"url\":\"https:\/\/hoyre.no\/oslo\/\",\"name\":\"Oslo H\u00f8yre\",\"description\":\"\",\"publisher\":{\"@id\":\"https:\/\/hoyre.no\/oslo\/#organization\"},\"inLanguage\":\"nb-NO\"},{\"@type\":\"Organization\",\"@id\":\"https:\/\/hoyre.no\/oslo\/#organization\",\"name\":\"Oslo H\u00f8yre\",\"url\":\"https:\/\/hoyre.no\/oslo\/\",\"logo\":{\"@type\":\"ImageObject\",\"inLanguage\":\"nb-NO\",\"@id\":\"https:\/\/hoyre.no\/oslo\/#\/schema\/logo\/image\/\",\"url\":\"https:\/\/hoyre.no\/content\/uploads\/sites\/408\/2022\/11\/Hoyres-logo.png\",\"contentUrl\":\"https:\/\/hoyre.no\/content\/uploads\/sites\/408\/2022\/11\/Hoyres-logo.png\",\"width\":1000,\"height\":1000,\"caption\":\"Oslo H\u00f8yre\"},\"image\":{\"@id\":\"https:\/\/hoyre.no\/oslo\/#\/schema\/logo\/image\/\"},\"sameAs\":[\"https:\/\/www.facebook.com\/oslo.hoyre\"]}]}<\/script>\n<!-- \/ Yoast SEO Premium plugin. -->","yoast_head_json":{"title":"Nytt bygg for livsvitenskap ved UiO - Oslo H\u00f8yre","robots":{"index":"index","follow":"follow","max-snippet":"max-snippet:-1","max-image-preview":"max-image-preview:large","max-video-preview":"max-video-preview:-1"},"canonical":"https:\/\/hoyre.no\/oslo\/aktuelt\/nytt-bygg-ved-uio\/","og_locale":"nb_NO","og_type":"article","og_title":"Nytt bygg for livsvitenskap ved UiO","og_url":"https:\/\/hoyre.no\/oslo\/aktuelt\/nytt-bygg-ved-uio\/","og_site_name":"Oslo H\u00f8yre","article_publisher":"https:\/\/www.facebook.com\/oslo.hoyre","article_published_time":"2014-12-16T08:51:17+00:00","article_modified_time":"2022-09-26T13:05:45+00:00","og_image":[{"width":1000,"height":1000,"url":"https:\/\/hoyre.no\/content\/uploads\/sites\/408\/2022\/11\/Hoyres-logo.png","type":"image\/png"}],"twitter_card":"summary_large_image","twitter_misc":{"Ansl. lesetid":"3 minutter"},"schema":{"@context":"https:\/\/schema.org","@graph":[{"@type":"Article","@id":"https:\/\/hoyre.no\/oslo\/aktuelt\/nytt-bygg-ved-uio\/#article","isPartOf":{"@id":"https:\/\/hoyre.no\/oslo\/aktuelt\/nytt-bygg-ved-uio\/"},"author":{"name":"","@id":""},"headline":"Nytt bygg for livsvitenskap ved UiO","datePublished":"2014-12-16T08:51:17+00:00","dateModified":"2022-09-26T13:05:45+00:00","mainEntityOfPage":{"@id":"https:\/\/hoyre.no\/oslo\/aktuelt\/nytt-bygg-ved-uio\/"},"wordCount":666,"publisher":{"@id":"https:\/\/hoyre.no\/oslo\/#organization"},"articleSection":["Nyheter"],"inLanguage":"nb-NO"},{"@type":"NewsArticle","@id":"https:\/\/hoyre.no\/oslo\/aktuelt\/nytt-bygg-ved-uio\/","url":"https:\/\/hoyre.no\/oslo\/aktuelt\/nytt-bygg-ved-uio\/","name":"Nytt bygg for livsvitenskap ved UiO - Oslo H\u00f8yre","isPartOf":{"@id":"https:\/\/hoyre.no\/oslo\/#website"},"datePublished":"2014-12-16T08:51:17+00:00","dateModified":"2022-09-26T13:05:45+00:00","breadcrumb":{"@id":"https:\/\/hoyre.no\/oslo\/aktuelt\/nytt-bygg-ved-uio\/#breadcrumb"},"inLanguage":"nb-NO","potentialAction":[{"@type":"ReadAction","target":["https:\/\/hoyre.no\/oslo\/aktuelt\/nytt-bygg-ved-uio\/"]}]},{"@type":"BreadcrumbList","@id":"https:\/\/hoyre.no\/oslo\/aktuelt\/nytt-bygg-ved-uio\/#breadcrumb","itemListElement":[{"@type":"ListItem","position":1,"name":"Til hoyre.no","item":"https:\/\/hoyre.no"},{"@type":"ListItem","position":2,"name":"Hjem","item":"https:\/\/hoyre.no\/oslo\/"},{"@type":"ListItem","position":3,"name":"Nytt bygg for livsvitenskap ved UiO"}]},{"@type":"WebSite","@id":"https:\/\/hoyre.no\/oslo\/#website","url":"https:\/\/hoyre.no\/oslo\/","name":"Oslo H\u00f8yre","description":"","publisher":{"@id":"https:\/\/hoyre.no\/oslo\/#organization"},"inLanguage":"nb-NO"},{"@type":"Organization","@id":"https:\/\/hoyre.no\/oslo\/#organization","name":"Oslo H\u00f8yre","url":"https:\/\/hoyre.no\/oslo\/","logo":{"@type":"ImageObject","inLanguage":"nb-NO","@id":"https:\/\/hoyre.no\/oslo\/#\/schema\/logo\/image\/","url":"https:\/\/hoyre.no\/content\/uploads\/sites\/408\/2022\/11\/Hoyres-logo.png","contentUrl":"https:\/\/hoyre.no\/content\/uploads\/sites\/408\/2022\/11\/Hoyres-logo.png","width":1000,"height":1000,"caption":"Oslo H\u00f8yre"},"image":{"@id":"https:\/\/hoyre.no\/oslo\/#\/schema\/logo\/image\/"},"sameAs":["https:\/\/www.facebook.com\/oslo.hoyre"]}]}},"distributor_meta":false,"distributor_terms":false,"distributor_media":false,"distributor_original_site_name":"Oslo H\u00f8yre","distributor_original_site_url":"https:\/\/hoyre.no\/oslo","push-errors":false,"_links":{"self":[{"href":"https:\/\/hoyre.no\/oslo\/wp-json\/wp\/v2\/posts\/1518","targetHints":{"allow":["GET"]}}],"collection":[{"href":"https:\/\/hoyre.no\/oslo\/wp-json\/wp\/v2\/posts"}],"about":[{"href":"https:\/\/hoyre.no\/oslo\/wp-json\/wp\/v2\/types\/post"}],"replies":[{"embeddable":true,"href":"https:\/\/hoyre.no\/oslo\/wp-json\/wp\/v2\/comments?post=1518"}],"version-history":[{"count":1,"href":"https:\/\/hoyre.no\/oslo\/wp-json\/wp\/v2\/posts\/1518\/revisions"}],"predecessor-version":[{"id":2744,"href":"https:\/\/hoyre.no\/oslo\/wp-json\/wp\/v2\/posts\/1518\/revisions\/2744"}],"wp:attachment":[{"href":"https:\/\/hoyre.no\/oslo\/wp-json\/wp\/v2\/media?parent=1518"}],"wp:term":[{"taxonomy":"category","embeddable":true,"href":"https:\/\/hoyre.no\/oslo\/wp-json\/wp\/v2\/category?post=1518"},{"taxonomy":"post_tag","embeddable":true,"href":"https:\/\/hoyre.no\/oslo\/wp-json\/wp\/v2\/post_tag?post=1518"},{"taxonomy":"hoyre-visibility","embeddable":true,"href":"https:\/\/hoyre.no\/oslo\/wp-json\/wp\/v2\/hoyre-visibility?post=1518"},{"taxonomy":"article-type","embeddable":true,"href":"https:\/\/hoyre.no\/oslo\/wp-json\/wp\/v2\/article-type?post=1518"},{"taxonomy":"politician","embeddable":true,"href":"https:\/\/hoyre.no\/oslo\/wp-json\/wp\/v2\/politician?post=1518"}],"curies":[{"name":"wp","href":"https:\/\/api.w.org\/{rel}","templated":true}]}}