{"id":1628,"date":"2014-06-30T13:58:56","date_gmt":"2014-06-30T13:58:56","guid":{"rendered":"https:\/\/hoyre.no\/oslo\/aktuelt\/hoyrebolge-blant-innvandrere\/"},"modified":"2022-09-26T15:06:12","modified_gmt":"2022-09-26T13:06:12","slug":"hoyrebolge-blant-innvandrere","status":"publish","type":"post","link":"https:\/\/hoyre.no\/oslo\/aktuelt\/hoyrebolge-blant-innvandrere\/","title":{"rendered":"H\u00f8yreb\u00f8lge blant innvandrere"},"content":{"rendered":"<figure class=\"hoyre-image-wrapper\"><div class=\"hoyre-image\"><img loading=\"lazy\" decoding=\"async\" width=\"1823\" height=\"678\" src=\"https:\/\/hoyre.no\/content\/uploads\/sites\/408\/2022\/09\/mudassar-2-e1407418386659.jpg\" class=\"attachment-scaled size-scaled\" alt=\"Stortingsrepresentant Mudassar Kapur fra Oslo H\u00f8yre - H\u00f8yreb\u00f8lbe blant innvandrere\" style=\"object-position: 50% 50%\" srcset=\"https:\/\/hoyre.no\/content\/uploads\/sites\/408\/2022\/09\/mudassar-2-e1407418386659.jpg 1823w, https:\/\/hoyre.no\/content\/uploads\/sites\/408\/2022\/09\/mudassar-2-e1407418386659-300x112.jpg 300w, https:\/\/hoyre.no\/content\/uploads\/sites\/408\/2022\/09\/mudassar-2-e1407418386659-1024x381.jpg 1024w, https:\/\/hoyre.no\/content\/uploads\/sites\/408\/2022\/09\/mudassar-2-e1407418386659-768x286.jpg 768w, https:\/\/hoyre.no\/content\/uploads\/sites\/408\/2022\/09\/mudassar-2-e1407418386659-1536x571.jpg 1536w\" sizes=\"auto, (max-width: 1823px) 100vw, 1823px\" \/><\/div><\/figure><div id=\"hoyre-old-article-content-wrapper\"><p>\u2013 Vi er p\u00e5 vei til \u00e5 f\u00e5 et historisk skifte i det politiske landskapet, sier stortingsrepresentant for H\u00f8yre, Mudassar H. Kapur, til Dagsavisen i dag.<\/p><p>Tekst Lene Haug<br \/>\nFoto: Oslo H\u00f8yre<\/p><p>Fra kommunevalget i 2011 til stortingsvalget i 2013 doblet H\u00f8yre sin oppslutning blant velgere fra Asia, Afrika og Latin-Amerika. Andelen \u00f8kte \u00a0fra 13 til 26 prosent. Innvandrere med ikke-vestlig bakgrunn er i ferd med \u00e5 bli en sv\u00e6rt viktig velgergruppe for H\u00f8yre.<\/p><p>Antall stemmeberettigede med innvandrerbakgrunn \u00f8ker dessuten kraftig og er nesten doblet siden 2005.<\/p><p>(SSB) Statistisk Sentralbyr\u00e5 publiserte nylig tallene fra unders\u00f8kelsen om <a href=\"http:\/\/ssb.no\/valg\/artikler-og-publikasjoner\/_attachment\/182668?_ts=146a47d13d8\">\u00abInnvandrere og Stortingsvalget 2013\u00bb<\/a>, som konkluderer med at det er en H\u00f8yreb\u00f8lge blant innvandrere.<\/p><p>Valget i 2013 er et varsle om H\u00f8yres vekstmuligheter.<\/p><h3>Innvandrere er opptatt av mer enn \u00abinnvandringssaker\u00bb<\/h3><p>\u2013 Venstresidens integreringspolitikk har g\u00e5tt ut p\u00e5 dato. Der hvor de er mest opptatt av \u00abinnvandringssaker\u00bb har H\u00f8yre v\u00e6rt mer opptatt av \u00e5 snakke om politikk som opptar folks hverdag, nemlig skole, arbeid, velferd og valgfrihet, sa Mudasser Kapur til Dagsavisen.<\/p><p>Unders\u00f8kelsen fra SSB viser mange interessant funn. Den viser blant annet at ikke-vestlige \u00a0innvandrere tradisjonelt har stemt p\u00e5 partier til venstre fordi disse partiene har blitt oppfattet som innvandrervennlige. Denne gruppen velgere er imidlertid ikke egentlig venstreorienterte.<\/p><p>I unders\u00f8kelsen er det ogs\u00e5 st\u00f8tte for teorien om at desto lengre botid en innvandrer har hatt i Norge desto st\u00f8rre er sannsynlighet for at han eller hun stemmer borgerlig.<\/p><p>I lokalvalg er minoriteter enda viktigere og H\u00f8yre har et stort potensiale blant ikke-vestlige innvandrere i Oslo.\u00a0I kommunevalg er det blant ogs\u00e5 \u00a0langt flere med innvandrerbakgrunn som har stemmerett enn ved stortingsvalg.<\/p><p>Mudassar Kapur forteller til Dagsavisen at han er opptatt av n\u00e5 frem til disse velgerne i god tid f\u00f8r valget i 2015.<\/p><blockquote><p>\u2013 Allerede i august skal jeg reise ut til velgere med minoritetsbakgrunn for \u00e5 h\u00f8re hva de er opptatt av. Deres svar vil bli sv\u00e6rt viktige for H\u00f8yres framtidige programarbeid, sier han.<\/p><\/blockquote><p>Les intervjuet med Mudassar Kapur i Dagsavisen<br \/><a href=\"http:\/\/ssb.no\/valg\/artikler-og-publikasjoner\/_attachment\/182668?_ts=146a47d13d8\">Les hele \u00a0rapporten fra SSB om innvandrere og Stortingsvalget 2013<\/a><\/p>\n<\/div>\n<div class=\"tags\">\n\t<\/div>\n<div class=\"post-footer alignfull has-background block-editor-block-list__block\" data-align=full>\n\t<div class=\"post-footer-inner\">\n\t\t<h3>Relaterte artikler<\/h3>\n\t\t<div class=\"related-content\"><div class=\"is-card-hoyre\">\n\t<div class=\"teft-card hoyre-teft-card post-teft-card\">\n\t\t<a href=\"https:\/\/hoyre.no\/oslo\/aktuelt\/mdg-moralismen-fornekter-seg-ikke\/\" class=\"teft-card__primary-action\">\n\n\t\t\t\t\t<div class=\"teft-card__media teft-card__media--16-9\">\n\t\t\t\t\t\t<img loading=\"lazy\" decoding=\"async\" width=\"768\" height=\"512\" src=\"https:\/\/hoyre.no\/content\/uploads\/sites\/408\/2024\/01\/QZQlxtOC-768x512.jpeg\" class=\"attachment-medium_large size-medium_large\" alt=\"Merete Agerbak-Jensen\" srcset=\"https:\/\/hoyre.no\/content\/uploads\/sites\/408\/2024\/01\/QZQlxtOC-768x512.jpeg 768w, https:\/\/hoyre.no\/content\/uploads\/sites\/408\/2024\/01\/QZQlxtOC-300x200.jpeg 300w, https:\/\/hoyre.no\/content\/uploads\/sites\/408\/2024\/01\/QZQlxtOC-1024x683.jpeg 1024w, https:\/\/hoyre.no\/content\/uploads\/sites\/408\/2024\/01\/QZQlxtOC-1536x1024.jpeg 1536w, https:\/\/hoyre.no\/content\/uploads\/sites\/408\/2024\/01\/QZQlxtOC-2048x1365.jpeg 2048w\" sizes=\"auto, (max-width: 768px) 100vw, 768px\" \/>\t\t<\/div>\n\t\t\n\t\t\t<div class=\"teft-card__content-wrapper\">\n\t\t\t\t<div class=\"teft-card__secondary\">\n\t\t\t\t\t\n\t\t\t\t\t\t\t\t<div class=\"teft-card__meta\">\n\t\t\t\t\t\t\t\t\t<span class=\"post-date\">23. apr 2026<\/span>\n\n\t\t\t\t\t\t\t\t\t\t\t\t\t\t\t\t\t<\/div>\n\t\t\t\t\t\t\t\t\t\t\t<\/div>\n\n\t\t\t\t<div class=\"teft-card__primary\">\n\t\t\t\t\t<h2 class=\"teft-card__title\">MDG-moralismen fornekter seg ikke&nbsp;<span class=\"teft-card__primary-title-append\"><\/span><\/h2>\t\t\t\t<\/div>\n\t\t\t<\/div>\n\t\t<\/a>\n\t<\/div>\n\n\t<\/div><div class=\"is-card-hoyre\">\n\t<div class=\"teft-card hoyre-teft-card post-teft-card\">\n\t\t<a href=\"https:\/\/hoyre.no\/oslo\/aktuelt\/raskere-og-enklere-a-bygge-boliger-og-skape-arbeidsplasser-i-oslo\/\" class=\"teft-card__primary-action\">\n\n\t\t\t\t\t<div class=\"teft-card__media teft-card__media--16-9\">\n\t\t\t\t\t\t<img loading=\"lazy\" decoding=\"async\" width=\"768\" height=\"576\" src=\"https:\/\/hoyre.no\/content\/uploads\/sites\/408\/2026\/04\/Eirik-Lae-Solberg-og-Anita-Leirvik-North-768x576.jpg\" class=\"attachment-medium_large size-medium_large\" alt=\"\" srcset=\"https:\/\/hoyre.no\/content\/uploads\/sites\/408\/2026\/04\/Eirik-Lae-Solberg-og-Anita-Leirvik-North-768x576.jpg 768w, https:\/\/hoyre.no\/content\/uploads\/sites\/408\/2026\/04\/Eirik-Lae-Solberg-og-Anita-Leirvik-North-300x225.jpg 300w, https:\/\/hoyre.no\/content\/uploads\/sites\/408\/2026\/04\/Eirik-Lae-Solberg-og-Anita-Leirvik-North.jpg 901w\" sizes=\"auto, (max-width: 768px) 100vw, 768px\" \/>\t\t<\/div>\n\t\t\n\t\t\t<div class=\"teft-card__content-wrapper\">\n\t\t\t\t<div class=\"teft-card__secondary\">\n\t\t\t\t\t\n\t\t\t\t\t\t\t\t<div class=\"teft-card__meta\">\n\t\t\t\t\t\t\t\t\t<span class=\"post-date\">14. apr 2026<\/span>\n\n\t\t\t\t\t\t\t\t\t<span class=\"post-category\">Har lagt frem ny KPA:<\/span>\t\t\t\t\t\t\t\t<\/div>\n\t\t\t\t\t\t\t\t\t\t\t<\/div>\n\n\t\t\t\t<div class=\"teft-card__primary\">\n\t\t\t\t\t<h2 class=\"teft-card__title\">Raskere og enklere \u00e5 bygge boliger og skape arbeidsplasser i Oslo&nbsp;<span class=\"teft-card__primary-title-append\"><\/span><\/h2>\t\t\t\t<\/div>\n\t\t\t<\/div>\n\t\t<\/a>\n\t<\/div>\n\n\t<\/div><div class=\"is-card-hoyre\">\n\t<div class=\"teft-card hoyre-teft-card post-teft-card\">\n\t\t<a href=\"https:\/\/hoyre.no\/oslo\/aktuelt\/bedre-elevresultater-og-en-skoleokonomi-i-balanse-med-blagront-byrad\/\" class=\"teft-card__primary-action\">\n\n\t\t\t\t\t<div class=\"teft-card__media teft-card__media--16-9\">\n\t\t\t\t\t\t<img loading=\"lazy\" decoding=\"async\" width=\"768\" height=\"512\" src=\"https:\/\/hoyre.no\/content\/uploads\/sites\/408\/2025\/05\/IMG_6440-768x512.jpeg\" class=\"attachment-medium_large size-medium_large\" alt=\"Julie Remen Midtgarden\" srcset=\"https:\/\/hoyre.no\/content\/uploads\/sites\/408\/2025\/05\/IMG_6440-768x512.jpeg 768w, https:\/\/hoyre.no\/content\/uploads\/sites\/408\/2025\/05\/IMG_6440-300x200.jpeg 300w, https:\/\/hoyre.no\/content\/uploads\/sites\/408\/2025\/05\/IMG_6440-1024x683.jpeg 1024w, https:\/\/hoyre.no\/content\/uploads\/sites\/408\/2025\/05\/IMG_6440-1536x1024.jpeg 1536w, https:\/\/hoyre.no\/content\/uploads\/sites\/408\/2025\/05\/IMG_6440-2048x1365.jpeg 2048w\" sizes=\"auto, (max-width: 768px) 100vw, 768px\" \/>\t\t<\/div>\n\t\t\n\t\t\t<div class=\"teft-card__content-wrapper\">\n\t\t\t\t<div class=\"teft-card__secondary\">\n\t\t\t\t\t\n\t\t\t\t\t\t\t\t<div class=\"teft-card__meta\">\n\t\t\t\t\t\t\t\t\t<span class=\"post-date\">26. mar 2026<\/span>\n\n\t\t\t\t\t\t\t\t\t\t\t\t\t\t\t\t\t<\/div>\n\t\t\t\t\t\t\t\t\t\t\t<\/div>\n\n\t\t\t\t<div class=\"teft-card__primary\">\n\t\t\t\t\t<h2 class=\"teft-card__title\">Bedre elevresultater og en skole\u00f8konomi i balanse med bl\u00e5gr\u00f8nt byr\u00e5d&nbsp;<span class=\"teft-card__primary-title-append\"><\/span><\/h2>\t\t\t\t<\/div>\n\t\t\t<\/div>\n\t\t<\/a>\n\t<\/div>\n\n\t<\/div><\/div>\t<\/div>\n<\/div>\n","protected":false},"excerpt":{"rendered":"","protected":false},"author":0,"featured_media":1629,"comment_status":"closed","ping_status":"open","sticky":false,"template":"","format":"standard","meta":{"teft_cards_image_url":"","teft_cards_custom_pretitle":"","teft_cards_image_id":1629,"teft_cards_image_focal_point_x":0,"teft_cards_image_focal_point_y":0,"teft_cards_title":"","teft_cards_excerpt":"","teft_show_chapters":false,"author_display_name":"Oslo H\u00f8yre","footnotes":""},"category":[1],"post_tag":[],"hoyre-visibility":[],"article-type":[],"politician":[],"class_list":["post-1628","post","type-post","status-publish","format-standard","hentry","category-nyheter"],"yoast_head":"<!-- This site is optimized with the Yoast SEO Premium plugin v26.5 (Yoast SEO v26.6) - https:\/\/yoast.com\/wordpress\/plugins\/seo\/ -->\n<title>H\u00f8yreb\u00f8lge blant innvandrere - Oslo H\u00f8yre<\/title>\n<meta name=\"robots\" content=\"index, follow, max-snippet:-1, max-image-preview:large, max-video-preview:-1\" \/>\n<link rel=\"canonical\" href=\"https:\/\/hoyre.no\/oslo\/aktuelt\/hoyrebolge-blant-innvandrere\/\" \/>\n<meta property=\"og:locale\" content=\"nb_NO\" \/>\n<meta property=\"og:type\" content=\"article\" \/>\n<meta property=\"og:title\" content=\"H\u00f8yreb\u00f8lge blant innvandrere\" \/>\n<meta property=\"og:url\" content=\"https:\/\/hoyre.no\/oslo\/aktuelt\/hoyrebolge-blant-innvandrere\/\" \/>\n<meta property=\"og:site_name\" content=\"Oslo H\u00f8yre\" \/>\n<meta property=\"article:publisher\" content=\"https:\/\/www.facebook.com\/oslo.hoyre\" \/>\n<meta property=\"article:published_time\" content=\"2014-06-30T13:58:56+00:00\" \/>\n<meta property=\"article:modified_time\" content=\"2022-09-26T13:06:12+00:00\" \/>\n<meta property=\"og:image\" content=\"https:\/\/hoyre.no\/content\/uploads\/sites\/408\/2022\/09\/mudassar-2-e1407418386659.jpg\" \/>\n\t<meta property=\"og:image:width\" content=\"1823\" \/>\n\t<meta property=\"og:image:height\" content=\"678\" \/>\n\t<meta property=\"og:image:type\" content=\"image\/jpeg\" \/>\n<meta name=\"twitter:card\" content=\"summary_large_image\" \/>\n<meta name=\"twitter:label1\" content=\"Ansl. lesetid\" \/>\n\t<meta name=\"twitter:data1\" content=\"2 minutter\" \/>\n<script type=\"application\/ld+json\" class=\"yoast-schema-graph\">{\"@context\":\"https:\/\/schema.org\",\"@graph\":[{\"@type\":\"Article\",\"@id\":\"https:\/\/hoyre.no\/oslo\/aktuelt\/hoyrebolge-blant-innvandrere\/#article\",\"isPartOf\":{\"@id\":\"https:\/\/hoyre.no\/oslo\/aktuelt\/hoyrebolge-blant-innvandrere\/\"},\"author\":{\"name\":\"\",\"@id\":\"\"},\"headline\":\"H\u00f8yreb\u00f8lge blant innvandrere\",\"datePublished\":\"2014-06-30T13:58:56+00:00\",\"dateModified\":\"2022-09-26T13:06:12+00:00\",\"mainEntityOfPage\":{\"@id\":\"https:\/\/hoyre.no\/oslo\/aktuelt\/hoyrebolge-blant-innvandrere\/\"},\"wordCount\":363,\"publisher\":{\"@id\":\"https:\/\/hoyre.no\/oslo\/#organization\"},\"image\":{\"@id\":\"https:\/\/hoyre.no\/oslo\/aktuelt\/hoyrebolge-blant-innvandrere\/#primaryimage\"},\"thumbnailUrl\":\"https:\/\/hoyre.no\/content\/uploads\/sites\/408\/2022\/09\/mudassar-2-e1407418386659.jpg\",\"articleSection\":[\"Nyheter\"],\"inLanguage\":\"nb-NO\"},{\"@type\":\"NewsArticle\",\"@id\":\"https:\/\/hoyre.no\/oslo\/aktuelt\/hoyrebolge-blant-innvandrere\/\",\"url\":\"https:\/\/hoyre.no\/oslo\/aktuelt\/hoyrebolge-blant-innvandrere\/\",\"name\":\"H\u00f8yreb\u00f8lge blant innvandrere - Oslo H\u00f8yre\",\"isPartOf\":{\"@id\":\"https:\/\/hoyre.no\/oslo\/#website\"},\"image\":{\"@id\":\"https:\/\/hoyre.no\/oslo\/aktuelt\/hoyrebolge-blant-innvandrere\/#primaryimage\"},\"thumbnailUrl\":\"https:\/\/hoyre.no\/content\/uploads\/sites\/408\/2022\/09\/mudassar-2-e1407418386659.jpg\",\"datePublished\":\"2014-06-30T13:58:56+00:00\",\"dateModified\":\"2022-09-26T13:06:12+00:00\",\"breadcrumb\":{\"@id\":\"https:\/\/hoyre.no\/oslo\/aktuelt\/hoyrebolge-blant-innvandrere\/#breadcrumb\"},\"inLanguage\":\"nb-NO\",\"potentialAction\":[{\"@type\":\"ReadAction\",\"target\":[\"https:\/\/hoyre.no\/oslo\/aktuelt\/hoyrebolge-blant-innvandrere\/\"]}]},{\"@type\":\"ImageObject\",\"inLanguage\":\"nb-NO\",\"@id\":\"https:\/\/hoyre.no\/oslo\/aktuelt\/hoyrebolge-blant-innvandrere\/#primaryimage\",\"url\":\"https:\/\/hoyre.no\/content\/uploads\/sites\/408\/2022\/09\/mudassar-2-e1407418386659.jpg\",\"contentUrl\":\"https:\/\/hoyre.no\/content\/uploads\/sites\/408\/2022\/09\/mudassar-2-e1407418386659.jpg\",\"width\":1823,\"height\":678,\"caption\":\"Stortingsrepresentant Mudassar Kapur fra Oslo H\u00f8yre - H\u00f8yreb\u00f8lbe blant innvandrere\"},{\"@type\":\"BreadcrumbList\",\"@id\":\"https:\/\/hoyre.no\/oslo\/aktuelt\/hoyrebolge-blant-innvandrere\/#breadcrumb\",\"itemListElement\":[{\"@type\":\"ListItem\",\"position\":1,\"name\":\"Til hoyre.no\",\"item\":\"https:\/\/hoyre.no\"},{\"@type\":\"ListItem\",\"position\":2,\"name\":\"Hjem\",\"item\":\"https:\/\/hoyre.no\/oslo\/\"},{\"@type\":\"ListItem\",\"position\":3,\"name\":\"H\u00f8yreb\u00f8lge blant innvandrere\"}]},{\"@type\":\"WebSite\",\"@id\":\"https:\/\/hoyre.no\/oslo\/#website\",\"url\":\"https:\/\/hoyre.no\/oslo\/\",\"name\":\"Oslo H\u00f8yre\",\"description\":\"\",\"publisher\":{\"@id\":\"https:\/\/hoyre.no\/oslo\/#organization\"},\"inLanguage\":\"nb-NO\"},{\"@type\":\"Organization\",\"@id\":\"https:\/\/hoyre.no\/oslo\/#organization\",\"name\":\"Oslo H\u00f8yre\",\"url\":\"https:\/\/hoyre.no\/oslo\/\",\"logo\":{\"@type\":\"ImageObject\",\"inLanguage\":\"nb-NO\",\"@id\":\"https:\/\/hoyre.no\/oslo\/#\/schema\/logo\/image\/\",\"url\":\"https:\/\/hoyre.no\/content\/uploads\/sites\/408\/2022\/11\/Hoyres-logo.png\",\"contentUrl\":\"https:\/\/hoyre.no\/content\/uploads\/sites\/408\/2022\/11\/Hoyres-logo.png\",\"width\":1000,\"height\":1000,\"caption\":\"Oslo H\u00f8yre\"},\"image\":{\"@id\":\"https:\/\/hoyre.no\/oslo\/#\/schema\/logo\/image\/\"},\"sameAs\":[\"https:\/\/www.facebook.com\/oslo.hoyre\"]}]}<\/script>\n<!-- \/ Yoast SEO Premium plugin. -->","yoast_head_json":{"title":"H\u00f8yreb\u00f8lge blant innvandrere - Oslo H\u00f8yre","robots":{"index":"index","follow":"follow","max-snippet":"max-snippet:-1","max-image-preview":"max-image-preview:large","max-video-preview":"max-video-preview:-1"},"canonical":"https:\/\/hoyre.no\/oslo\/aktuelt\/hoyrebolge-blant-innvandrere\/","og_locale":"nb_NO","og_type":"article","og_title":"H\u00f8yreb\u00f8lge blant innvandrere","og_url":"https:\/\/hoyre.no\/oslo\/aktuelt\/hoyrebolge-blant-innvandrere\/","og_site_name":"Oslo H\u00f8yre","article_publisher":"https:\/\/www.facebook.com\/oslo.hoyre","article_published_time":"2014-06-30T13:58:56+00:00","article_modified_time":"2022-09-26T13:06:12+00:00","og_image":[{"width":1823,"height":678,"url":"https:\/\/hoyre.no\/content\/uploads\/sites\/408\/2022\/09\/mudassar-2-e1407418386659.jpg","type":"image\/jpeg"}],"twitter_card":"summary_large_image","twitter_misc":{"Ansl. lesetid":"2 minutter"},"schema":{"@context":"https:\/\/schema.org","@graph":[{"@type":"Article","@id":"https:\/\/hoyre.no\/oslo\/aktuelt\/hoyrebolge-blant-innvandrere\/#article","isPartOf":{"@id":"https:\/\/hoyre.no\/oslo\/aktuelt\/hoyrebolge-blant-innvandrere\/"},"author":{"name":"","@id":""},"headline":"H\u00f8yreb\u00f8lge blant innvandrere","datePublished":"2014-06-30T13:58:56+00:00","dateModified":"2022-09-26T13:06:12+00:00","mainEntityOfPage":{"@id":"https:\/\/hoyre.no\/oslo\/aktuelt\/hoyrebolge-blant-innvandrere\/"},"wordCount":363,"publisher":{"@id":"https:\/\/hoyre.no\/oslo\/#organization"},"image":{"@id":"https:\/\/hoyre.no\/oslo\/aktuelt\/hoyrebolge-blant-innvandrere\/#primaryimage"},"thumbnailUrl":"https:\/\/hoyre.no\/content\/uploads\/sites\/408\/2022\/09\/mudassar-2-e1407418386659.jpg","articleSection":["Nyheter"],"inLanguage":"nb-NO"},{"@type":"NewsArticle","@id":"https:\/\/hoyre.no\/oslo\/aktuelt\/hoyrebolge-blant-innvandrere\/","url":"https:\/\/hoyre.no\/oslo\/aktuelt\/hoyrebolge-blant-innvandrere\/","name":"H\u00f8yreb\u00f8lge blant innvandrere - Oslo H\u00f8yre","isPartOf":{"@id":"https:\/\/hoyre.no\/oslo\/#website"},"image":{"@id":"https:\/\/hoyre.no\/oslo\/aktuelt\/hoyrebolge-blant-innvandrere\/#primaryimage"},"thumbnailUrl":"https:\/\/hoyre.no\/content\/uploads\/sites\/408\/2022\/09\/mudassar-2-e1407418386659.jpg","datePublished":"2014-06-30T13:58:56+00:00","dateModified":"2022-09-26T13:06:12+00:00","breadcrumb":{"@id":"https:\/\/hoyre.no\/oslo\/aktuelt\/hoyrebolge-blant-innvandrere\/#breadcrumb"},"inLanguage":"nb-NO","potentialAction":[{"@type":"ReadAction","target":["https:\/\/hoyre.no\/oslo\/aktuelt\/hoyrebolge-blant-innvandrere\/"]}]},{"@type":"ImageObject","inLanguage":"nb-NO","@id":"https:\/\/hoyre.no\/oslo\/aktuelt\/hoyrebolge-blant-innvandrere\/#primaryimage","url":"https:\/\/hoyre.no\/content\/uploads\/sites\/408\/2022\/09\/mudassar-2-e1407418386659.jpg","contentUrl":"https:\/\/hoyre.no\/content\/uploads\/sites\/408\/2022\/09\/mudassar-2-e1407418386659.jpg","width":1823,"height":678,"caption":"Stortingsrepresentant Mudassar Kapur fra Oslo H\u00f8yre - H\u00f8yreb\u00f8lbe blant innvandrere"},{"@type":"BreadcrumbList","@id":"https:\/\/hoyre.no\/oslo\/aktuelt\/hoyrebolge-blant-innvandrere\/#breadcrumb","itemListElement":[{"@type":"ListItem","position":1,"name":"Til hoyre.no","item":"https:\/\/hoyre.no"},{"@type":"ListItem","position":2,"name":"Hjem","item":"https:\/\/hoyre.no\/oslo\/"},{"@type":"ListItem","position":3,"name":"H\u00f8yreb\u00f8lge blant innvandrere"}]},{"@type":"WebSite","@id":"https:\/\/hoyre.no\/oslo\/#website","url":"https:\/\/hoyre.no\/oslo\/","name":"Oslo H\u00f8yre","description":"","publisher":{"@id":"https:\/\/hoyre.no\/oslo\/#organization"},"inLanguage":"nb-NO"},{"@type":"Organization","@id":"https:\/\/hoyre.no\/oslo\/#organization","name":"Oslo H\u00f8yre","url":"https:\/\/hoyre.no\/oslo\/","logo":{"@type":"ImageObject","inLanguage":"nb-NO","@id":"https:\/\/hoyre.no\/oslo\/#\/schema\/logo\/image\/","url":"https:\/\/hoyre.no\/content\/uploads\/sites\/408\/2022\/11\/Hoyres-logo.png","contentUrl":"https:\/\/hoyre.no\/content\/uploads\/sites\/408\/2022\/11\/Hoyres-logo.png","width":1000,"height":1000,"caption":"Oslo H\u00f8yre"},"image":{"@id":"https:\/\/hoyre.no\/oslo\/#\/schema\/logo\/image\/"},"sameAs":["https:\/\/www.facebook.com\/oslo.hoyre"]}]}},"distributor_meta":false,"distributor_terms":false,"distributor_media":false,"distributor_original_site_name":"Oslo H\u00f8yre","distributor_original_site_url":"https:\/\/hoyre.no\/oslo","push-errors":false,"_links":{"self":[{"href":"https:\/\/hoyre.no\/oslo\/wp-json\/wp\/v2\/posts\/1628","targetHints":{"allow":["GET"]}}],"collection":[{"href":"https:\/\/hoyre.no\/oslo\/wp-json\/wp\/v2\/posts"}],"about":[{"href":"https:\/\/hoyre.no\/oslo\/wp-json\/wp\/v2\/types\/post"}],"replies":[{"embeddable":true,"href":"https:\/\/hoyre.no\/oslo\/wp-json\/wp\/v2\/comments?post=1628"}],"version-history":[{"count":1,"href":"https:\/\/hoyre.no\/oslo\/wp-json\/wp\/v2\/posts\/1628\/revisions"}],"predecessor-version":[{"id":2829,"href":"https:\/\/hoyre.no\/oslo\/wp-json\/wp\/v2\/posts\/1628\/revisions\/2829"}],"wp:featuredmedia":[{"embeddable":true,"href":"https:\/\/hoyre.no\/oslo\/wp-json\/wp\/v2\/media\/1629"}],"wp:attachment":[{"href":"https:\/\/hoyre.no\/oslo\/wp-json\/wp\/v2\/media?parent=1628"}],"wp:term":[{"taxonomy":"category","embeddable":true,"href":"https:\/\/hoyre.no\/oslo\/wp-json\/wp\/v2\/category?post=1628"},{"taxonomy":"post_tag","embeddable":true,"href":"https:\/\/hoyre.no\/oslo\/wp-json\/wp\/v2\/post_tag?post=1628"},{"taxonomy":"hoyre-visibility","embeddable":true,"href":"https:\/\/hoyre.no\/oslo\/wp-json\/wp\/v2\/hoyre-visibility?post=1628"},{"taxonomy":"article-type","embeddable":true,"href":"https:\/\/hoyre.no\/oslo\/wp-json\/wp\/v2\/article-type?post=1628"},{"taxonomy":"politician","embeddable":true,"href":"https:\/\/hoyre.no\/oslo\/wp-json\/wp\/v2\/politician?post=1628"}],"curies":[{"name":"wp","href":"https:\/\/api.w.org\/{rel}","templated":true}]}}