{"id":1630,"date":"2014-06-24T17:08:14","date_gmt":"2014-06-24T17:08:14","guid":{"rendered":"https:\/\/hoyre.no\/oslo\/aktuelt\/historiske-kvinnenavn-til-gatene-pa-filipstad\/"},"modified":"2022-09-26T15:06:12","modified_gmt":"2022-09-26T13:06:12","slug":"historiske-kvinnenavn-til-gatene-pa-filipstad","status":"publish","type":"post","link":"https:\/\/hoyre.no\/oslo\/aktuelt\/historiske-kvinnenavn-til-gatene-pa-filipstad\/","title":{"rendered":"Historiske kvinnenavn til gatene p\u00e5 Filipstad"},"content":{"rendered":"<figure class=\"hoyre-image-wrapper\"><div class=\"hoyre-image\"><img loading=\"lazy\" decoding=\"async\" width=\"1823\" height=\"678\" src=\"https:\/\/hoyre.no\/content\/uploads\/sites\/408\/2022\/09\/mudassar-2-e1407418386659.jpg\" class=\"attachment-scaled size-scaled\" alt=\"Stortingsrepresentant Mudassar Kapur fra Oslo H\u00f8yre - H\u00f8yreb\u00f8lbe blant innvandrere\" style=\"object-position: 50% 50%\" srcset=\"https:\/\/hoyre.no\/content\/uploads\/sites\/408\/2022\/09\/mudassar-2-e1407418386659.jpg 1823w, https:\/\/hoyre.no\/content\/uploads\/sites\/408\/2022\/09\/mudassar-2-e1407418386659-300x112.jpg 300w, https:\/\/hoyre.no\/content\/uploads\/sites\/408\/2022\/09\/mudassar-2-e1407418386659-1024x381.jpg 1024w, https:\/\/hoyre.no\/content\/uploads\/sites\/408\/2022\/09\/mudassar-2-e1407418386659-768x286.jpg 768w, https:\/\/hoyre.no\/content\/uploads\/sites\/408\/2022\/09\/mudassar-2-e1407418386659-1536x571.jpg 1536w\" sizes=\"auto, (max-width: 1823px) 100vw, 1823px\" \/><\/div><\/figure><div id=\"hoyre-old-article-content-wrapper\"><p><strong>Hvilke kvinner synes du fortjener \u00e6ren av \u00e5 f\u00e5 en gate eller et torg p\u00e5 Filipstad oppkalt etter seg? Bydelsutvalget i Frogner har nedsatt en tverrpolitisk navnekomit\u00e9 som n\u00e5 arbeider med \u00e5 finne historiske kvinner som kan sette sitt preg p\u00e5 den nye bydelen.<\/strong><\/p><p>Foto:\u00a0Plan- og bygningsetaten, privat<\/p><p><a href=\"https:\/\/www.oslohoyre.no\/wp-content\/uploads\/2014\/06\/elin-festoy-e1402925345782.jpg\"><img decoding=\"async\" loading=\"lazy\" src=\"https:\/\/hoyre.no\/content\/uploads\/sites\/408\/2022\/09\/elin-festoy-e1402925345782.jpg\" alt=\"Elin Fest\u00f8y er leder for en navnekomit\u00e9 som har f\u00e5tt oppdrag \u00e5 finne historiske kvinnenavn  til gatene og plassene p\u00e5 nye Filipstad\" width=\"300\" height=\"386\" srcset=\"https:\/\/hoyre.no\/content\/uploads\/sites\/408\/2022\/09\/elin-festoy-e1402925345782.jpg 300w, https:\/\/www.oslohoyre.no\/wp-content\/uploads\/2014\/06\/elin-festoy-e1402925345782-233x300.jpg 233w\" sizes=\"auto, (max-width: 300px) 100vw, 300px\" \/><\/a>Bydelsutvalget i Frogner Bydel har ansvaret for \u00e5 finne navn til de nye gatene og plassene p\u00e5 Filipstad, og har bestemt seg for \u00e5 benytte muligheten den nye bydelen gir til \u00e5 hedre historiske kvinner. Anledningen er 100-\u00e5rsjubil\u00e9et for kvinnelig stemmerett i 2013, og BU-leder Bjarne \u00d8degaard og byr\u00e5dsleder Stian Berger R\u00f8sland gikk f\u00f8r jul i fjor ut og ba byens befolkning om innspill.<\/p><p>N\u00e5 er Navnegruppa for Filipstad i full gang, og best\u00e5r av Helga Hernes, Aud Grandaunet, Berit Gerner, Tone Ringen og leder Elin Fest\u00f8y.<\/p><blockquote><p>\u2013 Vi er sv\u00e6rt glade for \u00e5 ha f\u00e5tt denne muligheten til \u00e5 l\u00f8fte frem flotte kvinner som fortjener \u00e5 huskes, sier Elin Fest\u00f8y<\/p><\/blockquote><p>Hun forteller at mandatet er \u00e5 foresl\u00e5 &laquo;historiske kvinner&raquo;. \u00a0Gruppen skal legge fram et forslag med cirka 30 kvinnenavn. Navnekomiteen har f\u00e5tt vide fullmakter<\/p><blockquote><p>Vi ser b\u00e5de etter kvinner som hadde tilknytning til Frogner bydel og etter kvinner som Norge som nasjon b\u00f8r l\u00f8fte frem.<\/p><\/blockquote><p>Komiteen\u00a0har mottatt flere hundre forslag p\u00e5 basis av fjor\u00e5rets utlysning, men oppfordrer stadig interesserte til \u00e5 sende inn navn.<\/p><p>Fest\u00f8y er glad for at det har kommet inn sv\u00e6rt mange gode forslag, men vil gjerne ha enda flere.<\/p><blockquote><p>Dette er en unik mulighet til \u00e5 gi synlighet til historiske kvinner som kanskje ikke har f\u00e5tt den heder de har fortjent tidligere, sier Fest\u00f8y.<\/p><\/blockquote><p><strong>Send inn navneforslag med en kort begrunnelse til:\u00a0<a href=\"mailto:postmottak@bfr.oslo.kommune.no\">postmottak@bfr.oslo.kommune.no<\/a><\/strong><\/p><p>Reguleringsplanen for omr\u00e5det er enn\u00e5 ikke avklart, s\u00e5 gruppas forslag vil best\u00e5 av navnelister med innspill til mulig plassering slik at navnene er tilgjengelige n\u00e5r endelig gateplan etableres. Da vil det v\u00e6re behov for \u00e5 kunne gi de avgrensede eiendommene korrekt gatenavn og nummer raskt for \u00e5 muliggj\u00f8re de eiendomstransaksjoner som vil v\u00e6re basis for de ulike byggeprosjektene i bydelen.<\/p><p>Navneforslagene samles inn i l\u00f8pet av sommeren, alle forslagene blir deretter vurdert. De aktuelle navnene vil bli valgt i l\u00f8pet av vinteren og p\u00e5 v\u00e5rparten skal komiteen overlevere sitt forslag til bydelsutvalget i Frogner.<\/p><p><strong>Bli med \u00e5 sette ditt preg p\u00e5 Filipstad!<br \/><a href=\"https:\/\/www.oslohoyre.no\/wp-content\/uploads\/2014\/06\/kart-filipstad-e1403628494560.jpg\"><img decoding=\"async\" loading=\"lazy\" src=\"https:\/\/www.oslohoyre.no\/wp-content\/uploads\/2014\/06\/kart-filipstad-585x389.jpg\" alt=\"Bli med \u00e5 sette ditt preg p\u00e5 nye Filipstad - gatene og plassene p\u00e5 Filipstad skal f\u00e5 historiske kvinnenavn. Illustrasjon:: Plan- og bygningsetaten\" width=\"585\" height=\"389\" \/><\/a><br \/><\/strong><\/p><p>&nbsp;<\/p>\n<\/div>\n<div class=\"tags\">\n\t<\/div>\n<div class=\"post-footer alignfull has-background block-editor-block-list__block\" data-align=full>\n\t<div class=\"post-footer-inner\">\n\t\t<h3>Relaterte artikler<\/h3>\n\t\t<div class=\"related-content\"><div class=\"is-card-hoyre\">\n\t<div class=\"teft-card hoyre-teft-card post-teft-card\">\n\t\t<a href=\"https:\/\/hoyre.no\/oslo\/aktuelt\/mdg-moralismen-fornekter-seg-ikke\/\" class=\"teft-card__primary-action\">\n\n\t\t\t\t\t<div class=\"teft-card__media teft-card__media--16-9\">\n\t\t\t\t\t\t<img loading=\"lazy\" decoding=\"async\" width=\"768\" height=\"512\" src=\"https:\/\/hoyre.no\/content\/uploads\/sites\/408\/2024\/01\/QZQlxtOC-768x512.jpeg\" class=\"attachment-medium_large size-medium_large\" alt=\"Merete Agerbak-Jensen\" srcset=\"https:\/\/hoyre.no\/content\/uploads\/sites\/408\/2024\/01\/QZQlxtOC-768x512.jpeg 768w, https:\/\/hoyre.no\/content\/uploads\/sites\/408\/2024\/01\/QZQlxtOC-300x200.jpeg 300w, https:\/\/hoyre.no\/content\/uploads\/sites\/408\/2024\/01\/QZQlxtOC-1024x683.jpeg 1024w, https:\/\/hoyre.no\/content\/uploads\/sites\/408\/2024\/01\/QZQlxtOC-1536x1024.jpeg 1536w, https:\/\/hoyre.no\/content\/uploads\/sites\/408\/2024\/01\/QZQlxtOC-2048x1365.jpeg 2048w\" sizes=\"auto, (max-width: 768px) 100vw, 768px\" \/>\t\t<\/div>\n\t\t\n\t\t\t<div class=\"teft-card__content-wrapper\">\n\t\t\t\t<div class=\"teft-card__secondary\">\n\t\t\t\t\t\n\t\t\t\t\t\t\t\t<div class=\"teft-card__meta\">\n\t\t\t\t\t\t\t\t\t<span class=\"post-date\">23. apr 2026<\/span>\n\n\t\t\t\t\t\t\t\t\t\t\t\t\t\t\t\t\t<\/div>\n\t\t\t\t\t\t\t\t\t\t\t<\/div>\n\n\t\t\t\t<div class=\"teft-card__primary\">\n\t\t\t\t\t<h2 class=\"teft-card__title\">MDG-moralismen fornekter seg ikke&nbsp;<span class=\"teft-card__primary-title-append\"><\/span><\/h2>\t\t\t\t<\/div>\n\t\t\t<\/div>\n\t\t<\/a>\n\t<\/div>\n\n\t<\/div><div class=\"is-card-hoyre\">\n\t<div class=\"teft-card hoyre-teft-card post-teft-card\">\n\t\t<a href=\"https:\/\/hoyre.no\/oslo\/aktuelt\/raskere-og-enklere-a-bygge-boliger-og-skape-arbeidsplasser-i-oslo\/\" class=\"teft-card__primary-action\">\n\n\t\t\t\t\t<div class=\"teft-card__media teft-card__media--16-9\">\n\t\t\t\t\t\t<img loading=\"lazy\" decoding=\"async\" width=\"768\" height=\"576\" src=\"https:\/\/hoyre.no\/content\/uploads\/sites\/408\/2026\/04\/Eirik-Lae-Solberg-og-Anita-Leirvik-North-768x576.jpg\" class=\"attachment-medium_large size-medium_large\" alt=\"\" srcset=\"https:\/\/hoyre.no\/content\/uploads\/sites\/408\/2026\/04\/Eirik-Lae-Solberg-og-Anita-Leirvik-North-768x576.jpg 768w, https:\/\/hoyre.no\/content\/uploads\/sites\/408\/2026\/04\/Eirik-Lae-Solberg-og-Anita-Leirvik-North-300x225.jpg 300w, https:\/\/hoyre.no\/content\/uploads\/sites\/408\/2026\/04\/Eirik-Lae-Solberg-og-Anita-Leirvik-North.jpg 901w\" sizes=\"auto, (max-width: 768px) 100vw, 768px\" \/>\t\t<\/div>\n\t\t\n\t\t\t<div class=\"teft-card__content-wrapper\">\n\t\t\t\t<div class=\"teft-card__secondary\">\n\t\t\t\t\t\n\t\t\t\t\t\t\t\t<div class=\"teft-card__meta\">\n\t\t\t\t\t\t\t\t\t<span class=\"post-date\">14. apr 2026<\/span>\n\n\t\t\t\t\t\t\t\t\t<span class=\"post-category\">Har lagt frem ny KPA:<\/span>\t\t\t\t\t\t\t\t<\/div>\n\t\t\t\t\t\t\t\t\t\t\t<\/div>\n\n\t\t\t\t<div class=\"teft-card__primary\">\n\t\t\t\t\t<h2 class=\"teft-card__title\">Raskere og enklere \u00e5 bygge boliger og skape arbeidsplasser i Oslo&nbsp;<span class=\"teft-card__primary-title-append\"><\/span><\/h2>\t\t\t\t<\/div>\n\t\t\t<\/div>\n\t\t<\/a>\n\t<\/div>\n\n\t<\/div><div class=\"is-card-hoyre\">\n\t<div class=\"teft-card hoyre-teft-card post-teft-card\">\n\t\t<a href=\"https:\/\/hoyre.no\/oslo\/aktuelt\/bedre-elevresultater-og-en-skoleokonomi-i-balanse-med-blagront-byrad\/\" class=\"teft-card__primary-action\">\n\n\t\t\t\t\t<div class=\"teft-card__media teft-card__media--16-9\">\n\t\t\t\t\t\t<img loading=\"lazy\" decoding=\"async\" width=\"768\" height=\"512\" src=\"https:\/\/hoyre.no\/content\/uploads\/sites\/408\/2025\/05\/IMG_6440-768x512.jpeg\" class=\"attachment-medium_large size-medium_large\" alt=\"Julie Remen Midtgarden\" srcset=\"https:\/\/hoyre.no\/content\/uploads\/sites\/408\/2025\/05\/IMG_6440-768x512.jpeg 768w, https:\/\/hoyre.no\/content\/uploads\/sites\/408\/2025\/05\/IMG_6440-300x200.jpeg 300w, https:\/\/hoyre.no\/content\/uploads\/sites\/408\/2025\/05\/IMG_6440-1024x683.jpeg 1024w, https:\/\/hoyre.no\/content\/uploads\/sites\/408\/2025\/05\/IMG_6440-1536x1024.jpeg 1536w, https:\/\/hoyre.no\/content\/uploads\/sites\/408\/2025\/05\/IMG_6440-2048x1365.jpeg 2048w\" sizes=\"auto, (max-width: 768px) 100vw, 768px\" \/>\t\t<\/div>\n\t\t\n\t\t\t<div class=\"teft-card__content-wrapper\">\n\t\t\t\t<div class=\"teft-card__secondary\">\n\t\t\t\t\t\n\t\t\t\t\t\t\t\t<div class=\"teft-card__meta\">\n\t\t\t\t\t\t\t\t\t<span class=\"post-date\">26. mar 2026<\/span>\n\n\t\t\t\t\t\t\t\t\t\t\t\t\t\t\t\t\t<\/div>\n\t\t\t\t\t\t\t\t\t\t\t<\/div>\n\n\t\t\t\t<div class=\"teft-card__primary\">\n\t\t\t\t\t<h2 class=\"teft-card__title\">Bedre elevresultater og en skole\u00f8konomi i balanse med bl\u00e5gr\u00f8nt byr\u00e5d&nbsp;<span class=\"teft-card__primary-title-append\"><\/span><\/h2>\t\t\t\t<\/div>\n\t\t\t<\/div>\n\t\t<\/a>\n\t<\/div>\n\n\t<\/div><\/div>\t<\/div>\n<\/div>\n","protected":false},"excerpt":{"rendered":"","protected":false},"author":0,"featured_media":0,"comment_status":"closed","ping_status":"open","sticky":false,"template":"","format":"standard","meta":{"teft_cards_image_url":"","teft_cards_custom_pretitle":"","teft_cards_image_id":0,"teft_cards_image_focal_point_x":0,"teft_cards_image_focal_point_y":0,"teft_cards_title":"","teft_cards_excerpt":"","teft_show_chapters":false,"author_display_name":"Oslo H\u00f8yre","footnotes":""},"category":[1],"post_tag":[],"hoyre-visibility":[],"article-type":[],"politician":[],"class_list":["post-1630","post","type-post","status-publish","format-standard","hentry","category-nyheter"],"yoast_head":"<!-- This site is optimized with the Yoast SEO Premium plugin v26.5 (Yoast SEO v26.6) - https:\/\/yoast.com\/wordpress\/plugins\/seo\/ -->\n<title>Historiske kvinnenavn til gatene p\u00e5 Filipstad - Oslo H\u00f8yre<\/title>\n<meta name=\"robots\" content=\"index, follow, max-snippet:-1, max-image-preview:large, max-video-preview:-1\" \/>\n<link rel=\"canonical\" href=\"https:\/\/hoyre.no\/oslo\/aktuelt\/historiske-kvinnenavn-til-gatene-pa-filipstad\/\" \/>\n<meta property=\"og:locale\" content=\"nb_NO\" \/>\n<meta property=\"og:type\" content=\"article\" \/>\n<meta property=\"og:title\" content=\"Historiske kvinnenavn til gatene p\u00e5 Filipstad\" \/>\n<meta property=\"og:url\" content=\"https:\/\/hoyre.no\/oslo\/aktuelt\/historiske-kvinnenavn-til-gatene-pa-filipstad\/\" \/>\n<meta property=\"og:site_name\" content=\"Oslo H\u00f8yre\" \/>\n<meta property=\"article:publisher\" content=\"https:\/\/www.facebook.com\/oslo.hoyre\" \/>\n<meta property=\"article:published_time\" content=\"2014-06-24T17:08:14+00:00\" \/>\n<meta property=\"article:modified_time\" content=\"2022-09-26T13:06:12+00:00\" \/>\n<meta property=\"og:image\" content=\"https:\/\/hoyre.no\/content\/uploads\/sites\/408\/2022\/09\/elin-festoy-e1402925345782.jpg\" \/>\n<meta name=\"twitter:card\" content=\"summary_large_image\" \/>\n<meta name=\"twitter:label1\" content=\"Ansl. lesetid\" \/>\n\t<meta name=\"twitter:data1\" content=\"2 minutter\" \/>\n<script type=\"application\/ld+json\" class=\"yoast-schema-graph\">{\"@context\":\"https:\/\/schema.org\",\"@graph\":[{\"@type\":\"Article\",\"@id\":\"https:\/\/hoyre.no\/oslo\/aktuelt\/historiske-kvinnenavn-til-gatene-pa-filipstad\/#article\",\"isPartOf\":{\"@id\":\"https:\/\/hoyre.no\/oslo\/aktuelt\/historiske-kvinnenavn-til-gatene-pa-filipstad\/\"},\"author\":{\"name\":\"\",\"@id\":\"\"},\"headline\":\"Historiske kvinnenavn til gatene p\u00e5 Filipstad\",\"datePublished\":\"2014-06-24T17:08:14+00:00\",\"dateModified\":\"2022-09-26T13:06:12+00:00\",\"mainEntityOfPage\":{\"@id\":\"https:\/\/hoyre.no\/oslo\/aktuelt\/historiske-kvinnenavn-til-gatene-pa-filipstad\/\"},\"wordCount\":419,\"publisher\":{\"@id\":\"https:\/\/hoyre.no\/oslo\/#organization\"},\"image\":{\"@id\":\"https:\/\/hoyre.no\/oslo\/aktuelt\/historiske-kvinnenavn-til-gatene-pa-filipstad\/#primaryimage\"},\"thumbnailUrl\":\"https:\/\/hoyre.no\/content\/uploads\/sites\/408\/2022\/09\/elin-festoy-e1402925345782.jpg\",\"articleSection\":[\"Nyheter\"],\"inLanguage\":\"nb-NO\"},{\"@type\":\"NewsArticle\",\"@id\":\"https:\/\/hoyre.no\/oslo\/aktuelt\/historiske-kvinnenavn-til-gatene-pa-filipstad\/\",\"url\":\"https:\/\/hoyre.no\/oslo\/aktuelt\/historiske-kvinnenavn-til-gatene-pa-filipstad\/\",\"name\":\"Historiske kvinnenavn til gatene p\u00e5 Filipstad - Oslo H\u00f8yre\",\"isPartOf\":{\"@id\":\"https:\/\/hoyre.no\/oslo\/#website\"},\"image\":{\"@id\":\"https:\/\/hoyre.no\/oslo\/aktuelt\/historiske-kvinnenavn-til-gatene-pa-filipstad\/#primaryimage\"},\"thumbnailUrl\":\"https:\/\/hoyre.no\/content\/uploads\/sites\/408\/2022\/09\/elin-festoy-e1402925345782.jpg\",\"datePublished\":\"2014-06-24T17:08:14+00:00\",\"dateModified\":\"2022-09-26T13:06:12+00:00\",\"breadcrumb\":{\"@id\":\"https:\/\/hoyre.no\/oslo\/aktuelt\/historiske-kvinnenavn-til-gatene-pa-filipstad\/#breadcrumb\"},\"inLanguage\":\"nb-NO\",\"potentialAction\":[{\"@type\":\"ReadAction\",\"target\":[\"https:\/\/hoyre.no\/oslo\/aktuelt\/historiske-kvinnenavn-til-gatene-pa-filipstad\/\"]}]},{\"@type\":\"ImageObject\",\"inLanguage\":\"nb-NO\",\"@id\":\"https:\/\/hoyre.no\/oslo\/aktuelt\/historiske-kvinnenavn-til-gatene-pa-filipstad\/#primaryimage\",\"url\":\"https:\/\/hoyre.no\/content\/uploads\/sites\/408\/2022\/09\/elin-festoy-e1402925345782.jpg\",\"contentUrl\":\"https:\/\/hoyre.no\/content\/uploads\/sites\/408\/2022\/09\/elin-festoy-e1402925345782.jpg\"},{\"@type\":\"BreadcrumbList\",\"@id\":\"https:\/\/hoyre.no\/oslo\/aktuelt\/historiske-kvinnenavn-til-gatene-pa-filipstad\/#breadcrumb\",\"itemListElement\":[{\"@type\":\"ListItem\",\"position\":1,\"name\":\"Til hoyre.no\",\"item\":\"https:\/\/hoyre.no\"},{\"@type\":\"ListItem\",\"position\":2,\"name\":\"Hjem\",\"item\":\"https:\/\/hoyre.no\/oslo\/\"},{\"@type\":\"ListItem\",\"position\":3,\"name\":\"Historiske kvinnenavn til gatene p\u00e5 Filipstad\"}]},{\"@type\":\"WebSite\",\"@id\":\"https:\/\/hoyre.no\/oslo\/#website\",\"url\":\"https:\/\/hoyre.no\/oslo\/\",\"name\":\"Oslo H\u00f8yre\",\"description\":\"\",\"publisher\":{\"@id\":\"https:\/\/hoyre.no\/oslo\/#organization\"},\"inLanguage\":\"nb-NO\"},{\"@type\":\"Organization\",\"@id\":\"https:\/\/hoyre.no\/oslo\/#organization\",\"name\":\"Oslo H\u00f8yre\",\"url\":\"https:\/\/hoyre.no\/oslo\/\",\"logo\":{\"@type\":\"ImageObject\",\"inLanguage\":\"nb-NO\",\"@id\":\"https:\/\/hoyre.no\/oslo\/#\/schema\/logo\/image\/\",\"url\":\"https:\/\/hoyre.no\/content\/uploads\/sites\/408\/2022\/11\/Hoyres-logo.png\",\"contentUrl\":\"https:\/\/hoyre.no\/content\/uploads\/sites\/408\/2022\/11\/Hoyres-logo.png\",\"width\":1000,\"height\":1000,\"caption\":\"Oslo H\u00f8yre\"},\"image\":{\"@id\":\"https:\/\/hoyre.no\/oslo\/#\/schema\/logo\/image\/\"},\"sameAs\":[\"https:\/\/www.facebook.com\/oslo.hoyre\"]}]}<\/script>\n<!-- \/ Yoast SEO Premium plugin. -->","yoast_head_json":{"title":"Historiske kvinnenavn til gatene p\u00e5 Filipstad - Oslo H\u00f8yre","robots":{"index":"index","follow":"follow","max-snippet":"max-snippet:-1","max-image-preview":"max-image-preview:large","max-video-preview":"max-video-preview:-1"},"canonical":"https:\/\/hoyre.no\/oslo\/aktuelt\/historiske-kvinnenavn-til-gatene-pa-filipstad\/","og_locale":"nb_NO","og_type":"article","og_title":"Historiske kvinnenavn til gatene p\u00e5 Filipstad","og_url":"https:\/\/hoyre.no\/oslo\/aktuelt\/historiske-kvinnenavn-til-gatene-pa-filipstad\/","og_site_name":"Oslo H\u00f8yre","article_publisher":"https:\/\/www.facebook.com\/oslo.hoyre","article_published_time":"2014-06-24T17:08:14+00:00","article_modified_time":"2022-09-26T13:06:12+00:00","og_image":[{"url":"https:\/\/hoyre.no\/content\/uploads\/sites\/408\/2022\/09\/elin-festoy-e1402925345782.jpg","type":"","width":"","height":""}],"twitter_card":"summary_large_image","twitter_misc":{"Ansl. lesetid":"2 minutter"},"schema":{"@context":"https:\/\/schema.org","@graph":[{"@type":"Article","@id":"https:\/\/hoyre.no\/oslo\/aktuelt\/historiske-kvinnenavn-til-gatene-pa-filipstad\/#article","isPartOf":{"@id":"https:\/\/hoyre.no\/oslo\/aktuelt\/historiske-kvinnenavn-til-gatene-pa-filipstad\/"},"author":{"name":"","@id":""},"headline":"Historiske kvinnenavn til gatene p\u00e5 Filipstad","datePublished":"2014-06-24T17:08:14+00:00","dateModified":"2022-09-26T13:06:12+00:00","mainEntityOfPage":{"@id":"https:\/\/hoyre.no\/oslo\/aktuelt\/historiske-kvinnenavn-til-gatene-pa-filipstad\/"},"wordCount":419,"publisher":{"@id":"https:\/\/hoyre.no\/oslo\/#organization"},"image":{"@id":"https:\/\/hoyre.no\/oslo\/aktuelt\/historiske-kvinnenavn-til-gatene-pa-filipstad\/#primaryimage"},"thumbnailUrl":"https:\/\/hoyre.no\/content\/uploads\/sites\/408\/2022\/09\/elin-festoy-e1402925345782.jpg","articleSection":["Nyheter"],"inLanguage":"nb-NO"},{"@type":"NewsArticle","@id":"https:\/\/hoyre.no\/oslo\/aktuelt\/historiske-kvinnenavn-til-gatene-pa-filipstad\/","url":"https:\/\/hoyre.no\/oslo\/aktuelt\/historiske-kvinnenavn-til-gatene-pa-filipstad\/","name":"Historiske kvinnenavn til gatene p\u00e5 Filipstad - Oslo H\u00f8yre","isPartOf":{"@id":"https:\/\/hoyre.no\/oslo\/#website"},"image":{"@id":"https:\/\/hoyre.no\/oslo\/aktuelt\/historiske-kvinnenavn-til-gatene-pa-filipstad\/#primaryimage"},"thumbnailUrl":"https:\/\/hoyre.no\/content\/uploads\/sites\/408\/2022\/09\/elin-festoy-e1402925345782.jpg","datePublished":"2014-06-24T17:08:14+00:00","dateModified":"2022-09-26T13:06:12+00:00","breadcrumb":{"@id":"https:\/\/hoyre.no\/oslo\/aktuelt\/historiske-kvinnenavn-til-gatene-pa-filipstad\/#breadcrumb"},"inLanguage":"nb-NO","potentialAction":[{"@type":"ReadAction","target":["https:\/\/hoyre.no\/oslo\/aktuelt\/historiske-kvinnenavn-til-gatene-pa-filipstad\/"]}]},{"@type":"ImageObject","inLanguage":"nb-NO","@id":"https:\/\/hoyre.no\/oslo\/aktuelt\/historiske-kvinnenavn-til-gatene-pa-filipstad\/#primaryimage","url":"https:\/\/hoyre.no\/content\/uploads\/sites\/408\/2022\/09\/elin-festoy-e1402925345782.jpg","contentUrl":"https:\/\/hoyre.no\/content\/uploads\/sites\/408\/2022\/09\/elin-festoy-e1402925345782.jpg"},{"@type":"BreadcrumbList","@id":"https:\/\/hoyre.no\/oslo\/aktuelt\/historiske-kvinnenavn-til-gatene-pa-filipstad\/#breadcrumb","itemListElement":[{"@type":"ListItem","position":1,"name":"Til hoyre.no","item":"https:\/\/hoyre.no"},{"@type":"ListItem","position":2,"name":"Hjem","item":"https:\/\/hoyre.no\/oslo\/"},{"@type":"ListItem","position":3,"name":"Historiske kvinnenavn til gatene p\u00e5 Filipstad"}]},{"@type":"WebSite","@id":"https:\/\/hoyre.no\/oslo\/#website","url":"https:\/\/hoyre.no\/oslo\/","name":"Oslo H\u00f8yre","description":"","publisher":{"@id":"https:\/\/hoyre.no\/oslo\/#organization"},"inLanguage":"nb-NO"},{"@type":"Organization","@id":"https:\/\/hoyre.no\/oslo\/#organization","name":"Oslo H\u00f8yre","url":"https:\/\/hoyre.no\/oslo\/","logo":{"@type":"ImageObject","inLanguage":"nb-NO","@id":"https:\/\/hoyre.no\/oslo\/#\/schema\/logo\/image\/","url":"https:\/\/hoyre.no\/content\/uploads\/sites\/408\/2022\/11\/Hoyres-logo.png","contentUrl":"https:\/\/hoyre.no\/content\/uploads\/sites\/408\/2022\/11\/Hoyres-logo.png","width":1000,"height":1000,"caption":"Oslo H\u00f8yre"},"image":{"@id":"https:\/\/hoyre.no\/oslo\/#\/schema\/logo\/image\/"},"sameAs":["https:\/\/www.facebook.com\/oslo.hoyre"]}]}},"distributor_meta":false,"distributor_terms":false,"distributor_media":false,"distributor_original_site_name":"Oslo H\u00f8yre","distributor_original_site_url":"https:\/\/hoyre.no\/oslo","push-errors":false,"_links":{"self":[{"href":"https:\/\/hoyre.no\/oslo\/wp-json\/wp\/v2\/posts\/1630","targetHints":{"allow":["GET"]}}],"collection":[{"href":"https:\/\/hoyre.no\/oslo\/wp-json\/wp\/v2\/posts"}],"about":[{"href":"https:\/\/hoyre.no\/oslo\/wp-json\/wp\/v2\/types\/post"}],"replies":[{"embeddable":true,"href":"https:\/\/hoyre.no\/oslo\/wp-json\/wp\/v2\/comments?post=1630"}],"version-history":[{"count":1,"href":"https:\/\/hoyre.no\/oslo\/wp-json\/wp\/v2\/posts\/1630\/revisions"}],"predecessor-version":[{"id":2831,"href":"https:\/\/hoyre.no\/oslo\/wp-json\/wp\/v2\/posts\/1630\/revisions\/2831"}],"wp:attachment":[{"href":"https:\/\/hoyre.no\/oslo\/wp-json\/wp\/v2\/media?parent=1630"}],"wp:term":[{"taxonomy":"category","embeddable":true,"href":"https:\/\/hoyre.no\/oslo\/wp-json\/wp\/v2\/category?post=1630"},{"taxonomy":"post_tag","embeddable":true,"href":"https:\/\/hoyre.no\/oslo\/wp-json\/wp\/v2\/post_tag?post=1630"},{"taxonomy":"hoyre-visibility","embeddable":true,"href":"https:\/\/hoyre.no\/oslo\/wp-json\/wp\/v2\/hoyre-visibility?post=1630"},{"taxonomy":"article-type","embeddable":true,"href":"https:\/\/hoyre.no\/oslo\/wp-json\/wp\/v2\/article-type?post=1630"},{"taxonomy":"politician","embeddable":true,"href":"https:\/\/hoyre.no\/oslo\/wp-json\/wp\/v2\/politician?post=1630"}],"curies":[{"name":"wp","href":"https:\/\/api.w.org\/{rel}","templated":true}]}}