{"id":1631,"date":"2014-06-23T16:16:33","date_gmt":"2014-06-23T16:16:33","guid":{"rendered":"https:\/\/hoyre.no\/oslo\/aktuelt\/ny-vigelandspark-pa-tinkern\/"},"modified":"2022-09-26T15:06:13","modified_gmt":"2022-09-26T13:06:13","slug":"ny-vigelandspark-pa-tinkern","status":"publish","type":"post","link":"https:\/\/hoyre.no\/oslo\/aktuelt\/ny-vigelandspark-pa-tinkern\/","title":{"rendered":"Ny Vigelandspark p\u00e5 Tinkern?"},"content":{"rendered":"<figure class=\"hoyre-image-wrapper\"><div class=\"hoyre-image\"><img loading=\"lazy\" decoding=\"async\" width=\"1823\" height=\"678\" src=\"https:\/\/hoyre.no\/content\/uploads\/sites\/408\/2022\/09\/mudassar-2-e1407418386659.jpg\" class=\"attachment-scaled size-scaled\" alt=\"Stortingsrepresentant Mudassar Kapur fra Oslo H\u00f8yre - H\u00f8yreb\u00f8lbe blant innvandrere\" style=\"object-position: 50% 50%\" srcset=\"https:\/\/hoyre.no\/content\/uploads\/sites\/408\/2022\/09\/mudassar-2-e1407418386659.jpg 1823w, https:\/\/hoyre.no\/content\/uploads\/sites\/408\/2022\/09\/mudassar-2-e1407418386659-300x112.jpg 300w, https:\/\/hoyre.no\/content\/uploads\/sites\/408\/2022\/09\/mudassar-2-e1407418386659-1024x381.jpg 1024w, https:\/\/hoyre.no\/content\/uploads\/sites\/408\/2022\/09\/mudassar-2-e1407418386659-768x286.jpg 768w, https:\/\/hoyre.no\/content\/uploads\/sites\/408\/2022\/09\/mudassar-2-e1407418386659-1536x571.jpg 1536w\" sizes=\"auto, (max-width: 1823px) 100vw, 1823px\" \/><\/div><\/figure><div id=\"hoyre-old-article-content-wrapper\"><h1>Speilskulpturer p\u00e5 Tinkern<\/h1><p><strong>Tinkern &#8211; dette litt bortgjemte parkomr\u00e5de kan f\u00e5 en ny fremtid &#8211; som skulpturpark. <\/strong><\/p><p><em>Tekst;: Hans Magnus Borge<\/em><br \/><em>Foto: Hans Magnus Borge<\/em><\/p><p>En gruppe ledet av Paul Amble har satt opp speilskulpturer p\u00e5 de gamle fundamentene st\u00e5r igjen etter den en gang s\u00e5 flotte fra murvillaen til Johan Collett.<\/p><p>Verkene har f\u00e5tt navnet &laquo;Talking peace&raquo; eller &laquo;De kutter ned tr\u00e6r og bygger parkanlegg her&raquo;<\/p><p>Det ble holdt \u00e5pning en fin sommerkveld, som seg h\u00f8r og b\u00f8r med litt regnbyger.<\/p><p>I sin tale takket Paul Amble Frogner Bydel, friluftsetaten og ikke minst\u00a0Oslo Kommunes Kunstordning\u00a0.<\/p><p>Styreformann Knut Even Lindsj\u00f8rn var ogs\u00e5 tilstede og takket Paul Amble for initiativet.<\/p><p>Et storband spilte et potpurri over gode gamle Oslo sanger &#8211; som &laquo;Hoved\u00f8en&raquo; og &laquo;Enerhaugen &raquo; mens Lars Lillo Stenberg sang om Oslo som er s\u00e5 stor og allikevel s\u00e5 liten.<\/p><h3>Korttidskunst fra kommunen<\/h3><p>Skulpturene p\u00e5 Tinkern er bare midlertidig plassert, s\u00e5 du m\u00e5 ikke vente for lenge med \u00e5 ta deg turen. Verkene er blant 14 kunstverk Oslo kommune i l\u00f8pet av sommeren og h\u00f8sten plasserer ut i byrommet for en begrenset periode.<\/p><p>Prosjektet har f\u00e5tt tittelen &laquo;Kunst i hele byen: Sted s\u00f8ker kunst&raquo;.<\/p><p><strong>Andre verk du kan oppleve er:<\/strong><\/p><p><strong>Domus Media T\u00f8yen<\/strong>\u00a0(Lars-Andreas Tovey Kristiansen), fasade p\u00e5 trafoen p\u00e5 T\u00f8yen.<\/p><p><strong>Videoprosjekt<\/strong>\u00a0(Rasmus Brinch), Sinsen t-banestasjon.<\/p><p><strong>De kutter ned tr\u00e6r og bygger parkanlegg her<\/strong>\u00a0(Paul Amble), skulpturer m.m. i Tinker&#8217;n p\u00e5 Skillebekk.<\/p><p><strong>Den ambulerende musikkmaskinen\u00a0<\/strong>(St\u00e5le S\u00f8rensen), musikkpaviljonger i forskjellige parker.<\/p><p><strong>Gress\u00a0<\/strong>(Eline Smith), sted ikke bestemt.<\/p><p><strong>Primary Sitting III<\/strong>\u00a0(Hilde Aagard), gul, trekantet skulptur ved Sukkerbiten.<\/p><p><strong>Love is in the Air<\/strong>\u00a0(Francesco Cerutti), drageflyvning fra utvalgte hustak.<\/p><p><strong>Rom i byen for byen<\/strong>\u00a0(Mie Dinesen og Fride Foberg), Kristparken og Akerselva.<\/p><p><strong>Stubbeprosjekt<\/strong>\u00a0(Marianne Steiro) skulpturinstallasjoner p\u00e5 kastanjestubbene i Bygd\u00f8y all\u00e9.<\/p><p><strong>Without authorities for approx. 90 minutes<\/strong>\u00a0(Sanne &#038;&#038; Silsand), videovisning i tomme butikklokaler.<\/p><p><strong>Et verk av Richard Wright til Tegnebiennalen 2014<\/strong>\u00a0(Elisabeth Byre\/Oslo kunsthall), maleri p\u00e5 forel\u00f8pig ikke bestemt sted.<\/p><p><strong>Evergreen &#8211; historiefortelling og kunst langs strandpromenaden<\/strong>(Vibeke Christensen og Christian Bermudez), fra Bispevika til Fillipstadkaia.<\/p><p><strong>WE-ME<\/strong>\u00a0(Julia Vance), tre skulpturer som kan flyttes.<\/p>\n[framed_box]\n<h2>Fakta om Tinkern<\/h2><p>Tinkern heter egentlig Framneshaven. Parken ligger ved Skillebekk, rett ved gangbroen over mot Frognerstranden og Color Line-kaien. Parken er p\u00e5 \u00e5tte m\u00e5l. Parken ligger p\u00e5 en liten h\u00f8yde med fin utsikt til Filipstad, Frognerkilen og Bygd\u00f8y fra de \u00f8vre delene av parken. Omr\u00e5det ble regulert som park i 1993,<\/p><p>Parken har lekplass og benker.<\/p><p>Opprinnelig var omr\u00e5det en l\u00f8kke under Nedre Skillebekk. I 852 kj\u00f8pte Johan Collett l\u00f8kken og bygde en murvillla p\u00e5 h\u00f8yden. Det var denne villaen som i sin tid ble kalt Tinkern og gav opphavet til parknavnet. Da Drammensbanen som ble bygget i 1970 delt l\u00f8kken i to.<\/p><p>I 1960-\u00e5rene var villaen hovedkontoret til skipsreder\u00a0Berge Sigvald Bergesen. Senere ble bygningen forlatt og i 1974 flyttet husokkupanter inn., i 1981 brant villaen hele to ganger og ble deretter revet. Portnerboligen, som i dag er barnehage st\u00e5r fortsatt.e.<\/p>\n[\/framed_box]\n<p>&nbsp;<\/p>\n<\/div>\n<div class=\"tags\">\n\t<\/div>\n<div class=\"post-footer alignfull has-background block-editor-block-list__block\" data-align=full>\n\t<div class=\"post-footer-inner\">\n\t\t<h3>Relaterte artikler<\/h3>\n\t\t<div class=\"related-content\"><div class=\"is-card-hoyre\">\n\t<div class=\"teft-card hoyre-teft-card post-teft-card\">\n\t\t<a href=\"https:\/\/hoyre.no\/oslo\/aktuelt\/mdg-moralismen-fornekter-seg-ikke\/\" class=\"teft-card__primary-action\">\n\n\t\t\t\t\t<div class=\"teft-card__media teft-card__media--16-9\">\n\t\t\t\t\t\t<img loading=\"lazy\" decoding=\"async\" width=\"768\" height=\"512\" src=\"https:\/\/hoyre.no\/content\/uploads\/sites\/408\/2024\/01\/QZQlxtOC-768x512.jpeg\" class=\"attachment-medium_large size-medium_large\" alt=\"Merete Agerbak-Jensen\" srcset=\"https:\/\/hoyre.no\/content\/uploads\/sites\/408\/2024\/01\/QZQlxtOC-768x512.jpeg 768w, https:\/\/hoyre.no\/content\/uploads\/sites\/408\/2024\/01\/QZQlxtOC-300x200.jpeg 300w, https:\/\/hoyre.no\/content\/uploads\/sites\/408\/2024\/01\/QZQlxtOC-1024x683.jpeg 1024w, https:\/\/hoyre.no\/content\/uploads\/sites\/408\/2024\/01\/QZQlxtOC-1536x1024.jpeg 1536w, https:\/\/hoyre.no\/content\/uploads\/sites\/408\/2024\/01\/QZQlxtOC-2048x1365.jpeg 2048w\" sizes=\"auto, (max-width: 768px) 100vw, 768px\" \/>\t\t<\/div>\n\t\t\n\t\t\t<div class=\"teft-card__content-wrapper\">\n\t\t\t\t<div class=\"teft-card__secondary\">\n\t\t\t\t\t\n\t\t\t\t\t\t\t\t<div class=\"teft-card__meta\">\n\t\t\t\t\t\t\t\t\t<span class=\"post-date\">23. apr 2026<\/span>\n\n\t\t\t\t\t\t\t\t\t\t\t\t\t\t\t\t\t<\/div>\n\t\t\t\t\t\t\t\t\t\t\t<\/div>\n\n\t\t\t\t<div class=\"teft-card__primary\">\n\t\t\t\t\t<h2 class=\"teft-card__title\">MDG-moralismen fornekter seg ikke&nbsp;<span class=\"teft-card__primary-title-append\"><\/span><\/h2>\t\t\t\t<\/div>\n\t\t\t<\/div>\n\t\t<\/a>\n\t<\/div>\n\n\t<\/div><div class=\"is-card-hoyre\">\n\t<div class=\"teft-card hoyre-teft-card post-teft-card\">\n\t\t<a href=\"https:\/\/hoyre.no\/oslo\/aktuelt\/raskere-og-enklere-a-bygge-boliger-og-skape-arbeidsplasser-i-oslo\/\" class=\"teft-card__primary-action\">\n\n\t\t\t\t\t<div class=\"teft-card__media teft-card__media--16-9\">\n\t\t\t\t\t\t<img loading=\"lazy\" decoding=\"async\" width=\"768\" height=\"576\" src=\"https:\/\/hoyre.no\/content\/uploads\/sites\/408\/2026\/04\/Eirik-Lae-Solberg-og-Anita-Leirvik-North-768x576.jpg\" class=\"attachment-medium_large size-medium_large\" alt=\"\" srcset=\"https:\/\/hoyre.no\/content\/uploads\/sites\/408\/2026\/04\/Eirik-Lae-Solberg-og-Anita-Leirvik-North-768x576.jpg 768w, https:\/\/hoyre.no\/content\/uploads\/sites\/408\/2026\/04\/Eirik-Lae-Solberg-og-Anita-Leirvik-North-300x225.jpg 300w, https:\/\/hoyre.no\/content\/uploads\/sites\/408\/2026\/04\/Eirik-Lae-Solberg-og-Anita-Leirvik-North.jpg 901w\" sizes=\"auto, (max-width: 768px) 100vw, 768px\" \/>\t\t<\/div>\n\t\t\n\t\t\t<div class=\"teft-card__content-wrapper\">\n\t\t\t\t<div class=\"teft-card__secondary\">\n\t\t\t\t\t\n\t\t\t\t\t\t\t\t<div class=\"teft-card__meta\">\n\t\t\t\t\t\t\t\t\t<span class=\"post-date\">14. apr 2026<\/span>\n\n\t\t\t\t\t\t\t\t\t<span class=\"post-category\">Har lagt frem ny KPA:<\/span>\t\t\t\t\t\t\t\t<\/div>\n\t\t\t\t\t\t\t\t\t\t\t<\/div>\n\n\t\t\t\t<div class=\"teft-card__primary\">\n\t\t\t\t\t<h2 class=\"teft-card__title\">Raskere og enklere \u00e5 bygge boliger og skape arbeidsplasser i Oslo&nbsp;<span class=\"teft-card__primary-title-append\"><\/span><\/h2>\t\t\t\t<\/div>\n\t\t\t<\/div>\n\t\t<\/a>\n\t<\/div>\n\n\t<\/div><div class=\"is-card-hoyre\">\n\t<div class=\"teft-card hoyre-teft-card post-teft-card\">\n\t\t<a href=\"https:\/\/hoyre.no\/oslo\/aktuelt\/bedre-elevresultater-og-en-skoleokonomi-i-balanse-med-blagront-byrad\/\" class=\"teft-card__primary-action\">\n\n\t\t\t\t\t<div class=\"teft-card__media teft-card__media--16-9\">\n\t\t\t\t\t\t<img loading=\"lazy\" decoding=\"async\" width=\"768\" height=\"512\" src=\"https:\/\/hoyre.no\/content\/uploads\/sites\/408\/2025\/05\/IMG_6440-768x512.jpeg\" class=\"attachment-medium_large size-medium_large\" alt=\"Julie Remen Midtgarden\" srcset=\"https:\/\/hoyre.no\/content\/uploads\/sites\/408\/2025\/05\/IMG_6440-768x512.jpeg 768w, https:\/\/hoyre.no\/content\/uploads\/sites\/408\/2025\/05\/IMG_6440-300x200.jpeg 300w, https:\/\/hoyre.no\/content\/uploads\/sites\/408\/2025\/05\/IMG_6440-1024x683.jpeg 1024w, https:\/\/hoyre.no\/content\/uploads\/sites\/408\/2025\/05\/IMG_6440-1536x1024.jpeg 1536w, https:\/\/hoyre.no\/content\/uploads\/sites\/408\/2025\/05\/IMG_6440-2048x1365.jpeg 2048w\" sizes=\"auto, (max-width: 768px) 100vw, 768px\" \/>\t\t<\/div>\n\t\t\n\t\t\t<div class=\"teft-card__content-wrapper\">\n\t\t\t\t<div class=\"teft-card__secondary\">\n\t\t\t\t\t\n\t\t\t\t\t\t\t\t<div class=\"teft-card__meta\">\n\t\t\t\t\t\t\t\t\t<span class=\"post-date\">26. mar 2026<\/span>\n\n\t\t\t\t\t\t\t\t\t\t\t\t\t\t\t\t\t<\/div>\n\t\t\t\t\t\t\t\t\t\t\t<\/div>\n\n\t\t\t\t<div class=\"teft-card__primary\">\n\t\t\t\t\t<h2 class=\"teft-card__title\">Bedre elevresultater og en skole\u00f8konomi i balanse med bl\u00e5gr\u00f8nt byr\u00e5d&nbsp;<span class=\"teft-card__primary-title-append\"><\/span><\/h2>\t\t\t\t<\/div>\n\t\t\t<\/div>\n\t\t<\/a>\n\t<\/div>\n\n\t<\/div><\/div>\t<\/div>\n<\/div>\n","protected":false},"excerpt":{"rendered":"","protected":false},"author":0,"featured_media":0,"comment_status":"closed","ping_status":"closed","sticky":false,"template":"","format":"standard","meta":{"teft_cards_image_url":"","teft_cards_custom_pretitle":"","teft_cards_image_id":0,"teft_cards_image_focal_point_x":0,"teft_cards_image_focal_point_y":0,"teft_cards_title":"","teft_cards_excerpt":"","teft_show_chapters":false,"author_display_name":"Oslo H\u00f8yre","footnotes":""},"category":[1],"post_tag":[],"hoyre-visibility":[],"article-type":[],"politician":[],"class_list":["post-1631","post","type-post","status-publish","format-standard","hentry","category-nyheter"],"yoast_head":"<!-- This site is optimized with the Yoast SEO Premium plugin v26.5 (Yoast SEO v26.6) - https:\/\/yoast.com\/wordpress\/plugins\/seo\/ -->\n<title>Ny Vigelandspark p\u00e5 Tinkern? - Oslo H\u00f8yre<\/title>\n<meta name=\"robots\" content=\"index, follow, max-snippet:-1, max-image-preview:large, max-video-preview:-1\" \/>\n<link rel=\"canonical\" href=\"https:\/\/hoyre.no\/oslo\/aktuelt\/ny-vigelandspark-pa-tinkern\/\" \/>\n<meta property=\"og:locale\" content=\"nb_NO\" \/>\n<meta property=\"og:type\" content=\"article\" \/>\n<meta property=\"og:title\" content=\"Ny Vigelandspark p\u00e5 Tinkern?\" \/>\n<meta property=\"og:url\" content=\"https:\/\/hoyre.no\/oslo\/aktuelt\/ny-vigelandspark-pa-tinkern\/\" \/>\n<meta property=\"og:site_name\" content=\"Oslo H\u00f8yre\" \/>\n<meta property=\"article:publisher\" content=\"https:\/\/www.facebook.com\/oslo.hoyre\" \/>\n<meta property=\"article:published_time\" content=\"2014-06-23T16:16:33+00:00\" \/>\n<meta property=\"article:modified_time\" content=\"2022-09-26T13:06:13+00:00\" \/>\n<meta property=\"og:image\" content=\"https:\/\/hoyre.no\/content\/uploads\/sites\/408\/2022\/11\/Hoyres-logo.png\" \/>\n\t<meta property=\"og:image:width\" content=\"1000\" \/>\n\t<meta property=\"og:image:height\" content=\"1000\" \/>\n\t<meta property=\"og:image:type\" content=\"image\/png\" \/>\n<meta name=\"twitter:card\" content=\"summary_large_image\" \/>\n<meta name=\"twitter:label1\" content=\"Ansl. lesetid\" \/>\n\t<meta name=\"twitter:data1\" content=\"3 minutter\" \/>\n<script type=\"application\/ld+json\" class=\"yoast-schema-graph\">{\"@context\":\"https:\/\/schema.org\",\"@graph\":[{\"@type\":\"Article\",\"@id\":\"https:\/\/hoyre.no\/oslo\/aktuelt\/ny-vigelandspark-pa-tinkern\/#article\",\"isPartOf\":{\"@id\":\"https:\/\/hoyre.no\/oslo\/aktuelt\/ny-vigelandspark-pa-tinkern\/\"},\"author\":{\"name\":\"\",\"@id\":\"\"},\"headline\":\"Ny Vigelandspark p\u00e5 Tinkern?\",\"datePublished\":\"2014-06-23T16:16:33+00:00\",\"dateModified\":\"2022-09-26T13:06:13+00:00\",\"mainEntityOfPage\":{\"@id\":\"https:\/\/hoyre.no\/oslo\/aktuelt\/ny-vigelandspark-pa-tinkern\/\"},\"wordCount\":542,\"publisher\":{\"@id\":\"https:\/\/hoyre.no\/oslo\/#organization\"},\"articleSection\":[\"Nyheter\"],\"inLanguage\":\"nb-NO\"},{\"@type\":\"NewsArticle\",\"@id\":\"https:\/\/hoyre.no\/oslo\/aktuelt\/ny-vigelandspark-pa-tinkern\/\",\"url\":\"https:\/\/hoyre.no\/oslo\/aktuelt\/ny-vigelandspark-pa-tinkern\/\",\"name\":\"Ny Vigelandspark p\u00e5 Tinkern? - Oslo H\u00f8yre\",\"isPartOf\":{\"@id\":\"https:\/\/hoyre.no\/oslo\/#website\"},\"datePublished\":\"2014-06-23T16:16:33+00:00\",\"dateModified\":\"2022-09-26T13:06:13+00:00\",\"breadcrumb\":{\"@id\":\"https:\/\/hoyre.no\/oslo\/aktuelt\/ny-vigelandspark-pa-tinkern\/#breadcrumb\"},\"inLanguage\":\"nb-NO\",\"potentialAction\":[{\"@type\":\"ReadAction\",\"target\":[\"https:\/\/hoyre.no\/oslo\/aktuelt\/ny-vigelandspark-pa-tinkern\/\"]}]},{\"@type\":\"BreadcrumbList\",\"@id\":\"https:\/\/hoyre.no\/oslo\/aktuelt\/ny-vigelandspark-pa-tinkern\/#breadcrumb\",\"itemListElement\":[{\"@type\":\"ListItem\",\"position\":1,\"name\":\"Til hoyre.no\",\"item\":\"https:\/\/hoyre.no\"},{\"@type\":\"ListItem\",\"position\":2,\"name\":\"Hjem\",\"item\":\"https:\/\/hoyre.no\/oslo\/\"},{\"@type\":\"ListItem\",\"position\":3,\"name\":\"Ny Vigelandspark p\u00e5 Tinkern?\"}]},{\"@type\":\"WebSite\",\"@id\":\"https:\/\/hoyre.no\/oslo\/#website\",\"url\":\"https:\/\/hoyre.no\/oslo\/\",\"name\":\"Oslo H\u00f8yre\",\"description\":\"\",\"publisher\":{\"@id\":\"https:\/\/hoyre.no\/oslo\/#organization\"},\"inLanguage\":\"nb-NO\"},{\"@type\":\"Organization\",\"@id\":\"https:\/\/hoyre.no\/oslo\/#organization\",\"name\":\"Oslo H\u00f8yre\",\"url\":\"https:\/\/hoyre.no\/oslo\/\",\"logo\":{\"@type\":\"ImageObject\",\"inLanguage\":\"nb-NO\",\"@id\":\"https:\/\/hoyre.no\/oslo\/#\/schema\/logo\/image\/\",\"url\":\"https:\/\/hoyre.no\/content\/uploads\/sites\/408\/2022\/11\/Hoyres-logo.png\",\"contentUrl\":\"https:\/\/hoyre.no\/content\/uploads\/sites\/408\/2022\/11\/Hoyres-logo.png\",\"width\":1000,\"height\":1000,\"caption\":\"Oslo H\u00f8yre\"},\"image\":{\"@id\":\"https:\/\/hoyre.no\/oslo\/#\/schema\/logo\/image\/\"},\"sameAs\":[\"https:\/\/www.facebook.com\/oslo.hoyre\"]}]}<\/script>\n<!-- \/ Yoast SEO Premium plugin. -->","yoast_head_json":{"title":"Ny Vigelandspark p\u00e5 Tinkern? - Oslo H\u00f8yre","robots":{"index":"index","follow":"follow","max-snippet":"max-snippet:-1","max-image-preview":"max-image-preview:large","max-video-preview":"max-video-preview:-1"},"canonical":"https:\/\/hoyre.no\/oslo\/aktuelt\/ny-vigelandspark-pa-tinkern\/","og_locale":"nb_NO","og_type":"article","og_title":"Ny Vigelandspark p\u00e5 Tinkern?","og_url":"https:\/\/hoyre.no\/oslo\/aktuelt\/ny-vigelandspark-pa-tinkern\/","og_site_name":"Oslo H\u00f8yre","article_publisher":"https:\/\/www.facebook.com\/oslo.hoyre","article_published_time":"2014-06-23T16:16:33+00:00","article_modified_time":"2022-09-26T13:06:13+00:00","og_image":[{"width":1000,"height":1000,"url":"https:\/\/hoyre.no\/content\/uploads\/sites\/408\/2022\/11\/Hoyres-logo.png","type":"image\/png"}],"twitter_card":"summary_large_image","twitter_misc":{"Ansl. lesetid":"3 minutter"},"schema":{"@context":"https:\/\/schema.org","@graph":[{"@type":"Article","@id":"https:\/\/hoyre.no\/oslo\/aktuelt\/ny-vigelandspark-pa-tinkern\/#article","isPartOf":{"@id":"https:\/\/hoyre.no\/oslo\/aktuelt\/ny-vigelandspark-pa-tinkern\/"},"author":{"name":"","@id":""},"headline":"Ny Vigelandspark p\u00e5 Tinkern?","datePublished":"2014-06-23T16:16:33+00:00","dateModified":"2022-09-26T13:06:13+00:00","mainEntityOfPage":{"@id":"https:\/\/hoyre.no\/oslo\/aktuelt\/ny-vigelandspark-pa-tinkern\/"},"wordCount":542,"publisher":{"@id":"https:\/\/hoyre.no\/oslo\/#organization"},"articleSection":["Nyheter"],"inLanguage":"nb-NO"},{"@type":"NewsArticle","@id":"https:\/\/hoyre.no\/oslo\/aktuelt\/ny-vigelandspark-pa-tinkern\/","url":"https:\/\/hoyre.no\/oslo\/aktuelt\/ny-vigelandspark-pa-tinkern\/","name":"Ny Vigelandspark p\u00e5 Tinkern? - Oslo H\u00f8yre","isPartOf":{"@id":"https:\/\/hoyre.no\/oslo\/#website"},"datePublished":"2014-06-23T16:16:33+00:00","dateModified":"2022-09-26T13:06:13+00:00","breadcrumb":{"@id":"https:\/\/hoyre.no\/oslo\/aktuelt\/ny-vigelandspark-pa-tinkern\/#breadcrumb"},"inLanguage":"nb-NO","potentialAction":[{"@type":"ReadAction","target":["https:\/\/hoyre.no\/oslo\/aktuelt\/ny-vigelandspark-pa-tinkern\/"]}]},{"@type":"BreadcrumbList","@id":"https:\/\/hoyre.no\/oslo\/aktuelt\/ny-vigelandspark-pa-tinkern\/#breadcrumb","itemListElement":[{"@type":"ListItem","position":1,"name":"Til hoyre.no","item":"https:\/\/hoyre.no"},{"@type":"ListItem","position":2,"name":"Hjem","item":"https:\/\/hoyre.no\/oslo\/"},{"@type":"ListItem","position":3,"name":"Ny Vigelandspark p\u00e5 Tinkern?"}]},{"@type":"WebSite","@id":"https:\/\/hoyre.no\/oslo\/#website","url":"https:\/\/hoyre.no\/oslo\/","name":"Oslo H\u00f8yre","description":"","publisher":{"@id":"https:\/\/hoyre.no\/oslo\/#organization"},"inLanguage":"nb-NO"},{"@type":"Organization","@id":"https:\/\/hoyre.no\/oslo\/#organization","name":"Oslo H\u00f8yre","url":"https:\/\/hoyre.no\/oslo\/","logo":{"@type":"ImageObject","inLanguage":"nb-NO","@id":"https:\/\/hoyre.no\/oslo\/#\/schema\/logo\/image\/","url":"https:\/\/hoyre.no\/content\/uploads\/sites\/408\/2022\/11\/Hoyres-logo.png","contentUrl":"https:\/\/hoyre.no\/content\/uploads\/sites\/408\/2022\/11\/Hoyres-logo.png","width":1000,"height":1000,"caption":"Oslo H\u00f8yre"},"image":{"@id":"https:\/\/hoyre.no\/oslo\/#\/schema\/logo\/image\/"},"sameAs":["https:\/\/www.facebook.com\/oslo.hoyre"]}]}},"distributor_meta":false,"distributor_terms":false,"distributor_media":false,"distributor_original_site_name":"Oslo H\u00f8yre","distributor_original_site_url":"https:\/\/hoyre.no\/oslo","push-errors":false,"_links":{"self":[{"href":"https:\/\/hoyre.no\/oslo\/wp-json\/wp\/v2\/posts\/1631","targetHints":{"allow":["GET"]}}],"collection":[{"href":"https:\/\/hoyre.no\/oslo\/wp-json\/wp\/v2\/posts"}],"about":[{"href":"https:\/\/hoyre.no\/oslo\/wp-json\/wp\/v2\/types\/post"}],"replies":[{"embeddable":true,"href":"https:\/\/hoyre.no\/oslo\/wp-json\/wp\/v2\/comments?post=1631"}],"version-history":[{"count":1,"href":"https:\/\/hoyre.no\/oslo\/wp-json\/wp\/v2\/posts\/1631\/revisions"}],"predecessor-version":[{"id":2832,"href":"https:\/\/hoyre.no\/oslo\/wp-json\/wp\/v2\/posts\/1631\/revisions\/2832"}],"wp:attachment":[{"href":"https:\/\/hoyre.no\/oslo\/wp-json\/wp\/v2\/media?parent=1631"}],"wp:term":[{"taxonomy":"category","embeddable":true,"href":"https:\/\/hoyre.no\/oslo\/wp-json\/wp\/v2\/category?post=1631"},{"taxonomy":"post_tag","embeddable":true,"href":"https:\/\/hoyre.no\/oslo\/wp-json\/wp\/v2\/post_tag?post=1631"},{"taxonomy":"hoyre-visibility","embeddable":true,"href":"https:\/\/hoyre.no\/oslo\/wp-json\/wp\/v2\/hoyre-visibility?post=1631"},{"taxonomy":"article-type","embeddable":true,"href":"https:\/\/hoyre.no\/oslo\/wp-json\/wp\/v2\/article-type?post=1631"},{"taxonomy":"politician","embeddable":true,"href":"https:\/\/hoyre.no\/oslo\/wp-json\/wp\/v2\/politician?post=1631"}],"curies":[{"name":"wp","href":"https:\/\/api.w.org\/{rel}","templated":true}]}}