{"id":1632,"date":"2014-06-19T11:48:15","date_gmt":"2014-06-19T11:48:15","guid":{"rendered":"https:\/\/hoyre.no\/oslo\/aktuelt\/nominasjon\/"},"modified":"2022-09-26T15:06:13","modified_gmt":"2022-09-26T13:06:13","slug":"nominasjon","status":"publish","type":"post","link":"https:\/\/hoyre.no\/oslo\/aktuelt\/nominasjon\/","title":{"rendered":"Vil du bli med og styre byen?"},"content":{"rendered":"<figure class=\"hoyre-image-wrapper\"><div class=\"hoyre-image\"><img loading=\"lazy\" decoding=\"async\" width=\"1024\" height=\"361\" src=\"https:\/\/hoyre.no\/content\/uploads\/sites\/408\/2022\/09\/Bygg.jpg\" class=\"attachment-scaled size-scaled\" alt=\"Bygg\" style=\"object-position: 50% 50%\" srcset=\"https:\/\/hoyre.no\/content\/uploads\/sites\/408\/2022\/09\/Bygg.jpg 1024w, https:\/\/hoyre.no\/content\/uploads\/sites\/408\/2022\/09\/Bygg-300x106.jpg 300w, https:\/\/hoyre.no\/content\/uploads\/sites\/408\/2022\/09\/Bygg-768x271.jpg 768w\" sizes=\"auto, (max-width: 1024px) 100vw, 1024px\" \/><\/div><\/figure><div id=\"hoyre-old-article-content-wrapper\"><p>Oslo H\u00f8yre starter n\u00e5 nominasjonen foran kommune- og bydelsvalget i 2015. Allerede n\u00e5 kan du melde deg som interessert, hvis du har lyst til \u00e5 v\u00e6re med og styre Oslo. Vi har som m\u00e5lsetting \u00e5 vinne borgerlig flertall i Oslo neste \u00e5r, med b\u00e5de ordf\u00f8rer og byr\u00e5dsleder fra H\u00f8yre, slik vi har n\u00e5.<\/p><p>Kjenner du noen som kan tenke seg \u00e5 v\u00e6re kandidat til bystyret, ikke n\u00f8l med \u00e5 varsle nominasjonskomiteen om det, slik at den kan sp\u00f8rre vedkommende.<\/p><p>Foto: Civita og colorbox.com<br \/>\nTekst: Steinar Wulfsberg-Gamre<\/p><blockquote><p><img decoding=\"async\" loading=\"lazy\" src=\"https:\/\/hoyre.no\/content\/uploads\/sites\/408\/2022\/09\/kristin-clemet.jpg\" alt=\"Nominasjon p\u00e5 gang i Oslo H\u00f8yre - Kristin Clemet, leder av Oslo H\u00f8yres nominasjonskomite venter p\u00e5 forslag til kandidater\" width=\"287\" height=\"309\" srcset=\"https:\/\/hoyre.no\/content\/uploads\/sites\/408\/2022\/09\/kristin-clemet.jpg 437w, https:\/\/www.oslohoyre.no\/wp-content\/uploads\/2014\/06\/kristin-clemet-279x300.jpg 279w\" sizes=\"auto, (max-width: 287px) 100vw, 287px\" \/>I \u00e5r kommer vi til \u00e5 be kandidatene fortelle litt om hva de vil med Oslo, slik at vi f\u00e5r vite noe om de politiske m\u00e5lsettingene og ambisjonene den enkelte har<\/p><\/blockquote><p>Dette forteller \u00a0nominasjonskomiteens leder Kristin Clemet, som har en spennende jobb fremfor seg.<\/p><p>De som var med p\u00e5 listen i 2011, blir ogs\u00e5 forespurt om de kan tenke seg \u00e5 stille opp igjen. De har f\u00e5tt frist til over sommerferien.<\/p><p><strong>Frist for \u00e5 melde seg som kandidat er 1. oktober 2014. <\/strong><\/p><p>Du melder deg eller de du vil foresl\u00e5 til epostadressen <a href=\"mailto:kandidat@oslohoyre.no\">kandidat@oslohoyre.no<\/a> eller direkte til noen i nominasjonskomiteen. Se oversikt over medlemmer i nominasjonskomiteen nedenfor.<\/p><blockquote><p>&#8211; H\u00f8yre skal stille en liste med i alt 65 kandidater til bystyret, s\u00e5 vi \u00f8nsker mange kandidater, sier Clemet.<\/p><\/blockquote><p>Det blir arrangert presentasjonsm\u00f8ter med alle kandidater til h\u00f8sten, f\u00f8r det blir gjennomf\u00f8rt en r\u00e5dgivende uravstemning.<\/p><p><strong>Oslo H\u00f8yres nominasjonsm\u00f8te blir avholdt 9. februar 2015.<\/strong><\/p><h3><strong>Ordf\u00f8rerkandidat og byr\u00e5dslederkandidat nomineres tidligere<\/strong><\/h3><p>Nominasjonskomiteen vil p\u00e5 vanlig m\u00e5te foresp\u00f8rre Fabian Stang og Stian Berger R\u00f8sland om de \u00f8nsker gjenvalg.<\/p><p>Har du forslag p\u00e5 andre kandidater enn de n\u00e5v\u00e6rende, kan du benytte samme adresse: <a href=\"mailto:kandidat@oslohoyre.no\">kandidat@oslohoyre.no<\/a>.<br \/><strong>Her er fristen 1. august 2014<\/strong><\/p><h3><strong>Lister i 15 bydeler<\/strong><\/h3><p>H\u00f8yre skal ogs\u00e5 stille liste i alle 15 bydeler, og hver bydelsforening skal ha et separat nominasjonsm\u00f8te. Ta gjerne kontakt med lederen i bydelsforeningen direkte dersom du \u00f8nsker \u00e5 stille som kandidat til bydelsutvalget i din bydel. Du kan ogs\u00e5 sende innspill til BU-kandidater til Oslo H\u00f8yres nominasjonskomit\u00e9 dersom du foretrekker det.<\/p><p>Kontakt din bydelsforening eller send dine innspill til: <a href=\"mailto:kandidat@oslohoyre.no\">kandidat@oslohoyre.no<br \/><\/a>Alle bydelslister skal v\u00e6re klare\u00a0innen <strong>28. februar 2015.<\/strong><\/p><h3><strong>Nominasjonskomiteens medlemmer:<\/strong><\/h3><table width=\"410\"><tbody><tr><td width=\"66\"><\/td><td width=\"312\">Kristin Clemet, leder<\/td><td width=\"226\">Vestre Aker<\/td><\/tr><tr><td width=\"66\"><\/td><td width=\"312\">Frode Helgerud, nestleder<\/td><td width=\"226\">Frogner<\/td><\/tr><tr><td width=\"66\"><\/td><td width=\"312\">Else Marie Brodshaug<\/td><td width=\"226\">Grorud<\/td><\/tr><tr><td width=\"66\"><\/td><td width=\"312\">Ellen Christine Christiansen<\/td><td width=\"226\">Frogner<\/td><\/tr><tr><td width=\"66\"><\/td><td width=\"312\">Arve Edvardsen<\/td><td width=\"226\">Nordstrand<\/td><\/tr><tr><td width=\"66\"><\/td><td width=\"312\">Eirik Endresen<\/td><td width=\"226\">Stovner<\/td><\/tr><tr><td width=\"66\"><\/td><td width=\"312\">Tom Haugstad<\/td><td width=\"226\">\u00d8stensj\u00f8<\/td><\/tr><tr><td width=\"66\"><\/td><td width=\"312\">Stefan Heggelund<\/td><td width=\"226\">Gr\u00fcnerl\u00f8kka<\/td><\/tr><tr><td width=\"66\"><\/td><td width=\"312\">Hedvig Heyerdahl<\/td><td width=\"226\">Oslo Unge H\u00f8yre<\/td><\/tr><tr><td width=\"66\"><\/td><td width=\"312\">Grete Horntvedt<\/td><td width=\"226\">Alna<\/td><\/tr><tr><td width=\"66\"><\/td><td width=\"312\">John Tore Norenberg<\/td><td width=\"226\">Oslo Senior H\u00f8yre<\/td><\/tr><tr><td width=\"66\"><\/td><td width=\"312\">Kathrine Pernille Olsen<\/td><td width=\"226\">Sagene<\/td><\/tr><tr><td width=\"66\"><\/td><td width=\"312\">Ellen W. Ron\u00e6ss<\/td><td width=\"226\">Nordre Aker<\/td><\/tr><tr><td width=\"66\"><\/td><td width=\"312\">Anne Haabeth Rygg<\/td><td width=\"226\">St.Hanshaugen<\/td><\/tr><tr><td width=\"66\"><\/td><td width=\"312\"><\/td><td width=\"226\"><\/td><\/tr><tr><td width=\"66\"><\/td><td width=\"312\">Reidar Stockfleth<\/td><td width=\"226\">Vestre Aker<\/td><\/tr><tr><td width=\"66\"><\/td><td width=\"312\">Tore Strandskog<\/td><td width=\"226\">Ullern<\/td><\/tr><tr><td width=\"66\"><\/td><td width=\"312\">Oddmund \u00d8steb\u00f8<\/td><td width=\"226\">Bjerke<\/td><\/tr><tr><td width=\"66\"><\/td><td width=\"312\">H\u00e5vard \u00d8vreg\u00e5rd<\/td><td width=\"226\">Gamle Oslo<\/td><\/tr><\/tbody><\/table><p>&nbsp;<\/p>\n<\/div>\n<div class=\"tags\">\n\t<\/div>\n<div class=\"post-footer alignfull has-background block-editor-block-list__block\" data-align=full>\n\t<div class=\"post-footer-inner\">\n\t\t<h3>Relaterte artikler<\/h3>\n\t\t<div class=\"related-content\"><div class=\"is-card-hoyre\">\n\t<div class=\"teft-card hoyre-teft-card post-teft-card\">\n\t\t<a href=\"https:\/\/hoyre.no\/oslo\/aktuelt\/mdg-moralismen-fornekter-seg-ikke\/\" class=\"teft-card__primary-action\">\n\n\t\t\t\t\t<div class=\"teft-card__media teft-card__media--16-9\">\n\t\t\t\t\t\t<img loading=\"lazy\" decoding=\"async\" width=\"768\" height=\"512\" src=\"https:\/\/hoyre.no\/content\/uploads\/sites\/408\/2024\/01\/QZQlxtOC-768x512.jpeg\" class=\"attachment-medium_large size-medium_large\" alt=\"Merete Agerbak-Jensen\" srcset=\"https:\/\/hoyre.no\/content\/uploads\/sites\/408\/2024\/01\/QZQlxtOC-768x512.jpeg 768w, https:\/\/hoyre.no\/content\/uploads\/sites\/408\/2024\/01\/QZQlxtOC-300x200.jpeg 300w, https:\/\/hoyre.no\/content\/uploads\/sites\/408\/2024\/01\/QZQlxtOC-1024x683.jpeg 1024w, https:\/\/hoyre.no\/content\/uploads\/sites\/408\/2024\/01\/QZQlxtOC-1536x1024.jpeg 1536w, https:\/\/hoyre.no\/content\/uploads\/sites\/408\/2024\/01\/QZQlxtOC-2048x1365.jpeg 2048w\" sizes=\"auto, (max-width: 768px) 100vw, 768px\" \/>\t\t<\/div>\n\t\t\n\t\t\t<div class=\"teft-card__content-wrapper\">\n\t\t\t\t<div class=\"teft-card__secondary\">\n\t\t\t\t\t\n\t\t\t\t\t\t\t\t<div class=\"teft-card__meta\">\n\t\t\t\t\t\t\t\t\t<span class=\"post-date\">23. apr 2026<\/span>\n\n\t\t\t\t\t\t\t\t\t\t\t\t\t\t\t\t\t<\/div>\n\t\t\t\t\t\t\t\t\t\t\t<\/div>\n\n\t\t\t\t<div class=\"teft-card__primary\">\n\t\t\t\t\t<h2 class=\"teft-card__title\">MDG-moralismen fornekter seg ikke&nbsp;<span class=\"teft-card__primary-title-append\"><\/span><\/h2>\t\t\t\t<\/div>\n\t\t\t<\/div>\n\t\t<\/a>\n\t<\/div>\n\n\t<\/div><div class=\"is-card-hoyre\">\n\t<div class=\"teft-card hoyre-teft-card post-teft-card\">\n\t\t<a href=\"https:\/\/hoyre.no\/oslo\/aktuelt\/raskere-og-enklere-a-bygge-boliger-og-skape-arbeidsplasser-i-oslo\/\" class=\"teft-card__primary-action\">\n\n\t\t\t\t\t<div class=\"teft-card__media teft-card__media--16-9\">\n\t\t\t\t\t\t<img loading=\"lazy\" decoding=\"async\" width=\"768\" height=\"576\" src=\"https:\/\/hoyre.no\/content\/uploads\/sites\/408\/2026\/04\/Eirik-Lae-Solberg-og-Anita-Leirvik-North-768x576.jpg\" class=\"attachment-medium_large size-medium_large\" alt=\"\" srcset=\"https:\/\/hoyre.no\/content\/uploads\/sites\/408\/2026\/04\/Eirik-Lae-Solberg-og-Anita-Leirvik-North-768x576.jpg 768w, https:\/\/hoyre.no\/content\/uploads\/sites\/408\/2026\/04\/Eirik-Lae-Solberg-og-Anita-Leirvik-North-300x225.jpg 300w, https:\/\/hoyre.no\/content\/uploads\/sites\/408\/2026\/04\/Eirik-Lae-Solberg-og-Anita-Leirvik-North.jpg 901w\" sizes=\"auto, (max-width: 768px) 100vw, 768px\" \/>\t\t<\/div>\n\t\t\n\t\t\t<div class=\"teft-card__content-wrapper\">\n\t\t\t\t<div class=\"teft-card__secondary\">\n\t\t\t\t\t\n\t\t\t\t\t\t\t\t<div class=\"teft-card__meta\">\n\t\t\t\t\t\t\t\t\t<span class=\"post-date\">14. apr 2026<\/span>\n\n\t\t\t\t\t\t\t\t\t<span class=\"post-category\">Har lagt frem ny KPA:<\/span>\t\t\t\t\t\t\t\t<\/div>\n\t\t\t\t\t\t\t\t\t\t\t<\/div>\n\n\t\t\t\t<div class=\"teft-card__primary\">\n\t\t\t\t\t<h2 class=\"teft-card__title\">Raskere og enklere \u00e5 bygge boliger og skape arbeidsplasser i Oslo&nbsp;<span class=\"teft-card__primary-title-append\"><\/span><\/h2>\t\t\t\t<\/div>\n\t\t\t<\/div>\n\t\t<\/a>\n\t<\/div>\n\n\t<\/div><div class=\"is-card-hoyre\">\n\t<div class=\"teft-card hoyre-teft-card post-teft-card\">\n\t\t<a href=\"https:\/\/hoyre.no\/oslo\/aktuelt\/bedre-elevresultater-og-en-skoleokonomi-i-balanse-med-blagront-byrad\/\" class=\"teft-card__primary-action\">\n\n\t\t\t\t\t<div class=\"teft-card__media teft-card__media--16-9\">\n\t\t\t\t\t\t<img loading=\"lazy\" decoding=\"async\" width=\"768\" height=\"512\" src=\"https:\/\/hoyre.no\/content\/uploads\/sites\/408\/2025\/05\/IMG_6440-768x512.jpeg\" class=\"attachment-medium_large size-medium_large\" alt=\"Julie Remen Midtgarden\" srcset=\"https:\/\/hoyre.no\/content\/uploads\/sites\/408\/2025\/05\/IMG_6440-768x512.jpeg 768w, https:\/\/hoyre.no\/content\/uploads\/sites\/408\/2025\/05\/IMG_6440-300x200.jpeg 300w, https:\/\/hoyre.no\/content\/uploads\/sites\/408\/2025\/05\/IMG_6440-1024x683.jpeg 1024w, https:\/\/hoyre.no\/content\/uploads\/sites\/408\/2025\/05\/IMG_6440-1536x1024.jpeg 1536w, https:\/\/hoyre.no\/content\/uploads\/sites\/408\/2025\/05\/IMG_6440-2048x1365.jpeg 2048w\" sizes=\"auto, (max-width: 768px) 100vw, 768px\" \/>\t\t<\/div>\n\t\t\n\t\t\t<div class=\"teft-card__content-wrapper\">\n\t\t\t\t<div class=\"teft-card__secondary\">\n\t\t\t\t\t\n\t\t\t\t\t\t\t\t<div class=\"teft-card__meta\">\n\t\t\t\t\t\t\t\t\t<span class=\"post-date\">26. mar 2026<\/span>\n\n\t\t\t\t\t\t\t\t\t\t\t\t\t\t\t\t\t<\/div>\n\t\t\t\t\t\t\t\t\t\t\t<\/div>\n\n\t\t\t\t<div class=\"teft-card__primary\">\n\t\t\t\t\t<h2 class=\"teft-card__title\">Bedre elevresultater og en skole\u00f8konomi i balanse med bl\u00e5gr\u00f8nt byr\u00e5d&nbsp;<span class=\"teft-card__primary-title-append\"><\/span><\/h2>\t\t\t\t<\/div>\n\t\t\t<\/div>\n\t\t<\/a>\n\t<\/div>\n\n\t<\/div><\/div>\t<\/div>\n<\/div>\n","protected":false},"excerpt":{"rendered":"","protected":false},"author":0,"featured_media":1633,"comment_status":"closed","ping_status":"open","sticky":false,"template":"","format":"standard","meta":{"teft_cards_image_url":"","teft_cards_custom_pretitle":"","teft_cards_image_id":1633,"teft_cards_image_focal_point_x":0,"teft_cards_image_focal_point_y":0,"teft_cards_title":"","teft_cards_excerpt":"","teft_show_chapters":false,"author_display_name":"Oslo H\u00f8yre","footnotes":""},"category":[1],"post_tag":[],"hoyre-visibility":[],"article-type":[],"politician":[],"class_list":["post-1632","post","type-post","status-publish","format-standard","hentry","category-nyheter"],"yoast_head":"<!-- This site is optimized with the Yoast SEO Premium plugin v26.5 (Yoast SEO v26.6) - https:\/\/yoast.com\/wordpress\/plugins\/seo\/ -->\n<title>Vil du bli med og styre byen? - Oslo H\u00f8yre<\/title>\n<meta name=\"robots\" content=\"index, follow, max-snippet:-1, max-image-preview:large, max-video-preview:-1\" \/>\n<link rel=\"canonical\" href=\"https:\/\/hoyre.no\/oslo\/aktuelt\/nominasjon\/\" \/>\n<meta property=\"og:locale\" content=\"nb_NO\" \/>\n<meta property=\"og:type\" content=\"article\" \/>\n<meta property=\"og:title\" content=\"Vil du bli med og styre byen?\" \/>\n<meta property=\"og:url\" content=\"https:\/\/hoyre.no\/oslo\/aktuelt\/nominasjon\/\" \/>\n<meta property=\"og:site_name\" content=\"Oslo H\u00f8yre\" \/>\n<meta property=\"article:publisher\" content=\"https:\/\/www.facebook.com\/oslo.hoyre\" \/>\n<meta property=\"article:published_time\" content=\"2014-06-19T11:48:15+00:00\" \/>\n<meta property=\"article:modified_time\" content=\"2022-09-26T13:06:13+00:00\" \/>\n<meta property=\"og:image\" content=\"https:\/\/hoyre.no\/content\/uploads\/sites\/408\/2022\/09\/Bygg.jpg\" \/>\n\t<meta property=\"og:image:width\" content=\"1024\" \/>\n\t<meta property=\"og:image:height\" content=\"361\" \/>\n\t<meta property=\"og:image:type\" content=\"image\/jpeg\" \/>\n<meta name=\"twitter:card\" content=\"summary_large_image\" \/>\n<meta name=\"twitter:label1\" content=\"Ansl. lesetid\" \/>\n\t<meta name=\"twitter:data1\" content=\"2 minutter\" \/>\n<script type=\"application\/ld+json\" class=\"yoast-schema-graph\">{\"@context\":\"https:\/\/schema.org\",\"@graph\":[{\"@type\":\"Article\",\"@id\":\"https:\/\/hoyre.no\/oslo\/aktuelt\/nominasjon\/#article\",\"isPartOf\":{\"@id\":\"https:\/\/hoyre.no\/oslo\/aktuelt\/nominasjon\/\"},\"author\":{\"name\":\"\",\"@id\":\"\"},\"headline\":\"Vil du bli med og styre byen?\",\"datePublished\":\"2014-06-19T11:48:15+00:00\",\"dateModified\":\"2022-09-26T13:06:13+00:00\",\"mainEntityOfPage\":{\"@id\":\"https:\/\/hoyre.no\/oslo\/aktuelt\/nominasjon\/\"},\"wordCount\":471,\"publisher\":{\"@id\":\"https:\/\/hoyre.no\/oslo\/#organization\"},\"image\":{\"@id\":\"https:\/\/hoyre.no\/oslo\/aktuelt\/nominasjon\/#primaryimage\"},\"thumbnailUrl\":\"https:\/\/hoyre.no\/content\/uploads\/sites\/408\/2022\/09\/Bygg.jpg\",\"articleSection\":[\"Nyheter\"],\"inLanguage\":\"nb-NO\"},{\"@type\":\"NewsArticle\",\"@id\":\"https:\/\/hoyre.no\/oslo\/aktuelt\/nominasjon\/\",\"url\":\"https:\/\/hoyre.no\/oslo\/aktuelt\/nominasjon\/\",\"name\":\"Vil du bli med og styre byen? - Oslo H\u00f8yre\",\"isPartOf\":{\"@id\":\"https:\/\/hoyre.no\/oslo\/#website\"},\"image\":{\"@id\":\"https:\/\/hoyre.no\/oslo\/aktuelt\/nominasjon\/#primaryimage\"},\"thumbnailUrl\":\"https:\/\/hoyre.no\/content\/uploads\/sites\/408\/2022\/09\/Bygg.jpg\",\"datePublished\":\"2014-06-19T11:48:15+00:00\",\"dateModified\":\"2022-09-26T13:06:13+00:00\",\"breadcrumb\":{\"@id\":\"https:\/\/hoyre.no\/oslo\/aktuelt\/nominasjon\/#breadcrumb\"},\"inLanguage\":\"nb-NO\",\"potentialAction\":[{\"@type\":\"ReadAction\",\"target\":[\"https:\/\/hoyre.no\/oslo\/aktuelt\/nominasjon\/\"]}]},{\"@type\":\"ImageObject\",\"inLanguage\":\"nb-NO\",\"@id\":\"https:\/\/hoyre.no\/oslo\/aktuelt\/nominasjon\/#primaryimage\",\"url\":\"https:\/\/hoyre.no\/content\/uploads\/sites\/408\/2022\/09\/Bygg.jpg\",\"contentUrl\":\"https:\/\/hoyre.no\/content\/uploads\/sites\/408\/2022\/09\/Bygg.jpg\",\"width\":1024,\"height\":361,\"caption\":\"Bygg\"},{\"@type\":\"BreadcrumbList\",\"@id\":\"https:\/\/hoyre.no\/oslo\/aktuelt\/nominasjon\/#breadcrumb\",\"itemListElement\":[{\"@type\":\"ListItem\",\"position\":1,\"name\":\"Til hoyre.no\",\"item\":\"https:\/\/hoyre.no\"},{\"@type\":\"ListItem\",\"position\":2,\"name\":\"Hjem\",\"item\":\"https:\/\/hoyre.no\/oslo\/\"},{\"@type\":\"ListItem\",\"position\":3,\"name\":\"Vil du bli med og styre byen?\"}]},{\"@type\":\"WebSite\",\"@id\":\"https:\/\/hoyre.no\/oslo\/#website\",\"url\":\"https:\/\/hoyre.no\/oslo\/\",\"name\":\"Oslo H\u00f8yre\",\"description\":\"\",\"publisher\":{\"@id\":\"https:\/\/hoyre.no\/oslo\/#organization\"},\"inLanguage\":\"nb-NO\"},{\"@type\":\"Organization\",\"@id\":\"https:\/\/hoyre.no\/oslo\/#organization\",\"name\":\"Oslo H\u00f8yre\",\"url\":\"https:\/\/hoyre.no\/oslo\/\",\"logo\":{\"@type\":\"ImageObject\",\"inLanguage\":\"nb-NO\",\"@id\":\"https:\/\/hoyre.no\/oslo\/#\/schema\/logo\/image\/\",\"url\":\"https:\/\/hoyre.no\/content\/uploads\/sites\/408\/2022\/11\/Hoyres-logo.png\",\"contentUrl\":\"https:\/\/hoyre.no\/content\/uploads\/sites\/408\/2022\/11\/Hoyres-logo.png\",\"width\":1000,\"height\":1000,\"caption\":\"Oslo H\u00f8yre\"},\"image\":{\"@id\":\"https:\/\/hoyre.no\/oslo\/#\/schema\/logo\/image\/\"},\"sameAs\":[\"https:\/\/www.facebook.com\/oslo.hoyre\"]}]}<\/script>\n<!-- \/ Yoast SEO Premium plugin. -->","yoast_head_json":{"title":"Vil du bli med og styre byen? - Oslo H\u00f8yre","robots":{"index":"index","follow":"follow","max-snippet":"max-snippet:-1","max-image-preview":"max-image-preview:large","max-video-preview":"max-video-preview:-1"},"canonical":"https:\/\/hoyre.no\/oslo\/aktuelt\/nominasjon\/","og_locale":"nb_NO","og_type":"article","og_title":"Vil du bli med og styre byen?","og_url":"https:\/\/hoyre.no\/oslo\/aktuelt\/nominasjon\/","og_site_name":"Oslo H\u00f8yre","article_publisher":"https:\/\/www.facebook.com\/oslo.hoyre","article_published_time":"2014-06-19T11:48:15+00:00","article_modified_time":"2022-09-26T13:06:13+00:00","og_image":[{"width":1024,"height":361,"url":"https:\/\/hoyre.no\/content\/uploads\/sites\/408\/2022\/09\/Bygg.jpg","type":"image\/jpeg"}],"twitter_card":"summary_large_image","twitter_misc":{"Ansl. lesetid":"2 minutter"},"schema":{"@context":"https:\/\/schema.org","@graph":[{"@type":"Article","@id":"https:\/\/hoyre.no\/oslo\/aktuelt\/nominasjon\/#article","isPartOf":{"@id":"https:\/\/hoyre.no\/oslo\/aktuelt\/nominasjon\/"},"author":{"name":"","@id":""},"headline":"Vil du bli med og styre byen?","datePublished":"2014-06-19T11:48:15+00:00","dateModified":"2022-09-26T13:06:13+00:00","mainEntityOfPage":{"@id":"https:\/\/hoyre.no\/oslo\/aktuelt\/nominasjon\/"},"wordCount":471,"publisher":{"@id":"https:\/\/hoyre.no\/oslo\/#organization"},"image":{"@id":"https:\/\/hoyre.no\/oslo\/aktuelt\/nominasjon\/#primaryimage"},"thumbnailUrl":"https:\/\/hoyre.no\/content\/uploads\/sites\/408\/2022\/09\/Bygg.jpg","articleSection":["Nyheter"],"inLanguage":"nb-NO"},{"@type":"NewsArticle","@id":"https:\/\/hoyre.no\/oslo\/aktuelt\/nominasjon\/","url":"https:\/\/hoyre.no\/oslo\/aktuelt\/nominasjon\/","name":"Vil du bli med og styre byen? - Oslo H\u00f8yre","isPartOf":{"@id":"https:\/\/hoyre.no\/oslo\/#website"},"image":{"@id":"https:\/\/hoyre.no\/oslo\/aktuelt\/nominasjon\/#primaryimage"},"thumbnailUrl":"https:\/\/hoyre.no\/content\/uploads\/sites\/408\/2022\/09\/Bygg.jpg","datePublished":"2014-06-19T11:48:15+00:00","dateModified":"2022-09-26T13:06:13+00:00","breadcrumb":{"@id":"https:\/\/hoyre.no\/oslo\/aktuelt\/nominasjon\/#breadcrumb"},"inLanguage":"nb-NO","potentialAction":[{"@type":"ReadAction","target":["https:\/\/hoyre.no\/oslo\/aktuelt\/nominasjon\/"]}]},{"@type":"ImageObject","inLanguage":"nb-NO","@id":"https:\/\/hoyre.no\/oslo\/aktuelt\/nominasjon\/#primaryimage","url":"https:\/\/hoyre.no\/content\/uploads\/sites\/408\/2022\/09\/Bygg.jpg","contentUrl":"https:\/\/hoyre.no\/content\/uploads\/sites\/408\/2022\/09\/Bygg.jpg","width":1024,"height":361,"caption":"Bygg"},{"@type":"BreadcrumbList","@id":"https:\/\/hoyre.no\/oslo\/aktuelt\/nominasjon\/#breadcrumb","itemListElement":[{"@type":"ListItem","position":1,"name":"Til hoyre.no","item":"https:\/\/hoyre.no"},{"@type":"ListItem","position":2,"name":"Hjem","item":"https:\/\/hoyre.no\/oslo\/"},{"@type":"ListItem","position":3,"name":"Vil du bli med og styre byen?"}]},{"@type":"WebSite","@id":"https:\/\/hoyre.no\/oslo\/#website","url":"https:\/\/hoyre.no\/oslo\/","name":"Oslo H\u00f8yre","description":"","publisher":{"@id":"https:\/\/hoyre.no\/oslo\/#organization"},"inLanguage":"nb-NO"},{"@type":"Organization","@id":"https:\/\/hoyre.no\/oslo\/#organization","name":"Oslo H\u00f8yre","url":"https:\/\/hoyre.no\/oslo\/","logo":{"@type":"ImageObject","inLanguage":"nb-NO","@id":"https:\/\/hoyre.no\/oslo\/#\/schema\/logo\/image\/","url":"https:\/\/hoyre.no\/content\/uploads\/sites\/408\/2022\/11\/Hoyres-logo.png","contentUrl":"https:\/\/hoyre.no\/content\/uploads\/sites\/408\/2022\/11\/Hoyres-logo.png","width":1000,"height":1000,"caption":"Oslo H\u00f8yre"},"image":{"@id":"https:\/\/hoyre.no\/oslo\/#\/schema\/logo\/image\/"},"sameAs":["https:\/\/www.facebook.com\/oslo.hoyre"]}]}},"distributor_meta":false,"distributor_terms":false,"distributor_media":false,"distributor_original_site_name":"Oslo H\u00f8yre","distributor_original_site_url":"https:\/\/hoyre.no\/oslo","push-errors":false,"_links":{"self":[{"href":"https:\/\/hoyre.no\/oslo\/wp-json\/wp\/v2\/posts\/1632","targetHints":{"allow":["GET"]}}],"collection":[{"href":"https:\/\/hoyre.no\/oslo\/wp-json\/wp\/v2\/posts"}],"about":[{"href":"https:\/\/hoyre.no\/oslo\/wp-json\/wp\/v2\/types\/post"}],"replies":[{"embeddable":true,"href":"https:\/\/hoyre.no\/oslo\/wp-json\/wp\/v2\/comments?post=1632"}],"version-history":[{"count":1,"href":"https:\/\/hoyre.no\/oslo\/wp-json\/wp\/v2\/posts\/1632\/revisions"}],"predecessor-version":[{"id":2833,"href":"https:\/\/hoyre.no\/oslo\/wp-json\/wp\/v2\/posts\/1632\/revisions\/2833"}],"wp:featuredmedia":[{"embeddable":true,"href":"https:\/\/hoyre.no\/oslo\/wp-json\/wp\/v2\/media\/1633"}],"wp:attachment":[{"href":"https:\/\/hoyre.no\/oslo\/wp-json\/wp\/v2\/media?parent=1632"}],"wp:term":[{"taxonomy":"category","embeddable":true,"href":"https:\/\/hoyre.no\/oslo\/wp-json\/wp\/v2\/category?post=1632"},{"taxonomy":"post_tag","embeddable":true,"href":"https:\/\/hoyre.no\/oslo\/wp-json\/wp\/v2\/post_tag?post=1632"},{"taxonomy":"hoyre-visibility","embeddable":true,"href":"https:\/\/hoyre.no\/oslo\/wp-json\/wp\/v2\/hoyre-visibility?post=1632"},{"taxonomy":"article-type","embeddable":true,"href":"https:\/\/hoyre.no\/oslo\/wp-json\/wp\/v2\/article-type?post=1632"},{"taxonomy":"politician","embeddable":true,"href":"https:\/\/hoyre.no\/oslo\/wp-json\/wp\/v2\/politician?post=1632"}],"curies":[{"name":"wp","href":"https:\/\/api.w.org\/{rel}","templated":true}]}}