{"id":1634,"date":"2014-06-19T11:43:42","date_gmt":"2014-06-19T11:43:42","guid":{"rendered":"https:\/\/hoyre.no\/oslo\/aktuelt\/engasjement-for-klima\/"},"modified":"2022-09-26T15:06:13","modified_gmt":"2022-09-26T13:06:13","slug":"engasjement-for-klima","status":"publish","type":"post","link":"https:\/\/hoyre.no\/oslo\/aktuelt\/engasjement-for-klima\/","title":{"rendered":"Lokalt og nasjonalt engasjement for klima"},"content":{"rendered":"<figure class=\"hoyre-image-wrapper\"><div class=\"hoyre-image\"><img loading=\"lazy\" decoding=\"async\" width=\"1024\" height=\"361\" src=\"https:\/\/hoyre.no\/content\/uploads\/sites\/408\/2022\/09\/Bygg.jpg\" class=\"attachment-scaled size-scaled\" alt=\"Bygg\" style=\"object-position: 50% 50%\" srcset=\"https:\/\/hoyre.no\/content\/uploads\/sites\/408\/2022\/09\/Bygg.jpg 1024w, https:\/\/hoyre.no\/content\/uploads\/sites\/408\/2022\/09\/Bygg-300x106.jpg 300w, https:\/\/hoyre.no\/content\/uploads\/sites\/408\/2022\/09\/Bygg-768x271.jpg 768w\" sizes=\"auto, (max-width: 1024px) 100vw, 1024px\" \/><\/div><\/figure><div id=\"hoyre-old-article-content-wrapper\"><p>Etter en rufsete og ustabil vinter er klimadebatten stadig aktuell.<\/p><p>Tekst: Maria G\u00f6tner<br \/>\nFoto: Nyebilder.no, CF-Wesenberg, Colorbox.com<\/p><p>Debatten raser ikke lenger om hvorvidt klimaforandringer er ekte, heldigvis diskuterer politikere, milj\u00f8organisasjoner og n\u00e6ringsliv hvordan vi skal l\u00f8se fremtidens utfordringer.<\/p><p>Vi m\u00f8ter milj\u00f8politisk talsperson og Oslo H\u00f8yres leder Nikolai Astrup og byr\u00e5dsleder Stian Berger R\u00f8sland som begge har et brennende engasjement for klima og milj\u00f8.<\/p><p>-Klimaendringene er sannsynligvis v\u00e5r tids st\u00f8rste utfordring. Norge har teknologi, kompetanse og kapital til \u00e5 bidra med l\u00f8sninger og gj\u00f8re en forskjell. Norge m\u00e5 f\u00f8re en ambisi\u00f8s og forpliktende klimapolitikk som bidrar til reelle utslippsreduksjoner hjemme og ute, sier Nikolai Astrup.<\/p><p>Klimapolitikk er ikke noe som bare engasjerer p\u00e5 Stortinget, og flere enn bare regjeringen jobber med klimagassutslipp.<\/p><p>&#8211; En tredjedel av Norges klimagasskutt kan tas med kommunale tiltak. Det tror jeg ikke alle vet, men det er faktisk utrolig spennende og ikke minst viktig. Det betyr at vi lokalt kan bidra til \u00e5 redusere de totale utslippene. I verden er det storbyene som slipper ut 70 % av verdens CO2 \u2013 utslipp, og de forbruker i tillegg 2\/3 av verdens energi. Klimapolitikk m\u00e5 i fremtiden bli bypolitikk. Byene m\u00e5 ha incentiver for \u00e5 handle milj\u00f8vennlig, sier Stian Berger R\u00f8sland.<\/p><figure id=\"attachment_3221\" aria-describedby=\"caption-attachment-3221\"><a href=\"https:\/\/www.oslohoyre.no\/wp-content\/uploads\/2014\/06\/Stian-Berger-R\u00f8sland.jpg\"><img decoding=\"async\" loading=\"lazy\" src=\"https:\/\/hoyre.no\/content\/uploads\/sites\/408\/2022\/09\/Stian-Berger-Rosland-e1406545377484.jpg\" alt=\"Stian Berger R\u00f8sland\" width=\"344\" height=\"203\" \/><\/a><figcaption id=\"caption-attachment-3221\">&#8211; Oslo skal redusere sine klimautslipp med 50 prosent innen 2030, sier byr\u00e5dsleder i Oslo Nikolai Astrup<\/figcaption><\/figure><p>Oslo har bestemt seg for \u00e5 redusere de direkte klimagassutslippene med 50 % i forhold til 1991-niv\u00e5 innen 2030. Innen 2050 skal hovedstaden v\u00e6re kliman\u00f8ytral. Hovedstaden er godt i gang med \u00e5 n\u00e5 m\u00e5let. Oslo har konvertert eller fjernet oljefyring i alle kommunale bygg, i tillegg til at alle kommunens 750 virksomheter er milj\u00f8sertifisert.<\/p><p>&#8211; I Oslo skal vi gj\u00f8re v\u00e5r del av jobben og ligge i front blant norske byer. Oslo har gode st\u00f8tteordninger for private husholdninger, og Klima- og En\u00f8kfondet er bedre enn statens ordninger. Oslo f\u00e5r ogs\u00e5 internasjonal anerkjennelse for v\u00e5re tiltak og ambisjoner. I C40-nettverket m\u00f8ter vi verdens st\u00f8rste og mest milj\u00f8innovative byer. At borgermestrene i storbyer som New York, Rio og Johannesburg synes det er relevant \u00e5 lytte til Oslos syn p\u00e5 byenes milj\u00f8l\u00f8sninger, forteller at vi allerede er godt p\u00e5 vei mot en gr\u00f8nnere fremtid i byen v\u00e5r, sier R\u00f8sland.<\/p><p>Men ikke alle gode klimatiltak kan l\u00f8ses lokalt. For \u00e5 ta noen av de store l\u00f8ftene p\u00e5 transportsiden trenger Oslo hjelp fra Stortinget.<\/p><p>&#8211; S\u00e5 langt har Oslo klart \u00e5 m\u00f8te den \u00f8kte befolkningsveksten p\u00e5 en god m\u00e5te. For \u00e5 sikre at flere bruker kollektivtransport har vi \u00f8kt kapasiteten, og \u00f8kningen i bruk av kollektivtransport er n\u00e5 st\u00f8rre enn befolkningsveksten. Men skal vi klare det i fremtiden trenger vi hjelp og st\u00f8tte fra regjeringen til \u00e5 bygge en ny T-banetunnel gjennom Oslo, og utbygging av T-bane til Fornebu, der det n\u00e5 g\u00e5r 750 busser daglig. Det kommer til \u00e5 bety mye for det lokale milj\u00f8et, men ikke minst vil det ha virkning p\u00e5 CO2-regnskapet i byen, legger byr\u00e5dslederen til.<\/p><p>Astrup er klar p\u00e5 at regjeringsmakt \u00e5pner flere d\u00f8rer for \u00e5 gjennomf\u00f8re gode milj\u00f8tiltak.<\/p><p>&#8211; H\u00f8yre\/FrP-regjeringen \u00f8nsker \u00e5 forsterke klimaforliket, og et godt eksempel er den \u00f8kte satsningen p\u00e5 kollektivtransportprosjekter. Regjeringen har sagt at de \u00f8nsker \u00e5 gi direkte statlige tilskudd til store kollektivtransportprosjekter, som T-banen i Oslo. T-banen i Oslo har over flere \u00e5r bidratt til \u00e5 redusere CO2-utslipp.<\/p><p>Det trekkes frem flere tiltak som kan bidra til \u00e5 redusere klimagassutslipp, men \u00e9n ting er b\u00e5de Astrup og R\u00f8sland klar p\u00e5. \u00c5 omstille samfunnet til et lavutslippssamfunn kan ikke gj\u00f8res uten at n\u00e6ringslivet er med.<\/p><p>&#8211; N\u00e6ringslivet er innovativt og bidrar allerede mye inn i de lokale klimadebattene. Tidligere i vinter fikk jeg \u00e5pne to bygg som er banebrytende n\u00e5r det kommer til teknologi og samfunnsansvar. Ett av dem finner vi i Bj\u00f8rvika, et annet finner vi i Groruddalen. Jeg har stor tiltro til at bedriftene \u00f8nsker \u00e5 bidra, sier byr\u00e5dslederen.<\/p><p>&#8211; Steinalderen tok ikke slutt fordi det ble slutt p\u00e5 stein, og vi redder ikke verden ved \u00e5 skru klokken tilbake i tid. Og det har n\u00e6ringslivet skj\u00f8nt. Det g\u00e5r an \u00e5 tjene penger p\u00e5 milj\u00f8vennlige l\u00f8sninger, og forbrukerne ettersp\u00f8r milj\u00f8vennlige produkter. Dette er et av tilfellene hvor vi politikere m\u00e5 v\u00e6re med \u00e5 sette ambisjonene, og v\u00e6re \u00e5pne for at l\u00f8sningene ikke bare kommer fra oss. I tillegg skal H\u00f8yre-Frp-regjeringen st\u00f8tte opp forskning og innovasjon som kan bidra med nye l\u00f8sninger, avslutter Nikolai Astrup.<\/p><p>&nbsp;<\/p>\n<\/div>\n<div class=\"tags\">\n\t<\/div>\n<div class=\"post-footer alignfull has-background block-editor-block-list__block\" data-align=full>\n\t<div class=\"post-footer-inner\">\n\t\t<h3>Relaterte artikler<\/h3>\n\t\t<div class=\"related-content\"><div class=\"is-card-hoyre\">\n\t<div class=\"teft-card hoyre-teft-card post-teft-card\">\n\t\t<a href=\"https:\/\/hoyre.no\/oslo\/aktuelt\/mdg-moralismen-fornekter-seg-ikke\/\" class=\"teft-card__primary-action\">\n\n\t\t\t\t\t<div class=\"teft-card__media teft-card__media--16-9\">\n\t\t\t\t\t\t<img loading=\"lazy\" decoding=\"async\" width=\"768\" height=\"512\" src=\"https:\/\/hoyre.no\/content\/uploads\/sites\/408\/2024\/01\/QZQlxtOC-768x512.jpeg\" class=\"attachment-medium_large size-medium_large\" alt=\"Merete Agerbak-Jensen\" srcset=\"https:\/\/hoyre.no\/content\/uploads\/sites\/408\/2024\/01\/QZQlxtOC-768x512.jpeg 768w, https:\/\/hoyre.no\/content\/uploads\/sites\/408\/2024\/01\/QZQlxtOC-300x200.jpeg 300w, https:\/\/hoyre.no\/content\/uploads\/sites\/408\/2024\/01\/QZQlxtOC-1024x683.jpeg 1024w, https:\/\/hoyre.no\/content\/uploads\/sites\/408\/2024\/01\/QZQlxtOC-1536x1024.jpeg 1536w, https:\/\/hoyre.no\/content\/uploads\/sites\/408\/2024\/01\/QZQlxtOC-2048x1365.jpeg 2048w\" sizes=\"auto, (max-width: 768px) 100vw, 768px\" \/>\t\t<\/div>\n\t\t\n\t\t\t<div class=\"teft-card__content-wrapper\">\n\t\t\t\t<div class=\"teft-card__secondary\">\n\t\t\t\t\t\n\t\t\t\t\t\t\t\t<div class=\"teft-card__meta\">\n\t\t\t\t\t\t\t\t\t<span class=\"post-date\">23. apr 2026<\/span>\n\n\t\t\t\t\t\t\t\t\t\t\t\t\t\t\t\t\t<\/div>\n\t\t\t\t\t\t\t\t\t\t\t<\/div>\n\n\t\t\t\t<div class=\"teft-card__primary\">\n\t\t\t\t\t<h2 class=\"teft-card__title\">MDG-moralismen fornekter seg ikke&nbsp;<span class=\"teft-card__primary-title-append\"><\/span><\/h2>\t\t\t\t<\/div>\n\t\t\t<\/div>\n\t\t<\/a>\n\t<\/div>\n\n\t<\/div><div class=\"is-card-hoyre\">\n\t<div class=\"teft-card hoyre-teft-card post-teft-card\">\n\t\t<a href=\"https:\/\/hoyre.no\/oslo\/aktuelt\/raskere-og-enklere-a-bygge-boliger-og-skape-arbeidsplasser-i-oslo\/\" class=\"teft-card__primary-action\">\n\n\t\t\t\t\t<div class=\"teft-card__media teft-card__media--16-9\">\n\t\t\t\t\t\t<img loading=\"lazy\" decoding=\"async\" width=\"768\" height=\"576\" src=\"https:\/\/hoyre.no\/content\/uploads\/sites\/408\/2026\/04\/Eirik-Lae-Solberg-og-Anita-Leirvik-North-768x576.jpg\" class=\"attachment-medium_large size-medium_large\" alt=\"\" srcset=\"https:\/\/hoyre.no\/content\/uploads\/sites\/408\/2026\/04\/Eirik-Lae-Solberg-og-Anita-Leirvik-North-768x576.jpg 768w, https:\/\/hoyre.no\/content\/uploads\/sites\/408\/2026\/04\/Eirik-Lae-Solberg-og-Anita-Leirvik-North-300x225.jpg 300w, https:\/\/hoyre.no\/content\/uploads\/sites\/408\/2026\/04\/Eirik-Lae-Solberg-og-Anita-Leirvik-North.jpg 901w\" sizes=\"auto, (max-width: 768px) 100vw, 768px\" \/>\t\t<\/div>\n\t\t\n\t\t\t<div class=\"teft-card__content-wrapper\">\n\t\t\t\t<div class=\"teft-card__secondary\">\n\t\t\t\t\t\n\t\t\t\t\t\t\t\t<div class=\"teft-card__meta\">\n\t\t\t\t\t\t\t\t\t<span class=\"post-date\">14. apr 2026<\/span>\n\n\t\t\t\t\t\t\t\t\t<span class=\"post-category\">Har lagt frem ny KPA:<\/span>\t\t\t\t\t\t\t\t<\/div>\n\t\t\t\t\t\t\t\t\t\t\t<\/div>\n\n\t\t\t\t<div class=\"teft-card__primary\">\n\t\t\t\t\t<h2 class=\"teft-card__title\">Raskere og enklere \u00e5 bygge boliger og skape arbeidsplasser i Oslo&nbsp;<span class=\"teft-card__primary-title-append\"><\/span><\/h2>\t\t\t\t<\/div>\n\t\t\t<\/div>\n\t\t<\/a>\n\t<\/div>\n\n\t<\/div><div class=\"is-card-hoyre\">\n\t<div class=\"teft-card hoyre-teft-card post-teft-card\">\n\t\t<a href=\"https:\/\/hoyre.no\/oslo\/aktuelt\/bedre-elevresultater-og-en-skoleokonomi-i-balanse-med-blagront-byrad\/\" class=\"teft-card__primary-action\">\n\n\t\t\t\t\t<div class=\"teft-card__media teft-card__media--16-9\">\n\t\t\t\t\t\t<img loading=\"lazy\" decoding=\"async\" width=\"768\" height=\"512\" src=\"https:\/\/hoyre.no\/content\/uploads\/sites\/408\/2025\/05\/IMG_6440-768x512.jpeg\" class=\"attachment-medium_large size-medium_large\" alt=\"Julie Remen Midtgarden\" srcset=\"https:\/\/hoyre.no\/content\/uploads\/sites\/408\/2025\/05\/IMG_6440-768x512.jpeg 768w, https:\/\/hoyre.no\/content\/uploads\/sites\/408\/2025\/05\/IMG_6440-300x200.jpeg 300w, https:\/\/hoyre.no\/content\/uploads\/sites\/408\/2025\/05\/IMG_6440-1024x683.jpeg 1024w, https:\/\/hoyre.no\/content\/uploads\/sites\/408\/2025\/05\/IMG_6440-1536x1024.jpeg 1536w, https:\/\/hoyre.no\/content\/uploads\/sites\/408\/2025\/05\/IMG_6440-2048x1365.jpeg 2048w\" sizes=\"auto, (max-width: 768px) 100vw, 768px\" \/>\t\t<\/div>\n\t\t\n\t\t\t<div class=\"teft-card__content-wrapper\">\n\t\t\t\t<div class=\"teft-card__secondary\">\n\t\t\t\t\t\n\t\t\t\t\t\t\t\t<div class=\"teft-card__meta\">\n\t\t\t\t\t\t\t\t\t<span class=\"post-date\">26. mar 2026<\/span>\n\n\t\t\t\t\t\t\t\t\t\t\t\t\t\t\t\t\t<\/div>\n\t\t\t\t\t\t\t\t\t\t\t<\/div>\n\n\t\t\t\t<div class=\"teft-card__primary\">\n\t\t\t\t\t<h2 class=\"teft-card__title\">Bedre elevresultater og en skole\u00f8konomi i balanse med bl\u00e5gr\u00f8nt byr\u00e5d&nbsp;<span class=\"teft-card__primary-title-append\"><\/span><\/h2>\t\t\t\t<\/div>\n\t\t\t<\/div>\n\t\t<\/a>\n\t<\/div>\n\n\t<\/div><\/div>\t<\/div>\n<\/div>\n","protected":false},"excerpt":{"rendered":"","protected":false},"author":0,"featured_media":0,"comment_status":"closed","ping_status":"open","sticky":false,"template":"","format":"standard","meta":{"teft_cards_image_url":"","teft_cards_custom_pretitle":"","teft_cards_image_id":0,"teft_cards_image_focal_point_x":0,"teft_cards_image_focal_point_y":0,"teft_cards_title":"","teft_cards_excerpt":"","teft_show_chapters":false,"author_display_name":"Oslo H\u00f8yre","footnotes":""},"category":[1],"post_tag":[],"hoyre-visibility":[],"article-type":[],"politician":[],"class_list":["post-1634","post","type-post","status-publish","format-standard","hentry","category-nyheter"],"yoast_head":"<!-- This site is optimized with the Yoast SEO Premium plugin v26.5 (Yoast SEO v26.6) - https:\/\/yoast.com\/wordpress\/plugins\/seo\/ -->\n<title>Lokalt og nasjonalt engasjement for klima - Oslo H\u00f8yre<\/title>\n<meta name=\"robots\" content=\"index, follow, max-snippet:-1, max-image-preview:large, max-video-preview:-1\" \/>\n<link rel=\"canonical\" href=\"https:\/\/hoyre.no\/oslo\/aktuelt\/engasjement-for-klima\/\" \/>\n<meta property=\"og:locale\" content=\"nb_NO\" \/>\n<meta property=\"og:type\" content=\"article\" \/>\n<meta property=\"og:title\" content=\"Lokalt og nasjonalt engasjement for klima\" \/>\n<meta property=\"og:url\" content=\"https:\/\/hoyre.no\/oslo\/aktuelt\/engasjement-for-klima\/\" \/>\n<meta property=\"og:site_name\" content=\"Oslo H\u00f8yre\" \/>\n<meta property=\"article:publisher\" content=\"https:\/\/www.facebook.com\/oslo.hoyre\" \/>\n<meta property=\"article:published_time\" content=\"2014-06-19T11:43:42+00:00\" \/>\n<meta property=\"article:modified_time\" content=\"2022-09-26T13:06:13+00:00\" \/>\n<meta property=\"og:image\" content=\"https:\/\/hoyre.no\/content\/uploads\/sites\/408\/2022\/09\/Stian-Berger-Rosland-e1406545377484.jpg\" \/>\n<meta name=\"twitter:card\" content=\"summary_large_image\" \/>\n<meta name=\"twitter:label1\" content=\"Ansl. lesetid\" \/>\n\t<meta name=\"twitter:data1\" content=\"4 minutter\" \/>\n<script type=\"application\/ld+json\" class=\"yoast-schema-graph\">{\"@context\":\"https:\/\/schema.org\",\"@graph\":[{\"@type\":\"Article\",\"@id\":\"https:\/\/hoyre.no\/oslo\/aktuelt\/engasjement-for-klima\/#article\",\"isPartOf\":{\"@id\":\"https:\/\/hoyre.no\/oslo\/aktuelt\/engasjement-for-klima\/\"},\"author\":{\"name\":\"\",\"@id\":\"\"},\"headline\":\"Lokalt og nasjonalt engasjement for klima\",\"datePublished\":\"2014-06-19T11:43:42+00:00\",\"dateModified\":\"2022-09-26T13:06:13+00:00\",\"mainEntityOfPage\":{\"@id\":\"https:\/\/hoyre.no\/oslo\/aktuelt\/engasjement-for-klima\/\"},\"wordCount\":779,\"publisher\":{\"@id\":\"https:\/\/hoyre.no\/oslo\/#organization\"},\"image\":{\"@id\":\"https:\/\/hoyre.no\/oslo\/aktuelt\/engasjement-for-klima\/#primaryimage\"},\"thumbnailUrl\":\"https:\/\/hoyre.no\/content\/uploads\/sites\/408\/2022\/09\/Stian-Berger-Rosland-e1406545377484.jpg\",\"articleSection\":[\"Nyheter\"],\"inLanguage\":\"nb-NO\"},{\"@type\":\"NewsArticle\",\"@id\":\"https:\/\/hoyre.no\/oslo\/aktuelt\/engasjement-for-klima\/\",\"url\":\"https:\/\/hoyre.no\/oslo\/aktuelt\/engasjement-for-klima\/\",\"name\":\"Lokalt og nasjonalt engasjement for klima - Oslo H\u00f8yre\",\"isPartOf\":{\"@id\":\"https:\/\/hoyre.no\/oslo\/#website\"},\"image\":{\"@id\":\"https:\/\/hoyre.no\/oslo\/aktuelt\/engasjement-for-klima\/#primaryimage\"},\"thumbnailUrl\":\"https:\/\/hoyre.no\/content\/uploads\/sites\/408\/2022\/09\/Stian-Berger-Rosland-e1406545377484.jpg\",\"datePublished\":\"2014-06-19T11:43:42+00:00\",\"dateModified\":\"2022-09-26T13:06:13+00:00\",\"breadcrumb\":{\"@id\":\"https:\/\/hoyre.no\/oslo\/aktuelt\/engasjement-for-klima\/#breadcrumb\"},\"inLanguage\":\"nb-NO\",\"potentialAction\":[{\"@type\":\"ReadAction\",\"target\":[\"https:\/\/hoyre.no\/oslo\/aktuelt\/engasjement-for-klima\/\"]}]},{\"@type\":\"ImageObject\",\"inLanguage\":\"nb-NO\",\"@id\":\"https:\/\/hoyre.no\/oslo\/aktuelt\/engasjement-for-klima\/#primaryimage\",\"url\":\"https:\/\/hoyre.no\/content\/uploads\/sites\/408\/2022\/09\/Stian-Berger-Rosland-e1406545377484.jpg\",\"contentUrl\":\"https:\/\/hoyre.no\/content\/uploads\/sites\/408\/2022\/09\/Stian-Berger-Rosland-e1406545377484.jpg\"},{\"@type\":\"BreadcrumbList\",\"@id\":\"https:\/\/hoyre.no\/oslo\/aktuelt\/engasjement-for-klima\/#breadcrumb\",\"itemListElement\":[{\"@type\":\"ListItem\",\"position\":1,\"name\":\"Til hoyre.no\",\"item\":\"https:\/\/hoyre.no\"},{\"@type\":\"ListItem\",\"position\":2,\"name\":\"Hjem\",\"item\":\"https:\/\/hoyre.no\/oslo\/\"},{\"@type\":\"ListItem\",\"position\":3,\"name\":\"Lokalt og nasjonalt engasjement for klima\"}]},{\"@type\":\"WebSite\",\"@id\":\"https:\/\/hoyre.no\/oslo\/#website\",\"url\":\"https:\/\/hoyre.no\/oslo\/\",\"name\":\"Oslo H\u00f8yre\",\"description\":\"\",\"publisher\":{\"@id\":\"https:\/\/hoyre.no\/oslo\/#organization\"},\"inLanguage\":\"nb-NO\"},{\"@type\":\"Organization\",\"@id\":\"https:\/\/hoyre.no\/oslo\/#organization\",\"name\":\"Oslo H\u00f8yre\",\"url\":\"https:\/\/hoyre.no\/oslo\/\",\"logo\":{\"@type\":\"ImageObject\",\"inLanguage\":\"nb-NO\",\"@id\":\"https:\/\/hoyre.no\/oslo\/#\/schema\/logo\/image\/\",\"url\":\"https:\/\/hoyre.no\/content\/uploads\/sites\/408\/2022\/11\/Hoyres-logo.png\",\"contentUrl\":\"https:\/\/hoyre.no\/content\/uploads\/sites\/408\/2022\/11\/Hoyres-logo.png\",\"width\":1000,\"height\":1000,\"caption\":\"Oslo H\u00f8yre\"},\"image\":{\"@id\":\"https:\/\/hoyre.no\/oslo\/#\/schema\/logo\/image\/\"},\"sameAs\":[\"https:\/\/www.facebook.com\/oslo.hoyre\"]}]}<\/script>\n<!-- \/ Yoast SEO Premium plugin. -->","yoast_head_json":{"title":"Lokalt og nasjonalt engasjement for klima - Oslo H\u00f8yre","robots":{"index":"index","follow":"follow","max-snippet":"max-snippet:-1","max-image-preview":"max-image-preview:large","max-video-preview":"max-video-preview:-1"},"canonical":"https:\/\/hoyre.no\/oslo\/aktuelt\/engasjement-for-klima\/","og_locale":"nb_NO","og_type":"article","og_title":"Lokalt og nasjonalt engasjement for klima","og_url":"https:\/\/hoyre.no\/oslo\/aktuelt\/engasjement-for-klima\/","og_site_name":"Oslo H\u00f8yre","article_publisher":"https:\/\/www.facebook.com\/oslo.hoyre","article_published_time":"2014-06-19T11:43:42+00:00","article_modified_time":"2022-09-26T13:06:13+00:00","og_image":[{"url":"https:\/\/hoyre.no\/content\/uploads\/sites\/408\/2022\/09\/Stian-Berger-Rosland-e1406545377484.jpg","type":"","width":"","height":""}],"twitter_card":"summary_large_image","twitter_misc":{"Ansl. lesetid":"4 minutter"},"schema":{"@context":"https:\/\/schema.org","@graph":[{"@type":"Article","@id":"https:\/\/hoyre.no\/oslo\/aktuelt\/engasjement-for-klima\/#article","isPartOf":{"@id":"https:\/\/hoyre.no\/oslo\/aktuelt\/engasjement-for-klima\/"},"author":{"name":"","@id":""},"headline":"Lokalt og nasjonalt engasjement for klima","datePublished":"2014-06-19T11:43:42+00:00","dateModified":"2022-09-26T13:06:13+00:00","mainEntityOfPage":{"@id":"https:\/\/hoyre.no\/oslo\/aktuelt\/engasjement-for-klima\/"},"wordCount":779,"publisher":{"@id":"https:\/\/hoyre.no\/oslo\/#organization"},"image":{"@id":"https:\/\/hoyre.no\/oslo\/aktuelt\/engasjement-for-klima\/#primaryimage"},"thumbnailUrl":"https:\/\/hoyre.no\/content\/uploads\/sites\/408\/2022\/09\/Stian-Berger-Rosland-e1406545377484.jpg","articleSection":["Nyheter"],"inLanguage":"nb-NO"},{"@type":"NewsArticle","@id":"https:\/\/hoyre.no\/oslo\/aktuelt\/engasjement-for-klima\/","url":"https:\/\/hoyre.no\/oslo\/aktuelt\/engasjement-for-klima\/","name":"Lokalt og nasjonalt engasjement for klima - Oslo H\u00f8yre","isPartOf":{"@id":"https:\/\/hoyre.no\/oslo\/#website"},"image":{"@id":"https:\/\/hoyre.no\/oslo\/aktuelt\/engasjement-for-klima\/#primaryimage"},"thumbnailUrl":"https:\/\/hoyre.no\/content\/uploads\/sites\/408\/2022\/09\/Stian-Berger-Rosland-e1406545377484.jpg","datePublished":"2014-06-19T11:43:42+00:00","dateModified":"2022-09-26T13:06:13+00:00","breadcrumb":{"@id":"https:\/\/hoyre.no\/oslo\/aktuelt\/engasjement-for-klima\/#breadcrumb"},"inLanguage":"nb-NO","potentialAction":[{"@type":"ReadAction","target":["https:\/\/hoyre.no\/oslo\/aktuelt\/engasjement-for-klima\/"]}]},{"@type":"ImageObject","inLanguage":"nb-NO","@id":"https:\/\/hoyre.no\/oslo\/aktuelt\/engasjement-for-klima\/#primaryimage","url":"https:\/\/hoyre.no\/content\/uploads\/sites\/408\/2022\/09\/Stian-Berger-Rosland-e1406545377484.jpg","contentUrl":"https:\/\/hoyre.no\/content\/uploads\/sites\/408\/2022\/09\/Stian-Berger-Rosland-e1406545377484.jpg"},{"@type":"BreadcrumbList","@id":"https:\/\/hoyre.no\/oslo\/aktuelt\/engasjement-for-klima\/#breadcrumb","itemListElement":[{"@type":"ListItem","position":1,"name":"Til hoyre.no","item":"https:\/\/hoyre.no"},{"@type":"ListItem","position":2,"name":"Hjem","item":"https:\/\/hoyre.no\/oslo\/"},{"@type":"ListItem","position":3,"name":"Lokalt og nasjonalt engasjement for klima"}]},{"@type":"WebSite","@id":"https:\/\/hoyre.no\/oslo\/#website","url":"https:\/\/hoyre.no\/oslo\/","name":"Oslo H\u00f8yre","description":"","publisher":{"@id":"https:\/\/hoyre.no\/oslo\/#organization"},"inLanguage":"nb-NO"},{"@type":"Organization","@id":"https:\/\/hoyre.no\/oslo\/#organization","name":"Oslo H\u00f8yre","url":"https:\/\/hoyre.no\/oslo\/","logo":{"@type":"ImageObject","inLanguage":"nb-NO","@id":"https:\/\/hoyre.no\/oslo\/#\/schema\/logo\/image\/","url":"https:\/\/hoyre.no\/content\/uploads\/sites\/408\/2022\/11\/Hoyres-logo.png","contentUrl":"https:\/\/hoyre.no\/content\/uploads\/sites\/408\/2022\/11\/Hoyres-logo.png","width":1000,"height":1000,"caption":"Oslo H\u00f8yre"},"image":{"@id":"https:\/\/hoyre.no\/oslo\/#\/schema\/logo\/image\/"},"sameAs":["https:\/\/www.facebook.com\/oslo.hoyre"]}]}},"distributor_meta":false,"distributor_terms":false,"distributor_media":false,"distributor_original_site_name":"Oslo H\u00f8yre","distributor_original_site_url":"https:\/\/hoyre.no\/oslo","push-errors":false,"_links":{"self":[{"href":"https:\/\/hoyre.no\/oslo\/wp-json\/wp\/v2\/posts\/1634","targetHints":{"allow":["GET"]}}],"collection":[{"href":"https:\/\/hoyre.no\/oslo\/wp-json\/wp\/v2\/posts"}],"about":[{"href":"https:\/\/hoyre.no\/oslo\/wp-json\/wp\/v2\/types\/post"}],"replies":[{"embeddable":true,"href":"https:\/\/hoyre.no\/oslo\/wp-json\/wp\/v2\/comments?post=1634"}],"version-history":[{"count":1,"href":"https:\/\/hoyre.no\/oslo\/wp-json\/wp\/v2\/posts\/1634\/revisions"}],"predecessor-version":[{"id":2834,"href":"https:\/\/hoyre.no\/oslo\/wp-json\/wp\/v2\/posts\/1634\/revisions\/2834"}],"wp:attachment":[{"href":"https:\/\/hoyre.no\/oslo\/wp-json\/wp\/v2\/media?parent=1634"}],"wp:term":[{"taxonomy":"category","embeddable":true,"href":"https:\/\/hoyre.no\/oslo\/wp-json\/wp\/v2\/category?post=1634"},{"taxonomy":"post_tag","embeddable":true,"href":"https:\/\/hoyre.no\/oslo\/wp-json\/wp\/v2\/post_tag?post=1634"},{"taxonomy":"hoyre-visibility","embeddable":true,"href":"https:\/\/hoyre.no\/oslo\/wp-json\/wp\/v2\/hoyre-visibility?post=1634"},{"taxonomy":"article-type","embeddable":true,"href":"https:\/\/hoyre.no\/oslo\/wp-json\/wp\/v2\/article-type?post=1634"},{"taxonomy":"politician","embeddable":true,"href":"https:\/\/hoyre.no\/oslo\/wp-json\/wp\/v2\/politician?post=1634"}],"curies":[{"name":"wp","href":"https:\/\/api.w.org\/{rel}","templated":true}]}}