{"id":1637,"date":"2014-06-18T22:15:12","date_gmt":"2014-06-18T22:15:12","guid":{"rendered":"https:\/\/hoyre.no\/oslo\/aktuelt\/kongolandsbyen-er-apnet\/"},"modified":"2022-09-26T15:06:14","modified_gmt":"2022-09-26T13:06:14","slug":"kongolandsbyen-er-apnet","status":"publish","type":"post","link":"https:\/\/hoyre.no\/oslo\/aktuelt\/kongolandsbyen-er-apnet\/","title":{"rendered":"Den kontroversielle Kongolandsbyen 100 \u00e5r etter!"},"content":{"rendered":"<figure class=\"hoyre-image-wrapper\"><div class=\"hoyre-image\"><img loading=\"lazy\" decoding=\"async\" width=\"960\" height=\"540\" src=\"https:\/\/hoyre.no\/content\/uploads\/sites\/408\/2022\/09\/MVI_6024.jpg\" class=\"attachment-scaled size-scaled\" alt=\"\" style=\"object-position: 50% 50%\" srcset=\"https:\/\/hoyre.no\/content\/uploads\/sites\/408\/2022\/09\/MVI_6024.jpg 960w, https:\/\/hoyre.no\/content\/uploads\/sites\/408\/2022\/09\/MVI_6024-300x169.jpg 300w, https:\/\/hoyre.no\/content\/uploads\/sites\/408\/2022\/09\/MVI_6024-768x432.jpg 768w\" sizes=\"auto, (max-width: 960px) 100vw, 960px\" \/><\/div><\/figure><div id=\"hoyre-old-article-content-wrapper\"><h1><strong>&#8211; Hva hadde du ventet?<\/strong><img decoding=\"async\" loading=\"lazy\" title=\"Disse hyttene er en kopi av hyttene i Kongolandsbyen i Frognerparken i 1914 - i utgaven anno 2014 bor det ingen kongolesere eller sengalesere p\u00e5 utstiilling i Frognerparken. I 1914 gjorde det det.\" src=\"https:\/\/hoyre.no\/content\/uploads\/sites\/408\/2022\/09\/MVI_6024.jpg\" alt=\"Disse hyttene er en kopi av hyttene i Kongolandsbyen i Frognerparken i 1914 - i utgaven anno 2014 bor det ingen kongolesere eller sengalesere p\u00e5 utstiilling i Frognerparken. I 1914 gjorde det det.\" width=\"960\" height=\"540\" srcset=\"https:\/\/hoyre.no\/content\/uploads\/sites\/408\/2022\/09\/MVI_6024.jpg 960w, https:\/\/www.oslohoyre.no\/wp-content\/uploads\/2014\/06\/MVI_6024-300x169.jpg 300w, https:\/\/www.oslohoyre.no\/wp-content\/uploads\/2014\/06\/MVI_6024-768x432.jpg 768w\" sizes=\"auto, (max-width: 960px) 100vw, 960px\" \/><\/h1><h2><strong>Sv\u00e6rt omstridt Kongolandsby i Frognerparken<\/strong><\/h2><p><strong>Til venstre for Vigelands store fontene i Frognerparken vaier to norske og to belgiske flagg foran en merkelig r\u00f8d portal. Bak den ligger en samling str\u00e5hytter av forskjellig st\u00f8rrelse. 15. mai \u00e5pnet \u00a0Lars Cuzner og Mohammed Ali Fadlabis omstridte kunstprosjekt.<\/strong><\/p><p>Tekst: Lene Haug<br \/>\nFoto: \u00a0Jens Christian Blix<\/p><p>Har du bes\u00f8kt Kongolandsbyen? Sjelden har et kunstprosjekt skapt s\u00e5 mye debatt i Norge. Kunstnerne som sa de ville gjenskape Kongolandsbyen fra 1914 ble sterkt kritisert og mottok trusler fra b\u00e5de nynazister og antirasister lenge f\u00f8r noen hadde sett utstillingen. Det er ikke daglig kost med s\u00e5 hissig stemning rundt kunst i Norge.<\/p><p>I 1914 bodde rundt 80 personer som ble kalt kongolesere p\u00e5 utstilling i str\u00e5hytter i Frognerparken i seks m\u00e5neder.<\/p><p>Det var denne utstillingen Lars Guzner og Mohammed Ali Fadlabi sa at de skulle gjenskape. Noe som f\u00f8rte til en overopphetet debatt, regelrett raseri i mange leire og internasjonal oppstandelse.<\/p><p>I Norge vakte et innslag i TV-programmet \u00a0<a href=\"http:\/\/tv.nrk.no\/serie\/trygdekontoret-tv\/muhh50000414\/sesong-8\/episode-4\">Trygdekontorets rasisme spesial stor oppmerksomhet<\/a>. Der var Mohammed Ali Fadlabi i en sv\u00e6rt hissig debatt med Hannah Wozene\u00a0Kvam fra kunstnerkollektivet Queendom og pr-r\u00e5dgiver Elisabeth Norheim som begge var sterkt kritiske til prosjektet.<\/p><h2><b>&#8211; Fjern de flaggene<\/b><\/h2><p>Omfanget av raseriet opplevde Frogner H\u00f8yres redaksjon direkte da vi var innom utstillingstomten kvelden f\u00f8r \u00e5pning.<\/p><p>Det var noen f\u00e5 mennesker der, som arbeidet med \u00e5 legge siste h\u00e5nd p\u00e5 verket. De saget litt, sprayet str\u00e5hyttene og tilb\u00f8d oss vennlig en kopp kaffe<\/p><p>En journalist fra Dagsavisen var innom samtidig med oss, men kunstnerne var ikke til stede, de var i sitt atelier og arbeidet med ting til utstillingen der.<\/p><p>Stemmingen var god helt til Belgias ambassad\u00f8r kom innom, for \u00a0han var ikke blid. I klare ordelag forklarte han hvem han var og at det var helt uakseptabelt at to belgiske flagg skulle vaie side om side med de norske p\u00e5 flaggstengene foran portalen.<\/p><blockquote><p>&#8211;\u00a0\u00a0\u00a0\u00a0\u00a0\u00a0 Jeg kontakter UD og de flaggene skal ikke v\u00e6re der i morgen! Jeg kommer tilbake, sa han.<\/p><\/blockquote><p>Det er mulig at han hadde lest <a href=\"http:\/\/www.theguardian.com\/world\/2014\/apr\/29\/norway-human-zoo-africans-as-inmates\">The Guardian som i en kronikk tok sterk avstand<\/a> fra prosjektet eller kanskje han hadde fulgt den opphetede debatten p\u00e5 twitter med hashtaggen <a href=\"https:\/\/twitter.com\/search?q=%23SomeoneTellNorway&#038;&#038;src=hash\">#SomeoneTellNorway<\/a> som fulgte i kj\u00f8lvannet.<\/p><p>Uansett, de belgiske flaggene er ikke fjernet.<\/p><h2>Hvem er de frivllige?<\/h2><p>Det var knyttet stor spenning til \u00e5pningen av kunstprosjektet European Attraction Limited. Presse, kunstnere og vanlig publikum i skj\u00f8nn forening gikk rundt, tittet inn i hyttene og stirret p\u00e5 hverandre. Hvor er de frivillige? Hvem er det egentlig som bor her? Spurte vi hverandre. Det var ingen som hadde krigsmaling i ansiktet og ingen som stilte i bastskj\u00f8rt. Alle gikk rundt som p\u00e5 en vernissasje\u00a0 tittet og snakket lavm\u00e6lt i store og sm\u00e5 grupper. Ingen ting spesielt skjedde, alle gav inntrykk av \u00e5 ha oversikten og dyp forst\u00e5else av prosjektet mens de tittet rundt med forundrede blikk. Str\u00e5hyttene var der, noen med vegger og noen uten vegger, men hvor var egentlig menneskene? Det var jo dem vi hadde kommet for \u00e5 se, det var id\u00e9en om mennsker p\u00e5 utstilling i str\u00e5hytter som lokket og forarget.<\/p><p>Forvirringen kom klart til uttrykk p\u00e5 pressekonferansen p\u00e5 Kunstneres hus etterp\u00e5.<\/p><blockquote><p>&#8211;\u00a0\u00a0\u00a0\u00a0\u00a0\u00a0 Var det noen frivillige der?<\/p><p>&#8211;\u00a0\u00a0\u00a0\u00a0\u00a0\u00a0 Ja, svarte kunstnerne<\/p><p>&#8211;\u00a0\u00a0\u00a0\u00a0\u00a0\u00a0 Hvor mange frivillige var det?<\/p><\/blockquote><p>Til dette svarte svarte Cuszner og Fadlabi ganske svevende at det var 300 p\u00e5meldte, men at de frivillige kom og gikk som de ville og at de ikke hadde oversikt over hvor mange som var der under \u00e5pningen.<\/p><p>Problemet til pressen og publikum var at det ikke gikk an \u00e5 se hvem som var frivillige om hvem som var publikum. Det var mennesker som var m\u00f8rke i huden, kanskje litt flere enn en vanlig ettermiddag i Frognerparken, men ikke p\u00e5fallende mange flere og alle s\u00e5 helt vanlige ut.<\/p><p><a href=\"https:\/\/www.oslohoyre.no\/wp-content\/uploads\/2014\/06\/presskonf.jpg\"><img decoding=\"async\" loading=\"lazy\" title=\"15. mai \u00e5pnet Lars Cuzner og Mohammed Ali Fadlabis omstridte kunstprosjekt Kongolandsbyen i Frognerparken - bildet er fra pressekonferansen p\u00e5 Kunstnernes Hus\" src=\"https:\/\/hoyre.no\/content\/uploads\/sites\/408\/2022\/09\/presskonf.jpg\" alt=\"15. mai \u00e5pnet Lars Cuzner og Mohammed Ali Fadlabis omstridte kunstprosjekt Kongolandsbyen i Frognerparken - bildet er fra pressekonferansen p\u00e5 Kunstnernes Hus\" width=\"960\" height=\"640\" srcset=\"https:\/\/hoyre.no\/content\/uploads\/sites\/408\/2022\/09\/presskonf.jpg 960w, https:\/\/www.oslohoyre.no\/wp-content\/uploads\/2014\/06\/presskonf-300x200.jpg 300w, https:\/\/www.oslohoyre.no\/wp-content\/uploads\/2014\/06\/presskonf-768x512.jpg 768w\" sizes=\"auto, (max-width: 960px) 100vw, 960px\" \/><br \/><\/a><\/p><p>Alle gikk i helt vanlige kl\u00e6r. Det var en noks\u00e5 kj\u00f8lig maikveld med litt regn i luften og ingen var halvnakne.<\/p><blockquote><p>&#8211;\u00a0\u00a0\u00a0\u00a0\u00a0\u00a0 What did you think they would look like? Spurte Fadlabi journalistene gjentatte ganger.<\/p><\/blockquote><p>Han fikk ikke noe svar. Journalister og kritikere kunne ikke svare uten \u00e5 stille sine egne fordommer og forutinntatte holdninger til skue.<\/p><p>Kunstnere kom med tydelige spark til pressen, for at journalistene gikk flokk og siterte hverandre, brukte hverandre som kilder og ikke unders\u00f8ke ting ordentlig selv.<\/p><blockquote><p>&#8211;\u00a0\u00a0\u00a0\u00a0\u00a0\u00a0 You could just have visited our website. It is all there<\/p><\/blockquote><p><a href=\"http:\/\/www.europeanattractionlimited.com\/\">Her er nettsiden til prosjektet &#8211; se selv<\/a><\/p><h2><b><a href=\"https:\/\/www.oslohoyre.no\/wp-content\/uploads\/2014\/05\/Kongo-Jubileumsutstillingen_1914_OB.F08939d.jpg\"><img decoding=\"async\" loading=\"lazy\" title=\"Fra Kongolandsbyen slik det s\u00e5 ut under Jubileumsutstillingen i Frognerparken i 1914. Foto: Wikimedia Commons Fotograf: Ukjent \/ Oslo Museum\" src=\"https:\/\/www.oslohoyre.no\/wp-content\/uploads\/2014\/05\/Kongo-Jubileumsutstillingen_1914_OB.F08939d.jpg\" alt=\"Fra Kongolandsbyen slik det s\u00e5 ut under Jubileumsutstillingen i Frognerparken i 1914\" width=\"800\" height=\"504\" \/><\/a><\/b><\/h2><h2><b><a href=\"https:\/\/www.oslohoyre.no\/wp-content\/uploads\/2014\/05\/Jubileumsustillingen-Frogner_1914.jpeg.jpeg\"><img decoding=\"async\" loading=\"lazy\" title=\"Wikimedia Commons - Den offisielle utstillingsplakaten til jubileumsutstillingen p\u00e5 Frogner i Oslo 1914, laget av Brynjulf Larsson.\" src=\"https:\/\/www.oslohoyre.no\/wp-content\/uploads\/2014\/05\/Jubileumsustillingen-Frogner_1914.jpeg.jpeg\" alt=\"Plakat fra Norges jubileumsutstilling under 100 \u00e5rs markeringen for den norske grunnloven i 1914\" width=\"236\" height=\"359\" \/><\/a>Kollektiv glemsel<\/b><\/h2><p>Det er 200 \u00e5rs jubileet for den norske grunnloven som er anledningen. 100 \u00e5rs jubileet for v\u00e5r nasjonale forfatning ble i 1914 markert p\u00e5 samme sted med en gigantisk jubileumsutstilling. Utstillingen var en enorm suksess. 1.5 millioner mennesker bes\u00f8kte det som i dag er Vigelandsparken, hjertet i Frogner Bydel, for \u00e5 se utstillingen.<\/p><p>Dette var p\u00e5 en tid da det bare bodde 2 millioner mennesker i Norge! Folk kom i strie str\u00f8mmer til Frognerparken for se utstillingen som viste Norges utvikling fra bondesamfunn til et moderne industrisamfunn. De fikk dessuten se utstillinger av norsk kunst, idrett og friluftsliv. Det var en gigantisk feiring av Norge som en moderne og fri nasjon som ble arrangert fra 15. mai til 11. oktober 1914.<\/p><p>Den mest popul\u00e6re attraksjonen, med 1.2 millioner bes\u00f8kende, var Kongolandsbyen, et inngjerdet omr\u00e5de der rundt afrikanere levde p\u00e5 utstilling. Det var et \u00e5ttitalls mennesker, menn, kvinner og barn som bodde i landsbyen. I seks m\u00e5neder levde disse menneskene det skulle forgi \u00e5 v\u00e6re deres naturlige liv, i sine egne kl\u00e6r, med sin egen mat og egne redskaper mens 1.2 millioner mennesker studerte dem. Menneskene som befolket landsbyen ble sagt \u00e5 v\u00e6re fra Kongo, senere viste det seg at de var senegalesere.<\/p><p>Se video fra jubileumsutstillingen i Frognerparken 1914 &#8211; Eventyret p\u00e5 Frogner ble den kalt<\/p><p>Dette er en side ved grunnlovsjubileet i 1914 som n\u00e6rmest har g\u00e5tt i glemmeboken. Den er ikke noe den moderne nasjonen Norge med sitt fokus p\u00e5 menneskerettigheter og fredspriser er stolt av, og derfor er den fortiet og glemt, mener Fadlabi og Cuszner. Dette \u00f8nsket kunstnerne \u00e5 gj\u00f8re noe med.<\/p><h2><b>Kongo eller Senegal &#8211; er det s\u00e5 n\u00f8ye da?<\/b><\/h2><p>Det at senegalesere ble fremstilt som kongolesere er en av de tingene kunstnerne har reagert p\u00e5. En holdning som sier at Afrika er Afrika. De har \u00f8nsket \u00e5 sette fokus p\u00e5 rasismen som fantes 1914 og den rasismen som fortsatt finnes 100 \u00e5r etter.<\/p><blockquote><p>&#8211;\u00a0\u00a0\u00a0\u00a0\u00a0\u00a0 Vi har bedt om frivillige til \u00e5 befolke landsbyen p\u00e5 v\u00e5re nettsider, sier Cuzner. Vi har ikke skrevet noe om hudfarge. Vi kan bare gjette oss til den basert p\u00e5 navn og nasjonalitet. Folk fra hele verden har meldt seg.<\/p><p>&#8211;\u00a0\u00a0\u00a0\u00a0\u00a0\u00a0 Folk reagerte veldig da de trodde at det bare var svarte senegalesere eller kongolesere som skulle bo i landsbyen. Det er s\u00e5 rasistisk. Som om ikke senegalesere kan bestemme selv hva de vil v\u00e6re med p\u00e5. N\u00e5 som det viser seg at det er alle slags mennesker som er frivillige er det ingen kritikk, fortsetter Faldabi p\u00e5 engelsk.<\/p><\/blockquote><p>Faldabi snakker engelsk under hele pressekonferansen. P\u00e5 sp\u00f8rsm\u00e5l fra NRK om han kan svare p\u00e5 norsk nekter han.<\/p><blockquote><p>&#8211;\u00a0\u00a0\u00a0\u00a0\u00a0\u00a0 Hvorfor? Dere har vel oversettere?<\/p><\/blockquote><p>Stemningen i rommet er sm\u00e5amper.<\/p><p>Cuzner og Fadlabi er opptatt av den norske id\u00e9en om v\u00e5r egen godhet og den rasismen som ligger i at vi ser oss selv og v\u00e5r egen kultur som overlegen alle andre. N\u00e5r vi i \u00e5r feirer at Grunnlovens 200 \u00e5r mener de at vi ogs\u00e5 trenger \u00a0\u00e5 se p\u00e5 sider av norsk historie og kultur som ikke vakre og verdifulle.<\/p><p>&#8211;\u00a0\u00a0\u00a0\u00a0\u00a0\u00a0 Rasister og antirasister har p\u00e5 mange m\u00e5ter samme utgangspunkt, sier de<\/p><p>&#8211;\u00a0\u00a0\u00a0\u00a0\u00a0\u00a0 De bygger begge p\u00e5 en forestilling om overlegenhet. Det er ganske ironisk at vi har blitt angrepet og truet fra begge sider.<\/p><h2>En skikkelig titt p\u00e5 oss selv<\/h2>\n[framed_box width=&raquo;295px&raquo; align=&raquo;right&raquo;]\n<h2>Mennesker p\u00e5 utstilling<\/h2><p>S\u00e5kalte Human Zoos var ganske vanlig p\u00e5 slutten av 1800-tallet og frem til 1950-tallet. Disse skulle vise innf\u00f8dte i sin naturlige omgivelser.<\/p><p>Det er mange temmelig groteske eksempler. Blant annet ble\u00a0Ota Benga, fra Kongo stilt ut i Bronx Zoo sammen med forskjellige aper \u00a0i 1906.<\/p><p><a href=\"http:\/\/en.wikipedia.org\/wiki\/Human_zoo\">Les mer om utstillinger av mennesker<\/a><\/p>\n[\/framed_box]\n<p>Kongolandsbyen 2014 er et kunstprosjekt skapt like mye gjennom reaksjonene og debattene som gjennom oppsettingen av str\u00e5hyttene.<\/p><p>Kunstnerne \u00f8nsker at vi skal se oss selv godt i speilet og ikke v\u00e6re fullt s\u00e5 selvtilfredse og sikre p\u00e5 at vi ikke har temmelig rasistiske holdninger selv.<\/p><p>De har n\u00e6rmest satt opp en felle som mange har g\u00e5tt rett inn i med moralsk forargelse i blikket.\u00a0Da vi vandret rundt i landsbyen p\u00e5 jakt etter noen som s\u00e5 ut som frivillige, litt undertrykte kanskje, noe vi kunne kritisere, s\u00e5 fant vi ingen ting. Det var oss selv vi s\u00e5. Folk som oss.<\/p><p>Uten \u00e5 v\u00e6re kunstkritiker, vil jeg p\u00e5st\u00e5 at dette er et genialt kunstprosjekt. Jeg tror imidlertid ikke at vi har sett alt enn\u00e5. Kongolandsbyen skal st\u00e5 der ut august og kommer til \u00e5 f\u00e5 mye bes\u00f8k av alle slags folk fra hele verden som ser p\u00e5 hyttene og hverandre og debatten er ikke over.<\/p><p>Som en avslutning se gjerne videoen fra februar der Fadlabi og Cuzner sier at de har bestemt seg for \u00e5 avbl\u00e5se prosjektet p\u00e5 grunn av kritikken. Den forklarer en god del om hva de to kontroversielle kunstnerne tenker.<\/p><p>Og for all del ta deg flere turer til Kongolandsbyen i sommer og finn ut selv hva det egentlig er du ser der.<\/p><p>&nbsp;<\/p>\n<\/div>\n<div class=\"tags\">\n\t<\/div>\n<div class=\"post-footer alignfull has-background block-editor-block-list__block\" data-align=full>\n\t<div class=\"post-footer-inner\">\n\t\t<h3>Relaterte artikler<\/h3>\n\t\t<div class=\"related-content\"><div class=\"is-card-hoyre\">\n\t<div class=\"teft-card hoyre-teft-card post-teft-card\">\n\t\t<a href=\"https:\/\/hoyre.no\/oslo\/aktuelt\/mdg-moralismen-fornekter-seg-ikke\/\" class=\"teft-card__primary-action\">\n\n\t\t\t\t\t<div class=\"teft-card__media teft-card__media--16-9\">\n\t\t\t\t\t\t<img loading=\"lazy\" decoding=\"async\" width=\"768\" height=\"512\" src=\"https:\/\/hoyre.no\/content\/uploads\/sites\/408\/2024\/01\/QZQlxtOC-768x512.jpeg\" class=\"attachment-medium_large size-medium_large\" alt=\"Merete Agerbak-Jensen\" srcset=\"https:\/\/hoyre.no\/content\/uploads\/sites\/408\/2024\/01\/QZQlxtOC-768x512.jpeg 768w, https:\/\/hoyre.no\/content\/uploads\/sites\/408\/2024\/01\/QZQlxtOC-300x200.jpeg 300w, https:\/\/hoyre.no\/content\/uploads\/sites\/408\/2024\/01\/QZQlxtOC-1024x683.jpeg 1024w, https:\/\/hoyre.no\/content\/uploads\/sites\/408\/2024\/01\/QZQlxtOC-1536x1024.jpeg 1536w, https:\/\/hoyre.no\/content\/uploads\/sites\/408\/2024\/01\/QZQlxtOC-2048x1365.jpeg 2048w\" sizes=\"auto, (max-width: 768px) 100vw, 768px\" \/>\t\t<\/div>\n\t\t\n\t\t\t<div class=\"teft-card__content-wrapper\">\n\t\t\t\t<div class=\"teft-card__secondary\">\n\t\t\t\t\t\n\t\t\t\t\t\t\t\t<div class=\"teft-card__meta\">\n\t\t\t\t\t\t\t\t\t<span class=\"post-date\">23. apr 2026<\/span>\n\n\t\t\t\t\t\t\t\t\t\t\t\t\t\t\t\t\t<\/div>\n\t\t\t\t\t\t\t\t\t\t\t<\/div>\n\n\t\t\t\t<div class=\"teft-card__primary\">\n\t\t\t\t\t<h2 class=\"teft-card__title\">MDG-moralismen fornekter seg ikke&nbsp;<span class=\"teft-card__primary-title-append\"><\/span><\/h2>\t\t\t\t<\/div>\n\t\t\t<\/div>\n\t\t<\/a>\n\t<\/div>\n\n\t<\/div><div class=\"is-card-hoyre\">\n\t<div class=\"teft-card hoyre-teft-card post-teft-card\">\n\t\t<a href=\"https:\/\/hoyre.no\/oslo\/aktuelt\/raskere-og-enklere-a-bygge-boliger-og-skape-arbeidsplasser-i-oslo\/\" class=\"teft-card__primary-action\">\n\n\t\t\t\t\t<div class=\"teft-card__media teft-card__media--16-9\">\n\t\t\t\t\t\t<img loading=\"lazy\" decoding=\"async\" width=\"768\" height=\"576\" src=\"https:\/\/hoyre.no\/content\/uploads\/sites\/408\/2026\/04\/Eirik-Lae-Solberg-og-Anita-Leirvik-North-768x576.jpg\" class=\"attachment-medium_large size-medium_large\" alt=\"\" srcset=\"https:\/\/hoyre.no\/content\/uploads\/sites\/408\/2026\/04\/Eirik-Lae-Solberg-og-Anita-Leirvik-North-768x576.jpg 768w, https:\/\/hoyre.no\/content\/uploads\/sites\/408\/2026\/04\/Eirik-Lae-Solberg-og-Anita-Leirvik-North-300x225.jpg 300w, https:\/\/hoyre.no\/content\/uploads\/sites\/408\/2026\/04\/Eirik-Lae-Solberg-og-Anita-Leirvik-North.jpg 901w\" sizes=\"auto, (max-width: 768px) 100vw, 768px\" \/>\t\t<\/div>\n\t\t\n\t\t\t<div class=\"teft-card__content-wrapper\">\n\t\t\t\t<div class=\"teft-card__secondary\">\n\t\t\t\t\t\n\t\t\t\t\t\t\t\t<div class=\"teft-card__meta\">\n\t\t\t\t\t\t\t\t\t<span class=\"post-date\">14. apr 2026<\/span>\n\n\t\t\t\t\t\t\t\t\t<span class=\"post-category\">Har lagt frem ny KPA:<\/span>\t\t\t\t\t\t\t\t<\/div>\n\t\t\t\t\t\t\t\t\t\t\t<\/div>\n\n\t\t\t\t<div class=\"teft-card__primary\">\n\t\t\t\t\t<h2 class=\"teft-card__title\">Raskere og enklere \u00e5 bygge boliger og skape arbeidsplasser i Oslo&nbsp;<span class=\"teft-card__primary-title-append\"><\/span><\/h2>\t\t\t\t<\/div>\n\t\t\t<\/div>\n\t\t<\/a>\n\t<\/div>\n\n\t<\/div><div class=\"is-card-hoyre\">\n\t<div class=\"teft-card hoyre-teft-card post-teft-card\">\n\t\t<a href=\"https:\/\/hoyre.no\/oslo\/aktuelt\/bedre-elevresultater-og-en-skoleokonomi-i-balanse-med-blagront-byrad\/\" class=\"teft-card__primary-action\">\n\n\t\t\t\t\t<div class=\"teft-card__media teft-card__media--16-9\">\n\t\t\t\t\t\t<img loading=\"lazy\" decoding=\"async\" width=\"768\" height=\"512\" src=\"https:\/\/hoyre.no\/content\/uploads\/sites\/408\/2025\/05\/IMG_6440-768x512.jpeg\" class=\"attachment-medium_large size-medium_large\" alt=\"Julie Remen Midtgarden\" srcset=\"https:\/\/hoyre.no\/content\/uploads\/sites\/408\/2025\/05\/IMG_6440-768x512.jpeg 768w, https:\/\/hoyre.no\/content\/uploads\/sites\/408\/2025\/05\/IMG_6440-300x200.jpeg 300w, https:\/\/hoyre.no\/content\/uploads\/sites\/408\/2025\/05\/IMG_6440-1024x683.jpeg 1024w, https:\/\/hoyre.no\/content\/uploads\/sites\/408\/2025\/05\/IMG_6440-1536x1024.jpeg 1536w, https:\/\/hoyre.no\/content\/uploads\/sites\/408\/2025\/05\/IMG_6440-2048x1365.jpeg 2048w\" sizes=\"auto, (max-width: 768px) 100vw, 768px\" \/>\t\t<\/div>\n\t\t\n\t\t\t<div class=\"teft-card__content-wrapper\">\n\t\t\t\t<div class=\"teft-card__secondary\">\n\t\t\t\t\t\n\t\t\t\t\t\t\t\t<div class=\"teft-card__meta\">\n\t\t\t\t\t\t\t\t\t<span class=\"post-date\">26. mar 2026<\/span>\n\n\t\t\t\t\t\t\t\t\t\t\t\t\t\t\t\t\t<\/div>\n\t\t\t\t\t\t\t\t\t\t\t<\/div>\n\n\t\t\t\t<div class=\"teft-card__primary\">\n\t\t\t\t\t<h2 class=\"teft-card__title\">Bedre elevresultater og en skole\u00f8konomi i balanse med bl\u00e5gr\u00f8nt byr\u00e5d&nbsp;<span class=\"teft-card__primary-title-append\"><\/span><\/h2>\t\t\t\t<\/div>\n\t\t\t<\/div>\n\t\t<\/a>\n\t<\/div>\n\n\t<\/div><\/div>\t<\/div>\n<\/div>\n","protected":false},"excerpt":{"rendered":"","protected":false},"author":0,"featured_media":1638,"comment_status":"closed","ping_status":"closed","sticky":false,"template":"","format":"standard","meta":{"teft_cards_image_url":"","teft_cards_custom_pretitle":"","teft_cards_image_id":1638,"teft_cards_image_focal_point_x":0,"teft_cards_image_focal_point_y":0,"teft_cards_title":"","teft_cards_excerpt":"","teft_show_chapters":false,"author_display_name":"Oslo H\u00f8yre","footnotes":""},"category":[1],"post_tag":[],"hoyre-visibility":[],"article-type":[],"politician":[],"class_list":["post-1637","post","type-post","status-publish","format-standard","hentry","category-nyheter"],"yoast_head":"<!-- This site is optimized with the Yoast SEO Premium plugin v26.5 (Yoast SEO v26.6) - https:\/\/yoast.com\/wordpress\/plugins\/seo\/ -->\n<title>Den kontroversielle Kongolandsbyen 100 \u00e5r etter! - Oslo H\u00f8yre<\/title>\n<meta name=\"robots\" content=\"index, follow, max-snippet:-1, max-image-preview:large, max-video-preview:-1\" \/>\n<link rel=\"canonical\" href=\"https:\/\/hoyre.no\/oslo\/aktuelt\/kongolandsbyen-er-apnet\/\" \/>\n<meta property=\"og:locale\" content=\"nb_NO\" \/>\n<meta property=\"og:type\" content=\"article\" \/>\n<meta property=\"og:title\" content=\"Den kontroversielle Kongolandsbyen 100 \u00e5r etter!\" \/>\n<meta property=\"og:url\" content=\"https:\/\/hoyre.no\/oslo\/aktuelt\/kongolandsbyen-er-apnet\/\" \/>\n<meta property=\"og:site_name\" content=\"Oslo H\u00f8yre\" \/>\n<meta property=\"article:publisher\" content=\"https:\/\/www.facebook.com\/oslo.hoyre\" \/>\n<meta property=\"article:published_time\" content=\"2014-06-18T22:15:12+00:00\" \/>\n<meta property=\"article:modified_time\" content=\"2022-09-26T13:06:14+00:00\" \/>\n<meta property=\"og:image\" content=\"https:\/\/hoyre.no\/content\/uploads\/sites\/408\/2022\/09\/MVI_6024.jpg\" \/>\n\t<meta property=\"og:image:width\" content=\"960\" \/>\n\t<meta property=\"og:image:height\" content=\"540\" \/>\n\t<meta property=\"og:image:type\" content=\"image\/jpeg\" \/>\n<meta name=\"twitter:card\" content=\"summary_large_image\" \/>\n<meta name=\"twitter:label1\" content=\"Ansl. lesetid\" \/>\n\t<meta name=\"twitter:data1\" content=\"8 minutter\" \/>\n<script type=\"application\/ld+json\" class=\"yoast-schema-graph\">{\"@context\":\"https:\/\/schema.org\",\"@graph\":[{\"@type\":\"Article\",\"@id\":\"https:\/\/hoyre.no\/oslo\/aktuelt\/kongolandsbyen-er-apnet\/#article\",\"isPartOf\":{\"@id\":\"https:\/\/hoyre.no\/oslo\/aktuelt\/kongolandsbyen-er-apnet\/\"},\"author\":{\"name\":\"\",\"@id\":\"\"},\"headline\":\"Den kontroversielle Kongolandsbyen 100 \u00e5r etter!\",\"datePublished\":\"2014-06-18T22:15:12+00:00\",\"dateModified\":\"2022-09-26T13:06:14+00:00\",\"mainEntityOfPage\":{\"@id\":\"https:\/\/hoyre.no\/oslo\/aktuelt\/kongolandsbyen-er-apnet\/\"},\"wordCount\":1601,\"publisher\":{\"@id\":\"https:\/\/hoyre.no\/oslo\/#organization\"},\"image\":{\"@id\":\"https:\/\/hoyre.no\/oslo\/aktuelt\/kongolandsbyen-er-apnet\/#primaryimage\"},\"thumbnailUrl\":\"https:\/\/hoyre.no\/content\/uploads\/sites\/408\/2022\/09\/MVI_6024.jpg\",\"articleSection\":[\"Nyheter\"],\"inLanguage\":\"nb-NO\"},{\"@type\":\"NewsArticle\",\"@id\":\"https:\/\/hoyre.no\/oslo\/aktuelt\/kongolandsbyen-er-apnet\/\",\"url\":\"https:\/\/hoyre.no\/oslo\/aktuelt\/kongolandsbyen-er-apnet\/\",\"name\":\"Den kontroversielle Kongolandsbyen 100 \u00e5r etter! - Oslo H\u00f8yre\",\"isPartOf\":{\"@id\":\"https:\/\/hoyre.no\/oslo\/#website\"},\"image\":{\"@id\":\"https:\/\/hoyre.no\/oslo\/aktuelt\/kongolandsbyen-er-apnet\/#primaryimage\"},\"thumbnailUrl\":\"https:\/\/hoyre.no\/content\/uploads\/sites\/408\/2022\/09\/MVI_6024.jpg\",\"datePublished\":\"2014-06-18T22:15:12+00:00\",\"dateModified\":\"2022-09-26T13:06:14+00:00\",\"breadcrumb\":{\"@id\":\"https:\/\/hoyre.no\/oslo\/aktuelt\/kongolandsbyen-er-apnet\/#breadcrumb\"},\"inLanguage\":\"nb-NO\",\"potentialAction\":[{\"@type\":\"ReadAction\",\"target\":[\"https:\/\/hoyre.no\/oslo\/aktuelt\/kongolandsbyen-er-apnet\/\"]}]},{\"@type\":\"ImageObject\",\"inLanguage\":\"nb-NO\",\"@id\":\"https:\/\/hoyre.no\/oslo\/aktuelt\/kongolandsbyen-er-apnet\/#primaryimage\",\"url\":\"https:\/\/hoyre.no\/content\/uploads\/sites\/408\/2022\/09\/MVI_6024.jpg\",\"contentUrl\":\"https:\/\/hoyre.no\/content\/uploads\/sites\/408\/2022\/09\/MVI_6024.jpg\",\"width\":960,\"height\":540},{\"@type\":\"BreadcrumbList\",\"@id\":\"https:\/\/hoyre.no\/oslo\/aktuelt\/kongolandsbyen-er-apnet\/#breadcrumb\",\"itemListElement\":[{\"@type\":\"ListItem\",\"position\":1,\"name\":\"Til hoyre.no\",\"item\":\"https:\/\/hoyre.no\"},{\"@type\":\"ListItem\",\"position\":2,\"name\":\"Hjem\",\"item\":\"https:\/\/hoyre.no\/oslo\/\"},{\"@type\":\"ListItem\",\"position\":3,\"name\":\"Den kontroversielle Kongolandsbyen 100 \u00e5r etter!\"}]},{\"@type\":\"WebSite\",\"@id\":\"https:\/\/hoyre.no\/oslo\/#website\",\"url\":\"https:\/\/hoyre.no\/oslo\/\",\"name\":\"Oslo H\u00f8yre\",\"description\":\"\",\"publisher\":{\"@id\":\"https:\/\/hoyre.no\/oslo\/#organization\"},\"inLanguage\":\"nb-NO\"},{\"@type\":\"Organization\",\"@id\":\"https:\/\/hoyre.no\/oslo\/#organization\",\"name\":\"Oslo H\u00f8yre\",\"url\":\"https:\/\/hoyre.no\/oslo\/\",\"logo\":{\"@type\":\"ImageObject\",\"inLanguage\":\"nb-NO\",\"@id\":\"https:\/\/hoyre.no\/oslo\/#\/schema\/logo\/image\/\",\"url\":\"https:\/\/hoyre.no\/content\/uploads\/sites\/408\/2022\/11\/Hoyres-logo.png\",\"contentUrl\":\"https:\/\/hoyre.no\/content\/uploads\/sites\/408\/2022\/11\/Hoyres-logo.png\",\"width\":1000,\"height\":1000,\"caption\":\"Oslo H\u00f8yre\"},\"image\":{\"@id\":\"https:\/\/hoyre.no\/oslo\/#\/schema\/logo\/image\/\"},\"sameAs\":[\"https:\/\/www.facebook.com\/oslo.hoyre\"]}]}<\/script>\n<!-- \/ Yoast SEO Premium plugin. -->","yoast_head_json":{"title":"Den kontroversielle Kongolandsbyen 100 \u00e5r etter! - Oslo H\u00f8yre","robots":{"index":"index","follow":"follow","max-snippet":"max-snippet:-1","max-image-preview":"max-image-preview:large","max-video-preview":"max-video-preview:-1"},"canonical":"https:\/\/hoyre.no\/oslo\/aktuelt\/kongolandsbyen-er-apnet\/","og_locale":"nb_NO","og_type":"article","og_title":"Den kontroversielle Kongolandsbyen 100 \u00e5r etter!","og_url":"https:\/\/hoyre.no\/oslo\/aktuelt\/kongolandsbyen-er-apnet\/","og_site_name":"Oslo H\u00f8yre","article_publisher":"https:\/\/www.facebook.com\/oslo.hoyre","article_published_time":"2014-06-18T22:15:12+00:00","article_modified_time":"2022-09-26T13:06:14+00:00","og_image":[{"width":960,"height":540,"url":"https:\/\/hoyre.no\/content\/uploads\/sites\/408\/2022\/09\/MVI_6024.jpg","type":"image\/jpeg"}],"twitter_card":"summary_large_image","twitter_misc":{"Ansl. lesetid":"8 minutter"},"schema":{"@context":"https:\/\/schema.org","@graph":[{"@type":"Article","@id":"https:\/\/hoyre.no\/oslo\/aktuelt\/kongolandsbyen-er-apnet\/#article","isPartOf":{"@id":"https:\/\/hoyre.no\/oslo\/aktuelt\/kongolandsbyen-er-apnet\/"},"author":{"name":"","@id":""},"headline":"Den kontroversielle Kongolandsbyen 100 \u00e5r etter!","datePublished":"2014-06-18T22:15:12+00:00","dateModified":"2022-09-26T13:06:14+00:00","mainEntityOfPage":{"@id":"https:\/\/hoyre.no\/oslo\/aktuelt\/kongolandsbyen-er-apnet\/"},"wordCount":1601,"publisher":{"@id":"https:\/\/hoyre.no\/oslo\/#organization"},"image":{"@id":"https:\/\/hoyre.no\/oslo\/aktuelt\/kongolandsbyen-er-apnet\/#primaryimage"},"thumbnailUrl":"https:\/\/hoyre.no\/content\/uploads\/sites\/408\/2022\/09\/MVI_6024.jpg","articleSection":["Nyheter"],"inLanguage":"nb-NO"},{"@type":"NewsArticle","@id":"https:\/\/hoyre.no\/oslo\/aktuelt\/kongolandsbyen-er-apnet\/","url":"https:\/\/hoyre.no\/oslo\/aktuelt\/kongolandsbyen-er-apnet\/","name":"Den kontroversielle Kongolandsbyen 100 \u00e5r etter! - Oslo H\u00f8yre","isPartOf":{"@id":"https:\/\/hoyre.no\/oslo\/#website"},"image":{"@id":"https:\/\/hoyre.no\/oslo\/aktuelt\/kongolandsbyen-er-apnet\/#primaryimage"},"thumbnailUrl":"https:\/\/hoyre.no\/content\/uploads\/sites\/408\/2022\/09\/MVI_6024.jpg","datePublished":"2014-06-18T22:15:12+00:00","dateModified":"2022-09-26T13:06:14+00:00","breadcrumb":{"@id":"https:\/\/hoyre.no\/oslo\/aktuelt\/kongolandsbyen-er-apnet\/#breadcrumb"},"inLanguage":"nb-NO","potentialAction":[{"@type":"ReadAction","target":["https:\/\/hoyre.no\/oslo\/aktuelt\/kongolandsbyen-er-apnet\/"]}]},{"@type":"ImageObject","inLanguage":"nb-NO","@id":"https:\/\/hoyre.no\/oslo\/aktuelt\/kongolandsbyen-er-apnet\/#primaryimage","url":"https:\/\/hoyre.no\/content\/uploads\/sites\/408\/2022\/09\/MVI_6024.jpg","contentUrl":"https:\/\/hoyre.no\/content\/uploads\/sites\/408\/2022\/09\/MVI_6024.jpg","width":960,"height":540},{"@type":"BreadcrumbList","@id":"https:\/\/hoyre.no\/oslo\/aktuelt\/kongolandsbyen-er-apnet\/#breadcrumb","itemListElement":[{"@type":"ListItem","position":1,"name":"Til hoyre.no","item":"https:\/\/hoyre.no"},{"@type":"ListItem","position":2,"name":"Hjem","item":"https:\/\/hoyre.no\/oslo\/"},{"@type":"ListItem","position":3,"name":"Den kontroversielle Kongolandsbyen 100 \u00e5r etter!"}]},{"@type":"WebSite","@id":"https:\/\/hoyre.no\/oslo\/#website","url":"https:\/\/hoyre.no\/oslo\/","name":"Oslo H\u00f8yre","description":"","publisher":{"@id":"https:\/\/hoyre.no\/oslo\/#organization"},"inLanguage":"nb-NO"},{"@type":"Organization","@id":"https:\/\/hoyre.no\/oslo\/#organization","name":"Oslo H\u00f8yre","url":"https:\/\/hoyre.no\/oslo\/","logo":{"@type":"ImageObject","inLanguage":"nb-NO","@id":"https:\/\/hoyre.no\/oslo\/#\/schema\/logo\/image\/","url":"https:\/\/hoyre.no\/content\/uploads\/sites\/408\/2022\/11\/Hoyres-logo.png","contentUrl":"https:\/\/hoyre.no\/content\/uploads\/sites\/408\/2022\/11\/Hoyres-logo.png","width":1000,"height":1000,"caption":"Oslo H\u00f8yre"},"image":{"@id":"https:\/\/hoyre.no\/oslo\/#\/schema\/logo\/image\/"},"sameAs":["https:\/\/www.facebook.com\/oslo.hoyre"]}]}},"distributor_meta":false,"distributor_terms":false,"distributor_media":false,"distributor_original_site_name":"Oslo H\u00f8yre","distributor_original_site_url":"https:\/\/hoyre.no\/oslo","push-errors":false,"_links":{"self":[{"href":"https:\/\/hoyre.no\/oslo\/wp-json\/wp\/v2\/posts\/1637","targetHints":{"allow":["GET"]}}],"collection":[{"href":"https:\/\/hoyre.no\/oslo\/wp-json\/wp\/v2\/posts"}],"about":[{"href":"https:\/\/hoyre.no\/oslo\/wp-json\/wp\/v2\/types\/post"}],"replies":[{"embeddable":true,"href":"https:\/\/hoyre.no\/oslo\/wp-json\/wp\/v2\/comments?post=1637"}],"version-history":[{"count":1,"href":"https:\/\/hoyre.no\/oslo\/wp-json\/wp\/v2\/posts\/1637\/revisions"}],"predecessor-version":[{"id":2839,"href":"https:\/\/hoyre.no\/oslo\/wp-json\/wp\/v2\/posts\/1637\/revisions\/2839"}],"wp:featuredmedia":[{"embeddable":true,"href":"https:\/\/hoyre.no\/oslo\/wp-json\/wp\/v2\/media\/1638"}],"wp:attachment":[{"href":"https:\/\/hoyre.no\/oslo\/wp-json\/wp\/v2\/media?parent=1637"}],"wp:term":[{"taxonomy":"category","embeddable":true,"href":"https:\/\/hoyre.no\/oslo\/wp-json\/wp\/v2\/category?post=1637"},{"taxonomy":"post_tag","embeddable":true,"href":"https:\/\/hoyre.no\/oslo\/wp-json\/wp\/v2\/post_tag?post=1637"},{"taxonomy":"hoyre-visibility","embeddable":true,"href":"https:\/\/hoyre.no\/oslo\/wp-json\/wp\/v2\/hoyre-visibility?post=1637"},{"taxonomy":"article-type","embeddable":true,"href":"https:\/\/hoyre.no\/oslo\/wp-json\/wp\/v2\/article-type?post=1637"},{"taxonomy":"politician","embeddable":true,"href":"https:\/\/hoyre.no\/oslo\/wp-json\/wp\/v2\/politician?post=1637"}],"curies":[{"name":"wp","href":"https:\/\/api.w.org\/{rel}","templated":true}]}}